{"id":4275,"date":"2018-07-24T17:18:25","date_gmt":"2018-07-24T15:18:25","guid":{"rendered":"https:\/\/www.welovecycling.com\/sk\/?p=4275"},"modified":"2018-07-27T17:53:06","modified_gmt":"2018-07-27T15:53:06","slug":"neutralna-podpora-mavic","status":"publish","type":"post","link":"https:\/\/www.welovecycling.com\/sk\/2018\/07\/24\/neutralna-podpora-mavic\/","title":{"rendered":"Neutr\u00e1lna podpora Mavic na Tour de France"},"content":{"rendered":"<p><strong>Na Tour de France v\u00a0roku 2010 za\u017eil Jens Voigt nepr\u00edjemnos\u0165, o\u00a0ak\u00fa nestoj\u00ed nijak\u00fd pretek\u00e1r. R\u00e1m bicykla sa mu zlomil ako such\u00fd kon\u00e1r a prehadzova\u010d sa ohol.\u00a0Vodi\u010d sprievodn\u00e9ho vozidla sa ho dokonca sp\u00fdtal, \u010di nechce zviez\u0165. Voigtovi ve\u013ea nech\u00fdbalo a\u00a0bol by to vzdal.<\/strong><\/p>\n<p><!--more--><\/p>\n<p>Po\u017eiadal o\u00a0nov\u00fd bicykel, nane\u0161\u0165astie, obe aut\u00e1 jeho t\u00edmu nasledovali l\u00eddra pretekov. N\u00e1dej na v\u00fdmenu pomaly mizla, vtom sa v\u0161ak objavila \u017elt\u00e1 \u0160koda SUPERB \u2013 neutr\u00e1lne vozidlo firmy Mavic, ktor\u00e1 mu poskytla jeden zo svojich ikonick\u00fdch \u017elt\u00fdch bicyklov. Voigt tak mohol dokon\u010di\u0165 etapu.<\/p>\n<lite-youtube videoid=Ei9RdnVbEzE params=\"enablejsapi=1\" style=\"background-image: url('https:\/\/i.ytimg.com\/vi_webp\/Ei9RdnVbEzE\/maxresdefault.webp');\"><\/lite-youtube>\n<p>We Love Cycling sa pozhov\u00e1rali s\u00a0Jacquom Corteggianim z\u00a0firmy Mavic o\u00a0tom, ako pom\u00e1haj\u00fa cyklistom po\u010das pretekov&#8230;<\/p>\n<h2><strong>Na ve\u013ekosti z\u00e1le\u017e\u00ed<\/strong><\/h2>\n<p>Jens \u201eShut Up Legs\u201c Viogt je vtipn\u00fd chlap\u00edk a\u00a0m\u00e9diami preletel jeho \u017eart o\u00a0tom, ako dokon\u010dil etapu na \u201edetskom bicykli\u201c. V\u00a0skuto\u010dnosti v\u0161ak Mavic pon\u00faka \u010do naj\u0161ir\u0161iu \u0161k\u00e1lu bicyklov, aby vyhoveli \u010do najv\u00e4\u010d\u0161iemu po\u010dtu pretek\u00e1rov. Ve\u010f napr\u00edklad Dumoulin meria okolo 160 cm, zatia\u013e \u010do Voigt je asi o\u00a030 cm vy\u0161\u0161\u00ed.<\/p>\n<p>Jacques n\u00e1s informuje, \u017ee okrem r\u00f4znych ve\u013ekost\u00ed r\u00e1mov pon\u00faka Mavic aj sedlovku, ktor\u00e1 vyu\u017e\u00edva \u201erovnak\u00fd syst\u00e9m teleskopick\u00e9ho sedadla ako horsk\u00fd bicykel\u201c. Mavic je jednoducho praktick\u00fd a\u00a0pou\u017eitie teleskopickej sedlovky aj na cestn\u00fdch bicykloch d\u00e1va dokonal\u00fd zmysel.<\/p>\n<h2><strong>Spr\u00e1vna v\u00fdbava<\/strong><\/h2>\n<p>Pod\u013ea Jacqua s\u00fa aut\u00e1 Mavic pre pretek\u00e1rov \u201enajd\u00f4le\u017eitej\u0161ie na \u00fasekoch prech\u00e1dzaj\u00facich po tzv. ma\u010dac\u00edch hlav\u00e1ch a\u00a0vo vrch\u00e1rskych etap\u00e1ch\u201c. V\u00a0t\u00fdchto oblastiach sa toti\u017e m\u00f4\u017ee pelot\u00f3n rozdeli\u0165 a\u00a0t\u00edmy \u010dak\u00e1 \u0165a\u017ek\u00e9 rozhodovanie o\u00a0tom, ktor\u00ed z\u00a0ich pretek\u00e1rov najviac potrebuj\u00fa podporu ich \u00e1ut.<\/p>\n<figure id=\"attachment_4277\" aria-describedby=\"caption-attachment-4277\" style=\"width: 1250px\" class=\"wp-caption alignnone\"><a href=\"https:\/\/d2p6e6u75xmxt8.cloudfront.net\/4\/2018\/07\/profimedia-0294076251.jpg\"><img loading=\"lazy\" decoding=\"async\" class=\"size-full wp-image-4277\" src=\"https:\/\/d2p6e6u75xmxt8.cloudfront.net\/4\/2018\/07\/profimedia-0294076251.jpg\" alt=\"\" width=\"1250\" height=\"833\" \/><\/a><figcaption id=\"caption-attachment-4277\" class=\"wp-caption-text\">Chris Froome po\u010das 12. etapy Tour de France 2016 vyu\u017e\u00edva neutr\u00e1lnu pomoc Mavic.<\/figcaption><\/figure>\n<p>Mavic disponuje celou \u0161k\u00e1lou s\u00faprav pre bicykle r\u00f4znych zna\u010diek od Campagnolo po Shimano a\u00a0Red. Musia zabezpe\u010di\u0165 r\u00f4zne n\u00e1boje kolies vr\u00e1tane kot\u00fa\u010dov\u00fdch b\u0155zd. Ka\u017ed\u00e1 \u0160koda SUPERB je vybaven\u00e1 narad\u00edm zna\u010dky Park Tool a\u00a0Mavic pon\u00faka \u201eprilby r\u00f4znych ve\u013ekost\u00ed pre lek\u00e1rsky t\u00edm\u201c v\u00a0pr\u00edpade, \u017ee by si cyklisti zni\u010dili svoju.<\/p>\n<h2><strong>Poriadny n\u00e1klad<\/strong><\/h2>\n<p>Ka\u017ed\u00e9 auto Mavic vezie 6 bicyklov, ka\u017ed\u00fd \u201einej ve\u013ekosti a s\u00a0rozdielnymi ped\u00e1lmi\u201c, opisuje Jacques. Mechanik sediaci vzadu dok\u00e1\u017ee ped\u00e1le r\u00fdchlo vymeni\u0165. Tieto bicykle, ktor\u00e9 zvy\u010dajne predt\u00fdm pou\u017e\u00edvali profesion\u00e1lni cyklisti, s\u00fa r\u00f4znych zna\u010diek a\u00a0nafarben\u00e9 na\u017elto.<\/p>\n<p>Dve aut\u00e1 Mavic jazdia pred pelot\u00f3nom a jedno auto sa dr\u017e\u00ed bl\u00edzko riadite\u013ea pretekov. To vezie tri bicykle pre troch najlep\u0161\u00edch pretek\u00e1rov v\u00a0celkovej klasifik\u00e1cii \u2013 pripraven\u00e9 pre cyklistov typu Frooma,\u00a0Nibaliho&#8230;<\/p>\n<h2><strong>Pomoc v\u00a0pravej chv\u00edli<\/strong><\/h2>\n<p>Na Tour de France v roku 2017 sa Rigobertovi Uranovi darilo a\u017e do okamihu, ke\u010f ho zabrzdila nehoda Richieho Porta pri klesan\u00ed z Mont du Chat, pri ktorej si zni\u010dil prehadzova\u010d a zostal mu jedin\u00fd prevod. Nach\u00e1dzal sa v \u00faniku a aut\u00e1 jeho t\u00edmu boli v nedoh\u013eadne. Jacques prezr\u00e1dza, \u017ee vtedy si Uran po\u010dkal na vozidlo Mavic.<\/p>\n<p><iframe loading=\"lazy\" src=\"\/\/players.brightcove.net\/4358179179001\/HJreM6wzf_default\/index.html?videoId=5498814726001\" width=\"750\" height=\"450\" frameborder=\"0\" allowfullscreen=\"allowfullscreen\"><span data-mce-type=\"bookmark\" style=\"display: inline-block; width: 0px; overflow: hidden; line-height: 0;\" class=\"mce_SELRES_start\">\ufeff<\/span><\/iframe><\/p>\n<p>Pribl\u00ed\u017eil sa k Superbu a technik Mavicu sa vyklonil z okna, aby mu nastavil prehadzova\u010d. Presunul re\u0165az na ozuben\u00e9 koleso s 11 zubmi a tak z\u00edskal Uran dva prevody \u2013 \u0165a\u017ek\u00fd 53\/11 a stredn\u00fd 39\/11. Sta\u010dili mu na to, aby sa nielen\u017ee udr\u017eal v pretekoch, ale dokonca predbehol Frooma a v z\u00e1vere\u010dnom \u0161purte porazil Barguila a Fugslanga.<\/p>\n<p>Neutr\u00e1lne vozidl\u00e1 Mavic s\u00fa pre pretek\u00e1rov ve\u013emi d\u00f4le\u017eit\u00e9, zd\u00e1 sa v\u0161ak, \u017ee e\u0161te d\u00f4le\u017eitej\u0161ie s\u00fa pre n\u00e1s fan\u00fa\u0161ikov tohto \u0161portu.<\/p>\n","protected":false},"excerpt":{"rendered":"<p>Na Tour de France v\u00a0roku 2010 za\u017eil Jens Voigt nepr\u00edjemnos\u0165, o\u00a0ak\u00fa nestoj\u00ed nijak\u00fd pretek\u00e1r. R\u00e1m bicykla sa mu zlomil ako [&hellip;]<\/p>\n","protected":false},"author":38,"featured_media":4279,"comment_status":"open","ping_status":"open","sticky":false,"template":"","format":"standard","meta":{"footnotes":""},"categories":[57,4,63,117],"tags":[119,513,510,126,188,20,308],"global-categories":[],"class_list":["post-4275","post","type-post","status-publish","format-standard","has-post-thumbnail","hentry","category-bezpecnost","category-cestna-cyklisitika","category-grand-tour","category-tour-de-france","tag-chris-froome","tag-jens-voigt","tag-mavic","tag-neutralne-servisne-vozidla","tag-rigoberto-uran","tag-tour-de-france","tag-tour-de-france-2018"],"yoast_head":"<!-- This site is optimized with the Yoast SEO Premium plugin v25.3 (Yoast SEO v25.9) - https:\/\/yoast.com\/wordpress\/plugins\/seo\/ -->\n<title>Neutr\u00e1lna podpora Mavic na Tour de France - \u0160koda We Love Cycling Slovensko<\/title>\n<meta name=\"robots\" content=\"index, follow, max-snippet:-1, max-image-preview:large, max-video-preview:-1\" \/>\n<link rel=\"canonical\" href=\"https:\/\/www.welovecycling.com\/sk\/2018\/07\/24\/neutralna-podpora-mavic\/\" \/>\n<meta property=\"og:locale\" content=\"sk_SK\" \/>\n<meta property=\"og:type\" content=\"article\" \/>\n<meta property=\"og:title\" content=\"Neutr\u00e1lna podpora Mavic na Tour de France\" \/>\n<meta property=\"og:description\" content=\"Na Tour de France v\u00a0roku 2010 za\u017eil Jens Voigt nepr\u00edjemnos\u0165, o\u00a0ak\u00fa nestoj\u00ed nijak\u00fd pretek\u00e1r. R\u00e1m bicykla sa mu zlomil ako [&hellip;]\" \/>\n<meta property=\"og:url\" content=\"https:\/\/www.welovecycling.com\/sk\/2018\/07\/24\/neutralna-podpora-mavic\/\" \/>\n<meta property=\"og:site_name\" content=\"\u0160koda We Love Cycling Slovensko\" \/>\n<meta property=\"article:published_time\" content=\"2018-07-24T15:18:25+00:00\" \/>\n<meta property=\"article:modified_time\" content=\"2018-07-27T15:53:06+00:00\" \/>\n<meta property=\"og:image\" content=\"https:\/\/d2p6e6u75xmxt8.cloudfront.net\/4\/2018\/07\/mavic_cover.webp\" \/>\n\t<meta property=\"og:image:width\" content=\"1500\" \/>\n\t<meta property=\"og:image:height\" content=\"659\" \/>\n\t<meta property=\"og:image:type\" content=\"image\/webp\" \/>\n<meta name=\"author\" content=\"Ondrej Ga\u0161par\" \/>\n<meta name=\"twitter:card\" content=\"summary_large_image\" \/>\n<meta name=\"twitter:label1\" content=\"Written by\" \/>\n\t<meta name=\"twitter:data1\" content=\"Christopher Ashley\" \/>\n\t<meta name=\"twitter:label2\" content=\"Est. reading time\" \/>\n\t<meta name=\"twitter:data2\" content=\"6\" \/>\n<script type=\"application\/ld+json\" class=\"yoast-schema-graph\">{\"@context\":\"https:\/\/schema.org\",\"@graph\":[{\"@type\":\"WebPage\",\"@id\":\"https:\/\/www.welovecycling.com\/sk\/2018\/07\/24\/neutralna-podpora-mavic\/\",\"url\":\"https:\/\/www.welovecycling.com\/sk\/2018\/07\/24\/neutralna-podpora-mavic\/\",\"name\":\"Neutr\u00e1lna podpora Mavic na Tour de France - \u0160koda We Love Cycling Slovensko\",\"isPartOf\":{\"@id\":\"https:\/\/www.welovecycling.com\/sk\/#website\"},\"primaryImageOfPage\":{\"@id\":\"https:\/\/www.welovecycling.com\/sk\/2018\/07\/24\/neutralna-podpora-mavic\/#primaryimage\"},\"image\":{\"@id\":\"https:\/\/www.welovecycling.com\/sk\/2018\/07\/24\/neutralna-podpora-mavic\/#primaryimage\"},\"thumbnailUrl\":\"https:\/\/d2p6e6u75xmxt8.cloudfront.net\/4\/2018\/07\/mavic_cover.webp\",\"datePublished\":\"2018-07-24T15:18:25+00:00\",\"dateModified\":\"2018-07-27T15:53:06+00:00\",\"author\":{\"@id\":\"https:\/\/www.welovecycling.com\/sk\/#\/schema\/person\/8ee09ba39b7e25b1870160aa5b3a89bc\"},\"breadcrumb\":{\"@id\":\"https:\/\/www.welovecycling.com\/sk\/2018\/07\/24\/neutralna-podpora-mavic\/#breadcrumb\"},\"inLanguage\":\"sk-SK\",\"potentialAction\":[{\"@type\":\"ReadAction\",\"target\":[\"https:\/\/www.welovecycling.com\/sk\/2018\/07\/24\/neutralna-podpora-mavic\/\"]}]},{\"@type\":\"ImageObject\",\"inLanguage\":\"sk-SK\",\"@id\":\"https:\/\/www.welovecycling.com\/sk\/2018\/07\/24\/neutralna-podpora-mavic\/#primaryimage\",\"url\":\"https:\/\/d2p6e6u75xmxt8.cloudfront.net\/4\/2018\/07\/mavic_cover.webp\",\"contentUrl\":\"https:\/\/d2p6e6u75xmxt8.cloudfront.net\/4\/2018\/07\/mavic_cover.webp\",\"width\":1500,\"height\":659},{\"@type\":\"BreadcrumbList\",\"@id\":\"https:\/\/www.welovecycling.com\/sk\/2018\/07\/24\/neutralna-podpora-mavic\/#breadcrumb\",\"itemListElement\":[{\"@type\":\"ListItem\",\"position\":1,\"name\":\"Home\",\"item\":\"https:\/\/www.welovecycling.com\/sk\/\"},{\"@type\":\"ListItem\",\"position\":2,\"name\":\"Neutr\u00e1lna podpora Mavic na Tour de France\"}]},{\"@type\":\"WebSite\",\"@id\":\"https:\/\/www.welovecycling.com\/sk\/#website\",\"url\":\"https:\/\/www.welovecycling.com\/sk\/\",\"name\":\"\u0160koda We Love Cycling Slovensko\",\"description\":\"\u0160koda We Love Cycling Slovensko je v\u00e1\u0161 ka\u017edodenn\u00fd zdroj noviniek a in\u0161pir\u00e1cie z sveta cyklistiky\",\"potentialAction\":[{\"@type\":\"SearchAction\",\"target\":{\"@type\":\"EntryPoint\",\"urlTemplate\":\"https:\/\/www.welovecycling.com\/sk\/?s={search_term_string}\"},\"query-input\":{\"@type\":\"PropertyValueSpecification\",\"valueRequired\":true,\"valueName\":\"search_term_string\"}}],\"inLanguage\":\"sk-SK\"},{\"@type\":\"Person\",\"@id\":\"https:\/\/www.welovecycling.com\/sk\/#\/schema\/person\/8ee09ba39b7e25b1870160aa5b3a89bc\",\"name\":\"Ondrej Ga\u0161par\",\"image\":{\"@type\":\"ImageObject\",\"inLanguage\":\"sk-SK\",\"@id\":\"https:\/\/www.welovecycling.com\/sk\/#\/schema\/person\/image\/\",\"url\":\"https:\/\/secure.gravatar.com\/avatar\/6126c9afb87b70da5abbb083ddbb21933da15f18f8ca7cb822aba0fb096a48f6?s=96&d=mm&r=g\",\"contentUrl\":\"https:\/\/secure.gravatar.com\/avatar\/6126c9afb87b70da5abbb083ddbb21933da15f18f8ca7cb822aba0fb096a48f6?s=96&d=mm&r=g\",\"caption\":\"Ondrej Ga\u0161par\"},\"url\":\"https:\/\/www.welovecycling.com\/sk\/author\/ondrejgaspar\/\"}]}<\/script>\n<!-- \/ Yoast SEO Premium plugin. -->","yoast_head_json":{"title":"Neutr\u00e1lna podpora Mavic na Tour de France - \u0160koda We Love Cycling Slovensko","robots":{"index":"index","follow":"follow","max-snippet":"max-snippet:-1","max-image-preview":"max-image-preview:large","max-video-preview":"max-video-preview:-1"},"canonical":"https:\/\/www.welovecycling.com\/sk\/2018\/07\/24\/neutralna-podpora-mavic\/","og_locale":"sk_SK","og_type":"article","og_title":"Neutr\u00e1lna podpora Mavic na Tour de France","og_description":"Na Tour de France v\u00a0roku 2010 za\u017eil Jens Voigt nepr\u00edjemnos\u0165, o\u00a0ak\u00fa nestoj\u00ed nijak\u00fd pretek\u00e1r. R\u00e1m bicykla sa mu zlomil ako [&hellip;]","og_url":"https:\/\/www.welovecycling.com\/sk\/2018\/07\/24\/neutralna-podpora-mavic\/","og_site_name":"\u0160koda We Love Cycling Slovensko","article_published_time":"2018-07-24T15:18:25+00:00","article_modified_time":"2018-07-27T15:53:06+00:00","og_image":[{"width":1500,"height":659,"url":"https:\/\/d2p6e6u75xmxt8.cloudfront.net\/4\/2018\/07\/mavic_cover.webp","type":"image\/webp"}],"author":"Ondrej Ga\u0161par","twitter_card":"summary_large_image","twitter_misc":{"Written by":"Christopher Ashley","Est. reading time":"6"},"schema":{"@context":"https:\/\/schema.org","@graph":[{"@type":"WebPage","@id":"https:\/\/www.welovecycling.com\/sk\/2018\/07\/24\/neutralna-podpora-mavic\/","url":"https:\/\/www.welovecycling.com\/sk\/2018\/07\/24\/neutralna-podpora-mavic\/","name":"Neutr\u00e1lna podpora Mavic na Tour de France - \u0160koda We Love Cycling Slovensko","isPartOf":{"@id":"https:\/\/www.welovecycling.com\/sk\/#website"},"primaryImageOfPage":{"@id":"https:\/\/www.welovecycling.com\/sk\/2018\/07\/24\/neutralna-podpora-mavic\/#primaryimage"},"image":{"@id":"https:\/\/www.welovecycling.com\/sk\/2018\/07\/24\/neutralna-podpora-mavic\/#primaryimage"},"thumbnailUrl":"https:\/\/d2p6e6u75xmxt8.cloudfront.net\/4\/2018\/07\/mavic_cover.webp","datePublished":"2018-07-24T15:18:25+00:00","dateModified":"2018-07-27T15:53:06+00:00","author":{"@id":"https:\/\/www.welovecycling.com\/sk\/#\/schema\/person\/8ee09ba39b7e25b1870160aa5b3a89bc"},"breadcrumb":{"@id":"https:\/\/www.welovecycling.com\/sk\/2018\/07\/24\/neutralna-podpora-mavic\/#breadcrumb"},"inLanguage":"sk-SK","potentialAction":[{"@type":"ReadAction","target":["https:\/\/www.welovecycling.com\/sk\/2018\/07\/24\/neutralna-podpora-mavic\/"]}]},{"@type":"ImageObject","inLanguage":"sk-SK","@id":"https:\/\/www.welovecycling.com\/sk\/2018\/07\/24\/neutralna-podpora-mavic\/#primaryimage","url":"https:\/\/d2p6e6u75xmxt8.cloudfront.net\/4\/2018\/07\/mavic_cover.webp","contentUrl":"https:\/\/d2p6e6u75xmxt8.cloudfront.net\/4\/2018\/07\/mavic_cover.webp","width":1500,"height":659},{"@type":"BreadcrumbList","@id":"https:\/\/www.welovecycling.com\/sk\/2018\/07\/24\/neutralna-podpora-mavic\/#breadcrumb","itemListElement":[{"@type":"ListItem","position":1,"name":"Home","item":"https:\/\/www.welovecycling.com\/sk\/"},{"@type":"ListItem","position":2,"name":"Neutr\u00e1lna podpora Mavic na Tour de France"}]},{"@type":"WebSite","@id":"https:\/\/www.welovecycling.com\/sk\/#website","url":"https:\/\/www.welovecycling.com\/sk\/","name":"\u0160koda We Love Cycling Slovensko","description":"\u0160koda We Love Cycling Slovensko je v\u00e1\u0161 ka\u017edodenn\u00fd zdroj noviniek a in\u0161pir\u00e1cie z sveta cyklistiky","potentialAction":[{"@type":"SearchAction","target":{"@type":"EntryPoint","urlTemplate":"https:\/\/www.welovecycling.com\/sk\/?s={search_term_string}"},"query-input":{"@type":"PropertyValueSpecification","valueRequired":true,"valueName":"search_term_string"}}],"inLanguage":"sk-SK"},{"@type":"Person","@id":"https:\/\/www.welovecycling.com\/sk\/#\/schema\/person\/8ee09ba39b7e25b1870160aa5b3a89bc","name":"Ondrej Ga\u0161par","image":{"@type":"ImageObject","inLanguage":"sk-SK","@id":"https:\/\/www.welovecycling.com\/sk\/#\/schema\/person\/image\/","url":"https:\/\/secure.gravatar.com\/avatar\/6126c9afb87b70da5abbb083ddbb21933da15f18f8ca7cb822aba0fb096a48f6?s=96&d=mm&r=g","contentUrl":"https:\/\/secure.gravatar.com\/avatar\/6126c9afb87b70da5abbb083ddbb21933da15f18f8ca7cb822aba0fb096a48f6?s=96&d=mm&r=g","caption":"Ondrej Ga\u0161par"},"url":"https:\/\/www.welovecycling.com\/sk\/author\/ondrejgaspar\/"}]}},"_links":{"self":[{"href":"https:\/\/www.welovecycling.com\/sk\/wp-json\/wp\/v2\/posts\/4275","targetHints":{"allow":["GET"]}}],"collection":[{"href":"https:\/\/www.welovecycling.com\/sk\/wp-json\/wp\/v2\/posts"}],"about":[{"href":"https:\/\/www.welovecycling.com\/sk\/wp-json\/wp\/v2\/types\/post"}],"author":[{"embeddable":true,"href":"https:\/\/www.welovecycling.com\/sk\/wp-json\/wp\/v2\/users\/38"}],"replies":[{"embeddable":true,"href":"https:\/\/www.welovecycling.com\/sk\/wp-json\/wp\/v2\/comments?post=4275"}],"version-history":[{"count":2,"href":"https:\/\/www.welovecycling.com\/sk\/wp-json\/wp\/v2\/posts\/4275\/revisions"}],"predecessor-version":[{"id":4434,"href":"https:\/\/www.welovecycling.com\/sk\/wp-json\/wp\/v2\/posts\/4275\/revisions\/4434"}],"wp:featuredmedia":[{"embeddable":true,"href":"https:\/\/www.welovecycling.com\/sk\/wp-json\/wp\/v2\/media\/4279"}],"wp:attachment":[{"href":"https:\/\/www.welovecycling.com\/sk\/wp-json\/wp\/v2\/media?parent=4275"}],"wp:term":[{"taxonomy":"category","embeddable":true,"href":"https:\/\/www.welovecycling.com\/sk\/wp-json\/wp\/v2\/categories?post=4275"},{"taxonomy":"post_tag","embeddable":true,"href":"https:\/\/www.welovecycling.com\/sk\/wp-json\/wp\/v2\/tags?post=4275"},{"taxonomy":"global-categories","embeddable":true,"href":"https:\/\/www.welovecycling.com\/sk\/wp-json\/wp\/v2\/global-categories?post=4275"}],"curies":[{"name":"wp","href":"https:\/\/api.w.org\/{rel}","templated":true}]}}