{"id":4259,"date":"2018-11-10T10:00:06","date_gmt":"2018-11-10T09:00:06","guid":{"rendered":"https:\/\/www.welovecycling.com\/sk\/?p=4259"},"modified":"2018-11-09T17:02:04","modified_gmt":"2018-11-09T16:02:04","slug":"10-veci-ktore-treba-zvazit-ak-chcete-vybudovat-uspesne-trail-centrum","status":"publish","type":"post","link":"https:\/\/www.welovecycling.com\/sk\/2018\/11\/10\/10-veci-ktore-treba-zvazit-ak-chcete-vybudovat-uspesne-trail-centrum\/","title":{"rendered":"10 vec\u00ed, ktor\u00e9 treba zv\u00e1\u017ei\u0165, ak chcete vybudova\u0165 \u00faspe\u0161n\u00e9 trail centrum"},"content":{"rendered":"<p><strong>Kr\u00e1tko po n\u00e1v\u0161teve a jazden\u00ed vo Whistler Bike Parku a trail centr\u00e1ch vo Walese sa Pavel Horn\u00edk rozhodol prinies\u0165 nie\u010do podobn\u00e9 domov. U\u017e to bude 10 rokov, \u010do si za\u010dal plni\u0165 sen stavan\u00edm trailov cez lesy Rychlebsk\u00fdch h\u00f4r v severnom Sliezsku, na hraniciach \u010ceskej republiky a Po\u013eska.<\/strong><!--more--><\/p>\n<p>Jeho projekt <strong>\u201eRychlebsk\u00e9 stezky\u201c<\/strong> pril\u00e1kal obrovsk\u00fa pozornos\u0165. Dnes ich nav\u0161t\u00edvi zhruba 60 000 cyklistov ro\u010dne, najm\u00e4 z \u010ceskej republiky, Po\u013eska a Slovenska. Viac a viac jazdcov prich\u00e1dza aj zo z\u00e1padn\u00fdch kraj\u00edn ako Nemecko, Slovinsko, \u0160vaj\u010diarsko, \u010di Rak\u00fasko. <em>\u201ePril\u00e1ka\u0165 pozornos\u0165 \u013eud\u00ed z alpsk\u00fdch kraj\u00edn je n\u00e1ro\u010dn\u00e9, preto\u017ee tam maj\u00fa v\u0161ade kr\u00e1sne hory. Napriek tomu, ak sem pr\u00edde skupinka \u013eud\u00ed, tak za rok sa vr\u00e1tia aj s kamar\u00e1tmi,\u201c<\/em> vysvet\u013euje <strong>Pavel<\/strong>. Bol to on, kto priviedol turistov do opusten\u00fdch Rychlieb a premenil ich na turistick\u00fa atrakciu. Dokonca sa tu objavuj\u00fa aj celebrity horskej cyklistiky ako trailov\u00e1 legenda &#8211; Hans \u201cNo Way\u201d Rey, freerider a \u00fa\u010dastn\u00edk Red Bull Rampage &#8211; Geoff Gulevich, alebo b\u00fdval\u00fd mana\u017e\u00e9r Whistler Bike Parku &#8211; Tom Proch\u00e1zka.<\/p>\n<figure id=\"attachment_4260\" aria-describedby=\"caption-attachment-4260\" style=\"width: 1080px\" class=\"wp-caption alignnone\"><a href=\"https:\/\/d2p6e6u75xmxt8.cloudfront.net\/4\/2018\/07\/P1011275.jpg\"><img loading=\"lazy\" decoding=\"async\" class=\"size-full wp-image-4260\" src=\"https:\/\/d2p6e6u75xmxt8.cloudfront.net\/4\/2018\/07\/P1011275.jpg\" alt=\"\" width=\"1080\" height=\"810\" \/><\/a><figcaption id=\"caption-attachment-4260\" class=\"wp-caption-text\">Pavel (v\u013eavo) pl\u00e1nuje \u010fal\u0161iu trasu.<\/figcaption><\/figure>\n<p>Preto\u017ee regi\u00f3n v\u010faka Pavlovmu \u00fasiliu ve\u013emi prosperuje, bol u\u017e nieko\u013ekokr\u00e1t zvolen\u00fd za starostu. Potom si v\u0161ak uvedomil, \u017ee by\u0165 zapojen\u00fd v dvoch projektoch je pr\u00edli\u0161 n\u00e1ro\u010dn\u00e9 a vr\u00e1til sa k plnohodnotnej pr\u00e1ci v trail centre. \u010co je na tomto trail centre tak\u00e9 \u0161peci\u00e1lne? Vysvetl\u00ed v\u00e1m to v 10 bodoch.<\/p>\n<h3><strong>Kr\u00e1sne prostredie<\/strong><\/h3>\n<p><em>\u201eP\u00f4vodn\u00e1 my\u0161lienka bola uk\u00e1za\u0165 n\u00e1v\u0161tevn\u00edkom, ak\u00e9 kr\u00e1sne na\u0161e hory s\u00fa. Na\u0161a filozofia je zalo\u017een\u00e1 na tom, \u017ee budujeme traily pre oba typy cyklistov. Pre t\u00fdch, ktor\u00ed sa chc\u00fa v\u00fdborne povozi\u0165, aj pre t\u00fdch, ktor\u00ed si u\u017e\u00edvaj\u00fa kr\u00e1su krajiny.\u201c<\/em><\/p>\n<h3><strong>Vyjedn\u00e1vanie s autoritami<\/strong><\/h3>\n<p><em>\u201eZo za\u010diatku sme mali mal\u00fd rozpo\u010det, ale nevadilo n\u00e1m to. \u010co sa uk\u00e1zalo by\u0165 omnoho hor\u0161ie, bolo dohadovanie sa s vlastn\u00edkom, ktor\u00fdm bola \u0161t\u00e1tna organiz\u00e1cia. Jej predstavitelia v\u00f4bec nepochopili, \u010do som v lesoch zam\u00fd\u0161\u013eal robi\u0165. Stava\u0165 cyklistick\u00e9 traily? Na \u010do je to dobr\u00e9? Nikdy sa v\u0161ak \u013eahko nevzd\u00e1vam, tak som nav\u0161tevoval spolo\u010dnos\u0165 dovtedy, a\u017e k\u00fdm mi kone\u010dne nedali povolenie za\u010da\u0165 s v\u00fdstavbou. Pravdepodobne si mysleli, \u017ee moje odhodlanie upadne, ale hne\u010f ako za\u010dali prich\u00e1dza\u0165 prv\u00ed jazdci, m\u00f4j projekt z\u00edskal ofici\u00e1lne uznanie.\u201c<\/em><\/p>\n<h3><strong>Pl\u00e1novanie<\/strong><\/h3>\n<p><em>\u201eNedostatok pe\u0148az\u00ed sa uk\u00e1zal by\u0165 v\u00fdhodou, preto\u017ee ka\u017ed\u00fd krok, tak ako ka\u017ed\u00e1 minut\u00e1 koruna, museli by\u0165 poriadne premyslen\u00e9. To je d\u00f4vod, pre\u010do nov\u00e9 traily vznikali pomaly, ale premyslene. V niektor\u00fdch bikeparkoch je mnoho trailov postaven\u00fdch r\u00fdchlo, ale iba nieko\u013eko z nich je naozaj popul\u00e1rnych. V\u017edy je dobr\u00e9 sa najsk\u00f4r dvakr\u00e1t zamyslie\u0165 a a\u017e potom chyti\u0165 do ruky lopatu. Ak sprav\u00edte traily perfektn\u00e9, jazdci ocenia ka\u017ed\u00fd detail.\u201c<\/em><\/p>\n<div id='gallery-1' class='gallery galleryid-4259 gallery-columns-2 gallery-size-large'><figure class='gallery-item'>\n\t\t\t<div class='gallery-icon landscape'>\n\t\t\t\t<a href='https:\/\/d2p6e6u75xmxt8.cloudfront.net\/4\/2018\/07\/DSCF4124.webp'><img loading=\"lazy\" decoding=\"async\" width=\"1024\" height=\"680\" src=\"https:\/\/d2p6e6u75xmxt8.cloudfront.net\/4\/2018\/07\/DSCF4124-1024x680.webp\" class=\"attachment-large size-large\" alt=\"\" srcset=\"https:\/\/d2p6e6u75xmxt8.cloudfront.net\/4\/2018\/07\/DSCF4124-1024x680.webp 1024w, https:\/\/d2p6e6u75xmxt8.cloudfront.net\/4\/2018\/07\/DSCF4124-300x199.webp 300w, https:\/\/d2p6e6u75xmxt8.cloudfront.net\/4\/2018\/07\/DSCF4124-768x510.webp 768w, https:\/\/d2p6e6u75xmxt8.cloudfront.net\/4\/2018\/07\/DSCF4124-272x182.webp 272w, https:\/\/d2p6e6u75xmxt8.cloudfront.net\/4\/2018\/07\/DSCF4124.webp 1080w\" sizes=\"auto, (max-width: 1024px) 100vw, 1024px\" \/><\/a>\n\t\t\t<\/div><\/figure><figure class='gallery-item'>\n\t\t\t<div class='gallery-icon landscape'>\n\t\t\t\t<a href='https:\/\/d2p6e6u75xmxt8.cloudfront.net\/4\/2018\/07\/DSCF4126.webp'><img loading=\"lazy\" decoding=\"async\" width=\"1024\" height=\"680\" src=\"https:\/\/d2p6e6u75xmxt8.cloudfront.net\/4\/2018\/07\/DSCF4126-1024x680.webp\" class=\"attachment-large size-large\" alt=\"\" srcset=\"https:\/\/d2p6e6u75xmxt8.cloudfront.net\/4\/2018\/07\/DSCF4126-1024x680.webp 1024w, https:\/\/d2p6e6u75xmxt8.cloudfront.net\/4\/2018\/07\/DSCF4126-300x199.webp 300w, https:\/\/d2p6e6u75xmxt8.cloudfront.net\/4\/2018\/07\/DSCF4126-768x510.webp 768w, https:\/\/d2p6e6u75xmxt8.cloudfront.net\/4\/2018\/07\/DSCF4126-272x182.webp 272w, https:\/\/d2p6e6u75xmxt8.cloudfront.net\/4\/2018\/07\/DSCF4126.webp 1080w\" sizes=\"auto, (max-width: 1024px) 100vw, 1024px\" \/><\/a>\n\t\t\t<\/div><\/figure>\n\t\t<\/div>\n\n<p><a href=\"https:\/\/d2p6e6u75xmxt8.cloudfront.net\/4\/2018\/07\/P9057849.jpg\"><img loading=\"lazy\" decoding=\"async\" class=\"size-full wp-image-4261\" src=\"https:\/\/d2p6e6u75xmxt8.cloudfront.net\/4\/2018\/07\/P9057849.jpg\" alt=\"\" width=\"1080\" height=\"810\" \/><\/a><\/p>\n<h3><strong>In\u0161pir\u00e1cia<\/strong><\/h3>\n<p><em>\u201eRevol\u00facia za\u010dala v roku 2011 po tom, ako som stretol Rowana Sorrella, hlavn\u00e9ho dizajn\u00e9ra Trail Centra vo Wales. Rowanov pr\u00edstup bol \u00faplne in\u00fd, ako u in\u00fdch budovate\u013eov parkov. Zatia\u013e\u010do v Alp\u00e1ch s\u00fa traily extr\u00e9mne prudk\u00e9 a n\u00e1ro\u010dn\u00e9, v\u0161ade inde boli nudn\u00e9. Rowan predstavil nov\u00fd dizajn, \u0165a\u017eiaci z oboch konceptov to najlep\u0161ie. Zrazu bolo jazdenie rovnako z\u00e1bavn\u00e9 ako jazda na h\u00fasenkovej dr\u00e1he, jednoducho ste i\u0161li hore a dole. Tento \u0161t\u00fdl si okam\u017eite ob\u013e\u00fabili tak pokro\u010dil\u00ed jazdci ako aj za\u010diato\u010dn\u00edci.\u201c<\/em><\/p>\n<h3><strong>Voda<\/strong><\/h3>\n<p><em>\u201eToto je ohromn\u00fd probl\u00e9m ka\u017ed\u00e9ho, kto niekedy sk\u00fa\u0161al stava\u0165 nie\u010do v lesoch. Rowan poch\u00e1dza z Walesu, kde pr\u0161\u00ed ve\u013ea. M\u00e1 cenn\u00e9 sk\u00fasenosti, ako skroti\u0165 te\u010d\u00facu vodu, ktor\u00e1 je schopn\u00e1 zni\u010di\u0165 \u013eubovo\u013en\u00fa stavbu. V minulosti jazdci iba na\u0161li miesto v strede lesa a za\u010dali navrhova\u0165 prek\u00e1\u017eky bez oh\u013eadu na to, kam pote\u010die voda po da\u017edi. Vo Walese to robili naopak. Najprv skontrolovali prirodzen\u00fd tok vody a potom za\u010dali navrhova\u0165 trail. Nere\u0161pektovanie pr\u00edrody znamen\u00e1, \u017ee trail bude zaplaven\u00fd vodou aj dlho po tom, ako padla posledn\u00e1 kvapka da\u017e\u010fa.\u201c<\/em><\/p>\n<h3><strong>Vedenie<\/strong><\/h3>\n<p><em>\u201eNa demokraciu tu nie je miesto. Rob Trnka, uzn\u00e1van\u00fd fotograf a m\u00f4j kamar\u00e1t \u010dasto hovorieva: Ak je v kuchyni pr\u00edli\u0161 ve\u013ea kuch\u00e1rov, kol\u00e1\u010d zhor\u00ed. Stavanie trailu tak, \u017ee sa ka\u017ed\u00fd nah\u00e1\u0148a za vlastnou v\u00edziou, znamen\u00e1, \u017ee projekt strat\u00ed charakter. Motivovanie kamar\u00e1tov, ktor\u00ed pr\u00eddu pom\u00f4c\u0165 je d\u00f4le\u017eit\u00e9, ale iba jeden \u010dlovek mus\u00ed ud\u00e1va\u0165 pravidl\u00e1.\u201c<\/em><\/p>\n<div id='gallery-2' class='gallery galleryid-4259 gallery-columns-2 gallery-size-large'><figure class='gallery-item'>\n\t\t\t<div class='gallery-icon landscape'>\n\t\t\t\t<a href='https:\/\/d2p6e6u75xmxt8.cloudfront.net\/4\/2018\/07\/DSC_5521.webp'><img loading=\"lazy\" decoding=\"async\" width=\"1024\" height=\"684\" src=\"https:\/\/d2p6e6u75xmxt8.cloudfront.net\/4\/2018\/07\/DSC_5521-1024x684.webp\" class=\"attachment-large size-large\" alt=\"\" srcset=\"https:\/\/d2p6e6u75xmxt8.cloudfront.net\/4\/2018\/07\/DSC_5521-1024x684.webp 1024w, https:\/\/d2p6e6u75xmxt8.cloudfront.net\/4\/2018\/07\/DSC_5521-300x200.webp 300w, https:\/\/d2p6e6u75xmxt8.cloudfront.net\/4\/2018\/07\/DSC_5521-768x513.webp 768w, https:\/\/d2p6e6u75xmxt8.cloudfront.net\/4\/2018\/07\/DSC_5521-272x182.webp 272w, https:\/\/d2p6e6u75xmxt8.cloudfront.net\/4\/2018\/07\/DSC_5521.webp 1080w\" sizes=\"auto, (max-width: 1024px) 100vw, 1024px\" \/><\/a>\n\t\t\t<\/div><\/figure><figure class='gallery-item'>\n\t\t\t<div class='gallery-icon landscape'>\n\t\t\t\t<a href='https:\/\/d2p6e6u75xmxt8.cloudfront.net\/4\/2018\/07\/DSC_7102.webp'><img loading=\"lazy\" decoding=\"async\" width=\"1024\" height=\"684\" src=\"https:\/\/d2p6e6u75xmxt8.cloudfront.net\/4\/2018\/07\/DSC_7102-1024x684.webp\" class=\"attachment-large size-large\" alt=\"\" srcset=\"https:\/\/d2p6e6u75xmxt8.cloudfront.net\/4\/2018\/07\/DSC_7102-1024x684.webp 1024w, https:\/\/d2p6e6u75xmxt8.cloudfront.net\/4\/2018\/07\/DSC_7102-300x200.webp 300w, https:\/\/d2p6e6u75xmxt8.cloudfront.net\/4\/2018\/07\/DSC_7102-768x513.webp 768w, https:\/\/d2p6e6u75xmxt8.cloudfront.net\/4\/2018\/07\/DSC_7102-272x182.webp 272w, https:\/\/d2p6e6u75xmxt8.cloudfront.net\/4\/2018\/07\/DSC_7102.webp 1080w\" sizes=\"auto, (max-width: 1024px) 100vw, 1024px\" \/><\/a>\n\t\t\t<\/div><\/figure>\n\t\t<\/div>\n\n<h3><strong>Ako piese\u0148<\/strong><\/h3>\n<p><em>\u201eNavrhovanie nov\u00e9ho trailu je ako skladanie piesne. Ke\u010f tvor\u00edte jednotliv\u00e9 sekcie, mali by \u00eds\u0165 jedna za druhou, ako ke\u010f skladate\u013e sklad\u00e1 refr\u00e9n za ver\u0161ami. V\u0161etky \u010dasti by mali by\u0165 podobne dlh\u00e9 a opakuj\u00face sa, aby bol trail predv\u00eddate\u013en\u00fd. V neposlednom rade nesmie ch\u00fdba\u0165 \u201chighlight\u201d, nie\u010do, v\u010faka \u010domu si ho \u013eudia zapam\u00e4taj\u00fa. Pr\u00eddu domov a za\u010dn\u00fa rozm\u00fd\u0161\u013ea\u0165, ako si de\u0148 na bicykli u\u017eili. Nezabudnite na ve\u013ek\u00e9 kamene, jednoduch\u00e9 \u010di z\u00e1bavn\u00e9 skoky, alebo hoci\u010do, \u010do urob\u00ed trail \u0161peci\u00e1lnym.\u201c<\/em><\/p>\n<h3><strong>\u013dudia<\/strong><\/h3>\n<p><em>\u201eNa za\u010diatku som kopal traily s h\u0155stkou kamar\u00e1tov, no takto sa to ned\u00e1 robi\u0165 dlho. Stavali sme nov\u00e9 segmenty a starali sa o tie star\u00e9 aspo\u0148 9 mesiacov z roka. Centrum vy\u017eaduje profesion\u00e1lnu starostlivos\u0165, \u010do je d\u00f4vod, pre\u010do je n\u00e1s tu teraz 5 zamestnan\u00fdch na pln\u00fd \u00fav\u00e4zok.\u201c<\/em><\/p>\n<h3><strong>Bezpe\u010dnos\u0165<\/strong><\/h3>\n<p><em>\u201eZ\u00e1kladn\u00e9 pravidlo je stava\u0165 traily tak, aby boli bezpe\u010dn\u00e9. Ka\u017ed\u00e1 l\u00ednia mus\u00ed by\u0165 jasn\u00e1 a predv\u00eddate\u013en\u00e1 na prv\u00fd poh\u013ead. Aj n\u00e1ro\u010dn\u00e9 \u010dasti musia by\u0165 zjazdn\u00e9 bez rizika zranenia, ak s\u00fa dobre navrhnut\u00e9. Na\u0161\u0165astie sme tu nemali \u017eiadne v\u00e1\u017ene zranenie, len nieko\u013eko men\u0161\u00edch, ktor\u00e9 boli prediskutovan\u00e9 s \u010dlenmi z\u00e1chrannej slu\u017eby, aby sme pri\u0161li na to, \u010do zapr\u00ed\u010dinilo jazdcovu nehodu.\u201c<\/em><\/p>\n<p><a href=\"https:\/\/d2p6e6u75xmxt8.cloudfront.net\/4\/2018\/07\/DSC_6870_DxO-2.jpg\"><img loading=\"lazy\" decoding=\"async\" class=\"alignnone size-full wp-image-4262\" src=\"https:\/\/d2p6e6u75xmxt8.cloudfront.net\/4\/2018\/07\/DSC_6870_DxO-2.jpg\" alt=\"\" width=\"1080\" height=\"713\" \/><\/a><\/p>\n<h3><strong>Re\u0161pektovanie pr\u00edrody<\/strong><\/h3>\n<p><em>\u201eNa stavbu sme pou\u017eili iba pr\u00edrodn\u00e9 materi\u00e1ly. Aj kamenie je doru\u010den\u00e9 z bane vzdialenej iba 3 kilometre. Nikdy sme nezr\u00fabali vysok\u00fd strom. Re\u0161pektovanie pr\u00edrody je pravidlom \u010d\u00edslo jeden. Ke\u010f \u013eudia pl\u00e1nuj\u00fa postavi\u0165 zvlnen\u00fd trail, \u010dasto dovez\u00fa bager a n\u00e1kla\u010f\u00e1k pln\u00fd hliny. Omnoho lep\u0161\u00ed pr\u00edstup by bol popozera\u0165 sa po pr\u00edrodn\u00fdch krivk\u00e1ch, ktor\u00e9 vyzeraj\u00fa tak, ako chceme. T\u00fdmto u\u0161etr\u00edme ve\u013ea energie a v\u00fdsledok bude ove\u013ea priate\u013eskej\u0161\u00ed pre prostredie.\u201c<\/em><\/p>\n<h3><strong>Financovanie<\/strong><\/h3>\n<p><em>\u201eNiektor\u00e9 projekty s\u00fa financovan\u00e9 predov\u0161etk\u00fdm z verejn\u00fdch zdrojov a \u0161t\u00e1tnych dot\u00e1ci\u00ed, my preferujeme podporu priamo od jazdcov. V s\u00fa\u010dasnosti pokryjeme asi 90 percent n\u00e1kladov zo vstupn\u00fdch poplatkov. Takto n\u00e1s nemus\u00ed zauj\u00edma\u0165 aktu\u00e1lna politick\u00e1 situ\u00e1cia a jej zmeny.\u201c<\/em><\/p>\n","protected":false},"excerpt":{"rendered":"<p>Kr\u00e1tko po n\u00e1v\u0161teve a jazden\u00ed vo Whistler Bike Parku a trail centr\u00e1ch vo Walese sa Pavel Horn\u00edk rozhodol prinies\u0165 nie\u010do [&hellip;]<\/p>\n","protected":false},"author":38,"featured_media":4264,"comment_status":"open","ping_status":"open","sticky":false,"template":"","format":"standard","meta":{"footnotes":""},"categories":[47,3],"tags":[537,536,180,412,539,535,239,237,538,183],"global-categories":[],"class_list":["post-4259","post","type-post","status-publish","format-standard","has-post-thumbnail","hentry","category-adrenalin","category-mtb","tag-budovanie","tag-centrum","tag-horska-cyklistika","tag-mtb","tag-pomoc","tag-rychlebske-stezky","tag-singletrail","tag-trail","tag-vystavba","tag-zabava"],"yoast_head":"<!-- This site is optimized with the Yoast SEO Premium plugin v25.3 (Yoast SEO v25.9) - https:\/\/yoast.com\/wordpress\/plugins\/seo\/ -->\n<title>10 vec\u00ed, ktor\u00e9 treba zv\u00e1\u017ei\u0165, ak chcete vybudova\u0165 \u00faspe\u0161n\u00e9 trail centrum - \u0160koda We Love Cycling Slovensko<\/title>\n<meta name=\"robots\" content=\"index, follow, max-snippet:-1, max-image-preview:large, max-video-preview:-1\" \/>\n<link rel=\"canonical\" href=\"https:\/\/www.welovecycling.com\/sk\/2018\/11\/10\/10-veci-ktore-treba-zvazit-ak-chcete-vybudovat-uspesne-trail-centrum\/\" \/>\n<meta property=\"og:locale\" content=\"sk_SK\" \/>\n<meta property=\"og:type\" content=\"article\" \/>\n<meta property=\"og:title\" content=\"10 vec\u00ed, ktor\u00e9 treba zv\u00e1\u017ei\u0165, ak chcete vybudova\u0165 \u00faspe\u0161n\u00e9 trail centrum\" \/>\n<meta property=\"og:description\" content=\"Kr\u00e1tko po n\u00e1v\u0161teve a jazden\u00ed vo Whistler Bike Parku a trail centr\u00e1ch vo Walese sa Pavel Horn\u00edk rozhodol prinies\u0165 nie\u010do [&hellip;]\" \/>\n<meta property=\"og:url\" content=\"https:\/\/www.welovecycling.com\/sk\/2018\/11\/10\/10-veci-ktore-treba-zvazit-ak-chcete-vybudovat-uspesne-trail-centrum\/\" \/>\n<meta property=\"og:site_name\" content=\"\u0160koda We Love Cycling Slovensko\" \/>\n<meta property=\"article:published_time\" content=\"2018-11-10T09:00:06+00:00\" \/>\n<meta property=\"og:image\" content=\"https:\/\/d2p6e6u75xmxt8.cloudfront.net\/4\/2018\/07\/rychcvr-2.webp\" \/>\n\t<meta property=\"og:image:width\" content=\"1366\" \/>\n\t<meta property=\"og:image:height\" content=\"600\" \/>\n\t<meta property=\"og:image:type\" content=\"image\/webp\" \/>\n<meta name=\"author\" content=\"Ondrej Ga\u0161par\" \/>\n<meta name=\"twitter:card\" content=\"summary_large_image\" \/>\n<meta name=\"twitter:label1\" content=\"Written by\" \/>\n\t<meta name=\"twitter:data1\" content=\"Adam Marsal\" \/>\n\t<meta name=\"twitter:label2\" content=\"Est. reading time\" \/>\n\t<meta name=\"twitter:data2\" content=\"5\" \/>\n<script type=\"application\/ld+json\" class=\"yoast-schema-graph\">{\"@context\":\"https:\/\/schema.org\",\"@graph\":[{\"@type\":\"WebPage\",\"@id\":\"https:\/\/www.welovecycling.com\/sk\/2018\/11\/10\/10-veci-ktore-treba-zvazit-ak-chcete-vybudovat-uspesne-trail-centrum\/\",\"url\":\"https:\/\/www.welovecycling.com\/sk\/2018\/11\/10\/10-veci-ktore-treba-zvazit-ak-chcete-vybudovat-uspesne-trail-centrum\/\",\"name\":\"10 vec\u00ed, ktor\u00e9 treba zv\u00e1\u017ei\u0165, ak chcete vybudova\u0165 \u00faspe\u0161n\u00e9 trail centrum - \u0160koda We Love Cycling Slovensko\",\"isPartOf\":{\"@id\":\"https:\/\/www.welovecycling.com\/sk\/#website\"},\"primaryImageOfPage\":{\"@id\":\"https:\/\/www.welovecycling.com\/sk\/2018\/11\/10\/10-veci-ktore-treba-zvazit-ak-chcete-vybudovat-uspesne-trail-centrum\/#primaryimage\"},\"image\":{\"@id\":\"https:\/\/www.welovecycling.com\/sk\/2018\/11\/10\/10-veci-ktore-treba-zvazit-ak-chcete-vybudovat-uspesne-trail-centrum\/#primaryimage\"},\"thumbnailUrl\":\"https:\/\/d2p6e6u75xmxt8.cloudfront.net\/4\/2018\/07\/rychcvr-2.webp\",\"datePublished\":\"2018-11-10T09:00:06+00:00\",\"author\":{\"@id\":\"https:\/\/www.welovecycling.com\/sk\/#\/schema\/person\/8ee09ba39b7e25b1870160aa5b3a89bc\"},\"breadcrumb\":{\"@id\":\"https:\/\/www.welovecycling.com\/sk\/2018\/11\/10\/10-veci-ktore-treba-zvazit-ak-chcete-vybudovat-uspesne-trail-centrum\/#breadcrumb\"},\"inLanguage\":\"sk-SK\",\"potentialAction\":[{\"@type\":\"ReadAction\",\"target\":[\"https:\/\/www.welovecycling.com\/sk\/2018\/11\/10\/10-veci-ktore-treba-zvazit-ak-chcete-vybudovat-uspesne-trail-centrum\/\"]}]},{\"@type\":\"ImageObject\",\"inLanguage\":\"sk-SK\",\"@id\":\"https:\/\/www.welovecycling.com\/sk\/2018\/11\/10\/10-veci-ktore-treba-zvazit-ak-chcete-vybudovat-uspesne-trail-centrum\/#primaryimage\",\"url\":\"https:\/\/d2p6e6u75xmxt8.cloudfront.net\/4\/2018\/07\/rychcvr-2.webp\",\"contentUrl\":\"https:\/\/d2p6e6u75xmxt8.cloudfront.net\/4\/2018\/07\/rychcvr-2.webp\",\"width\":1366,\"height\":600},{\"@type\":\"BreadcrumbList\",\"@id\":\"https:\/\/www.welovecycling.com\/sk\/2018\/11\/10\/10-veci-ktore-treba-zvazit-ak-chcete-vybudovat-uspesne-trail-centrum\/#breadcrumb\",\"itemListElement\":[{\"@type\":\"ListItem\",\"position\":1,\"name\":\"Home\",\"item\":\"https:\/\/www.welovecycling.com\/sk\/\"},{\"@type\":\"ListItem\",\"position\":2,\"name\":\"10 vec\u00ed, ktor\u00e9 treba zv\u00e1\u017ei\u0165, ak chcete vybudova\u0165 \u00faspe\u0161n\u00e9 trail centrum\"}]},{\"@type\":\"WebSite\",\"@id\":\"https:\/\/www.welovecycling.com\/sk\/#website\",\"url\":\"https:\/\/www.welovecycling.com\/sk\/\",\"name\":\"\u0160koda We Love Cycling Slovensko\",\"description\":\"\u0160koda We Love Cycling Slovensko je v\u00e1\u0161 ka\u017edodenn\u00fd zdroj noviniek a in\u0161pir\u00e1cie z sveta cyklistiky\",\"potentialAction\":[{\"@type\":\"SearchAction\",\"target\":{\"@type\":\"EntryPoint\",\"urlTemplate\":\"https:\/\/www.welovecycling.com\/sk\/?s={search_term_string}\"},\"query-input\":{\"@type\":\"PropertyValueSpecification\",\"valueRequired\":true,\"valueName\":\"search_term_string\"}}],\"inLanguage\":\"sk-SK\"},{\"@type\":\"Person\",\"@id\":\"https:\/\/www.welovecycling.com\/sk\/#\/schema\/person\/8ee09ba39b7e25b1870160aa5b3a89bc\",\"name\":\"Ondrej Ga\u0161par\",\"image\":{\"@type\":\"ImageObject\",\"inLanguage\":\"sk-SK\",\"@id\":\"https:\/\/www.welovecycling.com\/sk\/#\/schema\/person\/image\/\",\"url\":\"https:\/\/secure.gravatar.com\/avatar\/6126c9afb87b70da5abbb083ddbb21933da15f18f8ca7cb822aba0fb096a48f6?s=96&d=mm&r=g\",\"contentUrl\":\"https:\/\/secure.gravatar.com\/avatar\/6126c9afb87b70da5abbb083ddbb21933da15f18f8ca7cb822aba0fb096a48f6?s=96&d=mm&r=g\",\"caption\":\"Ondrej Ga\u0161par\"},\"url\":\"https:\/\/www.welovecycling.com\/sk\/author\/ondrejgaspar\/\"}]}<\/script>\n<!-- \/ Yoast SEO Premium plugin. -->","yoast_head_json":{"title":"10 vec\u00ed, ktor\u00e9 treba zv\u00e1\u017ei\u0165, ak chcete vybudova\u0165 \u00faspe\u0161n\u00e9 trail centrum - \u0160koda We Love Cycling Slovensko","robots":{"index":"index","follow":"follow","max-snippet":"max-snippet:-1","max-image-preview":"max-image-preview:large","max-video-preview":"max-video-preview:-1"},"canonical":"https:\/\/www.welovecycling.com\/sk\/2018\/11\/10\/10-veci-ktore-treba-zvazit-ak-chcete-vybudovat-uspesne-trail-centrum\/","og_locale":"sk_SK","og_type":"article","og_title":"10 vec\u00ed, ktor\u00e9 treba zv\u00e1\u017ei\u0165, ak chcete vybudova\u0165 \u00faspe\u0161n\u00e9 trail centrum","og_description":"Kr\u00e1tko po n\u00e1v\u0161teve a jazden\u00ed vo Whistler Bike Parku a trail centr\u00e1ch vo Walese sa Pavel Horn\u00edk rozhodol prinies\u0165 nie\u010do [&hellip;]","og_url":"https:\/\/www.welovecycling.com\/sk\/2018\/11\/10\/10-veci-ktore-treba-zvazit-ak-chcete-vybudovat-uspesne-trail-centrum\/","og_site_name":"\u0160koda We Love Cycling Slovensko","article_published_time":"2018-11-10T09:00:06+00:00","og_image":[{"width":1366,"height":600,"url":"https:\/\/d2p6e6u75xmxt8.cloudfront.net\/4\/2018\/07\/rychcvr-2.webp","type":"image\/webp"}],"author":"Ondrej Ga\u0161par","twitter_card":"summary_large_image","twitter_misc":{"Written by":"Adam Marsal","Est. reading time":"5"},"schema":{"@context":"https:\/\/schema.org","@graph":[{"@type":"WebPage","@id":"https:\/\/www.welovecycling.com\/sk\/2018\/11\/10\/10-veci-ktore-treba-zvazit-ak-chcete-vybudovat-uspesne-trail-centrum\/","url":"https:\/\/www.welovecycling.com\/sk\/2018\/11\/10\/10-veci-ktore-treba-zvazit-ak-chcete-vybudovat-uspesne-trail-centrum\/","name":"10 vec\u00ed, ktor\u00e9 treba zv\u00e1\u017ei\u0165, ak chcete vybudova\u0165 \u00faspe\u0161n\u00e9 trail centrum - \u0160koda We Love Cycling Slovensko","isPartOf":{"@id":"https:\/\/www.welovecycling.com\/sk\/#website"},"primaryImageOfPage":{"@id":"https:\/\/www.welovecycling.com\/sk\/2018\/11\/10\/10-veci-ktore-treba-zvazit-ak-chcete-vybudovat-uspesne-trail-centrum\/#primaryimage"},"image":{"@id":"https:\/\/www.welovecycling.com\/sk\/2018\/11\/10\/10-veci-ktore-treba-zvazit-ak-chcete-vybudovat-uspesne-trail-centrum\/#primaryimage"},"thumbnailUrl":"https:\/\/d2p6e6u75xmxt8.cloudfront.net\/4\/2018\/07\/rychcvr-2.webp","datePublished":"2018-11-10T09:00:06+00:00","author":{"@id":"https:\/\/www.welovecycling.com\/sk\/#\/schema\/person\/8ee09ba39b7e25b1870160aa5b3a89bc"},"breadcrumb":{"@id":"https:\/\/www.welovecycling.com\/sk\/2018\/11\/10\/10-veci-ktore-treba-zvazit-ak-chcete-vybudovat-uspesne-trail-centrum\/#breadcrumb"},"inLanguage":"sk-SK","potentialAction":[{"@type":"ReadAction","target":["https:\/\/www.welovecycling.com\/sk\/2018\/11\/10\/10-veci-ktore-treba-zvazit-ak-chcete-vybudovat-uspesne-trail-centrum\/"]}]},{"@type":"ImageObject","inLanguage":"sk-SK","@id":"https:\/\/www.welovecycling.com\/sk\/2018\/11\/10\/10-veci-ktore-treba-zvazit-ak-chcete-vybudovat-uspesne-trail-centrum\/#primaryimage","url":"https:\/\/d2p6e6u75xmxt8.cloudfront.net\/4\/2018\/07\/rychcvr-2.webp","contentUrl":"https:\/\/d2p6e6u75xmxt8.cloudfront.net\/4\/2018\/07\/rychcvr-2.webp","width":1366,"height":600},{"@type":"BreadcrumbList","@id":"https:\/\/www.welovecycling.com\/sk\/2018\/11\/10\/10-veci-ktore-treba-zvazit-ak-chcete-vybudovat-uspesne-trail-centrum\/#breadcrumb","itemListElement":[{"@type":"ListItem","position":1,"name":"Home","item":"https:\/\/www.welovecycling.com\/sk\/"},{"@type":"ListItem","position":2,"name":"10 vec\u00ed, ktor\u00e9 treba zv\u00e1\u017ei\u0165, ak chcete vybudova\u0165 \u00faspe\u0161n\u00e9 trail centrum"}]},{"@type":"WebSite","@id":"https:\/\/www.welovecycling.com\/sk\/#website","url":"https:\/\/www.welovecycling.com\/sk\/","name":"\u0160koda We Love Cycling Slovensko","description":"\u0160koda We Love Cycling Slovensko je v\u00e1\u0161 ka\u017edodenn\u00fd zdroj noviniek a in\u0161pir\u00e1cie z sveta cyklistiky","potentialAction":[{"@type":"SearchAction","target":{"@type":"EntryPoint","urlTemplate":"https:\/\/www.welovecycling.com\/sk\/?s={search_term_string}"},"query-input":{"@type":"PropertyValueSpecification","valueRequired":true,"valueName":"search_term_string"}}],"inLanguage":"sk-SK"},{"@type":"Person","@id":"https:\/\/www.welovecycling.com\/sk\/#\/schema\/person\/8ee09ba39b7e25b1870160aa5b3a89bc","name":"Ondrej Ga\u0161par","image":{"@type":"ImageObject","inLanguage":"sk-SK","@id":"https:\/\/www.welovecycling.com\/sk\/#\/schema\/person\/image\/","url":"https:\/\/secure.gravatar.com\/avatar\/6126c9afb87b70da5abbb083ddbb21933da15f18f8ca7cb822aba0fb096a48f6?s=96&d=mm&r=g","contentUrl":"https:\/\/secure.gravatar.com\/avatar\/6126c9afb87b70da5abbb083ddbb21933da15f18f8ca7cb822aba0fb096a48f6?s=96&d=mm&r=g","caption":"Ondrej Ga\u0161par"},"url":"https:\/\/www.welovecycling.com\/sk\/author\/ondrejgaspar\/"}]}},"_links":{"self":[{"href":"https:\/\/www.welovecycling.com\/sk\/wp-json\/wp\/v2\/posts\/4259","targetHints":{"allow":["GET"]}}],"collection":[{"href":"https:\/\/www.welovecycling.com\/sk\/wp-json\/wp\/v2\/posts"}],"about":[{"href":"https:\/\/www.welovecycling.com\/sk\/wp-json\/wp\/v2\/types\/post"}],"author":[{"embeddable":true,"href":"https:\/\/www.welovecycling.com\/sk\/wp-json\/wp\/v2\/users\/38"}],"replies":[{"embeddable":true,"href":"https:\/\/www.welovecycling.com\/sk\/wp-json\/wp\/v2\/comments?post=4259"}],"version-history":[{"count":2,"href":"https:\/\/www.welovecycling.com\/sk\/wp-json\/wp\/v2\/posts\/4259\/revisions"}],"predecessor-version":[{"id":5443,"href":"https:\/\/www.welovecycling.com\/sk\/wp-json\/wp\/v2\/posts\/4259\/revisions\/5443"}],"wp:featuredmedia":[{"embeddable":true,"href":"https:\/\/www.welovecycling.com\/sk\/wp-json\/wp\/v2\/media\/4264"}],"wp:attachment":[{"href":"https:\/\/www.welovecycling.com\/sk\/wp-json\/wp\/v2\/media?parent=4259"}],"wp:term":[{"taxonomy":"category","embeddable":true,"href":"https:\/\/www.welovecycling.com\/sk\/wp-json\/wp\/v2\/categories?post=4259"},{"taxonomy":"post_tag","embeddable":true,"href":"https:\/\/www.welovecycling.com\/sk\/wp-json\/wp\/v2\/tags?post=4259"},{"taxonomy":"global-categories","embeddable":true,"href":"https:\/\/www.welovecycling.com\/sk\/wp-json\/wp\/v2\/global-categories?post=4259"}],"curies":[{"name":"wp","href":"https:\/\/api.w.org\/{rel}","templated":true}]}}