{"id":4200,"date":"2018-07-12T16:06:30","date_gmt":"2018-07-12T14:06:30","guid":{"rendered":"https:\/\/www.welovecycling.com\/sk\/?p=4200"},"modified":"2018-07-31T14:29:45","modified_gmt":"2018-07-31T12:29:45","slug":"cerveny-superb-pastva-pre-oci-na-tour-de-france","status":"publish","type":"post","link":"https:\/\/www.welovecycling.com\/sk\/2018\/07\/12\/cerveny-superb-pastva-pre-oci-na-tour-de-france\/","title":{"rendered":"\u010cerven\u00fd SUPERB: Pastva pre o\u010di na Tour de France"},"content":{"rendered":"<p><strong>Na Tour de France smie prejs\u0165 cie\u013eovou rovinkou spolu so v\u0161etk\u00fdmi cyklistami len jedno auto. Tejto cti sa dostalo povestn\u00e9mu \u010derven\u00e9mu autu \u2013 mobiln\u00e9mu dispe\u010dingov\u00e9mu stanovisku Tour. V roku 2015 sa najnov\u0161\u00ed a najpriestrannej\u0161\u00ed model \u0160koda SUPERB v\u00a0\u010dervenom odtieni \u201eCorrida\u201c stal vlajkovou lo\u010fou najsl\u00e1vnej\u0161\u00edch svetov\u00fdch cyklistick\u00fdch pretekov a\u00a0je \u0148ou doteraz. \u010co je na \u0148om tak\u00e9 v\u00fdnimo\u010dn\u00e9?<\/strong><\/p>\n<p><!--more--><\/p>\n<p>Ako sme u\u017e spom\u00ednali, \u010derven\u00e9 auto je \u201emozog\u201c cel\u00fdch pretekov. Na tri t\u00fd\u017edne sa st\u00e1va domovom riadite\u013ea Tour de France Christiana Prudhomma, ktor\u00fd ho vyu\u017e\u00edva ako riadiace centrum na \u0161tyroch koles\u00e1ch. To, \u017ee SUPERB je in\u00fd, prezr\u00e1dza nielen \u017eiariv\u00e1 karos\u00e9ria s logami sponzorov \u010di otv\u00e1racie panoramatick\u00e9 stre\u0161n\u00e9 okno, ale najm\u00e4 to, \u010do sa skr\u00fdva vn\u00fatri. Riadite\u013e Prudhomme mus\u00ed vyd\u00e1va\u0165 pr\u00edkazy a\u00a0dost\u00e1va\u0165 inform\u00e1cie, komunikova\u0165 s\u00a0centr\u00e1lou, organizova\u0165 prem\u00e1vku okolo pelot\u00f3nu a\u00a0by\u0165 v nepretr\u017eitom\u00a0kontakte s\u00a0tra\u0165ov\u00fdmi mar\u0161almi a\u00a0ostatn\u00fdmi autami na Tour.\u00a0Na to vyu\u017e\u00edva komunika\u010dn\u00fa konzolu umiestnen\u00fa medzi predn\u00fdmi sedadlami. Riadite\u013e sed\u00ed pohodlne vzadu, k\u00a0dispoz\u00edcii m\u00e1 vychladen\u00e9 n\u00e1poje zo vstavanej minichladni\u010dky a na v\u0161etko dozer\u00e1 pomocou \u0161iestich stre\u0161n\u00fdch r\u00e1dioant\u00e9n, nieko\u013ek\u00fdch mikrof\u00f3nov a\u00a0\u0161tyroch r\u00e1diov\u00fdch kan\u00e1lov.<\/p>\n<div id='gallery-1' class='gallery galleryid-4200 gallery-columns-3 gallery-size-full'><figure class='gallery-item'>\n\t\t\t<div class='gallery-icon landscape'>\n\t\t\t\t<a href='https:\/\/d2p6e6u75xmxt8.cloudfront.net\/4\/2018\/07\/red5.webp'><img loading=\"lazy\" decoding=\"async\" width=\"800\" height=\"579\" src=\"https:\/\/d2p6e6u75xmxt8.cloudfront.net\/4\/2018\/07\/red5.webp\" class=\"attachment-full size-full\" alt=\"\" srcset=\"https:\/\/d2p6e6u75xmxt8.cloudfront.net\/4\/2018\/07\/red5.webp 800w, https:\/\/d2p6e6u75xmxt8.cloudfront.net\/4\/2018\/07\/red5-300x217.webp 300w, https:\/\/d2p6e6u75xmxt8.cloudfront.net\/4\/2018\/07\/red5-768x556.webp 768w\" sizes=\"auto, (max-width: 800px) 100vw, 800px\" \/><\/a>\n\t\t\t<\/div><\/figure><figure class='gallery-item'>\n\t\t\t<div class='gallery-icon landscape'>\n\t\t\t\t<a href='https:\/\/d2p6e6u75xmxt8.cloudfront.net\/4\/2018\/07\/red4.webp'><img loading=\"lazy\" decoding=\"async\" width=\"800\" height=\"579\" src=\"https:\/\/d2p6e6u75xmxt8.cloudfront.net\/4\/2018\/07\/red4.webp\" class=\"attachment-full size-full\" alt=\"\" srcset=\"https:\/\/d2p6e6u75xmxt8.cloudfront.net\/4\/2018\/07\/red4.webp 800w, https:\/\/d2p6e6u75xmxt8.cloudfront.net\/4\/2018\/07\/red4-300x217.webp 300w, https:\/\/d2p6e6u75xmxt8.cloudfront.net\/4\/2018\/07\/red4-768x556.webp 768w\" sizes=\"auto, (max-width: 800px) 100vw, 800px\" \/><\/a>\n\t\t\t<\/div><\/figure><figure class='gallery-item'>\n\t\t\t<div class='gallery-icon landscape'>\n\t\t\t\t<a href='https:\/\/d2p6e6u75xmxt8.cloudfront.net\/4\/2018\/07\/red1-1.webp'><img loading=\"lazy\" decoding=\"async\" width=\"800\" height=\"579\" src=\"https:\/\/d2p6e6u75xmxt8.cloudfront.net\/4\/2018\/07\/red1-1.webp\" class=\"attachment-full size-full\" alt=\"\" srcset=\"https:\/\/d2p6e6u75xmxt8.cloudfront.net\/4\/2018\/07\/red1-1.webp 800w, https:\/\/d2p6e6u75xmxt8.cloudfront.net\/4\/2018\/07\/red1-1-300x217.webp 300w, https:\/\/d2p6e6u75xmxt8.cloudfront.net\/4\/2018\/07\/red1-1-768x556.webp 768w\" sizes=\"auto, (max-width: 800px) 100vw, 800px\" \/><\/a>\n\t\t\t<\/div><\/figure>\n\t\t<\/div>\n\n<p><a href=\"https:\/\/d2p6e6u75xmxt8.cloudfront.net\/4\/2018\/07\/opener1.jpg\"><img loading=\"lazy\" decoding=\"async\" class=\"alignnone size-full wp-image-4201\" src=\"https:\/\/d2p6e6u75xmxt8.cloudfront.net\/4\/2018\/07\/opener1.jpg\" alt=\"\" width=\"1375\" height=\"600\" \/><\/a><\/p>\n<p>Skuto\u010dnou \u010dere\u0161ni\u010dkou na torte je modifikovan\u00fd klaks\u00f3n \u2013 sta\u010d\u00ed posun\u00fa\u0165 mal\u00fd ovl\u00e1da\u010d umiestnen\u00fd tesne pri volante a fan\u00fa\u0161ikov a cyklistov pozdrav\u00ed typick\u00fd t\u00f3n.<\/p>\n<p><a href=\"https:\/\/d2p6e6u75xmxt8.cloudfront.net\/4\/2018\/07\/TdF-redcar_open1.jpg\"><img loading=\"lazy\" decoding=\"async\" class=\"alignnone size-full wp-image-4215\" src=\"https:\/\/d2p6e6u75xmxt8.cloudfront.net\/4\/2018\/07\/TdF-redcar_open1.jpg\" alt=\"\" width=\"1920\" height=\"2268\" \/><\/a><\/p>\n<p>Druh\u00e9 zadn\u00e9 sedadlo je rezervovan\u00e9 pre v\u00fdznamn\u00fdch host\u00ed, napr\u00edklad franc\u00fazskeho prezidenta Emmanuela Macrona, ktor\u00e9ho riadite\u013e priv\u00edta poh\u00e1rom perliv\u00e9ho \u0161ampansk\u00e9ho a vezme ho na exkluz\u00edvny v\u00fdlet.<\/p>\n<p><a href=\"https:\/\/d2p6e6u75xmxt8.cloudfront.net\/4\/2018\/07\/red555.jpg\"><img loading=\"lazy\" decoding=\"async\" class=\"alignnone size-full wp-image-4202\" src=\"https:\/\/d2p6e6u75xmxt8.cloudfront.net\/4\/2018\/07\/red555.jpg\" alt=\"\" width=\"1610\" height=\"918\" \/><\/a><\/p>\n<p>Toto jedine\u010dn\u00e9 auto stoj\u00ed na ofici\u00e1lnom za\u010diatku ka\u017ed\u00e9ho jedn\u00e9ho d\u0148a, preto ho ka\u017ed\u00fd rok vidia mili\u00f3ny fan\u00fa\u0161ikov, div\u00e1ci priamo pri trati aj t\u00ed pri telev\u00edznych obrazovk\u00e1ch. Dnes u\u017e m\u00f4\u017eeme poveda\u0165, \u017ee spolu s farebn\u00fdmi tri\u010dkami, logom, V\u00ed\u0165azn\u00fdm obl\u00fakom a trofejou sa stalo jedn\u00fdm z najsilnej\u0161\u00edch vizu\u00e1lnych symbolov Tour.<\/p>\n","protected":false},"excerpt":{"rendered":"<p>Na Tour de France smie prejs\u0165 cie\u013eovou rovinkou spolu so v\u0161etk\u00fdmi cyklistami len jedno auto. Tejto cti sa dostalo povestn\u00e9mu [&hellip;]<\/p>\n","protected":false},"author":38,"featured_media":4204,"comment_status":"open","ping_status":"open","sticky":false,"template":"","format":"standard","meta":{"footnotes":""},"categories":[4,117],"tags":[125,135,308],"global-categories":[],"class_list":["post-4200","post","type-post","status-publish","format-standard","has-post-thumbnail","hentry","category-cestna-cyklisitika","category-tour-de-france","tag-cerveny-superb","tag-christian-prudhomme","tag-tour-de-france-2018"],"yoast_head":"<!-- This site is optimized with the Yoast SEO Premium plugin v25.3 (Yoast SEO v25.9) - https:\/\/yoast.com\/wordpress\/plugins\/seo\/ -->\n<title>\u010cerven\u00fd SUPERB: Pastva pre o\u010di na Tour de France - \u0160koda We Love Cycling Slovensko<\/title>\n<meta name=\"robots\" content=\"index, follow, max-snippet:-1, max-image-preview:large, max-video-preview:-1\" \/>\n<link rel=\"canonical\" href=\"https:\/\/www.welovecycling.com\/sk\/2018\/07\/12\/cerveny-superb-pastva-pre-oci-na-tour-de-france\/\" \/>\n<meta property=\"og:locale\" content=\"sk_SK\" \/>\n<meta property=\"og:type\" content=\"article\" \/>\n<meta property=\"og:title\" content=\"\u010cerven\u00fd SUPERB: Pastva pre o\u010di na Tour de France\" \/>\n<meta property=\"og:description\" content=\"Na Tour de France smie prejs\u0165 cie\u013eovou rovinkou spolu so v\u0161etk\u00fdmi cyklistami len jedno auto. Tejto cti sa dostalo povestn\u00e9mu [&hellip;]\" \/>\n<meta property=\"og:url\" content=\"https:\/\/www.welovecycling.com\/sk\/2018\/07\/12\/cerveny-superb-pastva-pre-oci-na-tour-de-france\/\" \/>\n<meta property=\"og:site_name\" content=\"\u0160koda We Love Cycling Slovensko\" \/>\n<meta property=\"article:published_time\" content=\"2018-07-12T14:06:30+00:00\" \/>\n<meta property=\"article:modified_time\" content=\"2018-07-31T12:29:45+00:00\" \/>\n<meta property=\"og:image\" content=\"https:\/\/d2p6e6u75xmxt8.cloudfront.net\/4\/2018\/07\/redCVR.webp\" \/>\n\t<meta property=\"og:image:width\" content=\"1366\" \/>\n\t<meta property=\"og:image:height\" content=\"600\" \/>\n\t<meta property=\"og:image:type\" content=\"image\/webp\" \/>\n<meta name=\"author\" content=\"Ondrej Ga\u0161par\" \/>\n<meta name=\"twitter:card\" content=\"summary_large_image\" \/>\n<meta name=\"twitter:label1\" content=\"Written by\" \/>\n\t<meta name=\"twitter:data1\" content=\"We Love Cycling\" \/>\n\t<meta name=\"twitter:label2\" content=\"Est. reading time\" \/>\n\t<meta name=\"twitter:data2\" content=\"4\" \/>\n<script type=\"application\/ld+json\" class=\"yoast-schema-graph\">{\"@context\":\"https:\/\/schema.org\",\"@graph\":[{\"@type\":\"WebPage\",\"@id\":\"https:\/\/www.welovecycling.com\/sk\/2018\/07\/12\/cerveny-superb-pastva-pre-oci-na-tour-de-france\/\",\"url\":\"https:\/\/www.welovecycling.com\/sk\/2018\/07\/12\/cerveny-superb-pastva-pre-oci-na-tour-de-france\/\",\"name\":\"\u010cerven\u00fd SUPERB: Pastva pre o\u010di na Tour de France - \u0160koda We Love Cycling Slovensko\",\"isPartOf\":{\"@id\":\"https:\/\/www.welovecycling.com\/sk\/#website\"},\"primaryImageOfPage\":{\"@id\":\"https:\/\/www.welovecycling.com\/sk\/2018\/07\/12\/cerveny-superb-pastva-pre-oci-na-tour-de-france\/#primaryimage\"},\"image\":{\"@id\":\"https:\/\/www.welovecycling.com\/sk\/2018\/07\/12\/cerveny-superb-pastva-pre-oci-na-tour-de-france\/#primaryimage\"},\"thumbnailUrl\":\"https:\/\/d2p6e6u75xmxt8.cloudfront.net\/4\/2018\/07\/redCVR.webp\",\"datePublished\":\"2018-07-12T14:06:30+00:00\",\"dateModified\":\"2018-07-31T12:29:45+00:00\",\"author\":{\"@id\":\"https:\/\/www.welovecycling.com\/sk\/#\/schema\/person\/8ee09ba39b7e25b1870160aa5b3a89bc\"},\"breadcrumb\":{\"@id\":\"https:\/\/www.welovecycling.com\/sk\/2018\/07\/12\/cerveny-superb-pastva-pre-oci-na-tour-de-france\/#breadcrumb\"},\"inLanguage\":\"sk-SK\",\"potentialAction\":[{\"@type\":\"ReadAction\",\"target\":[\"https:\/\/www.welovecycling.com\/sk\/2018\/07\/12\/cerveny-superb-pastva-pre-oci-na-tour-de-france\/\"]}]},{\"@type\":\"ImageObject\",\"inLanguage\":\"sk-SK\",\"@id\":\"https:\/\/www.welovecycling.com\/sk\/2018\/07\/12\/cerveny-superb-pastva-pre-oci-na-tour-de-france\/#primaryimage\",\"url\":\"https:\/\/d2p6e6u75xmxt8.cloudfront.net\/4\/2018\/07\/redCVR.webp\",\"contentUrl\":\"https:\/\/d2p6e6u75xmxt8.cloudfront.net\/4\/2018\/07\/redCVR.webp\",\"width\":1366,\"height\":600},{\"@type\":\"BreadcrumbList\",\"@id\":\"https:\/\/www.welovecycling.com\/sk\/2018\/07\/12\/cerveny-superb-pastva-pre-oci-na-tour-de-france\/#breadcrumb\",\"itemListElement\":[{\"@type\":\"ListItem\",\"position\":1,\"name\":\"Home\",\"item\":\"https:\/\/www.welovecycling.com\/sk\/\"},{\"@type\":\"ListItem\",\"position\":2,\"name\":\"\u010cerven\u00fd SUPERB: Pastva pre o\u010di na Tour de France\"}]},{\"@type\":\"WebSite\",\"@id\":\"https:\/\/www.welovecycling.com\/sk\/#website\",\"url\":\"https:\/\/www.welovecycling.com\/sk\/\",\"name\":\"\u0160koda We Love Cycling Slovensko\",\"description\":\"\u0160koda We Love Cycling Slovensko je v\u00e1\u0161 ka\u017edodenn\u00fd zdroj noviniek a in\u0161pir\u00e1cie z sveta cyklistiky\",\"potentialAction\":[{\"@type\":\"SearchAction\",\"target\":{\"@type\":\"EntryPoint\",\"urlTemplate\":\"https:\/\/www.welovecycling.com\/sk\/?s={search_term_string}\"},\"query-input\":{\"@type\":\"PropertyValueSpecification\",\"valueRequired\":true,\"valueName\":\"search_term_string\"}}],\"inLanguage\":\"sk-SK\"},{\"@type\":\"Person\",\"@id\":\"https:\/\/www.welovecycling.com\/sk\/#\/schema\/person\/8ee09ba39b7e25b1870160aa5b3a89bc\",\"name\":\"Ondrej Ga\u0161par\",\"image\":{\"@type\":\"ImageObject\",\"inLanguage\":\"sk-SK\",\"@id\":\"https:\/\/www.welovecycling.com\/sk\/#\/schema\/person\/image\/\",\"url\":\"https:\/\/secure.gravatar.com\/avatar\/6126c9afb87b70da5abbb083ddbb21933da15f18f8ca7cb822aba0fb096a48f6?s=96&d=mm&r=g\",\"contentUrl\":\"https:\/\/secure.gravatar.com\/avatar\/6126c9afb87b70da5abbb083ddbb21933da15f18f8ca7cb822aba0fb096a48f6?s=96&d=mm&r=g\",\"caption\":\"Ondrej Ga\u0161par\"},\"url\":\"https:\/\/www.welovecycling.com\/sk\/author\/ondrejgaspar\/\"}]}<\/script>\n<!-- \/ Yoast SEO Premium plugin. -->","yoast_head_json":{"title":"\u010cerven\u00fd SUPERB: Pastva pre o\u010di na Tour de France - \u0160koda We Love Cycling Slovensko","robots":{"index":"index","follow":"follow","max-snippet":"max-snippet:-1","max-image-preview":"max-image-preview:large","max-video-preview":"max-video-preview:-1"},"canonical":"https:\/\/www.welovecycling.com\/sk\/2018\/07\/12\/cerveny-superb-pastva-pre-oci-na-tour-de-france\/","og_locale":"sk_SK","og_type":"article","og_title":"\u010cerven\u00fd SUPERB: Pastva pre o\u010di na Tour de France","og_description":"Na Tour de France smie prejs\u0165 cie\u013eovou rovinkou spolu so v\u0161etk\u00fdmi cyklistami len jedno auto. Tejto cti sa dostalo povestn\u00e9mu [&hellip;]","og_url":"https:\/\/www.welovecycling.com\/sk\/2018\/07\/12\/cerveny-superb-pastva-pre-oci-na-tour-de-france\/","og_site_name":"\u0160koda We Love Cycling Slovensko","article_published_time":"2018-07-12T14:06:30+00:00","article_modified_time":"2018-07-31T12:29:45+00:00","og_image":[{"width":1366,"height":600,"url":"https:\/\/d2p6e6u75xmxt8.cloudfront.net\/4\/2018\/07\/redCVR.webp","type":"image\/webp"}],"author":"Ondrej Ga\u0161par","twitter_card":"summary_large_image","twitter_misc":{"Written by":"We Love Cycling","Est. reading time":"4"},"schema":{"@context":"https:\/\/schema.org","@graph":[{"@type":"WebPage","@id":"https:\/\/www.welovecycling.com\/sk\/2018\/07\/12\/cerveny-superb-pastva-pre-oci-na-tour-de-france\/","url":"https:\/\/www.welovecycling.com\/sk\/2018\/07\/12\/cerveny-superb-pastva-pre-oci-na-tour-de-france\/","name":"\u010cerven\u00fd SUPERB: Pastva pre o\u010di na Tour de France - \u0160koda We Love Cycling Slovensko","isPartOf":{"@id":"https:\/\/www.welovecycling.com\/sk\/#website"},"primaryImageOfPage":{"@id":"https:\/\/www.welovecycling.com\/sk\/2018\/07\/12\/cerveny-superb-pastva-pre-oci-na-tour-de-france\/#primaryimage"},"image":{"@id":"https:\/\/www.welovecycling.com\/sk\/2018\/07\/12\/cerveny-superb-pastva-pre-oci-na-tour-de-france\/#primaryimage"},"thumbnailUrl":"https:\/\/d2p6e6u75xmxt8.cloudfront.net\/4\/2018\/07\/redCVR.webp","datePublished":"2018-07-12T14:06:30+00:00","dateModified":"2018-07-31T12:29:45+00:00","author":{"@id":"https:\/\/www.welovecycling.com\/sk\/#\/schema\/person\/8ee09ba39b7e25b1870160aa5b3a89bc"},"breadcrumb":{"@id":"https:\/\/www.welovecycling.com\/sk\/2018\/07\/12\/cerveny-superb-pastva-pre-oci-na-tour-de-france\/#breadcrumb"},"inLanguage":"sk-SK","potentialAction":[{"@type":"ReadAction","target":["https:\/\/www.welovecycling.com\/sk\/2018\/07\/12\/cerveny-superb-pastva-pre-oci-na-tour-de-france\/"]}]},{"@type":"ImageObject","inLanguage":"sk-SK","@id":"https:\/\/www.welovecycling.com\/sk\/2018\/07\/12\/cerveny-superb-pastva-pre-oci-na-tour-de-france\/#primaryimage","url":"https:\/\/d2p6e6u75xmxt8.cloudfront.net\/4\/2018\/07\/redCVR.webp","contentUrl":"https:\/\/d2p6e6u75xmxt8.cloudfront.net\/4\/2018\/07\/redCVR.webp","width":1366,"height":600},{"@type":"BreadcrumbList","@id":"https:\/\/www.welovecycling.com\/sk\/2018\/07\/12\/cerveny-superb-pastva-pre-oci-na-tour-de-france\/#breadcrumb","itemListElement":[{"@type":"ListItem","position":1,"name":"Home","item":"https:\/\/www.welovecycling.com\/sk\/"},{"@type":"ListItem","position":2,"name":"\u010cerven\u00fd SUPERB: Pastva pre o\u010di na Tour de France"}]},{"@type":"WebSite","@id":"https:\/\/www.welovecycling.com\/sk\/#website","url":"https:\/\/www.welovecycling.com\/sk\/","name":"\u0160koda We Love Cycling Slovensko","description":"\u0160koda We Love Cycling Slovensko je v\u00e1\u0161 ka\u017edodenn\u00fd zdroj noviniek a in\u0161pir\u00e1cie z sveta cyklistiky","potentialAction":[{"@type":"SearchAction","target":{"@type":"EntryPoint","urlTemplate":"https:\/\/www.welovecycling.com\/sk\/?s={search_term_string}"},"query-input":{"@type":"PropertyValueSpecification","valueRequired":true,"valueName":"search_term_string"}}],"inLanguage":"sk-SK"},{"@type":"Person","@id":"https:\/\/www.welovecycling.com\/sk\/#\/schema\/person\/8ee09ba39b7e25b1870160aa5b3a89bc","name":"Ondrej Ga\u0161par","image":{"@type":"ImageObject","inLanguage":"sk-SK","@id":"https:\/\/www.welovecycling.com\/sk\/#\/schema\/person\/image\/","url":"https:\/\/secure.gravatar.com\/avatar\/6126c9afb87b70da5abbb083ddbb21933da15f18f8ca7cb822aba0fb096a48f6?s=96&d=mm&r=g","contentUrl":"https:\/\/secure.gravatar.com\/avatar\/6126c9afb87b70da5abbb083ddbb21933da15f18f8ca7cb822aba0fb096a48f6?s=96&d=mm&r=g","caption":"Ondrej Ga\u0161par"},"url":"https:\/\/www.welovecycling.com\/sk\/author\/ondrejgaspar\/"}]}},"_links":{"self":[{"href":"https:\/\/www.welovecycling.com\/sk\/wp-json\/wp\/v2\/posts\/4200","targetHints":{"allow":["GET"]}}],"collection":[{"href":"https:\/\/www.welovecycling.com\/sk\/wp-json\/wp\/v2\/posts"}],"about":[{"href":"https:\/\/www.welovecycling.com\/sk\/wp-json\/wp\/v2\/types\/post"}],"author":[{"embeddable":true,"href":"https:\/\/www.welovecycling.com\/sk\/wp-json\/wp\/v2\/users\/38"}],"replies":[{"embeddable":true,"href":"https:\/\/www.welovecycling.com\/sk\/wp-json\/wp\/v2\/comments?post=4200"}],"version-history":[{"count":2,"href":"https:\/\/www.welovecycling.com\/sk\/wp-json\/wp\/v2\/posts\/4200\/revisions"}],"predecessor-version":[{"id":4216,"href":"https:\/\/www.welovecycling.com\/sk\/wp-json\/wp\/v2\/posts\/4200\/revisions\/4216"}],"wp:featuredmedia":[{"embeddable":true,"href":"https:\/\/www.welovecycling.com\/sk\/wp-json\/wp\/v2\/media\/4204"}],"wp:attachment":[{"href":"https:\/\/www.welovecycling.com\/sk\/wp-json\/wp\/v2\/media?parent=4200"}],"wp:term":[{"taxonomy":"category","embeddable":true,"href":"https:\/\/www.welovecycling.com\/sk\/wp-json\/wp\/v2\/categories?post=4200"},{"taxonomy":"post_tag","embeddable":true,"href":"https:\/\/www.welovecycling.com\/sk\/wp-json\/wp\/v2\/tags?post=4200"},{"taxonomy":"global-categories","embeddable":true,"href":"https:\/\/www.welovecycling.com\/sk\/wp-json\/wp\/v2\/global-categories?post=4200"}],"curies":[{"name":"wp","href":"https:\/\/api.w.org\/{rel}","templated":true}]}}