{"id":4166,"date":"2018-07-16T21:29:50","date_gmt":"2018-07-16T19:29:50","guid":{"rendered":"https:\/\/www.welovecycling.com\/sk\/?p=4166"},"modified":"2018-09-14T13:46:23","modified_gmt":"2018-09-14T11:46:23","slug":"tyzden-cislo-1-na-starej-dame","status":"publish","type":"post","link":"https:\/\/www.welovecycling.com\/sk\/2018\/07\/16\/tyzden-cislo-1-na-starej-dame\/","title":{"rendered":"T\u00fd\u017ede\u0148 \u010d\u00edslo 1 na Starej d\u00e1me"},"content":{"rendered":"<p><strong>Najv\u00e4\u010d\u0161\u00ed sviatok cestnej cyklistiky, Le Tour de France, zapo\u010dal aj tento rok 7. j\u00fala.<\/strong><!--more--><\/p>\n<p>D\u00f4le\u017eit\u00e9 inform\u00e1cie sprev\u00e1dzaj\u00face t\u00edmy a jazdcov s\u00fa\u0165a\u017eiacich na Tour, prich\u00e1dzali e\u0161te pred jej \u0161tartom. Ot\u00e1zka, \u010di sa Chris Froome (Sky) bude usilova\u0165 o potvrdenie minuloro\u010dnej dominancie, sa uzavrela doslova v hodine dvan\u00e1stej. Froome aj navzdory n\u00e1lezom zv\u00fd\u0161enej hodnoty nepovolenej l\u00e1tky salbutamol, \u00fadajne obsiahnutej v spreji proti astme, poch\u00e1dzaj\u00facej z minuloro\u010dnej Vuelty, bol zbaven\u00fd obvinen\u00ed UCI, v\u010faka \u010domu sa mohol podie\u013ea\u0165 na Tour.<\/p>\n<p>Samotn\u00e9 rozhodnutie vzbudilo medzi pretek\u00e1rmi vlnu r\u00f4znorod\u00fdch koment\u00e1rov za, ale aj proti verdiktu UCI. Naopak, pole ne\u0161tartuj\u00facich doplnila \u0161print\u00e9rska hviezda Nacer Bouhanni (Cofidis), ako aj pomocn\u00edk Dumoulina (Sunweb), Wilco Kelderman (Sunweb). Celkovo nast\u00fapilo na \u0161tart <strong>176 pretek\u00e1rov z 22 t\u00edmov<\/strong>.<\/p>\n<p><a href=\"https:\/\/d2p6e6u75xmxt8.cloudfront.net\/4\/2018\/07\/21.jpg\"><img loading=\"lazy\" decoding=\"async\" class=\"alignnone size-full wp-image-4188\" src=\"https:\/\/d2p6e6u75xmxt8.cloudfront.net\/4\/2018\/07\/21.jpg\" alt=\"\" width=\"1200\" height=\"800\" \/><\/a><\/p>\n<h2><strong>1.etapa Noirmoutier-en-l&#8217;\u00cele &gt; Fontenay-le-Comte (201 km, rovinat\u00e1)<\/strong><\/h2>\n<p>\u00davodn\u00e1 etapa neposkytla mnoho \u00faskal\u00ed. Priebeh prial \u00faniku ved\u00faceho s n\u00e1skokom kulminuj\u00facim okolo 2 a\u017e 4 min\u00fat pred pelot\u00f3nom. Jeho dochytenie sa podarilo a\u017e 10 km pred cie\u013eom a nane\u0161\u0165astie sa nezaobi\u0161la ani bez p\u00e1dov. Medzi najmedializovanej\u0161\u00ed sa zaradil <strong>p\u00e1d Lawsona Craddocka<\/strong> (EF Education First &#8211; Drapac), pri ktorom utrpel odreniny a vl\u00e1senkov\u00fa zlomeninu lopatky, s e\u0161te zost\u00e1vaj\u00facimi osemdesiatimi kilometrami do cie\u013ea. Z\u00e1rove\u0148 na svojom twitteri odk\u00e1zal, \u017ee za ka\u017ed\u00fd de\u0148 \u00faspe\u0161ne absolvovan\u00fd v sedle na Tour de France, daruje velodr\u00f3mu v Texase, po\u0161kodenom po hurik\u00e1ne Harvey, 100 dol\u00e1rov. Odozva na seba nenechala dlho \u010daka\u0165, nieko\u013eko u\u017e\u00edvate\u013eov sa rovnako rozhodlo venova\u0165 za ka\u017ed\u00fa etapu od 50 a\u017e po 200 dol\u00e1rov. <strong>Stav zbierky k 12. j\u00falu presahoval 40 000 dol\u00e1rov<\/strong>.<\/p>\n<p><a href=\"https:\/\/d2p6e6u75xmxt8.cloudfront.net\/4\/2018\/07\/03-5.jpg\"><img loading=\"lazy\" decoding=\"async\" class=\"alignnone size-full wp-image-4167\" src=\"https:\/\/d2p6e6u75xmxt8.cloudfront.net\/4\/2018\/07\/03-5.jpg\" alt=\"\" width=\"1200\" height=\"800\" \/><\/a><\/p>\n<p>Tieto udalosti nemali dosah na boj o etapu. \u0160print\u00e9ri vch\u00e1dzali do mesta Fontenay-le-Comte spolu, maj\u00faci rovnak\u00e9 \u0161ance na v\u00ed\u0165azstvo. Fin\u00e1lny \u0161print najlep\u0161ie zvl\u00e1dol <strong>Gaviria (Quick-Step)<\/strong>, v tesnom z\u00e1vese za n\u00edm P. Sagan (BORA-hansgrohe) a po tretie miesto si do\u0161purtoval Kittel (KATUSHA ALPECIN).<\/p>\n<lite-youtube videoid=uVGfTVzpiyM params=\"enablejsapi=1\" style=\"background-image: url('https:\/\/i.ytimg.com\/vi_webp\/uVGfTVzpiyM\/maxresdefault.webp');\"><\/lite-youtube>\n<h2><strong>2.etapa Mouilleron-Saint-Germain \u2013 La Roche-sur-Yon (182,5 km, rovinat\u00e1)<\/strong><\/h2>\n<p>V\u010deraj\u0161\u00ed \u201ene\u00faspech\u201c Sagana mohol by\u0165 v tejto etape pretaven\u00fd vo v\u00ed\u0165azstvo. Prv\u00fdm odstupuj\u00facim sa stal Grmay (Trek-Segafredo) po 300 kilometroch str\u00e1ven\u00fdch na Tour. Hektick\u00fdch posledn\u00fdch 10 kilometrov prinieslo najprv defekt Kittela (KATUSHA ALPECIN) a n\u00e1sledne 1.8 kilometra pred koncom p\u00e1d Gaviriu (Quick-Step), neumo\u017e\u0148uj\u00faci mu nav\u00fd\u0161i\u0165 v\u00ed\u0165azn\u00fd \u00fa\u010det. Posledn\u00fdch 400 metrov smerovalo do mierne st\u00fapaj\u00faceho z\u00e1veru, ktor\u00fd najviac sedel Saganovi (BORA-hansgrohe). Pri \u0161printe sa osamostatnil s Colbrellim (Bahrain Merida) v tesnom z\u00e1vese, av\u0161ak ten u\u017e nedok\u00e1zal svetov\u00e9ho \u0161ampi\u00f3na zdola\u0165. <strong>Saganovi toto v\u00ed\u0165azstvo prinieslo historick\u00fd zisk \u017elt\u00e9ho dresu<\/strong>, ako aj dominanciu v bodovacej s\u00fa\u0165a\u017ei.<\/p>\n<p><a href=\"https:\/\/d2p6e6u75xmxt8.cloudfront.net\/4\/2018\/07\/05-5.jpg\"><img loading=\"lazy\" decoding=\"async\" class=\"alignnone size-full wp-image-4168\" src=\"https:\/\/d2p6e6u75xmxt8.cloudfront.net\/4\/2018\/07\/05-5.jpg\" alt=\"\" width=\"1200\" height=\"800\" \/><\/a><\/p>\n<p><strong>Sagan (facebook):<\/strong> <em>\u201eVe\u013emi ma te\u0161\u00ed, \u017ee to dnes vy\u0161lo a ve\u013ek\u00e9 \u010fakujem patr\u00ed mojim spolujazdcom z BORA-hansgrohe, preto\u017ee \u0161li na \u0161pici posledn\u00fdch 30 km a bezpe\u010dne ma doviezli do z\u00e1veru. Myslel som si, \u017ee dojazd dne\u0161nej etapy bude o nie\u010do \u013eah\u0161\u00ed, ale bol skuto\u010dne n\u00e1ro\u010dn\u00fd &#8211; hore, dole, v\u013eavo, vpravo a potom op\u00e4\u0165 st\u00fapanie. Mysl\u00edm, \u017ee neskor\u0161\u00ed n\u00e1stup v \u0161purte po D\u00e9marem a Degenkolbovi bol dnes rozhoduj\u00faci a som skuto\u010dne r\u00e1d, \u017ee to vy\u0161lo a Colbrelli ma v z\u00e1vere u\u017e nesko\u010dil. Rovnako som ve\u013emi r\u00e1d, \u017ee som z\u00edskal \u017elt\u00fd dres aj ako jazdec BORA-hansgrohe, \u010do znamen\u00e1 prv\u00fd \u017elt\u00fd dres pre n\u00e1\u0161 t\u00edm, bez ktor\u00e9ho podpory by som to nedok\u00e1zal. Som \u0161\u0165astn\u00fd, \u017ee tu m\u00e1m tak\u00e9 mno\u017estvo fan\u00fa\u0161ikov, priate\u013eov a rodinu. Je tu m\u00f4j otec a aj kamo\u0161i zo \u017diliny (m\u00f4jho rodn\u00e9ho mesta), ale dne\u0161n\u00e9 v\u00ed\u0165azstvo by som chcel venova\u0165 m\u00f4jmu synovi Marlonovi.\u201c<\/em><\/p>\n<lite-youtube videoid=wCFzDIVlAac params=\"enablejsapi=1\" style=\"background-image: url('https:\/\/i.ytimg.com\/vi_webp\/wCFzDIVlAac\/maxresdefault.webp');\"><\/lite-youtube>\n<h2><strong>3.etapa Cholet \u2013 Cholet (35,5 km, t\u00edmov\u00e1 \u010dasovka)<\/strong><\/h2>\n<p>Neoddelite\u013enou s\u00fa\u010das\u0165ou pretekov typu Grand tour sa stala t\u00edmov\u00e1 \u010dasovka. Na \u0161tart sa ako prv\u00fd o 15:10 postavil t\u00edm Mitchelton-SCOTT, stanovuj\u00faci prv\u00fd \u010das na 38:55. Tento \u010das v\u0161ak pod\u013eahol hne\u010f nasleduj\u00facemu celku Sky, ktor\u00e9mu sa ho podarilo vylep\u0161i\u0165 o 5 sek\u00fand. Ten najlep\u0161\u00ed nenechal na seba dlho \u010daka\u0165. BMC pod taktovkou Porteho nadelil dovtedy prv\u00e9mu t\u00edmu Sky 4 sekundy. Posledn\u00fdm t\u00edmom bol celok BORA-hansgrohe. Hne\u010f v \u00favode sa Saganovi nepo\u0161\u0165astilo, ke\u010f pri prejazde cez spoma\u013eovacie \u00faseky na ceste vytratil bid\u00f3n. Kolegi\u00e1lne sa zachoval Oss (BORA-hansgrohe), ktor\u00fd obetoval vlastn\u00fd bid\u00f3n pre Sagana. Predch\u00e1dzaj\u00face dni sa v\u0161ak podp\u00edsali na jeho prejave, a z tohto d\u00f4vodu musel opusti\u0165 vl\u00e1\u010dik BORA-hansgrohe, \u010d\u00edm bol spe\u010daten\u00fd osud \u017elt\u00e9ho dresu. Ten si napokon obliekol <strong>Van Avermaet (BMC)<\/strong>. V bodovacej s\u00fa\u0165a\u017ei sa ni\u010d nemenilo, v\u010faka \u010domu Sagan udr\u017eal aspo\u0148 zelen\u00fd dres.<\/p>\n<p><a href=\"https:\/\/d2p6e6u75xmxt8.cloudfront.net\/4\/2018\/07\/08-4.jpg\"><img loading=\"lazy\" decoding=\"async\" class=\"alignnone size-full wp-image-4169\" src=\"https:\/\/d2p6e6u75xmxt8.cloudfront.net\/4\/2018\/07\/08-4.jpg\" alt=\"\" width=\"1200\" height=\"800\" \/><\/a><\/p>\n<h2><strong>4. etapa La Baule \u2013 Sarzeau (195 km, rovinat\u00e1)<\/strong><\/h2>\n<p>Po v\u010deraj\u0161om spestren\u00ed vo forme \u010dasovky sa tra\u0165 Tour prinavr\u00e1tila k rovinat\u00e9mu profilu. Stabiln\u00fd postup \u00faniku nenaru\u0161il ani priebe\u017en\u00fd \u0161print, cez ktor\u00fd pre\u0161iel na \u010dele Van Keirsbulck (WANTY). Po 11 bodov si do\u0161iel na 5. mieste Gaviria (Quick-Step), nasledovan\u00fd Greipelom (Lotto Soudal) a Saganom (BORA-hansgrohe), pripisuj\u00facim si 9 bodov. <strong>15 kilometrov pred cie\u013eom sa celok Quick-Step us\u00eddlil na popredn\u00fdch miestach<\/strong> v pelot\u00f3ne, so snahou dotiahnu\u0165 sa na ved\u00face kvarteto. I ke\u010f sa ich \u00fasilie vyplatilo, ukazuj\u00fac rozdiel medzi skupinami na \u00farovni 40 sek\u00fand 5 kilometrov pred koncom etapy, n\u00e1sledn\u00fd hromadn\u00fd p\u00e1d, zah\u0155\u0148aj\u00faci pov\u00e4\u010d\u0161inu cyklistov nebojuj\u00facich o dne\u0161n\u00fa etapu, vytv\u00e1ral zm\u00e4to\u010dn\u00fa situ\u00e1ciu. Navzdory tomu dok\u00e1zali zmaza\u0165 rozdiel deliaci skupiny na m\u00e9te jedn\u00e9ho kilometra. Cie\u013eov\u00e9 miesto o\u010dak\u00e1valo \u0161print\u00e9rsky s\u00faboj, ktor\u00e9ho sa napokon aj do\u010dkalo. Po druh\u00e9 v\u00ed\u0165azstvo si v nesmierne tesnom dojazde pri\u0161iel Gaviria (Quick-Step), v jeho z\u00e1vese Sagan (BORA-hansgrohe) a Greipel (Lotto Soudal).<\/p>\n<p><strong>Sagan (facebook):<\/strong> <em>\u201eV dne\u0161nom \u0161purte robil ve\u013ek\u00e9 probl\u00e9my protivietor, a preto bola rozhoduj\u00faca dobr\u00e1 poz\u00edcia a na\u010dasovanie. Napokon som skon\u010dil druh\u00fd a som r\u00e1d, \u017ee st\u00e1le zost\u00e1vam v zelenom drese. Jazdci v \u00faniku boli dnes ve\u013emi siln\u00ed a odviedli skvel\u00fa pr\u00e1cu. S v\u00fdnimkou posledn\u00fdch kilometrov sme sa dnes ve\u013emi nezap\u00e1jali do tempa pelot\u00f3nu a nechali sme to na in\u00e9 t\u00edmy. Boj o zelen\u00fd dres je tu, ale do cie\u013ea v Par\u00ed\u017ei je e\u0161te \u010faleko a \u010dak\u00e1 na n\u00e1s aj viacero st\u00fapan\u00ed. Pre n\u00e1s je moment\u00e1lne d\u00f4le\u017eit\u00e9, \u017ee sme sa vyhli p\u00e1dom a in\u00fdm probl\u00e9mom v z\u00e1vere etapy. Chalani aj v tomto oh\u013eade odv\u00e1dzaj\u00fa skvel\u00fa pr\u00e1cu.\u201c<\/em><\/p>\n<p><a href=\"https:\/\/d2p6e6u75xmxt8.cloudfront.net\/4\/2018\/07\/09-4.jpg\"><img loading=\"lazy\" decoding=\"async\" class=\"alignnone size-full wp-image-4170\" src=\"https:\/\/d2p6e6u75xmxt8.cloudfront.net\/4\/2018\/07\/09-4.jpg\" alt=\"\" width=\"1200\" height=\"800\" \/><\/a><\/p>\n<h2><strong>5.etapa Lorient &gt; Quimper (204,5 km, kopcovit\u00e1)<\/strong><\/h2>\n<p>Zv\u00e4\u010d\u0161a rovinat\u00e9 etapy vystriedala t\u00e1 s poradov\u00fdm \u010d\u00edslom p\u00e4\u0165, v r\u00e1mci ktorej sa jazdcom u\u0161lo hne\u010f <strong>p\u00e4\u0165 st\u00fapan\u00ed<\/strong>, i ke\u010f taktie\u017e \u201elen\u201c 3. a 4. kateg\u00f3rie. Prib\u00fadaj\u00face nast\u00fapan\u00e9 metre robili probl\u00e9my najm\u00e4 Cavendishovi (Dimension Data), ako aj Kittelovi (KATUSHA ALPECIN), postupne sa prip\u00e1juj\u00facim k zaost\u00e1vaj\u00facim jazdcom. N\u00e1stupy v posledn\u00fdch f\u00e1zach u\u017e boli pohlten\u00e9 st\u00edhac\u00edmi t\u00edmami. Fini\u0161 okorenila nutnos\u0165 <strong>doh\u013ead\u00e1va\u0165 v\u00ed\u0165aza pomocou cie\u013eovej fotografie<\/strong>.<\/p>\n<p>St\u00fapaj\u00faci charakter posledn\u00fdch metrov nakoniec najviac vyhovoval Saganovi (BORA-hansgrohe), z\u00edskavaj\u00facemu druh\u00e9 v\u00ed\u0165azstvo, rovnako ako Gaviria (Quick-Step). Druh\u00e9 miesto Colbrelliho (Bahrain-Merida), nasledovan\u00e9 tret\u00edm Gilbertom (Quick-Step), spe\u010datilo Saganovu dominanciu v bodovacej s\u00fa\u0165a\u017ei. \u017dlt\u00fd dres taktie\u017e nezmenil svojho majite\u013ea a aj v nadch\u00e1dzaj\u00facej etape si ho obliekol Van Avermaet (BMC).<\/p>\n<p><a href=\"https:\/\/d2p6e6u75xmxt8.cloudfront.net\/4\/2018\/07\/13.jpg\"><img loading=\"lazy\" decoding=\"async\" class=\"alignnone size-full wp-image-4171\" src=\"https:\/\/d2p6e6u75xmxt8.cloudfront.net\/4\/2018\/07\/13.jpg\" alt=\"\" width=\"1200\" height=\"800\" \/><\/a><\/p>\n<h2><strong>6. etapa Brest &#8211; M\u00fbr-de-Bretagne Guerl\u00e9dan (181 km, kopcovit\u00e1)<\/strong><\/h2>\n<p>Dne\u0161n\u00e1 etapa smerovala k najv\u00fdchodnej\u0161ie polo\u017eenej oblasti Franc\u00fazska, do ktorej sa Tour dostane, do Brestu. Lah\u00f4dkou celej etapy bol \u00fasek M\u00fbr-de-Bretagne, povestn\u00e1 2 kilometre dlh\u00e1 strm\u00e1 pas\u00e1\u017e, s priemern\u00fdm sklonom necel\u00fdch siedmych percent, ktor\u00fa akoby za trest museli zopakova\u0165 hne\u010f 2-kr\u00e1t, pri\u010dom po druh\u00fdkr\u00e1t sa na jej konci nach\u00e1dzal cie\u013e celej etapy. Svoju reput\u00e1ciu M\u00fbr-de-Bretagne po prv\u00fdkr\u00e1t predviedol v podobe ukon\u010denia dne\u0161n\u00e9ho \u00faniku jeden kilometer pred jeho vrcholom.<\/p>\n<p>Takto zjednoten\u00e9 pole jazdcov o\u010dak\u00e1valo nov\u00fd n\u00e1stup, o ktor\u00fd sa zasl\u00fa\u017eil sk\u00fasen\u00fd Bauer (Mitchelton-SCOTT). V zjazde z M\u00fbru sa v\u0161ak nepo\u0161\u0165astilo Dumoulinovi (Sunweb). Defekt predn\u00e9ho kolesa ho st\u00e1l nem\u00e1lo \u010dasu, ktor\u00fd sa mu a\u017e do cie\u013eovej p\u00e1sky, aj za pomoci t\u00edmov\u00fdch spolujazdcov, nepodarilo zmaza\u0165. Dumoulinove probl\u00e9my boli nasledovan\u00e9 identick\u00fdm probl\u00e9mom Bardeta (AG2R LA MONDIALE), prich\u00e1dzaj\u00faceho do cie\u013ea so stratou 31 sek\u00fand. Jeden kilometer pred koncom zavelil k \u00fatoku Martin (UAE), ktor\u00fd svoj n\u00e1skok u\u017e uh\u00e1jil a\u017e do cie\u013ea. Dr\u017eite\u013e zelen\u00e9ho dresu, <strong>Sagan (BORA-hansgrohe)<\/strong>, si op\u00e4\u0165 polep\u0161il v bodovacej s\u00fa\u0165a\u017ei ziskom 11 bodov na priebe\u017enom \u0161printe, v celkovom s\u00fa\u010dte u\u017e <strong>180 bodov<\/strong>. N\u00e1skok na druh\u00e9ho Gaviriu (Quick-Step) sa tak nav\u00fd\u0161il na 33 bodov. Van Avermaet (BMC) si udr\u017eal \u017elt\u00fd dres v\u010faka 12. miestu v etape so stratou 3 sek\u00fand.<\/p>\n<p><a href=\"https:\/\/d2p6e6u75xmxt8.cloudfront.net\/4\/2018\/07\/15.jpg\"><img loading=\"lazy\" decoding=\"async\" class=\"alignnone size-full wp-image-4172\" src=\"https:\/\/d2p6e6u75xmxt8.cloudfront.net\/4\/2018\/07\/15.jpg\" alt=\"\" width=\"1200\" height=\"800\" \/><\/a><\/p>\n<h2><strong>7.etapa Foug\u00e8res &gt; Chartres (231 km, rovinat\u00e1)<\/strong><\/h2>\n<p>Od pobre\u017eia sa dnes jazdci pres\u00favali do vn\u00fatrozemia, a\u017e do bl\u00edzkosti Par\u00ed\u017ea, k cie\u013eov\u00e9mu mestu Chartres, zn\u00e1meho katedr\u00e1lou Notre-Dame. Profil etapy neve\u0161til nijak\u00e9 komplikovan\u00e9 situ\u00e1cie, av\u0161ak absencia st\u00fapan\u00ed taktie\u017e nie v\u017edy znamen\u00e1 jednoduch\u00fa etapu. Obraz minul\u00fdch dn\u00ed sa nezmenil ani dnes, po body za 2. miesto na priebe\u017enom \u0161printe si do\u0161printoval Gaviria (Quick-Step), nasledovan\u00fd Saganom (BORA-hansgrohe). Zauj\u00edmav\u00e1 sc\u00e9na sa naskytla po dostihnut\u00ed Pichona, kedy 25 kilometrov pred koncom nast\u00fapil Van Avermaet (BMC) a z\u00edskal bonusov\u00fa sekundu do celkov\u00e9ho hodnotenia, \u010d\u00edm nav\u00fd\u0161il svoj n\u00e1skok na 6 sek\u00fand od Thomasa (Sky). Po svoje prv\u00e9 tohtoro\u010dn\u00e9 v\u00ed\u0165azstvo si v tesnom fini\u0161i pri\u0161iel <strong>Groenewegen (LottoNL-Jumbo)<\/strong>.<\/p>\n<p><a href=\"https:\/\/d2p6e6u75xmxt8.cloudfront.net\/4\/2018\/07\/17-1.jpg\"><img loading=\"lazy\" decoding=\"async\" class=\"alignnone size-full wp-image-4185\" src=\"https:\/\/d2p6e6u75xmxt8.cloudfront.net\/4\/2018\/07\/17-1.jpg\" alt=\"\" width=\"1200\" height=\"800\" \/><\/a><\/p>\n<h2><strong>8.etapa Dreux &gt; Amiens M\u00e9tropole (181 km, rovinat\u00e1)<\/strong><\/h2>\n<p>V\u00fdznamnos\u0165 dne\u0161n\u00e9ho d\u0148a spo\u010d\u00edvala najm\u00e4 v d\u00e1tume 14. j\u00fala 1789, kedy zapo\u010dala Ve\u013ek\u00e1 Franc\u00fazska revol\u00facia dobyt\u00edm Bastily. Ka\u017edoro\u010dne patr\u00ed tento \u201esviatok\u201c k cie\u013eom franc\u00fazskych jazdcov \u2013 zv\u00ed\u0165azenia v danej etape. D\u00e9mare (FDJ) z\u00edskal 15 bodov, Sagan (BORA-hansgrohe) 13 a Gaviria (Quick-Step) e\u0161te o dva menej. 17 kilometrov pred cie\u013eom nastal p\u00e1d \u010dasti pelot\u00f3nu, v ktorom ostal Martin (UAE), Alaphilippe (Quick-Step) a in\u00ed.<\/p>\n<p><a href=\"https:\/\/d2p6e6u75xmxt8.cloudfront.net\/4\/2018\/07\/19.jpg\"><img loading=\"lazy\" decoding=\"async\" class=\"alignnone size-full wp-image-4174\" src=\"https:\/\/d2p6e6u75xmxt8.cloudfront.net\/4\/2018\/07\/19.jpg\" alt=\"\" width=\"1200\" height=\"800\" \/><\/a><\/p>\n<p>Poniektor\u00ed div\u00e1ci mohli ma\u0165 pocit, \u017ee sa ich prenos vr\u00e1til o 24 hod\u00edn sp\u00e4\u0165, ke\u010f ako <strong>prv\u00fd pre\u0161iel cie\u013eom op\u00e4\u0165 Groenewegen (LottoNL-Jumbo)<\/strong>, na ktor\u00e9ho zadnom kolese nasledoval Sagan (BORA-hansgrohe) a Degenkolb (Trek-Segafredo). Saganovo \u00fasilie bolo op\u00e4tovne odmenen\u00e9 ziskom zelen\u00e9ho dresu s n\u00e1skokom 63 bodov pred druh\u00fdm, \u010d\u00edm sa jeho po\u010det dn\u00ed str\u00e1ven\u00fdch v origin\u00e1lnom drese t\u00edmu BORA-hansgrohe zastavil na \u010d\u00edsle 2 z \u00f4smich et\u00e1p.<\/p>\n<lite-youtube videoid=pfb8cDxCXAk params=\"enablejsapi=1\" style=\"background-image: url('https:\/\/i.ytimg.com\/vi_webp\/pfb8cDxCXAk\/maxresdefault.webp');\"><\/lite-youtube>\n<h2><strong>9.etapa La citadelle d&#8217;Arras \u2013 Roubaix (156,5 km, kopcovit\u00e1)<\/strong><\/h2>\n<p>Ak s\u00fa v cyklistike nep\u00edsan\u00e9 sviatky, dozaista s\u00fa to dni jarn\u00fdch klas\u00edk. Asi najcharakteristickej\u0161ou sa stala klasika Par\u00ed\u017e \u2013 Roubaix so svojimi sektormi, vydl\u00e1\u017eden\u00fdmi kockami, ktor\u00e9 sa sna\u017eia vytrhn\u00fa\u0165 riad\u00edtka jazdcom v ka\u017edej mo\u017enej chv\u00edli. O\u010dak\u00e1van\u00e9 p\u00e1dy v\u0161ak na seba nenechali pr\u00edli\u0161 dlho \u010daka\u0165. Hne\u010f v \u00favode, na siedmom kilometri, padala po\u010detnej\u0161ia skupina, zah\u0155\u0148aj\u00faca aj Porta (BMC), Greipela (Lotto Soudal) alebo Rojasa (Movistar), ktor\u00fd spolo\u010dne s Portom, l\u00eddrom \u0161vaj\u010diarskeho t\u00edmu, <strong>nakoniec aj odst\u00fapil<\/strong>. Priebe\u017en\u00fd \u0161print situovan\u00fd na 59. kilometri nevyvol\u00e1val ve\u013ek\u00e9 vzru\u0161enie, popredn\u00e9 miesta si rozdelili jazdci v \u00faniku a Sagan (BORA-hansgrohe) z\u00edskal na jeden\u00e1stom mieste p\u00e4\u0165 bodov.<\/p>\n<p><a href=\"https:\/\/d2p6e6u75xmxt8.cloudfront.net\/4\/2018\/07\/22.jpg\"><img loading=\"lazy\" decoding=\"async\" class=\"alignnone size-full wp-image-4175\" src=\"https:\/\/d2p6e6u75xmxt8.cloudfront.net\/4\/2018\/07\/22.jpg\" alt=\"\" width=\"1200\" height=\"800\" \/><\/a><\/p>\n<p>P\u00e1dy pokra\u010dovali aj medzi popredn\u00fdmi pretek\u00e1rmi, spadol Groenewegen (LottoNL-Jumbo), Van Garderen (BMC), Froome (Sky), Landa (Movistar) ako aj Uran (EF Education First-Drapac). Na posledn\u00fd sektor, 8 kilometrov pred koncom, ako prv\u00ed prich\u00e1dzali obhajcovia v\u00ed\u0165azstva Par\u00ed\u017e-Roubaix z roku 2015 Degenkolb (Trek-Segafredo), z roku 2017 Van Avermaet (BMC) a Lampaert (Quick-Step). Bardetova (AG2R LA MONDIALE) smola si musela vytvori\u0165 z\u00e1sobu aj na zvy\u0161ok Tour, ke\u010f p\u00e1r kilometrov pred koncom u\u0161tedrila Franc\u00fazovi aj tret\u00ed defekt. \u0160print rozhodol o v\u00ed\u0165azstve <strong>Degenkolba (Trek-Segafredo)<\/strong> pred Avermaetom (BMC) a Lampaertom (Quick-Step). Sagan op\u00e4tovne z\u00edskal cenn\u00e9 body do bodovacej s\u00fa\u0165a\u017ee v\u010faka piatemu miestu.<\/p>\n<p><a href=\"https:\/\/d2p6e6u75xmxt8.cloudfront.net\/4\/2018\/07\/23.jpg\"><img loading=\"lazy\" decoding=\"async\" class=\"alignnone size-full wp-image-4176\" src=\"https:\/\/d2p6e6u75xmxt8.cloudfront.net\/4\/2018\/07\/23.jpg\" alt=\"\" width=\"1200\" height=\"800\" \/><\/a><\/p>\n<p><strong>Sagan (facebook):<\/strong> <em>\u201eDne\u0161n\u00e1 etapa bola v nie\u010dom podobn\u00e1 ako apr\u00edlov\u00e9 Paris-Roubaix, ale v mnohom aj \u00faplne in\u00e1. Bolo to rovnako krut\u00e9, \u0165a\u017ek\u00e9 a zlo\u017eit\u00e9, ale in\u00e9 v tom, \u017ee sme museli myslie\u0165 aj na celkov\u00e9 poradie Rafala Majku. Mysl\u00edm, \u017ee sme to zvl\u00e1dli dobre, ve\u010f v ka\u017edom \u00faseku pav\u00e9 okrem jedn\u00e9ho, som bol vpredu. Ke\u010f sa v\u0161ak Rafa zaplietol do dvoch p\u00e1dov, tak mu v\u0161etci chalani pom\u00e1hali a vr\u00e1tili ho sp\u00e4\u0165 na \u0161picu. S na\u0161ou pr\u00e1cou m\u00f4\u017eeme by\u0165 teda spokojn\u00ed.\u201c<\/em><\/p>\n<p>(zdroj fotiek: Letour.fr, twitter Craddocka)<\/p>\n","protected":false},"excerpt":{"rendered":"<p>Najv\u00e4\u010d\u0161\u00ed sviatok cestnej cyklistiky, Le Tour de France, zapo\u010dal aj tento rok 7. j\u00fala.<\/p>\n","protected":false},"author":38,"featured_media":4184,"comment_status":"open","ping_status":"open","sticky":false,"template":"","format":"standard","meta":{"footnotes":""},"categories":[4,63,117],"tags":[175,160,275,115,119,306,149,492,136,46,179,20,308,156,174],"global-categories":[],"class_list":["post-4166","post","type-post","status-publish","format-standard","has-post-thumbnail","hentry","category-cestna-cyklisitika","category-grand-tour","category-tour-de-france","tag-bodkovany-dres","tag-bora-hansgrohe","tag-cesta","tag-cestna-cyklistika","tag-chris-froome","tag-francuzsko","tag-geraint-thomas","tag-greg-van-avermaet","tag-mark-cavendish","tag-peter-sagan","tag-preteky","tag-tour-de-france","tag-tour-de-france-2018","tag-zeleny-dres","tag-zlty-dres"],"yoast_head":"<!-- This site is optimized with the Yoast SEO Premium plugin v25.3 (Yoast SEO v25.9) - https:\/\/yoast.com\/wordpress\/plugins\/seo\/ -->\n<title>T\u00fd\u017ede\u0148 \u010d\u00edslo 1 na Starej d\u00e1me - \u0160koda We Love Cycling Slovensko<\/title>\n<meta name=\"robots\" content=\"index, follow, max-snippet:-1, max-image-preview:large, max-video-preview:-1\" \/>\n<link rel=\"canonical\" href=\"https:\/\/www.welovecycling.com\/sk\/2018\/07\/16\/tyzden-cislo-1-na-starej-dame\/\" \/>\n<meta property=\"og:locale\" content=\"sk_SK\" \/>\n<meta property=\"og:type\" content=\"article\" \/>\n<meta property=\"og:title\" content=\"T\u00fd\u017ede\u0148 \u010d\u00edslo 1 na Starej d\u00e1me\" \/>\n<meta property=\"og:description\" content=\"Najv\u00e4\u010d\u0161\u00ed sviatok cestnej cyklistiky, Le Tour de France, zapo\u010dal aj tento rok 7. j\u00fala.\" \/>\n<meta property=\"og:url\" content=\"https:\/\/www.welovecycling.com\/sk\/2018\/07\/16\/tyzden-cislo-1-na-starej-dame\/\" \/>\n<meta property=\"og:site_name\" content=\"\u0160koda We Love Cycling Slovensko\" \/>\n<meta property=\"article:published_time\" content=\"2018-07-16T19:29:50+00:00\" \/>\n<meta property=\"article:modified_time\" content=\"2018-09-14T11:46:23+00:00\" \/>\n<meta property=\"og:image\" content=\"https:\/\/d2p6e6u75xmxt8.cloudfront.net\/4\/2018\/07\/01-6.webp\" \/>\n\t<meta property=\"og:image:width\" content=\"1375\" \/>\n\t<meta property=\"og:image:height\" content=\"600\" \/>\n\t<meta property=\"og:image:type\" content=\"image\/webp\" \/>\n<meta name=\"author\" content=\"Ondrej Ga\u0161par\" \/>\n<meta name=\"twitter:card\" content=\"summary_large_image\" \/>\n<meta name=\"twitter:label1\" content=\"Written by\" \/>\n\t<meta name=\"twitter:data1\" content=\"We Love Cycling\" \/>\n\t<meta name=\"twitter:label2\" content=\"Est. reading time\" \/>\n\t<meta name=\"twitter:data2\" content=\"9\" \/>\n<script type=\"application\/ld+json\" class=\"yoast-schema-graph\">{\"@context\":\"https:\/\/schema.org\",\"@graph\":[{\"@type\":\"WebPage\",\"@id\":\"https:\/\/www.welovecycling.com\/sk\/2018\/07\/16\/tyzden-cislo-1-na-starej-dame\/\",\"url\":\"https:\/\/www.welovecycling.com\/sk\/2018\/07\/16\/tyzden-cislo-1-na-starej-dame\/\",\"name\":\"T\u00fd\u017ede\u0148 \u010d\u00edslo 1 na Starej d\u00e1me - \u0160koda We Love Cycling Slovensko\",\"isPartOf\":{\"@id\":\"https:\/\/www.welovecycling.com\/sk\/#website\"},\"primaryImageOfPage\":{\"@id\":\"https:\/\/www.welovecycling.com\/sk\/2018\/07\/16\/tyzden-cislo-1-na-starej-dame\/#primaryimage\"},\"image\":{\"@id\":\"https:\/\/www.welovecycling.com\/sk\/2018\/07\/16\/tyzden-cislo-1-na-starej-dame\/#primaryimage\"},\"thumbnailUrl\":\"https:\/\/d2p6e6u75xmxt8.cloudfront.net\/4\/2018\/07\/01-6.webp\",\"datePublished\":\"2018-07-16T19:29:50+00:00\",\"dateModified\":\"2018-09-14T11:46:23+00:00\",\"author\":{\"@id\":\"https:\/\/www.welovecycling.com\/sk\/#\/schema\/person\/8ee09ba39b7e25b1870160aa5b3a89bc\"},\"breadcrumb\":{\"@id\":\"https:\/\/www.welovecycling.com\/sk\/2018\/07\/16\/tyzden-cislo-1-na-starej-dame\/#breadcrumb\"},\"inLanguage\":\"sk-SK\",\"potentialAction\":[{\"@type\":\"ReadAction\",\"target\":[\"https:\/\/www.welovecycling.com\/sk\/2018\/07\/16\/tyzden-cislo-1-na-starej-dame\/\"]}]},{\"@type\":\"ImageObject\",\"inLanguage\":\"sk-SK\",\"@id\":\"https:\/\/www.welovecycling.com\/sk\/2018\/07\/16\/tyzden-cislo-1-na-starej-dame\/#primaryimage\",\"url\":\"https:\/\/d2p6e6u75xmxt8.cloudfront.net\/4\/2018\/07\/01-6.webp\",\"contentUrl\":\"https:\/\/d2p6e6u75xmxt8.cloudfront.net\/4\/2018\/07\/01-6.webp\",\"width\":1375,\"height\":600},{\"@type\":\"BreadcrumbList\",\"@id\":\"https:\/\/www.welovecycling.com\/sk\/2018\/07\/16\/tyzden-cislo-1-na-starej-dame\/#breadcrumb\",\"itemListElement\":[{\"@type\":\"ListItem\",\"position\":1,\"name\":\"Home\",\"item\":\"https:\/\/www.welovecycling.com\/sk\/\"},{\"@type\":\"ListItem\",\"position\":2,\"name\":\"T\u00fd\u017ede\u0148 \u010d\u00edslo 1 na Starej d\u00e1me\"}]},{\"@type\":\"WebSite\",\"@id\":\"https:\/\/www.welovecycling.com\/sk\/#website\",\"url\":\"https:\/\/www.welovecycling.com\/sk\/\",\"name\":\"\u0160koda We Love Cycling Slovensko\",\"description\":\"\u0160koda We Love Cycling Slovensko je v\u00e1\u0161 ka\u017edodenn\u00fd zdroj noviniek a in\u0161pir\u00e1cie z sveta cyklistiky\",\"potentialAction\":[{\"@type\":\"SearchAction\",\"target\":{\"@type\":\"EntryPoint\",\"urlTemplate\":\"https:\/\/www.welovecycling.com\/sk\/?s={search_term_string}\"},\"query-input\":{\"@type\":\"PropertyValueSpecification\",\"valueRequired\":true,\"valueName\":\"search_term_string\"}}],\"inLanguage\":\"sk-SK\"},{\"@type\":\"Person\",\"@id\":\"https:\/\/www.welovecycling.com\/sk\/#\/schema\/person\/8ee09ba39b7e25b1870160aa5b3a89bc\",\"name\":\"Ondrej Ga\u0161par\",\"image\":{\"@type\":\"ImageObject\",\"inLanguage\":\"sk-SK\",\"@id\":\"https:\/\/www.welovecycling.com\/sk\/#\/schema\/person\/image\/\",\"url\":\"https:\/\/secure.gravatar.com\/avatar\/6126c9afb87b70da5abbb083ddbb21933da15f18f8ca7cb822aba0fb096a48f6?s=96&d=mm&r=g\",\"contentUrl\":\"https:\/\/secure.gravatar.com\/avatar\/6126c9afb87b70da5abbb083ddbb21933da15f18f8ca7cb822aba0fb096a48f6?s=96&d=mm&r=g\",\"caption\":\"Ondrej Ga\u0161par\"},\"url\":\"https:\/\/www.welovecycling.com\/sk\/author\/ondrejgaspar\/\"}]}<\/script>\n<!-- \/ Yoast SEO Premium plugin. -->","yoast_head_json":{"title":"T\u00fd\u017ede\u0148 \u010d\u00edslo 1 na Starej d\u00e1me - \u0160koda We Love Cycling Slovensko","robots":{"index":"index","follow":"follow","max-snippet":"max-snippet:-1","max-image-preview":"max-image-preview:large","max-video-preview":"max-video-preview:-1"},"canonical":"https:\/\/www.welovecycling.com\/sk\/2018\/07\/16\/tyzden-cislo-1-na-starej-dame\/","og_locale":"sk_SK","og_type":"article","og_title":"T\u00fd\u017ede\u0148 \u010d\u00edslo 1 na Starej d\u00e1me","og_description":"Najv\u00e4\u010d\u0161\u00ed sviatok cestnej cyklistiky, Le Tour de France, zapo\u010dal aj tento rok 7. j\u00fala.","og_url":"https:\/\/www.welovecycling.com\/sk\/2018\/07\/16\/tyzden-cislo-1-na-starej-dame\/","og_site_name":"\u0160koda We Love Cycling Slovensko","article_published_time":"2018-07-16T19:29:50+00:00","article_modified_time":"2018-09-14T11:46:23+00:00","og_image":[{"width":1375,"height":600,"url":"https:\/\/d2p6e6u75xmxt8.cloudfront.net\/4\/2018\/07\/01-6.webp","type":"image\/webp"}],"author":"Ondrej Ga\u0161par","twitter_card":"summary_large_image","twitter_misc":{"Written by":"We Love Cycling","Est. reading time":"9"},"schema":{"@context":"https:\/\/schema.org","@graph":[{"@type":"WebPage","@id":"https:\/\/www.welovecycling.com\/sk\/2018\/07\/16\/tyzden-cislo-1-na-starej-dame\/","url":"https:\/\/www.welovecycling.com\/sk\/2018\/07\/16\/tyzden-cislo-1-na-starej-dame\/","name":"T\u00fd\u017ede\u0148 \u010d\u00edslo 1 na Starej d\u00e1me - \u0160koda We Love Cycling Slovensko","isPartOf":{"@id":"https:\/\/www.welovecycling.com\/sk\/#website"},"primaryImageOfPage":{"@id":"https:\/\/www.welovecycling.com\/sk\/2018\/07\/16\/tyzden-cislo-1-na-starej-dame\/#primaryimage"},"image":{"@id":"https:\/\/www.welovecycling.com\/sk\/2018\/07\/16\/tyzden-cislo-1-na-starej-dame\/#primaryimage"},"thumbnailUrl":"https:\/\/d2p6e6u75xmxt8.cloudfront.net\/4\/2018\/07\/01-6.webp","datePublished":"2018-07-16T19:29:50+00:00","dateModified":"2018-09-14T11:46:23+00:00","author":{"@id":"https:\/\/www.welovecycling.com\/sk\/#\/schema\/person\/8ee09ba39b7e25b1870160aa5b3a89bc"},"breadcrumb":{"@id":"https:\/\/www.welovecycling.com\/sk\/2018\/07\/16\/tyzden-cislo-1-na-starej-dame\/#breadcrumb"},"inLanguage":"sk-SK","potentialAction":[{"@type":"ReadAction","target":["https:\/\/www.welovecycling.com\/sk\/2018\/07\/16\/tyzden-cislo-1-na-starej-dame\/"]}]},{"@type":"ImageObject","inLanguage":"sk-SK","@id":"https:\/\/www.welovecycling.com\/sk\/2018\/07\/16\/tyzden-cislo-1-na-starej-dame\/#primaryimage","url":"https:\/\/d2p6e6u75xmxt8.cloudfront.net\/4\/2018\/07\/01-6.webp","contentUrl":"https:\/\/d2p6e6u75xmxt8.cloudfront.net\/4\/2018\/07\/01-6.webp","width":1375,"height":600},{"@type":"BreadcrumbList","@id":"https:\/\/www.welovecycling.com\/sk\/2018\/07\/16\/tyzden-cislo-1-na-starej-dame\/#breadcrumb","itemListElement":[{"@type":"ListItem","position":1,"name":"Home","item":"https:\/\/www.welovecycling.com\/sk\/"},{"@type":"ListItem","position":2,"name":"T\u00fd\u017ede\u0148 \u010d\u00edslo 1 na Starej d\u00e1me"}]},{"@type":"WebSite","@id":"https:\/\/www.welovecycling.com\/sk\/#website","url":"https:\/\/www.welovecycling.com\/sk\/","name":"\u0160koda We Love Cycling Slovensko","description":"\u0160koda We Love Cycling Slovensko je v\u00e1\u0161 ka\u017edodenn\u00fd zdroj noviniek a in\u0161pir\u00e1cie z sveta cyklistiky","potentialAction":[{"@type":"SearchAction","target":{"@type":"EntryPoint","urlTemplate":"https:\/\/www.welovecycling.com\/sk\/?s={search_term_string}"},"query-input":{"@type":"PropertyValueSpecification","valueRequired":true,"valueName":"search_term_string"}}],"inLanguage":"sk-SK"},{"@type":"Person","@id":"https:\/\/www.welovecycling.com\/sk\/#\/schema\/person\/8ee09ba39b7e25b1870160aa5b3a89bc","name":"Ondrej Ga\u0161par","image":{"@type":"ImageObject","inLanguage":"sk-SK","@id":"https:\/\/www.welovecycling.com\/sk\/#\/schema\/person\/image\/","url":"https:\/\/secure.gravatar.com\/avatar\/6126c9afb87b70da5abbb083ddbb21933da15f18f8ca7cb822aba0fb096a48f6?s=96&d=mm&r=g","contentUrl":"https:\/\/secure.gravatar.com\/avatar\/6126c9afb87b70da5abbb083ddbb21933da15f18f8ca7cb822aba0fb096a48f6?s=96&d=mm&r=g","caption":"Ondrej Ga\u0161par"},"url":"https:\/\/www.welovecycling.com\/sk\/author\/ondrejgaspar\/"}]}},"_links":{"self":[{"href":"https:\/\/www.welovecycling.com\/sk\/wp-json\/wp\/v2\/posts\/4166","targetHints":{"allow":["GET"]}}],"collection":[{"href":"https:\/\/www.welovecycling.com\/sk\/wp-json\/wp\/v2\/posts"}],"about":[{"href":"https:\/\/www.welovecycling.com\/sk\/wp-json\/wp\/v2\/types\/post"}],"author":[{"embeddable":true,"href":"https:\/\/www.welovecycling.com\/sk\/wp-json\/wp\/v2\/users\/38"}],"replies":[{"embeddable":true,"href":"https:\/\/www.welovecycling.com\/sk\/wp-json\/wp\/v2\/comments?post=4166"}],"version-history":[{"count":2,"href":"https:\/\/www.welovecycling.com\/sk\/wp-json\/wp\/v2\/posts\/4166\/revisions"}],"predecessor-version":[{"id":4226,"href":"https:\/\/www.welovecycling.com\/sk\/wp-json\/wp\/v2\/posts\/4166\/revisions\/4226"}],"wp:featuredmedia":[{"embeddable":true,"href":"https:\/\/www.welovecycling.com\/sk\/wp-json\/wp\/v2\/media\/4184"}],"wp:attachment":[{"href":"https:\/\/www.welovecycling.com\/sk\/wp-json\/wp\/v2\/media?parent=4166"}],"wp:term":[{"taxonomy":"category","embeddable":true,"href":"https:\/\/www.welovecycling.com\/sk\/wp-json\/wp\/v2\/categories?post=4166"},{"taxonomy":"post_tag","embeddable":true,"href":"https:\/\/www.welovecycling.com\/sk\/wp-json\/wp\/v2\/tags?post=4166"},{"taxonomy":"global-categories","embeddable":true,"href":"https:\/\/www.welovecycling.com\/sk\/wp-json\/wp\/v2\/global-categories?post=4166"}],"curies":[{"name":"wp","href":"https:\/\/api.w.org\/{rel}","templated":true}]}}