{"id":4142,"date":"2019-02-17T11:00:35","date_gmt":"2019-02-17T10:00:35","guid":{"rendered":"https:\/\/www.welovecycling.com\/sk\/?p=4142"},"modified":"2019-03-04T13:45:45","modified_gmt":"2019-03-04T12:45:45","slug":"13-veci-ktorych-vyznam-by-necyklisti-len-tazko-pochopili","status":"publish","type":"post","link":"https:\/\/www.welovecycling.com\/sk\/2019\/02\/17\/13-veci-ktorych-vyznam-by-necyklisti-len-tazko-pochopili\/","title":{"rendered":"12 vec\u00ed, ktor\u00fdch v\u00fdznam by necyklisti len \u0165a\u017eko pochopili"},"content":{"rendered":"<p><strong>Medzi cyklistami a t\u00fdmi, ktor\u00ed nejazdia, vznik\u00e1 mno\u017estvo nedorozumen\u00ed. Toto je v\u00fdber t\u00fdch, s ktor\u00fdmi sa stret\u00e1vame naj\u010dastej\u0161ie.<\/strong><!--more--><br \/>\n1\/<br \/>\nPre\u010do chceme ka\u017ed\u00fd de\u0148 jazdi\u0165, a pre\u010do n\u00e1s tak mrz\u00ed, ke\u010f nem\u00f4\u017eeme?<\/p>\n<p>2\/<br \/>\nPre\u010do sa na v\u00fdjazde zdrav\u00edme aj s \u00faplne cudz\u00edmi cyklistami, hoci sa vid\u00edme iba na zlomok sekundy?<\/p>\n<p>3\/<br \/>\nPre\u010do rozm\u00fd\u0161\u013eame nad k\u00fapou nov\u00e9ho bicykla, ke\u010f doma u\u017e teraz m\u00e1me dva alebo tri?<\/p>\n<p>4\/<br \/>\nKde sme z\u00edskali v\u0161etky vedomosti o t\u00fdch prazvl\u00e1\u0161tnych technick\u00fdch z\u00e1le\u017eitostiach, aj napriek tomu, \u017ee nie sme stroj\u00e1ri, a pre\u010do sa o tom st\u00e1le bav\u00edme?<\/p>\n<p>5\/<br \/>\nAko m\u00f4\u017eeme ma\u0165 rados\u0165 z jazdenia v bike parku po\u010das da\u017e\u010fa, ke\u010f potom vyzer\u00e1me, akoby sme z\u00e1pasili v blate?<\/p>\n<p>6\/<br \/>\nAko dok\u00e1\u017eeme po celom dni str\u00e1venom na biku ve\u010der e\u0161te \u017e\u00farova\u0165, ke\u010f ostatn\u00fdm u\u017e sa zavieraj\u00fa vie\u010dka?<\/p>\n<lite-youtube videoid=FYBLQak2Fao params=\"enablejsapi=1\" style=\"background-image: url('https:\/\/i.ytimg.com\/vi_webp\/FYBLQak2Fao\/maxresdefault.webp');\"><\/lite-youtube>\n<p>7\/<br \/>\nPre\u010do sa cyklisti st\u00e1le h\u00e1daj\u00fa, \u017ee talianske radenie (Campa) je lep\u0161ie ako japonsk\u00e9 (Shimano), ke\u010f vyzeraj\u00fa skoro rovnako?<\/p>\n<p>8\/<br \/>\nAko dok\u00e1\u017eeme vybehn\u00fa\u0165 na jeden\u00e1ste poschodie bez toho, aby sme sa zad\u00fdchali?<\/p>\n<p>9\/<br \/>\nAko to, \u017ee aj na e-biku sa spot\u00edme, ak chceme \u00eds\u0165 r\u00fdchlo alebo \u010faleko?<\/p>\n<p>10\/<br \/>\nHoci sa e-biky zdaj\u00fa by\u0165 naozaj skvel\u00e9, aj tak s\u00fa nakoniec hl\u00fape.<\/p>\n<p>11\/<br \/>\nAko dok\u00e1\u017eeme od\u0161liapa\u0165 120 kilometrov e\u0161te pred nede\u013e\u0148aj\u0161\u00edm obedom?<\/p>\n<p>12\/<br \/>\nPre\u010do do \u010derta stoja na\u0161e bicykle viac ako motorka alebo dokonca auto?<\/p>\n","protected":false},"excerpt":{"rendered":"<p>Medzi cyklistami a t\u00fdmi, ktor\u00ed nejazdia, vznik\u00e1 mno\u017estvo nedorozumen\u00ed. Toto je v\u00fdber t\u00fdch, s ktor\u00fdmi sa stret\u00e1vame naj\u010dastej\u0161ie.<\/p>\n","protected":false},"author":38,"featured_media":4144,"comment_status":"open","ping_status":"open","sticky":false,"template":"","format":"standard","meta":{"footnotes":""},"categories":[118],"tags":[249,115,546,547,180,548,509,183],"global-categories":[],"class_list":["post-4142","post","type-post","status-publish","format-standard","has-post-thumbnail","hentry","category-zabava","tag-amater","tag-cestna-cyklistika","tag-cyklistika","tag-fakt","tag-horska-cyklistika","tag-informacia","tag-rodina","tag-zabava"],"yoast_head":"<!-- This site is optimized with the Yoast SEO Premium plugin v25.3 (Yoast SEO v25.9) - https:\/\/yoast.com\/wordpress\/plugins\/seo\/ -->\n<title>12 vec\u00ed, ktor\u00fdch v\u00fdznam by necyklisti len \u0165a\u017eko pochopili - \u0160koda We Love Cycling Slovensko<\/title>\n<meta name=\"robots\" content=\"index, follow, max-snippet:-1, max-image-preview:large, max-video-preview:-1\" \/>\n<link rel=\"canonical\" href=\"https:\/\/www.welovecycling.com\/sk\/2019\/02\/17\/13-veci-ktorych-vyznam-by-necyklisti-len-tazko-pochopili\/\" \/>\n<meta property=\"og:locale\" content=\"sk_SK\" \/>\n<meta property=\"og:type\" content=\"article\" \/>\n<meta property=\"og:title\" content=\"12 vec\u00ed, ktor\u00fdch v\u00fdznam by necyklisti len \u0165a\u017eko pochopili\" \/>\n<meta property=\"og:description\" content=\"Medzi cyklistami a t\u00fdmi, ktor\u00ed nejazdia, vznik\u00e1 mno\u017estvo nedorozumen\u00ed. Toto je v\u00fdber t\u00fdch, s ktor\u00fdmi sa stret\u00e1vame naj\u010dastej\u0161ie.\" \/>\n<meta property=\"og:url\" content=\"https:\/\/www.welovecycling.com\/sk\/2019\/02\/17\/13-veci-ktorych-vyznam-by-necyklisti-len-tazko-pochopili\/\" \/>\n<meta property=\"og:site_name\" content=\"\u0160koda We Love Cycling Slovensko\" \/>\n<meta property=\"article:published_time\" content=\"2019-02-17T10:00:35+00:00\" \/>\n<meta property=\"article:modified_time\" content=\"2019-03-04T12:45:45+00:00\" \/>\n<meta property=\"og:image\" content=\"https:\/\/d2p6e6u75xmxt8.cloudfront.net\/4\/2018\/07\/445784547875_56668468486.webp\" \/>\n\t<meta property=\"og:image:width\" content=\"1366\" \/>\n\t<meta property=\"og:image:height\" content=\"600\" \/>\n\t<meta property=\"og:image:type\" content=\"image\/webp\" \/>\n<meta name=\"author\" content=\"Ondrej Ga\u0161par\" \/>\n<meta name=\"twitter:card\" content=\"summary_large_image\" \/>\n<meta name=\"twitter:label1\" content=\"Written by\" \/>\n\t<meta name=\"twitter:data1\" content=\"Adam Marsal\" \/>\n\t<meta name=\"twitter:label2\" content=\"Est. reading time\" \/>\n\t<meta name=\"twitter:data2\" content=\"2\" \/>\n<script type=\"application\/ld+json\" class=\"yoast-schema-graph\">{\"@context\":\"https:\/\/schema.org\",\"@graph\":[{\"@type\":\"WebPage\",\"@id\":\"https:\/\/www.welovecycling.com\/sk\/2019\/02\/17\/13-veci-ktorych-vyznam-by-necyklisti-len-tazko-pochopili\/\",\"url\":\"https:\/\/www.welovecycling.com\/sk\/2019\/02\/17\/13-veci-ktorych-vyznam-by-necyklisti-len-tazko-pochopili\/\",\"name\":\"12 vec\u00ed, ktor\u00fdch v\u00fdznam by necyklisti len \u0165a\u017eko pochopili - \u0160koda We Love Cycling Slovensko\",\"isPartOf\":{\"@id\":\"https:\/\/www.welovecycling.com\/sk\/#website\"},\"primaryImageOfPage\":{\"@id\":\"https:\/\/www.welovecycling.com\/sk\/2019\/02\/17\/13-veci-ktorych-vyznam-by-necyklisti-len-tazko-pochopili\/#primaryimage\"},\"image\":{\"@id\":\"https:\/\/www.welovecycling.com\/sk\/2019\/02\/17\/13-veci-ktorych-vyznam-by-necyklisti-len-tazko-pochopili\/#primaryimage\"},\"thumbnailUrl\":\"https:\/\/d2p6e6u75xmxt8.cloudfront.net\/4\/2018\/07\/445784547875_56668468486.webp\",\"datePublished\":\"2019-02-17T10:00:35+00:00\",\"dateModified\":\"2019-03-04T12:45:45+00:00\",\"author\":{\"@id\":\"https:\/\/www.welovecycling.com\/sk\/#\/schema\/person\/8ee09ba39b7e25b1870160aa5b3a89bc\"},\"breadcrumb\":{\"@id\":\"https:\/\/www.welovecycling.com\/sk\/2019\/02\/17\/13-veci-ktorych-vyznam-by-necyklisti-len-tazko-pochopili\/#breadcrumb\"},\"inLanguage\":\"sk-SK\",\"potentialAction\":[{\"@type\":\"ReadAction\",\"target\":[\"https:\/\/www.welovecycling.com\/sk\/2019\/02\/17\/13-veci-ktorych-vyznam-by-necyklisti-len-tazko-pochopili\/\"]}]},{\"@type\":\"ImageObject\",\"inLanguage\":\"sk-SK\",\"@id\":\"https:\/\/www.welovecycling.com\/sk\/2019\/02\/17\/13-veci-ktorych-vyznam-by-necyklisti-len-tazko-pochopili\/#primaryimage\",\"url\":\"https:\/\/d2p6e6u75xmxt8.cloudfront.net\/4\/2018\/07\/445784547875_56668468486.webp\",\"contentUrl\":\"https:\/\/d2p6e6u75xmxt8.cloudfront.net\/4\/2018\/07\/445784547875_56668468486.webp\",\"width\":1366,\"height\":600},{\"@type\":\"BreadcrumbList\",\"@id\":\"https:\/\/www.welovecycling.com\/sk\/2019\/02\/17\/13-veci-ktorych-vyznam-by-necyklisti-len-tazko-pochopili\/#breadcrumb\",\"itemListElement\":[{\"@type\":\"ListItem\",\"position\":1,\"name\":\"Home\",\"item\":\"https:\/\/www.welovecycling.com\/sk\/\"},{\"@type\":\"ListItem\",\"position\":2,\"name\":\"12 vec\u00ed, ktor\u00fdch v\u00fdznam by necyklisti len \u0165a\u017eko pochopili\"}]},{\"@type\":\"WebSite\",\"@id\":\"https:\/\/www.welovecycling.com\/sk\/#website\",\"url\":\"https:\/\/www.welovecycling.com\/sk\/\",\"name\":\"\u0160koda We Love Cycling Slovensko\",\"description\":\"\u0160koda We Love Cycling Slovensko je v\u00e1\u0161 ka\u017edodenn\u00fd zdroj noviniek a in\u0161pir\u00e1cie z sveta cyklistiky\",\"potentialAction\":[{\"@type\":\"SearchAction\",\"target\":{\"@type\":\"EntryPoint\",\"urlTemplate\":\"https:\/\/www.welovecycling.com\/sk\/?s={search_term_string}\"},\"query-input\":{\"@type\":\"PropertyValueSpecification\",\"valueRequired\":true,\"valueName\":\"search_term_string\"}}],\"inLanguage\":\"sk-SK\"},{\"@type\":\"Person\",\"@id\":\"https:\/\/www.welovecycling.com\/sk\/#\/schema\/person\/8ee09ba39b7e25b1870160aa5b3a89bc\",\"name\":\"Ondrej Ga\u0161par\",\"image\":{\"@type\":\"ImageObject\",\"inLanguage\":\"sk-SK\",\"@id\":\"https:\/\/www.welovecycling.com\/sk\/#\/schema\/person\/image\/\",\"url\":\"https:\/\/secure.gravatar.com\/avatar\/6126c9afb87b70da5abbb083ddbb21933da15f18f8ca7cb822aba0fb096a48f6?s=96&d=mm&r=g\",\"contentUrl\":\"https:\/\/secure.gravatar.com\/avatar\/6126c9afb87b70da5abbb083ddbb21933da15f18f8ca7cb822aba0fb096a48f6?s=96&d=mm&r=g\",\"caption\":\"Ondrej Ga\u0161par\"},\"url\":\"https:\/\/www.welovecycling.com\/sk\/author\/ondrejgaspar\/\"}]}<\/script>\n<!-- \/ Yoast SEO Premium plugin. -->","yoast_head_json":{"title":"12 vec\u00ed, ktor\u00fdch v\u00fdznam by necyklisti len \u0165a\u017eko pochopili - \u0160koda We Love Cycling Slovensko","robots":{"index":"index","follow":"follow","max-snippet":"max-snippet:-1","max-image-preview":"max-image-preview:large","max-video-preview":"max-video-preview:-1"},"canonical":"https:\/\/www.welovecycling.com\/sk\/2019\/02\/17\/13-veci-ktorych-vyznam-by-necyklisti-len-tazko-pochopili\/","og_locale":"sk_SK","og_type":"article","og_title":"12 vec\u00ed, ktor\u00fdch v\u00fdznam by necyklisti len \u0165a\u017eko pochopili","og_description":"Medzi cyklistami a t\u00fdmi, ktor\u00ed nejazdia, vznik\u00e1 mno\u017estvo nedorozumen\u00ed. Toto je v\u00fdber t\u00fdch, s ktor\u00fdmi sa stret\u00e1vame naj\u010dastej\u0161ie.","og_url":"https:\/\/www.welovecycling.com\/sk\/2019\/02\/17\/13-veci-ktorych-vyznam-by-necyklisti-len-tazko-pochopili\/","og_site_name":"\u0160koda We Love Cycling Slovensko","article_published_time":"2019-02-17T10:00:35+00:00","article_modified_time":"2019-03-04T12:45:45+00:00","og_image":[{"width":1366,"height":600,"url":"https:\/\/d2p6e6u75xmxt8.cloudfront.net\/4\/2018\/07\/445784547875_56668468486.webp","type":"image\/webp"}],"author":"Ondrej Ga\u0161par","twitter_card":"summary_large_image","twitter_misc":{"Written by":"Adam Marsal","Est. reading time":"2"},"schema":{"@context":"https:\/\/schema.org","@graph":[{"@type":"WebPage","@id":"https:\/\/www.welovecycling.com\/sk\/2019\/02\/17\/13-veci-ktorych-vyznam-by-necyklisti-len-tazko-pochopili\/","url":"https:\/\/www.welovecycling.com\/sk\/2019\/02\/17\/13-veci-ktorych-vyznam-by-necyklisti-len-tazko-pochopili\/","name":"12 vec\u00ed, ktor\u00fdch v\u00fdznam by necyklisti len \u0165a\u017eko pochopili - \u0160koda We Love Cycling Slovensko","isPartOf":{"@id":"https:\/\/www.welovecycling.com\/sk\/#website"},"primaryImageOfPage":{"@id":"https:\/\/www.welovecycling.com\/sk\/2019\/02\/17\/13-veci-ktorych-vyznam-by-necyklisti-len-tazko-pochopili\/#primaryimage"},"image":{"@id":"https:\/\/www.welovecycling.com\/sk\/2019\/02\/17\/13-veci-ktorych-vyznam-by-necyklisti-len-tazko-pochopili\/#primaryimage"},"thumbnailUrl":"https:\/\/d2p6e6u75xmxt8.cloudfront.net\/4\/2018\/07\/445784547875_56668468486.webp","datePublished":"2019-02-17T10:00:35+00:00","dateModified":"2019-03-04T12:45:45+00:00","author":{"@id":"https:\/\/www.welovecycling.com\/sk\/#\/schema\/person\/8ee09ba39b7e25b1870160aa5b3a89bc"},"breadcrumb":{"@id":"https:\/\/www.welovecycling.com\/sk\/2019\/02\/17\/13-veci-ktorych-vyznam-by-necyklisti-len-tazko-pochopili\/#breadcrumb"},"inLanguage":"sk-SK","potentialAction":[{"@type":"ReadAction","target":["https:\/\/www.welovecycling.com\/sk\/2019\/02\/17\/13-veci-ktorych-vyznam-by-necyklisti-len-tazko-pochopili\/"]}]},{"@type":"ImageObject","inLanguage":"sk-SK","@id":"https:\/\/www.welovecycling.com\/sk\/2019\/02\/17\/13-veci-ktorych-vyznam-by-necyklisti-len-tazko-pochopili\/#primaryimage","url":"https:\/\/d2p6e6u75xmxt8.cloudfront.net\/4\/2018\/07\/445784547875_56668468486.webp","contentUrl":"https:\/\/d2p6e6u75xmxt8.cloudfront.net\/4\/2018\/07\/445784547875_56668468486.webp","width":1366,"height":600},{"@type":"BreadcrumbList","@id":"https:\/\/www.welovecycling.com\/sk\/2019\/02\/17\/13-veci-ktorych-vyznam-by-necyklisti-len-tazko-pochopili\/#breadcrumb","itemListElement":[{"@type":"ListItem","position":1,"name":"Home","item":"https:\/\/www.welovecycling.com\/sk\/"},{"@type":"ListItem","position":2,"name":"12 vec\u00ed, ktor\u00fdch v\u00fdznam by necyklisti len \u0165a\u017eko pochopili"}]},{"@type":"WebSite","@id":"https:\/\/www.welovecycling.com\/sk\/#website","url":"https:\/\/www.welovecycling.com\/sk\/","name":"\u0160koda We Love Cycling Slovensko","description":"\u0160koda We Love Cycling Slovensko je v\u00e1\u0161 ka\u017edodenn\u00fd zdroj noviniek a in\u0161pir\u00e1cie z sveta cyklistiky","potentialAction":[{"@type":"SearchAction","target":{"@type":"EntryPoint","urlTemplate":"https:\/\/www.welovecycling.com\/sk\/?s={search_term_string}"},"query-input":{"@type":"PropertyValueSpecification","valueRequired":true,"valueName":"search_term_string"}}],"inLanguage":"sk-SK"},{"@type":"Person","@id":"https:\/\/www.welovecycling.com\/sk\/#\/schema\/person\/8ee09ba39b7e25b1870160aa5b3a89bc","name":"Ondrej Ga\u0161par","image":{"@type":"ImageObject","inLanguage":"sk-SK","@id":"https:\/\/www.welovecycling.com\/sk\/#\/schema\/person\/image\/","url":"https:\/\/secure.gravatar.com\/avatar\/6126c9afb87b70da5abbb083ddbb21933da15f18f8ca7cb822aba0fb096a48f6?s=96&d=mm&r=g","contentUrl":"https:\/\/secure.gravatar.com\/avatar\/6126c9afb87b70da5abbb083ddbb21933da15f18f8ca7cb822aba0fb096a48f6?s=96&d=mm&r=g","caption":"Ondrej Ga\u0161par"},"url":"https:\/\/www.welovecycling.com\/sk\/author\/ondrejgaspar\/"}]}},"_links":{"self":[{"href":"https:\/\/www.welovecycling.com\/sk\/wp-json\/wp\/v2\/posts\/4142","targetHints":{"allow":["GET"]}}],"collection":[{"href":"https:\/\/www.welovecycling.com\/sk\/wp-json\/wp\/v2\/posts"}],"about":[{"href":"https:\/\/www.welovecycling.com\/sk\/wp-json\/wp\/v2\/types\/post"}],"author":[{"embeddable":true,"href":"https:\/\/www.welovecycling.com\/sk\/wp-json\/wp\/v2\/users\/38"}],"replies":[{"embeddable":true,"href":"https:\/\/www.welovecycling.com\/sk\/wp-json\/wp\/v2\/comments?post=4142"}],"version-history":[{"count":2,"href":"https:\/\/www.welovecycling.com\/sk\/wp-json\/wp\/v2\/posts\/4142\/revisions"}],"predecessor-version":[{"id":6428,"href":"https:\/\/www.welovecycling.com\/sk\/wp-json\/wp\/v2\/posts\/4142\/revisions\/6428"}],"wp:featuredmedia":[{"embeddable":true,"href":"https:\/\/www.welovecycling.com\/sk\/wp-json\/wp\/v2\/media\/4144"}],"wp:attachment":[{"href":"https:\/\/www.welovecycling.com\/sk\/wp-json\/wp\/v2\/media?parent=4142"}],"wp:term":[{"taxonomy":"category","embeddable":true,"href":"https:\/\/www.welovecycling.com\/sk\/wp-json\/wp\/v2\/categories?post=4142"},{"taxonomy":"post_tag","embeddable":true,"href":"https:\/\/www.welovecycling.com\/sk\/wp-json\/wp\/v2\/tags?post=4142"},{"taxonomy":"global-categories","embeddable":true,"href":"https:\/\/www.welovecycling.com\/sk\/wp-json\/wp\/v2\/global-categories?post=4142"}],"curies":[{"name":"wp","href":"https:\/\/api.w.org\/{rel}","templated":true}]}}