{"id":4121,"date":"2018-07-10T16:30:54","date_gmt":"2018-07-10T14:30:54","guid":{"rendered":"https:\/\/www.welovecycling.com\/sk\/?p=4121"},"modified":"2018-07-10T16:30:54","modified_gmt":"2018-07-10T14:30:54","slug":"saganov-sip-na-tohtorocnej-tour-de-france-specialized-s-works-venge","status":"publish","type":"post","link":"https:\/\/www.welovecycling.com\/sk\/2018\/07\/10\/saganov-sip-na-tohtorocnej-tour-de-france-specialized-s-works-venge\/","title":{"rendered":"Saganov \u201e\u0161\u00edp\u201c na tohtoro\u010dnej Tour de France &#8211; Specialized S-Works Venge"},"content":{"rendered":"<p><strong>V predve\u010der vypuknutia tohtoro\u010dn\u00e9ho \u201ekoloto\u010da\u201c Tour de France predstavili bicykel, na ktorom bude preteka\u0165 n\u00e1\u0161 trojn\u00e1sobn\u00fd majster sveta a kandid\u00e1t na \u0161iesty zelen\u00fd dres.<\/strong><!--more--><\/p>\n<lite-youtube videoid=Nfr0UJ32y6Q params=\"enablejsapi=1\" style=\"background-image: url('https:\/\/i.ytimg.com\/vi_webp\/Nfr0UJ32y6Q\/maxresdefault.webp');\"><\/lite-youtube>\n<p>Ide o model z dielne jeho dvorn\u00e9ho dod\u00e1vate\u013ea, firmy Specialized a druh\u00e9 pokra\u010dovanie kolekcie <strong>Sagan Collection<\/strong>. Prv\u00fd k\u00fasok tejto limitovanej ed\u00edcie v neprehliadnute\u013enej zlatej farbe bol predstaven\u00fd pred jarnou klasikou Okolo Fl\u00e1mska a Sagan na \u0148om brav\u00farne zv\u00ed\u0165azil na pretekoch Par\u00ed\u017e \u2013 Roubaix.<\/p>\n<p><a href=\"https:\/\/d2p6e6u75xmxt8.cloudfront.net\/4\/2018\/07\/01-3.jpg\"><img loading=\"lazy\" decoding=\"async\" class=\"alignnone size-full wp-image-4123\" src=\"https:\/\/d2p6e6u75xmxt8.cloudfront.net\/4\/2018\/07\/01-3.jpg\" alt=\"\" width=\"1200\" height=\"800\" \/><\/a>(zdroj: FB Peter Sagan)<\/p>\n<p>K\u013e\u00fa\u010dov\u00e9 dizajnov\u00e9 prvky s\u00fa zachovan\u00e9 aj pri tomto modeli, vizu\u00e1lne najv\u00fdraznej\u0161ou zmenou je <strong>prechod od zlatej farby k modro-zelenej a tyrkysovej v kombin\u00e1cii s odtie\u0148om sivej<\/strong>. Pod\u013ea Erika Nohlina, dizajn\u00e9ra kolekcie, je v\u00fdber farby in\u0161pirovan\u00fd farbou mora na Az\u00farovom pobre\u017e\u00ed, kde \u017eije Peter Sagan so svojou man\u017eelkou a synom Marlonom v Monaku a m\u00e1 mu pripom\u00edna\u0165 jeho domov, rodinu a priate\u013eov.<\/p>\n<p><a href=\"https:\/\/d2p6e6u75xmxt8.cloudfront.net\/4\/2018\/07\/02-3.jpg\"><img loading=\"lazy\" decoding=\"async\" class=\"alignnone size-full wp-image-4124\" src=\"https:\/\/d2p6e6u75xmxt8.cloudfront.net\/4\/2018\/07\/02-3.jpg\" alt=\"\" width=\"1200\" height=\"800\" \/><\/a>(zdroj: FB Peter Sagan)<\/p>\n<p>Rovnako ako predch\u00e1dzaj\u00faci bicykel, aj tento nesie kombin\u00e1ciu troch r\u00f4znych farebn\u00fdch odleskov. Tri pruhy na re\u0165azovej vzpere symbolizuj\u00fa tri v\u00ed\u0165azstv\u00e1 a na jej vn\u00fatornej strane s\u00fa uveden\u00e9 roky 2015, 2016, 2017, kedy ich Sagan z\u00edskal. Na sedlovke je uveden\u00fd Saganov cit\u00e1t: <em>\u201eAk nem\u00e1m \u017elt\u00fa, tak m\u00e1m zelen\u00fa. Ak nem\u00e1m zelen\u00fa, tak m\u00e1m d\u00fahu.\u201c<\/em> Bicykel vznikal na z\u00e1klade komunik\u00e1cie s Petrom a ladil sa ka\u017ed\u00fd detail pod\u013ea jeho po\u017eiadaviek.<\/p>\n<div data-rows=\"1\" id='gallery-1' class='gallery-rows-1 gallery galleryid-4121 gallery-columns-2 gallery-size-full'><figure class='gallery-item'>\n\t\t\t<div class='gallery-icon landscape'>\n\t\t\t\t<a href='https:\/\/d2p6e6u75xmxt8.cloudfront.net\/4\/2018\/07\/03-4.webp'><img loading=\"lazy\" decoding=\"async\" width=\"1200\" height=\"800\" src=\"https:\/\/d2p6e6u75xmxt8.cloudfront.net\/4\/2018\/07\/03-4.webp\" class=\"attachment-full size-full\" alt=\"\" srcset=\"https:\/\/d2p6e6u75xmxt8.cloudfront.net\/4\/2018\/07\/03-4.webp 1200w, https:\/\/d2p6e6u75xmxt8.cloudfront.net\/4\/2018\/07\/03-4-300x200.webp 300w, https:\/\/d2p6e6u75xmxt8.cloudfront.net\/4\/2018\/07\/03-4-1024x683.webp 1024w, https:\/\/d2p6e6u75xmxt8.cloudfront.net\/4\/2018\/07\/03-4-768x512.webp 768w, https:\/\/d2p6e6u75xmxt8.cloudfront.net\/4\/2018\/07\/03-4-272x182.webp 272w\" sizes=\"auto, (max-width: 1200px) 100vw, 1200px\" \/><\/a>\n\t\t\t<\/div><\/figure><figure class='gallery-item'>\n\t\t\t<div class='gallery-icon landscape'>\n\t\t\t\t<a href='https:\/\/d2p6e6u75xmxt8.cloudfront.net\/4\/2018\/07\/09-3.webp'><img loading=\"lazy\" decoding=\"async\" width=\"1200\" height=\"800\" src=\"https:\/\/d2p6e6u75xmxt8.cloudfront.net\/4\/2018\/07\/09-3.webp\" class=\"attachment-full size-full\" alt=\"\" srcset=\"https:\/\/d2p6e6u75xmxt8.cloudfront.net\/4\/2018\/07\/09-3.webp 1200w, https:\/\/d2p6e6u75xmxt8.cloudfront.net\/4\/2018\/07\/09-3-300x200.webp 300w, https:\/\/d2p6e6u75xmxt8.cloudfront.net\/4\/2018\/07\/09-3-1024x683.webp 1024w, https:\/\/d2p6e6u75xmxt8.cloudfront.net\/4\/2018\/07\/09-3-768x512.webp 768w, https:\/\/d2p6e6u75xmxt8.cloudfront.net\/4\/2018\/07\/09-3-272x182.webp 272w\" sizes=\"auto, (max-width: 1200px) 100vw, 1200px\" \/><\/a>\n\t\t\t<\/div><\/figure>\n\t\t<\/div>\n        \n<p>(zdroj: FB Peter Sagan)<\/p>\n<p>T\u00fato \u201elimitku\u201c pou\u017eije Sagan po\u010das prv\u00fdch siedmych et\u00e1p tohtoro\u010dnej Tour de France (okrem t\u00edmovej \u010dasovky). V deviatej etape po kock\u00e1ch presadne na bicykel s r\u00e1fikov\u00fdmi brzdami z kolekcie <strong>Sagan Roubaix<\/strong>. V horsk\u00fdch etap\u00e1ch uvid\u00edme Sagana na S-Works Tarmac SL6.<\/p>\n<div data-rows=\"1\" id='gallery-2' class='gallery-rows-1 gallery galleryid-4121 gallery-columns-3 gallery-size-full'><figure class='gallery-item'>\n\t\t\t<div class='gallery-icon landscape'>\n\t\t\t\t<a href='https:\/\/d2p6e6u75xmxt8.cloudfront.net\/4\/2018\/07\/04-3.webp'><img loading=\"lazy\" decoding=\"async\" width=\"1200\" height=\"800\" src=\"https:\/\/d2p6e6u75xmxt8.cloudfront.net\/4\/2018\/07\/04-3.webp\" class=\"attachment-full size-full\" alt=\"\" srcset=\"https:\/\/d2p6e6u75xmxt8.cloudfront.net\/4\/2018\/07\/04-3.webp 1200w, https:\/\/d2p6e6u75xmxt8.cloudfront.net\/4\/2018\/07\/04-3-300x200.webp 300w, https:\/\/d2p6e6u75xmxt8.cloudfront.net\/4\/2018\/07\/04-3-1024x683.webp 1024w, https:\/\/d2p6e6u75xmxt8.cloudfront.net\/4\/2018\/07\/04-3-768x512.webp 768w, https:\/\/d2p6e6u75xmxt8.cloudfront.net\/4\/2018\/07\/04-3-272x182.webp 272w\" sizes=\"auto, (max-width: 1200px) 100vw, 1200px\" \/><\/a>\n\t\t\t<\/div><\/figure><figure class='gallery-item'>\n\t\t\t<div class='gallery-icon landscape'>\n\t\t\t\t<a href='https:\/\/d2p6e6u75xmxt8.cloudfront.net\/4\/2018\/07\/05-4.webp'><img loading=\"lazy\" decoding=\"async\" width=\"1200\" height=\"800\" src=\"https:\/\/d2p6e6u75xmxt8.cloudfront.net\/4\/2018\/07\/05-4.webp\" class=\"attachment-full size-full\" alt=\"\" srcset=\"https:\/\/d2p6e6u75xmxt8.cloudfront.net\/4\/2018\/07\/05-4.webp 1200w, https:\/\/d2p6e6u75xmxt8.cloudfront.net\/4\/2018\/07\/05-4-300x200.webp 300w, https:\/\/d2p6e6u75xmxt8.cloudfront.net\/4\/2018\/07\/05-4-1024x683.webp 1024w, https:\/\/d2p6e6u75xmxt8.cloudfront.net\/4\/2018\/07\/05-4-768x512.webp 768w, https:\/\/d2p6e6u75xmxt8.cloudfront.net\/4\/2018\/07\/05-4-272x182.webp 272w\" sizes=\"auto, (max-width: 1200px) 100vw, 1200px\" \/><\/a>\n\t\t\t<\/div><\/figure><figure class='gallery-item'>\n\t\t\t<div class='gallery-icon landscape'>\n\t\t\t\t<a href='https:\/\/d2p6e6u75xmxt8.cloudfront.net\/4\/2018\/07\/06-4.webp'><img loading=\"lazy\" decoding=\"async\" width=\"1200\" height=\"800\" src=\"https:\/\/d2p6e6u75xmxt8.cloudfront.net\/4\/2018\/07\/06-4.webp\" class=\"attachment-full size-full\" alt=\"\" srcset=\"https:\/\/d2p6e6u75xmxt8.cloudfront.net\/4\/2018\/07\/06-4.webp 1200w, https:\/\/d2p6e6u75xmxt8.cloudfront.net\/4\/2018\/07\/06-4-300x200.webp 300w, https:\/\/d2p6e6u75xmxt8.cloudfront.net\/4\/2018\/07\/06-4-1024x683.webp 1024w, https:\/\/d2p6e6u75xmxt8.cloudfront.net\/4\/2018\/07\/06-4-768x512.webp 768w, https:\/\/d2p6e6u75xmxt8.cloudfront.net\/4\/2018\/07\/06-4-272x182.webp 272w\" sizes=\"auto, (max-width: 1200px) 100vw, 1200px\" \/><\/a>\n\t\t\t<\/div><\/figure>\n\t\t<\/div>\n        \n<p>(zdroj: Martin Domok\/Sport24.sk)<\/p>\n<h2><strong>\u0160pecifik\u00e1cia<\/strong><\/h2>\n<ul>\n<li><strong>R\u00e1m:<\/strong> Specialized S-Works Venge Sagan Collection FACT carbon, ve\u013ekos\u0165 56<\/li>\n<li><strong>Vidlica:<\/strong> Specialized S-Works Venge Sagan Collection FACT carbon<\/li>\n<li><strong>Predn\u00e1 brzda:<\/strong> Shimano Dura-Ace R9120, 160 mm Shimano Dura-Ace rotor<\/li>\n<li><strong>Zadn\u00e1 brzda:<\/strong> Shimano Dura-Ace R9120, 140 mm Shimano Dura-Ace rotor<\/li>\n<li><strong>Brzdov\u00e9\/radiace p\u00e1ky:<\/strong> Shimano Dura-Ace R9170<\/li>\n<li><strong>Pre\u0161myka\u010d:<\/strong> Shimano Dura-Ace R9150<\/li>\n<li><strong>Zadn\u00e1 prehadzova\u010dka:<\/strong> Shimano Dura-Ace R9150<\/li>\n<li><strong>Kazeta:<\/strong> Shimano Dura-Ace R9100, 11-28<\/li>\n<li><strong>Re\u0165az:<\/strong> Shimano Dura-Ace R9100<\/li>\n<li><strong>K\u013euky:<\/strong> Shimano Dura-Ace R9100 so Specialized power meter, 172.5 mm k\u013euky, 54\/42 prevodn\u00edky<\/li>\n<li><strong>Stredov\u00e9 zlo\u017eenie:<\/strong> CeramicSpeed BB30<\/li>\n<li><strong>Sada kolies:<\/strong> Roval CLX 64 s lo\u017eiskami CeramicSpeed<\/li>\n<li><strong>Pl\u00e1\u0161te:<\/strong> S-Works Turbo, 26 mm<\/li>\n<li><strong>Riad\u00edtka:<\/strong> S-Works Aerofly 2, 420 mm<\/li>\n<li><strong>Sedlovka:<\/strong> Specialized S-Works Venge, 145 mm<\/li>\n<li><strong>Omot\u00e1vka:<\/strong> Supacaz<\/li>\n<li><strong>Ped\u00e1le:<\/strong> Shimano Dura-Ace R9100<\/li>\n<li><strong>Sedlo:<\/strong> Specialized S-Works Romin Evo<\/li>\n<\/ul>\n<div data-rows=\"1\" id='gallery-3' class='gallery-rows-1 gallery galleryid-4121 gallery-columns-2 gallery-size-full'><figure class='gallery-item'>\n\t\t\t<div class='gallery-icon landscape'>\n\t\t\t\t<a href='https:\/\/d2p6e6u75xmxt8.cloudfront.net\/4\/2018\/07\/07-3.webp'><img loading=\"lazy\" decoding=\"async\" width=\"1200\" height=\"800\" src=\"https:\/\/d2p6e6u75xmxt8.cloudfront.net\/4\/2018\/07\/07-3.webp\" class=\"attachment-full size-full\" alt=\"\" srcset=\"https:\/\/d2p6e6u75xmxt8.cloudfront.net\/4\/2018\/07\/07-3.webp 1200w, https:\/\/d2p6e6u75xmxt8.cloudfront.net\/4\/2018\/07\/07-3-300x200.webp 300w, https:\/\/d2p6e6u75xmxt8.cloudfront.net\/4\/2018\/07\/07-3-1024x683.webp 1024w, https:\/\/d2p6e6u75xmxt8.cloudfront.net\/4\/2018\/07\/07-3-768x512.webp 768w, https:\/\/d2p6e6u75xmxt8.cloudfront.net\/4\/2018\/07\/07-3-272x182.webp 272w\" sizes=\"auto, (max-width: 1200px) 100vw, 1200px\" \/><\/a>\n\t\t\t<\/div><\/figure><figure class='gallery-item'>\n\t\t\t<div class='gallery-icon landscape'>\n\t\t\t\t<a href='https:\/\/d2p6e6u75xmxt8.cloudfront.net\/4\/2018\/07\/08-3.webp'><img loading=\"lazy\" decoding=\"async\" width=\"1200\" height=\"800\" src=\"https:\/\/d2p6e6u75xmxt8.cloudfront.net\/4\/2018\/07\/08-3.webp\" class=\"attachment-full size-full\" alt=\"\" srcset=\"https:\/\/d2p6e6u75xmxt8.cloudfront.net\/4\/2018\/07\/08-3.webp 1200w, https:\/\/d2p6e6u75xmxt8.cloudfront.net\/4\/2018\/07\/08-3-300x200.webp 300w, https:\/\/d2p6e6u75xmxt8.cloudfront.net\/4\/2018\/07\/08-3-1024x683.webp 1024w, https:\/\/d2p6e6u75xmxt8.cloudfront.net\/4\/2018\/07\/08-3-768x512.webp 768w, https:\/\/d2p6e6u75xmxt8.cloudfront.net\/4\/2018\/07\/08-3-272x182.webp 272w\" sizes=\"auto, (max-width: 1200px) 100vw, 1200px\" \/><\/a>\n\t\t\t<\/div><\/figure>\n\t\t<\/div>\n        \n<p>(zdroj: Martin Domok\/Sport24.sk)<\/p>\n<p>V limitovanom po\u010dte je Sagan Collection dostupn\u00e1 aj pre spotrebite\u013eov, samozrejme spolu s dokonale ladiacimi doplnkami. Nohlin ale upozor\u0148uje, \u017ee rovnako ako pri prvej verzii, o\u010dak\u00e1vaj\u00fa ve\u013emi r\u00fdchle vypredanie. Tak\u017ee, ak m\u00e1te nazvy\u0161 nie\u010do cez 11 000 \u20ac, ur\u010dite sa popon\u00e1h\u013eajte :).<\/p>\n","protected":false},"excerpt":{"rendered":"<p>V predve\u010der vypuknutia tohtoro\u010dn\u00e9ho \u201ekoloto\u010da\u201c Tour de France predstavili bicykel, na ktorom bude preteka\u0165 n\u00e1\u0161 trojn\u00e1sobn\u00fd majster sveta a kandid\u00e1t [&hellip;]<\/p>\n","protected":false},"author":38,"featured_media":4132,"comment_status":"open","ping_status":"open","sticky":false,"template":"","format":"standard","meta":{"footnotes":""},"categories":[4,117],"tags":[115,487,46,488,486,489,20,308],"global-categories":[],"class_list":["post-4121","post","type-post","status-publish","format-standard","has-post-thumbnail","hentry","category-cestna-cyklisitika","category-tour-de-france","tag-cestna-cyklistika","tag-cestny-bicykel","tag-peter-sagan","tag-sagan-collection","tag-specialized","tag-specialized-s-works-venge","tag-tour-de-france","tag-tour-de-france-2018"],"yoast_head":"<!-- This site is optimized with the Yoast SEO Premium plugin v25.3 (Yoast SEO v25.9) - https:\/\/yoast.com\/wordpress\/plugins\/seo\/ -->\n<title>Saganov \u201e\u0161\u00edp\u201c na tohtoro\u010dnej Tour de France - Specialized S-Works Venge - \u0160koda We Love Cycling Slovensko<\/title>\n<meta name=\"robots\" content=\"index, follow, max-snippet:-1, max-image-preview:large, max-video-preview:-1\" \/>\n<link rel=\"canonical\" href=\"https:\/\/www.welovecycling.com\/sk\/2018\/07\/10\/saganov-sip-na-tohtorocnej-tour-de-france-specialized-s-works-venge\/\" \/>\n<meta property=\"og:locale\" content=\"sk_SK\" \/>\n<meta property=\"og:type\" content=\"article\" \/>\n<meta property=\"og:title\" content=\"Saganov \u201e\u0161\u00edp\u201c na tohtoro\u010dnej Tour de France - Specialized S-Works Venge\" \/>\n<meta property=\"og:description\" content=\"V predve\u010der vypuknutia tohtoro\u010dn\u00e9ho \u201ekoloto\u010da\u201c Tour de France predstavili bicykel, na ktorom bude preteka\u0165 n\u00e1\u0161 trojn\u00e1sobn\u00fd majster sveta a kandid\u00e1t [&hellip;]\" \/>\n<meta property=\"og:url\" content=\"https:\/\/www.welovecycling.com\/sk\/2018\/07\/10\/saganov-sip-na-tohtorocnej-tour-de-france-specialized-s-works-venge\/\" \/>\n<meta property=\"og:site_name\" content=\"\u0160koda We Love Cycling Slovensko\" \/>\n<meta property=\"article:published_time\" content=\"2018-07-10T14:30:54+00:00\" \/>\n<meta property=\"og:image\" content=\"https:\/\/d2p6e6u75xmxt8.cloudfront.net\/4\/2018\/07\/titulka-4.webp\" \/>\n\t<meta property=\"og:image:width\" content=\"1375\" \/>\n\t<meta property=\"og:image:height\" content=\"600\" \/>\n\t<meta property=\"og:image:type\" content=\"image\/webp\" \/>\n<meta name=\"author\" content=\"Ondrej Ga\u0161par\" \/>\n<meta name=\"twitter:card\" content=\"summary_large_image\" \/>\n<meta name=\"twitter:label1\" content=\"Written by\" \/>\n\t<meta name=\"twitter:data1\" content=\"We Love Cycling\" \/>\n\t<meta name=\"twitter:label2\" content=\"Est. reading time\" \/>\n\t<meta name=\"twitter:data2\" content=\"3\" \/>\n<script type=\"application\/ld+json\" class=\"yoast-schema-graph\">{\"@context\":\"https:\/\/schema.org\",\"@graph\":[{\"@type\":\"WebPage\",\"@id\":\"https:\/\/www.welovecycling.com\/sk\/2018\/07\/10\/saganov-sip-na-tohtorocnej-tour-de-france-specialized-s-works-venge\/\",\"url\":\"https:\/\/www.welovecycling.com\/sk\/2018\/07\/10\/saganov-sip-na-tohtorocnej-tour-de-france-specialized-s-works-venge\/\",\"name\":\"Saganov \u201e\u0161\u00edp\u201c na tohtoro\u010dnej Tour de France - Specialized S-Works Venge - \u0160koda We Love Cycling Slovensko\",\"isPartOf\":{\"@id\":\"https:\/\/www.welovecycling.com\/sk\/#website\"},\"primaryImageOfPage\":{\"@id\":\"https:\/\/www.welovecycling.com\/sk\/2018\/07\/10\/saganov-sip-na-tohtorocnej-tour-de-france-specialized-s-works-venge\/#primaryimage\"},\"image\":{\"@id\":\"https:\/\/www.welovecycling.com\/sk\/2018\/07\/10\/saganov-sip-na-tohtorocnej-tour-de-france-specialized-s-works-venge\/#primaryimage\"},\"thumbnailUrl\":\"https:\/\/d2p6e6u75xmxt8.cloudfront.net\/4\/2018\/07\/titulka-4.webp\",\"datePublished\":\"2018-07-10T14:30:54+00:00\",\"author\":{\"@id\":\"https:\/\/www.welovecycling.com\/sk\/#\/schema\/person\/8ee09ba39b7e25b1870160aa5b3a89bc\"},\"breadcrumb\":{\"@id\":\"https:\/\/www.welovecycling.com\/sk\/2018\/07\/10\/saganov-sip-na-tohtorocnej-tour-de-france-specialized-s-works-venge\/#breadcrumb\"},\"inLanguage\":\"sk-SK\",\"potentialAction\":[{\"@type\":\"ReadAction\",\"target\":[\"https:\/\/www.welovecycling.com\/sk\/2018\/07\/10\/saganov-sip-na-tohtorocnej-tour-de-france-specialized-s-works-venge\/\"]}]},{\"@type\":\"ImageObject\",\"inLanguage\":\"sk-SK\",\"@id\":\"https:\/\/www.welovecycling.com\/sk\/2018\/07\/10\/saganov-sip-na-tohtorocnej-tour-de-france-specialized-s-works-venge\/#primaryimage\",\"url\":\"https:\/\/d2p6e6u75xmxt8.cloudfront.net\/4\/2018\/07\/titulka-4.webp\",\"contentUrl\":\"https:\/\/d2p6e6u75xmxt8.cloudfront.net\/4\/2018\/07\/titulka-4.webp\",\"width\":1375,\"height\":600},{\"@type\":\"BreadcrumbList\",\"@id\":\"https:\/\/www.welovecycling.com\/sk\/2018\/07\/10\/saganov-sip-na-tohtorocnej-tour-de-france-specialized-s-works-venge\/#breadcrumb\",\"itemListElement\":[{\"@type\":\"ListItem\",\"position\":1,\"name\":\"Home\",\"item\":\"https:\/\/www.welovecycling.com\/sk\/\"},{\"@type\":\"ListItem\",\"position\":2,\"name\":\"Saganov \u201e\u0161\u00edp\u201c na tohtoro\u010dnej Tour de France &#8211; Specialized S-Works Venge\"}]},{\"@type\":\"WebSite\",\"@id\":\"https:\/\/www.welovecycling.com\/sk\/#website\",\"url\":\"https:\/\/www.welovecycling.com\/sk\/\",\"name\":\"\u0160koda We Love Cycling Slovensko\",\"description\":\"\u0160koda We Love Cycling Slovensko je v\u00e1\u0161 ka\u017edodenn\u00fd zdroj noviniek a in\u0161pir\u00e1cie z sveta cyklistiky\",\"potentialAction\":[{\"@type\":\"SearchAction\",\"target\":{\"@type\":\"EntryPoint\",\"urlTemplate\":\"https:\/\/www.welovecycling.com\/sk\/?s={search_term_string}\"},\"query-input\":{\"@type\":\"PropertyValueSpecification\",\"valueRequired\":true,\"valueName\":\"search_term_string\"}}],\"inLanguage\":\"sk-SK\"},{\"@type\":\"Person\",\"@id\":\"https:\/\/www.welovecycling.com\/sk\/#\/schema\/person\/8ee09ba39b7e25b1870160aa5b3a89bc\",\"name\":\"Ondrej Ga\u0161par\",\"image\":{\"@type\":\"ImageObject\",\"inLanguage\":\"sk-SK\",\"@id\":\"https:\/\/www.welovecycling.com\/sk\/#\/schema\/person\/image\/\",\"url\":\"https:\/\/secure.gravatar.com\/avatar\/6126c9afb87b70da5abbb083ddbb21933da15f18f8ca7cb822aba0fb096a48f6?s=96&d=mm&r=g\",\"contentUrl\":\"https:\/\/secure.gravatar.com\/avatar\/6126c9afb87b70da5abbb083ddbb21933da15f18f8ca7cb822aba0fb096a48f6?s=96&d=mm&r=g\",\"caption\":\"Ondrej Ga\u0161par\"},\"url\":\"https:\/\/www.welovecycling.com\/sk\/author\/ondrejgaspar\/\"}]}<\/script>\n<!-- \/ Yoast SEO Premium plugin. -->","yoast_head_json":{"title":"Saganov \u201e\u0161\u00edp\u201c na tohtoro\u010dnej Tour de France - Specialized S-Works Venge - \u0160koda We Love Cycling Slovensko","robots":{"index":"index","follow":"follow","max-snippet":"max-snippet:-1","max-image-preview":"max-image-preview:large","max-video-preview":"max-video-preview:-1"},"canonical":"https:\/\/www.welovecycling.com\/sk\/2018\/07\/10\/saganov-sip-na-tohtorocnej-tour-de-france-specialized-s-works-venge\/","og_locale":"sk_SK","og_type":"article","og_title":"Saganov \u201e\u0161\u00edp\u201c na tohtoro\u010dnej Tour de France - Specialized S-Works Venge","og_description":"V predve\u010der vypuknutia tohtoro\u010dn\u00e9ho \u201ekoloto\u010da\u201c Tour de France predstavili bicykel, na ktorom bude preteka\u0165 n\u00e1\u0161 trojn\u00e1sobn\u00fd majster sveta a kandid\u00e1t [&hellip;]","og_url":"https:\/\/www.welovecycling.com\/sk\/2018\/07\/10\/saganov-sip-na-tohtorocnej-tour-de-france-specialized-s-works-venge\/","og_site_name":"\u0160koda We Love Cycling Slovensko","article_published_time":"2018-07-10T14:30:54+00:00","og_image":[{"width":1375,"height":600,"url":"https:\/\/d2p6e6u75xmxt8.cloudfront.net\/4\/2018\/07\/titulka-4.webp","type":"image\/webp"}],"author":"Ondrej Ga\u0161par","twitter_card":"summary_large_image","twitter_misc":{"Written by":"We Love Cycling","Est. reading time":"3"},"schema":{"@context":"https:\/\/schema.org","@graph":[{"@type":"WebPage","@id":"https:\/\/www.welovecycling.com\/sk\/2018\/07\/10\/saganov-sip-na-tohtorocnej-tour-de-france-specialized-s-works-venge\/","url":"https:\/\/www.welovecycling.com\/sk\/2018\/07\/10\/saganov-sip-na-tohtorocnej-tour-de-france-specialized-s-works-venge\/","name":"Saganov \u201e\u0161\u00edp\u201c na tohtoro\u010dnej Tour de France - Specialized S-Works Venge - \u0160koda We Love Cycling Slovensko","isPartOf":{"@id":"https:\/\/www.welovecycling.com\/sk\/#website"},"primaryImageOfPage":{"@id":"https:\/\/www.welovecycling.com\/sk\/2018\/07\/10\/saganov-sip-na-tohtorocnej-tour-de-france-specialized-s-works-venge\/#primaryimage"},"image":{"@id":"https:\/\/www.welovecycling.com\/sk\/2018\/07\/10\/saganov-sip-na-tohtorocnej-tour-de-france-specialized-s-works-venge\/#primaryimage"},"thumbnailUrl":"https:\/\/d2p6e6u75xmxt8.cloudfront.net\/4\/2018\/07\/titulka-4.webp","datePublished":"2018-07-10T14:30:54+00:00","author":{"@id":"https:\/\/www.welovecycling.com\/sk\/#\/schema\/person\/8ee09ba39b7e25b1870160aa5b3a89bc"},"breadcrumb":{"@id":"https:\/\/www.welovecycling.com\/sk\/2018\/07\/10\/saganov-sip-na-tohtorocnej-tour-de-france-specialized-s-works-venge\/#breadcrumb"},"inLanguage":"sk-SK","potentialAction":[{"@type":"ReadAction","target":["https:\/\/www.welovecycling.com\/sk\/2018\/07\/10\/saganov-sip-na-tohtorocnej-tour-de-france-specialized-s-works-venge\/"]}]},{"@type":"ImageObject","inLanguage":"sk-SK","@id":"https:\/\/www.welovecycling.com\/sk\/2018\/07\/10\/saganov-sip-na-tohtorocnej-tour-de-france-specialized-s-works-venge\/#primaryimage","url":"https:\/\/d2p6e6u75xmxt8.cloudfront.net\/4\/2018\/07\/titulka-4.webp","contentUrl":"https:\/\/d2p6e6u75xmxt8.cloudfront.net\/4\/2018\/07\/titulka-4.webp","width":1375,"height":600},{"@type":"BreadcrumbList","@id":"https:\/\/www.welovecycling.com\/sk\/2018\/07\/10\/saganov-sip-na-tohtorocnej-tour-de-france-specialized-s-works-venge\/#breadcrumb","itemListElement":[{"@type":"ListItem","position":1,"name":"Home","item":"https:\/\/www.welovecycling.com\/sk\/"},{"@type":"ListItem","position":2,"name":"Saganov \u201e\u0161\u00edp\u201c na tohtoro\u010dnej Tour de France &#8211; Specialized S-Works Venge"}]},{"@type":"WebSite","@id":"https:\/\/www.welovecycling.com\/sk\/#website","url":"https:\/\/www.welovecycling.com\/sk\/","name":"\u0160koda We Love Cycling Slovensko","description":"\u0160koda We Love Cycling Slovensko je v\u00e1\u0161 ka\u017edodenn\u00fd zdroj noviniek a in\u0161pir\u00e1cie z sveta cyklistiky","potentialAction":[{"@type":"SearchAction","target":{"@type":"EntryPoint","urlTemplate":"https:\/\/www.welovecycling.com\/sk\/?s={search_term_string}"},"query-input":{"@type":"PropertyValueSpecification","valueRequired":true,"valueName":"search_term_string"}}],"inLanguage":"sk-SK"},{"@type":"Person","@id":"https:\/\/www.welovecycling.com\/sk\/#\/schema\/person\/8ee09ba39b7e25b1870160aa5b3a89bc","name":"Ondrej Ga\u0161par","image":{"@type":"ImageObject","inLanguage":"sk-SK","@id":"https:\/\/www.welovecycling.com\/sk\/#\/schema\/person\/image\/","url":"https:\/\/secure.gravatar.com\/avatar\/6126c9afb87b70da5abbb083ddbb21933da15f18f8ca7cb822aba0fb096a48f6?s=96&d=mm&r=g","contentUrl":"https:\/\/secure.gravatar.com\/avatar\/6126c9afb87b70da5abbb083ddbb21933da15f18f8ca7cb822aba0fb096a48f6?s=96&d=mm&r=g","caption":"Ondrej Ga\u0161par"},"url":"https:\/\/www.welovecycling.com\/sk\/author\/ondrejgaspar\/"}]}},"_links":{"self":[{"href":"https:\/\/www.welovecycling.com\/sk\/wp-json\/wp\/v2\/posts\/4121","targetHints":{"allow":["GET"]}}],"collection":[{"href":"https:\/\/www.welovecycling.com\/sk\/wp-json\/wp\/v2\/posts"}],"about":[{"href":"https:\/\/www.welovecycling.com\/sk\/wp-json\/wp\/v2\/types\/post"}],"author":[{"embeddable":true,"href":"https:\/\/www.welovecycling.com\/sk\/wp-json\/wp\/v2\/users\/38"}],"replies":[{"embeddable":true,"href":"https:\/\/www.welovecycling.com\/sk\/wp-json\/wp\/v2\/comments?post=4121"}],"version-history":[{"count":2,"href":"https:\/\/www.welovecycling.com\/sk\/wp-json\/wp\/v2\/posts\/4121\/revisions"}],"predecessor-version":[{"id":4139,"href":"https:\/\/www.welovecycling.com\/sk\/wp-json\/wp\/v2\/posts\/4121\/revisions\/4139"}],"wp:featuredmedia":[{"embeddable":true,"href":"https:\/\/www.welovecycling.com\/sk\/wp-json\/wp\/v2\/media\/4132"}],"wp:attachment":[{"href":"https:\/\/www.welovecycling.com\/sk\/wp-json\/wp\/v2\/media?parent=4121"}],"wp:term":[{"taxonomy":"category","embeddable":true,"href":"https:\/\/www.welovecycling.com\/sk\/wp-json\/wp\/v2\/categories?post=4121"},{"taxonomy":"post_tag","embeddable":true,"href":"https:\/\/www.welovecycling.com\/sk\/wp-json\/wp\/v2\/tags?post=4121"},{"taxonomy":"global-categories","embeddable":true,"href":"https:\/\/www.welovecycling.com\/sk\/wp-json\/wp\/v2\/global-categories?post=4121"}],"curies":[{"name":"wp","href":"https:\/\/api.w.org\/{rel}","templated":true}]}}