{"id":4084,"date":"2018-07-09T13:00:00","date_gmt":"2018-07-09T11:00:00","guid":{"rendered":"https:\/\/www.welovecycling.com\/sk\/?p=4084"},"modified":"2023-04-19T11:27:06","modified_gmt":"2023-04-19T09:27:06","slug":"sagan-po-prvych-dvoch-etapach-v-zltom-drese","status":"publish","type":"post","link":"https:\/\/www.welovecycling.com\/sk\/2018\/07\/09\/sagan-po-prvych-dvoch-etapach-v-zltom-drese\/","title":{"rendered":"Sagan po prv\u00fdch dvoch etap\u00e1ch v \u017eltom drese"},"content":{"rendered":"<p><strong>Ani sme sa nenazdali a dnes sa u\u017e cyklisti postavia na \u0161tart tretej etapy v podobe t\u00edmovej \u010dasovky. Prv\u00e9 dve etapy splnili o\u010dak\u00e1vania a priniesli nejednu dramatick\u00fa situ\u00e1ciu.<\/strong><!--more--><\/p>\n<p><a href=\"https:\/\/d2p6e6u75xmxt8.cloudfront.net\/4\/2018\/07\/01-2.jpg\"><img loading=\"lazy\" decoding=\"async\" class=\"alignnone size-full wp-image-4088\" src=\"https:\/\/d2p6e6u75xmxt8.cloudfront.net\/4\/2018\/07\/01-2.jpg\" alt=\"\" width=\"1200\" height=\"800\" \/><\/a><\/p>\n<p>Stopiaty ro\u010dn\u00edk Tour de France od\u0161tartoval v sobotu pomerne jednoduch\u00fdm profilom, ale ke\u010f\u017ee \u00favodn\u00e9 etapy \u201eStarej d\u00e1my\u201c s\u00fa v\u017edy mimoriadne hektick\u00e9, bolo ist\u00e9, \u017ee sa m\u00e1me na \u010do te\u0161i\u0165. Trasa etapy merala 201 km a viedla z Noirmoutier-en-l&#8217;ile do Fontenay-le-Comte.<\/p>\n<p>Ve\u013ek\u00fd de\u0148 mali pred sebou najm\u00e4 \u0161print\u00e9ri, ktor\u00fdch okrem etapov\u00e9ho triumfu motivoval aj \u017elt\u00fd dres. V\u0161etci \u010dakali, ako zamie\u0161a karty <strong>novinka tohoto ro\u010dn\u00edka &#8211; Bonus point<\/strong>, s ktorou sa stretneme v \u00favodn\u00fdch deviatich etap\u00e1ch, okrem t\u00edmovej \u010dasovky. Na trase bud\u00fa umiestnen\u00e9 \u0161peci\u00e1lne miesta, za ktor\u00fdch prejazd prv\u00ed traja cyklisti z\u00edskaj\u00fa bonus v podobe troch, dvoch a jednej sekundy.<\/p>\n<p><a href=\"https:\/\/d2p6e6u75xmxt8.cloudfront.net\/4\/2018\/07\/02-2.jpg\"><img loading=\"lazy\" decoding=\"async\" class=\"alignnone size-full wp-image-4089\" src=\"https:\/\/d2p6e6u75xmxt8.cloudfront.net\/4\/2018\/07\/02-2.jpg\" alt=\"\" width=\"1200\" height=\"800\" \/><\/a><\/p>\n<p><strong>Prv\u00e1 etapa<\/strong> prebiehala pomerne pokojne, poriadne ju zdramatizovalo len posledn\u00fdch desa\u0165 kilometrov. Ve\u013ek\u00fd hromadn\u00fd p\u00e1d rozdelil hlavn\u00fa skupinu a vzadu zostali aj tak\u00e9 men\u00e1 ako Porte, Yates, D\u00e9mare. V druhej skupine fini\u0161oval aj Froome, ktor\u00fd spadol, ke\u010f bol vytla\u010den\u00fd Marcelom Kittelom na tr\u00e1vu. Britsk\u00fd jazdec sa musel vraca\u0165 a pri tom m\u00ed\u0148al Naira Quintanu, ktor\u00fd musel cca 400 m pred ochrannou z\u00f3nou meni\u0165 po\u0161koden\u00e9 zadn\u00e9 koleso.<\/p>\n<lite-youtube videoid=pjG6tX2JBAo params=\"enablejsapi=1\" style=\"background-image: url('https:\/\/i.ytimg.com\/vi_webp\/pjG6tX2JBAo\/maxresdefault.webp');\"><\/lite-youtube>\n<p>Viacer\u00ed \u0161print\u00e9ri si v\u0161ak poradili s touto vyp\u00e4tou situ\u00e1ciou a na p\u00e1ske sme videli kvalitn\u00fd s\u00faboj o etapov\u00fd triumf, v ktorom nech\u00fdbal ani n\u00e1\u0161 Peter Sagan. Napokon fini\u0161oval na druhom mieste a v z\u00e1vere\u010dnom \u0161printe nesta\u010dil len na <strong>Kolumbij\u010dana Fernanda Gaviriu z Quick-Step Floors<\/strong>, ktor\u00fd tak svoju premi\u00e9ru na TdF korunoval etapov\u00fdm v\u00ed\u0165azstvom.<\/p>\n<p><a href=\"https:\/\/d2p6e6u75xmxt8.cloudfront.net\/4\/2018\/07\/03-3.jpg\"><img loading=\"lazy\" decoding=\"async\" class=\"alignnone size-full wp-image-4090\" src=\"https:\/\/d2p6e6u75xmxt8.cloudfront.net\/4\/2018\/07\/03-3.jpg\" alt=\"\" width=\"1200\" height=\"800\" \/><\/a><\/p>\n<p><strong>Druh\u00e1 etapa<\/strong> mala d\u013a\u017eku 182,5 km a viedla z Mouilleron-Saint-Germain do La Roche-sur-Yon v departmente Vend\u00e9e na z\u00e1pade Franc\u00fazska. O\u010dak\u00e1val sa podobn\u00fd priebeh ako na sobot\u0148aj\u0161ej \u00favodnej etape. Dopredu sa kr\u00e1tko po \u0161tarte dostala trojica cyklistov &#8211; Michael Gogl (Trek-Segafredo), Sylvain Chavanel (Direct Energie) a Dion Smith (Wanty-Groupe Gobert). Horsk\u00fa pr\u00e9miu na 28. kilometri na st\u00fapan\u00ed C\u00f4te de Pouzauges s d\u013a\u017ekou 1 km a priemern\u00fdm sklonom 3,9 % <strong>vyhral Smith a z\u00edskal bod do vrch\u00e1rskej s\u00fa\u0165a\u017ee<\/strong>. Vpredu tak zostal osamoten\u00fd Chavanel jazdiaci po 18. raz na Tour de France, ktor\u00fd bol napokon prv\u00fd na r\u00fdchlostnej pr\u00e9mii v Beaulieu-sous-la-Roche 50,5 km pred cie\u013eom a do bodovacej s\u00fa\u0165a\u017ee si prip\u00edsal 20 bodov. S odstupom vy\u0161e troch min\u00fat dotiahol pelot\u00f3n na pr\u00e9miu <strong>Peter Sagan a z\u00edskal 17 bodov. <\/strong>Hne\u010f za n\u00edm sa vyviezol jej l\u00edder Fernando Gaviria. Po \u0161karedom p\u00e1de sa o \u010dosi nesk\u00f4r s pretekmi nedobrovo\u013ene rozl\u00fa\u010dil \u0160paniel Luis Leon S\u00e1nchez. L\u00edder Astany.<\/p>\n<lite-youtube videoid=YtAGlmeGFlM params=\"enablejsapi=1\" style=\"background-image: url('https:\/\/i.ytimg.com\/vi_webp\/YtAGlmeGFlM\/maxresdefault.webp');\"><\/lite-youtube>\n<p>Osud etapy spe\u010datil dva kilometre pred cie\u013eom hromadn\u00fd p\u00e1d, v ktorom skon\u010dil aj Gaviria (Quick-Step Floors) v \u017eltom drese, aj Austr\u00e1l\u010dan Michael Matthews (Sunweb). V z\u00e1vere\u010dnom kilometri tak zostala vpredu skupina pribli\u017ene 15 pretek\u00e1rov aj s <strong>Petrom Saganom. <\/strong>Ten\u00a0nenechal ni\u010d na n\u00e1hodu a <strong>po deviaty raz v kari\u00e9re sa stal v\u00ed\u0165azom etapy na TdF<\/strong> a prip\u00edsal si tak 37. p\u00f3diov\u00e9 umiestnenie (9-19-9) na najsl\u00e1vnej\u0161\u00edch pretekoch.<\/p>\n<lite-youtube videoid=qlBEGIAxZTE params=\"enablejsapi=1\" style=\"background-image: url('https:\/\/i.ytimg.com\/vi_webp\/qlBEGIAxZTE\/maxresdefault.webp');\"><\/lite-youtube>\n<p>Ke\u010f\u017ee doteraj\u0161\u00ed l\u00edder pretekov Gaviria sa v z\u00e1vere nevyhol p\u00e1du, Sagan si oble\u010die \u017elt\u00fd dres ved\u00faceho pretek\u00e1ra pelot\u00f3nu. Pred Gaviriom m\u00e1 n\u00e1skok 6 sek\u00fand a pred Colbrellim 10 sek\u00fand. Sagan sa dostal aj na \u010delo bodovacej s\u00fa\u0165a\u017ee so ziskom 104 bodov. Na druh\u00fa prie\u010dku v s\u00fa\u0165a\u017ei o ob\u013e\u00faben\u00fd zelen\u00fd dres odsunul Gaviriu, ktor\u00fd zaost\u00e1va o 26 bodov.<\/p>\n<div data-rows=\"1\" id='gallery-1' class='gallery-rows-1 gallery galleryid-4084 gallery-columns-2 gallery-size-full'><figure class='gallery-item'>\n\t\t\t<div class='gallery-icon landscape'>\n\t\t\t\t<a href='https:\/\/d2p6e6u75xmxt8.cloudfront.net\/4\/2018\/07\/04-2.webp'><img loading=\"lazy\" decoding=\"async\" width=\"1200\" height=\"800\" src=\"https:\/\/d2p6e6u75xmxt8.cloudfront.net\/4\/2018\/07\/04-2.webp\" class=\"attachment-full size-full\" alt=\"\" srcset=\"https:\/\/d2p6e6u75xmxt8.cloudfront.net\/4\/2018\/07\/04-2.webp 1200w, https:\/\/d2p6e6u75xmxt8.cloudfront.net\/4\/2018\/07\/04-2-300x200.webp 300w, https:\/\/d2p6e6u75xmxt8.cloudfront.net\/4\/2018\/07\/04-2-1024x683.webp 1024w, https:\/\/d2p6e6u75xmxt8.cloudfront.net\/4\/2018\/07\/04-2-768x512.webp 768w, https:\/\/d2p6e6u75xmxt8.cloudfront.net\/4\/2018\/07\/04-2-272x182.webp 272w\" sizes=\"auto, (max-width: 1200px) 100vw, 1200px\" \/><\/a>\n\t\t\t<\/div><\/figure><figure class='gallery-item'>\n\t\t\t<div class='gallery-icon landscape'>\n\t\t\t\t<a href='https:\/\/d2p6e6u75xmxt8.cloudfront.net\/4\/2018\/07\/05-3.webp'><img loading=\"lazy\" decoding=\"async\" width=\"1200\" height=\"800\" src=\"https:\/\/d2p6e6u75xmxt8.cloudfront.net\/4\/2018\/07\/05-3.webp\" class=\"attachment-full size-full\" alt=\"\" srcset=\"https:\/\/d2p6e6u75xmxt8.cloudfront.net\/4\/2018\/07\/05-3.webp 1200w, https:\/\/d2p6e6u75xmxt8.cloudfront.net\/4\/2018\/07\/05-3-300x200.webp 300w, https:\/\/d2p6e6u75xmxt8.cloudfront.net\/4\/2018\/07\/05-3-1024x683.webp 1024w, https:\/\/d2p6e6u75xmxt8.cloudfront.net\/4\/2018\/07\/05-3-768x512.webp 768w, https:\/\/d2p6e6u75xmxt8.cloudfront.net\/4\/2018\/07\/05-3-272x182.webp 272w\" sizes=\"auto, (max-width: 1200px) 100vw, 1200px\" \/><\/a>\n\t\t\t<\/div><\/figure>\n\t\t<\/div>\n        \n<p><em>&#8222;Som ve\u013emi \u0161\u0165astn\u00fd, \u010fakujem t\u00edmov\u00fdm kolegom, posledn\u00fdch 30 km \u0165ahali na \u0161pici. \u010cakal som omnoho jednoduch\u0161\u00ed z\u00e1ver, bolo to hore-dolu. Dnes bolo treba za\u010da\u0165 \u0161purt trochu nesk\u00f4r. Moji s\u00faperi \u0161purtovali o \u010dosi sk\u00f4r a dok\u00e1zal som ich predbehn\u00fa\u0165. Na konci som mal aj \u0161\u0165astie, \u017ee som ubr\u00e1nil poz\u00edciu pred Colbrellim. Te\u0161\u00edm sa samozrejme aj zo \u017elt\u00e9ho dresu. Toto dne\u0161n\u00e9 v\u00ed\u0165azstvo je aj pre m\u00f4jho syna Marlona, fan\u00fa\u0161ikov zo \u017diliny a tie\u017e otca, ktor\u00ed sem pri\u0161li za mnou,&#8220;<\/em> uviedol Peter Sagan vo svojej reakcii na etapov\u00e9 v\u00ed\u0165azstvo.<\/p>\n<p><a href=\"https:\/\/d2p6e6u75xmxt8.cloudfront.net\/4\/2018\/07\/06-3.jpg\"><img loading=\"lazy\" decoding=\"async\" class=\"alignnone size-full wp-image-4093\" src=\"https:\/\/d2p6e6u75xmxt8.cloudfront.net\/4\/2018\/07\/06-3.jpg\" alt=\"\" width=\"1200\" height=\"800\" \/><\/a><\/p>\n<p><strong>Dnes<\/strong> je na programe u\u017e spom\u00ednan\u00e1 <strong>t\u00edmov\u00e1 \u010dasovka<\/strong>, ktor\u00e1 rozhodne op\u00e4\u0165 zamie\u0161a karty.<\/p>\n","protected":false},"excerpt":{"rendered":"<p>Ani sme sa nenazdali a dnes sa u\u017e cyklisti postavia na \u0161tart tretej etapy v podobe t\u00edmovej \u010dasovky. Prv\u00e9 dve [&hellip;]<\/p>\n","protected":false},"author":38,"featured_media":4095,"comment_status":"open","ping_status":"open","sticky":false,"template":"","format":"standard","meta":{"footnotes":""},"categories":[4,117],"tags":[160,275,115,119,306,153,116,46,179,20,308,269,156,174],"global-categories":[],"class_list":["post-4084","post","type-post","status-publish","format-standard","has-post-thumbnail","hentry","category-cestna-cyklisitika","category-tour-de-france","tag-bora-hansgrohe","tag-cesta","tag-cestna-cyklistika","tag-chris-froome","tag-francuzsko","tag-marcel-kittel","tag-nairo-quintana","tag-peter-sagan","tag-preteky","tag-tour-de-france","tag-tour-de-france-2018","tag-vitaz","tag-zeleny-dres","tag-zlty-dres"],"yoast_head":"<!-- This site is optimized with the Yoast SEO Premium plugin v25.3 (Yoast SEO v25.9) - https:\/\/yoast.com\/wordpress\/plugins\/seo\/ -->\n<title>Sagan po prv\u00fdch dvoch etap\u00e1ch v \u017eltom drese<\/title>\n<meta name=\"description\" content=\"Dnes sa u\u017e cyklisti postavia na \u0161tart tretej etapy v podobe t\u00edmovej \u010dasovky. Prv\u00e9 dve etapy priniesli nejedn\u00fa dramatick\u00fa situ\u00e1ciu.\" \/>\n<meta name=\"robots\" content=\"index, follow, max-snippet:-1, max-image-preview:large, max-video-preview:-1\" \/>\n<link rel=\"canonical\" href=\"https:\/\/www.welovecycling.com\/sk\/2018\/07\/09\/sagan-po-prvych-dvoch-etapach-v-zltom-drese\/\" \/>\n<meta property=\"og:locale\" content=\"sk_SK\" \/>\n<meta property=\"og:type\" content=\"article\" \/>\n<meta property=\"og:title\" content=\"Sagan po prv\u00fdch dvoch etap\u00e1ch v \u017eltom drese\" \/>\n<meta property=\"og:description\" content=\"Dnes sa u\u017e cyklisti postavia na \u0161tart tretej etapy v podobe t\u00edmovej \u010dasovky. Prv\u00e9 dve etapy priniesli nejedn\u00fa dramatick\u00fa situ\u00e1ciu.\" \/>\n<meta property=\"og:url\" content=\"https:\/\/www.welovecycling.com\/sk\/2018\/07\/09\/sagan-po-prvych-dvoch-etapach-v-zltom-drese\/\" \/>\n<meta property=\"og:site_name\" content=\"\u0160koda We Love Cycling Slovensko\" \/>\n<meta property=\"article:published_time\" content=\"2018-07-09T11:00:00+00:00\" \/>\n<meta property=\"article:modified_time\" content=\"2023-04-19T09:27:06+00:00\" \/>\n<meta property=\"og:image\" content=\"https:\/\/d2p6e6u75xmxt8.cloudfront.net\/4\/2018\/07\/titulka-3.webp\" \/>\n\t<meta property=\"og:image:width\" content=\"1375\" \/>\n\t<meta property=\"og:image:height\" content=\"600\" \/>\n\t<meta property=\"og:image:type\" content=\"image\/webp\" \/>\n<meta name=\"author\" content=\"Ondrej Ga\u0161par\" \/>\n<meta name=\"twitter:card\" content=\"summary_large_image\" \/>\n<meta name=\"twitter:label1\" content=\"Written by\" \/>\n\t<meta name=\"twitter:data1\" content=\"We Love Cycling\" \/>\n\t<meta name=\"twitter:label2\" content=\"Est. reading time\" \/>\n\t<meta name=\"twitter:data2\" content=\"4 minutes\" \/>\n<script type=\"application\/ld+json\" class=\"yoast-schema-graph\">{\"@context\":\"https:\/\/schema.org\",\"@graph\":[{\"@type\":\"WebPage\",\"@id\":\"https:\/\/www.welovecycling.com\/sk\/2018\/07\/09\/sagan-po-prvych-dvoch-etapach-v-zltom-drese\/\",\"url\":\"https:\/\/www.welovecycling.com\/sk\/2018\/07\/09\/sagan-po-prvych-dvoch-etapach-v-zltom-drese\/\",\"name\":\"Sagan po prv\u00fdch dvoch etap\u00e1ch v \u017eltom drese\",\"isPartOf\":{\"@id\":\"https:\/\/www.welovecycling.com\/sk\/#website\"},\"primaryImageOfPage\":{\"@id\":\"https:\/\/www.welovecycling.com\/sk\/2018\/07\/09\/sagan-po-prvych-dvoch-etapach-v-zltom-drese\/#primaryimage\"},\"image\":{\"@id\":\"https:\/\/www.welovecycling.com\/sk\/2018\/07\/09\/sagan-po-prvych-dvoch-etapach-v-zltom-drese\/#primaryimage\"},\"thumbnailUrl\":\"https:\/\/d2p6e6u75xmxt8.cloudfront.net\/4\/2018\/07\/titulka-3.webp\",\"datePublished\":\"2018-07-09T11:00:00+00:00\",\"dateModified\":\"2023-04-19T09:27:06+00:00\",\"author\":{\"@id\":\"https:\/\/www.welovecycling.com\/sk\/#\/schema\/person\/8ee09ba39b7e25b1870160aa5b3a89bc\"},\"description\":\"Dnes sa u\u017e cyklisti postavia na \u0161tart tretej etapy v podobe t\u00edmovej \u010dasovky. Prv\u00e9 dve etapy priniesli nejedn\u00fa dramatick\u00fa situ\u00e1ciu.\",\"breadcrumb\":{\"@id\":\"https:\/\/www.welovecycling.com\/sk\/2018\/07\/09\/sagan-po-prvych-dvoch-etapach-v-zltom-drese\/#breadcrumb\"},\"inLanguage\":\"sk-SK\",\"potentialAction\":[{\"@type\":\"ReadAction\",\"target\":[\"https:\/\/www.welovecycling.com\/sk\/2018\/07\/09\/sagan-po-prvych-dvoch-etapach-v-zltom-drese\/\"]}]},{\"@type\":\"ImageObject\",\"inLanguage\":\"sk-SK\",\"@id\":\"https:\/\/www.welovecycling.com\/sk\/2018\/07\/09\/sagan-po-prvych-dvoch-etapach-v-zltom-drese\/#primaryimage\",\"url\":\"https:\/\/d2p6e6u75xmxt8.cloudfront.net\/4\/2018\/07\/titulka-3.webp\",\"contentUrl\":\"https:\/\/d2p6e6u75xmxt8.cloudfront.net\/4\/2018\/07\/titulka-3.webp\",\"width\":1375,\"height\":600},{\"@type\":\"BreadcrumbList\",\"@id\":\"https:\/\/www.welovecycling.com\/sk\/2018\/07\/09\/sagan-po-prvych-dvoch-etapach-v-zltom-drese\/#breadcrumb\",\"itemListElement\":[{\"@type\":\"ListItem\",\"position\":1,\"name\":\"Home\",\"item\":\"https:\/\/www.welovecycling.com\/sk\/\"},{\"@type\":\"ListItem\",\"position\":2,\"name\":\"Sagan po prv\u00fdch dvoch etap\u00e1ch v \u017eltom drese\"}]},{\"@type\":\"WebSite\",\"@id\":\"https:\/\/www.welovecycling.com\/sk\/#website\",\"url\":\"https:\/\/www.welovecycling.com\/sk\/\",\"name\":\"\u0160koda We Love Cycling Slovensko\",\"description\":\"\u0160koda We Love Cycling Slovensko je v\u00e1\u0161 ka\u017edodenn\u00fd zdroj noviniek a in\u0161pir\u00e1cie z sveta cyklistiky\",\"potentialAction\":[{\"@type\":\"SearchAction\",\"target\":{\"@type\":\"EntryPoint\",\"urlTemplate\":\"https:\/\/www.welovecycling.com\/sk\/?s={search_term_string}\"},\"query-input\":{\"@type\":\"PropertyValueSpecification\",\"valueRequired\":true,\"valueName\":\"search_term_string\"}}],\"inLanguage\":\"sk-SK\"},{\"@type\":\"Person\",\"@id\":\"https:\/\/www.welovecycling.com\/sk\/#\/schema\/person\/8ee09ba39b7e25b1870160aa5b3a89bc\",\"name\":\"Ondrej Ga\u0161par\",\"image\":{\"@type\":\"ImageObject\",\"inLanguage\":\"sk-SK\",\"@id\":\"https:\/\/www.welovecycling.com\/sk\/#\/schema\/person\/image\/\",\"url\":\"https:\/\/secure.gravatar.com\/avatar\/6126c9afb87b70da5abbb083ddbb21933da15f18f8ca7cb822aba0fb096a48f6?s=96&d=mm&r=g\",\"contentUrl\":\"https:\/\/secure.gravatar.com\/avatar\/6126c9afb87b70da5abbb083ddbb21933da15f18f8ca7cb822aba0fb096a48f6?s=96&d=mm&r=g\",\"caption\":\"Ondrej Ga\u0161par\"},\"url\":\"https:\/\/www.welovecycling.com\/sk\/author\/ondrejgaspar\/\"}]}<\/script>\n<!-- \/ Yoast SEO Premium plugin. -->","yoast_head_json":{"title":"Sagan po prv\u00fdch dvoch etap\u00e1ch v \u017eltom drese","description":"Dnes sa u\u017e cyklisti postavia na \u0161tart tretej etapy v podobe t\u00edmovej \u010dasovky. Prv\u00e9 dve etapy priniesli nejedn\u00fa dramatick\u00fa situ\u00e1ciu.","robots":{"index":"index","follow":"follow","max-snippet":"max-snippet:-1","max-image-preview":"max-image-preview:large","max-video-preview":"max-video-preview:-1"},"canonical":"https:\/\/www.welovecycling.com\/sk\/2018\/07\/09\/sagan-po-prvych-dvoch-etapach-v-zltom-drese\/","og_locale":"sk_SK","og_type":"article","og_title":"Sagan po prv\u00fdch dvoch etap\u00e1ch v \u017eltom drese","og_description":"Dnes sa u\u017e cyklisti postavia na \u0161tart tretej etapy v podobe t\u00edmovej \u010dasovky. Prv\u00e9 dve etapy priniesli nejedn\u00fa dramatick\u00fa situ\u00e1ciu.","og_url":"https:\/\/www.welovecycling.com\/sk\/2018\/07\/09\/sagan-po-prvych-dvoch-etapach-v-zltom-drese\/","og_site_name":"\u0160koda We Love Cycling Slovensko","article_published_time":"2018-07-09T11:00:00+00:00","article_modified_time":"2023-04-19T09:27:06+00:00","og_image":[{"width":1375,"height":600,"url":"https:\/\/d2p6e6u75xmxt8.cloudfront.net\/4\/2018\/07\/titulka-3.webp","type":"image\/webp"}],"author":"Ondrej Ga\u0161par","twitter_card":"summary_large_image","twitter_misc":{"Written by":"We Love Cycling","Est. reading time":"4 minutes"},"schema":{"@context":"https:\/\/schema.org","@graph":[{"@type":"WebPage","@id":"https:\/\/www.welovecycling.com\/sk\/2018\/07\/09\/sagan-po-prvych-dvoch-etapach-v-zltom-drese\/","url":"https:\/\/www.welovecycling.com\/sk\/2018\/07\/09\/sagan-po-prvych-dvoch-etapach-v-zltom-drese\/","name":"Sagan po prv\u00fdch dvoch etap\u00e1ch v \u017eltom drese","isPartOf":{"@id":"https:\/\/www.welovecycling.com\/sk\/#website"},"primaryImageOfPage":{"@id":"https:\/\/www.welovecycling.com\/sk\/2018\/07\/09\/sagan-po-prvych-dvoch-etapach-v-zltom-drese\/#primaryimage"},"image":{"@id":"https:\/\/www.welovecycling.com\/sk\/2018\/07\/09\/sagan-po-prvych-dvoch-etapach-v-zltom-drese\/#primaryimage"},"thumbnailUrl":"https:\/\/d2p6e6u75xmxt8.cloudfront.net\/4\/2018\/07\/titulka-3.webp","datePublished":"2018-07-09T11:00:00+00:00","dateModified":"2023-04-19T09:27:06+00:00","author":{"@id":"https:\/\/www.welovecycling.com\/sk\/#\/schema\/person\/8ee09ba39b7e25b1870160aa5b3a89bc"},"description":"Dnes sa u\u017e cyklisti postavia na \u0161tart tretej etapy v podobe t\u00edmovej \u010dasovky. Prv\u00e9 dve etapy priniesli nejedn\u00fa dramatick\u00fa situ\u00e1ciu.","breadcrumb":{"@id":"https:\/\/www.welovecycling.com\/sk\/2018\/07\/09\/sagan-po-prvych-dvoch-etapach-v-zltom-drese\/#breadcrumb"},"inLanguage":"sk-SK","potentialAction":[{"@type":"ReadAction","target":["https:\/\/www.welovecycling.com\/sk\/2018\/07\/09\/sagan-po-prvych-dvoch-etapach-v-zltom-drese\/"]}]},{"@type":"ImageObject","inLanguage":"sk-SK","@id":"https:\/\/www.welovecycling.com\/sk\/2018\/07\/09\/sagan-po-prvych-dvoch-etapach-v-zltom-drese\/#primaryimage","url":"https:\/\/d2p6e6u75xmxt8.cloudfront.net\/4\/2018\/07\/titulka-3.webp","contentUrl":"https:\/\/d2p6e6u75xmxt8.cloudfront.net\/4\/2018\/07\/titulka-3.webp","width":1375,"height":600},{"@type":"BreadcrumbList","@id":"https:\/\/www.welovecycling.com\/sk\/2018\/07\/09\/sagan-po-prvych-dvoch-etapach-v-zltom-drese\/#breadcrumb","itemListElement":[{"@type":"ListItem","position":1,"name":"Home","item":"https:\/\/www.welovecycling.com\/sk\/"},{"@type":"ListItem","position":2,"name":"Sagan po prv\u00fdch dvoch etap\u00e1ch v \u017eltom drese"}]},{"@type":"WebSite","@id":"https:\/\/www.welovecycling.com\/sk\/#website","url":"https:\/\/www.welovecycling.com\/sk\/","name":"\u0160koda We Love Cycling Slovensko","description":"\u0160koda We Love Cycling Slovensko je v\u00e1\u0161 ka\u017edodenn\u00fd zdroj noviniek a in\u0161pir\u00e1cie z sveta cyklistiky","potentialAction":[{"@type":"SearchAction","target":{"@type":"EntryPoint","urlTemplate":"https:\/\/www.welovecycling.com\/sk\/?s={search_term_string}"},"query-input":{"@type":"PropertyValueSpecification","valueRequired":true,"valueName":"search_term_string"}}],"inLanguage":"sk-SK"},{"@type":"Person","@id":"https:\/\/www.welovecycling.com\/sk\/#\/schema\/person\/8ee09ba39b7e25b1870160aa5b3a89bc","name":"Ondrej Ga\u0161par","image":{"@type":"ImageObject","inLanguage":"sk-SK","@id":"https:\/\/www.welovecycling.com\/sk\/#\/schema\/person\/image\/","url":"https:\/\/secure.gravatar.com\/avatar\/6126c9afb87b70da5abbb083ddbb21933da15f18f8ca7cb822aba0fb096a48f6?s=96&d=mm&r=g","contentUrl":"https:\/\/secure.gravatar.com\/avatar\/6126c9afb87b70da5abbb083ddbb21933da15f18f8ca7cb822aba0fb096a48f6?s=96&d=mm&r=g","caption":"Ondrej Ga\u0161par"},"url":"https:\/\/www.welovecycling.com\/sk\/author\/ondrejgaspar\/"}]}},"_links":{"self":[{"href":"https:\/\/www.welovecycling.com\/sk\/wp-json\/wp\/v2\/posts\/4084","targetHints":{"allow":["GET"]}}],"collection":[{"href":"https:\/\/www.welovecycling.com\/sk\/wp-json\/wp\/v2\/posts"}],"about":[{"href":"https:\/\/www.welovecycling.com\/sk\/wp-json\/wp\/v2\/types\/post"}],"author":[{"embeddable":true,"href":"https:\/\/www.welovecycling.com\/sk\/wp-json\/wp\/v2\/users\/38"}],"replies":[{"embeddable":true,"href":"https:\/\/www.welovecycling.com\/sk\/wp-json\/wp\/v2\/comments?post=4084"}],"version-history":[{"count":2,"href":"https:\/\/www.welovecycling.com\/sk\/wp-json\/wp\/v2\/posts\/4084\/revisions"}],"predecessor-version":[{"id":17180,"href":"https:\/\/www.welovecycling.com\/sk\/wp-json\/wp\/v2\/posts\/4084\/revisions\/17180"}],"wp:featuredmedia":[{"embeddable":true,"href":"https:\/\/www.welovecycling.com\/sk\/wp-json\/wp\/v2\/media\/4095"}],"wp:attachment":[{"href":"https:\/\/www.welovecycling.com\/sk\/wp-json\/wp\/v2\/media?parent=4084"}],"wp:term":[{"taxonomy":"category","embeddable":true,"href":"https:\/\/www.welovecycling.com\/sk\/wp-json\/wp\/v2\/categories?post=4084"},{"taxonomy":"post_tag","embeddable":true,"href":"https:\/\/www.welovecycling.com\/sk\/wp-json\/wp\/v2\/tags?post=4084"},{"taxonomy":"global-categories","embeddable":true,"href":"https:\/\/www.welovecycling.com\/sk\/wp-json\/wp\/v2\/global-categories?post=4084"}],"curies":[{"name":"wp","href":"https:\/\/api.w.org\/{rel}","templated":true}]}}