{"id":4069,"date":"2018-07-12T17:35:16","date_gmt":"2018-07-12T15:35:16","guid":{"rendered":"https:\/\/www.welovecycling.com\/sk\/?p=4069"},"modified":"2018-07-31T14:30:07","modified_gmt":"2018-07-31T12:30:07","slug":"kto-vyhra-tour-de-france-2018","status":"publish","type":"post","link":"https:\/\/www.welovecycling.com\/sk\/2018\/07\/12\/kto-vyhra-tour-de-france-2018\/","title":{"rendered":"Kto vyhr\u00e1 Tour de France 2018?"},"content":{"rendered":"<p><strong>Le Tour je v plnom pr\u00fade, tak\u017ee m\u00e1me najvy\u0161\u0161\u00ed \u010das pozrie\u0165 sa na najsilnej\u0161\u00edch adeptov celkov\u00e9ho poradia a \u017elt\u00e9ho dresu.<\/strong><!--more--><\/p>\n<h2><strong>Chris Froome<\/strong><\/h2>\n<p>\u0160portov\u00ed riaditelia t\u00edmu SKY neraz predviedli, \u017ee, taktick\u00e9 myslenie im naozaj nech\u00fdba. Od t\u00edmov\u00fdch domestikov sa o\u010dak\u00e1va maxim\u00e1lna discipl\u00edna a aj v\u010faka nim sa Froome dok\u00e1zal dosta\u0165 v spr\u00e1vnom \u010dase na spr\u00e1vne miesto. Napr\u00edklad na 19. etape tohtoro\u010dn\u00e9ho Gira.<\/p>\n<div class=\"embed-controller-wrapper\">\n<div class=\"embed-wrapper\"><iframe title=\"Giro d&#039;Italia 2018 | Stage 19 Highlights | inCycle\" width=\"500\" height=\"281\" data-src=\"https:\/\/www.youtube.com\/embed\/9USGFIF2UWc?start=84&#038;feature=oembed&#038;t=1m24s&#038;enablejsapi=1\" frameborder=\"0\" allow=\"accelerometer; autoplay; clipboard-write; encrypted-media; gyroscope; picture-in-picture; web-share\" referrerpolicy=\"strict-origin-when-cross-origin\" allowfullscreen><\/iframe><\/div>\n<\/div>\n<p><span style=\"font-size: 10pt;\"><em>SKY dostali Froomea dopredu, tak\u017ee to mohol v\u010das rozbali\u0165<\/em><\/span><\/p>\n<p>Netreba asi dod\u00e1va\u0165, \u017ee rok 2018 je pre cel\u00fd t\u00edm SKY naozaj k\u013e\u00fa\u010dov\u00fd. Froome m\u00e1 \u0161ancu zap\u00edsa\u0165 sa medzi tak\u00e9 men\u00e1 ako Indurain, Hinault, Merckx, a Anquetil v legend\u00e1rnom &#8222;klube 5 v\u00ed\u0165azstiev&#8220;.<\/p>\n<p><strong>Po piatej etape m\u00e1 Froome za sebou jeden nepr\u00edjemn\u00fd p\u00e1d (hne\u010f na \u00favod) a pribli\u017ene min\u00fatov\u00fa stratu. Do konca Tour v\u0161ak prete\u010die e\u0161te ve\u013ea vody. Cel\u00fd t\u00edm moment\u00e1lne \u0165ah\u00e1 za krat\u0161iu slamku predov\u0161etk\u00fdm u fan\u00fa\u0161ikov, ktor\u00ed sa st\u00e1le \u00faplne nezmierili s ukon\u010den\u00edm salbutamolovej kauzy.<\/strong><\/p>\n<h2><strong>Vincenzo Nibali<\/strong><\/h2>\n<p>Bahrain-Merida nepustilo Nibaliho tento rok na Giro, preto\u017ee chceli, aby bol na Tour odd\u00fdchnut\u00fd a naozaj pripraven\u00fd. Po triumfe na klasike Milan &#8211; San Remo ho v\u0161ak u\u017e ur\u010dite svrbia nohy. Minul\u00fd rok sa mu na Grand Tour darilo (3. Giro, 2. Vuelta), tak\u017ee ho ur\u010dite netreba odp\u00edsa\u0165 do star\u00e9ho \u017eeleza.<\/p>\n<p>Deviata etapa zavedie pelot\u00f3n po pav\u00e9 do Roubaix, kde sa u\u017e raz predviedol &#8211; a aj samotn\u00fd Froome bude ma\u0165 pr\u00edle\u017eitos\u0165 na opravu po katastrofickej obhajobe z roku 2014.<\/p>\n<lite-youtube videoid=fFJDkXZ3Lr4 params=\"enablejsapi=1\" style=\"background-image: url('https:\/\/i.ytimg.com\/vi_webp\/fFJDkXZ3Lr4\/maxresdefault.webp');\"><\/lite-youtube>\n<p><em><span style=\"font-size: 10pt;\">Nibali vyhral druh\u00fa etapu Tour 2014 a napokon aj \u017elt\u00fd dres<\/span><\/em><\/p>\n<p><span id=\"result_box\" class=\"\" lang=\"sk\" tabindex=\"-1\"><span class=\"\">Nibali m\u00f4\u017ee nakoniec by\u0165<\/span><span class=\"\"> pre Froomea v\u00e1\u017enym probl\u00e9mom.<\/span> Skuto\u010dnos\u0165, \u017ee cel\u00fd t\u00edm je takto nasmerovan\u00fd proti Froomovi je jasn\u00fdm sign\u00e1lom, ktor\u00fd SKY nem\u00f4\u017eu len tak ignorova\u0165.<\/span><\/p>\n<h2><strong>Greg Van Avermaet<\/strong><\/h2>\n<p>Premo\u017eite\u013e jarn\u00fdch klas\u00edk roku 2017 (vr\u00e1tane Par\u00ed\u017e &#8211; Roubaix) a aktu\u00e1lny dr\u017eite\u013e \u017elt\u00e9ho dresu z t\u00edmu BMC si po pondel\u0148aj\u0161ej t\u00edmovej \u010dasovke udr\u017eiava \u010das a plne sa opiera o t\u00edmov\u00fa podporu. Hoci je jeho vedenie iba p\u00e1r sek\u00fand, \u017elt\u00e9ho dresu sa bude dr\u017ea\u0165 zubami nechtami.<\/p>\n<lite-youtube videoid=Vy93BazXDUU params=\"enablejsapi=1\" style=\"background-image: url('https:\/\/i.ytimg.com\/vi_webp\/Vy93BazXDUU\/maxresdefault.webp');\"><\/lite-youtube>\n<p>Nie nadarmo s\u00fa BMC \u0161pecialisti na TTT, tento rok u\u017e z\u00edskali \u0161tvrt\u00fa (doteraz na Tirreno\u2013Adriatico, Okolo \u0160vaj\u010diarka a Valencia) \u010dasovku.<\/p>\n<h2><strong>Tom Dumoulin a Richie Porte<\/strong><\/h2>\n<p>Dumoulin m\u00e1 t\u00fato Tour trochu navrch, to v\u0161ak neznamen\u00e1, \u017ee n\u00e1s Porte nem\u00f4\u017ee e\u0161te prekvapi\u0165. Tomov pozoruhodn\u00fd triumf na Gire 2017 uk\u00e1zal, \u010do v \u0148om naozaj je.<\/p>\n<p>Po odchode zo SKY i\u0161la Porteho forma sk\u00f4r dole vodou, a\u017e k\u00fdm sa nepredviedol na minuloro\u010dnom Tour de Romandie \u2013 \u010d\u00edm ur\u010dite od\u013eahlo aj jeho nov\u00fdm zamestn\u00e1vate\u013eom.<\/p>\n<lite-youtube videoid=pKUHfs79rcs params=\"enablejsapi=1\" style=\"background-image: url('https:\/\/i.ytimg.com\/vi_webp\/pKUHfs79rcs\/maxresdefault.webp');\"><\/lite-youtube>\n<p><span style=\"font-size: 10pt;\">Porteho pozoruhodn\u00fd v\u00fdkon na Okolo \u0160vaj\u010diarska<\/span><\/p>\n<p>Minul\u00fd rok mal Porte pekne na\u0161liapnut\u00e9 na \u017elt\u00fd dres &#8211; a\u017e k\u00fdm ho nezastavil naozaj nepr\u00edjemn\u00fd p\u00e1d. R\u00fdchlo sa v\u0161ak dal dokopy a u\u017e je op\u00e4\u0165 vo forme, ako vidno aj na videu vy\u0161\u0161ie. Ak ho bojovnos\u0165 neopustila, bude sa ur\u010dite na \u010do pozera\u0165. Bookmakeri (a t\u00ed sa nikdy nem\u00fdlia) ho navy\u0161e vidia na druhom mieste spomedzi favoritov na celkov\u00e9 poradie.<\/p>\n<p><strong>Dumoulin sa zatia\u013e dr\u017e\u00ed v prvej desiatke, Porte je tesne pred Froomom.<\/strong><\/p>\n<h2><strong>Mu\u0161ketieri z Movistar: Quintana, Landa a Valverde<br \/>\n<\/strong><\/h2>\n<p>Andsk\u00fd kondor Quintana sa v roku 2017 odml\u010dal. Raz za \u010das s\u00edce vyhral nejak\u00fa etapu, no ni\u010d sl\u00e1vne. Movistar mu jednoducho nedok\u00e1zali poskytn\u00fa\u0165 dostato\u010dn\u00fa podporu (ani s bohatou asistenciou Valverdeho). Aby toho nebolo m\u00e1lo, na tohtoro\u010dn\u00fa Tour postavili do \u010dela hne\u010f troch jazdcov. Zatia\u013e t\u00e1to taktika neprin\u00e1\u0161a \u017eelan\u00e9 ovocie (Alejandro a Mikel v druhej desiatke, Nairo e\u0161te hlb\u0161ie), \u0161portov\u00ed riaditelia v\u0161ak mo\u017eno vedia nie\u010do, \u010do my nie.<\/p>\n<p>https:\/\/www.youtube.com\/watch?v=t0ONKLiiozw&#038;feature=youtu.be&#038;t=13m41s<\/p>\n<p><span style=\"font-size: 10pt;\"><em>M\u00f4\u017ee by\u0165 Landa najlep\u0161\u00ed vrch\u00e1r s\u00fa\u010dasnosti?<\/em><\/span><\/p>\n<p>Landa tento rok prest\u00fapil do Movistaru. V roku 2017 bol na Gire e\u0161te s t\u00edmom SKY a pravou rukou Gerainta Thomasa. Pr\u00e1vom uk\u00e1zal, \u017ee je neskuto\u010dne schopn\u00fd jazdec. Ne\u010dudo, t\u00edm SKY m\u00e1 k dispoz\u00edcii poriadnu d\u00e1vku talentov. To n\u00e1m pripom\u00edna&#8230;<\/p>\n<h2><strong>Geraint Thomas<\/strong><\/h2>\n<p>Netreba zab\u00fada\u0165 ani na strelu z t\u00edmu SKY. Geraint Thomas ide spolu s Froomeom na celkov\u00e9 poradie a zatia\u013e sa mu dar\u00ed (&#8230;lep\u0161ie ako t\u00edmov\u00e9mu &#8222;kapit\u00e1novi&#8220;). <strong>So stratou 5 sek\u00fand je na \u0161tvrtom mieste.<\/strong><\/p>\n<lite-youtube videoid=07e_uXhRRm4 params=\"enablejsapi=1\" style=\"background-image: url('https:\/\/i.ytimg.com\/vi_webp\/07e_uXhRRm4\/maxresdefault.webp');\"><\/lite-youtube>\n<p><em><span style=\"font-size: 10pt;\">Aj druh\u00ed b\u00fdvaj\u00fa niekedy prv\u00ed&#8230;<\/span><\/em><\/p>\n<p>Thomas m\u00e1 za sebou Dauphin\u00e9, \u010do by v inom t\u00edme automaticky znamenalo l\u00edderstvo a re\u00e1lnu \u0161ancu na par\u00ed\u017eske p\u00f3dium.<\/p>\n","protected":false},"excerpt":{"rendered":"<p>Le Tour je v plnom pr\u00fade, tak\u017ee m\u00e1me najvy\u0161\u0161\u00ed \u010das pozrie\u0165 sa na najsilnej\u0161\u00edch adeptov celkov\u00e9ho poradia a \u017elt\u00e9ho dresu.<\/p>\n","protected":false},"author":38,"featured_media":4075,"comment_status":"open","ping_status":"open","sticky":false,"template":"","format":"standard","meta":{"footnotes":""},"categories":[4,117],"tags":[491,119,149,492,490,116,120,307,20,308,197,174],"global-categories":[],"class_list":["post-4069","post","type-post","status-publish","format-standard","has-post-thumbnail","hentry","category-cestna-cyklisitika","category-tour-de-france","tag-alejandro-valverde","tag-chris-froome","tag-geraint-thomas","tag-greg-van-avermaet","tag-mikel-landa","tag-nairo-quintana","tag-richie-porte","tag-tom-dumoulin","tag-tour-de-france","tag-tour-de-france-2018","tag-vincenzo-nibali","tag-zlty-dres"],"yoast_head":"<!-- This site is optimized with the Yoast SEO Premium plugin v25.3 (Yoast SEO v25.9) - https:\/\/yoast.com\/wordpress\/plugins\/seo\/ -->\n<title>Kto vyhr\u00e1 Tour de France 2018? - \u0160koda We Love Cycling Slovensko<\/title>\n<meta name=\"robots\" content=\"index, follow, max-snippet:-1, max-image-preview:large, max-video-preview:-1\" \/>\n<link rel=\"canonical\" href=\"https:\/\/www.welovecycling.com\/sk\/2018\/07\/12\/kto-vyhra-tour-de-france-2018\/\" \/>\n<meta property=\"og:locale\" content=\"sk_SK\" \/>\n<meta property=\"og:type\" content=\"article\" \/>\n<meta property=\"og:title\" content=\"Kto vyhr\u00e1 Tour de France 2018?\" \/>\n<meta property=\"og:description\" content=\"Le Tour je v plnom pr\u00fade, tak\u017ee m\u00e1me najvy\u0161\u0161\u00ed \u010das pozrie\u0165 sa na najsilnej\u0161\u00edch adeptov celkov\u00e9ho poradia a \u017elt\u00e9ho dresu.\" \/>\n<meta property=\"og:url\" content=\"https:\/\/www.welovecycling.com\/sk\/2018\/07\/12\/kto-vyhra-tour-de-france-2018\/\" \/>\n<meta property=\"og:site_name\" content=\"\u0160koda We Love Cycling Slovensko\" \/>\n<meta property=\"article:published_time\" content=\"2018-07-12T15:35:16+00:00\" \/>\n<meta property=\"article:modified_time\" content=\"2018-07-31T12:30:07+00:00\" \/>\n<meta property=\"og:image\" content=\"https:\/\/d2p6e6u75xmxt8.cloudfront.net\/4\/2018\/07\/profimedia-0342786101jpg.webp\" \/>\n\t<meta property=\"og:image:width\" content=\"1800\" \/>\n\t<meta property=\"og:image:height\" content=\"785\" \/>\n\t<meta property=\"og:image:type\" content=\"image\/webp\" \/>\n<meta name=\"author\" content=\"Ondrej Ga\u0161par\" \/>\n<meta name=\"twitter:card\" content=\"summary_large_image\" \/>\n<meta name=\"twitter:label1\" content=\"Written by\" \/>\n\t<meta name=\"twitter:data1\" content=\"WeLoveCycling\" \/>\n\t<meta name=\"twitter:label2\" content=\"Est. reading time\" \/>\n\t<meta name=\"twitter:data2\" content=\"7\" \/>\n<script type=\"application\/ld+json\" class=\"yoast-schema-graph\">{\"@context\":\"https:\/\/schema.org\",\"@graph\":[{\"@type\":\"WebPage\",\"@id\":\"https:\/\/www.welovecycling.com\/sk\/2018\/07\/12\/kto-vyhra-tour-de-france-2018\/\",\"url\":\"https:\/\/www.welovecycling.com\/sk\/2018\/07\/12\/kto-vyhra-tour-de-france-2018\/\",\"name\":\"Kto vyhr\u00e1 Tour de France 2018? - \u0160koda We Love Cycling Slovensko\",\"isPartOf\":{\"@id\":\"https:\/\/www.welovecycling.com\/sk\/#website\"},\"primaryImageOfPage\":{\"@id\":\"https:\/\/www.welovecycling.com\/sk\/2018\/07\/12\/kto-vyhra-tour-de-france-2018\/#primaryimage\"},\"image\":{\"@id\":\"https:\/\/www.welovecycling.com\/sk\/2018\/07\/12\/kto-vyhra-tour-de-france-2018\/#primaryimage\"},\"thumbnailUrl\":\"https:\/\/d2p6e6u75xmxt8.cloudfront.net\/4\/2018\/07\/profimedia-0342786101jpg.webp\",\"datePublished\":\"2018-07-12T15:35:16+00:00\",\"dateModified\":\"2018-07-31T12:30:07+00:00\",\"author\":{\"@id\":\"https:\/\/www.welovecycling.com\/sk\/#\/schema\/person\/8ee09ba39b7e25b1870160aa5b3a89bc\"},\"breadcrumb\":{\"@id\":\"https:\/\/www.welovecycling.com\/sk\/2018\/07\/12\/kto-vyhra-tour-de-france-2018\/#breadcrumb\"},\"inLanguage\":\"sk-SK\",\"potentialAction\":[{\"@type\":\"ReadAction\",\"target\":[\"https:\/\/www.welovecycling.com\/sk\/2018\/07\/12\/kto-vyhra-tour-de-france-2018\/\"]}]},{\"@type\":\"ImageObject\",\"inLanguage\":\"sk-SK\",\"@id\":\"https:\/\/www.welovecycling.com\/sk\/2018\/07\/12\/kto-vyhra-tour-de-france-2018\/#primaryimage\",\"url\":\"https:\/\/d2p6e6u75xmxt8.cloudfront.net\/4\/2018\/07\/profimedia-0342786101jpg.webp\",\"contentUrl\":\"https:\/\/d2p6e6u75xmxt8.cloudfront.net\/4\/2018\/07\/profimedia-0342786101jpg.webp\",\"width\":1800,\"height\":785},{\"@type\":\"BreadcrumbList\",\"@id\":\"https:\/\/www.welovecycling.com\/sk\/2018\/07\/12\/kto-vyhra-tour-de-france-2018\/#breadcrumb\",\"itemListElement\":[{\"@type\":\"ListItem\",\"position\":1,\"name\":\"Home\",\"item\":\"https:\/\/www.welovecycling.com\/sk\/\"},{\"@type\":\"ListItem\",\"position\":2,\"name\":\"Kto vyhr\u00e1 Tour de France 2018?\"}]},{\"@type\":\"WebSite\",\"@id\":\"https:\/\/www.welovecycling.com\/sk\/#website\",\"url\":\"https:\/\/www.welovecycling.com\/sk\/\",\"name\":\"\u0160koda We Love Cycling Slovensko\",\"description\":\"\u0160koda We Love Cycling Slovensko je v\u00e1\u0161 ka\u017edodenn\u00fd zdroj noviniek a in\u0161pir\u00e1cie z sveta cyklistiky\",\"potentialAction\":[{\"@type\":\"SearchAction\",\"target\":{\"@type\":\"EntryPoint\",\"urlTemplate\":\"https:\/\/www.welovecycling.com\/sk\/?s={search_term_string}\"},\"query-input\":{\"@type\":\"PropertyValueSpecification\",\"valueRequired\":true,\"valueName\":\"search_term_string\"}}],\"inLanguage\":\"sk-SK\"},{\"@type\":\"Person\",\"@id\":\"https:\/\/www.welovecycling.com\/sk\/#\/schema\/person\/8ee09ba39b7e25b1870160aa5b3a89bc\",\"name\":\"Ondrej Ga\u0161par\",\"image\":{\"@type\":\"ImageObject\",\"inLanguage\":\"sk-SK\",\"@id\":\"https:\/\/www.welovecycling.com\/sk\/#\/schema\/person\/image\/\",\"url\":\"https:\/\/secure.gravatar.com\/avatar\/6126c9afb87b70da5abbb083ddbb21933da15f18f8ca7cb822aba0fb096a48f6?s=96&d=mm&r=g\",\"contentUrl\":\"https:\/\/secure.gravatar.com\/avatar\/6126c9afb87b70da5abbb083ddbb21933da15f18f8ca7cb822aba0fb096a48f6?s=96&d=mm&r=g\",\"caption\":\"Ondrej Ga\u0161par\"},\"url\":\"https:\/\/www.welovecycling.com\/sk\/author\/ondrejgaspar\/\"}]}<\/script>\n<!-- \/ Yoast SEO Premium plugin. -->","yoast_head_json":{"title":"Kto vyhr\u00e1 Tour de France 2018? - \u0160koda We Love Cycling Slovensko","robots":{"index":"index","follow":"follow","max-snippet":"max-snippet:-1","max-image-preview":"max-image-preview:large","max-video-preview":"max-video-preview:-1"},"canonical":"https:\/\/www.welovecycling.com\/sk\/2018\/07\/12\/kto-vyhra-tour-de-france-2018\/","og_locale":"sk_SK","og_type":"article","og_title":"Kto vyhr\u00e1 Tour de France 2018?","og_description":"Le Tour je v plnom pr\u00fade, tak\u017ee m\u00e1me najvy\u0161\u0161\u00ed \u010das pozrie\u0165 sa na najsilnej\u0161\u00edch adeptov celkov\u00e9ho poradia a \u017elt\u00e9ho dresu.","og_url":"https:\/\/www.welovecycling.com\/sk\/2018\/07\/12\/kto-vyhra-tour-de-france-2018\/","og_site_name":"\u0160koda We Love Cycling Slovensko","article_published_time":"2018-07-12T15:35:16+00:00","article_modified_time":"2018-07-31T12:30:07+00:00","og_image":[{"width":1800,"height":785,"url":"https:\/\/d2p6e6u75xmxt8.cloudfront.net\/4\/2018\/07\/profimedia-0342786101jpg.webp","type":"image\/webp"}],"author":"Ondrej Ga\u0161par","twitter_card":"summary_large_image","twitter_misc":{"Written by":"WeLoveCycling","Est. reading time":"7"},"schema":{"@context":"https:\/\/schema.org","@graph":[{"@type":"WebPage","@id":"https:\/\/www.welovecycling.com\/sk\/2018\/07\/12\/kto-vyhra-tour-de-france-2018\/","url":"https:\/\/www.welovecycling.com\/sk\/2018\/07\/12\/kto-vyhra-tour-de-france-2018\/","name":"Kto vyhr\u00e1 Tour de France 2018? - \u0160koda We Love Cycling Slovensko","isPartOf":{"@id":"https:\/\/www.welovecycling.com\/sk\/#website"},"primaryImageOfPage":{"@id":"https:\/\/www.welovecycling.com\/sk\/2018\/07\/12\/kto-vyhra-tour-de-france-2018\/#primaryimage"},"image":{"@id":"https:\/\/www.welovecycling.com\/sk\/2018\/07\/12\/kto-vyhra-tour-de-france-2018\/#primaryimage"},"thumbnailUrl":"https:\/\/d2p6e6u75xmxt8.cloudfront.net\/4\/2018\/07\/profimedia-0342786101jpg.webp","datePublished":"2018-07-12T15:35:16+00:00","dateModified":"2018-07-31T12:30:07+00:00","author":{"@id":"https:\/\/www.welovecycling.com\/sk\/#\/schema\/person\/8ee09ba39b7e25b1870160aa5b3a89bc"},"breadcrumb":{"@id":"https:\/\/www.welovecycling.com\/sk\/2018\/07\/12\/kto-vyhra-tour-de-france-2018\/#breadcrumb"},"inLanguage":"sk-SK","potentialAction":[{"@type":"ReadAction","target":["https:\/\/www.welovecycling.com\/sk\/2018\/07\/12\/kto-vyhra-tour-de-france-2018\/"]}]},{"@type":"ImageObject","inLanguage":"sk-SK","@id":"https:\/\/www.welovecycling.com\/sk\/2018\/07\/12\/kto-vyhra-tour-de-france-2018\/#primaryimage","url":"https:\/\/d2p6e6u75xmxt8.cloudfront.net\/4\/2018\/07\/profimedia-0342786101jpg.webp","contentUrl":"https:\/\/d2p6e6u75xmxt8.cloudfront.net\/4\/2018\/07\/profimedia-0342786101jpg.webp","width":1800,"height":785},{"@type":"BreadcrumbList","@id":"https:\/\/www.welovecycling.com\/sk\/2018\/07\/12\/kto-vyhra-tour-de-france-2018\/#breadcrumb","itemListElement":[{"@type":"ListItem","position":1,"name":"Home","item":"https:\/\/www.welovecycling.com\/sk\/"},{"@type":"ListItem","position":2,"name":"Kto vyhr\u00e1 Tour de France 2018?"}]},{"@type":"WebSite","@id":"https:\/\/www.welovecycling.com\/sk\/#website","url":"https:\/\/www.welovecycling.com\/sk\/","name":"\u0160koda We Love Cycling Slovensko","description":"\u0160koda We Love Cycling Slovensko je v\u00e1\u0161 ka\u017edodenn\u00fd zdroj noviniek a in\u0161pir\u00e1cie z sveta cyklistiky","potentialAction":[{"@type":"SearchAction","target":{"@type":"EntryPoint","urlTemplate":"https:\/\/www.welovecycling.com\/sk\/?s={search_term_string}"},"query-input":{"@type":"PropertyValueSpecification","valueRequired":true,"valueName":"search_term_string"}}],"inLanguage":"sk-SK"},{"@type":"Person","@id":"https:\/\/www.welovecycling.com\/sk\/#\/schema\/person\/8ee09ba39b7e25b1870160aa5b3a89bc","name":"Ondrej Ga\u0161par","image":{"@type":"ImageObject","inLanguage":"sk-SK","@id":"https:\/\/www.welovecycling.com\/sk\/#\/schema\/person\/image\/","url":"https:\/\/secure.gravatar.com\/avatar\/6126c9afb87b70da5abbb083ddbb21933da15f18f8ca7cb822aba0fb096a48f6?s=96&d=mm&r=g","contentUrl":"https:\/\/secure.gravatar.com\/avatar\/6126c9afb87b70da5abbb083ddbb21933da15f18f8ca7cb822aba0fb096a48f6?s=96&d=mm&r=g","caption":"Ondrej Ga\u0161par"},"url":"https:\/\/www.welovecycling.com\/sk\/author\/ondrejgaspar\/"}]}},"_links":{"self":[{"href":"https:\/\/www.welovecycling.com\/sk\/wp-json\/wp\/v2\/posts\/4069","targetHints":{"allow":["GET"]}}],"collection":[{"href":"https:\/\/www.welovecycling.com\/sk\/wp-json\/wp\/v2\/posts"}],"about":[{"href":"https:\/\/www.welovecycling.com\/sk\/wp-json\/wp\/v2\/types\/post"}],"author":[{"embeddable":true,"href":"https:\/\/www.welovecycling.com\/sk\/wp-json\/wp\/v2\/users\/38"}],"replies":[{"embeddable":true,"href":"https:\/\/www.welovecycling.com\/sk\/wp-json\/wp\/v2\/comments?post=4069"}],"version-history":[{"count":2,"href":"https:\/\/www.welovecycling.com\/sk\/wp-json\/wp\/v2\/posts\/4069\/revisions"}],"predecessor-version":[{"id":4163,"href":"https:\/\/www.welovecycling.com\/sk\/wp-json\/wp\/v2\/posts\/4069\/revisions\/4163"}],"wp:featuredmedia":[{"embeddable":true,"href":"https:\/\/www.welovecycling.com\/sk\/wp-json\/wp\/v2\/media\/4075"}],"wp:attachment":[{"href":"https:\/\/www.welovecycling.com\/sk\/wp-json\/wp\/v2\/media?parent=4069"}],"wp:term":[{"taxonomy":"category","embeddable":true,"href":"https:\/\/www.welovecycling.com\/sk\/wp-json\/wp\/v2\/categories?post=4069"},{"taxonomy":"post_tag","embeddable":true,"href":"https:\/\/www.welovecycling.com\/sk\/wp-json\/wp\/v2\/tags?post=4069"},{"taxonomy":"global-categories","embeddable":true,"href":"https:\/\/www.welovecycling.com\/sk\/wp-json\/wp\/v2\/global-categories?post=4069"}],"curies":[{"name":"wp","href":"https:\/\/api.w.org\/{rel}","templated":true}]}}