{"id":4049,"date":"2018-07-05T17:11:35","date_gmt":"2018-07-05T15:11:35","guid":{"rendered":"https:\/\/www.welovecycling.com\/sk\/?p=4049"},"modified":"2018-07-23T19:49:37","modified_gmt":"2018-07-23T17:49:37","slug":"mobilna-appka-tour-de-france-2018-ultimatny-sprievodca-kazdeho-fanusika","status":"publish","type":"post","link":"https:\/\/www.welovecycling.com\/sk\/2018\/07\/05\/mobilna-appka-tour-de-france-2018-ultimatny-sprievodca-kazdeho-fanusika\/","title":{"rendered":"Mobiln\u00e1 appka Tour&nbsp;de&nbsp;France&nbsp;2018"},"content":{"rendered":"<p><strong>Najv\u00e4\u010d\u0161\u00ed cyklistick\u00fd sviatok v\u00e1m doteraz nikdy nebol bli\u017e\u0161ie! Ak ste doteraz nemali t\u00fa \u010des\u0165 s ofici\u00e1lnou mobilnou appkou pre Tour de France 2018 od \u0160koda AUTO, odpor\u00fa\u010dame v\u00e1m to r\u00fdchlo zmeni\u0165. Doslova \u201epod palcom\u201c m\u00e1te teraz priame prenosy z\u00a0trate, aktu\u00e1lne dianie na etape, presn\u00fa poz\u00edciu pelot\u00f3nu, profil etapy alebo si m\u00f4\u017eete kedyko\u013evek pre\u010d\u00edta\u0165 novinky z\u00a0diania na Tour a\u00a0z\u00e1kulisn\u00e9 inform\u00e1cie, ktor\u00e9 inde nen\u00e1jdete.<\/strong><!--more--><\/p>\n<h2><strong>\u010co pon\u00fakame:<\/strong><\/h2>\n<ul>\n<li>Denne nov\u00e9 vide\u00e1 z Tour de France (z\u00e1znamy palubn\u00fdch kamier, rozhovory, spr\u00e1vy a \u010fal\u0161ie)<\/li>\n<li>Live sledovanie jazdcov pomocou GPS na mape a\u00a0v profile etapy<\/li>\n<li>Sekcia &#8222;Ob\u013e\u00faben\u00ed jazdci&#8220;, aby v\u00e1m neu\u0161lo ni\u010d z\u00a0jazdy v\u00e1\u0161ho ob\u013e\u00faben\u00e9ho t\u00edmu<\/li>\n<li>Live v\u00fdsledky a klasifik\u00e1cia pre ka\u017ed\u00fa etapu<\/li>\n<li>Prisp\u00f4sobite\u013en\u00e9 notifik\u00e1cie<\/li>\n<li>Mimoriadne spr\u00e1vy<\/li>\n<\/ul>\n<h2><strong>V roku 2018 navy\u0161e pribudlo:<\/strong><\/h2>\n<ul>\n<li>Vyhrajte denne skvel\u00e9 ceny od We Love Cycling<\/li>\n<li>Novinky od We Love Cycling priamo v\u00a0appke, tak\u017ee si jednoducho pre\u010d\u00edtate viac<\/li>\n<li>Skr\u00e1tili sme loadingy, opravili chyby a\u00a0v\u0161etko poriadne vyladili \ud83d\ude09<\/li>\n<\/ul>\n<p>Tak s\u0165ahujte a\u00a0presved\u010dte sa sami!<\/p>\n<p><strong><span style=\"font-size: 18pt;\"><a href=\"https:\/\/itunes.apple.com\/gb\/app\/tdf-2017-presented-by-%C5%A1koda\/id537634796?mt=8\">iOS<\/a> | <\/span><\/strong><a href=\"https:\/\/play.google.com\/store\/apps\/details?id=com.aso.tdf2012int&amp;hl=en_GB\"><strong><span style=\"font-size: 18pt;\">Android<\/span><\/strong><\/a><\/p>\n","protected":false},"excerpt":{"rendered":"<p>Najv\u00e4\u010d\u0161\u00ed cyklistick\u00fd sviatok v\u00e1m doteraz nikdy nebol bli\u017e\u0161ie! Ak ste doteraz nemali t\u00fa \u010des\u0165 s ofici\u00e1lnou mobilnou appkou pre Tour [&hellip;]<\/p>\n","protected":false},"author":38,"featured_media":4050,"comment_status":"open","ping_status":"open","sticky":false,"template":"","format":"standard","meta":{"footnotes":""},"categories":[117],"tags":[308],"global-categories":[],"class_list":["post-4049","post","type-post","status-publish","format-standard","has-post-thumbnail","hentry","category-tour-de-france","tag-tour-de-france-2018"],"yoast_head":"<!-- This site is optimized with the Yoast SEO Premium plugin v25.3 (Yoast SEO v25.9) - https:\/\/yoast.com\/wordpress\/plugins\/seo\/ -->\n<title>Mobiln\u00e1 appka Tour&nbsp;de&nbsp;France&nbsp;2018 - \u0160koda We Love Cycling Slovensko<\/title>\n<meta name=\"robots\" content=\"index, follow, max-snippet:-1, max-image-preview:large, max-video-preview:-1\" \/>\n<link rel=\"canonical\" href=\"https:\/\/www.welovecycling.com\/sk\/2018\/07\/05\/mobilna-appka-tour-de-france-2018-ultimatny-sprievodca-kazdeho-fanusika\/\" \/>\n<meta property=\"og:locale\" content=\"sk_SK\" \/>\n<meta property=\"og:type\" content=\"article\" \/>\n<meta property=\"og:title\" content=\"Mobiln\u00e1 appka Tour&nbsp;de&nbsp;France&nbsp;2018\" \/>\n<meta property=\"og:description\" content=\"Najv\u00e4\u010d\u0161\u00ed cyklistick\u00fd sviatok v\u00e1m doteraz nikdy nebol bli\u017e\u0161ie! Ak ste doteraz nemali t\u00fa \u010des\u0165 s ofici\u00e1lnou mobilnou appkou pre Tour [&hellip;]\" \/>\n<meta property=\"og:url\" content=\"https:\/\/www.welovecycling.com\/sk\/2018\/07\/05\/mobilna-appka-tour-de-france-2018-ultimatny-sprievodca-kazdeho-fanusika\/\" \/>\n<meta property=\"og:site_name\" content=\"\u0160koda We Love Cycling Slovensko\" \/>\n<meta property=\"article:published_time\" content=\"2018-07-05T15:11:35+00:00\" \/>\n<meta property=\"article:modified_time\" content=\"2018-07-23T17:49:37+00:00\" \/>\n<meta property=\"og:image\" content=\"https:\/\/d2p6e6u75xmxt8.cloudfront.net\/4\/2018\/07\/appcvr.webp\" \/>\n\t<meta property=\"og:image:width\" content=\"1366\" \/>\n\t<meta property=\"og:image:height\" content=\"600\" \/>\n\t<meta property=\"og:image:type\" content=\"image\/webp\" \/>\n<meta name=\"author\" content=\"Ondrej Ga\u0161par\" \/>\n<meta name=\"twitter:card\" content=\"summary_large_image\" \/>\n<meta name=\"twitter:label1\" content=\"Written by\" \/>\n\t<meta name=\"twitter:data1\" content=\"We Love Cycling\" \/>\n\t<meta name=\"twitter:label2\" content=\"Est. reading time\" \/>\n\t<meta name=\"twitter:data2\" content=\"2\" \/>\n<script type=\"application\/ld+json\" class=\"yoast-schema-graph\">{\"@context\":\"https:\/\/schema.org\",\"@graph\":[{\"@type\":\"WebPage\",\"@id\":\"https:\/\/www.welovecycling.com\/sk\/2018\/07\/05\/mobilna-appka-tour-de-france-2018-ultimatny-sprievodca-kazdeho-fanusika\/\",\"url\":\"https:\/\/www.welovecycling.com\/sk\/2018\/07\/05\/mobilna-appka-tour-de-france-2018-ultimatny-sprievodca-kazdeho-fanusika\/\",\"name\":\"Mobiln\u00e1 appka Tour&nbsp;de&nbsp;France&nbsp;2018 - \u0160koda We Love Cycling Slovensko\",\"isPartOf\":{\"@id\":\"https:\/\/www.welovecycling.com\/sk\/#website\"},\"primaryImageOfPage\":{\"@id\":\"https:\/\/www.welovecycling.com\/sk\/2018\/07\/05\/mobilna-appka-tour-de-france-2018-ultimatny-sprievodca-kazdeho-fanusika\/#primaryimage\"},\"image\":{\"@id\":\"https:\/\/www.welovecycling.com\/sk\/2018\/07\/05\/mobilna-appka-tour-de-france-2018-ultimatny-sprievodca-kazdeho-fanusika\/#primaryimage\"},\"thumbnailUrl\":\"https:\/\/d2p6e6u75xmxt8.cloudfront.net\/4\/2018\/07\/appcvr.webp\",\"datePublished\":\"2018-07-05T15:11:35+00:00\",\"dateModified\":\"2018-07-23T17:49:37+00:00\",\"author\":{\"@id\":\"https:\/\/www.welovecycling.com\/sk\/#\/schema\/person\/8ee09ba39b7e25b1870160aa5b3a89bc\"},\"breadcrumb\":{\"@id\":\"https:\/\/www.welovecycling.com\/sk\/2018\/07\/05\/mobilna-appka-tour-de-france-2018-ultimatny-sprievodca-kazdeho-fanusika\/#breadcrumb\"},\"inLanguage\":\"sk-SK\",\"potentialAction\":[{\"@type\":\"ReadAction\",\"target\":[\"https:\/\/www.welovecycling.com\/sk\/2018\/07\/05\/mobilna-appka-tour-de-france-2018-ultimatny-sprievodca-kazdeho-fanusika\/\"]}]},{\"@type\":\"ImageObject\",\"inLanguage\":\"sk-SK\",\"@id\":\"https:\/\/www.welovecycling.com\/sk\/2018\/07\/05\/mobilna-appka-tour-de-france-2018-ultimatny-sprievodca-kazdeho-fanusika\/#primaryimage\",\"url\":\"https:\/\/d2p6e6u75xmxt8.cloudfront.net\/4\/2018\/07\/appcvr.webp\",\"contentUrl\":\"https:\/\/d2p6e6u75xmxt8.cloudfront.net\/4\/2018\/07\/appcvr.webp\",\"width\":1366,\"height\":600},{\"@type\":\"BreadcrumbList\",\"@id\":\"https:\/\/www.welovecycling.com\/sk\/2018\/07\/05\/mobilna-appka-tour-de-france-2018-ultimatny-sprievodca-kazdeho-fanusika\/#breadcrumb\",\"itemListElement\":[{\"@type\":\"ListItem\",\"position\":1,\"name\":\"Home\",\"item\":\"https:\/\/www.welovecycling.com\/sk\/\"},{\"@type\":\"ListItem\",\"position\":2,\"name\":\"Mobiln\u00e1 appka Tour&nbsp;de&nbsp;France&nbsp;2018\"}]},{\"@type\":\"WebSite\",\"@id\":\"https:\/\/www.welovecycling.com\/sk\/#website\",\"url\":\"https:\/\/www.welovecycling.com\/sk\/\",\"name\":\"\u0160koda We Love Cycling Slovensko\",\"description\":\"\u0160koda We Love Cycling Slovensko je v\u00e1\u0161 ka\u017edodenn\u00fd zdroj noviniek a in\u0161pir\u00e1cie z sveta cyklistiky\",\"potentialAction\":[{\"@type\":\"SearchAction\",\"target\":{\"@type\":\"EntryPoint\",\"urlTemplate\":\"https:\/\/www.welovecycling.com\/sk\/?s={search_term_string}\"},\"query-input\":{\"@type\":\"PropertyValueSpecification\",\"valueRequired\":true,\"valueName\":\"search_term_string\"}}],\"inLanguage\":\"sk-SK\"},{\"@type\":\"Person\",\"@id\":\"https:\/\/www.welovecycling.com\/sk\/#\/schema\/person\/8ee09ba39b7e25b1870160aa5b3a89bc\",\"name\":\"Ondrej Ga\u0161par\",\"image\":{\"@type\":\"ImageObject\",\"inLanguage\":\"sk-SK\",\"@id\":\"https:\/\/www.welovecycling.com\/sk\/#\/schema\/person\/image\/\",\"url\":\"https:\/\/secure.gravatar.com\/avatar\/6126c9afb87b70da5abbb083ddbb21933da15f18f8ca7cb822aba0fb096a48f6?s=96&d=mm&r=g\",\"contentUrl\":\"https:\/\/secure.gravatar.com\/avatar\/6126c9afb87b70da5abbb083ddbb21933da15f18f8ca7cb822aba0fb096a48f6?s=96&d=mm&r=g\",\"caption\":\"Ondrej Ga\u0161par\"},\"url\":\"https:\/\/www.welovecycling.com\/sk\/author\/ondrejgaspar\/\"}]}<\/script>\n<!-- \/ Yoast SEO Premium plugin. -->","yoast_head_json":{"title":"Mobiln\u00e1 appka Tour&nbsp;de&nbsp;France&nbsp;2018 - \u0160koda We Love Cycling Slovensko","robots":{"index":"index","follow":"follow","max-snippet":"max-snippet:-1","max-image-preview":"max-image-preview:large","max-video-preview":"max-video-preview:-1"},"canonical":"https:\/\/www.welovecycling.com\/sk\/2018\/07\/05\/mobilna-appka-tour-de-france-2018-ultimatny-sprievodca-kazdeho-fanusika\/","og_locale":"sk_SK","og_type":"article","og_title":"Mobiln\u00e1 appka Tour&nbsp;de&nbsp;France&nbsp;2018","og_description":"Najv\u00e4\u010d\u0161\u00ed cyklistick\u00fd sviatok v\u00e1m doteraz nikdy nebol bli\u017e\u0161ie! Ak ste doteraz nemali t\u00fa \u010des\u0165 s ofici\u00e1lnou mobilnou appkou pre Tour [&hellip;]","og_url":"https:\/\/www.welovecycling.com\/sk\/2018\/07\/05\/mobilna-appka-tour-de-france-2018-ultimatny-sprievodca-kazdeho-fanusika\/","og_site_name":"\u0160koda We Love Cycling Slovensko","article_published_time":"2018-07-05T15:11:35+00:00","article_modified_time":"2018-07-23T17:49:37+00:00","og_image":[{"width":1366,"height":600,"url":"https:\/\/d2p6e6u75xmxt8.cloudfront.net\/4\/2018\/07\/appcvr.webp","type":"image\/webp"}],"author":"Ondrej Ga\u0161par","twitter_card":"summary_large_image","twitter_misc":{"Written by":"We Love Cycling","Est. reading time":"2"},"schema":{"@context":"https:\/\/schema.org","@graph":[{"@type":"WebPage","@id":"https:\/\/www.welovecycling.com\/sk\/2018\/07\/05\/mobilna-appka-tour-de-france-2018-ultimatny-sprievodca-kazdeho-fanusika\/","url":"https:\/\/www.welovecycling.com\/sk\/2018\/07\/05\/mobilna-appka-tour-de-france-2018-ultimatny-sprievodca-kazdeho-fanusika\/","name":"Mobiln\u00e1 appka Tour&nbsp;de&nbsp;France&nbsp;2018 - \u0160koda We Love Cycling Slovensko","isPartOf":{"@id":"https:\/\/www.welovecycling.com\/sk\/#website"},"primaryImageOfPage":{"@id":"https:\/\/www.welovecycling.com\/sk\/2018\/07\/05\/mobilna-appka-tour-de-france-2018-ultimatny-sprievodca-kazdeho-fanusika\/#primaryimage"},"image":{"@id":"https:\/\/www.welovecycling.com\/sk\/2018\/07\/05\/mobilna-appka-tour-de-france-2018-ultimatny-sprievodca-kazdeho-fanusika\/#primaryimage"},"thumbnailUrl":"https:\/\/d2p6e6u75xmxt8.cloudfront.net\/4\/2018\/07\/appcvr.webp","datePublished":"2018-07-05T15:11:35+00:00","dateModified":"2018-07-23T17:49:37+00:00","author":{"@id":"https:\/\/www.welovecycling.com\/sk\/#\/schema\/person\/8ee09ba39b7e25b1870160aa5b3a89bc"},"breadcrumb":{"@id":"https:\/\/www.welovecycling.com\/sk\/2018\/07\/05\/mobilna-appka-tour-de-france-2018-ultimatny-sprievodca-kazdeho-fanusika\/#breadcrumb"},"inLanguage":"sk-SK","potentialAction":[{"@type":"ReadAction","target":["https:\/\/www.welovecycling.com\/sk\/2018\/07\/05\/mobilna-appka-tour-de-france-2018-ultimatny-sprievodca-kazdeho-fanusika\/"]}]},{"@type":"ImageObject","inLanguage":"sk-SK","@id":"https:\/\/www.welovecycling.com\/sk\/2018\/07\/05\/mobilna-appka-tour-de-france-2018-ultimatny-sprievodca-kazdeho-fanusika\/#primaryimage","url":"https:\/\/d2p6e6u75xmxt8.cloudfront.net\/4\/2018\/07\/appcvr.webp","contentUrl":"https:\/\/d2p6e6u75xmxt8.cloudfront.net\/4\/2018\/07\/appcvr.webp","width":1366,"height":600},{"@type":"BreadcrumbList","@id":"https:\/\/www.welovecycling.com\/sk\/2018\/07\/05\/mobilna-appka-tour-de-france-2018-ultimatny-sprievodca-kazdeho-fanusika\/#breadcrumb","itemListElement":[{"@type":"ListItem","position":1,"name":"Home","item":"https:\/\/www.welovecycling.com\/sk\/"},{"@type":"ListItem","position":2,"name":"Mobiln\u00e1 appka Tour&nbsp;de&nbsp;France&nbsp;2018"}]},{"@type":"WebSite","@id":"https:\/\/www.welovecycling.com\/sk\/#website","url":"https:\/\/www.welovecycling.com\/sk\/","name":"\u0160koda We Love Cycling Slovensko","description":"\u0160koda We Love Cycling Slovensko je v\u00e1\u0161 ka\u017edodenn\u00fd zdroj noviniek a in\u0161pir\u00e1cie z sveta cyklistiky","potentialAction":[{"@type":"SearchAction","target":{"@type":"EntryPoint","urlTemplate":"https:\/\/www.welovecycling.com\/sk\/?s={search_term_string}"},"query-input":{"@type":"PropertyValueSpecification","valueRequired":true,"valueName":"search_term_string"}}],"inLanguage":"sk-SK"},{"@type":"Person","@id":"https:\/\/www.welovecycling.com\/sk\/#\/schema\/person\/8ee09ba39b7e25b1870160aa5b3a89bc","name":"Ondrej Ga\u0161par","image":{"@type":"ImageObject","inLanguage":"sk-SK","@id":"https:\/\/www.welovecycling.com\/sk\/#\/schema\/person\/image\/","url":"https:\/\/secure.gravatar.com\/avatar\/6126c9afb87b70da5abbb083ddbb21933da15f18f8ca7cb822aba0fb096a48f6?s=96&d=mm&r=g","contentUrl":"https:\/\/secure.gravatar.com\/avatar\/6126c9afb87b70da5abbb083ddbb21933da15f18f8ca7cb822aba0fb096a48f6?s=96&d=mm&r=g","caption":"Ondrej Ga\u0161par"},"url":"https:\/\/www.welovecycling.com\/sk\/author\/ondrejgaspar\/"}]}},"_links":{"self":[{"href":"https:\/\/www.welovecycling.com\/sk\/wp-json\/wp\/v2\/posts\/4049","targetHints":{"allow":["GET"]}}],"collection":[{"href":"https:\/\/www.welovecycling.com\/sk\/wp-json\/wp\/v2\/posts"}],"about":[{"href":"https:\/\/www.welovecycling.com\/sk\/wp-json\/wp\/v2\/types\/post"}],"author":[{"embeddable":true,"href":"https:\/\/www.welovecycling.com\/sk\/wp-json\/wp\/v2\/users\/38"}],"replies":[{"embeddable":true,"href":"https:\/\/www.welovecycling.com\/sk\/wp-json\/wp\/v2\/comments?post=4049"}],"version-history":[{"count":2,"href":"https:\/\/www.welovecycling.com\/sk\/wp-json\/wp\/v2\/posts\/4049\/revisions"}],"predecessor-version":[{"id":4305,"href":"https:\/\/www.welovecycling.com\/sk\/wp-json\/wp\/v2\/posts\/4049\/revisions\/4305"}],"wp:featuredmedia":[{"embeddable":true,"href":"https:\/\/www.welovecycling.com\/sk\/wp-json\/wp\/v2\/media\/4050"}],"wp:attachment":[{"href":"https:\/\/www.welovecycling.com\/sk\/wp-json\/wp\/v2\/media?parent=4049"}],"wp:term":[{"taxonomy":"category","embeddable":true,"href":"https:\/\/www.welovecycling.com\/sk\/wp-json\/wp\/v2\/categories?post=4049"},{"taxonomy":"post_tag","embeddable":true,"href":"https:\/\/www.welovecycling.com\/sk\/wp-json\/wp\/v2\/tags?post=4049"},{"taxonomy":"global-categories","embeddable":true,"href":"https:\/\/www.welovecycling.com\/sk\/wp-json\/wp\/v2\/global-categories?post=4049"}],"curies":[{"name":"wp","href":"https:\/\/api.w.org\/{rel}","templated":true}]}}