{"id":4035,"date":"2018-07-05T13:46:30","date_gmt":"2018-07-05T11:46:30","guid":{"rendered":"https:\/\/www.welovecycling.com\/sk\/?p=4035"},"modified":"2018-07-06T03:50:07","modified_gmt":"2018-07-06T01:50:07","slug":"tour-de-france-105-rocnik","status":"publish","type":"post","link":"https:\/\/www.welovecycling.com\/sk\/2018\/07\/05\/tour-de-france-105-rocnik\/","title":{"rendered":"Tour de France 2018 &#8211; 105. ro\u010dn\u00edk oslavy cyklistiky"},"content":{"rendered":"<p><strong>U\u017e t\u00fato sobotu 7. j\u00fala od\u0161tartuj\u00fa najprest\u00ed\u017enej\u0161ie preteky plan\u00e9ty &#8211; Tour de France, ktor\u00e9 svoj\u00edm celkov\u00fdm profilom prines\u00fa naozaj pestr\u00fa paletu et\u00e1p.<\/strong><!--more--><\/p>\n<lite-youtube videoid=5ile4NRMLDQ params=\"enablejsapi=1\" style=\"background-image: url('https:\/\/i.ytimg.com\/vi_webp\/5ile4NRMLDQ\/maxresdefault.webp');\"><\/lite-youtube>\n<p>Tour sa za\u010d\u00edna v dom\u00e1com prostred\u00ed, nebude sa v\u0161ak <strong>\u0161tartova\u0165<\/strong> v kontinent\u00e1lnej \u010dasti Franc\u00fazska, ale <strong>v regi\u00f3ne Vend\u00e9e na ostrove Noirmoutier-en-l&#8217;Ile<\/strong>, nach\u00e1dzaj\u00facom sa v Atlantickom oce\u00e1ne. V\u00ed\u0165aza spozn\u00e1me 29. j\u00fala po tradi\u010dnom dojazde na par\u00ed\u017eskom bulv\u00e1ri Champs-\u00c9lys\u00e9es.<\/p>\n<p><a href=\"https:\/\/d2p6e6u75xmxt8.cloudfront.net\/4\/2018\/07\/01-1.jpg\"><img loading=\"lazy\" decoding=\"async\" class=\"alignnone size-full wp-image-4038\" src=\"https:\/\/d2p6e6u75xmxt8.cloudfront.net\/4\/2018\/07\/01-1.jpg\" alt=\"\" width=\"1200\" height=\"800\" \/><\/a><\/p>\n<h2><strong>Tour de France 2018<\/strong><\/h2>\n<ul>\n<li>Cyklisti po\u010das nej celkovo najazdia 3 329 kilometrov<\/li>\n<li>M\u00e1 21 et\u00e1p, z ktor\u00fdch je 8 rovinat\u00fdch, 5 zvlnen\u00fdch, 6 horsk\u00fdch a 2 s\u00fa \u010dasovky<\/li>\n<li>Najdlh\u0161ia etapa m\u00e1 231 kilometrov, najkrat\u0161ia m\u00e1 65 kilometrov (mimo \u010dasoviek)<\/li>\n<li>Najvy\u0161\u0161\u00ed bod, ktor\u00fd pretek\u00e1ri dosiahnu, je pyrenejsk\u00fd priesmyk Col du Portet vo v\u00fd\u0161ke 2 215 metrov<\/li>\n<\/ul>\n<p>Tohtoro\u010dn\u00e1 Tour prinesie na trase ve\u013ea zauj\u00edmav\u00fdch miest. Okrem nov\u00fdch st\u00fapan\u00ed v Alp\u00e1ch \u010di Pyrenejach, \u010dak\u00e1 jazdcov po ro\u010dnej prest\u00e1vke op\u00e4\u0165 n\u00e1straha v podobe ciest s ma\u010dac\u00edmi hlavami (kockami), zn\u00e1mych z klasiky Par\u00ed\u017e &#8211; Roubaix. Pelot\u00f3n mus\u00ed po\u010das tejto deviatej etapy zvl\u00e1dnu\u0165 a\u017e p\u00e4tn\u00e1s\u0165 \u00fasekov v celkovej d\u013a\u017eke 22 kilometrov, \u010do zamie\u0161a karty v boji nielen o etapov\u00fd, ale mo\u017eno aj o celkov\u00fd triumf.<\/p>\n<div data-rows=\"1\" id='gallery-1' class='gallery-rows-1 gallery galleryid-4035 gallery-columns-2 gallery-size-full'><figure class='gallery-item'>\n\t\t\t<div class='gallery-icon landscape'>\n\t\t\t\t<a href='https:\/\/d2p6e6u75xmxt8.cloudfront.net\/4\/2018\/07\/02-1.webp'><img loading=\"lazy\" decoding=\"async\" width=\"1200\" height=\"800\" src=\"https:\/\/d2p6e6u75xmxt8.cloudfront.net\/4\/2018\/07\/02-1.webp\" class=\"attachment-full size-full\" alt=\"\" srcset=\"https:\/\/d2p6e6u75xmxt8.cloudfront.net\/4\/2018\/07\/02-1.webp 1200w, https:\/\/d2p6e6u75xmxt8.cloudfront.net\/4\/2018\/07\/02-1-300x200.webp 300w, https:\/\/d2p6e6u75xmxt8.cloudfront.net\/4\/2018\/07\/02-1-1024x683.webp 1024w, https:\/\/d2p6e6u75xmxt8.cloudfront.net\/4\/2018\/07\/02-1-768x512.webp 768w, https:\/\/d2p6e6u75xmxt8.cloudfront.net\/4\/2018\/07\/02-1-272x182.webp 272w\" sizes=\"auto, (max-width: 1200px) 100vw, 1200px\" \/><\/a>\n\t\t\t<\/div><\/figure><figure class='gallery-item'>\n\t\t\t<div class='gallery-icon landscape'>\n\t\t\t\t<a href='https:\/\/d2p6e6u75xmxt8.cloudfront.net\/4\/2018\/07\/03-2.webp'><img loading=\"lazy\" decoding=\"async\" width=\"1200\" height=\"800\" src=\"https:\/\/d2p6e6u75xmxt8.cloudfront.net\/4\/2018\/07\/03-2.webp\" class=\"attachment-full size-full\" alt=\"\" srcset=\"https:\/\/d2p6e6u75xmxt8.cloudfront.net\/4\/2018\/07\/03-2.webp 1200w, https:\/\/d2p6e6u75xmxt8.cloudfront.net\/4\/2018\/07\/03-2-300x200.webp 300w, https:\/\/d2p6e6u75xmxt8.cloudfront.net\/4\/2018\/07\/03-2-1024x683.webp 1024w, https:\/\/d2p6e6u75xmxt8.cloudfront.net\/4\/2018\/07\/03-2-768x512.webp 768w, https:\/\/d2p6e6u75xmxt8.cloudfront.net\/4\/2018\/07\/03-2-272x182.webp 272w\" sizes=\"auto, (max-width: 1200px) 100vw, 1200px\" \/><\/a>\n\t\t\t<\/div><\/figure>\n\t\t<\/div>\n        \n<p>Te\u0161i\u0165 sa m\u00f4\u017eeme tie\u017e na \u0161otolinov\u00fa cestu uprostred horskej etapy \u010di vetern\u00e9 etapy na pobre\u017e\u00ed Atlantiku. Pripraven\u00e1 je aj kopcovit\u00e1 \u010dasovka jednotlivcov, alebo extr\u00e9mne kr\u00e1tka horsk\u00e1 etapa, ktor\u00e1 bude ma\u0165 len 65 kilometrov, ale a\u017e 37 z nich p\u00f4jdu cyklisti do kopca \u2013 to prinesie s\u00faboje u\u017e od prvej min\u00faty a p\u00f4jde sa \u00faplne naplno. Na trasu Tour de France sa vracia aj najsl\u00e1vnej\u0161ie z alpsk\u00fdch st\u00fapan\u00ed Alpe d&#8217;Huez. <em>&#8222;Bude to kr\u00e1\u013eovsk\u00e1 etapa,&#8220;<\/em> povedal o tejto etape <strong>Christopher Froome<\/strong>. Po\u010das tohto d\u0148a pretek\u00e1rov \u010dak\u00e1 viac ako 5 000 v\u00fd\u0161kov\u00fdch metrov. Rozhoduj\u00face s\u00faboje o \u017elt\u00fd dres sa odohraj\u00fa v Pyrenej\u00e1ch. Tie okrem tradi\u010dn\u00fdch st\u00fapan\u00ed ako Col du Tourmalet, Col d&#8217;Aubisque \u010di Col de Peyresourde, pon\u00faknu pre div\u00e1kov aj ve\u013ea \u010fal\u0161\u00edch zauj\u00edmav\u00fdch miest.<\/p>\n<div data-rows=\"1\" id='gallery-2' class='gallery-rows-1 gallery galleryid-4035 gallery-columns-3 gallery-size-full'><figure class='gallery-item'>\n\t\t\t<div class='gallery-icon landscape'>\n\t\t\t\t<a href='https:\/\/d2p6e6u75xmxt8.cloudfront.net\/4\/2018\/07\/05-2.webp'><img loading=\"lazy\" decoding=\"async\" width=\"1200\" height=\"800\" src=\"https:\/\/d2p6e6u75xmxt8.cloudfront.net\/4\/2018\/07\/05-2.webp\" class=\"attachment-full size-full\" alt=\"\" srcset=\"https:\/\/d2p6e6u75xmxt8.cloudfront.net\/4\/2018\/07\/05-2.webp 1200w, https:\/\/d2p6e6u75xmxt8.cloudfront.net\/4\/2018\/07\/05-2-300x200.webp 300w, https:\/\/d2p6e6u75xmxt8.cloudfront.net\/4\/2018\/07\/05-2-1024x683.webp 1024w, https:\/\/d2p6e6u75xmxt8.cloudfront.net\/4\/2018\/07\/05-2-768x512.webp 768w, https:\/\/d2p6e6u75xmxt8.cloudfront.net\/4\/2018\/07\/05-2-272x182.webp 272w\" sizes=\"auto, (max-width: 1200px) 100vw, 1200px\" \/><\/a>\n\t\t\t<\/div><\/figure><figure class='gallery-item'>\n\t\t\t<div class='gallery-icon landscape'>\n\t\t\t\t<a href='https:\/\/d2p6e6u75xmxt8.cloudfront.net\/4\/2018\/07\/06-2.webp'><img loading=\"lazy\" decoding=\"async\" width=\"1200\" height=\"800\" src=\"https:\/\/d2p6e6u75xmxt8.cloudfront.net\/4\/2018\/07\/06-2.webp\" class=\"attachment-full size-full\" alt=\"\" srcset=\"https:\/\/d2p6e6u75xmxt8.cloudfront.net\/4\/2018\/07\/06-2.webp 1200w, https:\/\/d2p6e6u75xmxt8.cloudfront.net\/4\/2018\/07\/06-2-300x200.webp 300w, https:\/\/d2p6e6u75xmxt8.cloudfront.net\/4\/2018\/07\/06-2-1024x683.webp 1024w, https:\/\/d2p6e6u75xmxt8.cloudfront.net\/4\/2018\/07\/06-2-768x512.webp 768w, https:\/\/d2p6e6u75xmxt8.cloudfront.net\/4\/2018\/07\/06-2-272x182.webp 272w\" sizes=\"auto, (max-width: 1200px) 100vw, 1200px\" \/><\/a>\n\t\t\t<\/div><\/figure><figure class='gallery-item'>\n\t\t\t<div class='gallery-icon landscape'>\n\t\t\t\t<a href='https:\/\/d2p6e6u75xmxt8.cloudfront.net\/4\/2018\/07\/07-2.webp'><img loading=\"lazy\" decoding=\"async\" width=\"1200\" height=\"800\" src=\"https:\/\/d2p6e6u75xmxt8.cloudfront.net\/4\/2018\/07\/07-2.webp\" class=\"attachment-full size-full\" alt=\"\" srcset=\"https:\/\/d2p6e6u75xmxt8.cloudfront.net\/4\/2018\/07\/07-2.webp 1200w, https:\/\/d2p6e6u75xmxt8.cloudfront.net\/4\/2018\/07\/07-2-300x200.webp 300w, https:\/\/d2p6e6u75xmxt8.cloudfront.net\/4\/2018\/07\/07-2-1024x683.webp 1024w, https:\/\/d2p6e6u75xmxt8.cloudfront.net\/4\/2018\/07\/07-2-768x512.webp 768w, https:\/\/d2p6e6u75xmxt8.cloudfront.net\/4\/2018\/07\/07-2-272x182.webp 272w\" sizes=\"auto, (max-width: 1200px) 100vw, 1200px\" \/><\/a>\n\t\t\t<\/div><\/figure>\n\t\t<\/div>\n        \n<h2><strong>Peter Sagan op\u00e4\u0165 zabojuje o zelen\u00fd dres<\/strong><\/h2>\n<p>N\u00e1\u0161 cyklista bude op\u00e4\u0165 <strong>jednou z hlavn\u00fdch hviezd<\/strong> 105. ro\u010dn\u00edka Tour de France. P\u00e4\u0165n\u00e1sobn\u00fd v\u00ed\u0165az bodovacej s\u00fa\u0165a\u017ee vlani po diskvalifik\u00e1cii v \u0161tvrtej etape pred\u010dasne opustil preteky a nemal mo\u017enos\u0165 pokra\u010dova\u0165 v boji o \u010fal\u0161\u00ed zelen\u00fd dres. Teraz je v\u0161ak op\u00e4\u0165 najv\u00e4\u010d\u0161\u00edm kandid\u00e1tom na jeho z\u00edskanie a ned\u00e1vnym ziskom titulu majstra Slovenska potvrdil, \u017ee je vo v\u00fdbornej forme. <em>&#8222;Nie som \u010distokrvn\u00fd \u0161purt\u00e9r ako Kittel, Cavendish alebo \u010fal\u0161\u00ed, ale viem vyhr\u00e1va\u0165 v odli\u0161n\u00fdch typoch et\u00e1p. Mysl\u00edm si, \u017ee dok\u00e1\u017eem by\u0165 st\u00e1le vpredu a dost\u00e1va\u0165 sa do najlep\u0161ej p\u00e4\u0165ky. Podarilo sa mi to v ka\u017edom vyst\u00fapen\u00ed na Tour de France,&#8220;<\/em> zhodnotil s\u00e1m seba.<\/p>\n<div data-rows=\"1\" id='gallery-3' class='gallery-rows-1 gallery galleryid-4035 gallery-columns-3 gallery-size-full'><figure class='gallery-item'>\n\t\t\t<div class='gallery-icon landscape'>\n\t\t\t\t<a href='https:\/\/d2p6e6u75xmxt8.cloudfront.net\/4\/2018\/07\/08-2.webp'><img loading=\"lazy\" decoding=\"async\" width=\"1200\" height=\"800\" src=\"https:\/\/d2p6e6u75xmxt8.cloudfront.net\/4\/2018\/07\/08-2.webp\" class=\"attachment-full size-full\" alt=\"\" srcset=\"https:\/\/d2p6e6u75xmxt8.cloudfront.net\/4\/2018\/07\/08-2.webp 1200w, https:\/\/d2p6e6u75xmxt8.cloudfront.net\/4\/2018\/07\/08-2-300x200.webp 300w, https:\/\/d2p6e6u75xmxt8.cloudfront.net\/4\/2018\/07\/08-2-1024x683.webp 1024w, https:\/\/d2p6e6u75xmxt8.cloudfront.net\/4\/2018\/07\/08-2-768x512.webp 768w, https:\/\/d2p6e6u75xmxt8.cloudfront.net\/4\/2018\/07\/08-2-272x182.webp 272w\" sizes=\"auto, (max-width: 1200px) 100vw, 1200px\" \/><\/a>\n\t\t\t<\/div><\/figure><figure class='gallery-item'>\n\t\t\t<div class='gallery-icon landscape'>\n\t\t\t\t<a href='https:\/\/d2p6e6u75xmxt8.cloudfront.net\/4\/2018\/07\/09-2.webp'><img loading=\"lazy\" decoding=\"async\" width=\"1200\" height=\"800\" src=\"https:\/\/d2p6e6u75xmxt8.cloudfront.net\/4\/2018\/07\/09-2.webp\" class=\"attachment-full size-full\" alt=\"\" srcset=\"https:\/\/d2p6e6u75xmxt8.cloudfront.net\/4\/2018\/07\/09-2.webp 1200w, https:\/\/d2p6e6u75xmxt8.cloudfront.net\/4\/2018\/07\/09-2-300x200.webp 300w, https:\/\/d2p6e6u75xmxt8.cloudfront.net\/4\/2018\/07\/09-2-1024x683.webp 1024w, https:\/\/d2p6e6u75xmxt8.cloudfront.net\/4\/2018\/07\/09-2-768x512.webp 768w, https:\/\/d2p6e6u75xmxt8.cloudfront.net\/4\/2018\/07\/09-2-272x182.webp 272w\" sizes=\"auto, (max-width: 1200px) 100vw, 1200px\" \/><\/a>\n\t\t\t<\/div><\/figure><figure class='gallery-item'>\n\t\t\t<div class='gallery-icon landscape'>\n\t\t\t\t<a href='https:\/\/d2p6e6u75xmxt8.cloudfront.net\/4\/2018\/07\/10-2.webp'><img loading=\"lazy\" decoding=\"async\" width=\"1200\" height=\"800\" src=\"https:\/\/d2p6e6u75xmxt8.cloudfront.net\/4\/2018\/07\/10-2.webp\" class=\"attachment-full size-full\" alt=\"\" srcset=\"https:\/\/d2p6e6u75xmxt8.cloudfront.net\/4\/2018\/07\/10-2.webp 1200w, https:\/\/d2p6e6u75xmxt8.cloudfront.net\/4\/2018\/07\/10-2-300x200.webp 300w, https:\/\/d2p6e6u75xmxt8.cloudfront.net\/4\/2018\/07\/10-2-1024x683.webp 1024w, https:\/\/d2p6e6u75xmxt8.cloudfront.net\/4\/2018\/07\/10-2-768x512.webp 768w, https:\/\/d2p6e6u75xmxt8.cloudfront.net\/4\/2018\/07\/10-2-272x182.webp 272w\" sizes=\"auto, (max-width: 1200px) 100vw, 1200px\" \/><\/a>\n\t\t\t<\/div><\/figure>\n\t\t<\/div>\n        \n<p>\u0160print\u00e9rom sa tento rok ujde osem et\u00e1p, z toho a\u017e p\u00e4\u0165kr\u00e1t by sme ich mali uvidie\u0165 v \u00favodnom t\u00fd\u017edni. V druhej s\u00fa\u0165a\u017enej \u010dasti na nich \u010dak\u00e1 len jeden prijate\u013en\u00fd profil a v z\u00e1vere\u010dnom t\u00fd\u017edni by im mohli vyhovova\u0165 dve etapy, ale ako pozn\u00e1me Petra Sagana, m\u00f4\u017ee prekvapi\u0165 viackr\u00e1t. \u00dato\u010di\u0165 bude hlavne v etap\u00e1ch s mierne zvlnen\u00fdm profilom, kde m\u00e1 \u0161ancu zbavi\u0165 sa klasick\u00fdch \u0161print\u00e9rov a d\u00f4js\u0165 v men\u0161ej skupinke. U\u017e \u010doskoro uvid\u00edme, \u010do tohtoro\u010dn\u00e1 Tour de France prinesie a dr\u017e\u00edme n\u00e1\u0161mu pretek\u00e1rovi palce. \u010ci u\u017e v samotn\u00fdch etap\u00e1ch alebo v s\u00faboji o \u0161iesty zelen\u00fd dres.<\/p>\n","protected":false},"excerpt":{"rendered":"<p>U\u017e t\u00fato sobotu 7. j\u00fala od\u0161tartuj\u00fa najprest\u00ed\u017enej\u0161ie preteky plan\u00e9ty &#8211; Tour de France, ktor\u00e9 svoj\u00edm celkov\u00fdm profilom prines\u00fa naozaj pestr\u00fa [&hellip;]<\/p>\n","protected":false},"author":38,"featured_media":4037,"comment_status":"open","ping_status":"open","sticky":false,"template":"","format":"standard","meta":{"footnotes":""},"categories":[4,63,117],"tags":[160,115,119,306,153,136,46,179,270,20,308,156,174],"global-categories":[],"class_list":["post-4035","post","type-post","status-publish","format-standard","has-post-thumbnail","hentry","category-cestna-cyklisitika","category-grand-tour","category-tour-de-france","tag-bora-hansgrohe","tag-cestna-cyklistika","tag-chris-froome","tag-francuzsko","tag-marcel-kittel","tag-mark-cavendish","tag-peter-sagan","tag-preteky","tag-team-sky","tag-tour-de-france","tag-tour-de-france-2018","tag-zeleny-dres","tag-zlty-dres"],"yoast_head":"<!-- This site is optimized with the Yoast SEO Premium plugin v25.3 (Yoast SEO v25.9) - https:\/\/yoast.com\/wordpress\/plugins\/seo\/ -->\n<title>Tour de France 2018 - 105. ro\u010dn\u00edk oslavy cyklistiky - \u0160koda We Love Cycling Slovensko<\/title>\n<meta name=\"robots\" content=\"index, follow, max-snippet:-1, max-image-preview:large, max-video-preview:-1\" \/>\n<link rel=\"canonical\" href=\"https:\/\/www.welovecycling.com\/sk\/2018\/07\/05\/tour-de-france-105-rocnik\/\" \/>\n<meta property=\"og:locale\" content=\"sk_SK\" \/>\n<meta property=\"og:type\" content=\"article\" \/>\n<meta property=\"og:title\" content=\"Tour de France 2018 - 105. ro\u010dn\u00edk oslavy cyklistiky\" \/>\n<meta property=\"og:description\" content=\"U\u017e t\u00fato sobotu 7. j\u00fala od\u0161tartuj\u00fa najprest\u00ed\u017enej\u0161ie preteky plan\u00e9ty &#8211; Tour de France, ktor\u00e9 svoj\u00edm celkov\u00fdm profilom prines\u00fa naozaj pestr\u00fa [&hellip;]\" \/>\n<meta property=\"og:url\" content=\"https:\/\/www.welovecycling.com\/sk\/2018\/07\/05\/tour-de-france-105-rocnik\/\" \/>\n<meta property=\"og:site_name\" content=\"\u0160koda We Love Cycling Slovensko\" \/>\n<meta property=\"article:published_time\" content=\"2018-07-05T11:46:30+00:00\" \/>\n<meta property=\"article:modified_time\" content=\"2018-07-06T01:50:07+00:00\" \/>\n<meta property=\"og:image\" content=\"https:\/\/d2p6e6u75xmxt8.cloudfront.net\/4\/2018\/07\/titulka-2.webp\" \/>\n\t<meta property=\"og:image:width\" content=\"1375\" \/>\n\t<meta property=\"og:image:height\" content=\"600\" \/>\n\t<meta property=\"og:image:type\" content=\"image\/webp\" \/>\n<meta name=\"author\" content=\"Ondrej Ga\u0161par\" \/>\n<meta name=\"twitter:card\" content=\"summary_large_image\" \/>\n<meta name=\"twitter:label1\" content=\"Written by\" \/>\n\t<meta name=\"twitter:data1\" content=\"We Love Cycling\" \/>\n\t<meta name=\"twitter:label2\" content=\"Est. reading time\" \/>\n\t<meta name=\"twitter:data2\" content=\"3 minutes\" \/>\n<script type=\"application\/ld+json\" class=\"yoast-schema-graph\">{\"@context\":\"https:\/\/schema.org\",\"@graph\":[{\"@type\":\"WebPage\",\"@id\":\"https:\/\/www.welovecycling.com\/sk\/2018\/07\/05\/tour-de-france-105-rocnik\/\",\"url\":\"https:\/\/www.welovecycling.com\/sk\/2018\/07\/05\/tour-de-france-105-rocnik\/\",\"name\":\"Tour de France 2018 - 105. ro\u010dn\u00edk oslavy cyklistiky - \u0160koda We Love Cycling Slovensko\",\"isPartOf\":{\"@id\":\"https:\/\/www.welovecycling.com\/sk\/#website\"},\"primaryImageOfPage\":{\"@id\":\"https:\/\/www.welovecycling.com\/sk\/2018\/07\/05\/tour-de-france-105-rocnik\/#primaryimage\"},\"image\":{\"@id\":\"https:\/\/www.welovecycling.com\/sk\/2018\/07\/05\/tour-de-france-105-rocnik\/#primaryimage\"},\"thumbnailUrl\":\"https:\/\/d2p6e6u75xmxt8.cloudfront.net\/4\/2018\/07\/titulka-2.webp\",\"datePublished\":\"2018-07-05T11:46:30+00:00\",\"dateModified\":\"2018-07-06T01:50:07+00:00\",\"author\":{\"@id\":\"https:\/\/www.welovecycling.com\/sk\/#\/schema\/person\/8ee09ba39b7e25b1870160aa5b3a89bc\"},\"breadcrumb\":{\"@id\":\"https:\/\/www.welovecycling.com\/sk\/2018\/07\/05\/tour-de-france-105-rocnik\/#breadcrumb\"},\"inLanguage\":\"sk-SK\",\"potentialAction\":[{\"@type\":\"ReadAction\",\"target\":[\"https:\/\/www.welovecycling.com\/sk\/2018\/07\/05\/tour-de-france-105-rocnik\/\"]}]},{\"@type\":\"ImageObject\",\"inLanguage\":\"sk-SK\",\"@id\":\"https:\/\/www.welovecycling.com\/sk\/2018\/07\/05\/tour-de-france-105-rocnik\/#primaryimage\",\"url\":\"https:\/\/d2p6e6u75xmxt8.cloudfront.net\/4\/2018\/07\/titulka-2.webp\",\"contentUrl\":\"https:\/\/d2p6e6u75xmxt8.cloudfront.net\/4\/2018\/07\/titulka-2.webp\",\"width\":1375,\"height\":600},{\"@type\":\"BreadcrumbList\",\"@id\":\"https:\/\/www.welovecycling.com\/sk\/2018\/07\/05\/tour-de-france-105-rocnik\/#breadcrumb\",\"itemListElement\":[{\"@type\":\"ListItem\",\"position\":1,\"name\":\"Home\",\"item\":\"https:\/\/www.welovecycling.com\/sk\/\"},{\"@type\":\"ListItem\",\"position\":2,\"name\":\"Tour de France 2018 &#8211; 105. ro\u010dn\u00edk oslavy cyklistiky\"}]},{\"@type\":\"WebSite\",\"@id\":\"https:\/\/www.welovecycling.com\/sk\/#website\",\"url\":\"https:\/\/www.welovecycling.com\/sk\/\",\"name\":\"\u0160koda We Love Cycling Slovensko\",\"description\":\"\u0160koda We Love Cycling Slovensko je v\u00e1\u0161 ka\u017edodenn\u00fd zdroj noviniek a in\u0161pir\u00e1cie z sveta cyklistiky\",\"potentialAction\":[{\"@type\":\"SearchAction\",\"target\":{\"@type\":\"EntryPoint\",\"urlTemplate\":\"https:\/\/www.welovecycling.com\/sk\/?s={search_term_string}\"},\"query-input\":{\"@type\":\"PropertyValueSpecification\",\"valueRequired\":true,\"valueName\":\"search_term_string\"}}],\"inLanguage\":\"sk-SK\"},{\"@type\":\"Person\",\"@id\":\"https:\/\/www.welovecycling.com\/sk\/#\/schema\/person\/8ee09ba39b7e25b1870160aa5b3a89bc\",\"name\":\"Ondrej Ga\u0161par\",\"image\":{\"@type\":\"ImageObject\",\"inLanguage\":\"sk-SK\",\"@id\":\"https:\/\/www.welovecycling.com\/sk\/#\/schema\/person\/image\/\",\"url\":\"https:\/\/secure.gravatar.com\/avatar\/6126c9afb87b70da5abbb083ddbb21933da15f18f8ca7cb822aba0fb096a48f6?s=96&d=mm&r=g\",\"contentUrl\":\"https:\/\/secure.gravatar.com\/avatar\/6126c9afb87b70da5abbb083ddbb21933da15f18f8ca7cb822aba0fb096a48f6?s=96&d=mm&r=g\",\"caption\":\"Ondrej Ga\u0161par\"},\"url\":\"https:\/\/www.welovecycling.com\/sk\/author\/ondrejgaspar\/\"}]}<\/script>\n<!-- \/ Yoast SEO Premium plugin. -->","yoast_head_json":{"title":"Tour de France 2018 - 105. ro\u010dn\u00edk oslavy cyklistiky - \u0160koda We Love Cycling Slovensko","robots":{"index":"index","follow":"follow","max-snippet":"max-snippet:-1","max-image-preview":"max-image-preview:large","max-video-preview":"max-video-preview:-1"},"canonical":"https:\/\/www.welovecycling.com\/sk\/2018\/07\/05\/tour-de-france-105-rocnik\/","og_locale":"sk_SK","og_type":"article","og_title":"Tour de France 2018 - 105. ro\u010dn\u00edk oslavy cyklistiky","og_description":"U\u017e t\u00fato sobotu 7. j\u00fala od\u0161tartuj\u00fa najprest\u00ed\u017enej\u0161ie preteky plan\u00e9ty &#8211; Tour de France, ktor\u00e9 svoj\u00edm celkov\u00fdm profilom prines\u00fa naozaj pestr\u00fa [&hellip;]","og_url":"https:\/\/www.welovecycling.com\/sk\/2018\/07\/05\/tour-de-france-105-rocnik\/","og_site_name":"\u0160koda We Love Cycling Slovensko","article_published_time":"2018-07-05T11:46:30+00:00","article_modified_time":"2018-07-06T01:50:07+00:00","og_image":[{"width":1375,"height":600,"url":"https:\/\/d2p6e6u75xmxt8.cloudfront.net\/4\/2018\/07\/titulka-2.webp","type":"image\/webp"}],"author":"Ondrej Ga\u0161par","twitter_card":"summary_large_image","twitter_misc":{"Written by":"We Love Cycling","Est. reading time":"3 minutes"},"schema":{"@context":"https:\/\/schema.org","@graph":[{"@type":"WebPage","@id":"https:\/\/www.welovecycling.com\/sk\/2018\/07\/05\/tour-de-france-105-rocnik\/","url":"https:\/\/www.welovecycling.com\/sk\/2018\/07\/05\/tour-de-france-105-rocnik\/","name":"Tour de France 2018 - 105. ro\u010dn\u00edk oslavy cyklistiky - \u0160koda We Love Cycling Slovensko","isPartOf":{"@id":"https:\/\/www.welovecycling.com\/sk\/#website"},"primaryImageOfPage":{"@id":"https:\/\/www.welovecycling.com\/sk\/2018\/07\/05\/tour-de-france-105-rocnik\/#primaryimage"},"image":{"@id":"https:\/\/www.welovecycling.com\/sk\/2018\/07\/05\/tour-de-france-105-rocnik\/#primaryimage"},"thumbnailUrl":"https:\/\/d2p6e6u75xmxt8.cloudfront.net\/4\/2018\/07\/titulka-2.webp","datePublished":"2018-07-05T11:46:30+00:00","dateModified":"2018-07-06T01:50:07+00:00","author":{"@id":"https:\/\/www.welovecycling.com\/sk\/#\/schema\/person\/8ee09ba39b7e25b1870160aa5b3a89bc"},"breadcrumb":{"@id":"https:\/\/www.welovecycling.com\/sk\/2018\/07\/05\/tour-de-france-105-rocnik\/#breadcrumb"},"inLanguage":"sk-SK","potentialAction":[{"@type":"ReadAction","target":["https:\/\/www.welovecycling.com\/sk\/2018\/07\/05\/tour-de-france-105-rocnik\/"]}]},{"@type":"ImageObject","inLanguage":"sk-SK","@id":"https:\/\/www.welovecycling.com\/sk\/2018\/07\/05\/tour-de-france-105-rocnik\/#primaryimage","url":"https:\/\/d2p6e6u75xmxt8.cloudfront.net\/4\/2018\/07\/titulka-2.webp","contentUrl":"https:\/\/d2p6e6u75xmxt8.cloudfront.net\/4\/2018\/07\/titulka-2.webp","width":1375,"height":600},{"@type":"BreadcrumbList","@id":"https:\/\/www.welovecycling.com\/sk\/2018\/07\/05\/tour-de-france-105-rocnik\/#breadcrumb","itemListElement":[{"@type":"ListItem","position":1,"name":"Home","item":"https:\/\/www.welovecycling.com\/sk\/"},{"@type":"ListItem","position":2,"name":"Tour de France 2018 &#8211; 105. ro\u010dn\u00edk oslavy cyklistiky"}]},{"@type":"WebSite","@id":"https:\/\/www.welovecycling.com\/sk\/#website","url":"https:\/\/www.welovecycling.com\/sk\/","name":"\u0160koda We Love Cycling Slovensko","description":"\u0160koda We Love Cycling Slovensko je v\u00e1\u0161 ka\u017edodenn\u00fd zdroj noviniek a in\u0161pir\u00e1cie z sveta cyklistiky","potentialAction":[{"@type":"SearchAction","target":{"@type":"EntryPoint","urlTemplate":"https:\/\/www.welovecycling.com\/sk\/?s={search_term_string}"},"query-input":{"@type":"PropertyValueSpecification","valueRequired":true,"valueName":"search_term_string"}}],"inLanguage":"sk-SK"},{"@type":"Person","@id":"https:\/\/www.welovecycling.com\/sk\/#\/schema\/person\/8ee09ba39b7e25b1870160aa5b3a89bc","name":"Ondrej Ga\u0161par","image":{"@type":"ImageObject","inLanguage":"sk-SK","@id":"https:\/\/www.welovecycling.com\/sk\/#\/schema\/person\/image\/","url":"https:\/\/secure.gravatar.com\/avatar\/6126c9afb87b70da5abbb083ddbb21933da15f18f8ca7cb822aba0fb096a48f6?s=96&d=mm&r=g","contentUrl":"https:\/\/secure.gravatar.com\/avatar\/6126c9afb87b70da5abbb083ddbb21933da15f18f8ca7cb822aba0fb096a48f6?s=96&d=mm&r=g","caption":"Ondrej Ga\u0161par"},"url":"https:\/\/www.welovecycling.com\/sk\/author\/ondrejgaspar\/"}]}},"_links":{"self":[{"href":"https:\/\/www.welovecycling.com\/sk\/wp-json\/wp\/v2\/posts\/4035","targetHints":{"allow":["GET"]}}],"collection":[{"href":"https:\/\/www.welovecycling.com\/sk\/wp-json\/wp\/v2\/posts"}],"about":[{"href":"https:\/\/www.welovecycling.com\/sk\/wp-json\/wp\/v2\/types\/post"}],"author":[{"embeddable":true,"href":"https:\/\/www.welovecycling.com\/sk\/wp-json\/wp\/v2\/users\/38"}],"replies":[{"embeddable":true,"href":"https:\/\/www.welovecycling.com\/sk\/wp-json\/wp\/v2\/comments?post=4035"}],"version-history":[{"count":2,"href":"https:\/\/www.welovecycling.com\/sk\/wp-json\/wp\/v2\/posts\/4035\/revisions"}],"predecessor-version":[{"id":4068,"href":"https:\/\/www.welovecycling.com\/sk\/wp-json\/wp\/v2\/posts\/4035\/revisions\/4068"}],"wp:featuredmedia":[{"embeddable":true,"href":"https:\/\/www.welovecycling.com\/sk\/wp-json\/wp\/v2\/media\/4037"}],"wp:attachment":[{"href":"https:\/\/www.welovecycling.com\/sk\/wp-json\/wp\/v2\/media?parent=4035"}],"wp:term":[{"taxonomy":"category","embeddable":true,"href":"https:\/\/www.welovecycling.com\/sk\/wp-json\/wp\/v2\/categories?post=4035"},{"taxonomy":"post_tag","embeddable":true,"href":"https:\/\/www.welovecycling.com\/sk\/wp-json\/wp\/v2\/tags?post=4035"},{"taxonomy":"global-categories","embeddable":true,"href":"https:\/\/www.welovecycling.com\/sk\/wp-json\/wp\/v2\/global-categories?post=4035"}],"curies":[{"name":"wp","href":"https:\/\/api.w.org\/{rel}","templated":true}]}}