{"id":3975,"date":"2018-08-07T17:30:06","date_gmt":"2018-08-07T15:30:06","guid":{"rendered":"https:\/\/www.welovecycling.com\/sk\/?p=3975"},"modified":"2023-05-05T12:38:21","modified_gmt":"2023-05-05T10:38:21","slug":"preco-zalezi-na-tom-ako-hovorime-o-zenskej-cyklistike","status":"publish","type":"post","link":"https:\/\/www.welovecycling.com\/sk\/2018\/08\/07\/preco-zalezi-na-tom-ako-hovorime-o-zenskej-cyklistike\/","title":{"rendered":"Pre\u010do z\u00e1le\u017e\u00ed na tom, ako hovor\u00edme o (\u017eenskej) cyklistike?"},"content":{"rendered":"<p><strong>Zmena poh\u013eadu na \u201cbike face\u201d. <em style=\"font-size: 16px;\">\u201cKe\u010f sa pozer\u00e1te na jej fotky z pretekov, v\u00f4bec nem\u00e1 \u201cpoker face\u201d. Na jej tv\u00e1ri vidie\u0165 v\u0161etko.\u201d<\/em><\/strong><!--more--><\/p>\n<p>Takto komentovala Laura Winter z Voxwomen Insider neuverite\u013en\u00fd v\u00fdkon po\u013eskej cyklistky <strong>Katarzyna \u201cKasia\u201d Niewiadoma<\/strong>, ktor\u00fd predviedla po\u010das tohtoro\u010dnej jari na pretekoch Trofeo Alfredo Binda. Toto v\u00ed\u0165azstvo je oslavou jej poctiv\u00e9ho pr\u00edstupu k jazdeniu a odmietaniu delenia pohlav\u00ed, pokia\u013e ide o taktiku, ktor\u00fa pou\u017e\u00edva na v\u00fdhru.<\/p>\n<figure id=\"attachment_3976\" aria-describedby=\"caption-attachment-3976\" style=\"width: 1250px\" class=\"wp-caption alignnone\"><a href=\"https:\/\/d2p6e6u75xmxt8.cloudfront.net\/4\/2018\/06\/profimedia-0335496154.jpg\"><img loading=\"lazy\" decoding=\"async\" class=\"size-full wp-image-3976\" src=\"https:\/\/d2p6e6u75xmxt8.cloudfront.net\/4\/2018\/06\/profimedia-0335496154.jpg\" alt=\"\" width=\"1250\" height=\"831\" \/><\/a><figcaption id=\"caption-attachment-3976\" class=\"wp-caption-text\">Kasia v \u010dele pretekov na prvej etape The Ovo Energy Women\u2019s Tour of Britain &#8211; z Daventry do Ketteringu &#8211; 07.06.2017 \u00a9 Profimedia, TEMP Rex Features<\/figcaption><\/figure>\n<p>Ke\u010f Niewiadoma hovor\u00ed o svojom \u00fatoku, ktor\u00fd jej priniesol v\u00ed\u0165azstvo na spom\u00ednan\u00fdch pretekoch, ako svoju in\u0161pir\u00e1ciu opisuje vyst\u00fapenie Vincenza Nibaliho na pretekoch Mil\u00e1no \u2013 San Remo. V\u010faka svojim mimoriadnym n\u00e1stupom obaja jazdci \u00fato\u010dili pomerne skoro a pre\u0161li cez vy\u010derp\u00e1vaj\u00faci z\u00e1ver na vlastn\u00fa p\u00e4s\u0165. Ako povedal Nibali o svojom v\u00ed\u0165azstve &#8211; <em>\u201cposledn\u00e9 kilometre boli nekone\u010dn\u00e9. Bolo to \u010dist\u00e9 utrpenie.\u201d<\/em> Ur\u010dite by aj Niewiadoma s\u00fahlasila.<\/p>\n<p>Napriek tomu obaja za\u00fato\u010dili a nepozerali sa sp\u00e4\u0165 &#8211; demon\u0161truj\u00fac, \u017ee krehk\u00e9, v\u00e1\u0161niv\u00e9 odhodlanie vyhra\u0165, nem\u00e1 ni\u010d spolo\u010dn\u00e9 s pohlav\u00edm.<\/p>\n<p>Kasia \u017ene chv\u00e1lu za svoju neboj\u00e1cnos\u0165 a je oslavovan\u00e1 za to, \u017ee <em>&#8222;nos\u00ed v\u0161etko na tv\u00e1ri&#8220;<\/em>. Je to znak toho, \u017ee doch\u00e1dza k postupnej zmene sexistick\u00e9ho poh\u013eadu na \u017eensk\u00fa cyklistiku, ktor\u00fd ju sprev\u00e1dza od jej za\u010diatku.<\/p>\n<p>Dnes ve\u013emi dobre pozn\u00e1me v\u0161etky v\u00fdhody, ktor\u00e9 prin\u00e1\u0161a bicyklovanie pre \u013eudsk\u00e9 zdravie a kond\u00edciu. Av\u0161ak, nie v\u017edy tomu tak bolo. Jeden z \u00fadajn\u00fdch negat\u00edvnych pr\u00edznakov jazdy na bicykli nazvan\u00fd <em>&#8222;bike face&#8220;<\/em>, ktor\u00fd <strong>bol v dev\u00e4tn\u00e1stom storo\u010d\u00ed skuto\u010dne pova\u017eovan\u00fd za v\u00e1\u017enu zdravotn\u00fa ot\u00e1zku<\/strong>. Defin\u00edci\u00ed bolo nieko\u013eko, ale vo v\u0161eobecnosti t\u00e1to diagn\u00f3za spo\u010d\u00edvala v tom, \u017ee \u017eeny, ktor\u00e9 pr\u00edli\u0161 ve\u013ea jazdili na bicykli, si sp\u00f4sobili chronick\u00fd vzh\u013ead vy\u010derpania. V \u010dl\u00e1nku americk\u00e9ho t\u00fd\u017edenn\u00edka The Literary Digest v roku 1895 op\u00edsali experti \u201cbike face\u201d ako stav, ktor\u00fd by mohol postihn\u00fa\u0165 \u017eeny jazdiace na bicykli.<\/p>\n<div class=\"shortcode-ys-post-pinup\"><article class=\"loop-simple post-3316 post type-post status-publish format-standard has-post-thumbnail hentry category-bezpecnost category-cestna-cyklisitika category-mtb category-zdravie-trening tag-starnutie\" data-postid=\"3316\" role=\"article\" data-post-id=\"3316\" data-word-count=\"197\" data-headline-length=\"52\" data-category=\"Bezpe\u010dnos\u0165\" data-author=\"Monica Buck\" data-published=\"2018-05-09T16:33:42+02:00\" data-published-day=\"Wednesday\">\n    <div class=\"entry-thumbnail article-thumbnail\" content=\"https:\/\/d2p6e6u75xmxt8.cloudfront.net\/4\/2018\/04\/profimedia-0300685938-1-150x150.webp\"><a href=\"https:\/\/www.welovecycling.com\/sk\/2018\/05\/09\/bicyklovanie-spomali-starnutie-imunitneho-systemu\/\" class=\"image-holder\" target=\"_self\"><img decoding=\"async\" loading=\"lazy\" class=\"\" src=\"https:\/\/d2p6e6u75xmxt8.cloudfront.net\/4\/2018\/04\/profimedia-0300685938-1-1024x450.webp\" srcset=\"https:\/\/d2p6e6u75xmxt8.cloudfront.net\/4\/2018\/04\/profimedia-0300685938-1.webp 1366w, https:\/\/d2p6e6u75xmxt8.cloudfront.net\/4\/2018\/04\/profimedia-0300685938-1-300x132.webp 300w, https:\/\/d2p6e6u75xmxt8.cloudfront.net\/4\/2018\/04\/profimedia-0300685938-1-1024x450.webp 1024w, https:\/\/d2p6e6u75xmxt8.cloudfront.net\/4\/2018\/04\/profimedia-0300685938-1-768x337.webp 768w\" width=\"1024\" height=\"450\" sizes=\"auto, (min-width: 1200px) 456px, (min-width: 768px) 38vw, 100vw\" alt=\"bicyklovanie-spomali-starnutie-imunitneho-systemu\"\/><\/a><\/div>    <div class=\"entry-meta\">\n        <a class=\"label label-secondary post-category\" href=\"https:\/\/www.welovecycling.com\/sk\/category\/bezpecnost\/\" title=\"Bezpe\u010dnos\u0165\">Bezpe\u010dnos\u0165<\/a>\n    <\/div>\n    <div class=\"entry-details\">\n        <a href=\"https:\/\/www.welovecycling.com\/sk\/2018\/05\/09\/bicyklovanie-spomali-starnutie-imunitneho-systemu\/\" class='entry-title-wrapper'>\n            <h3 class=\"entry-title\"><span>Bicyklovanie spomal\u00ed starnutie imunitn\u00e9ho syst\u00e9mu<\/span><\/h3>\n        <\/a>\n    <\/div>\n    <\/article>\n<\/div>\n<p>\u010cl\u00e1nok hovor\u00ed: <strong>&#8222;nadmern\u00e1 n\u00e1maha, vzpriamen\u00fd posed na bicykli a podvedom\u00e9 \u00fasilie udr\u017ea\u0165 si rovnov\u00e1hu, maj\u00fa tendenciu produkova\u0165 unaven\u00fa a vy\u010derpan\u00fa tv\u00e1r\u201d<\/strong>. T\u00e1to diagn\u00f3za sa pou\u017e\u00edvala spolu s in\u00fdmi praktikami na odstra\u0161enie \u017eien od cyklistiky, ktor\u00e1 im pon\u00fakala \u00faplne nov\u00fa \u00farove\u0148 nez\u00e1vislosti.<\/p>\n<p>V\u00e4\u010d\u0161ina &#8222;upozornen\u00ed&#8220; bola zalo\u017een\u00e1 na fyzickej transform\u00e1cii, ktor\u00fa by mohlo \u017eensk\u00e9 telo prekona\u0165, napr\u00edklad, \u017ee by sa \u017eene z d\u00f4vodu \u010dast\u00e9ho ped\u00e1lovania skrivili nohy. Nane\u0161\u0165astie, hoci mnoh\u00e9 z t\u00fdchto m\u00fdtov boli vyvr\u00e1ten\u00e9, st\u00e1le existuje ve\u013ea probl\u00e9mov, ktor\u00e9 sa vo svete cyklistiky zameriavaj\u00fa na \u017eensk\u00e9 telo.<\/p>\n<figure id=\"attachment_3977\" aria-describedby=\"caption-attachment-3977\" style=\"width: 1250px\" class=\"wp-caption alignnone\"><a href=\"https:\/\/d2p6e6u75xmxt8.cloudfront.net\/4\/2018\/06\/profimedia-0335496152.jpg\"><img loading=\"lazy\" decoding=\"async\" class=\"size-full wp-image-3977\" src=\"https:\/\/d2p6e6u75xmxt8.cloudfront.net\/4\/2018\/06\/profimedia-0335496152.jpg\" alt=\"\" width=\"1250\" height=\"831\" \/><\/a><figcaption id=\"caption-attachment-3977\" class=\"wp-caption-text\">Kasia Niewiadoma na \u010dele pretekov. \u00a9 Profimedia, TEMP Rex Features<\/figcaption><\/figure>\n<p>Verejne zn\u00e1me udalosti, vr\u00e1tane pochybn\u00e9ho zaobch\u00e1dzania v britskej cyklistike a obvinen\u00ed zo strany Jess Varnishovej proti tr\u00e9nerovi Shaneovi Suttonovi, \u017ee ju poni\u017eoval a zastra\u0161oval, ukazuj\u00fa, \u017ee je potrebn\u00e9 urobi\u0165 e\u0161te ve\u013ea pr\u00e1ce. Mnoh\u00e9 \u017eeny op\u00fa\u0161\u0165aj\u00fa tento \u0161port pre extr\u00e9mne po\u017eiadavky na dodr\u017eiavanie tvrd\u00fdch di\u00e9t a fyzick\u00fdch zmien, ktor\u00e9 pre ich telo nie s\u00fa prirodzen\u00e9.<\/p>\n<p>Postupne v\u0161ak bada\u0165 zn\u00e1mky pokroku. Viac ako sto rokov po tom, ako bola diagn\u00f3za &#8222;bike face&#8220; vysloven\u00e1 ako sexistick\u00e9 varovanie, ju dnes m\u00f4\u017eeme pova\u017eova\u0165 za nie\u010do, na \u010do m\u00f4\u017eu by\u0165 \u017eeny hrd\u00e9. Cyklistky ako Niewiadoma nastavuj\u00fa nov\u00fd \u0161tandard poh\u013eadu na obe pohlavia a <strong>zara\u010fuj\u00fa \u017eeny &#8211; pretek\u00e1rky na spr\u00e1vne miesto po boku ich mu\u017esk\u00fdch n\u00e1protivkov<\/strong>. Z h\u013eadiska rozmanitosti a rovnosti n\u00e1s \u010dak\u00e1 e\u0161te dlh\u00e1 cesta, ale nateraz n\u00e1s te\u0161\u00ed, \u017ee svet oslavuje tieto \u017eeny za to, \u017ee po\u010das jazdy ukazuj\u00fa na tv\u00e1rach svoju silu a odhodlanie.<\/p>\n","protected":false},"excerpt":{"rendered":"<p>Zmena poh\u013eadu na \u201cbike face\u201d. \u201cKe\u010f sa pozer\u00e1te na jej fotky z pretekov, v\u00f4bec nem\u00e1 \u201cpoker face\u201d. Na jej tv\u00e1ri [&hellip;]<\/p>\n","protected":false},"author":38,"featured_media":3979,"comment_status":"open","ping_status":"open","sticky":false,"template":"","format":"standard","meta":{"footnotes":""},"categories":[4,3,63,2],"tags":[],"global-categories":[],"class_list":["post-3975","post","type-post","status-publish","format-standard","has-post-thumbnail","hentry","category-cestna-cyklisitika","category-mtb","category-grand-tour","category-zdravie-trening"],"yoast_head":"<!-- This site is optimized with the Yoast SEO Premium plugin v25.3 (Yoast SEO v25.9) - https:\/\/yoast.com\/wordpress\/plugins\/seo\/ -->\n<title>Pre\u010do z\u00e1le\u017e\u00ed na tom, ako hovor\u00edme o (\u017eenskej) cyklistike?<\/title>\n<meta name=\"description\" content=\"Zmena poh\u013eadu na \u201cbike face\u201d. \u201cKe\u010f sa pozer\u00e1te na jej fotky z pretekov, v\u00f4bec nem\u00e1 \u201cpoker face\u201d. Na jej tv\u00e1ri vidie\u0165 v\u0161etko.\u201d\" \/>\n<meta name=\"robots\" content=\"index, follow, max-snippet:-1, max-image-preview:large, max-video-preview:-1\" \/>\n<link rel=\"canonical\" href=\"https:\/\/www.welovecycling.com\/sk\/2018\/08\/07\/preco-zalezi-na-tom-ako-hovorime-o-zenskej-cyklistike\/\" \/>\n<meta property=\"og:locale\" content=\"sk_SK\" \/>\n<meta property=\"og:type\" content=\"article\" \/>\n<meta property=\"og:title\" content=\"Pre\u010do z\u00e1le\u017e\u00ed na tom, ako hovor\u00edme o (\u017eenskej) cyklistike?\" \/>\n<meta property=\"og:description\" content=\"Zmena poh\u013eadu na \u201cbike face\u201d. \u201cKe\u010f sa pozer\u00e1te na jej fotky z pretekov, v\u00f4bec nem\u00e1 \u201cpoker face\u201d. Na jej tv\u00e1ri vidie\u0165 v\u0161etko.\u201d\" \/>\n<meta property=\"og:url\" content=\"https:\/\/www.welovecycling.com\/sk\/2018\/08\/07\/preco-zalezi-na-tom-ako-hovorime-o-zenskej-cyklistike\/\" \/>\n<meta property=\"og:site_name\" content=\"\u0160koda We Love Cycling Slovensko\" \/>\n<meta property=\"article:published_time\" content=\"2018-08-07T15:30:06+00:00\" \/>\n<meta property=\"article:modified_time\" content=\"2023-05-05T10:38:21+00:00\" \/>\n<meta property=\"og:image\" content=\"https:\/\/d2p6e6u75xmxt8.cloudfront.net\/4\/2018\/06\/profimedia-0336315602-1.webp\" \/>\n\t<meta property=\"og:image:width\" content=\"1366\" \/>\n\t<meta property=\"og:image:height\" content=\"600\" \/>\n\t<meta property=\"og:image:type\" content=\"image\/webp\" \/>\n<meta name=\"author\" content=\"Ondrej Ga\u0161par\" \/>\n<meta name=\"twitter:card\" content=\"summary_large_image\" \/>\n<meta name=\"twitter:label1\" content=\"Written by\" \/>\n\t<meta name=\"twitter:data1\" content=\"Monica Buck\" \/>\n\t<meta name=\"twitter:label2\" content=\"Est. reading time\" \/>\n\t<meta name=\"twitter:data2\" content=\"3 minutes\" \/>\n<script type=\"application\/ld+json\" class=\"yoast-schema-graph\">{\"@context\":\"https:\/\/schema.org\",\"@graph\":[{\"@type\":\"WebPage\",\"@id\":\"https:\/\/www.welovecycling.com\/sk\/2018\/08\/07\/preco-zalezi-na-tom-ako-hovorime-o-zenskej-cyklistike\/\",\"url\":\"https:\/\/www.welovecycling.com\/sk\/2018\/08\/07\/preco-zalezi-na-tom-ako-hovorime-o-zenskej-cyklistike\/\",\"name\":\"Pre\u010do z\u00e1le\u017e\u00ed na tom, ako hovor\u00edme o (\u017eenskej) cyklistike?\",\"isPartOf\":{\"@id\":\"https:\/\/www.welovecycling.com\/sk\/#website\"},\"primaryImageOfPage\":{\"@id\":\"https:\/\/www.welovecycling.com\/sk\/2018\/08\/07\/preco-zalezi-na-tom-ako-hovorime-o-zenskej-cyklistike\/#primaryimage\"},\"image\":{\"@id\":\"https:\/\/www.welovecycling.com\/sk\/2018\/08\/07\/preco-zalezi-na-tom-ako-hovorime-o-zenskej-cyklistike\/#primaryimage\"},\"thumbnailUrl\":\"https:\/\/d2p6e6u75xmxt8.cloudfront.net\/4\/2018\/06\/profimedia-0336315602-1.webp\",\"datePublished\":\"2018-08-07T15:30:06+00:00\",\"dateModified\":\"2023-05-05T10:38:21+00:00\",\"author\":{\"@id\":\"https:\/\/www.welovecycling.com\/sk\/#\/schema\/person\/8ee09ba39b7e25b1870160aa5b3a89bc\"},\"description\":\"Zmena poh\u013eadu na \u201cbike face\u201d. \u201cKe\u010f sa pozer\u00e1te na jej fotky z pretekov, v\u00f4bec nem\u00e1 \u201cpoker face\u201d. Na jej tv\u00e1ri vidie\u0165 v\u0161etko.\u201d\",\"breadcrumb\":{\"@id\":\"https:\/\/www.welovecycling.com\/sk\/2018\/08\/07\/preco-zalezi-na-tom-ako-hovorime-o-zenskej-cyklistike\/#breadcrumb\"},\"inLanguage\":\"sk-SK\",\"potentialAction\":[{\"@type\":\"ReadAction\",\"target\":[\"https:\/\/www.welovecycling.com\/sk\/2018\/08\/07\/preco-zalezi-na-tom-ako-hovorime-o-zenskej-cyklistike\/\"]}]},{\"@type\":\"ImageObject\",\"inLanguage\":\"sk-SK\",\"@id\":\"https:\/\/www.welovecycling.com\/sk\/2018\/08\/07\/preco-zalezi-na-tom-ako-hovorime-o-zenskej-cyklistike\/#primaryimage\",\"url\":\"https:\/\/d2p6e6u75xmxt8.cloudfront.net\/4\/2018\/06\/profimedia-0336315602-1.webp\",\"contentUrl\":\"https:\/\/d2p6e6u75xmxt8.cloudfront.net\/4\/2018\/06\/profimedia-0336315602-1.webp\",\"width\":1366,\"height\":600},{\"@type\":\"BreadcrumbList\",\"@id\":\"https:\/\/www.welovecycling.com\/sk\/2018\/08\/07\/preco-zalezi-na-tom-ako-hovorime-o-zenskej-cyklistike\/#breadcrumb\",\"itemListElement\":[{\"@type\":\"ListItem\",\"position\":1,\"name\":\"Home\",\"item\":\"https:\/\/www.welovecycling.com\/sk\/\"},{\"@type\":\"ListItem\",\"position\":2,\"name\":\"Pre\u010do z\u00e1le\u017e\u00ed na tom, ako hovor\u00edme o (\u017eenskej) cyklistike?\"}]},{\"@type\":\"WebSite\",\"@id\":\"https:\/\/www.welovecycling.com\/sk\/#website\",\"url\":\"https:\/\/www.welovecycling.com\/sk\/\",\"name\":\"\u0160koda We Love Cycling Slovensko\",\"description\":\"\u0160koda We Love Cycling Slovensko je v\u00e1\u0161 ka\u017edodenn\u00fd zdroj noviniek a in\u0161pir\u00e1cie z sveta cyklistiky\",\"potentialAction\":[{\"@type\":\"SearchAction\",\"target\":{\"@type\":\"EntryPoint\",\"urlTemplate\":\"https:\/\/www.welovecycling.com\/sk\/?s={search_term_string}\"},\"query-input\":{\"@type\":\"PropertyValueSpecification\",\"valueRequired\":true,\"valueName\":\"search_term_string\"}}],\"inLanguage\":\"sk-SK\"},{\"@type\":\"Person\",\"@id\":\"https:\/\/www.welovecycling.com\/sk\/#\/schema\/person\/8ee09ba39b7e25b1870160aa5b3a89bc\",\"name\":\"Ondrej Ga\u0161par\",\"image\":{\"@type\":\"ImageObject\",\"inLanguage\":\"sk-SK\",\"@id\":\"https:\/\/www.welovecycling.com\/sk\/#\/schema\/person\/image\/\",\"url\":\"https:\/\/secure.gravatar.com\/avatar\/6126c9afb87b70da5abbb083ddbb21933da15f18f8ca7cb822aba0fb096a48f6?s=96&d=mm&r=g\",\"contentUrl\":\"https:\/\/secure.gravatar.com\/avatar\/6126c9afb87b70da5abbb083ddbb21933da15f18f8ca7cb822aba0fb096a48f6?s=96&d=mm&r=g\",\"caption\":\"Ondrej Ga\u0161par\"},\"url\":\"https:\/\/www.welovecycling.com\/sk\/author\/ondrejgaspar\/\"}]}<\/script>\n<!-- \/ Yoast SEO Premium plugin. -->","yoast_head_json":{"title":"Pre\u010do z\u00e1le\u017e\u00ed na tom, ako hovor\u00edme o (\u017eenskej) cyklistike?","description":"Zmena poh\u013eadu na \u201cbike face\u201d. \u201cKe\u010f sa pozer\u00e1te na jej fotky z pretekov, v\u00f4bec nem\u00e1 \u201cpoker face\u201d. Na jej tv\u00e1ri vidie\u0165 v\u0161etko.\u201d","robots":{"index":"index","follow":"follow","max-snippet":"max-snippet:-1","max-image-preview":"max-image-preview:large","max-video-preview":"max-video-preview:-1"},"canonical":"https:\/\/www.welovecycling.com\/sk\/2018\/08\/07\/preco-zalezi-na-tom-ako-hovorime-o-zenskej-cyklistike\/","og_locale":"sk_SK","og_type":"article","og_title":"Pre\u010do z\u00e1le\u017e\u00ed na tom, ako hovor\u00edme o (\u017eenskej) cyklistike?","og_description":"Zmena poh\u013eadu na \u201cbike face\u201d. \u201cKe\u010f sa pozer\u00e1te na jej fotky z pretekov, v\u00f4bec nem\u00e1 \u201cpoker face\u201d. Na jej tv\u00e1ri vidie\u0165 v\u0161etko.\u201d","og_url":"https:\/\/www.welovecycling.com\/sk\/2018\/08\/07\/preco-zalezi-na-tom-ako-hovorime-o-zenskej-cyklistike\/","og_site_name":"\u0160koda We Love Cycling Slovensko","article_published_time":"2018-08-07T15:30:06+00:00","article_modified_time":"2023-05-05T10:38:21+00:00","og_image":[{"width":1366,"height":600,"url":"https:\/\/d2p6e6u75xmxt8.cloudfront.net\/4\/2018\/06\/profimedia-0336315602-1.webp","type":"image\/webp"}],"author":"Ondrej Ga\u0161par","twitter_card":"summary_large_image","twitter_misc":{"Written by":"Monica Buck","Est. reading time":"3 minutes"},"schema":{"@context":"https:\/\/schema.org","@graph":[{"@type":"WebPage","@id":"https:\/\/www.welovecycling.com\/sk\/2018\/08\/07\/preco-zalezi-na-tom-ako-hovorime-o-zenskej-cyklistike\/","url":"https:\/\/www.welovecycling.com\/sk\/2018\/08\/07\/preco-zalezi-na-tom-ako-hovorime-o-zenskej-cyklistike\/","name":"Pre\u010do z\u00e1le\u017e\u00ed na tom, ako hovor\u00edme o (\u017eenskej) cyklistike?","isPartOf":{"@id":"https:\/\/www.welovecycling.com\/sk\/#website"},"primaryImageOfPage":{"@id":"https:\/\/www.welovecycling.com\/sk\/2018\/08\/07\/preco-zalezi-na-tom-ako-hovorime-o-zenskej-cyklistike\/#primaryimage"},"image":{"@id":"https:\/\/www.welovecycling.com\/sk\/2018\/08\/07\/preco-zalezi-na-tom-ako-hovorime-o-zenskej-cyklistike\/#primaryimage"},"thumbnailUrl":"https:\/\/d2p6e6u75xmxt8.cloudfront.net\/4\/2018\/06\/profimedia-0336315602-1.webp","datePublished":"2018-08-07T15:30:06+00:00","dateModified":"2023-05-05T10:38:21+00:00","author":{"@id":"https:\/\/www.welovecycling.com\/sk\/#\/schema\/person\/8ee09ba39b7e25b1870160aa5b3a89bc"},"description":"Zmena poh\u013eadu na \u201cbike face\u201d. \u201cKe\u010f sa pozer\u00e1te na jej fotky z pretekov, v\u00f4bec nem\u00e1 \u201cpoker face\u201d. Na jej tv\u00e1ri vidie\u0165 v\u0161etko.\u201d","breadcrumb":{"@id":"https:\/\/www.welovecycling.com\/sk\/2018\/08\/07\/preco-zalezi-na-tom-ako-hovorime-o-zenskej-cyklistike\/#breadcrumb"},"inLanguage":"sk-SK","potentialAction":[{"@type":"ReadAction","target":["https:\/\/www.welovecycling.com\/sk\/2018\/08\/07\/preco-zalezi-na-tom-ako-hovorime-o-zenskej-cyklistike\/"]}]},{"@type":"ImageObject","inLanguage":"sk-SK","@id":"https:\/\/www.welovecycling.com\/sk\/2018\/08\/07\/preco-zalezi-na-tom-ako-hovorime-o-zenskej-cyklistike\/#primaryimage","url":"https:\/\/d2p6e6u75xmxt8.cloudfront.net\/4\/2018\/06\/profimedia-0336315602-1.webp","contentUrl":"https:\/\/d2p6e6u75xmxt8.cloudfront.net\/4\/2018\/06\/profimedia-0336315602-1.webp","width":1366,"height":600},{"@type":"BreadcrumbList","@id":"https:\/\/www.welovecycling.com\/sk\/2018\/08\/07\/preco-zalezi-na-tom-ako-hovorime-o-zenskej-cyklistike\/#breadcrumb","itemListElement":[{"@type":"ListItem","position":1,"name":"Home","item":"https:\/\/www.welovecycling.com\/sk\/"},{"@type":"ListItem","position":2,"name":"Pre\u010do z\u00e1le\u017e\u00ed na tom, ako hovor\u00edme o (\u017eenskej) cyklistike?"}]},{"@type":"WebSite","@id":"https:\/\/www.welovecycling.com\/sk\/#website","url":"https:\/\/www.welovecycling.com\/sk\/","name":"\u0160koda We Love Cycling Slovensko","description":"\u0160koda We Love Cycling Slovensko je v\u00e1\u0161 ka\u017edodenn\u00fd zdroj noviniek a in\u0161pir\u00e1cie z sveta cyklistiky","potentialAction":[{"@type":"SearchAction","target":{"@type":"EntryPoint","urlTemplate":"https:\/\/www.welovecycling.com\/sk\/?s={search_term_string}"},"query-input":{"@type":"PropertyValueSpecification","valueRequired":true,"valueName":"search_term_string"}}],"inLanguage":"sk-SK"},{"@type":"Person","@id":"https:\/\/www.welovecycling.com\/sk\/#\/schema\/person\/8ee09ba39b7e25b1870160aa5b3a89bc","name":"Ondrej Ga\u0161par","image":{"@type":"ImageObject","inLanguage":"sk-SK","@id":"https:\/\/www.welovecycling.com\/sk\/#\/schema\/person\/image\/","url":"https:\/\/secure.gravatar.com\/avatar\/6126c9afb87b70da5abbb083ddbb21933da15f18f8ca7cb822aba0fb096a48f6?s=96&d=mm&r=g","contentUrl":"https:\/\/secure.gravatar.com\/avatar\/6126c9afb87b70da5abbb083ddbb21933da15f18f8ca7cb822aba0fb096a48f6?s=96&d=mm&r=g","caption":"Ondrej Ga\u0161par"},"url":"https:\/\/www.welovecycling.com\/sk\/author\/ondrejgaspar\/"}]}},"_links":{"self":[{"href":"https:\/\/www.welovecycling.com\/sk\/wp-json\/wp\/v2\/posts\/3975","targetHints":{"allow":["GET"]}}],"collection":[{"href":"https:\/\/www.welovecycling.com\/sk\/wp-json\/wp\/v2\/posts"}],"about":[{"href":"https:\/\/www.welovecycling.com\/sk\/wp-json\/wp\/v2\/types\/post"}],"author":[{"embeddable":true,"href":"https:\/\/www.welovecycling.com\/sk\/wp-json\/wp\/v2\/users\/38"}],"replies":[{"embeddable":true,"href":"https:\/\/www.welovecycling.com\/sk\/wp-json\/wp\/v2\/comments?post=3975"}],"version-history":[{"count":2,"href":"https:\/\/www.welovecycling.com\/sk\/wp-json\/wp\/v2\/posts\/3975\/revisions"}],"predecessor-version":[{"id":17395,"href":"https:\/\/www.welovecycling.com\/sk\/wp-json\/wp\/v2\/posts\/3975\/revisions\/17395"}],"wp:featuredmedia":[{"embeddable":true,"href":"https:\/\/www.welovecycling.com\/sk\/wp-json\/wp\/v2\/media\/3979"}],"wp:attachment":[{"href":"https:\/\/www.welovecycling.com\/sk\/wp-json\/wp\/v2\/media?parent=3975"}],"wp:term":[{"taxonomy":"category","embeddable":true,"href":"https:\/\/www.welovecycling.com\/sk\/wp-json\/wp\/v2\/categories?post=3975"},{"taxonomy":"post_tag","embeddable":true,"href":"https:\/\/www.welovecycling.com\/sk\/wp-json\/wp\/v2\/tags?post=3975"},{"taxonomy":"global-categories","embeddable":true,"href":"https:\/\/www.welovecycling.com\/sk\/wp-json\/wp\/v2\/global-categories?post=3975"}],"curies":[{"name":"wp","href":"https:\/\/api.w.org\/{rel}","templated":true}]}}