{"id":3934,"date":"2018-06-26T10:38:20","date_gmt":"2018-06-26T08:38:20","guid":{"rendered":"https:\/\/www.welovecycling.com\/sk\/?p=3934"},"modified":"2018-06-28T12:54:48","modified_gmt":"2018-06-28T10:54:48","slug":"msr-v-podani-saganovej-one-man-show-a-kolarovej-medailovej-rozlucky","status":"publish","type":"post","link":"https:\/\/www.welovecycling.com\/sk\/2018\/06\/26\/msr-v-podani-saganovej-one-man-show-a-kolarovej-medailovej-rozlucky\/","title":{"rendered":"MSR v podan\u00ed Saganovej \u201eone man show\u201c a Kol\u00e1\u0159ova medailov\u00e1 rozl\u00fa\u010dka"},"content":{"rendered":"<p><strong>Cez v\u00edkend sa na spolo\u010dnom \u0161ampion\u00e1te \u010ceska a Slovenska v Plzni bojovalo o majstrovsk\u00e9 dresy oboch kraj\u00edn. Na nen\u00e1padnom, ale v\u00fd\u017eivnom okruhu sa proti sebe postavili aj hviezdy World Tour.<\/strong><!--more--><\/p>\n<p><a href=\"https:\/\/d2p6e6u75xmxt8.cloudfront.net\/4\/2018\/06\/01-3.jpg\"><img loading=\"lazy\" decoding=\"async\" class=\"alignnone size-full wp-image-3937\" src=\"https:\/\/d2p6e6u75xmxt8.cloudfront.net\/4\/2018\/06\/01-3.jpg\" alt=\"\" width=\"1200\" height=\"800\" \/><\/a><\/p>\n<p>\u0160tart aj cie\u013e pretekov bol pri obchodnom centre Plze\u0148 na Rokycanskej ulici. <strong>Okruh s celkovou d\u013a\u017ekou 16 km<\/strong>, ktor\u00fd absolvovali mu\u017ei a pretek\u00e1ri do 23 rokov a\u017e 12-kr\u00e1t, viedol z Plzne do \u010cerven\u00e9ho Hr\u00e1dku, pokra\u010dovalo sa cez D\u00fd\u0161inu a n\u00e1sledne sa st\u00fapalo do Ky\u0161\u00edc. Nad dedinou Letkov \u010dakal jazdcov jeden z naj\u0165a\u017e\u0161\u00edch \u00fasekov. V z\u00e1vere\u010dnej technickej \u010dasti z Bo\u017ekova do cie\u013ea zohr\u00e1val \u00falohu aj vietor. Celkovo okruh obsahoval <strong>tri kr\u00e1tke st\u00fapania s viac ne\u017e 250 v\u00fd\u0161kov\u00fdmi metrami<\/strong>.<\/p>\n<div data-rows=\"1\" id='gallery-1' class='gallery-rows-1 gallery galleryid-3934 gallery-columns-2 gallery-size-full'><figure class='gallery-item'>\n\t\t\t<div class='gallery-icon landscape'>\n\t\t\t\t<a href='https:\/\/d2p6e6u75xmxt8.cloudfront.net\/4\/2018\/06\/02-3.webp'><img loading=\"lazy\" decoding=\"async\" width=\"1200\" height=\"800\" src=\"https:\/\/d2p6e6u75xmxt8.cloudfront.net\/4\/2018\/06\/02-3.webp\" class=\"attachment-full size-full\" alt=\"\" srcset=\"https:\/\/d2p6e6u75xmxt8.cloudfront.net\/4\/2018\/06\/02-3.webp 1200w, https:\/\/d2p6e6u75xmxt8.cloudfront.net\/4\/2018\/06\/02-3-300x200.webp 300w, https:\/\/d2p6e6u75xmxt8.cloudfront.net\/4\/2018\/06\/02-3-1024x683.webp 1024w, https:\/\/d2p6e6u75xmxt8.cloudfront.net\/4\/2018\/06\/02-3-768x512.webp 768w, https:\/\/d2p6e6u75xmxt8.cloudfront.net\/4\/2018\/06\/02-3-272x182.webp 272w\" sizes=\"auto, (max-width: 1200px) 100vw, 1200px\" \/><\/a>\n\t\t\t<\/div><\/figure><figure class='gallery-item'>\n\t\t\t<div class='gallery-icon landscape'>\n\t\t\t\t<a href='https:\/\/d2p6e6u75xmxt8.cloudfront.net\/4\/2018\/06\/03-4.webp'><img loading=\"lazy\" decoding=\"async\" width=\"1200\" height=\"800\" src=\"https:\/\/d2p6e6u75xmxt8.cloudfront.net\/4\/2018\/06\/03-4.webp\" class=\"attachment-full size-full\" alt=\"\" srcset=\"https:\/\/d2p6e6u75xmxt8.cloudfront.net\/4\/2018\/06\/03-4.webp 1200w, https:\/\/d2p6e6u75xmxt8.cloudfront.net\/4\/2018\/06\/03-4-300x200.webp 300w, https:\/\/d2p6e6u75xmxt8.cloudfront.net\/4\/2018\/06\/03-4-1024x683.webp 1024w, https:\/\/d2p6e6u75xmxt8.cloudfront.net\/4\/2018\/06\/03-4-768x512.webp 768w, https:\/\/d2p6e6u75xmxt8.cloudfront.net\/4\/2018\/06\/03-4-272x182.webp 272w\" sizes=\"auto, (max-width: 1200px) 100vw, 1200px\" \/><\/a>\n\t\t\t<\/div><\/figure>\n\t\t<\/div>\n        \n<p>Peter Sagan nazna\u010dil svoju motiv\u00e1ciu hne\u010f v \u00favode pretekov, ke\u010f u\u017e na za\u010diatku druh\u00e9ho kola prekvapuj\u00faco nast\u00fapil a i\u0161iel do samostatn\u00e9ho \u00faniku. Podarilo sa mu dokonca vypracova\u0165 si trojmin\u00fatov\u00fd n\u00e1skok, no potom v hlavnej skupine zv\u00fd\u0161il tempo Roman Kreuziger a <strong>Saganov n\u00e1skok postupne klesal<\/strong>. V tom \u010dase mali Slov\u00e1ci v pelot\u00f3ne zast\u00fapenie len v Jurajovi Saganovi, Michaelovi Kol\u00e1\u0159ovi, Patrikovi Tyborovi a Mat\u00fa\u0161ovi \u0160to\u010dkovi. Aj siln\u00fd vietor prispel k tomu, \u017ee sa Peter Sagan v \u0161tvrtom kole vr\u00e1til do hlavn\u00e9ho po\u013ea. Piate kolo od\u0161tartovalo jazdu naplno a vpredu sa striedali men\u0161ie skupinky. V jednej chv\u00edli sa v sedem\u010dlennom \u00faniku ocitol aj Juraj Sagan, ktor\u00fd obhajoval minuloro\u010dn\u00e9 v\u00ed\u0165azstvo. Pribli\u017ene 90 km pred cie\u013eom sa vpredu op\u00e4\u0165 objavil osamoten\u00fd Peter Sagan a za n\u00edm sa vytvorila \u0161es\u0165\u010dlenn\u00e1 skupina s Jurajom Saganom a aj obhajcom \u010desk\u00e9ho titulu &#8211; Zde\u0148kom \u0160tybarom. Saganov n\u00e1skok postupne narastal a\u017e na 3-4 min\u00faty a svojim sp\u00f4sobom jazdy d\u00e1val najavo, kto je p\u00e1nom situ\u00e1cie.<\/p>\n<div data-rows=\"1\" id='gallery-2' class='gallery-rows-1 gallery galleryid-3934 gallery-columns-3 gallery-size-full'><figure class='gallery-item'>\n\t\t\t<div class='gallery-icon landscape'>\n\t\t\t\t<a href='https:\/\/d2p6e6u75xmxt8.cloudfront.net\/4\/2018\/06\/36177381_2081211955469589_6911771190189096960_o.webp'><img loading=\"lazy\" decoding=\"async\" width=\"1200\" height=\"800\" src=\"https:\/\/d2p6e6u75xmxt8.cloudfront.net\/4\/2018\/06\/36177381_2081211955469589_6911771190189096960_o.webp\" class=\"attachment-full size-full\" alt=\"\" srcset=\"https:\/\/d2p6e6u75xmxt8.cloudfront.net\/4\/2018\/06\/36177381_2081211955469589_6911771190189096960_o.webp 1200w, https:\/\/d2p6e6u75xmxt8.cloudfront.net\/4\/2018\/06\/36177381_2081211955469589_6911771190189096960_o-300x200.webp 300w, https:\/\/d2p6e6u75xmxt8.cloudfront.net\/4\/2018\/06\/36177381_2081211955469589_6911771190189096960_o-1024x683.webp 1024w, https:\/\/d2p6e6u75xmxt8.cloudfront.net\/4\/2018\/06\/36177381_2081211955469589_6911771190189096960_o-768x512.webp 768w, https:\/\/d2p6e6u75xmxt8.cloudfront.net\/4\/2018\/06\/36177381_2081211955469589_6911771190189096960_o-272x182.webp 272w\" sizes=\"auto, (max-width: 1200px) 100vw, 1200px\" \/><\/a>\n\t\t\t<\/div><\/figure><figure class='gallery-item'>\n\t\t\t<div class='gallery-icon landscape'>\n\t\t\t\t<a href='https:\/\/d2p6e6u75xmxt8.cloudfront.net\/4\/2018\/06\/36029591_867163606817787_3178454456794611712_o-2.webp'><img loading=\"lazy\" decoding=\"async\" width=\"1200\" height=\"800\" src=\"https:\/\/d2p6e6u75xmxt8.cloudfront.net\/4\/2018\/06\/36029591_867163606817787_3178454456794611712_o-2.webp\" class=\"attachment-full size-full\" alt=\"\" srcset=\"https:\/\/d2p6e6u75xmxt8.cloudfront.net\/4\/2018\/06\/36029591_867163606817787_3178454456794611712_o-2.webp 1200w, https:\/\/d2p6e6u75xmxt8.cloudfront.net\/4\/2018\/06\/36029591_867163606817787_3178454456794611712_o-2-300x200.webp 300w, https:\/\/d2p6e6u75xmxt8.cloudfront.net\/4\/2018\/06\/36029591_867163606817787_3178454456794611712_o-2-1024x683.webp 1024w, https:\/\/d2p6e6u75xmxt8.cloudfront.net\/4\/2018\/06\/36029591_867163606817787_3178454456794611712_o-2-768x512.webp 768w, https:\/\/d2p6e6u75xmxt8.cloudfront.net\/4\/2018\/06\/36029591_867163606817787_3178454456794611712_o-2-272x182.webp 272w\" sizes=\"auto, (max-width: 1200px) 100vw, 1200px\" \/><\/a>\n\t\t\t<\/div><\/figure><figure class='gallery-item'>\n\t\t\t<div class='gallery-icon landscape'>\n\t\t\t\t<a href='https:\/\/d2p6e6u75xmxt8.cloudfront.net\/4\/2018\/06\/36087853_2081211738802944_6338454663183990784_o-1.webp'><img loading=\"lazy\" decoding=\"async\" width=\"1200\" height=\"800\" src=\"https:\/\/d2p6e6u75xmxt8.cloudfront.net\/4\/2018\/06\/36087853_2081211738802944_6338454663183990784_o-1.webp\" class=\"attachment-full size-full\" alt=\"\" srcset=\"https:\/\/d2p6e6u75xmxt8.cloudfront.net\/4\/2018\/06\/36087853_2081211738802944_6338454663183990784_o-1.webp 1200w, https:\/\/d2p6e6u75xmxt8.cloudfront.net\/4\/2018\/06\/36087853_2081211738802944_6338454663183990784_o-1-300x200.webp 300w, https:\/\/d2p6e6u75xmxt8.cloudfront.net\/4\/2018\/06\/36087853_2081211738802944_6338454663183990784_o-1-1024x683.webp 1024w, https:\/\/d2p6e6u75xmxt8.cloudfront.net\/4\/2018\/06\/36087853_2081211738802944_6338454663183990784_o-1-768x512.webp 768w, https:\/\/d2p6e6u75xmxt8.cloudfront.net\/4\/2018\/06\/36087853_2081211738802944_6338454663183990784_o-1-272x182.webp 272w\" sizes=\"auto, (max-width: 1200px) 100vw, 1200px\" \/><\/a>\n\t\t\t<\/div><\/figure>\n\t\t<\/div>\n        \n<p><em>Zdroj: Facebook Mistrovstv\u00ed \u010cR a SR v silni\u010dn\u00ed cyklistice 2018<\/em><\/p>\n<p>Na za\u010diatku posledn\u00e9ho okruhu mal Peter Sagan na ved\u00facej poz\u00edcii slu\u0161n\u00fd <strong>n\u00e1skok 3:20 min. pred \u0160tybarom<\/strong>. Ten sa tri kol\u00e1 pred cie\u013eom odtrhol od skupiny a bojoval o \u010desk\u00fd titul. Uk\u00e1zalo sa to v\u0161ak ako pred\u010dasn\u00e9, lebo ho napokon v n\u00e1jazde do posledn\u00e9ho kola dostihla p\u00e4\u0165\u010dlenn\u00e1 skupina, v ktorej bol zo Slov\u00e1kov u\u017e len Juraj Sagan. Ten spolu s Josefom \u010cern\u00fdm nast\u00fapili v z\u00e1vere\u010dn\u00fdch 15 km a vytvorili si cca 20-sekundov\u00fd n\u00e1skok, ktor\u00fd bol rozhoduj\u00faci pre \u010cern\u00e9ho na zisk \u010desk\u00e9ho titulu. V z\u00e1vere mu s\u00edce e\u0161te Juraj Sagan odi\u0161iel, ale jeho tretie miesto za bratmi Saganovcami pre neho znamenalo zisk premi\u00e9rov\u00e9ho \u010desk\u00e9ho titulu v tomto type pretekov a po \u0161tvrtkovom triumfe v \u010dasovke dov\u0155\u0161il v\u00ed\u0165azn\u00e9 double.<\/p>\n<lite-youtube videoid=D599JCgzv3M params=\"enablejsapi=1\" style=\"background-image: url('https:\/\/i.ytimg.com\/vi_webp\/D599JCgzv3M\/maxresdefault.webp');\"><\/lite-youtube>\n<p><strong>Peter Sagan<\/strong> str\u00e1vil viac ne\u017e dve tretiny pretekov v \u00faniku a napokon sa te\u0161il z v\u00ed\u0165azstva <strong>s v\u00fdsledn\u00fdm \u010dasom 4:55:57<\/strong> s obrovsk\u00fdm n\u00e1skokom 2:16 min. pred svoj\u00edm star\u0161\u00edm bratom a obhajcom titulu Jurajom. L\u00edder t\u00edmu BORA-hansgrohe z\u00edskal tak svoj <strong>\u0161iesty slovensk\u00fd titul a 106. v\u00ed\u0165azstvo v profikari\u00e9re<\/strong>. Pred letn\u00fdm vrcholom sez\u00f3ny, ktor\u00fdm bude pre neho tradi\u010dne Tour de France uk\u00e1zal, \u017ee je vo vynikaj\u00facej forme. Bratia Peter a Juraj Saganovci neprepustili dom\u00e1ci titul in\u00e9mu jazdcovi u\u017e od roku 2011.<\/p>\n<p><a href=\"https:\/\/d2p6e6u75xmxt8.cloudfront.net\/4\/2018\/06\/05-3.jpg\"><img loading=\"lazy\" decoding=\"async\" class=\"alignnone size-full wp-image-3940\" src=\"https:\/\/d2p6e6u75xmxt8.cloudfront.net\/4\/2018\/06\/05-3.jpg\" alt=\"\" width=\"1200\" height=\"800\" \/><\/a><\/p>\n<h2><strong>Rozl\u00fa\u010dka s kari\u00e9rou<\/strong><\/h2>\n<p>Na tla\u010dovej konferencii po skon\u010den\u00ed pretekov \u0161okoval slovensk\u00fd cyklista a \u010dlen nemeck\u00e9ho t\u00edmu BORA-hansgrohe Michael Kol\u00e1\u0159 verejnos\u0165 svojim vyhl\u00e1sen\u00edm o ukon\u010den\u00ed kari\u00e9ry. Vo veku 25 rokov sa chce <strong>naplno venova\u0165 rodine a veciam, na ktor\u00e9 dosia\u013e nemal \u010das<\/strong>.<\/p>\n<p><em>&#8222;Rozhodol som sa skon\u010di\u0165 svoju profesion\u00e1lnu kari\u00e9ru. Trvala p\u00e4\u0165 rokov a bola pekn\u00e1. D\u00e1val som do toho v\u0161etko a ve\u013ea mi to aj zobralo. Najm\u00e4 po\u010das posledn\u00e9ho roka som sa sna\u017eil robi\u0165 v\u0161etko pre progres, ale pokrok nejako neprich\u00e1dzal. T\u00edmov\u00e9mu mana\u017e\u00e9rovi som ozn\u00e1mil, \u017ee ma to nebav\u00ed a nenap\u013a\u0148a. Dohodli sme sa, \u017ee budem pokra\u010dova\u0165 v t\u00edme v oblasti sponzoringu a stara\u0165 sa o VIP host\u00ed &#8211; sprev\u00e1dza\u0165 ich po pretekoch a zabezpe\u010dova\u0165 im komfort, nech vidia do z\u00e1kulisia. Ja budem ma\u0165 viac vo\u013en\u00e9ho \u010dasu pre seba, \u010dastej\u0161ie budem m\u00f4c\u0165 by\u0165 s rodinou, ktor\u00fa m\u00e1m v Kanade. Vid\u00edm to ako obrovsk\u00fa pr\u00edle\u017eitos\u0165 za\u010da\u0165 nie\u010do mimo cyklistiky. Za\u010da\u0165 budova\u0165 svoj \u017eivot. Chcem \u00eds\u0165 touto cestou,&#8220;<\/em> skon\u0161tatoval <strong>Michael Kol\u00e1\u0159<\/strong>.<\/p>\n<p><a href=\"https:\/\/d2p6e6u75xmxt8.cloudfront.net\/4\/2018\/06\/06-2.jpg\"><img loading=\"lazy\" decoding=\"async\" class=\"alignnone size-full wp-image-3941\" src=\"https:\/\/d2p6e6u75xmxt8.cloudfront.net\/4\/2018\/06\/06-2.jpg\" alt=\"\" width=\"1200\" height=\"800\" \/><\/a><\/p>\n<p>Rod\u00e1k z Prahy, ktor\u00fd vyrastal v Toronte, od\u0161tartoval profesion\u00e1lnu kari\u00e9ru v roku 2012 v Dukle Tren\u010d\u00edn. V rokoch 2014 &#8211; 2016 jazdil v t\u00edme Tinkoff-Saxo. Peter Sagan mu na tla\u010dovke po\u010fakoval, lebo Michal bol pri v\u0161etk\u00fdch tituloch majstra sveta, ktor\u00e9 z\u00edskal. S profesion\u00e1lnou kari\u00e9rou sa Michal Kol\u00e1\u0159 rozl\u00fa\u010dil so striebornou medailou, ktor\u00fa na spolo\u010dn\u00fdch majstrovstv\u00e1ch SR a \u010cR z\u00edskal.<\/p>\n<p>(zdroj fotiek: Facebook Peter Sagan)<\/p>\n","protected":false},"excerpt":{"rendered":"<p>Cez v\u00edkend sa na spolo\u010dnom \u0161ampion\u00e1te \u010ceska a Slovenska v Plzni bojovalo o majstrovsk\u00e9 dresy oboch kraj\u00edn. Na nen\u00e1padnom, ale [&hellip;]<\/p>\n","protected":false},"author":38,"featured_media":3936,"comment_status":"open","ping_status":"open","sticky":false,"template":"","format":"standard","meta":{"footnotes":""},"categories":[4,34,63],"tags":[160,275,115,158,482,481,480,278,479,279,46,483,269],"global-categories":[],"class_list":["post-3934","post","type-post","status-publish","format-standard","has-post-thumbnail","hentry","category-cestna-cyklisitika","category-podujatia","category-grand-tour","tag-bora-hansgrohe","tag-cesta","tag-cestna-cyklistika","tag-juraj-sagan","tag-majstrovsky-dres","tag-majstrovstva","tag-mcr","tag-michael-kolar","tag-msr","tag-patrik-tybor","tag-peter-sagan","tag-roman-kreuziger","tag-vitaz"],"yoast_head":"<!-- This site is optimized with the Yoast SEO Premium plugin v25.3 (Yoast SEO v25.9) - https:\/\/yoast.com\/wordpress\/plugins\/seo\/ -->\n<title>MSR v podan\u00ed Saganovej \u201eone man show\u201c a Kol\u00e1\u0159ova medailov\u00e1 rozl\u00fa\u010dka - \u0160koda We Love Cycling Slovensko<\/title>\n<meta name=\"robots\" content=\"index, follow, max-snippet:-1, max-image-preview:large, max-video-preview:-1\" \/>\n<link rel=\"canonical\" href=\"https:\/\/www.welovecycling.com\/sk\/2018\/06\/26\/msr-v-podani-saganovej-one-man-show-a-kolarovej-medailovej-rozlucky\/\" \/>\n<meta property=\"og:locale\" content=\"sk_SK\" \/>\n<meta property=\"og:type\" content=\"article\" \/>\n<meta property=\"og:title\" content=\"MSR v podan\u00ed Saganovej \u201eone man show\u201c a Kol\u00e1\u0159ova medailov\u00e1 rozl\u00fa\u010dka\" \/>\n<meta property=\"og:description\" content=\"Cez v\u00edkend sa na spolo\u010dnom \u0161ampion\u00e1te \u010ceska a Slovenska v Plzni bojovalo o majstrovsk\u00e9 dresy oboch kraj\u00edn. Na nen\u00e1padnom, ale [&hellip;]\" \/>\n<meta property=\"og:url\" content=\"https:\/\/www.welovecycling.com\/sk\/2018\/06\/26\/msr-v-podani-saganovej-one-man-show-a-kolarovej-medailovej-rozlucky\/\" \/>\n<meta property=\"og:site_name\" content=\"\u0160koda We Love Cycling Slovensko\" \/>\n<meta property=\"article:published_time\" content=\"2018-06-26T08:38:20+00:00\" \/>\n<meta property=\"article:modified_time\" content=\"2018-06-28T10:54:48+00:00\" \/>\n<meta property=\"og:image\" content=\"https:\/\/d2p6e6u75xmxt8.cloudfront.net\/4\/2018\/06\/titulka-2.webp\" \/>\n\t<meta property=\"og:image:width\" content=\"1375\" \/>\n\t<meta property=\"og:image:height\" content=\"600\" \/>\n\t<meta property=\"og:image:type\" content=\"image\/webp\" \/>\n<meta name=\"author\" content=\"Ondrej Ga\u0161par\" \/>\n<meta name=\"twitter:card\" content=\"summary_large_image\" \/>\n<meta name=\"twitter:label1\" content=\"Written by\" \/>\n\t<meta name=\"twitter:data1\" content=\"We Love Cycling\" \/>\n\t<meta name=\"twitter:label2\" content=\"Est. reading time\" \/>\n\t<meta name=\"twitter:data2\" content=\"4 minutes\" \/>\n<script type=\"application\/ld+json\" class=\"yoast-schema-graph\">{\"@context\":\"https:\/\/schema.org\",\"@graph\":[{\"@type\":\"WebPage\",\"@id\":\"https:\/\/www.welovecycling.com\/sk\/2018\/06\/26\/msr-v-podani-saganovej-one-man-show-a-kolarovej-medailovej-rozlucky\/\",\"url\":\"https:\/\/www.welovecycling.com\/sk\/2018\/06\/26\/msr-v-podani-saganovej-one-man-show-a-kolarovej-medailovej-rozlucky\/\",\"name\":\"MSR v podan\u00ed Saganovej \u201eone man show\u201c a Kol\u00e1\u0159ova medailov\u00e1 rozl\u00fa\u010dka - \u0160koda We Love Cycling Slovensko\",\"isPartOf\":{\"@id\":\"https:\/\/www.welovecycling.com\/sk\/#website\"},\"primaryImageOfPage\":{\"@id\":\"https:\/\/www.welovecycling.com\/sk\/2018\/06\/26\/msr-v-podani-saganovej-one-man-show-a-kolarovej-medailovej-rozlucky\/#primaryimage\"},\"image\":{\"@id\":\"https:\/\/www.welovecycling.com\/sk\/2018\/06\/26\/msr-v-podani-saganovej-one-man-show-a-kolarovej-medailovej-rozlucky\/#primaryimage\"},\"thumbnailUrl\":\"https:\/\/d2p6e6u75xmxt8.cloudfront.net\/4\/2018\/06\/titulka-2.webp\",\"datePublished\":\"2018-06-26T08:38:20+00:00\",\"dateModified\":\"2018-06-28T10:54:48+00:00\",\"author\":{\"@id\":\"https:\/\/www.welovecycling.com\/sk\/#\/schema\/person\/8ee09ba39b7e25b1870160aa5b3a89bc\"},\"breadcrumb\":{\"@id\":\"https:\/\/www.welovecycling.com\/sk\/2018\/06\/26\/msr-v-podani-saganovej-one-man-show-a-kolarovej-medailovej-rozlucky\/#breadcrumb\"},\"inLanguage\":\"sk-SK\",\"potentialAction\":[{\"@type\":\"ReadAction\",\"target\":[\"https:\/\/www.welovecycling.com\/sk\/2018\/06\/26\/msr-v-podani-saganovej-one-man-show-a-kolarovej-medailovej-rozlucky\/\"]}]},{\"@type\":\"ImageObject\",\"inLanguage\":\"sk-SK\",\"@id\":\"https:\/\/www.welovecycling.com\/sk\/2018\/06\/26\/msr-v-podani-saganovej-one-man-show-a-kolarovej-medailovej-rozlucky\/#primaryimage\",\"url\":\"https:\/\/d2p6e6u75xmxt8.cloudfront.net\/4\/2018\/06\/titulka-2.webp\",\"contentUrl\":\"https:\/\/d2p6e6u75xmxt8.cloudfront.net\/4\/2018\/06\/titulka-2.webp\",\"width\":1375,\"height\":600},{\"@type\":\"BreadcrumbList\",\"@id\":\"https:\/\/www.welovecycling.com\/sk\/2018\/06\/26\/msr-v-podani-saganovej-one-man-show-a-kolarovej-medailovej-rozlucky\/#breadcrumb\",\"itemListElement\":[{\"@type\":\"ListItem\",\"position\":1,\"name\":\"Home\",\"item\":\"https:\/\/www.welovecycling.com\/sk\/\"},{\"@type\":\"ListItem\",\"position\":2,\"name\":\"MSR v podan\u00ed Saganovej \u201eone man show\u201c a Kol\u00e1\u0159ova medailov\u00e1 rozl\u00fa\u010dka\"}]},{\"@type\":\"WebSite\",\"@id\":\"https:\/\/www.welovecycling.com\/sk\/#website\",\"url\":\"https:\/\/www.welovecycling.com\/sk\/\",\"name\":\"\u0160koda We Love Cycling Slovensko\",\"description\":\"\u0160koda We Love Cycling Slovensko je v\u00e1\u0161 ka\u017edodenn\u00fd zdroj noviniek a in\u0161pir\u00e1cie z sveta cyklistiky\",\"potentialAction\":[{\"@type\":\"SearchAction\",\"target\":{\"@type\":\"EntryPoint\",\"urlTemplate\":\"https:\/\/www.welovecycling.com\/sk\/?s={search_term_string}\"},\"query-input\":{\"@type\":\"PropertyValueSpecification\",\"valueRequired\":true,\"valueName\":\"search_term_string\"}}],\"inLanguage\":\"sk-SK\"},{\"@type\":\"Person\",\"@id\":\"https:\/\/www.welovecycling.com\/sk\/#\/schema\/person\/8ee09ba39b7e25b1870160aa5b3a89bc\",\"name\":\"Ondrej Ga\u0161par\",\"image\":{\"@type\":\"ImageObject\",\"inLanguage\":\"sk-SK\",\"@id\":\"https:\/\/www.welovecycling.com\/sk\/#\/schema\/person\/image\/\",\"url\":\"https:\/\/secure.gravatar.com\/avatar\/6126c9afb87b70da5abbb083ddbb21933da15f18f8ca7cb822aba0fb096a48f6?s=96&d=mm&r=g\",\"contentUrl\":\"https:\/\/secure.gravatar.com\/avatar\/6126c9afb87b70da5abbb083ddbb21933da15f18f8ca7cb822aba0fb096a48f6?s=96&d=mm&r=g\",\"caption\":\"Ondrej Ga\u0161par\"},\"url\":\"https:\/\/www.welovecycling.com\/sk\/author\/ondrejgaspar\/\"}]}<\/script>\n<!-- \/ Yoast SEO Premium plugin. -->","yoast_head_json":{"title":"MSR v podan\u00ed Saganovej \u201eone man show\u201c a Kol\u00e1\u0159ova medailov\u00e1 rozl\u00fa\u010dka - \u0160koda We Love Cycling Slovensko","robots":{"index":"index","follow":"follow","max-snippet":"max-snippet:-1","max-image-preview":"max-image-preview:large","max-video-preview":"max-video-preview:-1"},"canonical":"https:\/\/www.welovecycling.com\/sk\/2018\/06\/26\/msr-v-podani-saganovej-one-man-show-a-kolarovej-medailovej-rozlucky\/","og_locale":"sk_SK","og_type":"article","og_title":"MSR v podan\u00ed Saganovej \u201eone man show\u201c a Kol\u00e1\u0159ova medailov\u00e1 rozl\u00fa\u010dka","og_description":"Cez v\u00edkend sa na spolo\u010dnom \u0161ampion\u00e1te \u010ceska a Slovenska v Plzni bojovalo o majstrovsk\u00e9 dresy oboch kraj\u00edn. Na nen\u00e1padnom, ale [&hellip;]","og_url":"https:\/\/www.welovecycling.com\/sk\/2018\/06\/26\/msr-v-podani-saganovej-one-man-show-a-kolarovej-medailovej-rozlucky\/","og_site_name":"\u0160koda We Love Cycling Slovensko","article_published_time":"2018-06-26T08:38:20+00:00","article_modified_time":"2018-06-28T10:54:48+00:00","og_image":[{"width":1375,"height":600,"url":"https:\/\/d2p6e6u75xmxt8.cloudfront.net\/4\/2018\/06\/titulka-2.webp","type":"image\/webp"}],"author":"Ondrej Ga\u0161par","twitter_card":"summary_large_image","twitter_misc":{"Written by":"We Love Cycling","Est. reading time":"4 minutes"},"schema":{"@context":"https:\/\/schema.org","@graph":[{"@type":"WebPage","@id":"https:\/\/www.welovecycling.com\/sk\/2018\/06\/26\/msr-v-podani-saganovej-one-man-show-a-kolarovej-medailovej-rozlucky\/","url":"https:\/\/www.welovecycling.com\/sk\/2018\/06\/26\/msr-v-podani-saganovej-one-man-show-a-kolarovej-medailovej-rozlucky\/","name":"MSR v podan\u00ed Saganovej \u201eone man show\u201c a Kol\u00e1\u0159ova medailov\u00e1 rozl\u00fa\u010dka - \u0160koda We Love Cycling Slovensko","isPartOf":{"@id":"https:\/\/www.welovecycling.com\/sk\/#website"},"primaryImageOfPage":{"@id":"https:\/\/www.welovecycling.com\/sk\/2018\/06\/26\/msr-v-podani-saganovej-one-man-show-a-kolarovej-medailovej-rozlucky\/#primaryimage"},"image":{"@id":"https:\/\/www.welovecycling.com\/sk\/2018\/06\/26\/msr-v-podani-saganovej-one-man-show-a-kolarovej-medailovej-rozlucky\/#primaryimage"},"thumbnailUrl":"https:\/\/d2p6e6u75xmxt8.cloudfront.net\/4\/2018\/06\/titulka-2.webp","datePublished":"2018-06-26T08:38:20+00:00","dateModified":"2018-06-28T10:54:48+00:00","author":{"@id":"https:\/\/www.welovecycling.com\/sk\/#\/schema\/person\/8ee09ba39b7e25b1870160aa5b3a89bc"},"breadcrumb":{"@id":"https:\/\/www.welovecycling.com\/sk\/2018\/06\/26\/msr-v-podani-saganovej-one-man-show-a-kolarovej-medailovej-rozlucky\/#breadcrumb"},"inLanguage":"sk-SK","potentialAction":[{"@type":"ReadAction","target":["https:\/\/www.welovecycling.com\/sk\/2018\/06\/26\/msr-v-podani-saganovej-one-man-show-a-kolarovej-medailovej-rozlucky\/"]}]},{"@type":"ImageObject","inLanguage":"sk-SK","@id":"https:\/\/www.welovecycling.com\/sk\/2018\/06\/26\/msr-v-podani-saganovej-one-man-show-a-kolarovej-medailovej-rozlucky\/#primaryimage","url":"https:\/\/d2p6e6u75xmxt8.cloudfront.net\/4\/2018\/06\/titulka-2.webp","contentUrl":"https:\/\/d2p6e6u75xmxt8.cloudfront.net\/4\/2018\/06\/titulka-2.webp","width":1375,"height":600},{"@type":"BreadcrumbList","@id":"https:\/\/www.welovecycling.com\/sk\/2018\/06\/26\/msr-v-podani-saganovej-one-man-show-a-kolarovej-medailovej-rozlucky\/#breadcrumb","itemListElement":[{"@type":"ListItem","position":1,"name":"Home","item":"https:\/\/www.welovecycling.com\/sk\/"},{"@type":"ListItem","position":2,"name":"MSR v podan\u00ed Saganovej \u201eone man show\u201c a Kol\u00e1\u0159ova medailov\u00e1 rozl\u00fa\u010dka"}]},{"@type":"WebSite","@id":"https:\/\/www.welovecycling.com\/sk\/#website","url":"https:\/\/www.welovecycling.com\/sk\/","name":"\u0160koda We Love Cycling Slovensko","description":"\u0160koda We Love Cycling Slovensko je v\u00e1\u0161 ka\u017edodenn\u00fd zdroj noviniek a in\u0161pir\u00e1cie z sveta cyklistiky","potentialAction":[{"@type":"SearchAction","target":{"@type":"EntryPoint","urlTemplate":"https:\/\/www.welovecycling.com\/sk\/?s={search_term_string}"},"query-input":{"@type":"PropertyValueSpecification","valueRequired":true,"valueName":"search_term_string"}}],"inLanguage":"sk-SK"},{"@type":"Person","@id":"https:\/\/www.welovecycling.com\/sk\/#\/schema\/person\/8ee09ba39b7e25b1870160aa5b3a89bc","name":"Ondrej Ga\u0161par","image":{"@type":"ImageObject","inLanguage":"sk-SK","@id":"https:\/\/www.welovecycling.com\/sk\/#\/schema\/person\/image\/","url":"https:\/\/secure.gravatar.com\/avatar\/6126c9afb87b70da5abbb083ddbb21933da15f18f8ca7cb822aba0fb096a48f6?s=96&d=mm&r=g","contentUrl":"https:\/\/secure.gravatar.com\/avatar\/6126c9afb87b70da5abbb083ddbb21933da15f18f8ca7cb822aba0fb096a48f6?s=96&d=mm&r=g","caption":"Ondrej Ga\u0161par"},"url":"https:\/\/www.welovecycling.com\/sk\/author\/ondrejgaspar\/"}]}},"_links":{"self":[{"href":"https:\/\/www.welovecycling.com\/sk\/wp-json\/wp\/v2\/posts\/3934","targetHints":{"allow":["GET"]}}],"collection":[{"href":"https:\/\/www.welovecycling.com\/sk\/wp-json\/wp\/v2\/posts"}],"about":[{"href":"https:\/\/www.welovecycling.com\/sk\/wp-json\/wp\/v2\/types\/post"}],"author":[{"embeddable":true,"href":"https:\/\/www.welovecycling.com\/sk\/wp-json\/wp\/v2\/users\/38"}],"replies":[{"embeddable":true,"href":"https:\/\/www.welovecycling.com\/sk\/wp-json\/wp\/v2\/comments?post=3934"}],"version-history":[{"count":2,"href":"https:\/\/www.welovecycling.com\/sk\/wp-json\/wp\/v2\/posts\/3934\/revisions"}],"predecessor-version":[{"id":3969,"href":"https:\/\/www.welovecycling.com\/sk\/wp-json\/wp\/v2\/posts\/3934\/revisions\/3969"}],"wp:featuredmedia":[{"embeddable":true,"href":"https:\/\/www.welovecycling.com\/sk\/wp-json\/wp\/v2\/media\/3936"}],"wp:attachment":[{"href":"https:\/\/www.welovecycling.com\/sk\/wp-json\/wp\/v2\/media?parent=3934"}],"wp:term":[{"taxonomy":"category","embeddable":true,"href":"https:\/\/www.welovecycling.com\/sk\/wp-json\/wp\/v2\/categories?post=3934"},{"taxonomy":"post_tag","embeddable":true,"href":"https:\/\/www.welovecycling.com\/sk\/wp-json\/wp\/v2\/tags?post=3934"},{"taxonomy":"global-categories","embeddable":true,"href":"https:\/\/www.welovecycling.com\/sk\/wp-json\/wp\/v2\/global-categories?post=3934"}],"curies":[{"name":"wp","href":"https:\/\/api.w.org\/{rel}","templated":true}]}}