{"id":3930,"date":"2018-07-03T17:14:18","date_gmt":"2018-07-03T15:14:18","guid":{"rendered":"https:\/\/www.welovecycling.com\/sk\/?p=3930"},"modified":"2018-07-17T17:20:12","modified_gmt":"2018-07-17T15:20:12","slug":"reportaz-author-skoda-bikemaraton-sulovske-skaly-trosku-blata-zabavu-nepokazi","status":"publish","type":"post","link":"https:\/\/www.welovecycling.com\/sk\/2018\/07\/03\/reportaz-author-skoda-bikemaraton-sulovske-skaly-trosku-blata-zabavu-nepokazi\/","title":{"rendered":"Report\u00e1\u017e: AUTHOR \u0160koda Bikemarat\u00f3n S\u00fa\u013eovsk\u00e9 skaly \u2013 tro\u0161ku blata z\u00e1bavu nepokaz\u00ed"},"content":{"rendered":"<p><strong>S\u00fa\u013eov u\u017e po jubilejn\u00fd dvadsiatykr\u00e1t hostil pretek\u00e1rov vo svojej kr\u00e1snej panor\u00e1me na tohtoro\u010dnom tre\u0165om kole \u0160koda BIKE OPEN TOUR. Ako je u\u017e dobr\u00fdm zvykom, op\u00e4\u0165 sme za\u017eili pr\u00edjemn\u00fa akciu, kde sa zabavili cel\u00e9 rodiny<\/strong><!--more--><\/p>\n<p><a href=\"https:\/\/d2p6e6u75xmxt8.cloudfront.net\/4\/2018\/06\/01-4.jpg\"><img loading=\"lazy\" decoding=\"async\" class=\"alignnone size-full wp-image-4011\" src=\"https:\/\/d2p6e6u75xmxt8.cloudfront.net\/4\/2018\/06\/01-4.jpg\" alt=\"\" width=\"1280\" height=\"719\" \/><\/a><\/p>\n<h2><strong>Chladn\u00fd za\u010diatok leta<\/strong><\/h2>\n<p>Ak niekomu po\u010das posledn\u00fdch ro\u010dn\u00edkov prek\u00e1\u017eal \u201ev\u00fdpek\u201c pri jazden\u00ed v S\u00fa\u013eovsk\u00fdch skal\u00e1ch, tak tento rok si mohol vyd\u00fdchnu\u0165. Astronomick\u00fd za\u010diatok leta priniesol v\u00fdrazn\u00e9 ochladenie s \u010dast\u00fdmi preh\u00e1nkami, tak\u017ee sa dalo predpoklada\u0165, \u017ee o z\u00e1bavu bude v sobotu postaran\u00e9. V Doh\u0148anoch, ktor\u00e9 hostili predch\u00e1dzaj\u00face kolo \u0160BOT, to boli doslova <a href=\"https:\/\/www.welovecycling.com\/sk\/2018\/05\/22\/reportaz-skoda-dohnany-puchov-trophy-ked-sa-pocasie-postara-o-poriadnu-zabavu\/\">bahenn\u00e9 k\u00fapele<\/a>, ktor\u00e9 sa na\u0161\u0165astie v S\u00fa\u013eove a\u017e v takom rozsahu nezopakovali.<\/p>\n<p><a href=\"https:\/\/d2p6e6u75xmxt8.cloudfront.net\/4\/2018\/06\/02-4.jpg\"><img loading=\"lazy\" decoding=\"async\" class=\"alignnone size-full wp-image-4012\" src=\"https:\/\/d2p6e6u75xmxt8.cloudfront.net\/4\/2018\/06\/02-4.jpg\" alt=\"\" width=\"1280\" height=\"719\" \/><\/a><\/p>\n<p>Mo\u017enos\u0165 piatkovej prezent\u00e1cie od\u013eah\u010dilo priebeh tej sobot\u0148aj\u0161ej a v\u0161etko \u0161lo ako po masle. Celkovo sa na \u0161tart v\u0161etk\u00fdch 4 trat\u00ed postavilo <strong>viac ako 1 400 pretek\u00e1rov<\/strong>. Predpove\u010f po\u010dasia avizovala aj preh\u00e1nky a teploty s maxim\u00e1lkou okolo 12 \u00b0C, tak\u017ee jazdci museli by\u0165 pripraven\u00ed na v\u0161etko.<\/p>\n<p><iframe loading=\"lazy\" src=\"https:\/\/www.ta3.com\/embed\/20180623-hw-7e3ffc9f-6e57-4c10-964a-43db08145458.html\" width=\"500\" height=\"320\" frameborder=\"0\" scrolling=\"no\"><\/iframe><\/p>\n<h2><strong>Test mor\u00e1lky<\/strong><\/h2>\n<p>Aj ke\u010f podmienky vyzerali by\u0165 na prv\u00fd poh\u013ead trochu extr\u00e9mne, v skuto\u010dnosti bola <strong>tra\u0165 v\u00fdborne pripraven\u00e1 a \u201ejazdite\u013en\u00e1\u201c<\/strong> aj napriek po\u010detn\u00fdm preh\u00e1nkam. Nech\u00fdbalo ve\u013ea pekn\u00fdch technick\u00fdch \u00fasekov, vr\u00e1tane mnoh\u00fdch singletrackov. No jeden \u00fasek tesne po da\u017edi zmenil l\u00fa\u010dnu pas\u00e1\u017e na dokonal\u00fa pascu s lepiv\u00fdm blatom, ktor\u00e1 poriadne otestovala mor\u00e1lku a tie\u017e materi\u00e1l jazdcov. Potom sa znovu pri\u0161lo do prostredia sk\u00e1l, kde ter\u00e9n u\u017e op\u00e4\u0165 pon\u00fakal vhodn\u00e9 podmienky na jazdu.<\/p>\n<div data-rows=\"1\" id='gallery-1' class='gallery-rows-1 gallery galleryid-3930 gallery-columns-3 gallery-size-full'><figure class='gallery-item'>\n\t\t\t<div class='gallery-icon landscape'>\n\t\t\t\t<a href='https:\/\/d2p6e6u75xmxt8.cloudfront.net\/4\/2018\/07\/03-1.webp'><img loading=\"lazy\" decoding=\"async\" width=\"1200\" height=\"800\" src=\"https:\/\/d2p6e6u75xmxt8.cloudfront.net\/4\/2018\/07\/03-1.webp\" class=\"attachment-full size-full\" alt=\"\" srcset=\"https:\/\/d2p6e6u75xmxt8.cloudfront.net\/4\/2018\/07\/03-1.webp 1200w, https:\/\/d2p6e6u75xmxt8.cloudfront.net\/4\/2018\/07\/03-1-300x200.webp 300w, https:\/\/d2p6e6u75xmxt8.cloudfront.net\/4\/2018\/07\/03-1-1024x683.webp 1024w, https:\/\/d2p6e6u75xmxt8.cloudfront.net\/4\/2018\/07\/03-1-768x512.webp 768w, https:\/\/d2p6e6u75xmxt8.cloudfront.net\/4\/2018\/07\/03-1-272x182.webp 272w\" sizes=\"auto, (max-width: 1200px) 100vw, 1200px\" \/><\/a>\n\t\t\t<\/div><\/figure><figure class='gallery-item'>\n\t\t\t<div class='gallery-icon landscape'>\n\t\t\t\t<a href='https:\/\/d2p6e6u75xmxt8.cloudfront.net\/4\/2018\/07\/04-1.webp'><img loading=\"lazy\" decoding=\"async\" width=\"1200\" height=\"800\" src=\"https:\/\/d2p6e6u75xmxt8.cloudfront.net\/4\/2018\/07\/04-1.webp\" class=\"attachment-full size-full\" alt=\"\" srcset=\"https:\/\/d2p6e6u75xmxt8.cloudfront.net\/4\/2018\/07\/04-1.webp 1200w, https:\/\/d2p6e6u75xmxt8.cloudfront.net\/4\/2018\/07\/04-1-300x200.webp 300w, https:\/\/d2p6e6u75xmxt8.cloudfront.net\/4\/2018\/07\/04-1-1024x683.webp 1024w, https:\/\/d2p6e6u75xmxt8.cloudfront.net\/4\/2018\/07\/04-1-768x512.webp 768w, https:\/\/d2p6e6u75xmxt8.cloudfront.net\/4\/2018\/07\/04-1-272x182.webp 272w\" sizes=\"auto, (max-width: 1200px) 100vw, 1200px\" \/><\/a>\n\t\t\t<\/div><\/figure><figure class='gallery-item'>\n\t\t\t<div class='gallery-icon landscape'>\n\t\t\t\t<a href='https:\/\/d2p6e6u75xmxt8.cloudfront.net\/4\/2018\/07\/05-1.webp'><img loading=\"lazy\" decoding=\"async\" width=\"1200\" height=\"800\" src=\"https:\/\/d2p6e6u75xmxt8.cloudfront.net\/4\/2018\/07\/05-1.webp\" class=\"attachment-full size-full\" alt=\"\" srcset=\"https:\/\/d2p6e6u75xmxt8.cloudfront.net\/4\/2018\/07\/05-1.webp 1200w, https:\/\/d2p6e6u75xmxt8.cloudfront.net\/4\/2018\/07\/05-1-300x200.webp 300w, https:\/\/d2p6e6u75xmxt8.cloudfront.net\/4\/2018\/07\/05-1-1024x683.webp 1024w, https:\/\/d2p6e6u75xmxt8.cloudfront.net\/4\/2018\/07\/05-1-768x512.webp 768w, https:\/\/d2p6e6u75xmxt8.cloudfront.net\/4\/2018\/07\/05-1-272x182.webp 272w\" sizes=\"auto, (max-width: 1200px) 100vw, 1200px\" \/><\/a>\n\t\t\t<\/div><\/figure>\n\t\t<\/div>\n        \n<p>U\u017e tradi\u010dne sa <strong>v\u00ed\u0165azom 3. kola \u0160BOT na najdlh\u0161ej trati stal Karel Hartl<\/strong>, ktor\u00fd s \u010dasom 4:25:29, podobne ako v Doh\u0148anoch, zdolal aj Martina Kostelni\u010d\u00e1ka z vekovo mlad\u0161ej kateg\u00f3rie. Zo \u017eien, ktor\u00e9 sa postavili na \u0161tart tejto v\u00fd\u017eivnej trasy, vyhrala Adela Otev\u0159elov\u00e1. Na trati s d\u013a\u017ekou 60 km pri\u0161iel prv\u00fd do cie\u013ea Ukrajinec Volodymyr Kozlovskyy s v\u00fdborn\u00fdm \u010dasom 3:07:36 a medzi \u017eenami sa z prvenstva radovala jeho krajanka Kateryna Kudasheva. V\u00ed\u0165azom na trati s najv\u00e4\u010d\u0161\u00edm po\u010dtom pretek\u00e1rov a d\u013a\u017ekou 35 km sa stal Matej Baco s \u010dasom 1:42:47 a medzi \u017eenami skon\u010dila na prvom mieste Simona Triznov\u00e1. Tra\u0165 s d\u013a\u017ekou 19 km ovl\u00e1dol medzi mu\u017emi Jakub Zemene, ktor\u00fd ju zvl\u00e1dol za 50 min\u00fat a ako prv\u00e1 za ne\u017en\u00e9 pohlavie dorazila do cie\u013ea Krist\u00edna Tich\u00e1. Kompletn\u00e9 v\u00fdsledky n\u00e1jdete na <a href=\"http:\/\/www.sportsofttiming.sk\/en\/race\/overview\/2586\">tomto odkaze<\/a>.<\/p>\n<div data-rows=\"1\" id='gallery-2' class='gallery-rows-1 gallery galleryid-3930 gallery-columns-3 gallery-size-full'><figure class='gallery-item'>\n\t\t\t<div class='gallery-icon landscape'>\n\t\t\t\t<a href='https:\/\/d2p6e6u75xmxt8.cloudfront.net\/4\/2018\/07\/06-1.webp'><img loading=\"lazy\" decoding=\"async\" width=\"1200\" height=\"800\" src=\"https:\/\/d2p6e6u75xmxt8.cloudfront.net\/4\/2018\/07\/06-1.webp\" class=\"attachment-full size-full\" alt=\"\" srcset=\"https:\/\/d2p6e6u75xmxt8.cloudfront.net\/4\/2018\/07\/06-1.webp 1200w, https:\/\/d2p6e6u75xmxt8.cloudfront.net\/4\/2018\/07\/06-1-300x200.webp 300w, https:\/\/d2p6e6u75xmxt8.cloudfront.net\/4\/2018\/07\/06-1-1024x683.webp 1024w, https:\/\/d2p6e6u75xmxt8.cloudfront.net\/4\/2018\/07\/06-1-768x512.webp 768w, https:\/\/d2p6e6u75xmxt8.cloudfront.net\/4\/2018\/07\/06-1-272x182.webp 272w\" sizes=\"auto, (max-width: 1200px) 100vw, 1200px\" \/><\/a>\n\t\t\t<\/div><\/figure><figure class='gallery-item'>\n\t\t\t<div class='gallery-icon landscape'>\n\t\t\t\t<a href='https:\/\/d2p6e6u75xmxt8.cloudfront.net\/4\/2018\/07\/07-1.webp'><img loading=\"lazy\" decoding=\"async\" width=\"1200\" height=\"800\" src=\"https:\/\/d2p6e6u75xmxt8.cloudfront.net\/4\/2018\/07\/07-1.webp\" class=\"attachment-full size-full\" alt=\"\" srcset=\"https:\/\/d2p6e6u75xmxt8.cloudfront.net\/4\/2018\/07\/07-1.webp 1200w, https:\/\/d2p6e6u75xmxt8.cloudfront.net\/4\/2018\/07\/07-1-300x200.webp 300w, https:\/\/d2p6e6u75xmxt8.cloudfront.net\/4\/2018\/07\/07-1-1024x683.webp 1024w, https:\/\/d2p6e6u75xmxt8.cloudfront.net\/4\/2018\/07\/07-1-768x512.webp 768w, https:\/\/d2p6e6u75xmxt8.cloudfront.net\/4\/2018\/07\/07-1-272x182.webp 272w\" sizes=\"auto, (max-width: 1200px) 100vw, 1200px\" \/><\/a>\n\t\t\t<\/div><\/figure><figure class='gallery-item'>\n\t\t\t<div class='gallery-icon landscape'>\n\t\t\t\t<a href='https:\/\/d2p6e6u75xmxt8.cloudfront.net\/4\/2018\/07\/08-1.webp'><img loading=\"lazy\" decoding=\"async\" width=\"1200\" height=\"800\" src=\"https:\/\/d2p6e6u75xmxt8.cloudfront.net\/4\/2018\/07\/08-1.webp\" class=\"attachment-full size-full\" alt=\"\" srcset=\"https:\/\/d2p6e6u75xmxt8.cloudfront.net\/4\/2018\/07\/08-1.webp 1200w, https:\/\/d2p6e6u75xmxt8.cloudfront.net\/4\/2018\/07\/08-1-300x200.webp 300w, https:\/\/d2p6e6u75xmxt8.cloudfront.net\/4\/2018\/07\/08-1-1024x683.webp 1024w, https:\/\/d2p6e6u75xmxt8.cloudfront.net\/4\/2018\/07\/08-1-768x512.webp 768w, https:\/\/d2p6e6u75xmxt8.cloudfront.net\/4\/2018\/07\/08-1-272x182.webp 272w\" sizes=\"auto, (max-width: 1200px) 100vw, 1200px\" \/><\/a>\n\t\t\t<\/div><\/figure>\n\t\t<\/div>\n        \n<h2><strong>Z\u00e1zemie a sprievodn\u00fd program<\/strong><\/h2>\n<p>U\u017e samotn\u00fd poh\u013ead na okolie z\u00e1zemia je odmenou pre ka\u017ed\u00e9ho, kto sa pri\u0161iel akt\u00edvne, \u010di pas\u00edvne z\u00fa\u010dastni\u0165 tohto podujatia vo v\u00fdnimo\u010dnom prostred\u00ed. Rozbahnen\u00e1 l\u00faka sp\u00f4sobila, \u017ee azda najv\u00e4\u010d\u0161\u00ed z\u00e1ujem bol tentokr\u00e1t o um\u00fdvacie boxy vo We Love Cycling z\u00f3ne, ktor\u00e9 si poctivo odviedli svoju pr\u00e1cu. Ke\u010f\u017ee <strong>v\u0161etky akcie na\u0161ej s\u00e9rie \u0160BOT myslia na cel\u00e9 rodiny<\/strong>, \u010das, ktor\u00fd str\u00e1vili pretek\u00e1ri na trati, vyplnili ich &#8222;podpore&#8220; pestr\u00e9 sprievodn\u00e9 akcie. Deti sa u\u017e tradi\u010dne vybl\u00e1znili na sk\u00e1kacom hrade so \u0161myk\u013eavkou a popustili uzdu svojej fant\u00e1zii pri kreslen\u00ed na automobil \u0160koda KAROQ. Mnoh\u00e9 z nich si ako suven\u00edr domov odniesli poma\u013eovan\u00e9 vysmiate tv\u00e1re. Atmosf\u00e9ru dotvorilo vyst\u00fapenie dvoch kapiel a z\u00e1vere\u010dn\u00e1 bohat\u00e1 tombola.<\/p>\n<div data-rows=\"1\" id='gallery-3' class='gallery-rows-1 gallery galleryid-3930 gallery-columns-3 gallery-size-full'><figure class='gallery-item'>\n\t\t\t<div class='gallery-icon landscape'>\n\t\t\t\t<a href='https:\/\/d2p6e6u75xmxt8.cloudfront.net\/4\/2018\/07\/09-1.webp'><img loading=\"lazy\" decoding=\"async\" width=\"1200\" height=\"800\" src=\"https:\/\/d2p6e6u75xmxt8.cloudfront.net\/4\/2018\/07\/09-1.webp\" class=\"attachment-full size-full\" alt=\"\" srcset=\"https:\/\/d2p6e6u75xmxt8.cloudfront.net\/4\/2018\/07\/09-1.webp 1200w, https:\/\/d2p6e6u75xmxt8.cloudfront.net\/4\/2018\/07\/09-1-300x200.webp 300w, https:\/\/d2p6e6u75xmxt8.cloudfront.net\/4\/2018\/07\/09-1-1024x683.webp 1024w, https:\/\/d2p6e6u75xmxt8.cloudfront.net\/4\/2018\/07\/09-1-768x512.webp 768w, https:\/\/d2p6e6u75xmxt8.cloudfront.net\/4\/2018\/07\/09-1-272x182.webp 272w\" sizes=\"auto, (max-width: 1200px) 100vw, 1200px\" \/><\/a>\n\t\t\t<\/div><\/figure><figure class='gallery-item'>\n\t\t\t<div class='gallery-icon landscape'>\n\t\t\t\t<a href='https:\/\/d2p6e6u75xmxt8.cloudfront.net\/4\/2018\/07\/10-1.webp'><img loading=\"lazy\" decoding=\"async\" width=\"1200\" height=\"800\" src=\"https:\/\/d2p6e6u75xmxt8.cloudfront.net\/4\/2018\/07\/10-1.webp\" class=\"attachment-full size-full\" alt=\"\" srcset=\"https:\/\/d2p6e6u75xmxt8.cloudfront.net\/4\/2018\/07\/10-1.webp 1200w, https:\/\/d2p6e6u75xmxt8.cloudfront.net\/4\/2018\/07\/10-1-300x200.webp 300w, https:\/\/d2p6e6u75xmxt8.cloudfront.net\/4\/2018\/07\/10-1-1024x683.webp 1024w, https:\/\/d2p6e6u75xmxt8.cloudfront.net\/4\/2018\/07\/10-1-768x512.webp 768w, https:\/\/d2p6e6u75xmxt8.cloudfront.net\/4\/2018\/07\/10-1-272x182.webp 272w\" sizes=\"auto, (max-width: 1200px) 100vw, 1200px\" \/><\/a>\n\t\t\t<\/div><\/figure><figure class='gallery-item'>\n\t\t\t<div class='gallery-icon landscape'>\n\t\t\t\t<a href='https:\/\/d2p6e6u75xmxt8.cloudfront.net\/4\/2018\/07\/11-1.webp'><img loading=\"lazy\" decoding=\"async\" width=\"1200\" height=\"800\" src=\"https:\/\/d2p6e6u75xmxt8.cloudfront.net\/4\/2018\/07\/11-1.webp\" class=\"attachment-full size-full\" alt=\"\" srcset=\"https:\/\/d2p6e6u75xmxt8.cloudfront.net\/4\/2018\/07\/11-1.webp 1200w, https:\/\/d2p6e6u75xmxt8.cloudfront.net\/4\/2018\/07\/11-1-300x200.webp 300w, https:\/\/d2p6e6u75xmxt8.cloudfront.net\/4\/2018\/07\/11-1-1024x683.webp 1024w, https:\/\/d2p6e6u75xmxt8.cloudfront.net\/4\/2018\/07\/11-1-768x512.webp 768w, https:\/\/d2p6e6u75xmxt8.cloudfront.net\/4\/2018\/07\/11-1-272x182.webp 272w\" sizes=\"auto, (max-width: 1200px) 100vw, 1200px\" \/><\/a>\n\t\t\t<\/div><\/figure>\n\t\t<\/div>\n        \n<h2><strong>Dovidenia v Stupave<\/strong><\/h2>\n<p>S\u00fa\u013eov \u00faspe\u0161ne zvl\u00e1dol n\u00e1strahy premenliv\u00e9ho po\u010dasia a napokon do cie\u013ea dorazilo celkovo 1 269 bikerov. Na\u0161u s\u00e9riu \u0160koda BIKE OPEN TOUR \u010dak\u00e1 \u010fal\u0161ia zast\u00e1vka v Stupave, kde sa posledn\u00fd j\u00falov\u00fd v\u00edkend uvid\u00edme na jednom z najv\u00e4\u010d\u0161\u00edch podujat\u00ed tejto sez\u00f3ny \u2013 \u0160koda STUPAVA TROPHY. Op\u00e4\u0165 si nezabudnite \u201epribali\u0165\u201c svoj funclub, na ktor\u00fd \u010dak\u00e1 zauj\u00edmav\u00fd program. Ako sa hovor\u00ed, do tretice v\u0161etko dobr\u00e9, tak si spolo\u010dne \u017eelajme, aby sa 28. j\u00fala u\u017e blato na trati nezopakovalo \ud83d\ude42<\/p>\n<lite-youtube videoid=ytIWTZWu1eg params=\"enablejsapi=1\" style=\"background-image: url('https:\/\/i.ytimg.com\/vi_webp\/ytIWTZWu1eg\/maxresdefault.webp');\"><\/lite-youtube>\n","protected":false},"excerpt":{"rendered":"<p>S\u00fa\u013eov u\u017e po jubilejn\u00fd dvadsiatykr\u00e1t hostil pretek\u00e1rov vo svojej kr\u00e1snej panor\u00e1me na tohtoro\u010dnom tre\u0165om kole \u0160koda BIKE OPEN TOUR. Ako [&hellip;]<\/p>\n","protected":false},"author":38,"featured_media":4208,"comment_status":"open","ping_status":"open","sticky":false,"template":"","format":"video","meta":{"footnotes":""},"categories":[3,38,33],"tags":[403,450,180,178,412,179,39,35,77,468,92,114],"global-categories":[],"class_list":["post-3930","post","type-post","status-publish","format-video","has-post-thumbnail","hentry","category-mtb","category-reportaz","category-sbot","tag-author-skoda-bikemaraton-sulovske-skaly","tag-cyklo-guru","tag-horska-cyklistika","tag-maraton","tag-mtb","tag-preteky","tag-reportaz","tag-sbot","tag-skoda-dedina","tag-skoda-karoq","tag-skoda-tim","tag-sulov","post_format-post-format-video"],"yoast_head":"<!-- This site is optimized with the Yoast SEO Premium plugin v25.3 (Yoast SEO v25.9) - https:\/\/yoast.com\/wordpress\/plugins\/seo\/ -->\n<title>Report\u00e1\u017e: AUTHOR \u0160koda Bikemarat\u00f3n S\u00fa\u013eovsk\u00e9 skaly \u2013 tro\u0161ku blata z\u00e1bavu nepokaz\u00ed - \u0160koda We Love Cycling Slovensko<\/title>\n<meta name=\"robots\" content=\"index, follow, max-snippet:-1, max-image-preview:large, max-video-preview:-1\" \/>\n<link rel=\"canonical\" href=\"https:\/\/www.welovecycling.com\/sk\/2018\/07\/03\/reportaz-author-skoda-bikemaraton-sulovske-skaly-trosku-blata-zabavu-nepokazi\/\" \/>\n<meta property=\"og:locale\" content=\"sk_SK\" \/>\n<meta property=\"og:type\" content=\"article\" \/>\n<meta property=\"og:title\" content=\"Report\u00e1\u017e: AUTHOR \u0160koda Bikemarat\u00f3n S\u00fa\u013eovsk\u00e9 skaly \u2013 tro\u0161ku blata z\u00e1bavu nepokaz\u00ed\" \/>\n<meta property=\"og:description\" content=\"S\u00fa\u013eov u\u017e po jubilejn\u00fd dvadsiatykr\u00e1t hostil pretek\u00e1rov vo svojej kr\u00e1snej panor\u00e1me na tohtoro\u010dnom tre\u0165om kole \u0160koda BIKE OPEN TOUR. Ako [&hellip;]\" \/>\n<meta property=\"og:url\" content=\"https:\/\/www.welovecycling.com\/sk\/2018\/07\/03\/reportaz-author-skoda-bikemaraton-sulovske-skaly-trosku-blata-zabavu-nepokazi\/\" \/>\n<meta property=\"og:site_name\" content=\"\u0160koda We Love Cycling Slovensko\" \/>\n<meta property=\"article:published_time\" content=\"2018-07-03T15:14:18+00:00\" \/>\n<meta property=\"article:modified_time\" content=\"2018-07-17T15:20:12+00:00\" \/>\n<meta property=\"og:image\" content=\"https:\/\/d2p6e6u75xmxt8.cloudfront.net\/4\/2018\/07\/1375x600_sulov-report.webp\" \/>\n\t<meta property=\"og:image:width\" content=\"1375\" \/>\n\t<meta property=\"og:image:height\" content=\"600\" \/>\n\t<meta property=\"og:image:type\" content=\"image\/webp\" \/>\n<meta name=\"author\" content=\"Ondrej Ga\u0161par\" \/>\n<meta name=\"twitter:card\" content=\"summary_large_image\" \/>\n<meta name=\"twitter:label1\" content=\"Written by\" \/>\n\t<meta name=\"twitter:data1\" content=\"We Love Cycling\" \/>\n\t<meta name=\"twitter:label2\" content=\"Est. reading time\" \/>\n\t<meta name=\"twitter:data2\" content=\"4 minutes\" \/>\n<script type=\"application\/ld+json\" class=\"yoast-schema-graph\">{\"@context\":\"https:\/\/schema.org\",\"@graph\":[{\"@type\":\"WebPage\",\"@id\":\"https:\/\/www.welovecycling.com\/sk\/2018\/07\/03\/reportaz-author-skoda-bikemaraton-sulovske-skaly-trosku-blata-zabavu-nepokazi\/\",\"url\":\"https:\/\/www.welovecycling.com\/sk\/2018\/07\/03\/reportaz-author-skoda-bikemaraton-sulovske-skaly-trosku-blata-zabavu-nepokazi\/\",\"name\":\"Report\u00e1\u017e: AUTHOR \u0160koda Bikemarat\u00f3n S\u00fa\u013eovsk\u00e9 skaly \u2013 tro\u0161ku blata z\u00e1bavu nepokaz\u00ed - \u0160koda We Love Cycling Slovensko\",\"isPartOf\":{\"@id\":\"https:\/\/www.welovecycling.com\/sk\/#website\"},\"primaryImageOfPage\":{\"@id\":\"https:\/\/www.welovecycling.com\/sk\/2018\/07\/03\/reportaz-author-skoda-bikemaraton-sulovske-skaly-trosku-blata-zabavu-nepokazi\/#primaryimage\"},\"image\":{\"@id\":\"https:\/\/www.welovecycling.com\/sk\/2018\/07\/03\/reportaz-author-skoda-bikemaraton-sulovske-skaly-trosku-blata-zabavu-nepokazi\/#primaryimage\"},\"thumbnailUrl\":\"https:\/\/d2p6e6u75xmxt8.cloudfront.net\/4\/2018\/07\/1375x600_sulov-report.webp\",\"datePublished\":\"2018-07-03T15:14:18+00:00\",\"dateModified\":\"2018-07-17T15:20:12+00:00\",\"author\":{\"@id\":\"https:\/\/www.welovecycling.com\/sk\/#\/schema\/person\/8ee09ba39b7e25b1870160aa5b3a89bc\"},\"breadcrumb\":{\"@id\":\"https:\/\/www.welovecycling.com\/sk\/2018\/07\/03\/reportaz-author-skoda-bikemaraton-sulovske-skaly-trosku-blata-zabavu-nepokazi\/#breadcrumb\"},\"inLanguage\":\"sk-SK\",\"potentialAction\":[{\"@type\":\"ReadAction\",\"target\":[\"https:\/\/www.welovecycling.com\/sk\/2018\/07\/03\/reportaz-author-skoda-bikemaraton-sulovske-skaly-trosku-blata-zabavu-nepokazi\/\"]}]},{\"@type\":\"ImageObject\",\"inLanguage\":\"sk-SK\",\"@id\":\"https:\/\/www.welovecycling.com\/sk\/2018\/07\/03\/reportaz-author-skoda-bikemaraton-sulovske-skaly-trosku-blata-zabavu-nepokazi\/#primaryimage\",\"url\":\"https:\/\/d2p6e6u75xmxt8.cloudfront.net\/4\/2018\/07\/1375x600_sulov-report.webp\",\"contentUrl\":\"https:\/\/d2p6e6u75xmxt8.cloudfront.net\/4\/2018\/07\/1375x600_sulov-report.webp\",\"width\":1375,\"height\":600},{\"@type\":\"BreadcrumbList\",\"@id\":\"https:\/\/www.welovecycling.com\/sk\/2018\/07\/03\/reportaz-author-skoda-bikemaraton-sulovske-skaly-trosku-blata-zabavu-nepokazi\/#breadcrumb\",\"itemListElement\":[{\"@type\":\"ListItem\",\"position\":1,\"name\":\"Home\",\"item\":\"https:\/\/www.welovecycling.com\/sk\/\"},{\"@type\":\"ListItem\",\"position\":2,\"name\":\"Report\u00e1\u017e: AUTHOR \u0160koda Bikemarat\u00f3n S\u00fa\u013eovsk\u00e9 skaly \u2013 tro\u0161ku blata z\u00e1bavu nepokaz\u00ed\"}]},{\"@type\":\"WebSite\",\"@id\":\"https:\/\/www.welovecycling.com\/sk\/#website\",\"url\":\"https:\/\/www.welovecycling.com\/sk\/\",\"name\":\"\u0160koda We Love Cycling Slovensko\",\"description\":\"\u0160koda We Love Cycling Slovensko je v\u00e1\u0161 ka\u017edodenn\u00fd zdroj noviniek a in\u0161pir\u00e1cie z sveta cyklistiky\",\"potentialAction\":[{\"@type\":\"SearchAction\",\"target\":{\"@type\":\"EntryPoint\",\"urlTemplate\":\"https:\/\/www.welovecycling.com\/sk\/?s={search_term_string}\"},\"query-input\":{\"@type\":\"PropertyValueSpecification\",\"valueRequired\":true,\"valueName\":\"search_term_string\"}}],\"inLanguage\":\"sk-SK\"},{\"@type\":\"Person\",\"@id\":\"https:\/\/www.welovecycling.com\/sk\/#\/schema\/person\/8ee09ba39b7e25b1870160aa5b3a89bc\",\"name\":\"Ondrej Ga\u0161par\",\"image\":{\"@type\":\"ImageObject\",\"inLanguage\":\"sk-SK\",\"@id\":\"https:\/\/www.welovecycling.com\/sk\/#\/schema\/person\/image\/\",\"url\":\"https:\/\/secure.gravatar.com\/avatar\/6126c9afb87b70da5abbb083ddbb21933da15f18f8ca7cb822aba0fb096a48f6?s=96&d=mm&r=g\",\"contentUrl\":\"https:\/\/secure.gravatar.com\/avatar\/6126c9afb87b70da5abbb083ddbb21933da15f18f8ca7cb822aba0fb096a48f6?s=96&d=mm&r=g\",\"caption\":\"Ondrej Ga\u0161par\"},\"url\":\"https:\/\/www.welovecycling.com\/sk\/author\/ondrejgaspar\/\"}]}<\/script>\n<!-- \/ Yoast SEO Premium plugin. -->","yoast_head_json":{"title":"Report\u00e1\u017e: AUTHOR \u0160koda Bikemarat\u00f3n S\u00fa\u013eovsk\u00e9 skaly \u2013 tro\u0161ku blata z\u00e1bavu nepokaz\u00ed - \u0160koda We Love Cycling Slovensko","robots":{"index":"index","follow":"follow","max-snippet":"max-snippet:-1","max-image-preview":"max-image-preview:large","max-video-preview":"max-video-preview:-1"},"canonical":"https:\/\/www.welovecycling.com\/sk\/2018\/07\/03\/reportaz-author-skoda-bikemaraton-sulovske-skaly-trosku-blata-zabavu-nepokazi\/","og_locale":"sk_SK","og_type":"article","og_title":"Report\u00e1\u017e: AUTHOR \u0160koda Bikemarat\u00f3n S\u00fa\u013eovsk\u00e9 skaly \u2013 tro\u0161ku blata z\u00e1bavu nepokaz\u00ed","og_description":"S\u00fa\u013eov u\u017e po jubilejn\u00fd dvadsiatykr\u00e1t hostil pretek\u00e1rov vo svojej kr\u00e1snej panor\u00e1me na tohtoro\u010dnom tre\u0165om kole \u0160koda BIKE OPEN TOUR. Ako [&hellip;]","og_url":"https:\/\/www.welovecycling.com\/sk\/2018\/07\/03\/reportaz-author-skoda-bikemaraton-sulovske-skaly-trosku-blata-zabavu-nepokazi\/","og_site_name":"\u0160koda We Love Cycling Slovensko","article_published_time":"2018-07-03T15:14:18+00:00","article_modified_time":"2018-07-17T15:20:12+00:00","og_image":[{"width":1375,"height":600,"url":"https:\/\/d2p6e6u75xmxt8.cloudfront.net\/4\/2018\/07\/1375x600_sulov-report.webp","type":"image\/webp"}],"author":"Ondrej Ga\u0161par","twitter_card":"summary_large_image","twitter_misc":{"Written by":"We Love Cycling","Est. reading time":"4 minutes"},"schema":{"@context":"https:\/\/schema.org","@graph":[{"@type":"WebPage","@id":"https:\/\/www.welovecycling.com\/sk\/2018\/07\/03\/reportaz-author-skoda-bikemaraton-sulovske-skaly-trosku-blata-zabavu-nepokazi\/","url":"https:\/\/www.welovecycling.com\/sk\/2018\/07\/03\/reportaz-author-skoda-bikemaraton-sulovske-skaly-trosku-blata-zabavu-nepokazi\/","name":"Report\u00e1\u017e: AUTHOR \u0160koda Bikemarat\u00f3n S\u00fa\u013eovsk\u00e9 skaly \u2013 tro\u0161ku blata z\u00e1bavu nepokaz\u00ed - \u0160koda We Love Cycling Slovensko","isPartOf":{"@id":"https:\/\/www.welovecycling.com\/sk\/#website"},"primaryImageOfPage":{"@id":"https:\/\/www.welovecycling.com\/sk\/2018\/07\/03\/reportaz-author-skoda-bikemaraton-sulovske-skaly-trosku-blata-zabavu-nepokazi\/#primaryimage"},"image":{"@id":"https:\/\/www.welovecycling.com\/sk\/2018\/07\/03\/reportaz-author-skoda-bikemaraton-sulovske-skaly-trosku-blata-zabavu-nepokazi\/#primaryimage"},"thumbnailUrl":"https:\/\/d2p6e6u75xmxt8.cloudfront.net\/4\/2018\/07\/1375x600_sulov-report.webp","datePublished":"2018-07-03T15:14:18+00:00","dateModified":"2018-07-17T15:20:12+00:00","author":{"@id":"https:\/\/www.welovecycling.com\/sk\/#\/schema\/person\/8ee09ba39b7e25b1870160aa5b3a89bc"},"breadcrumb":{"@id":"https:\/\/www.welovecycling.com\/sk\/2018\/07\/03\/reportaz-author-skoda-bikemaraton-sulovske-skaly-trosku-blata-zabavu-nepokazi\/#breadcrumb"},"inLanguage":"sk-SK","potentialAction":[{"@type":"ReadAction","target":["https:\/\/www.welovecycling.com\/sk\/2018\/07\/03\/reportaz-author-skoda-bikemaraton-sulovske-skaly-trosku-blata-zabavu-nepokazi\/"]}]},{"@type":"ImageObject","inLanguage":"sk-SK","@id":"https:\/\/www.welovecycling.com\/sk\/2018\/07\/03\/reportaz-author-skoda-bikemaraton-sulovske-skaly-trosku-blata-zabavu-nepokazi\/#primaryimage","url":"https:\/\/d2p6e6u75xmxt8.cloudfront.net\/4\/2018\/07\/1375x600_sulov-report.webp","contentUrl":"https:\/\/d2p6e6u75xmxt8.cloudfront.net\/4\/2018\/07\/1375x600_sulov-report.webp","width":1375,"height":600},{"@type":"BreadcrumbList","@id":"https:\/\/www.welovecycling.com\/sk\/2018\/07\/03\/reportaz-author-skoda-bikemaraton-sulovske-skaly-trosku-blata-zabavu-nepokazi\/#breadcrumb","itemListElement":[{"@type":"ListItem","position":1,"name":"Home","item":"https:\/\/www.welovecycling.com\/sk\/"},{"@type":"ListItem","position":2,"name":"Report\u00e1\u017e: AUTHOR \u0160koda Bikemarat\u00f3n S\u00fa\u013eovsk\u00e9 skaly \u2013 tro\u0161ku blata z\u00e1bavu nepokaz\u00ed"}]},{"@type":"WebSite","@id":"https:\/\/www.welovecycling.com\/sk\/#website","url":"https:\/\/www.welovecycling.com\/sk\/","name":"\u0160koda We Love Cycling Slovensko","description":"\u0160koda We Love Cycling Slovensko je v\u00e1\u0161 ka\u017edodenn\u00fd zdroj noviniek a in\u0161pir\u00e1cie z sveta cyklistiky","potentialAction":[{"@type":"SearchAction","target":{"@type":"EntryPoint","urlTemplate":"https:\/\/www.welovecycling.com\/sk\/?s={search_term_string}"},"query-input":{"@type":"PropertyValueSpecification","valueRequired":true,"valueName":"search_term_string"}}],"inLanguage":"sk-SK"},{"@type":"Person","@id":"https:\/\/www.welovecycling.com\/sk\/#\/schema\/person\/8ee09ba39b7e25b1870160aa5b3a89bc","name":"Ondrej Ga\u0161par","image":{"@type":"ImageObject","inLanguage":"sk-SK","@id":"https:\/\/www.welovecycling.com\/sk\/#\/schema\/person\/image\/","url":"https:\/\/secure.gravatar.com\/avatar\/6126c9afb87b70da5abbb083ddbb21933da15f18f8ca7cb822aba0fb096a48f6?s=96&d=mm&r=g","contentUrl":"https:\/\/secure.gravatar.com\/avatar\/6126c9afb87b70da5abbb083ddbb21933da15f18f8ca7cb822aba0fb096a48f6?s=96&d=mm&r=g","caption":"Ondrej Ga\u0161par"},"url":"https:\/\/www.welovecycling.com\/sk\/author\/ondrejgaspar\/"}]}},"_links":{"self":[{"href":"https:\/\/www.welovecycling.com\/sk\/wp-json\/wp\/v2\/posts\/3930","targetHints":{"allow":["GET"]}}],"collection":[{"href":"https:\/\/www.welovecycling.com\/sk\/wp-json\/wp\/v2\/posts"}],"about":[{"href":"https:\/\/www.welovecycling.com\/sk\/wp-json\/wp\/v2\/types\/post"}],"author":[{"embeddable":true,"href":"https:\/\/www.welovecycling.com\/sk\/wp-json\/wp\/v2\/users\/38"}],"replies":[{"embeddable":true,"href":"https:\/\/www.welovecycling.com\/sk\/wp-json\/wp\/v2\/comments?post=3930"}],"version-history":[{"count":2,"href":"https:\/\/www.welovecycling.com\/sk\/wp-json\/wp\/v2\/posts\/3930\/revisions"}],"predecessor-version":[{"id":4209,"href":"https:\/\/www.welovecycling.com\/sk\/wp-json\/wp\/v2\/posts\/3930\/revisions\/4209"}],"wp:featuredmedia":[{"embeddable":true,"href":"https:\/\/www.welovecycling.com\/sk\/wp-json\/wp\/v2\/media\/4208"}],"wp:attachment":[{"href":"https:\/\/www.welovecycling.com\/sk\/wp-json\/wp\/v2\/media?parent=3930"}],"wp:term":[{"taxonomy":"category","embeddable":true,"href":"https:\/\/www.welovecycling.com\/sk\/wp-json\/wp\/v2\/categories?post=3930"},{"taxonomy":"post_tag","embeddable":true,"href":"https:\/\/www.welovecycling.com\/sk\/wp-json\/wp\/v2\/tags?post=3930"},{"taxonomy":"global-categories","embeddable":true,"href":"https:\/\/www.welovecycling.com\/sk\/wp-json\/wp\/v2\/global-categories?post=3930"}],"curies":[{"name":"wp","href":"https:\/\/api.w.org\/{rel}","templated":true}]}}