{"id":3926,"date":"2018-06-19T13:04:08","date_gmt":"2018-06-19T11:04:08","guid":{"rendered":"https:\/\/www.welovecycling.com\/sk\/?p=3926"},"modified":"2018-06-28T16:48:53","modified_gmt":"2018-06-28T14:48:53","slug":"niekde-nad-sulovom","status":"publish","type":"post","link":"https:\/\/www.welovecycling.com\/sk\/2018\/06\/19\/niekde-nad-sulovom\/","title":{"rendered":"Niekde nad S\u00fa\u013eovom"},"content":{"rendered":"<p><strong>U\u017e po\u010das predch\u00e1dzaj\u00facich pretekoch som po\u010d\u00faval o tom, \u017ee v S\u00fa\u013eove je najkraj\u0161\u00ed marat\u00f3n zo s\u00e9rie \u0160koda BIKE OPEN TOUR. Dokonca som po\u010dul, \u017ee je tam najkraj\u0161ie prostredie a najlep\u0161ie cesti\u010dky pre horsk\u00fa cyklistiku.<\/strong><br \/>\n<!--more--><br \/>\nKe\u010f som pozeral internetov\u00e9 str\u00e1nky, tak som zistil, \u017ee \u013eudia tu skuto\u010dne robia kr\u00e1sne traily a aj sa o to staraj\u00fa.<\/p>\n<p>Ve\u013emi som sa teda te\u0161il. Napl\u00e1noval som si trasu a zobral auto. U\u017e tu m\u00f4\u017eem da\u0165 praktick\u00fa radu: parkovisk\u00e1 s\u00fa platen\u00e9. Ni\u017e\u0161ie v obci S\u00fa\u013eov &#8211; Hradn\u00e1, by mal by\u0165 \u010dlovek, \u010do vyber\u00e1 poplatok. V centre obce sa d\u00e1 k\u00fapi\u0165 st\u00e1tie na obecnom \u00farade. Zvl\u00e1\u0161tne rie\u0161enie, ale l\u00edsto\u010dek som mal za min\u00fatku a mohol som spokojne bikova\u0165. \ud83d\ude42<\/p>\n<h2><strong>Po zelenej (\u017eltej) na Lietavsk\u00fd hrad<\/strong><\/h2>\n<p>Hne\u010f po vysadnut\u00ed na bike pri\u0161iel ve\u013ek\u00fd probl\u00e9m &#8211; moja GPS trasa sa mi zle ulo\u017eila a zmizla. I\u0161iel som teda za nosom pod\u013ea cedul\u00ed. Za nosom a pred b\u00farkou. Na jednej \u010dasti obce toti\u017e z\u00faril d\u00e1\u017e\u010f &#8211; tak som i\u0161iel smerom na Lietavsk\u00fd hrad. M\u00ed\u0148al som cestu, kde bolo na st\u013ape s\u00edce modr\u00e9 \u201eC-\u00e9\u010dko\u201c, ktor\u00e9 malo vies\u0165 na cyklistick\u00fa trasu, ale bolo pre\u010diarknut\u00e9. Tak som sa b\u00e1l, \u017ee t\u00e1 trasa je teda neprechodn\u00e1 a pokra\u010doval som \u010falej a\u017e von z obce. Tam so narazil na zna\u010denie zelenej cyklotrasy.<\/p>\n<figure id=\"attachment_3895\" aria-describedby=\"caption-attachment-3895\" style=\"width: 1600px\" class=\"wp-caption alignnone\"><img loading=\"lazy\" decoding=\"async\" class=\"size-full wp-image-3895\" src=\"https:\/\/d2p6e6u75xmxt8.cloudfront.net\/4\/2018\/06\/sulov_02.JPG.jpg\" alt=\"\" width=\"1600\" height=\"1200\" \/><figcaption id=\"caption-attachment-3895\" class=\"wp-caption-text\">Na zelenej trase sa nestrat\u00edte \u2013 pre istotu v\u0161ak odpor\u00fa\u010dam ma\u0165 dobr\u00fa turistick\u00fa mapu.<\/figcaption><\/figure>\n<p>Kopec, l\u00faky, hlinist\u00e9 cesty, prekr\u00e1sne prostredie a bolo vidie\u0165, \u017ee sa \u013eudia o to staraj\u00fa \u2013 hotov\u00e1 fant\u00e1zia. Ja som i\u0161iel v \u201eobdob\u00ed da\u017e\u010fov\u201c. Zjazdoval som, liezol po blate, ale nesmierne som si to u\u017e\u00edval. Ob\u010das som vytiahol telef\u00f3n, kde m\u00e1m detailn\u00e9 mapy, aby so pokra\u010doval smerom na Lietavsk\u00fd hrad. Ve\u010f sa pozrite na fotky:<\/p>\n<figure id=\"attachment_3896\" aria-describedby=\"caption-attachment-3896\" style=\"width: 1600px\" class=\"wp-caption alignnone\"><img loading=\"lazy\" decoding=\"async\" class=\"size-full wp-image-3896\" src=\"https:\/\/d2p6e6u75xmxt8.cloudfront.net\/4\/2018\/06\/sulov_03.JPG.jpg\" alt=\"\" width=\"1600\" height=\"1200\" \/><figcaption id=\"caption-attachment-3896\" class=\"wp-caption-text\">A m\u00f4j dne\u0161n\u00fd par\u0165\u00e1k<\/figcaption><\/figure>\n<figure id=\"attachment_3897\" aria-describedby=\"caption-attachment-3897\" style=\"width: 1600px\" class=\"wp-caption alignnone\"><img loading=\"lazy\" decoding=\"async\" class=\"size-full wp-image-3897\" src=\"https:\/\/d2p6e6u75xmxt8.cloudfront.net\/4\/2018\/06\/sulov_04.JPG.jpg\" alt=\"\" width=\"1600\" height=\"1200\" \/><figcaption id=\"caption-attachment-3897\" class=\"wp-caption-text\">Tieto l\u00faky \u2013 to ja m\u00e1m ve\u013emi r\u00e1d.<\/figcaption><\/figure>\n<figure id=\"attachment_3898\" aria-describedby=\"caption-attachment-3898\" style=\"width: 1600px\" class=\"wp-caption alignnone\"><img loading=\"lazy\" decoding=\"async\" class=\"size-full wp-image-3898\" src=\"https:\/\/d2p6e6u75xmxt8.cloudfront.net\/4\/2018\/06\/sulov_05.JPG.jpg\" alt=\"\" width=\"1600\" height=\"1200\" \/><figcaption id=\"caption-attachment-3898\" class=\"wp-caption-text\">Tu je vidie\u0165, ako je cesta dokonale upratan\u00e1. Aj ke\u010f pr\u0161alo, tak blato sa tu netvorilo.<\/figcaption><\/figure>\n<figure id=\"attachment_3899\" aria-describedby=\"caption-attachment-3899\" style=\"width: 1600px\" class=\"wp-caption alignnone\"><img loading=\"lazy\" decoding=\"async\" class=\"size-full wp-image-3899\" src=\"https:\/\/d2p6e6u75xmxt8.cloudfront.net\/4\/2018\/06\/sulov_06.JPG.jpg\" alt=\"\" width=\"1600\" height=\"1200\" \/><figcaption id=\"caption-attachment-3899\" class=\"wp-caption-text\">Zelen\u00e1 trasa sa m\u00ed\u0148ala so \u017eltou turistickou trasou.<\/figcaption><\/figure>\n<p>Na Lietavsk\u00fd hrad som i\u0161iel po zelenej trase z Lietavskej Svinnej. Ide o trasu tak prudk\u00fa, \u017ee je n\u00e1ro\u010dn\u00e1 pre pe\u0161\u00edch turistov. Ja som si bicykel poctivo vytla\u010dil hore.<\/p>\n<figure id=\"attachment_3900\" aria-describedby=\"caption-attachment-3900\" style=\"width: 1600px\" class=\"wp-caption alignnone\"><img loading=\"lazy\" decoding=\"async\" class=\"size-full wp-image-3900\" src=\"https:\/\/d2p6e6u75xmxt8.cloudfront.net\/4\/2018\/06\/sulov_07.JPG.jpg\" alt=\"\" width=\"1600\" height=\"1200\" \/><figcaption id=\"caption-attachment-3900\" class=\"wp-caption-text\">Uzu\u010dk\u00e1 turistick\u00e1 trasa na hrad. \u010ealej bolo tak\u00e9 st\u00fapanie, \u017ee s n\u00edm mali probl\u00e9m aj pe\u0161\u00ed turisti.<\/figcaption><\/figure>\n<p>Hore u\u017e potom bola modr\u00e1 trasa, ktor\u00e1 je vo\u010di cyklistom nielen milosrdnej\u0161ia \u2013 ale pre milovn\u00edkov zjazdov a skuto\u010dn\u00e9ho ter\u00e9nu je to rozpr\u00e1vka.<\/p>\n<h2><strong>Lietavsk\u00fd hrad<\/strong><\/h2>\n<p>Na hrade som stretol p\u00e1r cyklistov, turistov a mnoho robotn\u00edkov, kor\u00ed pracuj\u00fa na tom, aby sa hrad pribl\u00ed\u017eil aspo\u0148 trochu k svojej p\u00f4vodnej kr\u00e1se.<\/p>\n<figure id=\"attachment_3901\" aria-describedby=\"caption-attachment-3901\" style=\"width: 1600px\" class=\"wp-caption alignnone\"><img loading=\"lazy\" decoding=\"async\" class=\"size-full wp-image-3901\" src=\"https:\/\/d2p6e6u75xmxt8.cloudfront.net\/4\/2018\/06\/sulov_08.JPG.jpg\" alt=\"\" width=\"1600\" height=\"1200\" \/><figcaption id=\"caption-attachment-3901\" class=\"wp-caption-text\">Smerovn\u00edk pri hrade<\/figcaption><\/figure>\n<p>Prostredie tam je kr\u00e1sne. Kazila mi to len b\u00farka, ktor\u00e1 sa valila smerom na m\u0148a.<\/p>\n<p>A hradn\u00e9 fotky:<\/p>\n<p><img loading=\"lazy\" decoding=\"async\" class=\"alignnone size-full wp-image-3903\" src=\"https:\/\/d2p6e6u75xmxt8.cloudfront.net\/4\/2018\/06\/sulov_10.JPG.jpg\" alt=\"\" width=\"1600\" height=\"1200\" \/><\/p>\n<p><img loading=\"lazy\" decoding=\"async\" class=\"alignnone size-full wp-image-3904\" src=\"https:\/\/d2p6e6u75xmxt8.cloudfront.net\/4\/2018\/06\/sulov_11.JPG.jpg\" alt=\"\" width=\"1600\" height=\"1200\" \/><\/p>\n<p><img loading=\"lazy\" decoding=\"async\" class=\"alignnone size-full wp-image-3905\" src=\"https:\/\/d2p6e6u75xmxt8.cloudfront.net\/4\/2018\/06\/sulov_12.JPG.jpg\" alt=\"\" width=\"1600\" height=\"1200\" \/><\/p>\n<p><img loading=\"lazy\" decoding=\"async\" class=\"alignnone size-full wp-image-3906\" src=\"https:\/\/d2p6e6u75xmxt8.cloudfront.net\/4\/2018\/06\/sulov_13.JPG.jpg\" alt=\"\" width=\"1600\" height=\"1200\" \/><\/p>\n<p>Z hradu som i\u0161iel u\u017e po spomenutej modrej trase \u2013 zjazd som si neskuto\u010dne u\u017eil. Odpor\u00fa\u010dam v\u0161ak ma\u0165 dobr\u00e9 mapy, minim\u00e1lne v telef\u00f3ne s GPS. Ja som na jednej l\u00fake mierne zav\u00e1hal a musel som h\u013eada\u0165 trasu \u2013 ni\u010d hrozn\u00e9 sa nestalo, ale u\u017e sa skuto\u010dne hnala b\u00farka aj na m\u0148a, tak som \u0161vihal k autu ako to len i\u0161lo.<\/p>\n<p>Raz som sa oto\u010dil a za chrbtom som videl hrad v plnej par\u00e1de:<\/p>\n<p><img loading=\"lazy\" decoding=\"async\" class=\"alignnone size-full wp-image-3907\" src=\"https:\/\/d2p6e6u75xmxt8.cloudfront.net\/4\/2018\/06\/sulov_14.JPG.jpg\" alt=\"\" width=\"1600\" height=\"1200\" \/><\/p>\n<p>D\u00e1\u017e\u010f ma dobehol na Roh\u00e1\u010dsom sedle. Tu je k\u00fasok cesty kde vedie dokonca aj kr\u00ed\u017eov\u00e1 cesta. Ja som si v duchu hovoril, \u017ee ak\u00e9 je to pr\u00edhodn\u00e9. V sedle je v\u0161ak pr\u00edstre\u0161ok, kde som si teda na chv\u00ed\u013eu sadol.<\/p>\n<p>Z druhej strany sa zrazu vyr\u00fatil cyklista, ktor\u00fd mi hovoril, \u017ee u\u017e tr\u00e9nuje na \u0160koda BIKE OPEN TOUR. Op\u00fdtal sa, \u010di aj za mnou pr\u0161\u00ed a odporu\u010dil mi \u010fal\u0161ie cesty v okol\u00ed \u2013 ktor\u00e9 raz ur\u010dite prejdem! E\u0161te mi povedal, \u017ee ma \u010dak\u00e1 p\u00e1r pr\u00edjemn\u00fdch zjazdov a l\u00faka kde to poriadne \u0161m\u00fdka.<\/p>\n<p>A zjazd z tohto sedla bol fam\u00f3zny ako cel\u00fd \u010das v S\u00fa\u013eove. Pr\u00edjemn\u00e1 n\u00e1ro\u010dnos\u0165 \u2013 nie pr\u00edli\u0161 jednoduch\u00e9, ale ani pr\u00edli\u0161 zlo\u017eit\u00e9. Presne tak dobr\u00e9, aby \u010dlovek nasmeroval bicykel do z\u00e1kruty a po nej sa mohol usmia\u0165 nad t\u00fdm, \u017ee ako fajne to pre\u0161iel. Plus to mokro a mierne blato.<\/p>\n<p><img loading=\"lazy\" decoding=\"async\" class=\"alignnone size-full wp-image-3908\" src=\"https:\/\/d2p6e6u75xmxt8.cloudfront.net\/4\/2018\/06\/sulov_15.jpg\" alt=\"\" width=\"1600\" height=\"1200\" \/><\/p>\n<p>A\u017e som do\u0161iel na spomenut\u00fa l\u00faku, kde sa nach\u00e1dza obrovsk\u00e1 dreven\u00e1 \u201evec\u201c, ktor\u00e1 k S\u00fa\u013eovu u\u017e patr\u00ed. Ja sa prizn\u00e1m, \u017ee som na to zabudol a a\u017e som sa chytil za \u010delo, ke\u010f som to uvidel. Samozrejme som si tu urobil fotku aj ja s bicyklom. Keby ste to h\u013eadali na internete, tak to n\u00e1jdete pod pojmom: zrakov\u00e1 pyram\u00edda. Ur\u010dite si tu urobte fotku!<\/p>\n<figure id=\"attachment_3909\" aria-describedby=\"caption-attachment-3909\" style=\"width: 1600px\" class=\"wp-caption alignnone\"><img loading=\"lazy\" decoding=\"async\" class=\"wp-image-3909 size-full\" src=\"https:\/\/d2p6e6u75xmxt8.cloudfront.net\/4\/2018\/06\/sulov_16.jpg\" alt=\"\" width=\"1600\" height=\"1200\" \/><figcaption id=\"caption-attachment-3909\" class=\"wp-caption-text\">Z tejto l\u00faky som videl ako pr\u00e1ve niekto \u017eenie ovce na pa\u0161u.<\/figcaption><\/figure>\n<p>Zi\u0161iel som dole do dediny okolo st\u013apa na ktorom bolo pre\u010diarknut\u00e9 modr\u00e9 \u201eC\u00e9\u010dko\u201c. Usmial som sa. Takto som pre\u0161iel kr\u00e1sny okruh cez kr\u00e1sne lesy Str\u00e1\u017eovsk\u00fdch vrchov, bol som na Lietavskom hrade a po pravde som si u\u017eil aj ten d\u00e1\u017e\u010f.<\/p>\n<p>Moju trasu si m\u00f4\u017eete pozrie\u0165 tu:<\/p>\n<p><img loading=\"lazy\" decoding=\"async\" class=\"alignnone size-full wp-image-3910\" src=\"https:\/\/d2p6e6u75xmxt8.cloudfront.net\/4\/2018\/06\/sulov_17.png\" alt=\"\" width=\"1017\" height=\"745\" \/><\/p>\n<p>Alebo u m\u0148a na Strave: <a href=\"https:\/\/www.strava.com\/activities\/1621205788\" target=\"_blank\" rel=\"noopener\">https:\/\/www.strava.com\/activities\/1621205788<\/a><\/p>\n<p>Ur\u010dite si tu u\u017eije ka\u017ed\u00fd cyklista. Od sk\u00fasen\u00fdch borcov, \u010do tu tr\u00e9nuj\u00fa a\u017e po rodiny s de\u0165mi. Ve\u010f to prostredie je kr\u00e1sne, a aj keby niekto bicykel musel \u010dasto tla\u010di\u0165 do kopca, tak zjazdy si ur\u010dite aj tak u\u017eije. Toto miesto pon\u00faka kr\u00e1sne z\u00e1\u017eitky. Ja som tu bol len p\u00e1r hod\u00edn, ale presne kv\u00f4li tak\u00fdmto hodin\u00e1m milujem na\u0161u krajinu a s \u0148ou aj cyklistiku.<br \/>\nU\u017e sa te\u0161\u00edm na Stupavu. ?<\/p>\n","protected":false},"excerpt":{"rendered":"<p>U\u017e po\u010das predch\u00e1dzaj\u00facich pretekoch som po\u010d\u00faval o tom, \u017ee v S\u00fa\u013eove je najkraj\u0161\u00ed marat\u00f3n zo s\u00e9rie \u0160koda BIKE OPEN TOUR. [&hellip;]<\/p>\n","protected":false},"author":38,"featured_media":3970,"comment_status":"open","ping_status":"open","sticky":false,"template":"","format":"standard","meta":{"footnotes":""},"categories":[5,3,33],"tags":[403,454,455,485,484,35,114],"global-categories":[],"class_list":["post-3926","post","type-post","status-publish","format-standard","has-post-thumbnail","hentry","category-blog","category-mtb","category-sbot","tag-author-skoda-bikemaraton-sulovske-skaly","tag-juraj-lucan","tag-jurajcyklista","tag-lietavsky-hrad","tag-rohacske-sedlo","tag-sbot","tag-sulov"],"yoast_head":"<!-- This site is optimized with the Yoast SEO Premium plugin v25.3 (Yoast SEO v25.9) - https:\/\/yoast.com\/wordpress\/plugins\/seo\/ -->\n<title>Niekde nad S\u00fa\u013eovom - \u0160koda We Love Cycling Slovensko<\/title>\n<meta name=\"robots\" content=\"index, follow, max-snippet:-1, max-image-preview:large, max-video-preview:-1\" \/>\n<link rel=\"canonical\" href=\"https:\/\/www.welovecycling.com\/sk\/2018\/06\/19\/niekde-nad-sulovom\/\" \/>\n<meta property=\"og:locale\" content=\"sk_SK\" \/>\n<meta property=\"og:type\" content=\"article\" \/>\n<meta property=\"og:title\" content=\"Niekde nad S\u00fa\u013eovom\" \/>\n<meta property=\"og:description\" content=\"U\u017e po\u010das predch\u00e1dzaj\u00facich pretekoch som po\u010d\u00faval o tom, \u017ee v S\u00fa\u013eove je najkraj\u0161\u00ed marat\u00f3n zo s\u00e9rie \u0160koda BIKE OPEN TOUR. [&hellip;]\" \/>\n<meta property=\"og:url\" content=\"https:\/\/www.welovecycling.com\/sk\/2018\/06\/19\/niekde-nad-sulovom\/\" \/>\n<meta property=\"og:site_name\" content=\"\u0160koda We Love Cycling Slovensko\" \/>\n<meta property=\"article:published_time\" content=\"2018-06-19T11:04:08+00:00\" \/>\n<meta property=\"article:modified_time\" content=\"2018-06-28T14:48:53+00:00\" \/>\n<meta property=\"og:image\" content=\"https:\/\/d2p6e6u75xmxt8.cloudfront.net\/4\/2018\/06\/1375x600_sulov.webp\" \/>\n\t<meta property=\"og:image:width\" content=\"1375\" \/>\n\t<meta property=\"og:image:height\" content=\"600\" \/>\n\t<meta property=\"og:image:type\" content=\"image\/webp\" \/>\n<meta name=\"author\" content=\"Ondrej Ga\u0161par\" \/>\n<meta name=\"twitter:card\" content=\"summary_large_image\" \/>\n<meta name=\"twitter:label1\" content=\"Written by\" \/>\n\t<meta name=\"twitter:data1\" content=\"Juraj Lu\u010dan\" \/>\n\t<meta name=\"twitter:label2\" content=\"Est. reading time\" \/>\n\t<meta name=\"twitter:data2\" content=\"5 minutes\" \/>\n<script type=\"application\/ld+json\" class=\"yoast-schema-graph\">{\"@context\":\"https:\/\/schema.org\",\"@graph\":[{\"@type\":\"WebPage\",\"@id\":\"https:\/\/www.welovecycling.com\/sk\/2018\/06\/19\/niekde-nad-sulovom\/\",\"url\":\"https:\/\/www.welovecycling.com\/sk\/2018\/06\/19\/niekde-nad-sulovom\/\",\"name\":\"Niekde nad S\u00fa\u013eovom - \u0160koda We Love Cycling Slovensko\",\"isPartOf\":{\"@id\":\"https:\/\/www.welovecycling.com\/sk\/#website\"},\"primaryImageOfPage\":{\"@id\":\"https:\/\/www.welovecycling.com\/sk\/2018\/06\/19\/niekde-nad-sulovom\/#primaryimage\"},\"image\":{\"@id\":\"https:\/\/www.welovecycling.com\/sk\/2018\/06\/19\/niekde-nad-sulovom\/#primaryimage\"},\"thumbnailUrl\":\"https:\/\/d2p6e6u75xmxt8.cloudfront.net\/4\/2018\/06\/1375x600_sulov.webp\",\"datePublished\":\"2018-06-19T11:04:08+00:00\",\"dateModified\":\"2018-06-28T14:48:53+00:00\",\"author\":{\"@id\":\"https:\/\/www.welovecycling.com\/sk\/#\/schema\/person\/8ee09ba39b7e25b1870160aa5b3a89bc\"},\"breadcrumb\":{\"@id\":\"https:\/\/www.welovecycling.com\/sk\/2018\/06\/19\/niekde-nad-sulovom\/#breadcrumb\"},\"inLanguage\":\"sk-SK\",\"potentialAction\":[{\"@type\":\"ReadAction\",\"target\":[\"https:\/\/www.welovecycling.com\/sk\/2018\/06\/19\/niekde-nad-sulovom\/\"]}]},{\"@type\":\"ImageObject\",\"inLanguage\":\"sk-SK\",\"@id\":\"https:\/\/www.welovecycling.com\/sk\/2018\/06\/19\/niekde-nad-sulovom\/#primaryimage\",\"url\":\"https:\/\/d2p6e6u75xmxt8.cloudfront.net\/4\/2018\/06\/1375x600_sulov.webp\",\"contentUrl\":\"https:\/\/d2p6e6u75xmxt8.cloudfront.net\/4\/2018\/06\/1375x600_sulov.webp\",\"width\":1375,\"height\":600},{\"@type\":\"BreadcrumbList\",\"@id\":\"https:\/\/www.welovecycling.com\/sk\/2018\/06\/19\/niekde-nad-sulovom\/#breadcrumb\",\"itemListElement\":[{\"@type\":\"ListItem\",\"position\":1,\"name\":\"Home\",\"item\":\"https:\/\/www.welovecycling.com\/sk\/\"},{\"@type\":\"ListItem\",\"position\":2,\"name\":\"Niekde nad S\u00fa\u013eovom\"}]},{\"@type\":\"WebSite\",\"@id\":\"https:\/\/www.welovecycling.com\/sk\/#website\",\"url\":\"https:\/\/www.welovecycling.com\/sk\/\",\"name\":\"\u0160koda We Love Cycling Slovensko\",\"description\":\"\u0160koda We Love Cycling Slovensko je v\u00e1\u0161 ka\u017edodenn\u00fd zdroj noviniek a in\u0161pir\u00e1cie z sveta cyklistiky\",\"potentialAction\":[{\"@type\":\"SearchAction\",\"target\":{\"@type\":\"EntryPoint\",\"urlTemplate\":\"https:\/\/www.welovecycling.com\/sk\/?s={search_term_string}\"},\"query-input\":{\"@type\":\"PropertyValueSpecification\",\"valueRequired\":true,\"valueName\":\"search_term_string\"}}],\"inLanguage\":\"sk-SK\"},{\"@type\":\"Person\",\"@id\":\"https:\/\/www.welovecycling.com\/sk\/#\/schema\/person\/8ee09ba39b7e25b1870160aa5b3a89bc\",\"name\":\"Ondrej Ga\u0161par\",\"image\":{\"@type\":\"ImageObject\",\"inLanguage\":\"sk-SK\",\"@id\":\"https:\/\/www.welovecycling.com\/sk\/#\/schema\/person\/image\/\",\"url\":\"https:\/\/secure.gravatar.com\/avatar\/6126c9afb87b70da5abbb083ddbb21933da15f18f8ca7cb822aba0fb096a48f6?s=96&d=mm&r=g\",\"contentUrl\":\"https:\/\/secure.gravatar.com\/avatar\/6126c9afb87b70da5abbb083ddbb21933da15f18f8ca7cb822aba0fb096a48f6?s=96&d=mm&r=g\",\"caption\":\"Ondrej Ga\u0161par\"},\"url\":\"https:\/\/www.welovecycling.com\/sk\/author\/ondrejgaspar\/\"}]}<\/script>\n<!-- \/ Yoast SEO Premium plugin. -->","yoast_head_json":{"title":"Niekde nad S\u00fa\u013eovom - \u0160koda We Love Cycling Slovensko","robots":{"index":"index","follow":"follow","max-snippet":"max-snippet:-1","max-image-preview":"max-image-preview:large","max-video-preview":"max-video-preview:-1"},"canonical":"https:\/\/www.welovecycling.com\/sk\/2018\/06\/19\/niekde-nad-sulovom\/","og_locale":"sk_SK","og_type":"article","og_title":"Niekde nad S\u00fa\u013eovom","og_description":"U\u017e po\u010das predch\u00e1dzaj\u00facich pretekoch som po\u010d\u00faval o tom, \u017ee v S\u00fa\u013eove je najkraj\u0161\u00ed marat\u00f3n zo s\u00e9rie \u0160koda BIKE OPEN TOUR. [&hellip;]","og_url":"https:\/\/www.welovecycling.com\/sk\/2018\/06\/19\/niekde-nad-sulovom\/","og_site_name":"\u0160koda We Love Cycling Slovensko","article_published_time":"2018-06-19T11:04:08+00:00","article_modified_time":"2018-06-28T14:48:53+00:00","og_image":[{"width":1375,"height":600,"url":"https:\/\/d2p6e6u75xmxt8.cloudfront.net\/4\/2018\/06\/1375x600_sulov.webp","type":"image\/webp"}],"author":"Ondrej Ga\u0161par","twitter_card":"summary_large_image","twitter_misc":{"Written by":"Juraj Lu\u010dan","Est. reading time":"5 minutes"},"schema":{"@context":"https:\/\/schema.org","@graph":[{"@type":"WebPage","@id":"https:\/\/www.welovecycling.com\/sk\/2018\/06\/19\/niekde-nad-sulovom\/","url":"https:\/\/www.welovecycling.com\/sk\/2018\/06\/19\/niekde-nad-sulovom\/","name":"Niekde nad S\u00fa\u013eovom - \u0160koda We Love Cycling Slovensko","isPartOf":{"@id":"https:\/\/www.welovecycling.com\/sk\/#website"},"primaryImageOfPage":{"@id":"https:\/\/www.welovecycling.com\/sk\/2018\/06\/19\/niekde-nad-sulovom\/#primaryimage"},"image":{"@id":"https:\/\/www.welovecycling.com\/sk\/2018\/06\/19\/niekde-nad-sulovom\/#primaryimage"},"thumbnailUrl":"https:\/\/d2p6e6u75xmxt8.cloudfront.net\/4\/2018\/06\/1375x600_sulov.webp","datePublished":"2018-06-19T11:04:08+00:00","dateModified":"2018-06-28T14:48:53+00:00","author":{"@id":"https:\/\/www.welovecycling.com\/sk\/#\/schema\/person\/8ee09ba39b7e25b1870160aa5b3a89bc"},"breadcrumb":{"@id":"https:\/\/www.welovecycling.com\/sk\/2018\/06\/19\/niekde-nad-sulovom\/#breadcrumb"},"inLanguage":"sk-SK","potentialAction":[{"@type":"ReadAction","target":["https:\/\/www.welovecycling.com\/sk\/2018\/06\/19\/niekde-nad-sulovom\/"]}]},{"@type":"ImageObject","inLanguage":"sk-SK","@id":"https:\/\/www.welovecycling.com\/sk\/2018\/06\/19\/niekde-nad-sulovom\/#primaryimage","url":"https:\/\/d2p6e6u75xmxt8.cloudfront.net\/4\/2018\/06\/1375x600_sulov.webp","contentUrl":"https:\/\/d2p6e6u75xmxt8.cloudfront.net\/4\/2018\/06\/1375x600_sulov.webp","width":1375,"height":600},{"@type":"BreadcrumbList","@id":"https:\/\/www.welovecycling.com\/sk\/2018\/06\/19\/niekde-nad-sulovom\/#breadcrumb","itemListElement":[{"@type":"ListItem","position":1,"name":"Home","item":"https:\/\/www.welovecycling.com\/sk\/"},{"@type":"ListItem","position":2,"name":"Niekde nad S\u00fa\u013eovom"}]},{"@type":"WebSite","@id":"https:\/\/www.welovecycling.com\/sk\/#website","url":"https:\/\/www.welovecycling.com\/sk\/","name":"\u0160koda We Love Cycling Slovensko","description":"\u0160koda We Love Cycling Slovensko je v\u00e1\u0161 ka\u017edodenn\u00fd zdroj noviniek a in\u0161pir\u00e1cie z sveta cyklistiky","potentialAction":[{"@type":"SearchAction","target":{"@type":"EntryPoint","urlTemplate":"https:\/\/www.welovecycling.com\/sk\/?s={search_term_string}"},"query-input":{"@type":"PropertyValueSpecification","valueRequired":true,"valueName":"search_term_string"}}],"inLanguage":"sk-SK"},{"@type":"Person","@id":"https:\/\/www.welovecycling.com\/sk\/#\/schema\/person\/8ee09ba39b7e25b1870160aa5b3a89bc","name":"Ondrej Ga\u0161par","image":{"@type":"ImageObject","inLanguage":"sk-SK","@id":"https:\/\/www.welovecycling.com\/sk\/#\/schema\/person\/image\/","url":"https:\/\/secure.gravatar.com\/avatar\/6126c9afb87b70da5abbb083ddbb21933da15f18f8ca7cb822aba0fb096a48f6?s=96&d=mm&r=g","contentUrl":"https:\/\/secure.gravatar.com\/avatar\/6126c9afb87b70da5abbb083ddbb21933da15f18f8ca7cb822aba0fb096a48f6?s=96&d=mm&r=g","caption":"Ondrej Ga\u0161par"},"url":"https:\/\/www.welovecycling.com\/sk\/author\/ondrejgaspar\/"}]}},"_links":{"self":[{"href":"https:\/\/www.welovecycling.com\/sk\/wp-json\/wp\/v2\/posts\/3926","targetHints":{"allow":["GET"]}}],"collection":[{"href":"https:\/\/www.welovecycling.com\/sk\/wp-json\/wp\/v2\/posts"}],"about":[{"href":"https:\/\/www.welovecycling.com\/sk\/wp-json\/wp\/v2\/types\/post"}],"author":[{"embeddable":true,"href":"https:\/\/www.welovecycling.com\/sk\/wp-json\/wp\/v2\/users\/38"}],"replies":[{"embeddable":true,"href":"https:\/\/www.welovecycling.com\/sk\/wp-json\/wp\/v2\/comments?post=3926"}],"version-history":[{"count":2,"href":"https:\/\/www.welovecycling.com\/sk\/wp-json\/wp\/v2\/posts\/3926\/revisions"}],"predecessor-version":[{"id":3974,"href":"https:\/\/www.welovecycling.com\/sk\/wp-json\/wp\/v2\/posts\/3926\/revisions\/3974"}],"wp:featuredmedia":[{"embeddable":true,"href":"https:\/\/www.welovecycling.com\/sk\/wp-json\/wp\/v2\/media\/3970"}],"wp:attachment":[{"href":"https:\/\/www.welovecycling.com\/sk\/wp-json\/wp\/v2\/media?parent=3926"}],"wp:term":[{"taxonomy":"category","embeddable":true,"href":"https:\/\/www.welovecycling.com\/sk\/wp-json\/wp\/v2\/categories?post=3926"},{"taxonomy":"post_tag","embeddable":true,"href":"https:\/\/www.welovecycling.com\/sk\/wp-json\/wp\/v2\/tags?post=3926"},{"taxonomy":"global-categories","embeddable":true,"href":"https:\/\/www.welovecycling.com\/sk\/wp-json\/wp\/v2\/global-categories?post=3926"}],"curies":[{"name":"wp","href":"https:\/\/api.w.org\/{rel}","templated":true}]}}