{"id":3912,"date":"2018-06-22T10:00:19","date_gmt":"2018-06-22T08:00:19","guid":{"rendered":"https:\/\/www.welovecycling.com\/sk\/?p=3912"},"modified":"2023-04-20T09:48:09","modified_gmt":"2023-04-20T07:48:09","slug":"plan-na-vikend-s-rodinkou-do-sulova","status":"publish","type":"post","link":"https:\/\/www.welovecycling.com\/sk\/2018\/06\/22\/plan-na-vikend-s-rodinkou-do-sulova\/","title":{"rendered":"M\u00e1te pl\u00e1n na v\u00edkend? Pr\u00ed\u010fte s celou rodinkou do S\u00fa\u013eova"},"content":{"rendered":"<p><strong>U\u017e t\u00fato sobotu sa v kr\u00e1snej pr\u00edrode S\u00fa\u013eovsk\u00fdch sk\u00e1l odohr\u00e1 20. ro\u010dn\u00edk AUTHOR \u0160koda Bikemarat\u00f3nu S\u00fa\u013eovsk\u00e9 skaly, ktor\u00fd je tret\u00edm kolom tohtoro\u010dnej s\u00e9rie \u0160koda BIKE OPEN TOUR.<\/strong><!--more--><\/p>\n<p><a href=\"https:\/\/d2p6e6u75xmxt8.cloudfront.net\/4\/2018\/06\/01-2.jpg\"><img loading=\"lazy\" decoding=\"async\" class=\"alignnone size-full wp-image-3914\" src=\"https:\/\/d2p6e6u75xmxt8.cloudfront.net\/4\/2018\/06\/01-2.jpg\" alt=\"\" width=\"1200\" height=\"800\" \/><\/a><\/p>\n<p>Na pretek\u00e1rov \u010dakaj\u00fa <strong>\u0161tyri verzie trat\u00ed<\/strong>, tak\u017ee si vyberie naozaj ka\u017ed\u00fd. Ak\u00fd priebeh mal minul\u00fd ro\u010dn\u00edk, si m\u00f4\u017eete pre\u010d\u00edta\u0165 v <a href=\"https:\/\/www.welovecycling.com\/sk\/2017\/06\/28\/reportaz-author-skoda-bikemaraton-sulovske-skaly-vyborna-trat-este-vacsia-zabava\/\">na\u0161ej report\u00e1\u017ei<\/a>.<\/p>\n<lite-youtube videoid=yVY3wv59CJg params=\"enablejsapi=1\" style=\"background-image: url('https:\/\/i.ytimg.com\/vi_webp\/yVY3wv59CJg\/maxresdefault.webp');\"><\/lite-youtube>\n<p>Op\u00e4\u0165 sa m\u00f4\u017eete te\u0161i\u0165 na podujatie, ktor\u00e9 sa postar\u00e1 <strong>o z\u00e1bavu celej va\u0161ej rodiny<\/strong>. K\u00fdm vy budete zdol\u00e1va\u0165 ter\u00e9n S\u00fa\u013eovsk\u00fdch sk\u00e1l, pre v\u00e1\u0161 \u201efunclub\u201c bude zabezpe\u010den\u00fd pestr\u00fd sprievodn\u00fd program. Pre deti bude k dispoz\u00edcii nafukovac\u00ed hrad a \u0161m\u00fdka\u010dka, kde sa m\u00f4\u017eu zvesela vybl\u00e1zni\u0165. Kreat\u00edvna detsk\u00e1 z\u00f3na ich zamestn\u00e1 pri kreslen\u00ed \u010di hre so stavebnicami. A ako by to na akcii \u0160BOT vyzeralo, keby ch\u00fdbalo tradi\u010dn\u00e9 ma\u013eovanie na tv\u00e1r, v\u010faka ktor\u00e9mu sa de\u0165om spln\u00ed sen o nejednej rozpr\u00e1vkovej postavi\u010dke?<\/p>\n<div data-rows=\"1\" id='gallery-1' class='gallery-rows-1 gallery galleryid-3912 gallery-columns-2 gallery-size-full'><figure class='gallery-item'>\n\t\t\t<div class='gallery-icon landscape'>\n\t\t\t\t<a href='https:\/\/d2p6e6u75xmxt8.cloudfront.net\/4\/2018\/06\/02-2.webp'><img loading=\"lazy\" decoding=\"async\" width=\"1200\" height=\"800\" src=\"https:\/\/d2p6e6u75xmxt8.cloudfront.net\/4\/2018\/06\/02-2.webp\" class=\"attachment-full size-full\" alt=\"\" srcset=\"https:\/\/d2p6e6u75xmxt8.cloudfront.net\/4\/2018\/06\/02-2.webp 1200w, https:\/\/d2p6e6u75xmxt8.cloudfront.net\/4\/2018\/06\/02-2-300x200.webp 300w, https:\/\/d2p6e6u75xmxt8.cloudfront.net\/4\/2018\/06\/02-2-1024x683.webp 1024w, https:\/\/d2p6e6u75xmxt8.cloudfront.net\/4\/2018\/06\/02-2-768x512.webp 768w, https:\/\/d2p6e6u75xmxt8.cloudfront.net\/4\/2018\/06\/02-2-272x182.webp 272w\" sizes=\"auto, (max-width: 1200px) 100vw, 1200px\" \/><\/a>\n\t\t\t<\/div><\/figure><figure class='gallery-item'>\n\t\t\t<div class='gallery-icon landscape'>\n\t\t\t\t<a href='https:\/\/d2p6e6u75xmxt8.cloudfront.net\/4\/2018\/06\/03-3.webp'><img loading=\"lazy\" decoding=\"async\" width=\"1200\" height=\"800\" src=\"https:\/\/d2p6e6u75xmxt8.cloudfront.net\/4\/2018\/06\/03-3.webp\" class=\"attachment-full size-full\" alt=\"\" srcset=\"https:\/\/d2p6e6u75xmxt8.cloudfront.net\/4\/2018\/06\/03-3.webp 1200w, https:\/\/d2p6e6u75xmxt8.cloudfront.net\/4\/2018\/06\/03-3-300x200.webp 300w, https:\/\/d2p6e6u75xmxt8.cloudfront.net\/4\/2018\/06\/03-3-1024x683.webp 1024w, https:\/\/d2p6e6u75xmxt8.cloudfront.net\/4\/2018\/06\/03-3-768x512.webp 768w, https:\/\/d2p6e6u75xmxt8.cloudfront.net\/4\/2018\/06\/03-3-272x182.webp 272w\" sizes=\"auto, (max-width: 1200px) 100vw, 1200px\" \/><\/a>\n\t\t\t<\/div><\/figure>\n\t\t<\/div>\n        \n<p>O pr\u00edjemn\u00fa atmosf\u00e9ru sa po\u010das cel\u00e9ho d\u0148a postar\u00e1 aj ob\u013e\u00faben\u00fd chlpat\u00fd maskot, ktor\u00fd sa r\u00e1d odfot\u00ed so v\u0161etk\u00fdmi de\u0165mi aj dospel\u00e1kmi. Ani v S\u00fa\u013eove nebude ch\u00fdba\u0165 tohtoro\u010dn\u00e1 novinka v podobe <strong>kreslenia na automobil \u0160koda KAROQ<\/strong>, ktor\u00e1 \u017ene obrovsk\u00fd \u00faspech.<\/p>\n<div data-rows=\"1\" id='gallery-2' class='gallery-rows-1 gallery galleryid-3912 gallery-columns-2 gallery-size-full'><figure class='gallery-item'>\n\t\t\t<div class='gallery-icon landscape'>\n\t\t\t\t<a href='https:\/\/d2p6e6u75xmxt8.cloudfront.net\/4\/2018\/06\/04-3.webp'><img loading=\"lazy\" decoding=\"async\" width=\"1200\" height=\"800\" src=\"https:\/\/d2p6e6u75xmxt8.cloudfront.net\/4\/2018\/06\/04-3.webp\" class=\"attachment-full size-full\" alt=\"\" srcset=\"https:\/\/d2p6e6u75xmxt8.cloudfront.net\/4\/2018\/06\/04-3.webp 1200w, https:\/\/d2p6e6u75xmxt8.cloudfront.net\/4\/2018\/06\/04-3-300x200.webp 300w, https:\/\/d2p6e6u75xmxt8.cloudfront.net\/4\/2018\/06\/04-3-1024x683.webp 1024w, https:\/\/d2p6e6u75xmxt8.cloudfront.net\/4\/2018\/06\/04-3-768x512.webp 768w, https:\/\/d2p6e6u75xmxt8.cloudfront.net\/4\/2018\/06\/04-3-272x182.webp 272w\" sizes=\"auto, (max-width: 1200px) 100vw, 1200px\" \/><\/a>\n\t\t\t<\/div><\/figure><figure class='gallery-item'>\n\t\t\t<div class='gallery-icon landscape'>\n\t\t\t\t<a href='https:\/\/d2p6e6u75xmxt8.cloudfront.net\/4\/2018\/06\/05-2.webp'><img loading=\"lazy\" decoding=\"async\" width=\"1200\" height=\"800\" src=\"https:\/\/d2p6e6u75xmxt8.cloudfront.net\/4\/2018\/06\/05-2.webp\" class=\"attachment-full size-full\" alt=\"\" srcset=\"https:\/\/d2p6e6u75xmxt8.cloudfront.net\/4\/2018\/06\/05-2.webp 1200w, https:\/\/d2p6e6u75xmxt8.cloudfront.net\/4\/2018\/06\/05-2-300x200.webp 300w, https:\/\/d2p6e6u75xmxt8.cloudfront.net\/4\/2018\/06\/05-2-1024x683.webp 1024w, https:\/\/d2p6e6u75xmxt8.cloudfront.net\/4\/2018\/06\/05-2-768x512.webp 768w, https:\/\/d2p6e6u75xmxt8.cloudfront.net\/4\/2018\/06\/05-2-272x182.webp 272w\" sizes=\"auto, (max-width: 1200px) 100vw, 1200px\" \/><\/a>\n\t\t\t<\/div><\/figure>\n\t\t<\/div>\n        \n<p>Na najmen\u0161ie ratolesti \u010dak\u00e1 <strong>detsk\u00e1 \u0161tafeta<\/strong>, v ktorej si m\u00f4\u017eu zas\u00fa\u0165a\u017ei\u0165 so svojimi rovesn\u00edkmi. Ak sa pod\u013ea vzoru z minul\u00e9ho ro\u010dn\u00edka zopakuje hor\u00face slne\u010dn\u00e9 po\u010dasie, tak We Love Cycling z\u00f3na s tulivakmi posl\u00fa\u017ei ako ide\u00e1lne miesto na oddych v tieni. Rovnako ochr\u00e1ni pred pr\u00edpadn\u00fdm da\u017e\u010fom, ktor\u00fd ale ur\u010dite nechceme privol\u00e1va\u0165 :).<\/p>\n<p><a href=\"https:\/\/d2p6e6u75xmxt8.cloudfront.net\/4\/2018\/06\/07-1.jpg\"><img loading=\"lazy\" decoding=\"async\" class=\"alignnone size-full wp-image-3919\" src=\"https:\/\/d2p6e6u75xmxt8.cloudfront.net\/4\/2018\/06\/07-1.jpg\" alt=\"\" width=\"1200\" height=\"800\" \/><\/a><\/p>\n<p>Atmosf\u00e9ru zn\u00e1sob\u00ed \u017eiv\u00e1 hudba a pr\u00edjemnou bodkou bude u\u017e tradi\u010dne <strong>bohat\u00e1 tombola<\/strong>. Na konci celej s\u00e9rie je pripraven\u00e1 fin\u00e1lna tombola. Podmienkou pre zaradenie do nej je \u00faspe\u0161n\u00e9 absolvovanie minim\u00e1lne 4 pretekov z celej \u0160koda BIKE OPEN TOUR s\u00e9rie.<\/p>\n<div data-rows=\"1\" id='gallery-3' class='gallery-rows-1 gallery galleryid-3912 gallery-columns-2 gallery-size-full'><figure class='gallery-item'>\n\t\t\t<div class='gallery-icon landscape'>\n\t\t\t\t<a href='https:\/\/d2p6e6u75xmxt8.cloudfront.net\/4\/2018\/06\/08-1.webp'><img loading=\"lazy\" decoding=\"async\" width=\"1200\" height=\"800\" src=\"https:\/\/d2p6e6u75xmxt8.cloudfront.net\/4\/2018\/06\/08-1.webp\" class=\"attachment-full size-full\" alt=\"\" srcset=\"https:\/\/d2p6e6u75xmxt8.cloudfront.net\/4\/2018\/06\/08-1.webp 1200w, https:\/\/d2p6e6u75xmxt8.cloudfront.net\/4\/2018\/06\/08-1-300x200.webp 300w, https:\/\/d2p6e6u75xmxt8.cloudfront.net\/4\/2018\/06\/08-1-1024x683.webp 1024w, https:\/\/d2p6e6u75xmxt8.cloudfront.net\/4\/2018\/06\/08-1-768x512.webp 768w, https:\/\/d2p6e6u75xmxt8.cloudfront.net\/4\/2018\/06\/08-1-272x182.webp 272w\" sizes=\"auto, (max-width: 1200px) 100vw, 1200px\" \/><\/a>\n\t\t\t<\/div><\/figure><figure class='gallery-item'>\n\t\t\t<div class='gallery-icon landscape'>\n\t\t\t\t<a href='https:\/\/d2p6e6u75xmxt8.cloudfront.net\/4\/2018\/06\/09-1.webp'><img loading=\"lazy\" decoding=\"async\" width=\"1200\" height=\"800\" src=\"https:\/\/d2p6e6u75xmxt8.cloudfront.net\/4\/2018\/06\/09-1.webp\" class=\"attachment-full size-full\" alt=\"\" srcset=\"https:\/\/d2p6e6u75xmxt8.cloudfront.net\/4\/2018\/06\/09-1.webp 1200w, https:\/\/d2p6e6u75xmxt8.cloudfront.net\/4\/2018\/06\/09-1-300x200.webp 300w, https:\/\/d2p6e6u75xmxt8.cloudfront.net\/4\/2018\/06\/09-1-1024x683.webp 1024w, https:\/\/d2p6e6u75xmxt8.cloudfront.net\/4\/2018\/06\/09-1-768x512.webp 768w, https:\/\/d2p6e6u75xmxt8.cloudfront.net\/4\/2018\/06\/09-1-272x182.webp 272w\" sizes=\"auto, (max-width: 1200px) 100vw, 1200px\" \/><\/a>\n\t\t\t<\/div><\/figure>\n\t\t<\/div>\n        \n<p>Sobota v S\u00fa\u013eove sa bude teda nies\u0165 v znamen\u00ed skvelej \u0161portovej atmosf\u00e9ry. Nev\u00e1hajte a pr\u00ed\u010fte ju za\u017ei\u0165 s celou svojou rodinou.<\/p>\n","protected":false},"excerpt":{"rendered":"<p>U\u017e t\u00fato sobotu sa v kr\u00e1snej pr\u00edrode S\u00fa\u013eovsk\u00fdch sk\u00e1l odohr\u00e1 20. ro\u010dn\u00edk AUTHOR \u0160koda Bikemarat\u00f3nu S\u00fa\u013eovsk\u00e9 skaly, ktor\u00fd je tret\u00edm [&hellip;]<\/p>\n","protected":false},"author":38,"featured_media":3913,"comment_status":"open","ping_status":"open","sticky":false,"template":"","format":"standard","meta":{"footnotes":""},"categories":[51,3,34,33],"tags":[403,450,53,180,178,412,179,35,77,468,92,114],"global-categories":[],"class_list":["post-3912","post","type-post","status-publish","format-standard","has-post-thumbnail","hentry","category-deti-na-bicykloch","category-mtb","category-podujatia","category-sbot","tag-author-skoda-bikemaraton-sulovske-skaly","tag-cyklo-guru","tag-deti","tag-horska-cyklistika","tag-maraton","tag-mtb","tag-preteky","tag-sbot","tag-skoda-dedina","tag-skoda-karoq","tag-skoda-tim","tag-sulov"],"yoast_head":"<!-- This site is optimized with the Yoast SEO Premium plugin v25.3 (Yoast SEO v25.9) - https:\/\/yoast.com\/wordpress\/plugins\/seo\/ -->\n<title>M\u00e1te pl\u00e1n na v\u00edkend? Pr\u00ed\u010fte s celou rodinkou do S\u00fa\u013eova<\/title>\n<meta name=\"description\" content=\"U\u017e t\u00fato sobotu sa v kr\u00e1snej pr\u00edrode S\u00fa\u013eovsk\u00fdch sk\u00e1l odohr\u00e1 20. ro\u010dn\u00edk AUTHOR \u0160koda Bikemarat\u00f3nu S\u00fa\u013eovsk\u00e9 skaly.\" \/>\n<meta name=\"robots\" content=\"index, follow, max-snippet:-1, max-image-preview:large, max-video-preview:-1\" \/>\n<link rel=\"canonical\" href=\"https:\/\/www.welovecycling.com\/sk\/2018\/06\/22\/plan-na-vikend-s-rodinkou-do-sulova\/\" \/>\n<meta property=\"og:locale\" content=\"sk_SK\" \/>\n<meta property=\"og:type\" content=\"article\" \/>\n<meta property=\"og:title\" content=\"M\u00e1te pl\u00e1n na v\u00edkend? Pr\u00ed\u010fte s celou rodinkou do S\u00fa\u013eova\" \/>\n<meta property=\"og:description\" content=\"U\u017e t\u00fato sobotu sa v kr\u00e1snej pr\u00edrode S\u00fa\u013eovsk\u00fdch sk\u00e1l odohr\u00e1 20. ro\u010dn\u00edk AUTHOR \u0160koda Bikemarat\u00f3nu S\u00fa\u013eovsk\u00e9 skaly.\" \/>\n<meta property=\"og:url\" content=\"https:\/\/www.welovecycling.com\/sk\/2018\/06\/22\/plan-na-vikend-s-rodinkou-do-sulova\/\" \/>\n<meta property=\"og:site_name\" content=\"\u0160koda We Love Cycling Slovensko\" \/>\n<meta property=\"article:published_time\" content=\"2018-06-22T08:00:19+00:00\" \/>\n<meta property=\"article:modified_time\" content=\"2023-04-20T07:48:09+00:00\" \/>\n<meta property=\"og:image\" content=\"https:\/\/d2p6e6u75xmxt8.cloudfront.net\/4\/2018\/06\/titulka-1.webp\" \/>\n\t<meta property=\"og:image:width\" content=\"1375\" \/>\n\t<meta property=\"og:image:height\" content=\"600\" \/>\n\t<meta property=\"og:image:type\" content=\"image\/webp\" \/>\n<meta name=\"author\" content=\"Ondrej Ga\u0161par\" \/>\n<meta name=\"twitter:card\" content=\"summary_large_image\" \/>\n<meta name=\"twitter:label1\" content=\"Written by\" \/>\n\t<meta name=\"twitter:data1\" content=\"We Love Cycling\" \/>\n\t<meta name=\"twitter:label2\" content=\"Est. reading time\" \/>\n\t<meta name=\"twitter:data2\" content=\"2 minutes\" \/>\n<script type=\"application\/ld+json\" class=\"yoast-schema-graph\">{\"@context\":\"https:\/\/schema.org\",\"@graph\":[{\"@type\":\"WebPage\",\"@id\":\"https:\/\/www.welovecycling.com\/sk\/2018\/06\/22\/plan-na-vikend-s-rodinkou-do-sulova\/\",\"url\":\"https:\/\/www.welovecycling.com\/sk\/2018\/06\/22\/plan-na-vikend-s-rodinkou-do-sulova\/\",\"name\":\"M\u00e1te pl\u00e1n na v\u00edkend? Pr\u00ed\u010fte s celou rodinkou do S\u00fa\u013eova\",\"isPartOf\":{\"@id\":\"https:\/\/www.welovecycling.com\/sk\/#website\"},\"primaryImageOfPage\":{\"@id\":\"https:\/\/www.welovecycling.com\/sk\/2018\/06\/22\/plan-na-vikend-s-rodinkou-do-sulova\/#primaryimage\"},\"image\":{\"@id\":\"https:\/\/www.welovecycling.com\/sk\/2018\/06\/22\/plan-na-vikend-s-rodinkou-do-sulova\/#primaryimage\"},\"thumbnailUrl\":\"https:\/\/d2p6e6u75xmxt8.cloudfront.net\/4\/2018\/06\/titulka-1.webp\",\"datePublished\":\"2018-06-22T08:00:19+00:00\",\"dateModified\":\"2023-04-20T07:48:09+00:00\",\"author\":{\"@id\":\"https:\/\/www.welovecycling.com\/sk\/#\/schema\/person\/8ee09ba39b7e25b1870160aa5b3a89bc\"},\"description\":\"U\u017e t\u00fato sobotu sa v kr\u00e1snej pr\u00edrode S\u00fa\u013eovsk\u00fdch sk\u00e1l odohr\u00e1 20. ro\u010dn\u00edk AUTHOR \u0160koda Bikemarat\u00f3nu S\u00fa\u013eovsk\u00e9 skaly.\",\"breadcrumb\":{\"@id\":\"https:\/\/www.welovecycling.com\/sk\/2018\/06\/22\/plan-na-vikend-s-rodinkou-do-sulova\/#breadcrumb\"},\"inLanguage\":\"sk-SK\",\"potentialAction\":[{\"@type\":\"ReadAction\",\"target\":[\"https:\/\/www.welovecycling.com\/sk\/2018\/06\/22\/plan-na-vikend-s-rodinkou-do-sulova\/\"]}]},{\"@type\":\"ImageObject\",\"inLanguage\":\"sk-SK\",\"@id\":\"https:\/\/www.welovecycling.com\/sk\/2018\/06\/22\/plan-na-vikend-s-rodinkou-do-sulova\/#primaryimage\",\"url\":\"https:\/\/d2p6e6u75xmxt8.cloudfront.net\/4\/2018\/06\/titulka-1.webp\",\"contentUrl\":\"https:\/\/d2p6e6u75xmxt8.cloudfront.net\/4\/2018\/06\/titulka-1.webp\",\"width\":1375,\"height\":600},{\"@type\":\"BreadcrumbList\",\"@id\":\"https:\/\/www.welovecycling.com\/sk\/2018\/06\/22\/plan-na-vikend-s-rodinkou-do-sulova\/#breadcrumb\",\"itemListElement\":[{\"@type\":\"ListItem\",\"position\":1,\"name\":\"Home\",\"item\":\"https:\/\/www.welovecycling.com\/sk\/\"},{\"@type\":\"ListItem\",\"position\":2,\"name\":\"M\u00e1te pl\u00e1n na v\u00edkend? Pr\u00ed\u010fte s celou rodinkou do S\u00fa\u013eova\"}]},{\"@type\":\"WebSite\",\"@id\":\"https:\/\/www.welovecycling.com\/sk\/#website\",\"url\":\"https:\/\/www.welovecycling.com\/sk\/\",\"name\":\"\u0160koda We Love Cycling Slovensko\",\"description\":\"\u0160koda We Love Cycling Slovensko je v\u00e1\u0161 ka\u017edodenn\u00fd zdroj noviniek a in\u0161pir\u00e1cie z sveta cyklistiky\",\"potentialAction\":[{\"@type\":\"SearchAction\",\"target\":{\"@type\":\"EntryPoint\",\"urlTemplate\":\"https:\/\/www.welovecycling.com\/sk\/?s={search_term_string}\"},\"query-input\":{\"@type\":\"PropertyValueSpecification\",\"valueRequired\":true,\"valueName\":\"search_term_string\"}}],\"inLanguage\":\"sk-SK\"},{\"@type\":\"Person\",\"@id\":\"https:\/\/www.welovecycling.com\/sk\/#\/schema\/person\/8ee09ba39b7e25b1870160aa5b3a89bc\",\"name\":\"Ondrej Ga\u0161par\",\"image\":{\"@type\":\"ImageObject\",\"inLanguage\":\"sk-SK\",\"@id\":\"https:\/\/www.welovecycling.com\/sk\/#\/schema\/person\/image\/\",\"url\":\"https:\/\/secure.gravatar.com\/avatar\/6126c9afb87b70da5abbb083ddbb21933da15f18f8ca7cb822aba0fb096a48f6?s=96&d=mm&r=g\",\"contentUrl\":\"https:\/\/secure.gravatar.com\/avatar\/6126c9afb87b70da5abbb083ddbb21933da15f18f8ca7cb822aba0fb096a48f6?s=96&d=mm&r=g\",\"caption\":\"Ondrej Ga\u0161par\"},\"url\":\"https:\/\/www.welovecycling.com\/sk\/author\/ondrejgaspar\/\"}]}<\/script>\n<!-- \/ Yoast SEO Premium plugin. -->","yoast_head_json":{"title":"M\u00e1te pl\u00e1n na v\u00edkend? Pr\u00ed\u010fte s celou rodinkou do S\u00fa\u013eova","description":"U\u017e t\u00fato sobotu sa v kr\u00e1snej pr\u00edrode S\u00fa\u013eovsk\u00fdch sk\u00e1l odohr\u00e1 20. ro\u010dn\u00edk AUTHOR \u0160koda Bikemarat\u00f3nu S\u00fa\u013eovsk\u00e9 skaly.","robots":{"index":"index","follow":"follow","max-snippet":"max-snippet:-1","max-image-preview":"max-image-preview:large","max-video-preview":"max-video-preview:-1"},"canonical":"https:\/\/www.welovecycling.com\/sk\/2018\/06\/22\/plan-na-vikend-s-rodinkou-do-sulova\/","og_locale":"sk_SK","og_type":"article","og_title":"M\u00e1te pl\u00e1n na v\u00edkend? Pr\u00ed\u010fte s celou rodinkou do S\u00fa\u013eova","og_description":"U\u017e t\u00fato sobotu sa v kr\u00e1snej pr\u00edrode S\u00fa\u013eovsk\u00fdch sk\u00e1l odohr\u00e1 20. ro\u010dn\u00edk AUTHOR \u0160koda Bikemarat\u00f3nu S\u00fa\u013eovsk\u00e9 skaly.","og_url":"https:\/\/www.welovecycling.com\/sk\/2018\/06\/22\/plan-na-vikend-s-rodinkou-do-sulova\/","og_site_name":"\u0160koda We Love Cycling Slovensko","article_published_time":"2018-06-22T08:00:19+00:00","article_modified_time":"2023-04-20T07:48:09+00:00","og_image":[{"width":1375,"height":600,"url":"https:\/\/d2p6e6u75xmxt8.cloudfront.net\/4\/2018\/06\/titulka-1.webp","type":"image\/webp"}],"author":"Ondrej Ga\u0161par","twitter_card":"summary_large_image","twitter_misc":{"Written by":"We Love Cycling","Est. reading time":"2 minutes"},"schema":{"@context":"https:\/\/schema.org","@graph":[{"@type":"WebPage","@id":"https:\/\/www.welovecycling.com\/sk\/2018\/06\/22\/plan-na-vikend-s-rodinkou-do-sulova\/","url":"https:\/\/www.welovecycling.com\/sk\/2018\/06\/22\/plan-na-vikend-s-rodinkou-do-sulova\/","name":"M\u00e1te pl\u00e1n na v\u00edkend? Pr\u00ed\u010fte s celou rodinkou do S\u00fa\u013eova","isPartOf":{"@id":"https:\/\/www.welovecycling.com\/sk\/#website"},"primaryImageOfPage":{"@id":"https:\/\/www.welovecycling.com\/sk\/2018\/06\/22\/plan-na-vikend-s-rodinkou-do-sulova\/#primaryimage"},"image":{"@id":"https:\/\/www.welovecycling.com\/sk\/2018\/06\/22\/plan-na-vikend-s-rodinkou-do-sulova\/#primaryimage"},"thumbnailUrl":"https:\/\/d2p6e6u75xmxt8.cloudfront.net\/4\/2018\/06\/titulka-1.webp","datePublished":"2018-06-22T08:00:19+00:00","dateModified":"2023-04-20T07:48:09+00:00","author":{"@id":"https:\/\/www.welovecycling.com\/sk\/#\/schema\/person\/8ee09ba39b7e25b1870160aa5b3a89bc"},"description":"U\u017e t\u00fato sobotu sa v kr\u00e1snej pr\u00edrode S\u00fa\u013eovsk\u00fdch sk\u00e1l odohr\u00e1 20. ro\u010dn\u00edk AUTHOR \u0160koda Bikemarat\u00f3nu S\u00fa\u013eovsk\u00e9 skaly.","breadcrumb":{"@id":"https:\/\/www.welovecycling.com\/sk\/2018\/06\/22\/plan-na-vikend-s-rodinkou-do-sulova\/#breadcrumb"},"inLanguage":"sk-SK","potentialAction":[{"@type":"ReadAction","target":["https:\/\/www.welovecycling.com\/sk\/2018\/06\/22\/plan-na-vikend-s-rodinkou-do-sulova\/"]}]},{"@type":"ImageObject","inLanguage":"sk-SK","@id":"https:\/\/www.welovecycling.com\/sk\/2018\/06\/22\/plan-na-vikend-s-rodinkou-do-sulova\/#primaryimage","url":"https:\/\/d2p6e6u75xmxt8.cloudfront.net\/4\/2018\/06\/titulka-1.webp","contentUrl":"https:\/\/d2p6e6u75xmxt8.cloudfront.net\/4\/2018\/06\/titulka-1.webp","width":1375,"height":600},{"@type":"BreadcrumbList","@id":"https:\/\/www.welovecycling.com\/sk\/2018\/06\/22\/plan-na-vikend-s-rodinkou-do-sulova\/#breadcrumb","itemListElement":[{"@type":"ListItem","position":1,"name":"Home","item":"https:\/\/www.welovecycling.com\/sk\/"},{"@type":"ListItem","position":2,"name":"M\u00e1te pl\u00e1n na v\u00edkend? Pr\u00ed\u010fte s celou rodinkou do S\u00fa\u013eova"}]},{"@type":"WebSite","@id":"https:\/\/www.welovecycling.com\/sk\/#website","url":"https:\/\/www.welovecycling.com\/sk\/","name":"\u0160koda We Love Cycling Slovensko","description":"\u0160koda We Love Cycling Slovensko je v\u00e1\u0161 ka\u017edodenn\u00fd zdroj noviniek a in\u0161pir\u00e1cie z sveta cyklistiky","potentialAction":[{"@type":"SearchAction","target":{"@type":"EntryPoint","urlTemplate":"https:\/\/www.welovecycling.com\/sk\/?s={search_term_string}"},"query-input":{"@type":"PropertyValueSpecification","valueRequired":true,"valueName":"search_term_string"}}],"inLanguage":"sk-SK"},{"@type":"Person","@id":"https:\/\/www.welovecycling.com\/sk\/#\/schema\/person\/8ee09ba39b7e25b1870160aa5b3a89bc","name":"Ondrej Ga\u0161par","image":{"@type":"ImageObject","inLanguage":"sk-SK","@id":"https:\/\/www.welovecycling.com\/sk\/#\/schema\/person\/image\/","url":"https:\/\/secure.gravatar.com\/avatar\/6126c9afb87b70da5abbb083ddbb21933da15f18f8ca7cb822aba0fb096a48f6?s=96&d=mm&r=g","contentUrl":"https:\/\/secure.gravatar.com\/avatar\/6126c9afb87b70da5abbb083ddbb21933da15f18f8ca7cb822aba0fb096a48f6?s=96&d=mm&r=g","caption":"Ondrej Ga\u0161par"},"url":"https:\/\/www.welovecycling.com\/sk\/author\/ondrejgaspar\/"}]}},"_links":{"self":[{"href":"https:\/\/www.welovecycling.com\/sk\/wp-json\/wp\/v2\/posts\/3912","targetHints":{"allow":["GET"]}}],"collection":[{"href":"https:\/\/www.welovecycling.com\/sk\/wp-json\/wp\/v2\/posts"}],"about":[{"href":"https:\/\/www.welovecycling.com\/sk\/wp-json\/wp\/v2\/types\/post"}],"author":[{"embeddable":true,"href":"https:\/\/www.welovecycling.com\/sk\/wp-json\/wp\/v2\/users\/38"}],"replies":[{"embeddable":true,"href":"https:\/\/www.welovecycling.com\/sk\/wp-json\/wp\/v2\/comments?post=3912"}],"version-history":[{"count":2,"href":"https:\/\/www.welovecycling.com\/sk\/wp-json\/wp\/v2\/posts\/3912\/revisions"}],"predecessor-version":[{"id":17195,"href":"https:\/\/www.welovecycling.com\/sk\/wp-json\/wp\/v2\/posts\/3912\/revisions\/17195"}],"wp:featuredmedia":[{"embeddable":true,"href":"https:\/\/www.welovecycling.com\/sk\/wp-json\/wp\/v2\/media\/3913"}],"wp:attachment":[{"href":"https:\/\/www.welovecycling.com\/sk\/wp-json\/wp\/v2\/media?parent=3912"}],"wp:term":[{"taxonomy":"category","embeddable":true,"href":"https:\/\/www.welovecycling.com\/sk\/wp-json\/wp\/v2\/categories?post=3912"},{"taxonomy":"post_tag","embeddable":true,"href":"https:\/\/www.welovecycling.com\/sk\/wp-json\/wp\/v2\/tags?post=3912"},{"taxonomy":"global-categories","embeddable":true,"href":"https:\/\/www.welovecycling.com\/sk\/wp-json\/wp\/v2\/global-categories?post=3912"}],"curies":[{"name":"wp","href":"https:\/\/api.w.org\/{rel}","templated":true}]}}