{"id":3840,"date":"2018-06-18T16:44:15","date_gmt":"2018-06-18T14:44:15","guid":{"rendered":"https:\/\/www.welovecycling.com\/sk\/?p=3840"},"modified":"2023-04-18T11:55:49","modified_gmt":"2023-04-18T09:55:49","slug":"na-preteky-s-celou-rodinou-idealny-program-na-vikend","status":"publish","type":"post","link":"https:\/\/www.welovecycling.com\/sk\/2018\/06\/18\/na-preteky-s-celou-rodinou-idealny-program-na-vikend\/","title":{"rendered":"Na preteky s celou rodinou \u2013 ide\u00e1lny program na v\u00edkend"},"content":{"rendered":"<p><strong>Aj v\u010faka s\u00e9rii \u0160koda BIKE OPEN TOUR u\u017e d\u00e1vno neplat\u00ed, \u017ee na marat\u00f3n chod\u00ed len hlava rodiny, preto\u017ee zvy\u0161ok \u201efam\u00edlie\u201c by sa tam jednoducho nudil.<\/strong><!--more--><\/p>\n<p><a href=\"https:\/\/d2p6e6u75xmxt8.cloudfront.net\/4\/2018\/06\/01-1.jpg\"><img loading=\"lazy\" decoding=\"async\" class=\"alignnone size-full wp-image-3842\" src=\"https:\/\/d2p6e6u75xmxt8.cloudfront.net\/4\/2018\/06\/01-1.jpg\" alt=\"\" width=\"1200\" height=\"800\" \/><\/a><\/p>\n<p>\u0160koda spolu s organiz\u00e1tormi v\u0161etk\u00fdch \u0161iestich podujat\u00ed, ktor\u00e9 patria do popul\u00e1rnej s\u00e9rie, ka\u017ed\u00fdm rokom vylep\u0161uj\u00fa <strong>mo\u017enosti pre akt\u00edvnych aj pas\u00edvnych \u00fa\u010dastn\u00edkov<\/strong> jednotliv\u00fdch marat\u00f3nov. Ur\u010dite to pozn\u00e1te, deti s\u00fa mimoriadne zvedav\u00e9 a maj\u00fa chu\u0165 spozn\u00e1va\u0165 nov\u00e9 veci, tak\u017ee akon\u00e1hle sa nudia, m\u00e1 probl\u00e9m cel\u00e9 ich okolie \ud83d\ude42 .<\/p>\n<p><a href=\"https:\/\/d2p6e6u75xmxt8.cloudfront.net\/4\/2018\/06\/IMG_1130.jpg\"><img loading=\"lazy\" decoding=\"async\" class=\"alignnone size-full wp-image-3852\" src=\"https:\/\/d2p6e6u75xmxt8.cloudfront.net\/4\/2018\/06\/IMG_1130.jpg\" alt=\"\" width=\"1200\" height=\"800\" \/><\/a><\/p>\n<p>Jedine\u010dn\u00e1 atmosf\u00e9ra \u0160BOT akci\u00ed je okrem zauj\u00edmav\u00fdch trat\u00ed pre pretek\u00e1rov r\u00f4znej vekovej a v\u00fdkonnostnej kateg\u00f3rie tvoren\u00e1 <strong>nad\u0161tandardn\u00fdm z\u00e1zem\u00edm<\/strong>, ktor\u00e9 sa postar\u00e1 o program v\u0161etk\u00fdch, ktor\u00ed pri\u0161li podpori\u0165 svojich jazdcov a u\u017ei\u0165 si spolo\u010dne de\u0148 pln\u00fd \u0161portu a z\u00e1bavy. Cel\u00fdm priebehom sprev\u00e1dza moder\u00e1tor Tomaggio, ktor\u00fd priebe\u017ene informuje o v\u0161etk\u00fdch zauj\u00edmavostiach a jednotliv\u00fdch atrakci\u00e1ch.<\/p>\n<div data-rows=\"1\" id='gallery-1' class='gallery-rows-1 gallery galleryid-3840 gallery-columns-2 gallery-size-full'><figure class='gallery-item'>\n\t\t\t<div class='gallery-icon landscape'>\n\t\t\t\t<a href='https:\/\/d2p6e6u75xmxt8.cloudfront.net\/4\/2018\/06\/03-2.webp'><img loading=\"lazy\" decoding=\"async\" width=\"1200\" height=\"800\" src=\"https:\/\/d2p6e6u75xmxt8.cloudfront.net\/4\/2018\/06\/03-2.webp\" class=\"attachment-full size-full\" alt=\"\" srcset=\"https:\/\/d2p6e6u75xmxt8.cloudfront.net\/4\/2018\/06\/03-2.webp 1200w, https:\/\/d2p6e6u75xmxt8.cloudfront.net\/4\/2018\/06\/03-2-300x200.webp 300w, https:\/\/d2p6e6u75xmxt8.cloudfront.net\/4\/2018\/06\/03-2-1024x683.webp 1024w, https:\/\/d2p6e6u75xmxt8.cloudfront.net\/4\/2018\/06\/03-2-768x512.webp 768w, https:\/\/d2p6e6u75xmxt8.cloudfront.net\/4\/2018\/06\/03-2-272x182.webp 272w\" sizes=\"auto, (max-width: 1200px) 100vw, 1200px\" \/><\/a>\n\t\t\t<\/div><\/figure><figure class='gallery-item'>\n\t\t\t<div class='gallery-icon landscape'>\n\t\t\t\t<a href='https:\/\/d2p6e6u75xmxt8.cloudfront.net\/4\/2018\/06\/04-2.webp'><img loading=\"lazy\" decoding=\"async\" width=\"1200\" height=\"800\" src=\"https:\/\/d2p6e6u75xmxt8.cloudfront.net\/4\/2018\/06\/04-2.webp\" class=\"attachment-full size-full\" alt=\"\" srcset=\"https:\/\/d2p6e6u75xmxt8.cloudfront.net\/4\/2018\/06\/04-2.webp 1200w, https:\/\/d2p6e6u75xmxt8.cloudfront.net\/4\/2018\/06\/04-2-300x200.webp 300w, https:\/\/d2p6e6u75xmxt8.cloudfront.net\/4\/2018\/06\/04-2-1024x683.webp 1024w, https:\/\/d2p6e6u75xmxt8.cloudfront.net\/4\/2018\/06\/04-2-768x512.webp 768w, https:\/\/d2p6e6u75xmxt8.cloudfront.net\/4\/2018\/06\/04-2-272x182.webp 272w\" sizes=\"auto, (max-width: 1200px) 100vw, 1200px\" \/><\/a>\n\t\t\t<\/div><\/figure>\n\t\t<\/div>\n        \n<p>Deti tr\u00e1via ve\u013ea \u010dasu pri sk\u00e1kan\u00ed na <strong>nafukovacom hrade a \u0161m\u00fdka\u010dke<\/strong>, ale ke\u010f\u017ee maj\u00fa energie na rozd\u00e1vanie, pripraven\u00e9 s\u00fa pre ne aj \u010fal\u0161ie aktivity. V <strong>kreat\u00edvnej detskej z\u00f3ne<\/strong> sa m\u00f4\u017eu hra\u0165 so stavebnicami, h\u00e9liov\u00fdmi bal\u00f3nikmi, pr\u00edpadne si kresli\u0165. Popul\u00e1rnym sa stalo u\u017e tradi\u010dn\u00e9 <strong>ma\u013eovanie na tv\u00e1r<\/strong>, tak\u017ee sa v\u00e1m m\u00f4\u017ee sta\u0165, \u017ee stretnete Spidermana alebo lesn\u00fa v\u00edlu \ud83d\ude42 . Cel\u00fa atmosf\u00e9ru dotv\u00e1ra ob\u013e\u00faben\u00fd <strong>chlpat\u00fd maskot<\/strong>, s ktor\u00fdm chc\u00fa ma\u0165 fotku nielen v\u0161etky ratolesti.<\/p>\n<div data-rows=\"1\" id='gallery-2' class='gallery-rows-1 gallery galleryid-3840 gallery-columns-2 gallery-size-full'><figure class='gallery-item'>\n\t\t\t<div class='gallery-icon landscape'>\n\t\t\t\t<a href='https:\/\/d2p6e6u75xmxt8.cloudfront.net\/4\/2018\/06\/05-1.webp'><img loading=\"lazy\" decoding=\"async\" width=\"1200\" height=\"800\" src=\"https:\/\/d2p6e6u75xmxt8.cloudfront.net\/4\/2018\/06\/05-1.webp\" class=\"attachment-full size-full\" alt=\"\" srcset=\"https:\/\/d2p6e6u75xmxt8.cloudfront.net\/4\/2018\/06\/05-1.webp 1200w, https:\/\/d2p6e6u75xmxt8.cloudfront.net\/4\/2018\/06\/05-1-300x200.webp 300w, https:\/\/d2p6e6u75xmxt8.cloudfront.net\/4\/2018\/06\/05-1-1024x683.webp 1024w, https:\/\/d2p6e6u75xmxt8.cloudfront.net\/4\/2018\/06\/05-1-768x512.webp 768w, https:\/\/d2p6e6u75xmxt8.cloudfront.net\/4\/2018\/06\/05-1-272x182.webp 272w\" sizes=\"auto, (max-width: 1200px) 100vw, 1200px\" \/><\/a>\n\t\t\t<\/div><\/figure><figure class='gallery-item'>\n\t\t\t<div class='gallery-icon landscape'>\n\t\t\t\t<a href='https:\/\/d2p6e6u75xmxt8.cloudfront.net\/4\/2018\/06\/06-1.webp'><img loading=\"lazy\" decoding=\"async\" width=\"1200\" height=\"800\" src=\"https:\/\/d2p6e6u75xmxt8.cloudfront.net\/4\/2018\/06\/06-1.webp\" class=\"attachment-full size-full\" alt=\"\" srcset=\"https:\/\/d2p6e6u75xmxt8.cloudfront.net\/4\/2018\/06\/06-1.webp 1200w, https:\/\/d2p6e6u75xmxt8.cloudfront.net\/4\/2018\/06\/06-1-300x200.webp 300w, https:\/\/d2p6e6u75xmxt8.cloudfront.net\/4\/2018\/06\/06-1-1024x683.webp 1024w, https:\/\/d2p6e6u75xmxt8.cloudfront.net\/4\/2018\/06\/06-1-768x512.webp 768w, https:\/\/d2p6e6u75xmxt8.cloudfront.net\/4\/2018\/06\/06-1-272x182.webp 272w\" sizes=\"auto, (max-width: 1200px) 100vw, 1200px\" \/><\/a>\n\t\t\t<\/div><\/figure>\n\t\t<\/div>\n        \n<p>Ve\u013ek\u00e9mu \u00faspechu sa te\u0161\u00ed tohtoro\u010dn\u00e1 novinka v podobe <strong>kreslenia na automobil \u0160koda KAROQ<\/strong>. Predsa len, jedn\u00e1 sa o nie\u010do netradi\u010dn\u00e9 a v tomto pr\u00edpade plat\u00ed star\u00e9 zn\u00e1me \u2013 zak\u00e1zan\u00e9 ovocie chut\u00ed najlep\u0161ie! Asi by sa ocko ve\u013emi nepote\u0161il, keby mu deti takto \u201evylep\u0161ili\u201c metal\u00edzu na aute, tu sa ale fant\u00e1zii medze neklad\u00fa. Tie najmen\u0161ie deti\u010dky si m\u00f4\u017eu zase <strong>zas\u00fa\u0165a\u017ei\u0165 v detskej \u0161tafete<\/strong>, ktor\u00e1 prever\u00ed ich cyklo zdatnos\u0165.<\/p>\n<p><a href=\"https:\/\/d2p6e6u75xmxt8.cloudfront.net\/4\/2018\/06\/07.jpg\"><img loading=\"lazy\" decoding=\"async\" class=\"alignnone size-full wp-image-3848\" src=\"https:\/\/d2p6e6u75xmxt8.cloudfront.net\/4\/2018\/06\/07.jpg\" alt=\"\" width=\"1200\" height=\"800\" \/><\/a><\/p>\n<p>Simult\u00e1nne prebieha po\u010das v\u00e4\u010d\u0161iny hlavn\u00fdch pretekov aj <strong>detsk\u00e1 s\u00fa\u0165a\u017e<\/strong>, ktor\u00e1 sa v\u017edy te\u0161\u00ed zo super atmosf\u00e9ry a po\u010detnej \u00fa\u010dasti. A ak sa u\u017e drobci dostato\u010dne vybl\u00e1znili, miesto na oddych im poskytne <strong>We Love Cycling z\u00e1zemie s tulivakmi. <\/strong>Tam je mo\u017en\u00e9 schova\u0165 pred slnkom \u010di pr\u00edpadn\u00fdmi preh\u00e1nkami. Z\u00e1vere\u010dnou \u010dere\u0161ni\u010dkou na torte v\u0161etk\u00fdch pretekov b\u00fdva u\u017e tradi\u010dne bohat\u00e1 tombola. Je z\u00e1\u017eitkom pre v\u0161etky deti, ktor\u00e9 s nap\u00e4t\u00edm sleduj\u00fa, \u010do sa komu po\u0161\u0165ast\u00ed vyhra\u0165.<\/p>\n<div data-rows=\"1\" id='gallery-3' class='gallery-rows-1 gallery galleryid-3840 gallery-columns-2 gallery-size-full'><figure class='gallery-item'>\n\t\t\t<div class='gallery-icon landscape'>\n\t\t\t\t<a href='https:\/\/d2p6e6u75xmxt8.cloudfront.net\/4\/2018\/06\/08.webp'><img loading=\"lazy\" decoding=\"async\" width=\"1200\" height=\"800\" src=\"https:\/\/d2p6e6u75xmxt8.cloudfront.net\/4\/2018\/06\/08.webp\" class=\"attachment-full size-full\" alt=\"\" srcset=\"https:\/\/d2p6e6u75xmxt8.cloudfront.net\/4\/2018\/06\/08.webp 1200w, https:\/\/d2p6e6u75xmxt8.cloudfront.net\/4\/2018\/06\/08-300x200.webp 300w, https:\/\/d2p6e6u75xmxt8.cloudfront.net\/4\/2018\/06\/08-1024x683.webp 1024w, https:\/\/d2p6e6u75xmxt8.cloudfront.net\/4\/2018\/06\/08-768x512.webp 768w, https:\/\/d2p6e6u75xmxt8.cloudfront.net\/4\/2018\/06\/08-272x182.webp 272w\" sizes=\"auto, (max-width: 1200px) 100vw, 1200px\" \/><\/a>\n\t\t\t<\/div><\/figure><figure class='gallery-item'>\n\t\t\t<div class='gallery-icon landscape'>\n\t\t\t\t<a href='https:\/\/d2p6e6u75xmxt8.cloudfront.net\/4\/2018\/06\/09.webp'><img loading=\"lazy\" decoding=\"async\" width=\"1200\" height=\"800\" src=\"https:\/\/d2p6e6u75xmxt8.cloudfront.net\/4\/2018\/06\/09.webp\" class=\"attachment-full size-full\" alt=\"\" srcset=\"https:\/\/d2p6e6u75xmxt8.cloudfront.net\/4\/2018\/06\/09.webp 1200w, https:\/\/d2p6e6u75xmxt8.cloudfront.net\/4\/2018\/06\/09-300x200.webp 300w, https:\/\/d2p6e6u75xmxt8.cloudfront.net\/4\/2018\/06\/09-1024x683.webp 1024w, https:\/\/d2p6e6u75xmxt8.cloudfront.net\/4\/2018\/06\/09-768x512.webp 768w, https:\/\/d2p6e6u75xmxt8.cloudfront.net\/4\/2018\/06\/09-272x182.webp 272w\" sizes=\"auto, (max-width: 1200px) 100vw, 1200px\" \/><\/a>\n\t\t\t<\/div><\/figure>\n\t\t<\/div>\n        \n<p>A aby toho nebolo m\u00e1lo, v r\u00e1mci podpory \u00fa\u010dasti rod\u00edn na marat\u00f3noch, organizuje \u0160koda tento rok <strong>s\u00fa\u0165a\u017e o najkraj\u0161iu cyklorodinku<\/strong>. Je to ve\u013emi jednoduch\u00e9, sta\u010d\u00ed sa len odfoti\u0165 s rodinou na pretekoch a zaslan\u00edm fotky hr\u00e1te o \u0161portov\u00fa v\u00fdbavu.<\/p>\n<p><a href=\"https:\/\/d2p6e6u75xmxt8.cloudfront.net\/4\/2018\/06\/10.jpg\"><img loading=\"lazy\" decoding=\"async\" class=\"alignnone size-full wp-image-3851\" src=\"https:\/\/d2p6e6u75xmxt8.cloudfront.net\/4\/2018\/06\/10.jpg\" alt=\"\" width=\"1200\" height=\"800\" \/><\/a><\/p>\n<p>Tak\u017ee, o motiv\u00e1cie, pre\u010do zobra\u0165 na \u0160BOT akciu cel\u00fa svoju rodinku, nie je naozaj n\u00fadza. Pom\u00f4\u017eete tak svojim potomkom budova\u0165 vz\u0165ah k \u0161portu a zdrav\u00e9mu \u017eivotn\u00e9mu \u0161t\u00fdlu a z\u00e1rove\u0148 spolo\u010dne str\u00e1vite naozaj pr\u00edjemn\u00fd \u0161portov\u00fd de\u0148.<\/p>\n","protected":false},"excerpt":{"rendered":"<p>Aj v\u010faka s\u00e9rii \u0160koda BIKE OPEN TOUR u\u017e d\u00e1vno neplat\u00ed, \u017ee na marat\u00f3n chod\u00ed len hlava rodiny, preto\u017ee zvy\u0161ok \u201efam\u00edlie\u201c [&hellip;]<\/p>\n","protected":false},"author":38,"featured_media":3856,"comment_status":"open","ping_status":"open","sticky":false,"template":"","format":"standard","meta":{"footnotes":""},"categories":[51,34,33],"tags":[53,180,178,179,474,35,77,468],"global-categories":[],"class_list":["post-3840","post","type-post","status-publish","format-standard","has-post-thumbnail","hentry","category-deti-na-bicykloch","category-podujatia","category-sbot","tag-deti","tag-horska-cyklistika","tag-maraton","tag-preteky","tag-rodinny-maraton","tag-sbot","tag-skoda-dedina","tag-skoda-karoq"],"yoast_head":"<!-- This site is optimized with the Yoast SEO Premium plugin v25.3 (Yoast SEO v25.9) - https:\/\/yoast.com\/wordpress\/plugins\/seo\/ -->\n<title>Na preteky s celou rodinou \u2013 ide\u00e1lny program na v\u00edkend<\/title>\n<meta name=\"description\" content=\"Aj v\u010faka s\u00e9rii \u0160koda BIKE OPEN TOUR u\u017e d\u00e1vno neplat\u00ed, \u017ee na marat\u00f3n chod\u00ed len hlava rodiny. Na preteky sa chod\u00ed s celou rodinou.\" \/>\n<meta name=\"robots\" content=\"index, follow, max-snippet:-1, max-image-preview:large, max-video-preview:-1\" \/>\n<link rel=\"canonical\" href=\"https:\/\/www.welovecycling.com\/sk\/2018\/06\/18\/na-preteky-s-celou-rodinou-idealny-program-na-vikend\/\" \/>\n<meta property=\"og:locale\" content=\"sk_SK\" \/>\n<meta property=\"og:type\" content=\"article\" \/>\n<meta property=\"og:title\" content=\"Na preteky s celou rodinou \u2013 ide\u00e1lny program na v\u00edkend\" \/>\n<meta property=\"og:description\" content=\"Aj v\u010faka s\u00e9rii \u0160koda BIKE OPEN TOUR u\u017e d\u00e1vno neplat\u00ed, \u017ee na marat\u00f3n chod\u00ed len hlava rodiny. Na preteky sa chod\u00ed s celou rodinou.\" \/>\n<meta property=\"og:url\" content=\"https:\/\/www.welovecycling.com\/sk\/2018\/06\/18\/na-preteky-s-celou-rodinou-idealny-program-na-vikend\/\" \/>\n<meta property=\"og:site_name\" content=\"\u0160koda We Love Cycling Slovensko\" \/>\n<meta property=\"article:published_time\" content=\"2018-06-18T14:44:15+00:00\" \/>\n<meta property=\"article:modified_time\" content=\"2023-04-18T09:55:49+00:00\" \/>\n<meta property=\"og:image\" content=\"https:\/\/d2p6e6u75xmxt8.cloudfront.net\/4\/2018\/06\/IMG_1268.webp\" \/>\n\t<meta property=\"og:image:width\" content=\"1375\" \/>\n\t<meta property=\"og:image:height\" content=\"600\" \/>\n\t<meta property=\"og:image:type\" content=\"image\/webp\" \/>\n<meta name=\"author\" content=\"Ondrej Ga\u0161par\" \/>\n<meta name=\"twitter:card\" content=\"summary_large_image\" \/>\n<meta name=\"twitter:label1\" content=\"Written by\" \/>\n\t<meta name=\"twitter:data1\" content=\"We Love Cycling\" \/>\n\t<meta name=\"twitter:label2\" content=\"Est. reading time\" \/>\n\t<meta name=\"twitter:data2\" content=\"3 minutes\" \/>\n<script type=\"application\/ld+json\" class=\"yoast-schema-graph\">{\"@context\":\"https:\/\/schema.org\",\"@graph\":[{\"@type\":\"WebPage\",\"@id\":\"https:\/\/www.welovecycling.com\/sk\/2018\/06\/18\/na-preteky-s-celou-rodinou-idealny-program-na-vikend\/\",\"url\":\"https:\/\/www.welovecycling.com\/sk\/2018\/06\/18\/na-preteky-s-celou-rodinou-idealny-program-na-vikend\/\",\"name\":\"Na preteky s celou rodinou \u2013 ide\u00e1lny program na v\u00edkend\",\"isPartOf\":{\"@id\":\"https:\/\/www.welovecycling.com\/sk\/#website\"},\"primaryImageOfPage\":{\"@id\":\"https:\/\/www.welovecycling.com\/sk\/2018\/06\/18\/na-preteky-s-celou-rodinou-idealny-program-na-vikend\/#primaryimage\"},\"image\":{\"@id\":\"https:\/\/www.welovecycling.com\/sk\/2018\/06\/18\/na-preteky-s-celou-rodinou-idealny-program-na-vikend\/#primaryimage\"},\"thumbnailUrl\":\"https:\/\/d2p6e6u75xmxt8.cloudfront.net\/4\/2018\/06\/IMG_1268.webp\",\"datePublished\":\"2018-06-18T14:44:15+00:00\",\"dateModified\":\"2023-04-18T09:55:49+00:00\",\"author\":{\"@id\":\"https:\/\/www.welovecycling.com\/sk\/#\/schema\/person\/8ee09ba39b7e25b1870160aa5b3a89bc\"},\"description\":\"Aj v\u010faka s\u00e9rii \u0160koda BIKE OPEN TOUR u\u017e d\u00e1vno neplat\u00ed, \u017ee na marat\u00f3n chod\u00ed len hlava rodiny. Na preteky sa chod\u00ed s celou rodinou.\",\"breadcrumb\":{\"@id\":\"https:\/\/www.welovecycling.com\/sk\/2018\/06\/18\/na-preteky-s-celou-rodinou-idealny-program-na-vikend\/#breadcrumb\"},\"inLanguage\":\"sk-SK\",\"potentialAction\":[{\"@type\":\"ReadAction\",\"target\":[\"https:\/\/www.welovecycling.com\/sk\/2018\/06\/18\/na-preteky-s-celou-rodinou-idealny-program-na-vikend\/\"]}]},{\"@type\":\"ImageObject\",\"inLanguage\":\"sk-SK\",\"@id\":\"https:\/\/www.welovecycling.com\/sk\/2018\/06\/18\/na-preteky-s-celou-rodinou-idealny-program-na-vikend\/#primaryimage\",\"url\":\"https:\/\/d2p6e6u75xmxt8.cloudfront.net\/4\/2018\/06\/IMG_1268.webp\",\"contentUrl\":\"https:\/\/d2p6e6u75xmxt8.cloudfront.net\/4\/2018\/06\/IMG_1268.webp\",\"width\":1375,\"height\":600},{\"@type\":\"BreadcrumbList\",\"@id\":\"https:\/\/www.welovecycling.com\/sk\/2018\/06\/18\/na-preteky-s-celou-rodinou-idealny-program-na-vikend\/#breadcrumb\",\"itemListElement\":[{\"@type\":\"ListItem\",\"position\":1,\"name\":\"Home\",\"item\":\"https:\/\/www.welovecycling.com\/sk\/\"},{\"@type\":\"ListItem\",\"position\":2,\"name\":\"Na preteky s celou rodinou \u2013 ide\u00e1lny program na v\u00edkend\"}]},{\"@type\":\"WebSite\",\"@id\":\"https:\/\/www.welovecycling.com\/sk\/#website\",\"url\":\"https:\/\/www.welovecycling.com\/sk\/\",\"name\":\"\u0160koda We Love Cycling Slovensko\",\"description\":\"\u0160koda We Love Cycling Slovensko je v\u00e1\u0161 ka\u017edodenn\u00fd zdroj noviniek a in\u0161pir\u00e1cie z sveta cyklistiky\",\"potentialAction\":[{\"@type\":\"SearchAction\",\"target\":{\"@type\":\"EntryPoint\",\"urlTemplate\":\"https:\/\/www.welovecycling.com\/sk\/?s={search_term_string}\"},\"query-input\":{\"@type\":\"PropertyValueSpecification\",\"valueRequired\":true,\"valueName\":\"search_term_string\"}}],\"inLanguage\":\"sk-SK\"},{\"@type\":\"Person\",\"@id\":\"https:\/\/www.welovecycling.com\/sk\/#\/schema\/person\/8ee09ba39b7e25b1870160aa5b3a89bc\",\"name\":\"Ondrej Ga\u0161par\",\"image\":{\"@type\":\"ImageObject\",\"inLanguage\":\"sk-SK\",\"@id\":\"https:\/\/www.welovecycling.com\/sk\/#\/schema\/person\/image\/\",\"url\":\"https:\/\/secure.gravatar.com\/avatar\/6126c9afb87b70da5abbb083ddbb21933da15f18f8ca7cb822aba0fb096a48f6?s=96&d=mm&r=g\",\"contentUrl\":\"https:\/\/secure.gravatar.com\/avatar\/6126c9afb87b70da5abbb083ddbb21933da15f18f8ca7cb822aba0fb096a48f6?s=96&d=mm&r=g\",\"caption\":\"Ondrej Ga\u0161par\"},\"url\":\"https:\/\/www.welovecycling.com\/sk\/author\/ondrejgaspar\/\"}]}<\/script>\n<!-- \/ Yoast SEO Premium plugin. -->","yoast_head_json":{"title":"Na preteky s celou rodinou \u2013 ide\u00e1lny program na v\u00edkend","description":"Aj v\u010faka s\u00e9rii \u0160koda BIKE OPEN TOUR u\u017e d\u00e1vno neplat\u00ed, \u017ee na marat\u00f3n chod\u00ed len hlava rodiny. Na preteky sa chod\u00ed s celou rodinou.","robots":{"index":"index","follow":"follow","max-snippet":"max-snippet:-1","max-image-preview":"max-image-preview:large","max-video-preview":"max-video-preview:-1"},"canonical":"https:\/\/www.welovecycling.com\/sk\/2018\/06\/18\/na-preteky-s-celou-rodinou-idealny-program-na-vikend\/","og_locale":"sk_SK","og_type":"article","og_title":"Na preteky s celou rodinou \u2013 ide\u00e1lny program na v\u00edkend","og_description":"Aj v\u010faka s\u00e9rii \u0160koda BIKE OPEN TOUR u\u017e d\u00e1vno neplat\u00ed, \u017ee na marat\u00f3n chod\u00ed len hlava rodiny. Na preteky sa chod\u00ed s celou rodinou.","og_url":"https:\/\/www.welovecycling.com\/sk\/2018\/06\/18\/na-preteky-s-celou-rodinou-idealny-program-na-vikend\/","og_site_name":"\u0160koda We Love Cycling Slovensko","article_published_time":"2018-06-18T14:44:15+00:00","article_modified_time":"2023-04-18T09:55:49+00:00","og_image":[{"width":1375,"height":600,"url":"https:\/\/d2p6e6u75xmxt8.cloudfront.net\/4\/2018\/06\/IMG_1268.webp","type":"image\/webp"}],"author":"Ondrej Ga\u0161par","twitter_card":"summary_large_image","twitter_misc":{"Written by":"We Love Cycling","Est. reading time":"3 minutes"},"schema":{"@context":"https:\/\/schema.org","@graph":[{"@type":"WebPage","@id":"https:\/\/www.welovecycling.com\/sk\/2018\/06\/18\/na-preteky-s-celou-rodinou-idealny-program-na-vikend\/","url":"https:\/\/www.welovecycling.com\/sk\/2018\/06\/18\/na-preteky-s-celou-rodinou-idealny-program-na-vikend\/","name":"Na preteky s celou rodinou \u2013 ide\u00e1lny program na v\u00edkend","isPartOf":{"@id":"https:\/\/www.welovecycling.com\/sk\/#website"},"primaryImageOfPage":{"@id":"https:\/\/www.welovecycling.com\/sk\/2018\/06\/18\/na-preteky-s-celou-rodinou-idealny-program-na-vikend\/#primaryimage"},"image":{"@id":"https:\/\/www.welovecycling.com\/sk\/2018\/06\/18\/na-preteky-s-celou-rodinou-idealny-program-na-vikend\/#primaryimage"},"thumbnailUrl":"https:\/\/d2p6e6u75xmxt8.cloudfront.net\/4\/2018\/06\/IMG_1268.webp","datePublished":"2018-06-18T14:44:15+00:00","dateModified":"2023-04-18T09:55:49+00:00","author":{"@id":"https:\/\/www.welovecycling.com\/sk\/#\/schema\/person\/8ee09ba39b7e25b1870160aa5b3a89bc"},"description":"Aj v\u010faka s\u00e9rii \u0160koda BIKE OPEN TOUR u\u017e d\u00e1vno neplat\u00ed, \u017ee na marat\u00f3n chod\u00ed len hlava rodiny. Na preteky sa chod\u00ed s celou rodinou.","breadcrumb":{"@id":"https:\/\/www.welovecycling.com\/sk\/2018\/06\/18\/na-preteky-s-celou-rodinou-idealny-program-na-vikend\/#breadcrumb"},"inLanguage":"sk-SK","potentialAction":[{"@type":"ReadAction","target":["https:\/\/www.welovecycling.com\/sk\/2018\/06\/18\/na-preteky-s-celou-rodinou-idealny-program-na-vikend\/"]}]},{"@type":"ImageObject","inLanguage":"sk-SK","@id":"https:\/\/www.welovecycling.com\/sk\/2018\/06\/18\/na-preteky-s-celou-rodinou-idealny-program-na-vikend\/#primaryimage","url":"https:\/\/d2p6e6u75xmxt8.cloudfront.net\/4\/2018\/06\/IMG_1268.webp","contentUrl":"https:\/\/d2p6e6u75xmxt8.cloudfront.net\/4\/2018\/06\/IMG_1268.webp","width":1375,"height":600},{"@type":"BreadcrumbList","@id":"https:\/\/www.welovecycling.com\/sk\/2018\/06\/18\/na-preteky-s-celou-rodinou-idealny-program-na-vikend\/#breadcrumb","itemListElement":[{"@type":"ListItem","position":1,"name":"Home","item":"https:\/\/www.welovecycling.com\/sk\/"},{"@type":"ListItem","position":2,"name":"Na preteky s celou rodinou \u2013 ide\u00e1lny program na v\u00edkend"}]},{"@type":"WebSite","@id":"https:\/\/www.welovecycling.com\/sk\/#website","url":"https:\/\/www.welovecycling.com\/sk\/","name":"\u0160koda We Love Cycling Slovensko","description":"\u0160koda We Love Cycling Slovensko je v\u00e1\u0161 ka\u017edodenn\u00fd zdroj noviniek a in\u0161pir\u00e1cie z sveta cyklistiky","potentialAction":[{"@type":"SearchAction","target":{"@type":"EntryPoint","urlTemplate":"https:\/\/www.welovecycling.com\/sk\/?s={search_term_string}"},"query-input":{"@type":"PropertyValueSpecification","valueRequired":true,"valueName":"search_term_string"}}],"inLanguage":"sk-SK"},{"@type":"Person","@id":"https:\/\/www.welovecycling.com\/sk\/#\/schema\/person\/8ee09ba39b7e25b1870160aa5b3a89bc","name":"Ondrej Ga\u0161par","image":{"@type":"ImageObject","inLanguage":"sk-SK","@id":"https:\/\/www.welovecycling.com\/sk\/#\/schema\/person\/image\/","url":"https:\/\/secure.gravatar.com\/avatar\/6126c9afb87b70da5abbb083ddbb21933da15f18f8ca7cb822aba0fb096a48f6?s=96&d=mm&r=g","contentUrl":"https:\/\/secure.gravatar.com\/avatar\/6126c9afb87b70da5abbb083ddbb21933da15f18f8ca7cb822aba0fb096a48f6?s=96&d=mm&r=g","caption":"Ondrej Ga\u0161par"},"url":"https:\/\/www.welovecycling.com\/sk\/author\/ondrejgaspar\/"}]}},"_links":{"self":[{"href":"https:\/\/www.welovecycling.com\/sk\/wp-json\/wp\/v2\/posts\/3840","targetHints":{"allow":["GET"]}}],"collection":[{"href":"https:\/\/www.welovecycling.com\/sk\/wp-json\/wp\/v2\/posts"}],"about":[{"href":"https:\/\/www.welovecycling.com\/sk\/wp-json\/wp\/v2\/types\/post"}],"author":[{"embeddable":true,"href":"https:\/\/www.welovecycling.com\/sk\/wp-json\/wp\/v2\/users\/38"}],"replies":[{"embeddable":true,"href":"https:\/\/www.welovecycling.com\/sk\/wp-json\/wp\/v2\/comments?post=3840"}],"version-history":[{"count":2,"href":"https:\/\/www.welovecycling.com\/sk\/wp-json\/wp\/v2\/posts\/3840\/revisions"}],"predecessor-version":[{"id":17166,"href":"https:\/\/www.welovecycling.com\/sk\/wp-json\/wp\/v2\/posts\/3840\/revisions\/17166"}],"wp:featuredmedia":[{"embeddable":true,"href":"https:\/\/www.welovecycling.com\/sk\/wp-json\/wp\/v2\/media\/3856"}],"wp:attachment":[{"href":"https:\/\/www.welovecycling.com\/sk\/wp-json\/wp\/v2\/media?parent=3840"}],"wp:term":[{"taxonomy":"category","embeddable":true,"href":"https:\/\/www.welovecycling.com\/sk\/wp-json\/wp\/v2\/categories?post=3840"},{"taxonomy":"post_tag","embeddable":true,"href":"https:\/\/www.welovecycling.com\/sk\/wp-json\/wp\/v2\/tags?post=3840"},{"taxonomy":"global-categories","embeddable":true,"href":"https:\/\/www.welovecycling.com\/sk\/wp-json\/wp\/v2\/global-categories?post=3840"}],"curies":[{"name":"wp","href":"https:\/\/api.w.org\/{rel}","templated":true}]}}