{"id":3825,"date":"2018-07-23T15:00:09","date_gmt":"2018-07-23T13:00:09","guid":{"rendered":"https:\/\/www.welovecycling.com\/sk\/?p=3825"},"modified":"2023-04-14T12:38:44","modified_gmt":"2023-04-14T10:38:44","slug":"cyklisticke-preteky-akcia-nielen-pre-muzov","status":"publish","type":"post","link":"https:\/\/www.welovecycling.com\/sk\/2018\/07\/23\/cyklisticke-preteky-akcia-nielen-pre-muzov\/","title":{"rendered":"Cyklistick\u00e9 preteky \u2013 akcia nielen pre mu\u017eov"},"content":{"rendered":"<p><strong>\u017densk\u00e1 cyklistika u\u017e dnes nie je ni\u010d\u00edm v\u00fdnimo\u010dn\u00fdm, pr\u00e1ve naopak, tomuto \u0161portu sa venuje \u010doraz viac z\u00e1stupk\u00fd\u0148 ne\u017en\u00e9ho pohlavia. \u010ci u\u017e na ceste alebo v ter\u00e9ne stret\u00e1vame p\u00e1ry, pr\u00edpade cel\u00e9 rodinky po\u010das spolo\u010dn\u00fdch v\u00fdjazdov.<\/strong><!--more--><\/p>\n<p><a href=\"https:\/\/d2p6e6u75xmxt8.cloudfront.net\/4\/2018\/06\/01.jpg\"><img loading=\"lazy\" decoding=\"async\" class=\"alignnone size-full wp-image-3826\" src=\"https:\/\/d2p6e6u75xmxt8.cloudfront.net\/4\/2018\/06\/01.jpg\" alt=\"\" width=\"1200\" height=\"800\" \/><\/a><\/p>\n<p><strong>Faktor tr\u00e1venia spolo\u010dn\u00e9ho vo\u013en\u00e9ho \u010dasu<\/strong> patr\u00ed medzi jeden z najv\u00fdraznej\u0161\u00edch benefitov, ktor\u00e9 spolo\u010dn\u00e9 jazdenie prin\u00e1\u0161a. Prirodzene, s \u010dasom str\u00e1ven\u00fdm v sedle na \u010derstvom vzduchu s\u00favis\u00ed <strong>mno\u017estvo \u010fal\u0161\u00edch v\u00fdhod. <\/strong>\u010ci u\u017e v podobe formovania postavy, zlep\u0161ovania kond\u00edcie, \u010di celkov\u00e9ho utu\u017eovania zdravia. Jazda na bicykli okrem in\u00e9ho v dne\u0161nej upon\u00e1h\u013eanej dobe plnej stresu \u010di sedenia pri po\u010d\u00edta\u010di <strong>pom\u00e1ha nielen po fyzickej, ale aj psychickej str\u00e1nke<\/strong>. Ve\u010f, tak\u00fd popracovn\u00fd v\u00fdjazd s partnerom dok\u00e1\u017ee dokonale \u201evyvetra\u0165\u201c hlavu a pom\u00f4\u017ee pr\u00eds\u0165 na nov\u00e9 my\u0161lienky.<\/p>\n<p><a href=\"https:\/\/d2p6e6u75xmxt8.cloudfront.net\/4\/2018\/06\/02.jpg\"><img loading=\"lazy\" decoding=\"async\" class=\"alignnone size-full wp-image-3827\" src=\"https:\/\/d2p6e6u75xmxt8.cloudfront.net\/4\/2018\/06\/02.jpg\" alt=\"\" width=\"1200\" height=\"800\" \/><\/a><\/p>\n<p>Mnoho akt\u00edvnych bikerov vyu\u017e\u00edva v\u00fdjazdy so svojimi polovi\u010dkami ako doplnok svojho tr\u00e9ningu v r\u00e1mci pr\u00edpravy na niektor\u00e9 z cyklistick\u00fdch pretekov. V r\u00e1mci Slovenska m\u00e1me na v\u00fdber z ve\u013ek\u00e9ho mno\u017estva podujat\u00ed. Ako pekn\u00fd pr\u00edklad ich pestrosti n\u00e1m posl\u00fa\u017ei na\u0161a s\u00e9ria \u0160koda BIKE OPEN TOUR. T\u00e1 pozost\u00e1va zo \u0161iestich pretekov, ktor\u00fdch sa m\u00f4\u017eu z\u00fa\u010dastni\u0165 jazdci v r\u00f4znych vekov\u00fdch a v\u00fdkonnostn\u00fdch kateg\u00f3ri\u00e1ch, vr\u00e1tane t\u00fdch \u017eensk\u00fdch.<\/p>\n<p><a href=\"https:\/\/d2p6e6u75xmxt8.cloudfront.net\/4\/2018\/06\/03.jpg\"><img loading=\"lazy\" decoding=\"async\" class=\"alignnone size-full wp-image-3828\" src=\"https:\/\/d2p6e6u75xmxt8.cloudfront.net\/4\/2018\/06\/03.jpg\" alt=\"\" width=\"1200\" height=\"800\" \/><\/a><\/p>\n<p>Pre mnoho \u017eien, ktor\u00e9 rady tr\u00e1via \u010das na dvoch koles\u00e1ch, je predstava \u00fa\u010dasti na marat\u00f3ne \u010disto mu\u017eskou z\u00e1le\u017eitos\u0165ou, \u010do je v\u0161ak omyl. Pr\u00e1ve pestros\u0165 tr\u00e1s jednotliv\u00fdch podujat\u00ed pon\u00faka mo\u017enos\u0165 zvoli\u0165 si aj menej n\u00e1ro\u010dn\u00fa a krat\u0161iu alternat\u00edvu a otestova\u0165 si tak svoje schopnosti spolu s \u010fal\u0161\u00edmi pretek\u00e1rmi. V kone\u010dnom d\u00f4sledku tu plat\u00ed star\u00e9 zn\u00e1me &#8211; <strong>nie je d\u00f4le\u017eit\u00e9 vyhra\u0165, ale z\u00fa\u010dastni\u0165 sa \ud83d\ude42<\/strong>.<\/p>\n<p>Samotn\u00e1 <strong>atmosf\u00e9ra<\/strong> jednotliv\u00fdch pretekov <strong>dok\u00e1\u017ee \u201evyhecova\u0165\u201c k tak\u00fdm v\u00fdkonom<\/strong>, ktor\u00e9 by mo\u017eno v\u00edkendov\u00e1 bikerka od seba nikdy neo\u010dak\u00e1vala. Publikum na v\u0161etk\u00fdch \u0160BOT akci\u00e1ch je ve\u013emi prajn\u00e9. Pr\u00e1ve v mnoh\u00fdch pr\u00edpadoch podpor\u00ed zadn\u00fa \u010das\u0165 pretek\u00e1rskeho po\u013ea e\u0161te o nie\u010do v\u00fdraznej\u0161ie ako \u201eborcov\u201c bojuj\u00facich o prv\u00e9 miesta. Mal\u00e9 o\u010dak\u00e1vania s\u00fa \u010dasto spojen\u00e9 s ve\u013ek\u00fdmi v\u00fdsledkami a pokojne sa m\u00f4\u017ee sta\u0165, \u017ee sa v\u00e1m podar\u00ed aj dobr\u00e9 umiestnenie, nako\u013eko \u017eien s\u00fa\u0165a\u017eiach v r\u00f4znych vekov\u00fdch kateg\u00f3ri\u00e1ch je st\u00e1le v\u00fdrazne menej ako mu\u017eov.<\/p>\n<div data-rows=\"1\" id='gallery-1' class='gallery-rows-1 gallery galleryid-3825 gallery-columns-2 gallery-size-full'><figure class='gallery-item'>\n\t\t\t<div class='gallery-icon landscape'>\n\t\t\t\t<a href='https:\/\/d2p6e6u75xmxt8.cloudfront.net\/4\/2018\/06\/04-1.webp'><img loading=\"lazy\" decoding=\"async\" width=\"1200\" height=\"800\" src=\"https:\/\/d2p6e6u75xmxt8.cloudfront.net\/4\/2018\/06\/04-1.webp\" class=\"attachment-full size-full\" alt=\"\" srcset=\"https:\/\/d2p6e6u75xmxt8.cloudfront.net\/4\/2018\/06\/04-1.webp 1200w, https:\/\/d2p6e6u75xmxt8.cloudfront.net\/4\/2018\/06\/04-1-300x200.webp 300w, https:\/\/d2p6e6u75xmxt8.cloudfront.net\/4\/2018\/06\/04-1-1024x683.webp 1024w, https:\/\/d2p6e6u75xmxt8.cloudfront.net\/4\/2018\/06\/04-1-768x512.webp 768w, https:\/\/d2p6e6u75xmxt8.cloudfront.net\/4\/2018\/06\/04-1-272x182.webp 272w\" sizes=\"auto, (max-width: 1200px) 100vw, 1200px\" \/><\/a>\n\t\t\t<\/div><\/figure><figure class='gallery-item'>\n\t\t\t<div class='gallery-icon landscape'>\n\t\t\t\t<a href='https:\/\/d2p6e6u75xmxt8.cloudfront.net\/4\/2018\/06\/dohnany_03.webp'><img loading=\"lazy\" decoding=\"async\" width=\"1200\" height=\"800\" src=\"https:\/\/d2p6e6u75xmxt8.cloudfront.net\/4\/2018\/06\/dohnany_03.webp\" class=\"attachment-full size-full\" alt=\"\" srcset=\"https:\/\/d2p6e6u75xmxt8.cloudfront.net\/4\/2018\/06\/dohnany_03.webp 1200w, https:\/\/d2p6e6u75xmxt8.cloudfront.net\/4\/2018\/06\/dohnany_03-300x200.webp 300w, https:\/\/d2p6e6u75xmxt8.cloudfront.net\/4\/2018\/06\/dohnany_03-1024x683.webp 1024w, https:\/\/d2p6e6u75xmxt8.cloudfront.net\/4\/2018\/06\/dohnany_03-768x512.webp 768w, https:\/\/d2p6e6u75xmxt8.cloudfront.net\/4\/2018\/06\/dohnany_03-272x182.webp 272w\" sizes=\"auto, (max-width: 1200px) 100vw, 1200px\" \/><\/a>\n\t\t\t<\/div><\/figure>\n\t\t<\/div>\n        \n<p>Ak ste akt\u00edvny p\u00e1r, ktor\u00fd sa r\u00e1d venuje rovnakej \u0161portovej aktivite, bola by \u0161koda pripravi\u0165 sa o spolo\u010dne str\u00e1ven\u00fd \u010das. Samozrejme, pokia\u013e v\u00e1m to rodinn\u00e9 \u010di pracovn\u00e9 okolnosti umo\u017e\u0148uj\u00fa. Obzvl\u00e1\u0161\u0165 to plat\u00ed v pr\u00edpade, ke\u010f m\u00e1 v\u00e1\u0161 partner kalend\u00e1r zaplnen\u00fd mno\u017estvom marat\u00f3nov, ktor\u00e9 sa vo v\u00e4\u010d\u0161ine pr\u00edpadov konaj\u00fa po\u010das v\u00edkendov. Pr\u00edjemn\u00fdm spestren\u00edm m\u00f4\u017ee by\u0165 aj spolo\u010dn\u00e9 \u201evyto\u010denie\u201c n\u00f4h po n\u00e1vrate do cie\u013ea oboch z v\u00e1s. V\u0161etky \u0160BOT akcie pon\u00fakaj\u00fa kvalitn\u00e9 z\u00e1zemie. Je mo\u017en\u00e9 si tu vychutna\u0165 t\u00fa spr\u00e1vnu \u201epomarat\u00f3nsku\u201c atmosf\u00e9ru, pri dobrej k\u00e1vi\u010dke vymeni\u0165 z\u00e1\u017eitky z trat\u00ed, \u010di str\u00e1vi\u0165 \u010das s priate\u013emi.<\/p>\n<div data-rows=\"1\" id='gallery-2' class='gallery-rows-1 gallery galleryid-3825 gallery-columns-2 gallery-size-full'><figure class='gallery-item'>\n\t\t\t<div class='gallery-icon landscape'>\n\t\t\t\t<a href='https:\/\/d2p6e6u75xmxt8.cloudfront.net\/4\/2018\/06\/05.webp'><img loading=\"lazy\" decoding=\"async\" width=\"1200\" height=\"800\" src=\"https:\/\/d2p6e6u75xmxt8.cloudfront.net\/4\/2018\/06\/05.webp\" class=\"attachment-full size-full\" alt=\"\" srcset=\"https:\/\/d2p6e6u75xmxt8.cloudfront.net\/4\/2018\/06\/05.webp 1200w, https:\/\/d2p6e6u75xmxt8.cloudfront.net\/4\/2018\/06\/05-300x200.webp 300w, https:\/\/d2p6e6u75xmxt8.cloudfront.net\/4\/2018\/06\/05-1024x683.webp 1024w, https:\/\/d2p6e6u75xmxt8.cloudfront.net\/4\/2018\/06\/05-768x512.webp 768w, https:\/\/d2p6e6u75xmxt8.cloudfront.net\/4\/2018\/06\/05-272x182.webp 272w\" sizes=\"auto, (max-width: 1200px) 100vw, 1200px\" \/><\/a>\n\t\t\t<\/div><\/figure><figure class='gallery-item'>\n\t\t\t<div class='gallery-icon landscape'>\n\t\t\t\t<a href='https:\/\/d2p6e6u75xmxt8.cloudfront.net\/4\/2018\/06\/06.webp'><img loading=\"lazy\" decoding=\"async\" width=\"1200\" height=\"800\" src=\"https:\/\/d2p6e6u75xmxt8.cloudfront.net\/4\/2018\/06\/06.webp\" class=\"attachment-full size-full\" alt=\"\" srcset=\"https:\/\/d2p6e6u75xmxt8.cloudfront.net\/4\/2018\/06\/06.webp 1200w, https:\/\/d2p6e6u75xmxt8.cloudfront.net\/4\/2018\/06\/06-300x200.webp 300w, https:\/\/d2p6e6u75xmxt8.cloudfront.net\/4\/2018\/06\/06-1024x683.webp 1024w, https:\/\/d2p6e6u75xmxt8.cloudfront.net\/4\/2018\/06\/06-768x512.webp 768w, https:\/\/d2p6e6u75xmxt8.cloudfront.net\/4\/2018\/06\/06-272x182.webp 272w\" sizes=\"auto, (max-width: 1200px) 100vw, 1200px\" \/><\/a>\n\t\t\t<\/div><\/figure>\n\t\t<\/div>\n        \n<p>Pretekov sa rozhodne netreba b\u00e1\u0165, <strong>krat\u0161ie trasy zvl\u00e1dnu aj za\u010diato\u010dn\u00edci<\/strong> a ved\u00fa spravidla menej n\u00e1ro\u010dn\u00fdm ter\u00e9nom. Dobr\u00e9 zabezpe\u010denie jednotliv\u00fdch akci\u00ed je z\u00e1rukou toho, \u017ee sa jednoducho len preveziete po peknej trase a tro\u0161ka zv\u00fd\u0161en\u00e9ho adrenal\u00ednu v\u00e1s dotla\u010d\u00ed mo\u017eno k v\u00e1\u0161mu \u017eivotn\u00e9mu v\u00fdkonu. Z\u00edskate tak ve\u013ek\u00fa motiv\u00e1ciu do \u010fal\u0161ieho tr\u00e9ningu, preto\u017ee sa budete porovn\u00e1va\u0165 s ostatn\u00fdmi a budete chcie\u0165 zlep\u0161i\u0165 svoje v\u00fdsledky. \u017deny s\u00fa v mnoh\u00fdch pr\u00edpadoch v\u00fdrazne s\u00fa\u0165a\u017eiv\u00e9 typy, ve\u010f predsa nie ste hor\u0161ia ako va\u0161a kamar\u00e1tka! \ud83d\ude42<\/p>\n","protected":false},"excerpt":{"rendered":"<p>\u017densk\u00e1 cyklistika u\u017e dnes nie je ni\u010d\u00edm v\u00fdnimo\u010dn\u00fdm, pr\u00e1ve naopak, tomuto \u0161portu sa venuje \u010doraz viac z\u00e1stupk\u00fd\u0148 ne\u017en\u00e9ho pohlavia. \u010ci [&hellip;]<\/p>\n","protected":false},"author":38,"featured_media":3836,"comment_status":"open","ping_status":"open","sticky":false,"template":"","format":"standard","meta":{"footnotes":""},"categories":[4,3,34],"tags":[115,331,180,178,412,179,474,35,77,475],"global-categories":[],"class_list":["post-3825","post","type-post","status-publish","format-standard","has-post-thumbnail","hentry","category-cestna-cyklisitika","category-mtb","category-podujatia","tag-cestna-cyklistika","tag-etapove-preteky","tag-horska-cyklistika","tag-maraton","tag-mtb","tag-preteky","tag-rodinny-maraton","tag-sbot","tag-skoda-dedina","tag-zeny"],"yoast_head":"<!-- This site is optimized with the Yoast SEO Premium plugin v25.3 (Yoast SEO v25.9) - https:\/\/yoast.com\/wordpress\/plugins\/seo\/ -->\n<title>Cyklistick\u00e9 preteky \u2013 akcia nielen pre mu\u017eov<\/title>\n<meta name=\"description\" content=\"\u017densk\u00e1 cyklistika u\u017e dnes nie je ni\u010d\u00edm v\u00fdnimo\u010dn\u00fdm, pr\u00e1ve naopak, tomuto \u0161portu sa venuje \u010doraz viac z\u00e1stupk\u00fd\u0148 ne\u017en\u00e9ho pohlavia.\" \/>\n<meta name=\"robots\" content=\"index, follow, max-snippet:-1, max-image-preview:large, max-video-preview:-1\" \/>\n<link rel=\"canonical\" href=\"https:\/\/www.welovecycling.com\/sk\/2018\/07\/23\/cyklisticke-preteky-akcia-nielen-pre-muzov\/\" \/>\n<meta property=\"og:locale\" content=\"sk_SK\" \/>\n<meta property=\"og:type\" content=\"article\" \/>\n<meta property=\"og:title\" content=\"Cyklistick\u00e9 preteky \u2013 akcia nielen pre mu\u017eov\" \/>\n<meta property=\"og:description\" content=\"\u017densk\u00e1 cyklistika u\u017e dnes nie je ni\u010d\u00edm v\u00fdnimo\u010dn\u00fdm, pr\u00e1ve naopak, tomuto \u0161portu sa venuje \u010doraz viac z\u00e1stupk\u00fd\u0148 ne\u017en\u00e9ho pohlavia.\" \/>\n<meta property=\"og:url\" content=\"https:\/\/www.welovecycling.com\/sk\/2018\/07\/23\/cyklisticke-preteky-akcia-nielen-pre-muzov\/\" \/>\n<meta property=\"og:site_name\" content=\"\u0160koda We Love Cycling Slovensko\" \/>\n<meta property=\"article:published_time\" content=\"2018-07-23T13:00:09+00:00\" \/>\n<meta property=\"article:modified_time\" content=\"2023-04-14T10:38:44+00:00\" \/>\n<meta property=\"og:image\" content=\"https:\/\/d2p6e6u75xmxt8.cloudfront.net\/4\/2018\/06\/02-1.webp\" \/>\n\t<meta property=\"og:image:width\" content=\"1375\" \/>\n\t<meta property=\"og:image:height\" content=\"600\" \/>\n\t<meta property=\"og:image:type\" content=\"image\/webp\" \/>\n<meta name=\"author\" content=\"Ondrej Ga\u0161par\" \/>\n<meta name=\"twitter:card\" content=\"summary_large_image\" \/>\n<meta name=\"twitter:label1\" content=\"Written by\" \/>\n\t<meta name=\"twitter:data1\" content=\"We Love Cycling\" \/>\n\t<meta name=\"twitter:label2\" content=\"Est. reading time\" \/>\n\t<meta name=\"twitter:data2\" content=\"3\" \/>\n<script type=\"application\/ld+json\" class=\"yoast-schema-graph\">{\"@context\":\"https:\/\/schema.org\",\"@graph\":[{\"@type\":\"WebPage\",\"@id\":\"https:\/\/www.welovecycling.com\/sk\/2018\/07\/23\/cyklisticke-preteky-akcia-nielen-pre-muzov\/\",\"url\":\"https:\/\/www.welovecycling.com\/sk\/2018\/07\/23\/cyklisticke-preteky-akcia-nielen-pre-muzov\/\",\"name\":\"Cyklistick\u00e9 preteky \u2013 akcia nielen pre mu\u017eov\",\"isPartOf\":{\"@id\":\"https:\/\/www.welovecycling.com\/sk\/#website\"},\"primaryImageOfPage\":{\"@id\":\"https:\/\/www.welovecycling.com\/sk\/2018\/07\/23\/cyklisticke-preteky-akcia-nielen-pre-muzov\/#primaryimage\"},\"image\":{\"@id\":\"https:\/\/www.welovecycling.com\/sk\/2018\/07\/23\/cyklisticke-preteky-akcia-nielen-pre-muzov\/#primaryimage\"},\"thumbnailUrl\":\"https:\/\/d2p6e6u75xmxt8.cloudfront.net\/4\/2018\/06\/02-1.webp\",\"datePublished\":\"2018-07-23T13:00:09+00:00\",\"dateModified\":\"2023-04-14T10:38:44+00:00\",\"author\":{\"@id\":\"https:\/\/www.welovecycling.com\/sk\/#\/schema\/person\/8ee09ba39b7e25b1870160aa5b3a89bc\"},\"description\":\"\u017densk\u00e1 cyklistika u\u017e dnes nie je ni\u010d\u00edm v\u00fdnimo\u010dn\u00fdm, pr\u00e1ve naopak, tomuto \u0161portu sa venuje \u010doraz viac z\u00e1stupk\u00fd\u0148 ne\u017en\u00e9ho pohlavia.\",\"breadcrumb\":{\"@id\":\"https:\/\/www.welovecycling.com\/sk\/2018\/07\/23\/cyklisticke-preteky-akcia-nielen-pre-muzov\/#breadcrumb\"},\"inLanguage\":\"sk-SK\",\"potentialAction\":[{\"@type\":\"ReadAction\",\"target\":[\"https:\/\/www.welovecycling.com\/sk\/2018\/07\/23\/cyklisticke-preteky-akcia-nielen-pre-muzov\/\"]}]},{\"@type\":\"ImageObject\",\"inLanguage\":\"sk-SK\",\"@id\":\"https:\/\/www.welovecycling.com\/sk\/2018\/07\/23\/cyklisticke-preteky-akcia-nielen-pre-muzov\/#primaryimage\",\"url\":\"https:\/\/d2p6e6u75xmxt8.cloudfront.net\/4\/2018\/06\/02-1.webp\",\"contentUrl\":\"https:\/\/d2p6e6u75xmxt8.cloudfront.net\/4\/2018\/06\/02-1.webp\",\"width\":1375,\"height\":600},{\"@type\":\"BreadcrumbList\",\"@id\":\"https:\/\/www.welovecycling.com\/sk\/2018\/07\/23\/cyklisticke-preteky-akcia-nielen-pre-muzov\/#breadcrumb\",\"itemListElement\":[{\"@type\":\"ListItem\",\"position\":1,\"name\":\"Home\",\"item\":\"https:\/\/www.welovecycling.com\/sk\/\"},{\"@type\":\"ListItem\",\"position\":2,\"name\":\"Cyklistick\u00e9 preteky \u2013 akcia nielen pre mu\u017eov\"}]},{\"@type\":\"WebSite\",\"@id\":\"https:\/\/www.welovecycling.com\/sk\/#website\",\"url\":\"https:\/\/www.welovecycling.com\/sk\/\",\"name\":\"\u0160koda We Love Cycling Slovensko\",\"description\":\"\u0160koda We Love Cycling Slovensko je v\u00e1\u0161 ka\u017edodenn\u00fd zdroj noviniek a in\u0161pir\u00e1cie z sveta cyklistiky\",\"potentialAction\":[{\"@type\":\"SearchAction\",\"target\":{\"@type\":\"EntryPoint\",\"urlTemplate\":\"https:\/\/www.welovecycling.com\/sk\/?s={search_term_string}\"},\"query-input\":{\"@type\":\"PropertyValueSpecification\",\"valueRequired\":true,\"valueName\":\"search_term_string\"}}],\"inLanguage\":\"sk-SK\"},{\"@type\":\"Person\",\"@id\":\"https:\/\/www.welovecycling.com\/sk\/#\/schema\/person\/8ee09ba39b7e25b1870160aa5b3a89bc\",\"name\":\"Ondrej Ga\u0161par\",\"image\":{\"@type\":\"ImageObject\",\"inLanguage\":\"sk-SK\",\"@id\":\"https:\/\/www.welovecycling.com\/sk\/#\/schema\/person\/image\/\",\"url\":\"https:\/\/secure.gravatar.com\/avatar\/6126c9afb87b70da5abbb083ddbb21933da15f18f8ca7cb822aba0fb096a48f6?s=96&d=mm&r=g\",\"contentUrl\":\"https:\/\/secure.gravatar.com\/avatar\/6126c9afb87b70da5abbb083ddbb21933da15f18f8ca7cb822aba0fb096a48f6?s=96&d=mm&r=g\",\"caption\":\"Ondrej Ga\u0161par\"},\"url\":\"https:\/\/www.welovecycling.com\/sk\/author\/ondrejgaspar\/\"}]}<\/script>\n<!-- \/ Yoast SEO Premium plugin. -->","yoast_head_json":{"title":"Cyklistick\u00e9 preteky \u2013 akcia nielen pre mu\u017eov","description":"\u017densk\u00e1 cyklistika u\u017e dnes nie je ni\u010d\u00edm v\u00fdnimo\u010dn\u00fdm, pr\u00e1ve naopak, tomuto \u0161portu sa venuje \u010doraz viac z\u00e1stupk\u00fd\u0148 ne\u017en\u00e9ho pohlavia.","robots":{"index":"index","follow":"follow","max-snippet":"max-snippet:-1","max-image-preview":"max-image-preview:large","max-video-preview":"max-video-preview:-1"},"canonical":"https:\/\/www.welovecycling.com\/sk\/2018\/07\/23\/cyklisticke-preteky-akcia-nielen-pre-muzov\/","og_locale":"sk_SK","og_type":"article","og_title":"Cyklistick\u00e9 preteky \u2013 akcia nielen pre mu\u017eov","og_description":"\u017densk\u00e1 cyklistika u\u017e dnes nie je ni\u010d\u00edm v\u00fdnimo\u010dn\u00fdm, pr\u00e1ve naopak, tomuto \u0161portu sa venuje \u010doraz viac z\u00e1stupk\u00fd\u0148 ne\u017en\u00e9ho pohlavia.","og_url":"https:\/\/www.welovecycling.com\/sk\/2018\/07\/23\/cyklisticke-preteky-akcia-nielen-pre-muzov\/","og_site_name":"\u0160koda We Love Cycling Slovensko","article_published_time":"2018-07-23T13:00:09+00:00","article_modified_time":"2023-04-14T10:38:44+00:00","og_image":[{"width":1375,"height":600,"url":"https:\/\/d2p6e6u75xmxt8.cloudfront.net\/4\/2018\/06\/02-1.webp","type":"image\/webp"}],"author":"Ondrej Ga\u0161par","twitter_card":"summary_large_image","twitter_misc":{"Written by":"We Love Cycling","Est. reading time":"3"},"schema":{"@context":"https:\/\/schema.org","@graph":[{"@type":"WebPage","@id":"https:\/\/www.welovecycling.com\/sk\/2018\/07\/23\/cyklisticke-preteky-akcia-nielen-pre-muzov\/","url":"https:\/\/www.welovecycling.com\/sk\/2018\/07\/23\/cyklisticke-preteky-akcia-nielen-pre-muzov\/","name":"Cyklistick\u00e9 preteky \u2013 akcia nielen pre mu\u017eov","isPartOf":{"@id":"https:\/\/www.welovecycling.com\/sk\/#website"},"primaryImageOfPage":{"@id":"https:\/\/www.welovecycling.com\/sk\/2018\/07\/23\/cyklisticke-preteky-akcia-nielen-pre-muzov\/#primaryimage"},"image":{"@id":"https:\/\/www.welovecycling.com\/sk\/2018\/07\/23\/cyklisticke-preteky-akcia-nielen-pre-muzov\/#primaryimage"},"thumbnailUrl":"https:\/\/d2p6e6u75xmxt8.cloudfront.net\/4\/2018\/06\/02-1.webp","datePublished":"2018-07-23T13:00:09+00:00","dateModified":"2023-04-14T10:38:44+00:00","author":{"@id":"https:\/\/www.welovecycling.com\/sk\/#\/schema\/person\/8ee09ba39b7e25b1870160aa5b3a89bc"},"description":"\u017densk\u00e1 cyklistika u\u017e dnes nie je ni\u010d\u00edm v\u00fdnimo\u010dn\u00fdm, pr\u00e1ve naopak, tomuto \u0161portu sa venuje \u010doraz viac z\u00e1stupk\u00fd\u0148 ne\u017en\u00e9ho pohlavia.","breadcrumb":{"@id":"https:\/\/www.welovecycling.com\/sk\/2018\/07\/23\/cyklisticke-preteky-akcia-nielen-pre-muzov\/#breadcrumb"},"inLanguage":"sk-SK","potentialAction":[{"@type":"ReadAction","target":["https:\/\/www.welovecycling.com\/sk\/2018\/07\/23\/cyklisticke-preteky-akcia-nielen-pre-muzov\/"]}]},{"@type":"ImageObject","inLanguage":"sk-SK","@id":"https:\/\/www.welovecycling.com\/sk\/2018\/07\/23\/cyklisticke-preteky-akcia-nielen-pre-muzov\/#primaryimage","url":"https:\/\/d2p6e6u75xmxt8.cloudfront.net\/4\/2018\/06\/02-1.webp","contentUrl":"https:\/\/d2p6e6u75xmxt8.cloudfront.net\/4\/2018\/06\/02-1.webp","width":1375,"height":600},{"@type":"BreadcrumbList","@id":"https:\/\/www.welovecycling.com\/sk\/2018\/07\/23\/cyklisticke-preteky-akcia-nielen-pre-muzov\/#breadcrumb","itemListElement":[{"@type":"ListItem","position":1,"name":"Home","item":"https:\/\/www.welovecycling.com\/sk\/"},{"@type":"ListItem","position":2,"name":"Cyklistick\u00e9 preteky \u2013 akcia nielen pre mu\u017eov"}]},{"@type":"WebSite","@id":"https:\/\/www.welovecycling.com\/sk\/#website","url":"https:\/\/www.welovecycling.com\/sk\/","name":"\u0160koda We Love Cycling Slovensko","description":"\u0160koda We Love Cycling Slovensko je v\u00e1\u0161 ka\u017edodenn\u00fd zdroj noviniek a in\u0161pir\u00e1cie z sveta cyklistiky","potentialAction":[{"@type":"SearchAction","target":{"@type":"EntryPoint","urlTemplate":"https:\/\/www.welovecycling.com\/sk\/?s={search_term_string}"},"query-input":{"@type":"PropertyValueSpecification","valueRequired":true,"valueName":"search_term_string"}}],"inLanguage":"sk-SK"},{"@type":"Person","@id":"https:\/\/www.welovecycling.com\/sk\/#\/schema\/person\/8ee09ba39b7e25b1870160aa5b3a89bc","name":"Ondrej Ga\u0161par","image":{"@type":"ImageObject","inLanguage":"sk-SK","@id":"https:\/\/www.welovecycling.com\/sk\/#\/schema\/person\/image\/","url":"https:\/\/secure.gravatar.com\/avatar\/6126c9afb87b70da5abbb083ddbb21933da15f18f8ca7cb822aba0fb096a48f6?s=96&d=mm&r=g","contentUrl":"https:\/\/secure.gravatar.com\/avatar\/6126c9afb87b70da5abbb083ddbb21933da15f18f8ca7cb822aba0fb096a48f6?s=96&d=mm&r=g","caption":"Ondrej Ga\u0161par"},"url":"https:\/\/www.welovecycling.com\/sk\/author\/ondrejgaspar\/"}]}},"_links":{"self":[{"href":"https:\/\/www.welovecycling.com\/sk\/wp-json\/wp\/v2\/posts\/3825","targetHints":{"allow":["GET"]}}],"collection":[{"href":"https:\/\/www.welovecycling.com\/sk\/wp-json\/wp\/v2\/posts"}],"about":[{"href":"https:\/\/www.welovecycling.com\/sk\/wp-json\/wp\/v2\/types\/post"}],"author":[{"embeddable":true,"href":"https:\/\/www.welovecycling.com\/sk\/wp-json\/wp\/v2\/users\/38"}],"replies":[{"embeddable":true,"href":"https:\/\/www.welovecycling.com\/sk\/wp-json\/wp\/v2\/comments?post=3825"}],"version-history":[{"count":2,"href":"https:\/\/www.welovecycling.com\/sk\/wp-json\/wp\/v2\/posts\/3825\/revisions"}],"predecessor-version":[{"id":17149,"href":"https:\/\/www.welovecycling.com\/sk\/wp-json\/wp\/v2\/posts\/3825\/revisions\/17149"}],"wp:featuredmedia":[{"embeddable":true,"href":"https:\/\/www.welovecycling.com\/sk\/wp-json\/wp\/v2\/media\/3836"}],"wp:attachment":[{"href":"https:\/\/www.welovecycling.com\/sk\/wp-json\/wp\/v2\/media?parent=3825"}],"wp:term":[{"taxonomy":"category","embeddable":true,"href":"https:\/\/www.welovecycling.com\/sk\/wp-json\/wp\/v2\/categories?post=3825"},{"taxonomy":"post_tag","embeddable":true,"href":"https:\/\/www.welovecycling.com\/sk\/wp-json\/wp\/v2\/tags?post=3825"},{"taxonomy":"global-categories","embeddable":true,"href":"https:\/\/www.welovecycling.com\/sk\/wp-json\/wp\/v2\/global-categories?post=3825"}],"curies":[{"name":"wp","href":"https:\/\/api.w.org\/{rel}","templated":true}]}}