{"id":3764,"date":"2018-06-01T18:04:59","date_gmt":"2018-06-01T16:04:59","guid":{"rendered":"https:\/\/www.welovecycling.com\/sk\/?p=3764"},"modified":"2018-06-01T18:04:59","modified_gmt":"2018-06-01T16:04:59","slug":"pozvanka-author-skoda-bikemaraton-sulovske-skaly","status":"publish","type":"post","link":"https:\/\/www.welovecycling.com\/sk\/2018\/06\/01\/pozvanka-author-skoda-bikemaraton-sulovske-skaly\/","title":{"rendered":"Pozv\u00e1nka: AUTHOR \u0160koda Bikemarat\u00f3n S\u00fa\u013eovsk\u00e9 skaly \u2013 pr\u00ed\u010f si zajazdi\u0165 v kr\u00e1snej pr\u00edrodnej scen\u00e9rii"},"content":{"rendered":"<p><strong>Na\u0161a s\u00e9ria \u0160koda BIKE OPEN TOUR sa u\u017e te\u0161\u00ed na \u010fal\u0161ie pokra\u010dovanie, tentokr\u00e1t sa vid\u00edme v sobotu 23. j\u00fana na jubilejnom 20. ro\u010dn\u00edku AUTHOR \u0160koda Bikemarat\u00f3n S\u00fa\u013eovsk\u00e9 skaly.<\/strong><!--more--><\/p>\n<p><a href=\"https:\/\/d2p6e6u75xmxt8.cloudfront.net\/4\/2018\/05\/01-2.jpg\"><img loading=\"lazy\" decoding=\"async\" class=\"alignnone size-full wp-image-3766\" src=\"https:\/\/d2p6e6u75xmxt8.cloudfront.net\/4\/2018\/05\/01-2.jpg\" alt=\"\" width=\"1200\" height=\"800\" \/><\/a><\/p>\n<p>Marat\u00f3n je okrem s\u00e9rie \u0160koda BIKE OPEN TOUR zaraden\u00fd aj do seri\u00e1lu Slovensk\u00e9ho poh\u00e1ra XCM. V unik\u00e1tnej panor\u00e1me S\u00fa\u013eovsk\u00fdch sk\u00e1l \u010dakaj\u00fa na pretek\u00e1rov <strong>\u0161tyri d\u013a\u017eky trate<\/strong>, z ktor\u00fdch si je potrebn\u00e9 vybra\u0165 vopred v prihl\u00e1\u0161ke, \u010di pri prezent\u00e1cii. Najdlh\u0161ia tra\u0165 pon\u00fakne slu\u0161n\u00fa porciu jazdenia v podobe 85 km s prev\u00fd\u0161en\u00edm 3 170 m. \u010eal\u0161ou mo\u017enos\u0165ou je tra\u0165 s d\u013a\u017ekou 60 km, na ktorej pretek\u00e1ri nast\u00fapaj\u00fa 2 380 m. Najvy\u0161\u0161\u00ed po\u010det jazdcov sa u\u017e tradi\u010dne o\u010dak\u00e1va na trati dlhej 35 km s prev\u00fd\u0161en\u00edm 1 350 m, preto bude jej \u0161tart op\u00e4\u0165 rozdelen\u00fd do 2 v\u013an. Pre t\u00fdch opatrnej\u0161\u00edch je v ponuke aj tra\u0165, na ktorej pretek\u00e1ri prejd\u00fa 19 km, a pritom nast\u00fapaj\u00fa 570 m.<\/p>\n<p><a href=\"https:\/\/d2p6e6u75xmxt8.cloudfront.net\/4\/2018\/05\/02-2.jpg\"><img loading=\"lazy\" decoding=\"async\" class=\"alignnone size-full wp-image-3767\" src=\"https:\/\/d2p6e6u75xmxt8.cloudfront.net\/4\/2018\/05\/02-2.jpg\" alt=\"\" width=\"1200\" height=\"800\" \/><\/a><\/p>\n<p>S\u00e9ria MTB marat\u00f3nov s podporou gener\u00e1lneho partnera <strong>\u0160koda AUTO Slovensko<\/strong> pozost\u00e1va zo \u0161iestich pretekov na \u00fazem\u00ed Slovenskej republiky a S\u00fa\u013eovsk\u00e9 skaly bud\u00fa dejiskom jej tohtoro\u010dn\u00e9ho tretieho kola. Minul\u00e9mu ro\u010dn\u00edku prialo aj kr\u00e1sne slne\u010dn\u00e9 po\u010dasie a viac si o jeho priebehu m\u00f4\u017eete pre\u010d\u00edta\u0165 v na\u0161ej report\u00e1\u017ei.<\/p>\n<div class=\"shortcode-ys-post-pinup\"><article class=\"loop-simple post-1224 post type-post status-publish format-video has-post-thumbnail hentry category-mtb category-podujatia category-reportaz category-sbot tag-author-skoda-bikemaraton-sulovske-skaly tag-horska-cyklistika tag-jan-kocis tag-martin-imrich tag-podujatia tag-reportaz tag-sbot tag-sulov post_format-post-format-video\" data-postid=\"1224\" role=\"article\" data-post-id=\"1224\" data-word-count=\"1057\" data-headline-length=\"102\" data-category=\"MTB\" data-author=\"Martin Imrich\" data-published=\"2017-06-28T18:15:38+02:00\" data-published-day=\"Wednesday\">\n    <div class=\"entry-thumbnail article-thumbnail video-thumbnail\" content=\"https:\/\/d2p6e6u75xmxt8.cloudfront.net\/4\/2017\/06\/uvodna-1-150x150.webp\"><svg class=\"play font-icon\"><use href=\"#play_round\" xlink:href=\"#play_round\"><\/use><\/svg><a href=\"https:\/\/www.welovecycling.com\/sk\/2017\/06\/28\/reportaz-author-skoda-bikemaraton-sulovske-skaly-vyborna-trat-este-vacsia-zabava\/\" class=\"image-holder\" target=\"_self\"><img decoding=\"async\" loading=\"lazy\" class=\"\" src=\"https:\/\/d2p6e6u75xmxt8.cloudfront.net\/4\/2017\/06\/uvodna-1-1024x447.webp\" srcset=\"https:\/\/d2p6e6u75xmxt8.cloudfront.net\/4\/2017\/06\/uvodna-1.webp 1375w, https:\/\/d2p6e6u75xmxt8.cloudfront.net\/4\/2017\/06\/uvodna-1-300x131.webp 300w, https:\/\/d2p6e6u75xmxt8.cloudfront.net\/4\/2017\/06\/uvodna-1-1024x447.webp 1024w, https:\/\/d2p6e6u75xmxt8.cloudfront.net\/4\/2017\/06\/uvodna-1-768x335.webp 768w\" width=\"1024\" height=\"447\" sizes=\"auto, (min-width: 1200px) 458px, (min-width: 768px) 38vw, 100vw\" alt=\"reportaz-author-skoda-bikemaraton-sulovske-skaly-vyborna-trat-este-vacsia-zabava\"\/><\/a><\/div>    <div class=\"entry-meta\">\n        <a class=\"label label-secondary post-category\" href=\"https:\/\/www.welovecycling.com\/sk\/category\/mtb\/\" title=\"MTB\">MTB<\/a>\n    <\/div>\n    <div class=\"entry-details\">\n        <a href=\"https:\/\/www.welovecycling.com\/sk\/2017\/06\/28\/reportaz-author-skoda-bikemaraton-sulovske-skaly-vyborna-trat-este-vacsia-zabava\/\" class='entry-title-wrapper'>\n            <h3 class=\"entry-title\"><span>REPORT\u00c1\u017d: AUTHOR \u0160koda bikemarat\u00f3n S\u00fa\u013eovsk\u00e9 skaly \u2013 v\u00fdborn\u00e1 tra\u0165 a e\u0161te v\u00e4\u010d\u0161ia z\u00e1bava<\/span><\/h3>\n        <\/a>\n    <\/div>\n    <\/article>\n<\/div>\n<p>Pr\u00edrodn\u00e1 scen\u00e9ria tohto podujatia pon\u00faka naozaj mimoriadne v\u00fdh\u013eady, ktor\u00fdmi sa m\u00f4\u017eete pokocha\u0165 aj <a href=\"https:\/\/www.welovecycling.com\/sk\/2017\/06\/24\/foto-author-skoda-bikemaraton-sulovske-skaly-2017-igor-petrilla\/\" target=\"_blank\" rel=\"noopener\">v rozsiahlej fotogal\u00e9rii<\/a>.<\/p>\n<lite-youtube videoid=yVY3wv59CJg params=\"enablejsapi=1\" style=\"background-image: url('https:\/\/i.ytimg.com\/vi_webp\/yVY3wv59CJg\/maxresdefault.webp');\"><\/lite-youtube>\n<h2><strong>Pestr\u00fd sprievodn\u00fd program<\/strong><\/h2>\n<p>Op\u00e4\u0165 sa m\u00f4\u017eete te\u0161i\u0165 na akt\u00edvny de\u0148, po\u010das ktor\u00e9ho sa nebude nudi\u0165 ani jeden \u010dlen va\u0161ej rodiny. \u0160koda BIKE OPEN TOUR prinesie do S\u00fa\u013eova u\u017e tradi\u010dn\u00fa porciu z\u00e1bavy pre v\u0161etk\u00fdch z\u00fa\u010dastnen\u00fdch v podobe <strong>pestr\u00e9ho sprievodn\u00e9ho programu<\/strong>. Deti sa vybl\u00e1znia na nafukovacom hrade \u010di \u0161m\u00fdka\u010dke. Tohtoro\u010dn\u00e1 novinka v podobe <strong>ma\u013eovania na auto \u0160koda KAROQ<\/strong> sa te\u0161\u00ed ve\u013ek\u00e9mu \u00faspechu a ver\u00edme, \u017ee tomu nebude inak ani po\u010das tohto kola. Pretek\u00e1ri sa bud\u00fa m\u00f4c\u0165 po dojazde do cie\u013ea postara\u0165 o \u010distotu svojich bicyklov v\u010faka um\u00fdvac\u00edm boxom. Bezpe\u010dnos\u0165 ich t\u00e1to\u0161ov zabezpe\u010d\u00ed str\u00e1\u017een\u00e1 \u00faschov\u0148a a oni si tak bud\u00fa m\u00f4c\u0165 vychutna\u0165 napr\u00edklad aj oddych na tulivakoch.<\/p>\n<div data-rows=\"1\" id='gallery-1' class='gallery-rows-1 gallery galleryid-1224 gallery-columns-2 gallery-size-full'><figure class='gallery-item'>\n\t\t\t<div class='gallery-icon landscape'>\n\t\t\t\t<a href='https:\/\/d2p6e6u75xmxt8.cloudfront.net\/4\/2018\/05\/03-2.webp'><img loading=\"lazy\" decoding=\"async\" width=\"1200\" height=\"800\" src=\"https:\/\/d2p6e6u75xmxt8.cloudfront.net\/4\/2018\/05\/03-2.webp\" class=\"attachment-full size-full\" alt=\"\" srcset=\"https:\/\/d2p6e6u75xmxt8.cloudfront.net\/4\/2018\/05\/03-2.webp 1200w, https:\/\/d2p6e6u75xmxt8.cloudfront.net\/4\/2018\/05\/03-2-300x200.webp 300w, https:\/\/d2p6e6u75xmxt8.cloudfront.net\/4\/2018\/05\/03-2-1024x683.webp 1024w, https:\/\/d2p6e6u75xmxt8.cloudfront.net\/4\/2018\/05\/03-2-768x512.webp 768w, https:\/\/d2p6e6u75xmxt8.cloudfront.net\/4\/2018\/05\/03-2-272x182.webp 272w\" sizes=\"auto, (max-width: 1200px) 100vw, 1200px\" \/><\/a>\n\t\t\t<\/div><\/figure><figure class='gallery-item'>\n\t\t\t<div class='gallery-icon landscape'>\n\t\t\t\t<a href='https:\/\/d2p6e6u75xmxt8.cloudfront.net\/4\/2018\/05\/04-2.webp'><img loading=\"lazy\" decoding=\"async\" width=\"1200\" height=\"800\" src=\"https:\/\/d2p6e6u75xmxt8.cloudfront.net\/4\/2018\/05\/04-2.webp\" class=\"attachment-full size-full\" alt=\"\" srcset=\"https:\/\/d2p6e6u75xmxt8.cloudfront.net\/4\/2018\/05\/04-2.webp 1200w, https:\/\/d2p6e6u75xmxt8.cloudfront.net\/4\/2018\/05\/04-2-300x200.webp 300w, https:\/\/d2p6e6u75xmxt8.cloudfront.net\/4\/2018\/05\/04-2-1024x683.webp 1024w, https:\/\/d2p6e6u75xmxt8.cloudfront.net\/4\/2018\/05\/04-2-768x512.webp 768w, https:\/\/d2p6e6u75xmxt8.cloudfront.net\/4\/2018\/05\/04-2-272x182.webp 272w\" sizes=\"auto, (max-width: 1200px) 100vw, 1200px\" \/><\/a>\n\t\t\t<\/div><\/figure>\n\t\t<\/div>\n        \n<h2><strong>Tombola<\/strong><\/h2>\n<p>Odmenou za v\u00fdkon podan\u00fd na trati bude pre v\u0161etk\u00fdch u\u017e tradi\u010dne <strong>bohat\u00e1 tombola<\/strong>, v ktorej v\u00e1s op\u00e4\u0165 \u010dak\u00e1 mo\u017enos\u0165 vyhra\u0165 hodnotn\u00e9 ceny. Na konci celej s\u00e9rie je pripraven\u00e1 fin\u00e1lna tombola a podmienkou pre zaradenie do nej je \u00faspe\u0161n\u00e9 absolvovanie minim\u00e1lne 4 pretekov z celej \u0160koda BIKE OPEN TOUR s\u00e9rie. Do celkov\u00e9ho bodovania a vyhodnotenia sa ka\u017ed\u00e9mu \u00fa\u010dastn\u00edkovi zapo\u010d\u00edtavaj\u00fa 4 najlep\u0161ie v\u00fdsledky z absolvovan\u00fdch pretekov \u0160koda BIKE OPEN TOUR s\u00e9rie. V\u00fdsledn\u00e9 bodovanie s\u00e9rie ur\u010d\u00ed celkovo 33 v\u00ed\u0165azov v 11 kateg\u00f3ri\u00e1ch na prv\u00fdch, druh\u00fdch a tret\u00edch miestach. Cien je pripraven\u00fdch naozaj dos\u0165, tak\u017ee sa u\u017e sta\u010d\u00ed len zaregistrova\u0165 a pr\u00eds\u0165 do S\u00fa\u013eova str\u00e1vi\u0165 pr\u00edjemn\u00fd letn\u00fd de\u0148.<\/p>\n<p>Viac inform\u00e1ci\u00ed a propoz\u00edcie n\u00e1jdete na <a href=\"http:\/\/www.cyklotour.sk\/\" target=\"_blank\" rel=\"noopener\">str\u00e1nke marat\u00f3nu<\/a>.<\/p>\n<p><a href=\"https:\/\/d2p6e6u75xmxt8.cloudfront.net\/4\/2018\/05\/05-2.jpg\"><img loading=\"lazy\" decoding=\"async\" class=\"alignnone size-full wp-image-3773\" src=\"https:\/\/d2p6e6u75xmxt8.cloudfront.net\/4\/2018\/05\/05-2.jpg\" alt=\"\" width=\"1200\" height=\"800\" \/><\/a><\/p>\n<p>(zdroj titulnej fotky: J\u00e1n Melicher)<\/p>\n","protected":false},"excerpt":{"rendered":"<p>Na\u0161a s\u00e9ria \u0160koda BIKE OPEN TOUR sa u\u017e te\u0161\u00ed na \u010fal\u0161ie pokra\u010dovanie, tentokr\u00e1t sa vid\u00edme v sobotu 23. j\u00fana na [&hellip;]<\/p>\n","protected":false},"author":38,"featured_media":3771,"comment_status":"open","ping_status":"open","sticky":false,"template":"","format":"standard","meta":{"footnotes":""},"categories":[3,34,33],"tags":[403,450,180,178,412,91,179,35,77,468,92,114],"global-categories":[],"class_list":["post-3764","post","type-post","status-publish","format-standard","has-post-thumbnail","hentry","category-mtb","category-podujatia","category-sbot","tag-author-skoda-bikemaraton-sulovske-skaly","tag-cyklo-guru","tag-horska-cyklistika","tag-maraton","tag-mtb","tag-pozvanka","tag-preteky","tag-sbot","tag-skoda-dedina","tag-skoda-karoq","tag-skoda-tim","tag-sulov"],"yoast_head":"<!-- This site is optimized with the Yoast SEO Premium plugin v25.3 (Yoast SEO v25.9) - https:\/\/yoast.com\/wordpress\/plugins\/seo\/ -->\n<title>Pozv\u00e1nka: AUTHOR \u0160koda Bikemarat\u00f3n S\u00fa\u013eovsk\u00e9 skaly \u2013 pr\u00ed\u010f si zajazdi\u0165 v kr\u00e1snej pr\u00edrodnej scen\u00e9rii - \u0160koda We Love Cycling Slovensko<\/title>\n<meta name=\"robots\" content=\"index, follow, max-snippet:-1, max-image-preview:large, max-video-preview:-1\" \/>\n<link rel=\"canonical\" href=\"https:\/\/www.welovecycling.com\/sk\/2018\/06\/01\/pozvanka-author-skoda-bikemaraton-sulovske-skaly\/\" \/>\n<meta property=\"og:locale\" content=\"sk_SK\" \/>\n<meta property=\"og:type\" content=\"article\" \/>\n<meta property=\"og:title\" content=\"Pozv\u00e1nka: AUTHOR \u0160koda Bikemarat\u00f3n S\u00fa\u013eovsk\u00e9 skaly \u2013 pr\u00ed\u010f si zajazdi\u0165 v kr\u00e1snej pr\u00edrodnej scen\u00e9rii\" \/>\n<meta property=\"og:description\" content=\"Na\u0161a s\u00e9ria \u0160koda BIKE OPEN TOUR sa u\u017e te\u0161\u00ed na \u010fal\u0161ie pokra\u010dovanie, tentokr\u00e1t sa vid\u00edme v sobotu 23. j\u00fana na [&hellip;]\" \/>\n<meta property=\"og:url\" content=\"https:\/\/www.welovecycling.com\/sk\/2018\/06\/01\/pozvanka-author-skoda-bikemaraton-sulovske-skaly\/\" \/>\n<meta property=\"og:site_name\" content=\"\u0160koda We Love Cycling Slovensko\" \/>\n<meta property=\"article:published_time\" content=\"2018-06-01T16:04:59+00:00\" \/>\n<meta property=\"og:image\" content=\"https:\/\/d2p6e6u75xmxt8.cloudfront.net\/4\/2018\/05\/sulov.webp\" \/>\n\t<meta property=\"og:image:width\" content=\"1375\" \/>\n\t<meta property=\"og:image:height\" content=\"600\" \/>\n\t<meta property=\"og:image:type\" content=\"image\/webp\" \/>\n<meta name=\"author\" content=\"Ondrej Ga\u0161par\" \/>\n<meta name=\"twitter:card\" content=\"summary_large_image\" \/>\n<meta name=\"twitter:label1\" content=\"Written by\" \/>\n\t<meta name=\"twitter:data1\" content=\"Martin Imrich\" \/>\n\t<meta name=\"twitter:label2\" content=\"Est. watching time\" \/>\n\t<meta name=\"twitter:data2\" content=\"12:40\" \/>\n<script type=\"application\/ld+json\" class=\"yoast-schema-graph\">{\"@context\":\"https:\/\/schema.org\",\"@graph\":[{\"@type\":\"WebPage\",\"@id\":\"https:\/\/www.welovecycling.com\/sk\/2018\/06\/01\/pozvanka-author-skoda-bikemaraton-sulovske-skaly\/\",\"url\":\"https:\/\/www.welovecycling.com\/sk\/2018\/06\/01\/pozvanka-author-skoda-bikemaraton-sulovske-skaly\/\",\"name\":\"Pozv\u00e1nka: AUTHOR \u0160koda Bikemarat\u00f3n S\u00fa\u013eovsk\u00e9 skaly \u2013 pr\u00ed\u010f si zajazdi\u0165 v kr\u00e1snej pr\u00edrodnej scen\u00e9rii - \u0160koda We Love Cycling Slovensko\",\"isPartOf\":{\"@id\":\"https:\/\/www.welovecycling.com\/sk\/#website\"},\"primaryImageOfPage\":{\"@id\":\"https:\/\/www.welovecycling.com\/sk\/2018\/06\/01\/pozvanka-author-skoda-bikemaraton-sulovske-skaly\/#primaryimage\"},\"image\":{\"@id\":\"https:\/\/www.welovecycling.com\/sk\/2018\/06\/01\/pozvanka-author-skoda-bikemaraton-sulovske-skaly\/#primaryimage\"},\"thumbnailUrl\":\"https:\/\/d2p6e6u75xmxt8.cloudfront.net\/4\/2018\/05\/sulov.webp\",\"datePublished\":\"2018-06-01T16:04:59+00:00\",\"author\":{\"@id\":\"https:\/\/www.welovecycling.com\/sk\/#\/schema\/person\/8ee09ba39b7e25b1870160aa5b3a89bc\"},\"breadcrumb\":{\"@id\":\"https:\/\/www.welovecycling.com\/sk\/2018\/06\/01\/pozvanka-author-skoda-bikemaraton-sulovske-skaly\/#breadcrumb\"},\"inLanguage\":\"sk-SK\",\"potentialAction\":[{\"@type\":\"ReadAction\",\"target\":[\"https:\/\/www.welovecycling.com\/sk\/2018\/06\/01\/pozvanka-author-skoda-bikemaraton-sulovske-skaly\/\"]}]},{\"@type\":\"ImageObject\",\"inLanguage\":\"sk-SK\",\"@id\":\"https:\/\/www.welovecycling.com\/sk\/2018\/06\/01\/pozvanka-author-skoda-bikemaraton-sulovske-skaly\/#primaryimage\",\"url\":\"https:\/\/d2p6e6u75xmxt8.cloudfront.net\/4\/2018\/05\/sulov.webp\",\"contentUrl\":\"https:\/\/d2p6e6u75xmxt8.cloudfront.net\/4\/2018\/05\/sulov.webp\",\"width\":1375,\"height\":600},{\"@type\":\"BreadcrumbList\",\"@id\":\"https:\/\/www.welovecycling.com\/sk\/2018\/06\/01\/pozvanka-author-skoda-bikemaraton-sulovske-skaly\/#breadcrumb\",\"itemListElement\":[{\"@type\":\"ListItem\",\"position\":1,\"name\":\"Home\",\"item\":\"https:\/\/www.welovecycling.com\/sk\/\"},{\"@type\":\"ListItem\",\"position\":2,\"name\":\"Pozv\u00e1nka: AUTHOR \u0160koda Bikemarat\u00f3n S\u00fa\u013eovsk\u00e9 skaly \u2013 pr\u00ed\u010f si zajazdi\u0165 v kr\u00e1snej pr\u00edrodnej scen\u00e9rii\"}]},{\"@type\":\"WebSite\",\"@id\":\"https:\/\/www.welovecycling.com\/sk\/#website\",\"url\":\"https:\/\/www.welovecycling.com\/sk\/\",\"name\":\"\u0160koda We Love Cycling Slovensko\",\"description\":\"\u0160koda We Love Cycling Slovensko je v\u00e1\u0161 ka\u017edodenn\u00fd zdroj noviniek a in\u0161pir\u00e1cie z sveta cyklistiky\",\"potentialAction\":[{\"@type\":\"SearchAction\",\"target\":{\"@type\":\"EntryPoint\",\"urlTemplate\":\"https:\/\/www.welovecycling.com\/sk\/?s={search_term_string}\"},\"query-input\":{\"@type\":\"PropertyValueSpecification\",\"valueRequired\":true,\"valueName\":\"search_term_string\"}}],\"inLanguage\":\"sk-SK\"},{\"@type\":\"Person\",\"@id\":\"https:\/\/www.welovecycling.com\/sk\/#\/schema\/person\/8ee09ba39b7e25b1870160aa5b3a89bc\",\"name\":\"Ondrej Ga\u0161par\",\"image\":{\"@type\":\"ImageObject\",\"inLanguage\":\"sk-SK\",\"@id\":\"https:\/\/www.welovecycling.com\/sk\/#\/schema\/person\/image\/\",\"url\":\"https:\/\/secure.gravatar.com\/avatar\/6126c9afb87b70da5abbb083ddbb21933da15f18f8ca7cb822aba0fb096a48f6?s=96&d=mm&r=g\",\"contentUrl\":\"https:\/\/secure.gravatar.com\/avatar\/6126c9afb87b70da5abbb083ddbb21933da15f18f8ca7cb822aba0fb096a48f6?s=96&d=mm&r=g\",\"caption\":\"Ondrej Ga\u0161par\"},\"url\":\"https:\/\/www.welovecycling.com\/sk\/author\/ondrejgaspar\/\"}]}<\/script>\n<!-- \/ Yoast SEO Premium plugin. -->","yoast_head_json":{"title":"Pozv\u00e1nka: AUTHOR \u0160koda Bikemarat\u00f3n S\u00fa\u013eovsk\u00e9 skaly \u2013 pr\u00ed\u010f si zajazdi\u0165 v kr\u00e1snej pr\u00edrodnej scen\u00e9rii - \u0160koda We Love Cycling Slovensko","robots":{"index":"index","follow":"follow","max-snippet":"max-snippet:-1","max-image-preview":"max-image-preview:large","max-video-preview":"max-video-preview:-1"},"canonical":"https:\/\/www.welovecycling.com\/sk\/2018\/06\/01\/pozvanka-author-skoda-bikemaraton-sulovske-skaly\/","og_locale":"sk_SK","og_type":"article","og_title":"Pozv\u00e1nka: AUTHOR \u0160koda Bikemarat\u00f3n S\u00fa\u013eovsk\u00e9 skaly \u2013 pr\u00ed\u010f si zajazdi\u0165 v kr\u00e1snej pr\u00edrodnej scen\u00e9rii","og_description":"Na\u0161a s\u00e9ria \u0160koda BIKE OPEN TOUR sa u\u017e te\u0161\u00ed na \u010fal\u0161ie pokra\u010dovanie, tentokr\u00e1t sa vid\u00edme v sobotu 23. j\u00fana na [&hellip;]","og_url":"https:\/\/www.welovecycling.com\/sk\/2018\/06\/01\/pozvanka-author-skoda-bikemaraton-sulovske-skaly\/","og_site_name":"\u0160koda We Love Cycling Slovensko","article_published_time":"2018-06-01T16:04:59+00:00","og_image":[{"width":1375,"height":600,"url":"https:\/\/d2p6e6u75xmxt8.cloudfront.net\/4\/2018\/05\/sulov.webp","type":"image\/webp"}],"author":"Ondrej Ga\u0161par","twitter_card":"summary_large_image","twitter_misc":{"Written by":"Martin Imrich","Est. watching time":"12:40"},"schema":{"@context":"https:\/\/schema.org","@graph":[{"@type":"WebPage","@id":"https:\/\/www.welovecycling.com\/sk\/2018\/06\/01\/pozvanka-author-skoda-bikemaraton-sulovske-skaly\/","url":"https:\/\/www.welovecycling.com\/sk\/2018\/06\/01\/pozvanka-author-skoda-bikemaraton-sulovske-skaly\/","name":"Pozv\u00e1nka: AUTHOR \u0160koda Bikemarat\u00f3n S\u00fa\u013eovsk\u00e9 skaly \u2013 pr\u00ed\u010f si zajazdi\u0165 v kr\u00e1snej pr\u00edrodnej scen\u00e9rii - \u0160koda We Love Cycling Slovensko","isPartOf":{"@id":"https:\/\/www.welovecycling.com\/sk\/#website"},"primaryImageOfPage":{"@id":"https:\/\/www.welovecycling.com\/sk\/2018\/06\/01\/pozvanka-author-skoda-bikemaraton-sulovske-skaly\/#primaryimage"},"image":{"@id":"https:\/\/www.welovecycling.com\/sk\/2018\/06\/01\/pozvanka-author-skoda-bikemaraton-sulovske-skaly\/#primaryimage"},"thumbnailUrl":"https:\/\/d2p6e6u75xmxt8.cloudfront.net\/4\/2018\/05\/sulov.webp","datePublished":"2018-06-01T16:04:59+00:00","author":{"@id":"https:\/\/www.welovecycling.com\/sk\/#\/schema\/person\/8ee09ba39b7e25b1870160aa5b3a89bc"},"breadcrumb":{"@id":"https:\/\/www.welovecycling.com\/sk\/2018\/06\/01\/pozvanka-author-skoda-bikemaraton-sulovske-skaly\/#breadcrumb"},"inLanguage":"sk-SK","potentialAction":[{"@type":"ReadAction","target":["https:\/\/www.welovecycling.com\/sk\/2018\/06\/01\/pozvanka-author-skoda-bikemaraton-sulovske-skaly\/"]}]},{"@type":"ImageObject","inLanguage":"sk-SK","@id":"https:\/\/www.welovecycling.com\/sk\/2018\/06\/01\/pozvanka-author-skoda-bikemaraton-sulovske-skaly\/#primaryimage","url":"https:\/\/d2p6e6u75xmxt8.cloudfront.net\/4\/2018\/05\/sulov.webp","contentUrl":"https:\/\/d2p6e6u75xmxt8.cloudfront.net\/4\/2018\/05\/sulov.webp","width":1375,"height":600},{"@type":"BreadcrumbList","@id":"https:\/\/www.welovecycling.com\/sk\/2018\/06\/01\/pozvanka-author-skoda-bikemaraton-sulovske-skaly\/#breadcrumb","itemListElement":[{"@type":"ListItem","position":1,"name":"Home","item":"https:\/\/www.welovecycling.com\/sk\/"},{"@type":"ListItem","position":2,"name":"Pozv\u00e1nka: AUTHOR \u0160koda Bikemarat\u00f3n S\u00fa\u013eovsk\u00e9 skaly \u2013 pr\u00ed\u010f si zajazdi\u0165 v kr\u00e1snej pr\u00edrodnej scen\u00e9rii"}]},{"@type":"WebSite","@id":"https:\/\/www.welovecycling.com\/sk\/#website","url":"https:\/\/www.welovecycling.com\/sk\/","name":"\u0160koda We Love Cycling Slovensko","description":"\u0160koda We Love Cycling Slovensko je v\u00e1\u0161 ka\u017edodenn\u00fd zdroj noviniek a in\u0161pir\u00e1cie z sveta cyklistiky","potentialAction":[{"@type":"SearchAction","target":{"@type":"EntryPoint","urlTemplate":"https:\/\/www.welovecycling.com\/sk\/?s={search_term_string}"},"query-input":{"@type":"PropertyValueSpecification","valueRequired":true,"valueName":"search_term_string"}}],"inLanguage":"sk-SK"},{"@type":"Person","@id":"https:\/\/www.welovecycling.com\/sk\/#\/schema\/person\/8ee09ba39b7e25b1870160aa5b3a89bc","name":"Ondrej Ga\u0161par","image":{"@type":"ImageObject","inLanguage":"sk-SK","@id":"https:\/\/www.welovecycling.com\/sk\/#\/schema\/person\/image\/","url":"https:\/\/secure.gravatar.com\/avatar\/6126c9afb87b70da5abbb083ddbb21933da15f18f8ca7cb822aba0fb096a48f6?s=96&d=mm&r=g","contentUrl":"https:\/\/secure.gravatar.com\/avatar\/6126c9afb87b70da5abbb083ddbb21933da15f18f8ca7cb822aba0fb096a48f6?s=96&d=mm&r=g","caption":"Ondrej Ga\u0161par"},"url":"https:\/\/www.welovecycling.com\/sk\/author\/ondrejgaspar\/"}]}},"_links":{"self":[{"href":"https:\/\/www.welovecycling.com\/sk\/wp-json\/wp\/v2\/posts\/3764","targetHints":{"allow":["GET"]}}],"collection":[{"href":"https:\/\/www.welovecycling.com\/sk\/wp-json\/wp\/v2\/posts"}],"about":[{"href":"https:\/\/www.welovecycling.com\/sk\/wp-json\/wp\/v2\/types\/post"}],"author":[{"embeddable":true,"href":"https:\/\/www.welovecycling.com\/sk\/wp-json\/wp\/v2\/users\/38"}],"replies":[{"embeddable":true,"href":"https:\/\/www.welovecycling.com\/sk\/wp-json\/wp\/v2\/comments?post=3764"}],"version-history":[{"count":2,"href":"https:\/\/www.welovecycling.com\/sk\/wp-json\/wp\/v2\/posts\/3764\/revisions"}],"predecessor-version":[{"id":3822,"href":"https:\/\/www.welovecycling.com\/sk\/wp-json\/wp\/v2\/posts\/3764\/revisions\/3822"}],"wp:featuredmedia":[{"embeddable":true,"href":"https:\/\/www.welovecycling.com\/sk\/wp-json\/wp\/v2\/media\/3771"}],"wp:attachment":[{"href":"https:\/\/www.welovecycling.com\/sk\/wp-json\/wp\/v2\/media?parent=3764"}],"wp:term":[{"taxonomy":"category","embeddable":true,"href":"https:\/\/www.welovecycling.com\/sk\/wp-json\/wp\/v2\/categories?post=3764"},{"taxonomy":"post_tag","embeddable":true,"href":"https:\/\/www.welovecycling.com\/sk\/wp-json\/wp\/v2\/tags?post=3764"},{"taxonomy":"global-categories","embeddable":true,"href":"https:\/\/www.welovecycling.com\/sk\/wp-json\/wp\/v2\/global-categories?post=3764"}],"curies":[{"name":"wp","href":"https:\/\/api.w.org\/{rel}","templated":true}]}}