{"id":3678,"date":"2018-05-30T08:55:54","date_gmt":"2018-05-30T06:55:54","guid":{"rendered":"https:\/\/www.welovecycling.com\/sk\/?p=3678"},"modified":"2018-06-04T22:59:13","modified_gmt":"2018-06-04T20:59:13","slug":"franja-btc-city-najvacsi-slovinsky-cyklomaraton","status":"publish","type":"post","link":"https:\/\/www.welovecycling.com\/sk\/2018\/05\/30\/franja-btc-city-najvacsi-slovinsky-cyklomaraton\/","title":{"rendered":"Marat\u00f3n Franja BTC City &#8211; najv\u00e4\u010d\u0161\u00ed slovinsk\u00fd cyklomarat\u00f3n"},"content":{"rendered":"<p><strong>Najpopul\u00e1rnej\u0161ie slovinsk\u00e9 preteky amat\u00e9rskych cyklistov s \u010dasovkou a dvoma vzdialenos\u0165ami marat\u00f3nu, doplnen\u00e9 mno\u017estvom sprievodn\u00fdch programov priv\u00edtaj\u00fa v\u0161etk\u00fdch priaznivcov cyklistiky 8. &#8211; 10. j\u00fana v hlavnom meste \u013dub\u013eane.<\/strong><\/p>\n<p><img loading=\"lazy\" decoding=\"async\" class=\"alignleft wp-image-3734 size-medium\" src=\"https:\/\/d2p6e6u75xmxt8.cloudfront.net\/4\/2018\/05\/Maraton_Franja_logo_2-218x300.png\" alt=\"\" width=\"218\" height=\"300\" \/><\/p>\n<p><strong>Marat\u00f3n Franja BTC City<\/strong> m\u00e1 dlh\u00fa hist\u00f3riu a tento rok sa na slovinsk\u00fdch cest\u00e1ch uskuto\u010dn\u00ed u\u017e 37. ro\u010dn\u00edk pretekov.\u00a0<span class=\"notranslate\">Prv\u00e9 sa konali v roku 1982 a odvtedy sa ve\u013ea zmenilo. &#8222;Franja&#8220; sa rozr\u00e1stla do skuto\u010dnej masovej akcie s \u00fa\u010das\u0165ou nieko\u013ek\u00fdch tis\u00edc \u0161tartuj\u00facich. Aj tento rok sa v \u013dub\u013eane uskuto\u010dn\u00ed cyklistick\u00fd v\u00edkend nielen pre v\u0161etk\u00fdch amat\u00e9rov, ale aj cyklistick\u00fdch priaznivcov.<\/span><\/p>\n<p>V\u0161etko o pretekoch sa dozviete na ich ofici\u00e1lnej str\u00e1nke\u00a0<a href=\"http:\/\/franja.org\/\">http:\/\/franja.org\/<\/a><\/p>\n<p>Posledn\u00e9 roky je Franja aj s\u00fa\u010das\u0165ou svetovej s\u00e9rie amat\u00e9rskych pretekov UCI Gran Fondo, ktor\u00e1 m\u00e1 t\u00fato sez\u00f3nu v pl\u00e1ne 21 zastaven\u00ed po celom svete aby na jese\u0148 vyvrcholila na severe Talianska v meste Varese v regi\u00f3ne Lombardia fin\u00e1lov\u00fdmi pretekmi\u00a0<strong>Majstrovstiev sveta\u00a0UCI Gran Fondo<\/strong>, kde v\u00ed\u0165az ka\u017edej kateg\u00f3rie z\u00edskava nielen titul amat\u00e9rskeho majstra sveta ale aj rovnak\u00e9 pr\u00e1vo nosi\u0165 majstrovsk\u00fd d\u00fahov\u00fd dres ako n\u00e1\u0161 fenomen\u00e1lny cyklista Peter Sagan.<\/p>\n<p><img loading=\"lazy\" decoding=\"async\" class=\"wp-image-3730 aligncenter\" src=\"https:\/\/d2p6e6u75xmxt8.cloudfront.net\/4\/2018\/05\/gf-ucigfws-logo.png\" alt=\"\" width=\"428\" height=\"83\" \/><\/p>\n<p>Pritom dosta\u0165 sa na svetov\u00fd \u0161ampion\u00e1t nie je a\u017e tak\u00e9 zlo\u017eit\u00e9 ani pre slovensk\u00fdch cyklistov. Sta\u010d\u00ed absolvova\u0165 niektor\u00e9 z kvalifika\u010dn\u00fdch pretekov po celom svete a dokon\u010di\u0165 ich v cieli medzi prv\u00fdmi 25% pretek\u00e1rmi vo svojej kateg\u00f3rii. A pr\u00e1ve pre na\u0161inca relat\u00edvne najbli\u017e\u0161ia je\u00a0slovinsk\u00e1 &#8222;Franja&#8220;, ktor\u00e1 pon\u00faka mo\u017enos\u0165 kvalifikova\u0165 sa na svetov\u00fd \u0161ampion\u00e1t v dvoch pretekoch.<\/p>\n<p>Hlavnou my\u0161lienkou celej s\u00e9rie UCI Gran Fondo je pr\u00e1ve to, \u017ee z\u00fa\u010dastni\u0165 sa m\u00f4\u017ee ka\u017ed\u00fd , kto je v dobrej kond\u00edcii a tr\u00fafne si absolvova\u0165 niektor\u00e9 z kvalifika\u010dn\u00fdch pretekov na celom svete.<\/p>\n<p>Viac o s\u00e9rii na\u00a0<a href=\"http:\/\/www.ucigranfondoworldseries.com\">www.ucigranfondoworldseries.com<\/a><\/p>\n<h2><strong>V\u00edkendov\u00fd program\u00a0Marat\u00f3n Franja BTC City<\/strong><\/h2>\n<h3><strong>\u010casovka 22km\/44 km<\/strong><\/h3>\n<p>V piatok, 8. j\u00fana sa na trati \u013dub\u013eana &#8211; Dom\u017eale &#8211; \u013dub\u013eana uskuto\u010dn\u00ed jazda na \u010das, ktor\u00e1 je z\u00e1rove\u0148 kvalifika\u010dn\u00fdm pretekom na Majstrovstv\u00e1 sveta amat\u00e9rov v \u010dasovke.<\/p>\n<p>Krat\u0161ia tra\u0165 22 km s prev\u00fd\u0161en\u00edm 107m je ur\u010den\u00e1 pre juniorov, \u017eeny a mu\u017eov z kateg\u00f3rie Masters.<\/p>\n<p>Dva okruhy s celkovou d\u013a\u017ekou 44km absolvuj\u00fa pretek\u00e1ri kateg\u00f3rie U23 a Elite, nako\u013eko preteky s\u00fa z\u00e1rove\u0148 aj majstrovstvami Slovinska v \u010dasovke.<\/p>\n<p><img loading=\"lazy\" decoding=\"async\" class=\"aligncenter wp-image-3728 size-full\" src=\"https:\/\/d2p6e6u75xmxt8.cloudfront.net\/4\/2018\/05\/Franja-TT.png\" alt=\"\" width=\"590\" height=\"548\" \/><\/p>\n<p>Viac na <a href=\"http:\/\/en.franja.org\/time-trial-notice.html\" target=\"_blank\" rel=\"noopener\">http:\/\/en.franja.org\/time-trial-notice.html<\/a><\/p>\n<p>&nbsp;<\/p>\n<h3><strong>Barjanka (88km)<\/strong><\/h3>\n<p>Prv\u00fd kr\u00e1t sa v sobotu r\u00e1no cyklisti postavia na \u0161tart zauj\u00edmav\u00e9ho podujatia s n\u00e1zvom Barjanka, \u00famyslom ktor\u00e9ho je prezentova\u0165 pr\u00edrodn\u00e9 kr\u00e1sy ba\u017einat\u00fdch \u00fazem\u00ed v okol\u00ed \u013dub\u013eany a pre\u017ei\u0165 spomienky na prv\u00e9 s\u00fa\u0165a\u017e\u00a0z \u010dasu, ke\u010f cyklisti pretekali e\u0161te po \u0161trkov\u00fdch cest\u00e1ch. Mo\u010diare ne\u010faleko \u013dub\u013eany maj\u00fa ve\u013ek\u00e9 historick\u00e9 dedi\u010dstvo kv\u00f4li n\u00e1jdeniu kolesa 5 000 rokov\u00a0star\u00e9ho kolesa s osou. Koleso bolo objaven\u00e9 v roku 2002 za\u010diatkom jari pri starej dedine Stara Gmajna na juhoz\u00e1padnej \u010dasti ba\u017einat\u00fdch \u00fazem\u00ed.<\/p>\n<p>Viac na <a href=\"http:\/\/en.franja.org\/barjanka\/barjanka.html\" target=\"_blank\" rel=\"noopener\">http:\/\/en.franja.org\/barjanka\/barjanka.html<\/a><\/p>\n<p>&nbsp;<\/p>\n<h3><strong>Hofer rodinn\u00fd a \u0161kolsk\u00fd marat\u00f3n pre ka\u017ed\u00e9ho (25km)<\/strong><\/h3>\n<p>V sobotu od 16.00 sa na \u0161tarte stretn\u00fa rodiny s de\u0165mi, \u0161kol\u00e1ci \u010di za\u010d\u00ednaj\u00faci cyklisti, ktor\u00ed sa\u00a0 popasuj\u00fa s 25 kilometrami trate po takmer rovine.<\/p>\n<p>V cieli na ka\u017ed\u00e9ho okrem dobr\u00e9ho pocitu bude \u010daka\u0165 aj \u00fa\u010dastn\u00edcka medaila a ob\u010derstvenie.<\/p>\n<p>Viac na\u00a0<a href=\"http:\/\/en.franja.org\/family_marathon_notice.html\" target=\"_blank\" rel=\"noopener\">http:\/\/en.franja.org\/family_marathon_notice.html \u00a0<\/a><\/p>\n<p><img loading=\"lazy\" decoding=\"async\" class=\"aligncenter wp-image-3735 size-full\" src=\"https:\/\/d2p6e6u75xmxt8.cloudfront.net\/4\/2018\/05\/druzinski-net.JPG.jpg\" alt=\"\" width=\"1152\" height=\"648\" \/><\/p>\n<p>&nbsp;<\/p>\n<h3><strong>Detsk\u00e9 preteky (1.4km)<\/strong><\/h3>\n<p>Organiz\u00e1tori nezabudli ani na najmen\u0161\u00edch cyklistov (3-7 rokov), pre ktor\u00fdch s\u00fa v sobotu pripraven\u00e9 detsk\u00e9 preteky na 1 400m okruhu v okol\u00ed n\u00e1kupn\u00e9ho centra BTC.<\/p>\n<p>Viac na\u00a0<a href=\"http:\/\/en.franja.org\/kids_event.html\" target=\"_blank\" rel=\"noopener\">http:\/\/en.franja.org\/kids_event.html<\/a><\/p>\n<p><img loading=\"lazy\" decoding=\"async\" class=\"aligncenter wp-image-3736 size-full\" src=\"https:\/\/d2p6e6u75xmxt8.cloudfront.net\/4\/2018\/05\/otroska-proga.jpg\" alt=\"\" width=\"512\" height=\"768\" \/><\/p>\n<p>&nbsp;<\/p>\n<h3><strong>Marat\u00f3n Franja BTC City (156 km)<\/strong><\/h3>\n<p>Vrchol v\u00edkendu bude v nede\u013eu, 10. j\u00fana r\u00e1no o 9.00, kedy po hromadnom \u0161tarte v\u0161etk\u00fdch kateg\u00f3ri\u00ed sa pelot\u00f3n nieko\u013eko tis\u00edc cyklistov vyberie na 156 km dlh\u00fd okruh <strong>Marat\u00f3nu Franja BTC City<\/strong>.<\/p>\n<p><a href=\"https:\/\/d2p6e6u75xmxt8.cloudfront.net\/4\/2018\/05\/Start-Franje-foto_studio-bomba.jpg\">\u00a0<\/a><img loading=\"lazy\" decoding=\"async\" class=\"aligncenter wp-image-3725 size-full\" src=\"https:\/\/d2p6e6u75xmxt8.cloudfront.net\/4\/2018\/05\/Start-Franje-foto_studio-bomba-e1527663464761.jpg\" alt=\"\" width=\"1800\" height=\"1175\" \/><\/p>\n<p><img loading=\"lazy\" decoding=\"async\" class=\"aligncenter wp-image-3724 size-full\" src=\"https:\/\/d2p6e6u75xmxt8.cloudfront.net\/4\/2018\/05\/Resize-of-letalo-Brezovica.jpg\" alt=\"\" width=\"2144\" height=\"1424\" \/> <a href=\"https:\/\/d2p6e6u75xmxt8.cloudfront.net\/4\/2018\/05\/trzaska-02net.JPG.jpg\"><br \/>\n<\/a> <img loading=\"lazy\" decoding=\"async\" class=\"aligncenter wp-image-3719 size-full\" src=\"https:\/\/d2p6e6u75xmxt8.cloudfront.net\/4\/2018\/05\/letalo02net.JPG.jpg\" alt=\"\" width=\"709\" height=\"555\" \/><\/p>\n<p>Na trati s celkov\u00fdm prev\u00fd\u0161en\u00edm 1 800m \u010dakaj\u00fa na cyklistov dva v\u00e4\u010d\u0161ie kopce:<br \/>\n&#8211; Vrhni\u0161ki klanec (4,6km s priemerom 4,1 % a maximom 7 %), ktor\u00fd \u010falej pokra\u010duje 14km miernym st\u00fapan\u00edm (s priemerom 1%) na Godovi\u010d<br \/>\n&#8211; Kladje (7,6km s priemerom 6,3 % a maximom 10 %)<\/p>\n<p><img loading=\"lazy\" decoding=\"async\" class=\"aligncenter wp-image-3727 size-full\" src=\"https:\/\/d2p6e6u75xmxt8.cloudfront.net\/4\/2018\/05\/Franja-156km-profil.gif\" alt=\"\" width=\"540\" height=\"350\" \/><\/p>\n<h3><\/h3>\n<p>Viac o Marat\u00f3ne Franja na <a href=\"http:\/\/en.franja.org\/big_marathon_franja_notice.html\">http:\/\/en.franja.org\/big_marathon_franja_notice.html<\/a>.<\/p>\n<p>&nbsp;<\/p>\n<h3><strong>Triglav &#8222;mal\u00fd&#8220; marat\u00f3n Franja BTC CITY (97km)\u00a0<\/strong><\/h3>\n<p align=\"justify\">O takmer dve hodiny nesk\u00f4r (o 10:40) od\u0161tartuje aj Mal\u00fd marat\u00f3n Franja na krat\u0161\u00ed okruh s d\u013a\u017ekou &#8222;iba&#8220; 97km.<\/p>\n<p align=\"justify\"><a href=\"https:\/\/d2p6e6u75xmxt8.cloudfront.net\/4\/2018\/05\/trzaska-02net.JPG.jpg\"><img loading=\"lazy\" decoding=\"async\" class=\"aligncenter wp-image-3722 size-full\" src=\"https:\/\/d2p6e6u75xmxt8.cloudfront.net\/4\/2018\/05\/trzaska-02net.JPG.jpg\" alt=\"\" width=\"701\" height=\"1052\" \/>\u00a0<\/a> <img loading=\"lazy\" decoding=\"async\" class=\"aligncenter wp-image-3721\" src=\"https:\/\/d2p6e6u75xmxt8.cloudfront.net\/4\/2018\/05\/Resize-of-letalo-mesto.jpg\" alt=\"\" width=\"701\" height=\"1055\" \/><\/p>\n<p align=\"justify\">Cyklistov \u010dak\u00e1 na trati jedin\u00e9 n\u00e1ro\u010dnej\u0161ie, 8-kilometrov\u00e9 st\u00fapanie\u00a0s priemerom 5%, pri\u010dom najstrm\u0161\u00ed \u00fasek m\u00e1 9%.<\/p>\n<p align=\"justify\"><img loading=\"lazy\" decoding=\"async\" class=\"aligncenter wp-image-3733 size-full\" src=\"https:\/\/d2p6e6u75xmxt8.cloudfront.net\/4\/2018\/05\/franja-97km-profil.gif\" alt=\"\" width=\"540\" height=\"350\" \/><\/p>\n<p>Viac o malom marat\u00f3ne Franja na\u00a0<a href=\"http:\/\/en.franja.org\/Little_marathon_notice.html\" target=\"_blank\" rel=\"noopener\">http:\/\/en.franja.org\/Little_marathon_notice.html<\/a><\/p>\n<p align=\"justify\">Z\u00e1merom takto posunut\u00e9ho za\u010diatku oboch pretekov je okrem jednoduch\u0161ieho \u0161tartu pre tis\u00edce cyklistov aj pl\u00e1novan\u00fd s\u00fa\u010dasn\u00fd dojazd oboch marat\u00f3nov do cie\u013ea.<\/p>\n<p class=\"plain\" align=\"justify\"><b><span class=\"highlight\">Vekov\u00e9 skupiny pre kvalifik\u00e1ciu na UCI Gran Fondo World Championships<\/span><\/b><\/p>\n<div class=\"table2\">\n<div class=\"sk-rte-table-wrapper\">\n<table class=\"sk-dynamic-id-table1463561577726206\" border=\"0\" width=\"100%\" cellspacing=\"0\" cellpadding=\"0\" data-properties=\"{&quot;odd_rows_bgcolor&quot;:&quot;&quot;,&quot;even_rows_bgcolor&quot;:&quot;&quot;}\">\n<tbody>\n<tr>\n<td class=\"plain\" width=\"48%\">\n<div class=\"sk-rte-table-wrapper\">\n<table class=\"plain sk-dynamic-id-table1463561648168943\" border=\"1\" width=\"100%\" cellspacing=\"0\" cellpadding=\"5\" data-properties=\"{&quot;odd_rows_bgcolor&quot;:&quot;&quot;,&quot;even_rows_bgcolor&quot;:&quot;&quot;}\">\n<tbody>\n<tr>\n<td class=\"plain\" colspan=\"2\" rowspan=\"1\" bgcolor=\"transparent\">\n<p class=\"plain\" align=\"CENTER\"><b><span class=\"highlight\">Mu\u017e\u00ed<\/span><\/b><\/p>\n<\/td>\n<\/tr>\n<tr>\n<td class=\"plain\" bgcolor=\"transparent\" width=\"50%\">\n<p class=\"plain\" align=\"CENTER\"><b>Vek<\/b><\/p>\n<\/td>\n<td class=\"plain\" bgcolor=\"transparent\">\n<p class=\"plain\" align=\"CENTER\"><b>D\u013a\u017eka pretekov<\/b><\/p>\n<\/td>\n<\/tr>\n<tr>\n<td class=\"plain\" bgcolor=\"transparent\" width=\"50%\">\n<p class=\"plain\" align=\"CENTER\">19-34<\/p>\n<\/td>\n<td class=\"plain\" bgcolor=\"transparent\">\n<p class=\"plain\" align=\"CENTER\">156km<\/p>\n<\/td>\n<\/tr>\n<tr>\n<td class=\"plain\" bgcolor=\"transparent\" width=\"50%\">\n<p class=\"plain\" align=\"CENTER\">35-39<\/p>\n<\/td>\n<td class=\"plain\" bgcolor=\"transparent\">\n<p class=\"plain\" align=\"CENTER\">156km<\/p>\n<\/td>\n<\/tr>\n<tr>\n<td class=\"plain\" bgcolor=\"transparent\" width=\"50%\">\n<p class=\"plain\" align=\"CENTER\">40-44<\/p>\n<\/td>\n<td class=\"plain\" bgcolor=\"transparent\">\n<p class=\"plain\" align=\"CENTER\">156km<\/p>\n<\/td>\n<\/tr>\n<tr>\n<td class=\"plain\" bgcolor=\"transparent\" width=\"50%\">\n<p class=\"plain\" align=\"CENTER\">45-49<\/p>\n<\/td>\n<td class=\"plain\" bgcolor=\"transparent\">\n<p class=\"plain\" align=\"CENTER\">156km<\/p>\n<\/td>\n<\/tr>\n<tr>\n<td class=\"plain\" bgcolor=\"transparent\" width=\"50%\">\n<p class=\"plain\" align=\"CENTER\">50-54<\/p>\n<\/td>\n<td class=\"plain\" bgcolor=\"transparent\">\n<p class=\"plain\" align=\"CENTER\">156km<\/p>\n<\/td>\n<\/tr>\n<tr>\n<td class=\"plain\" bgcolor=\"transparent\" width=\"50%\">\n<p class=\"plain\" align=\"CENTER\">55-59<\/p>\n<\/td>\n<td class=\"plain\" bgcolor=\"transparent\">\n<p class=\"plain\" align=\"CENTER\">156km<\/p>\n<\/td>\n<\/tr>\n<tr>\n<td class=\"plain\" bgcolor=\"transparent\" width=\"50%\">\n<p class=\"plain\" align=\"CENTER\">60-64<\/p>\n<\/td>\n<td class=\"plain\" bgcolor=\"transparent\">\n<p class=\"plain\" align=\"CENTER\">97km<\/p>\n<\/td>\n<\/tr>\n<tr>\n<td class=\"plain\" bgcolor=\"transparent\" width=\"50%\">\n<p class=\"plain\" align=\"CENTER\">65+ &#8230;<\/p>\n<\/td>\n<td class=\"plain\" bgcolor=\"transparent\">\n<p class=\"plain\" align=\"CENTER\">97km<\/p>\n<\/td>\n<\/tr>\n<\/tbody>\n<\/table>\n<\/div>\n<\/td>\n<td class=\"plain\"><\/td>\n<td class=\"plain\" width=\"48%\">\n<div class=\"sk-rte-table-wrapper\">\n<table class=\"plain sk-dynamic-id-table146356165089034\" border=\"1\" width=\"100%\" cellspacing=\"0\" cellpadding=\"5\" data-properties=\"{&quot;odd_rows_bgcolor&quot;:&quot;&quot;,&quot;even_rows_bgcolor&quot;:&quot;&quot;}\">\n<tbody>\n<tr>\n<td class=\"plain\" colspan=\"2\" rowspan=\"1\">\n<p class=\"plain\" align=\"CENTER\"><b><span class=\"highlight\">\u017deny<\/span><\/b><\/p>\n<\/td>\n<\/tr>\n<tr>\n<td class=\"plain\" bgcolor=\"transparent\" width=\"50%\">\n<p class=\"plain\" align=\"CENTER\"><b>Vek<\/b><\/p>\n<\/td>\n<td class=\"plain\" bgcolor=\"transparent\">\n<p class=\"plain\" align=\"CENTER\"><b>D\u013a\u017eka pretekov<\/b><\/p>\n<\/td>\n<\/tr>\n<tr>\n<td class=\"plain\" bgcolor=\"transparent\" width=\"50%\">\n<p class=\"plain\" align=\"CENTER\">19-34<\/p>\n<\/td>\n<td class=\"plain\" bgcolor=\"transparent\">\n<p class=\"plain\" align=\"CENTER\">156km<\/p>\n<\/td>\n<\/tr>\n<tr>\n<td class=\"plain\" bgcolor=\"transparent\" width=\"50%\">\n<p class=\"plain\" align=\"CENTER\">35-39<\/p>\n<\/td>\n<td class=\"plain\" bgcolor=\"transparent\">\n<p class=\"plain\" align=\"CENTER\">156km<\/p>\n<\/td>\n<\/tr>\n<tr>\n<td class=\"plain\" bgcolor=\"transparent\" width=\"50%\">\n<p class=\"plain\" align=\"CENTER\">40-44<\/p>\n<\/td>\n<td class=\"plain\" bgcolor=\"transparent\">\n<p class=\"plain\" align=\"CENTER\">156km<\/p>\n<\/td>\n<\/tr>\n<tr>\n<td class=\"plain\" bgcolor=\"transparent\" width=\"50%\">\n<p class=\"plain\" align=\"CENTER\">45-49<\/p>\n<\/td>\n<td class=\"plain\" bgcolor=\"transparent\">\n<p class=\"plain\" align=\"CENTER\">156km<\/p>\n<\/td>\n<\/tr>\n<tr>\n<td class=\"plain\" bgcolor=\"transparent\" width=\"50%\">\n<p class=\"plain\" align=\"CENTER\">50-54<\/p>\n<\/td>\n<td class=\"plain\" bgcolor=\"transparent\">\n<p class=\"plain\" align=\"CENTER\">97km<\/p>\n<\/td>\n<\/tr>\n<tr>\n<td class=\"plain\" bgcolor=\"transparent\" width=\"50%\">\n<p class=\"plain\" align=\"CENTER\">55-59<\/p>\n<\/td>\n<td class=\"plain\" bgcolor=\"transparent\">\n<p class=\"plain\" align=\"CENTER\">97km<\/p>\n<\/td>\n<\/tr>\n<tr>\n<td class=\"plain\" bgcolor=\"transparent\" width=\"50%\">\n<p class=\"plain\" align=\"CENTER\">60-64<\/p>\n<\/td>\n<td class=\"plain\" bgcolor=\"transparent\">\n<p class=\"plain\" align=\"CENTER\">97km<\/p>\n<\/td>\n<\/tr>\n<tr>\n<td class=\"plain\" bgcolor=\"transparent\" width=\"50%\">\n<p class=\"plain\" align=\"CENTER\">65+ &#8230;<\/p>\n<\/td>\n<td class=\"plain\" bgcolor=\"transparent\">\n<p class=\"plain\" align=\"CENTER\">97km<\/p>\n<\/td>\n<\/tr>\n<\/tbody>\n<\/table>\n<\/div>\n<\/td>\n<\/tr>\n<\/tbody>\n<\/table>\n<\/div>\n<div class=\"plain\" align=\"justify\"><\/div>\n<p>Na svetov\u00fd \u0161ampion\u00e1t amat\u00e9rskych cyklistov sa kvalifikuje prv\u00fdch 25% pretek\u00e1rov z ka\u017edej kateg\u00f3rie pod\u013ea vy\u0161\u0161ie uvedenej tabu\u013eky.<\/p>\n<p>Mapy v\u0161etk\u00fdch pretekov n\u00e1jdete na str\u00e1nke\u00a0<a href=\"http:\/\/www.gis.si\/maraton-franja\/\" target=\"_blank\" rel=\"noopener\">www.gis.si\/maraton-franja<\/a><\/p>\n<h3><strong>Tr\u00fafnete si zabojova\u0165 o mo\u017enos\u0165 reprezentova\u0165 Slovensko na cyklistick\u00fdch Majstrovstv\u00e1ch sveta amat\u00e9rov? <\/strong><\/h3>\n<p>V spolupr\u00e1ci s organiz\u00e1tormi z \u013eub\u013eansk\u00e9ho cyklistick\u00e9ho klubu ROG (<a href=\"http:\/\/kdrog.si\/\" target=\"_blank\" rel=\"noopener\">www.kdrog.si<\/a>) pre PIATICH z V\u00e1s m\u00e1me pripraven\u00fa mo\u017enos\u0165 BEZPLATN\u00c9HO \u0160TARTU na <strong>Marat\u00f3ne Franja 156\/97km<\/strong>\u00a0(<a href=\"http:\/\/franja.org\/\" target=\"_blank\" rel=\"noopener\">www.franja.org<\/a>)<\/p>\n<\/div>\n","protected":false},"excerpt":{"rendered":"<p>Najpopul\u00e1rnej\u0161ie slovinsk\u00e9 preteky amat\u00e9rskych cyklistov s \u010dasovkou a dvoma vzdialenos\u0165ami marat\u00f3nu, doplnen\u00e9 mno\u017estvom sprievodn\u00fdch programov priv\u00edtaj\u00fa v\u0161etk\u00fdch priaznivcov cyklistiky 8. [&hellip;]<\/p>\n","protected":false},"author":40,"featured_media":3816,"comment_status":"open","ping_status":"open","sticky":false,"template":"","format":"standard","meta":{"footnotes":""},"categories":[4,51,191,34],"tags":[227,473,471,470,281,178,474,469,472],"global-categories":[],"class_list":["post-3678","post","type-post","status-publish","format-standard","has-post-thumbnail","hentry","category-cestna-cyklisitika","category-deti-na-bicykloch","category-odporucame","category-podujatia","tag-casovka","tag-duhovy-dres","tag-franja","tag-lublana","tag-majstrovstva-sveta","tag-maraton","tag-rodinny-maraton","tag-slovinsko","tag-uci-gran-fondo"],"yoast_head":"<!-- This site is optimized with the Yoast SEO Premium plugin v25.3 (Yoast SEO v25.9) - https:\/\/yoast.com\/wordpress\/plugins\/seo\/ -->\n<title>Marat\u00f3n Franja BTC City - najv\u00e4\u010d\u0161\u00ed slovinsk\u00fd cyklomarat\u00f3n - \u0160koda We Love Cycling Slovensko<\/title>\n<meta name=\"robots\" content=\"index, follow, max-snippet:-1, max-image-preview:large, max-video-preview:-1\" \/>\n<link rel=\"canonical\" href=\"https:\/\/www.welovecycling.com\/sk\/2018\/05\/30\/franja-btc-city-najvacsi-slovinsky-cyklomaraton\/\" \/>\n<meta property=\"og:locale\" content=\"sk_SK\" \/>\n<meta property=\"og:type\" content=\"article\" \/>\n<meta property=\"og:title\" content=\"Marat\u00f3n Franja BTC City - najv\u00e4\u010d\u0161\u00ed slovinsk\u00fd cyklomarat\u00f3n\" \/>\n<meta property=\"og:description\" content=\"Najpopul\u00e1rnej\u0161ie slovinsk\u00e9 preteky amat\u00e9rskych cyklistov s \u010dasovkou a dvoma vzdialenos\u0165ami marat\u00f3nu, doplnen\u00e9 mno\u017estvom sprievodn\u00fdch programov priv\u00edtaj\u00fa v\u0161etk\u00fdch priaznivcov cyklistiky 8. [&hellip;]\" \/>\n<meta property=\"og:url\" content=\"https:\/\/www.welovecycling.com\/sk\/2018\/05\/30\/franja-btc-city-najvacsi-slovinsky-cyklomaraton\/\" \/>\n<meta property=\"og:site_name\" content=\"\u0160koda We Love Cycling Slovensko\" \/>\n<meta property=\"article:published_time\" content=\"2018-05-30T06:55:54+00:00\" \/>\n<meta property=\"article:modified_time\" content=\"2018-06-04T20:59:13+00:00\" \/>\n<meta property=\"og:image\" content=\"https:\/\/d2p6e6u75xmxt8.cloudfront.net\/4\/2018\/05\/1375x600_slovinsko.webp\" \/>\n\t<meta property=\"og:image:width\" content=\"1375\" \/>\n\t<meta property=\"og:image:height\" content=\"600\" \/>\n\t<meta property=\"og:image:type\" content=\"image\/webp\" \/>\n<meta name=\"author\" content=\"Zozzi\" \/>\n<meta name=\"twitter:card\" content=\"summary_large_image\" \/>\n<meta name=\"twitter:label1\" content=\"Written by\" \/>\n\t<meta name=\"twitter:data1\" content=\"We Love Cycling\" \/>\n\t<meta name=\"twitter:label2\" content=\"Est. reading time\" \/>\n\t<meta name=\"twitter:data2\" content=\"5 minutes\" \/>\n<script type=\"application\/ld+json\" class=\"yoast-schema-graph\">{\"@context\":\"https:\/\/schema.org\",\"@graph\":[{\"@type\":\"WebPage\",\"@id\":\"https:\/\/www.welovecycling.com\/sk\/2018\/05\/30\/franja-btc-city-najvacsi-slovinsky-cyklomaraton\/\",\"url\":\"https:\/\/www.welovecycling.com\/sk\/2018\/05\/30\/franja-btc-city-najvacsi-slovinsky-cyklomaraton\/\",\"name\":\"Marat\u00f3n Franja BTC City - najv\u00e4\u010d\u0161\u00ed slovinsk\u00fd cyklomarat\u00f3n - \u0160koda We Love Cycling Slovensko\",\"isPartOf\":{\"@id\":\"https:\/\/www.welovecycling.com\/sk\/#website\"},\"primaryImageOfPage\":{\"@id\":\"https:\/\/www.welovecycling.com\/sk\/2018\/05\/30\/franja-btc-city-najvacsi-slovinsky-cyklomaraton\/#primaryimage\"},\"image\":{\"@id\":\"https:\/\/www.welovecycling.com\/sk\/2018\/05\/30\/franja-btc-city-najvacsi-slovinsky-cyklomaraton\/#primaryimage\"},\"thumbnailUrl\":\"https:\/\/d2p6e6u75xmxt8.cloudfront.net\/4\/2018\/05\/1375x600_slovinsko.webp\",\"datePublished\":\"2018-05-30T06:55:54+00:00\",\"dateModified\":\"2018-06-04T20:59:13+00:00\",\"author\":{\"@id\":\"https:\/\/www.welovecycling.com\/sk\/#\/schema\/person\/69a353af73d9db8f391581204a521230\"},\"breadcrumb\":{\"@id\":\"https:\/\/www.welovecycling.com\/sk\/2018\/05\/30\/franja-btc-city-najvacsi-slovinsky-cyklomaraton\/#breadcrumb\"},\"inLanguage\":\"sk-SK\",\"potentialAction\":[{\"@type\":\"ReadAction\",\"target\":[\"https:\/\/www.welovecycling.com\/sk\/2018\/05\/30\/franja-btc-city-najvacsi-slovinsky-cyklomaraton\/\"]}]},{\"@type\":\"ImageObject\",\"inLanguage\":\"sk-SK\",\"@id\":\"https:\/\/www.welovecycling.com\/sk\/2018\/05\/30\/franja-btc-city-najvacsi-slovinsky-cyklomaraton\/#primaryimage\",\"url\":\"https:\/\/d2p6e6u75xmxt8.cloudfront.net\/4\/2018\/05\/1375x600_slovinsko.webp\",\"contentUrl\":\"https:\/\/d2p6e6u75xmxt8.cloudfront.net\/4\/2018\/05\/1375x600_slovinsko.webp\",\"width\":1375,\"height\":600},{\"@type\":\"BreadcrumbList\",\"@id\":\"https:\/\/www.welovecycling.com\/sk\/2018\/05\/30\/franja-btc-city-najvacsi-slovinsky-cyklomaraton\/#breadcrumb\",\"itemListElement\":[{\"@type\":\"ListItem\",\"position\":1,\"name\":\"Home\",\"item\":\"https:\/\/www.welovecycling.com\/sk\/\"},{\"@type\":\"ListItem\",\"position\":2,\"name\":\"Marat\u00f3n Franja BTC City &#8211; najv\u00e4\u010d\u0161\u00ed slovinsk\u00fd cyklomarat\u00f3n\"}]},{\"@type\":\"WebSite\",\"@id\":\"https:\/\/www.welovecycling.com\/sk\/#website\",\"url\":\"https:\/\/www.welovecycling.com\/sk\/\",\"name\":\"\u0160koda We Love Cycling Slovensko\",\"description\":\"\u0160koda We Love Cycling Slovensko je v\u00e1\u0161 ka\u017edodenn\u00fd zdroj noviniek a in\u0161pir\u00e1cie z sveta cyklistiky\",\"potentialAction\":[{\"@type\":\"SearchAction\",\"target\":{\"@type\":\"EntryPoint\",\"urlTemplate\":\"https:\/\/www.welovecycling.com\/sk\/?s={search_term_string}\"},\"query-input\":{\"@type\":\"PropertyValueSpecification\",\"valueRequired\":true,\"valueName\":\"search_term_string\"}}],\"inLanguage\":\"sk-SK\"},{\"@type\":\"Person\",\"@id\":\"https:\/\/www.welovecycling.com\/sk\/#\/schema\/person\/69a353af73d9db8f391581204a521230\",\"name\":\"Zozzi\",\"image\":{\"@type\":\"ImageObject\",\"inLanguage\":\"sk-SK\",\"@id\":\"https:\/\/www.welovecycling.com\/sk\/#\/schema\/person\/image\/\",\"url\":\"https:\/\/secure.gravatar.com\/avatar\/0255afbdd216c325a2a30335b3ab5281cba74e43cb20818f979685eff3429a06?s=96&d=mm&r=g\",\"contentUrl\":\"https:\/\/secure.gravatar.com\/avatar\/0255afbdd216c325a2a30335b3ab5281cba74e43cb20818f979685eff3429a06?s=96&d=mm&r=g\",\"caption\":\"Zozzi\"},\"url\":\"https:\/\/www.welovecycling.com\/sk\/author\/zozzi\/\"}]}<\/script>\n<!-- \/ Yoast SEO Premium plugin. -->","yoast_head_json":{"title":"Marat\u00f3n Franja BTC City - najv\u00e4\u010d\u0161\u00ed slovinsk\u00fd cyklomarat\u00f3n - \u0160koda We Love Cycling Slovensko","robots":{"index":"index","follow":"follow","max-snippet":"max-snippet:-1","max-image-preview":"max-image-preview:large","max-video-preview":"max-video-preview:-1"},"canonical":"https:\/\/www.welovecycling.com\/sk\/2018\/05\/30\/franja-btc-city-najvacsi-slovinsky-cyklomaraton\/","og_locale":"sk_SK","og_type":"article","og_title":"Marat\u00f3n Franja BTC City - najv\u00e4\u010d\u0161\u00ed slovinsk\u00fd cyklomarat\u00f3n","og_description":"Najpopul\u00e1rnej\u0161ie slovinsk\u00e9 preteky amat\u00e9rskych cyklistov s \u010dasovkou a dvoma vzdialenos\u0165ami marat\u00f3nu, doplnen\u00e9 mno\u017estvom sprievodn\u00fdch programov priv\u00edtaj\u00fa v\u0161etk\u00fdch priaznivcov cyklistiky 8. [&hellip;]","og_url":"https:\/\/www.welovecycling.com\/sk\/2018\/05\/30\/franja-btc-city-najvacsi-slovinsky-cyklomaraton\/","og_site_name":"\u0160koda We Love Cycling Slovensko","article_published_time":"2018-05-30T06:55:54+00:00","article_modified_time":"2018-06-04T20:59:13+00:00","og_image":[{"width":1375,"height":600,"url":"https:\/\/d2p6e6u75xmxt8.cloudfront.net\/4\/2018\/05\/1375x600_slovinsko.webp","type":"image\/webp"}],"author":"Zozzi","twitter_card":"summary_large_image","twitter_misc":{"Written by":"We Love Cycling","Est. reading time":"5 minutes"},"schema":{"@context":"https:\/\/schema.org","@graph":[{"@type":"WebPage","@id":"https:\/\/www.welovecycling.com\/sk\/2018\/05\/30\/franja-btc-city-najvacsi-slovinsky-cyklomaraton\/","url":"https:\/\/www.welovecycling.com\/sk\/2018\/05\/30\/franja-btc-city-najvacsi-slovinsky-cyklomaraton\/","name":"Marat\u00f3n Franja BTC City - najv\u00e4\u010d\u0161\u00ed slovinsk\u00fd cyklomarat\u00f3n - \u0160koda We Love Cycling Slovensko","isPartOf":{"@id":"https:\/\/www.welovecycling.com\/sk\/#website"},"primaryImageOfPage":{"@id":"https:\/\/www.welovecycling.com\/sk\/2018\/05\/30\/franja-btc-city-najvacsi-slovinsky-cyklomaraton\/#primaryimage"},"image":{"@id":"https:\/\/www.welovecycling.com\/sk\/2018\/05\/30\/franja-btc-city-najvacsi-slovinsky-cyklomaraton\/#primaryimage"},"thumbnailUrl":"https:\/\/d2p6e6u75xmxt8.cloudfront.net\/4\/2018\/05\/1375x600_slovinsko.webp","datePublished":"2018-05-30T06:55:54+00:00","dateModified":"2018-06-04T20:59:13+00:00","author":{"@id":"https:\/\/www.welovecycling.com\/sk\/#\/schema\/person\/69a353af73d9db8f391581204a521230"},"breadcrumb":{"@id":"https:\/\/www.welovecycling.com\/sk\/2018\/05\/30\/franja-btc-city-najvacsi-slovinsky-cyklomaraton\/#breadcrumb"},"inLanguage":"sk-SK","potentialAction":[{"@type":"ReadAction","target":["https:\/\/www.welovecycling.com\/sk\/2018\/05\/30\/franja-btc-city-najvacsi-slovinsky-cyklomaraton\/"]}]},{"@type":"ImageObject","inLanguage":"sk-SK","@id":"https:\/\/www.welovecycling.com\/sk\/2018\/05\/30\/franja-btc-city-najvacsi-slovinsky-cyklomaraton\/#primaryimage","url":"https:\/\/d2p6e6u75xmxt8.cloudfront.net\/4\/2018\/05\/1375x600_slovinsko.webp","contentUrl":"https:\/\/d2p6e6u75xmxt8.cloudfront.net\/4\/2018\/05\/1375x600_slovinsko.webp","width":1375,"height":600},{"@type":"BreadcrumbList","@id":"https:\/\/www.welovecycling.com\/sk\/2018\/05\/30\/franja-btc-city-najvacsi-slovinsky-cyklomaraton\/#breadcrumb","itemListElement":[{"@type":"ListItem","position":1,"name":"Home","item":"https:\/\/www.welovecycling.com\/sk\/"},{"@type":"ListItem","position":2,"name":"Marat\u00f3n Franja BTC City &#8211; najv\u00e4\u010d\u0161\u00ed slovinsk\u00fd cyklomarat\u00f3n"}]},{"@type":"WebSite","@id":"https:\/\/www.welovecycling.com\/sk\/#website","url":"https:\/\/www.welovecycling.com\/sk\/","name":"\u0160koda We Love Cycling Slovensko","description":"\u0160koda We Love Cycling Slovensko je v\u00e1\u0161 ka\u017edodenn\u00fd zdroj noviniek a in\u0161pir\u00e1cie z sveta cyklistiky","potentialAction":[{"@type":"SearchAction","target":{"@type":"EntryPoint","urlTemplate":"https:\/\/www.welovecycling.com\/sk\/?s={search_term_string}"},"query-input":{"@type":"PropertyValueSpecification","valueRequired":true,"valueName":"search_term_string"}}],"inLanguage":"sk-SK"},{"@type":"Person","@id":"https:\/\/www.welovecycling.com\/sk\/#\/schema\/person\/69a353af73d9db8f391581204a521230","name":"Zozzi","image":{"@type":"ImageObject","inLanguage":"sk-SK","@id":"https:\/\/www.welovecycling.com\/sk\/#\/schema\/person\/image\/","url":"https:\/\/secure.gravatar.com\/avatar\/0255afbdd216c325a2a30335b3ab5281cba74e43cb20818f979685eff3429a06?s=96&d=mm&r=g","contentUrl":"https:\/\/secure.gravatar.com\/avatar\/0255afbdd216c325a2a30335b3ab5281cba74e43cb20818f979685eff3429a06?s=96&d=mm&r=g","caption":"Zozzi"},"url":"https:\/\/www.welovecycling.com\/sk\/author\/zozzi\/"}]}},"_links":{"self":[{"href":"https:\/\/www.welovecycling.com\/sk\/wp-json\/wp\/v2\/posts\/3678","targetHints":{"allow":["GET"]}}],"collection":[{"href":"https:\/\/www.welovecycling.com\/sk\/wp-json\/wp\/v2\/posts"}],"about":[{"href":"https:\/\/www.welovecycling.com\/sk\/wp-json\/wp\/v2\/types\/post"}],"author":[{"embeddable":true,"href":"https:\/\/www.welovecycling.com\/sk\/wp-json\/wp\/v2\/users\/40"}],"replies":[{"embeddable":true,"href":"https:\/\/www.welovecycling.com\/sk\/wp-json\/wp\/v2\/comments?post=3678"}],"version-history":[{"count":2,"href":"https:\/\/www.welovecycling.com\/sk\/wp-json\/wp\/v2\/posts\/3678\/revisions"}],"predecessor-version":[{"id":3824,"href":"https:\/\/www.welovecycling.com\/sk\/wp-json\/wp\/v2\/posts\/3678\/revisions\/3824"}],"wp:featuredmedia":[{"embeddable":true,"href":"https:\/\/www.welovecycling.com\/sk\/wp-json\/wp\/v2\/media\/3816"}],"wp:attachment":[{"href":"https:\/\/www.welovecycling.com\/sk\/wp-json\/wp\/v2\/media?parent=3678"}],"wp:term":[{"taxonomy":"category","embeddable":true,"href":"https:\/\/www.welovecycling.com\/sk\/wp-json\/wp\/v2\/categories?post=3678"},{"taxonomy":"post_tag","embeddable":true,"href":"https:\/\/www.welovecycling.com\/sk\/wp-json\/wp\/v2\/tags?post=3678"},{"taxonomy":"global-categories","embeddable":true,"href":"https:\/\/www.welovecycling.com\/sk\/wp-json\/wp\/v2\/global-categories?post=3678"}],"curies":[{"name":"wp","href":"https:\/\/api.w.org\/{rel}","templated":true}]}}