{"id":3677,"date":"2018-05-22T16:11:59","date_gmt":"2018-05-22T14:11:59","guid":{"rendered":"https:\/\/www.welovecycling.com\/sk\/?p=3677"},"modified":"2018-07-17T17:24:16","modified_gmt":"2018-07-17T15:24:16","slug":"reportaz-skoda-dohnany-puchov-trophy-ked-sa-pocasie-postara-o-poriadnu-zabavu","status":"publish","type":"post","link":"https:\/\/www.welovecycling.com\/sk\/2018\/05\/22\/reportaz-skoda-dohnany-puchov-trophy-ked-sa-pocasie-postara-o-poriadnu-zabavu\/","title":{"rendered":"Report\u00e1\u017e: \u0160koda Doh\u0148any P\u00fachov Trophy \u2013 ke\u010f sa po\u010dasie postar\u00e1 o poriadnu z\u00e1bavu"},"content":{"rendered":"<p><strong>Doh\u0148any sa minul\u00fd rok \u00faspe\u0161ne odprezentovali ako nov\u00e1\u010dik s\u00e9rie \u0160koda BIKE OPEN TOUR a v sobotu 19.5. len potvrdili poves\u0165 kvalitn\u00e9ho cyklistick\u00e9ho podujatia so v\u0161etk\u00fdm, \u010do k tomu patr\u00ed.<\/strong><!--more--><\/p>\n<p><a href=\"https:\/\/d2p6e6u75xmxt8.cloudfront.net\/4\/2018\/05\/dohnany_01-1.jpeg\"><img loading=\"lazy\" decoding=\"async\" class=\"alignnone size-full wp-image-3688\" src=\"https:\/\/d2p6e6u75xmxt8.cloudfront.net\/4\/2018\/05\/dohnany_01-1.jpeg\" alt=\"\" width=\"1200\" height=\"800\" \/><\/a><\/p>\n<h2><strong>Pr\u00edrode nerozk\u00e1\u017ee\u0161<\/strong><\/h2>\n<p>V\u00fddatn\u00fd no\u010dn\u00fd lejak v kombin\u00e1cii s celodenn\u00fdm \u0161tvrtkov\u00fdm da\u017e\u010fom sa postaral o pomerne n\u00e1ro\u010dn\u00e9 podmienky, ktor\u00e9 \u010dakali na pretek\u00e1rov na v\u0161etk\u00fdch troch tratiach. P\u00f4vodn\u00fd pl\u00e1n pred\u013a\u017ei\u0165 najdlh\u0161iu z nich o 10 km oproti minul\u00e9mu ro\u010dn\u00edku sa pr\u00e1ve kv\u00f4li n\u00e1sledkom vy\u010d\u00ed\u0148ania po\u010dasia nepodarilo dodr\u017ea\u0165, a tak nakoniec na nej jazdcov \u010dakalo takmer <strong>60 km a cca 1 700 v\u00fd\u0161kov\u00fdch metrov<\/strong>. <strong>Stredn\u00e1 tra\u0165 merala 40 km s prev\u00fd\u0161en\u00edm cca 1 300 m<\/strong> a <strong>kr\u00e1tka tra\u0165 16 km s porciou prev\u00fd\u0161enia okolo 400 m<\/strong>.<\/p>\n<p><a href=\"https:\/\/d2p6e6u75xmxt8.cloudfront.net\/4\/2018\/05\/dohnany_02.jpg\"><img loading=\"lazy\" decoding=\"async\" class=\"alignnone size-full wp-image-3689\" src=\"https:\/\/d2p6e6u75xmxt8.cloudfront.net\/4\/2018\/05\/dohnany_02.jpg\" alt=\"\" width=\"1200\" height=\"800\" \/><\/a><\/p>\n<p>Pretek\u00e1ri si zrejme tento rok splatili da\u0148 za minuloro\u010dn\u00e9 \u201epr\u00e1\u0161enie\u201c spod kolies, ktor\u00e9 sme v\u00e1m pribl\u00ed\u017eili aj v na\u0161ej report\u00e1\u017ei <a href=\"https:\/\/www.welovecycling.com\/sk\/2017\/06\/08\/reportaz-skoda-dohnany-puchov-trophy-premierovo-vysokej-urovni\/\">\u0160koda Doh\u0148any \u2013 P\u00fachov Trophy premi\u00e9rovo na vysokej \u00farovni<\/a>. Niektor\u00ed \u00fa\u010dastn\u00edci vyu\u017eili mo\u017enos\u0165 piatkovej prezent\u00e1cie, tak\u017ee ani v de\u0148 konania pretekov sa ni\u010d zbyto\u010dne nezdr\u017eovalo a v\u0161etko \u0161lo pod\u013ea pl\u00e1nu. Ka\u017ed\u00e9ho ur\u010dite pote\u0161il bohat\u00fd \u0161tartovac\u00ed bal\u00ed\u010dek aj predpove\u010f po\u010dasia, ktor\u00e1 s\u013eubovala postupn\u00e9 zni\u017eovanie obla\u010dnosti.<\/p>\n<p><a href=\"https:\/\/d2p6e6u75xmxt8.cloudfront.net\/4\/2018\/05\/dohnany_03.jpg\"><img loading=\"lazy\" decoding=\"async\" class=\"alignnone size-full wp-image-3690\" src=\"https:\/\/d2p6e6u75xmxt8.cloudfront.net\/4\/2018\/05\/dohnany_03.jpg\" alt=\"\" width=\"1200\" height=\"800\" \/><\/a><\/p>\n<h2><strong>Priebeh<\/strong><\/h2>\n<p>No\u010dn\u00fd d\u00e1\u017e\u010f sa postaral o to, \u017ee tra\u0165 pon\u00fakla v podstate dve tv\u00e1re. Povestn\u00e9 lesn\u00e9 singletracky boli vo v\u00fdbornom stave a jazdci si ich mohli naplno u\u017ei\u0165, rovnako ako r\u00fdchle l\u00fa\u010dne pas\u00e1\u017ee \u2013 tie vyschli a nebol na nich \u017eiadny probl\u00e9m. Ten nastal pri r\u00f4znych lesn\u00fdch spojk\u00e1ch, kde sa dr\u017eala voda, ktor\u00e1 sa nestihla odvies\u0165 a tvorila sa poriadne lepiv\u00e1 hmota. Sta\u010dil prejazd nieko\u013ek\u00fdch tak\u00fdchto \u00fasekov a bicykel bol obalen\u00fd vrstvou blata, ktor\u00e1 miestami dok\u00e1zala jazdu znepr\u00edjemni\u0165. V\u0161etko bolo \u201ejazdite\u013en\u00e9\u201c a niektor\u00e9 \u00faseky v zjazdoch (ale aj v\u00fdjazdoch) vy\u017eadovali o nie\u010do lep\u0161iu techniku pri ovl\u00e1dan\u00ed bicykla. Pr\u00e1ve technika dok\u00e1zala prehovori\u0165 do poradia a kto v nej mal navrch, dok\u00e1zal \u0161etri\u0165 drahocenn\u00e9 sily a mal v\u00fdhodu.<\/p>\n<div data-rows=\"1\" id='gallery-1' class='gallery-rows-1 gallery galleryid-3677 gallery-columns-3 gallery-size-full'><figure class='gallery-item'>\n\t\t\t<div class='gallery-icon landscape'>\n\t\t\t\t<a href='https:\/\/d2p6e6u75xmxt8.cloudfront.net\/4\/2018\/05\/dohnany_04.webp'><img loading=\"lazy\" decoding=\"async\" width=\"1200\" height=\"800\" src=\"https:\/\/d2p6e6u75xmxt8.cloudfront.net\/4\/2018\/05\/dohnany_04.webp\" class=\"attachment-full size-full\" alt=\"\" srcset=\"https:\/\/d2p6e6u75xmxt8.cloudfront.net\/4\/2018\/05\/dohnany_04.webp 1200w, https:\/\/d2p6e6u75xmxt8.cloudfront.net\/4\/2018\/05\/dohnany_04-300x200.webp 300w, https:\/\/d2p6e6u75xmxt8.cloudfront.net\/4\/2018\/05\/dohnany_04-1024x683.webp 1024w, https:\/\/d2p6e6u75xmxt8.cloudfront.net\/4\/2018\/05\/dohnany_04-768x512.webp 768w, https:\/\/d2p6e6u75xmxt8.cloudfront.net\/4\/2018\/05\/dohnany_04-272x182.webp 272w\" sizes=\"auto, (max-width: 1200px) 100vw, 1200px\" \/><\/a>\n\t\t\t<\/div><\/figure><figure class='gallery-item'>\n\t\t\t<div class='gallery-icon landscape'>\n\t\t\t\t<a href='https:\/\/d2p6e6u75xmxt8.cloudfront.net\/4\/2018\/05\/dohnany_06.webp'><img loading=\"lazy\" decoding=\"async\" width=\"1200\" height=\"800\" src=\"https:\/\/d2p6e6u75xmxt8.cloudfront.net\/4\/2018\/05\/dohnany_06.webp\" class=\"attachment-full size-full\" alt=\"\" srcset=\"https:\/\/d2p6e6u75xmxt8.cloudfront.net\/4\/2018\/05\/dohnany_06.webp 1200w, https:\/\/d2p6e6u75xmxt8.cloudfront.net\/4\/2018\/05\/dohnany_06-300x200.webp 300w, https:\/\/d2p6e6u75xmxt8.cloudfront.net\/4\/2018\/05\/dohnany_06-1024x683.webp 1024w, https:\/\/d2p6e6u75xmxt8.cloudfront.net\/4\/2018\/05\/dohnany_06-768x512.webp 768w, https:\/\/d2p6e6u75xmxt8.cloudfront.net\/4\/2018\/05\/dohnany_06-272x182.webp 272w\" sizes=\"auto, (max-width: 1200px) 100vw, 1200px\" \/><\/a>\n\t\t\t<\/div><\/figure><figure class='gallery-item'>\n\t\t\t<div class='gallery-icon landscape'>\n\t\t\t\t<a href='https:\/\/d2p6e6u75xmxt8.cloudfront.net\/4\/2018\/05\/dohnany_05.webp'><img loading=\"lazy\" decoding=\"async\" width=\"1200\" height=\"800\" src=\"https:\/\/d2p6e6u75xmxt8.cloudfront.net\/4\/2018\/05\/dohnany_05.webp\" class=\"attachment-full size-full\" alt=\"\" srcset=\"https:\/\/d2p6e6u75xmxt8.cloudfront.net\/4\/2018\/05\/dohnany_05.webp 1200w, https:\/\/d2p6e6u75xmxt8.cloudfront.net\/4\/2018\/05\/dohnany_05-300x200.webp 300w, https:\/\/d2p6e6u75xmxt8.cloudfront.net\/4\/2018\/05\/dohnany_05-1024x683.webp 1024w, https:\/\/d2p6e6u75xmxt8.cloudfront.net\/4\/2018\/05\/dohnany_05-768x512.webp 768w, https:\/\/d2p6e6u75xmxt8.cloudfront.net\/4\/2018\/05\/dohnany_05-272x182.webp 272w\" sizes=\"auto, (max-width: 1200px) 100vw, 1200px\" \/><\/a>\n\t\t\t<\/div><\/figure>\n\t\t<\/div>\n        \n<lite-youtube videoid=KYXKhtkJpe4 params=\"enablejsapi=1\" style=\"background-image: url('https:\/\/i.ytimg.com\/vi_webp\/KYXKhtkJpe4\/maxresdefault.webp');\"><\/lite-youtube>\n<p><strong>Najr\u00fdchlej\u0161\u00edm pretek\u00e1rom 2. kola \u0160BOT na najdlh\u0161ej trati<\/strong> bol tak trochu u\u017e tradi\u010dne <strong>Karel Hartl<\/strong>, ktor\u00fd s \u010dasom 2:43:42 \u201etrhol\u201c aj Martina Kostelni\u010d\u00e1ka z mlad\u0161ej kateg\u00f3rie o\u00a0viac ako min\u00fatu. Ale nebol vo veden\u00ed cel\u00fd \u010das, rozhodlo sa a\u017e v poslednom kopci. Zo \u017eien dominovala na dlhej trati <strong>Zuzana Pal\u00fachov\u00e1<\/strong>, ktor\u00e1 ju zdolala v\u00a0\u010dase 4 hodiny aj 3 min\u00faty. Na 40 km trati pre\u0165al cie\u013eov\u00fa p\u00e1sku ako prv\u00fd Martin Trnka a\u00a0zo \u017eien sa radovala z\u00a0prvenstva Monika Kadlecov\u00e1 z\u00a0miestneho t\u00edmu CK EPIC Doh\u0148any. Kr\u00e1tku, 16 km tra\u0165, zdolali v\u00a0najkrat\u0161om \u010dase Michal Mi\u010dka a\u00a0Dorka Kotrocz\u00f3.<\/p>\n<div data-rows=\"1\" id='gallery-2' class='gallery-rows-1 gallery galleryid-3677 gallery-columns-3 gallery-size-full'><figure class='gallery-item'>\n\t\t\t<div class='gallery-icon landscape'>\n\t\t\t\t<a href='https:\/\/d2p6e6u75xmxt8.cloudfront.net\/4\/2018\/05\/dohnany_13.webp'><img loading=\"lazy\" decoding=\"async\" width=\"1200\" height=\"800\" src=\"https:\/\/d2p6e6u75xmxt8.cloudfront.net\/4\/2018\/05\/dohnany_13.webp\" class=\"attachment-full size-full\" alt=\"\" srcset=\"https:\/\/d2p6e6u75xmxt8.cloudfront.net\/4\/2018\/05\/dohnany_13.webp 1200w, https:\/\/d2p6e6u75xmxt8.cloudfront.net\/4\/2018\/05\/dohnany_13-300x200.webp 300w, https:\/\/d2p6e6u75xmxt8.cloudfront.net\/4\/2018\/05\/dohnany_13-1024x683.webp 1024w, https:\/\/d2p6e6u75xmxt8.cloudfront.net\/4\/2018\/05\/dohnany_13-768x512.webp 768w, https:\/\/d2p6e6u75xmxt8.cloudfront.net\/4\/2018\/05\/dohnany_13-272x182.webp 272w\" sizes=\"auto, (max-width: 1200px) 100vw, 1200px\" \/><\/a>\n\t\t\t<\/div><\/figure><figure class='gallery-item'>\n\t\t\t<div class='gallery-icon landscape'>\n\t\t\t\t<a href='https:\/\/d2p6e6u75xmxt8.cloudfront.net\/4\/2018\/05\/dohnany_14.webp'><img loading=\"lazy\" decoding=\"async\" width=\"1200\" height=\"800\" src=\"https:\/\/d2p6e6u75xmxt8.cloudfront.net\/4\/2018\/05\/dohnany_14.webp\" class=\"attachment-full size-full\" alt=\"\" srcset=\"https:\/\/d2p6e6u75xmxt8.cloudfront.net\/4\/2018\/05\/dohnany_14.webp 1200w, https:\/\/d2p6e6u75xmxt8.cloudfront.net\/4\/2018\/05\/dohnany_14-300x200.webp 300w, https:\/\/d2p6e6u75xmxt8.cloudfront.net\/4\/2018\/05\/dohnany_14-1024x683.webp 1024w, https:\/\/d2p6e6u75xmxt8.cloudfront.net\/4\/2018\/05\/dohnany_14-768x512.webp 768w, https:\/\/d2p6e6u75xmxt8.cloudfront.net\/4\/2018\/05\/dohnany_14-272x182.webp 272w\" sizes=\"auto, (max-width: 1200px) 100vw, 1200px\" \/><\/a>\n\t\t\t<\/div><\/figure><figure class='gallery-item'>\n\t\t\t<div class='gallery-icon landscape'>\n\t\t\t\t<a href='https:\/\/d2p6e6u75xmxt8.cloudfront.net\/4\/2018\/05\/dohnany_15.webp'><img loading=\"lazy\" decoding=\"async\" width=\"1200\" height=\"800\" src=\"https:\/\/d2p6e6u75xmxt8.cloudfront.net\/4\/2018\/05\/dohnany_15.webp\" class=\"attachment-full size-full\" alt=\"\" srcset=\"https:\/\/d2p6e6u75xmxt8.cloudfront.net\/4\/2018\/05\/dohnany_15.webp 1200w, https:\/\/d2p6e6u75xmxt8.cloudfront.net\/4\/2018\/05\/dohnany_15-300x200.webp 300w, https:\/\/d2p6e6u75xmxt8.cloudfront.net\/4\/2018\/05\/dohnany_15-1024x683.webp 1024w, https:\/\/d2p6e6u75xmxt8.cloudfront.net\/4\/2018\/05\/dohnany_15-768x512.webp 768w, https:\/\/d2p6e6u75xmxt8.cloudfront.net\/4\/2018\/05\/dohnany_15-272x182.webp 272w\" sizes=\"auto, (max-width: 1200px) 100vw, 1200px\" \/><\/a>\n\t\t\t<\/div><\/figure>\n\t\t<\/div>\n        \n<h2><strong>Z\u00e1zemie<\/strong><\/h2>\n<p>Roz\u013eahl\u00fd are\u00e1l cyklistick\u00e9ho klubu EPIC Doh\u0148any pon\u00fakol <strong>nad\u0161tandardn\u00e9 z\u00e1zemie<\/strong>, v ktorom mali v\u0161etci pretek\u00e1ri k dispoz\u00edcii <strong>We Love Cycling z\u00f3nu so z\u00e1kladn\u00fdm samoservisom, \u00faschov\u0148ou bicyklov \u010di um\u00fdvac\u00edmi boxami<\/strong>, ktor\u00e9 sa vzh\u013eadom na podmienky te\u0161ili z maxim\u00e1lnej vy\u0165a\u017eenosti. Po\u010das cel\u00e9ho d\u0148a sa o hovoren\u00e9 slovo a v\u0161etky d\u00f4le\u017eit\u00e9 inform\u00e1cie staral moder\u00e1tor Tomaggio. Odd\u00fdchnu\u0165 si bolo mo\u017en\u00e9 na pohodln\u00fdch tulivakoch, ktor\u00e9 u\u017e neodmyslite\u013ene patria k \u0160BOT akci\u00e1m.<\/p>\n<div data-rows=\"1\" id='gallery-3' class='gallery-rows-1 gallery galleryid-3677 gallery-columns-3 gallery-size-full'><figure class='gallery-item'>\n\t\t\t<div class='gallery-icon landscape'>\n\t\t\t\t<a href='https:\/\/d2p6e6u75xmxt8.cloudfront.net\/4\/2018\/05\/dohnany_10-1.webp'><img loading=\"lazy\" decoding=\"async\" width=\"1200\" height=\"800\" src=\"https:\/\/d2p6e6u75xmxt8.cloudfront.net\/4\/2018\/05\/dohnany_10-1.webp\" class=\"attachment-full size-full\" alt=\"\" srcset=\"https:\/\/d2p6e6u75xmxt8.cloudfront.net\/4\/2018\/05\/dohnany_10-1.webp 1200w, https:\/\/d2p6e6u75xmxt8.cloudfront.net\/4\/2018\/05\/dohnany_10-1-300x200.webp 300w, https:\/\/d2p6e6u75xmxt8.cloudfront.net\/4\/2018\/05\/dohnany_10-1-1024x683.webp 1024w, https:\/\/d2p6e6u75xmxt8.cloudfront.net\/4\/2018\/05\/dohnany_10-1-768x512.webp 768w, https:\/\/d2p6e6u75xmxt8.cloudfront.net\/4\/2018\/05\/dohnany_10-1-272x182.webp 272w\" sizes=\"auto, (max-width: 1200px) 100vw, 1200px\" \/><\/a>\n\t\t\t<\/div><\/figure><figure class='gallery-item'>\n\t\t\t<div class='gallery-icon landscape'>\n\t\t\t\t<a href='https:\/\/d2p6e6u75xmxt8.cloudfront.net\/4\/2018\/05\/dohnany_11-1.webp'><img loading=\"lazy\" decoding=\"async\" width=\"1200\" height=\"800\" src=\"https:\/\/d2p6e6u75xmxt8.cloudfront.net\/4\/2018\/05\/dohnany_11-1.webp\" class=\"attachment-full size-full\" alt=\"\" srcset=\"https:\/\/d2p6e6u75xmxt8.cloudfront.net\/4\/2018\/05\/dohnany_11-1.webp 1200w, https:\/\/d2p6e6u75xmxt8.cloudfront.net\/4\/2018\/05\/dohnany_11-1-300x200.webp 300w, https:\/\/d2p6e6u75xmxt8.cloudfront.net\/4\/2018\/05\/dohnany_11-1-1024x683.webp 1024w, https:\/\/d2p6e6u75xmxt8.cloudfront.net\/4\/2018\/05\/dohnany_11-1-768x512.webp 768w, https:\/\/d2p6e6u75xmxt8.cloudfront.net\/4\/2018\/05\/dohnany_11-1-272x182.webp 272w\" sizes=\"auto, (max-width: 1200px) 100vw, 1200px\" \/><\/a>\n\t\t\t<\/div><\/figure><figure class='gallery-item'>\n\t\t\t<div class='gallery-icon landscape'>\n\t\t\t\t<a href='https:\/\/d2p6e6u75xmxt8.cloudfront.net\/4\/2018\/05\/dohnany_12-1.webp'><img loading=\"lazy\" decoding=\"async\" width=\"1200\" height=\"800\" src=\"https:\/\/d2p6e6u75xmxt8.cloudfront.net\/4\/2018\/05\/dohnany_12-1.webp\" class=\"attachment-full size-full\" alt=\"\" srcset=\"https:\/\/d2p6e6u75xmxt8.cloudfront.net\/4\/2018\/05\/dohnany_12-1.webp 1200w, https:\/\/d2p6e6u75xmxt8.cloudfront.net\/4\/2018\/05\/dohnany_12-1-300x200.webp 300w, https:\/\/d2p6e6u75xmxt8.cloudfront.net\/4\/2018\/05\/dohnany_12-1-1024x683.webp 1024w, https:\/\/d2p6e6u75xmxt8.cloudfront.net\/4\/2018\/05\/dohnany_12-1-768x512.webp 768w, https:\/\/d2p6e6u75xmxt8.cloudfront.net\/4\/2018\/05\/dohnany_12-1-272x182.webp 272w\" sizes=\"auto, (max-width: 1200px) 100vw, 1200px\" \/><\/a>\n\t\t\t<\/div><\/figure>\n\t\t<\/div>\n        \n<p>Simult\u00e1nne prebiehali v\u00a0zadnej \u010dasti na XC trati aj <strong>detsk\u00e9 preteky<\/strong>, ktor\u00e9 sa te\u0161ili po\u010detnej \u00fa\u010dasti mal\u00fdch bikerov. Nech\u00fdbali <strong>tradi\u010dn\u00e9 aktivity pre deti<\/strong> v podobe nafukovacieho sk\u00e1kacieho stanu, ma\u013eovania na tv\u00e1r \u010di novinky v podan\u00ed kreat\u00edvneho kreslenia na automobil \u0160koda KAROQ, ktor\u00e1 sa stretla s ve\u013ek\u00fdm \u00faspechom. Predsa len, mo\u017enos\u0165 zanecha\u0165 v\u00fdtvor na aute, dokonca so s\u00fahlasom rodi\u010dov, nemaj\u00fa deti ka\u017ed\u00fd de\u0148 :-). Z\u00e1vere\u010dn\u00e9 vyhlasovanie doplnila tradi\u010dne bohat\u00e1 tombola, v ktorej sa s\u00fa\u0165a\u017eilo aj o hodnotn\u00fd skladac\u00ed bicykel StretchGO.<\/p>\n<div data-rows=\"1\" id='gallery-4' class='gallery-rows-1 gallery galleryid-3677 gallery-columns-3 gallery-size-full'><figure class='gallery-item'>\n\t\t\t<div class='gallery-icon landscape'>\n\t\t\t\t<a href='https:\/\/d2p6e6u75xmxt8.cloudfront.net\/4\/2018\/05\/dohnany_07.webp'><img loading=\"lazy\" decoding=\"async\" width=\"1200\" height=\"800\" src=\"https:\/\/d2p6e6u75xmxt8.cloudfront.net\/4\/2018\/05\/dohnany_07.webp\" class=\"attachment-full size-full\" alt=\"\" srcset=\"https:\/\/d2p6e6u75xmxt8.cloudfront.net\/4\/2018\/05\/dohnany_07.webp 1200w, https:\/\/d2p6e6u75xmxt8.cloudfront.net\/4\/2018\/05\/dohnany_07-300x200.webp 300w, https:\/\/d2p6e6u75xmxt8.cloudfront.net\/4\/2018\/05\/dohnany_07-1024x683.webp 1024w, https:\/\/d2p6e6u75xmxt8.cloudfront.net\/4\/2018\/05\/dohnany_07-768x512.webp 768w, https:\/\/d2p6e6u75xmxt8.cloudfront.net\/4\/2018\/05\/dohnany_07-272x182.webp 272w\" sizes=\"auto, (max-width: 1200px) 100vw, 1200px\" \/><\/a>\n\t\t\t<\/div><\/figure><figure class='gallery-item'>\n\t\t\t<div class='gallery-icon landscape'>\n\t\t\t\t<a href='https:\/\/d2p6e6u75xmxt8.cloudfront.net\/4\/2018\/05\/dohnany_08.webp'><img loading=\"lazy\" decoding=\"async\" width=\"1200\" height=\"800\" src=\"https:\/\/d2p6e6u75xmxt8.cloudfront.net\/4\/2018\/05\/dohnany_08.webp\" class=\"attachment-full size-full\" alt=\"\" srcset=\"https:\/\/d2p6e6u75xmxt8.cloudfront.net\/4\/2018\/05\/dohnany_08.webp 1200w, https:\/\/d2p6e6u75xmxt8.cloudfront.net\/4\/2018\/05\/dohnany_08-300x200.webp 300w, https:\/\/d2p6e6u75xmxt8.cloudfront.net\/4\/2018\/05\/dohnany_08-1024x683.webp 1024w, https:\/\/d2p6e6u75xmxt8.cloudfront.net\/4\/2018\/05\/dohnany_08-768x512.webp 768w, https:\/\/d2p6e6u75xmxt8.cloudfront.net\/4\/2018\/05\/dohnany_08-272x182.webp 272w\" sizes=\"auto, (max-width: 1200px) 100vw, 1200px\" \/><\/a>\n\t\t\t<\/div><\/figure><figure class='gallery-item'>\n\t\t\t<div class='gallery-icon landscape'>\n\t\t\t\t<a href='https:\/\/d2p6e6u75xmxt8.cloudfront.net\/4\/2018\/05\/dohnany_09.webp'><img loading=\"lazy\" decoding=\"async\" width=\"1200\" height=\"800\" src=\"https:\/\/d2p6e6u75xmxt8.cloudfront.net\/4\/2018\/05\/dohnany_09.webp\" class=\"attachment-full size-full\" alt=\"\" srcset=\"https:\/\/d2p6e6u75xmxt8.cloudfront.net\/4\/2018\/05\/dohnany_09.webp 1200w, https:\/\/d2p6e6u75xmxt8.cloudfront.net\/4\/2018\/05\/dohnany_09-300x200.webp 300w, https:\/\/d2p6e6u75xmxt8.cloudfront.net\/4\/2018\/05\/dohnany_09-1024x683.webp 1024w, https:\/\/d2p6e6u75xmxt8.cloudfront.net\/4\/2018\/05\/dohnany_09-768x512.webp 768w, https:\/\/d2p6e6u75xmxt8.cloudfront.net\/4\/2018\/05\/dohnany_09-272x182.webp 272w\" sizes=\"auto, (max-width: 1200px) 100vw, 1200px\" \/><\/a>\n\t\t\t<\/div><\/figure>\n\t\t<\/div>\n        \n<h2><strong>Vid\u00edme sa na \u010fal\u0161om kole \u0160BOT<\/strong><\/h2>\n<p>\u0160koda Doh\u0148any &#8211; P\u00fachov Trophy marat\u00f3n sa musel s\u00edce popasova\u0165 s premenlivos\u0165ou po\u010dasia, ale v\u00fdsledkom bola napokon <strong>\u00fa\u010das\u0165 takmer 600 pretek\u00e1rov<\/strong>, z ktor\u00fdch to do cie\u013ea zvl\u00e1dlo 522 cyklistov. Ak chcete spolu s rodinou pre\u017ei\u0165 \u010fal\u0161\u00ed tak\u00fdto pr\u00edjemn\u00fd \u0161portov\u00fd de\u0148, poz\u00fdvame v\u00e1s na tretie kolo \u0160BOT, ktor\u00e9 sa uskuto\u010dn\u00ed v kr\u00e1snej panor\u00e1me S\u00fa\u013eovsk\u00fdch sk\u00e1l v sobotu <strong>23.6. na AUTHOR \u0160koda Bikemarat\u00f3ne S\u00fa\u013eovsk\u00e9 skaly<\/strong>.<\/p>\n","protected":false},"excerpt":{"rendered":"<p>Doh\u0148any sa minul\u00fd rok \u00faspe\u0161ne odprezentovali ako nov\u00e1\u010dik s\u00e9rie \u0160koda BIKE OPEN TOUR a v sobotu 19.5. len potvrdili poves\u0165 [&hellip;]<\/p>\n","protected":false},"author":38,"featured_media":3701,"comment_status":"open","ping_status":"open","sticky":false,"template":"","format":"video","meta":{"footnotes":""},"categories":[3,34,38,33],"tags":[90,180,178,412,37,179,35,77,404,468,92,72,467],"global-categories":[],"class_list":["post-3677","post","type-post","status-publish","format-video","has-post-thumbnail","hentry","category-mtb","category-podujatia","category-reportaz","category-sbot","tag-dohnany-puchov","tag-horska-cyklistika","tag-maraton","tag-mtb","tag-podujatia","tag-preteky","tag-sbot","tag-skoda-dedina","tag-skoda-dohnany-puchov-trophy","tag-skoda-karoq","tag-skoda-tim","tag-sutaz","tag-vision-kids","post_format-post-format-video"],"yoast_head":"<!-- This site is optimized with the Yoast SEO Premium plugin v25.3 (Yoast SEO v25.9) - https:\/\/yoast.com\/wordpress\/plugins\/seo\/ -->\n<title>Report\u00e1\u017e: \u0160koda Doh\u0148any P\u00fachov Trophy \u2013 ke\u010f sa po\u010dasie postar\u00e1 o poriadnu z\u00e1bavu - \u0160koda We Love Cycling Slovensko<\/title>\n<meta name=\"robots\" content=\"index, follow, max-snippet:-1, max-image-preview:large, max-video-preview:-1\" \/>\n<link rel=\"canonical\" href=\"https:\/\/www.welovecycling.com\/sk\/2018\/05\/22\/reportaz-skoda-dohnany-puchov-trophy-ked-sa-pocasie-postara-o-poriadnu-zabavu\/\" \/>\n<meta property=\"og:locale\" content=\"sk_SK\" \/>\n<meta property=\"og:type\" content=\"article\" \/>\n<meta property=\"og:title\" content=\"Report\u00e1\u017e: \u0160koda Doh\u0148any P\u00fachov Trophy \u2013 ke\u010f sa po\u010dasie postar\u00e1 o poriadnu z\u00e1bavu\" \/>\n<meta property=\"og:description\" content=\"Doh\u0148any sa minul\u00fd rok \u00faspe\u0161ne odprezentovali ako nov\u00e1\u010dik s\u00e9rie \u0160koda BIKE OPEN TOUR a v sobotu 19.5. len potvrdili poves\u0165 [&hellip;]\" \/>\n<meta property=\"og:url\" content=\"https:\/\/www.welovecycling.com\/sk\/2018\/05\/22\/reportaz-skoda-dohnany-puchov-trophy-ked-sa-pocasie-postara-o-poriadnu-zabavu\/\" \/>\n<meta property=\"og:site_name\" content=\"\u0160koda We Love Cycling Slovensko\" \/>\n<meta property=\"article:published_time\" content=\"2018-05-22T14:11:59+00:00\" \/>\n<meta property=\"article:modified_time\" content=\"2018-07-17T15:24:16+00:00\" \/>\n<meta property=\"og:image\" content=\"https:\/\/d2p6e6u75xmxt8.cloudfront.net\/4\/2018\/05\/dohnany.webp\" \/>\n\t<meta property=\"og:image:width\" content=\"1375\" \/>\n\t<meta property=\"og:image:height\" content=\"600\" \/>\n\t<meta property=\"og:image:type\" content=\"image\/webp\" \/>\n<meta name=\"author\" content=\"Ondrej Ga\u0161par\" \/>\n<meta name=\"twitter:card\" content=\"summary_large_image\" \/>\n<meta name=\"twitter:label1\" content=\"Written by\" \/>\n\t<meta name=\"twitter:data1\" content=\"We Love Cycling\" \/>\n\t<meta name=\"twitter:label2\" content=\"Est. reading time\" \/>\n\t<meta name=\"twitter:data2\" content=\"4 minutes\" \/>\n<script type=\"application\/ld+json\" class=\"yoast-schema-graph\">{\"@context\":\"https:\/\/schema.org\",\"@graph\":[{\"@type\":\"WebPage\",\"@id\":\"https:\/\/www.welovecycling.com\/sk\/2018\/05\/22\/reportaz-skoda-dohnany-puchov-trophy-ked-sa-pocasie-postara-o-poriadnu-zabavu\/\",\"url\":\"https:\/\/www.welovecycling.com\/sk\/2018\/05\/22\/reportaz-skoda-dohnany-puchov-trophy-ked-sa-pocasie-postara-o-poriadnu-zabavu\/\",\"name\":\"Report\u00e1\u017e: \u0160koda Doh\u0148any P\u00fachov Trophy \u2013 ke\u010f sa po\u010dasie postar\u00e1 o poriadnu z\u00e1bavu - \u0160koda We Love Cycling Slovensko\",\"isPartOf\":{\"@id\":\"https:\/\/www.welovecycling.com\/sk\/#website\"},\"primaryImageOfPage\":{\"@id\":\"https:\/\/www.welovecycling.com\/sk\/2018\/05\/22\/reportaz-skoda-dohnany-puchov-trophy-ked-sa-pocasie-postara-o-poriadnu-zabavu\/#primaryimage\"},\"image\":{\"@id\":\"https:\/\/www.welovecycling.com\/sk\/2018\/05\/22\/reportaz-skoda-dohnany-puchov-trophy-ked-sa-pocasie-postara-o-poriadnu-zabavu\/#primaryimage\"},\"thumbnailUrl\":\"https:\/\/d2p6e6u75xmxt8.cloudfront.net\/4\/2018\/05\/dohnany.webp\",\"datePublished\":\"2018-05-22T14:11:59+00:00\",\"dateModified\":\"2018-07-17T15:24:16+00:00\",\"author\":{\"@id\":\"https:\/\/www.welovecycling.com\/sk\/#\/schema\/person\/8ee09ba39b7e25b1870160aa5b3a89bc\"},\"breadcrumb\":{\"@id\":\"https:\/\/www.welovecycling.com\/sk\/2018\/05\/22\/reportaz-skoda-dohnany-puchov-trophy-ked-sa-pocasie-postara-o-poriadnu-zabavu\/#breadcrumb\"},\"inLanguage\":\"sk-SK\",\"potentialAction\":[{\"@type\":\"ReadAction\",\"target\":[\"https:\/\/www.welovecycling.com\/sk\/2018\/05\/22\/reportaz-skoda-dohnany-puchov-trophy-ked-sa-pocasie-postara-o-poriadnu-zabavu\/\"]}]},{\"@type\":\"ImageObject\",\"inLanguage\":\"sk-SK\",\"@id\":\"https:\/\/www.welovecycling.com\/sk\/2018\/05\/22\/reportaz-skoda-dohnany-puchov-trophy-ked-sa-pocasie-postara-o-poriadnu-zabavu\/#primaryimage\",\"url\":\"https:\/\/d2p6e6u75xmxt8.cloudfront.net\/4\/2018\/05\/dohnany.webp\",\"contentUrl\":\"https:\/\/d2p6e6u75xmxt8.cloudfront.net\/4\/2018\/05\/dohnany.webp\",\"width\":1375,\"height\":600},{\"@type\":\"BreadcrumbList\",\"@id\":\"https:\/\/www.welovecycling.com\/sk\/2018\/05\/22\/reportaz-skoda-dohnany-puchov-trophy-ked-sa-pocasie-postara-o-poriadnu-zabavu\/#breadcrumb\",\"itemListElement\":[{\"@type\":\"ListItem\",\"position\":1,\"name\":\"Home\",\"item\":\"https:\/\/www.welovecycling.com\/sk\/\"},{\"@type\":\"ListItem\",\"position\":2,\"name\":\"Report\u00e1\u017e: \u0160koda Doh\u0148any P\u00fachov Trophy \u2013 ke\u010f sa po\u010dasie postar\u00e1 o poriadnu z\u00e1bavu\"}]},{\"@type\":\"WebSite\",\"@id\":\"https:\/\/www.welovecycling.com\/sk\/#website\",\"url\":\"https:\/\/www.welovecycling.com\/sk\/\",\"name\":\"\u0160koda We Love Cycling Slovensko\",\"description\":\"\u0160koda We Love Cycling Slovensko je v\u00e1\u0161 ka\u017edodenn\u00fd zdroj noviniek a in\u0161pir\u00e1cie z sveta cyklistiky\",\"potentialAction\":[{\"@type\":\"SearchAction\",\"target\":{\"@type\":\"EntryPoint\",\"urlTemplate\":\"https:\/\/www.welovecycling.com\/sk\/?s={search_term_string}\"},\"query-input\":{\"@type\":\"PropertyValueSpecification\",\"valueRequired\":true,\"valueName\":\"search_term_string\"}}],\"inLanguage\":\"sk-SK\"},{\"@type\":\"Person\",\"@id\":\"https:\/\/www.welovecycling.com\/sk\/#\/schema\/person\/8ee09ba39b7e25b1870160aa5b3a89bc\",\"name\":\"Ondrej Ga\u0161par\",\"image\":{\"@type\":\"ImageObject\",\"inLanguage\":\"sk-SK\",\"@id\":\"https:\/\/www.welovecycling.com\/sk\/#\/schema\/person\/image\/\",\"url\":\"https:\/\/secure.gravatar.com\/avatar\/6126c9afb87b70da5abbb083ddbb21933da15f18f8ca7cb822aba0fb096a48f6?s=96&d=mm&r=g\",\"contentUrl\":\"https:\/\/secure.gravatar.com\/avatar\/6126c9afb87b70da5abbb083ddbb21933da15f18f8ca7cb822aba0fb096a48f6?s=96&d=mm&r=g\",\"caption\":\"Ondrej Ga\u0161par\"},\"url\":\"https:\/\/www.welovecycling.com\/sk\/author\/ondrejgaspar\/\"}]}<\/script>\n<!-- \/ Yoast SEO Premium plugin. -->","yoast_head_json":{"title":"Report\u00e1\u017e: \u0160koda Doh\u0148any P\u00fachov Trophy \u2013 ke\u010f sa po\u010dasie postar\u00e1 o poriadnu z\u00e1bavu - \u0160koda We Love Cycling Slovensko","robots":{"index":"index","follow":"follow","max-snippet":"max-snippet:-1","max-image-preview":"max-image-preview:large","max-video-preview":"max-video-preview:-1"},"canonical":"https:\/\/www.welovecycling.com\/sk\/2018\/05\/22\/reportaz-skoda-dohnany-puchov-trophy-ked-sa-pocasie-postara-o-poriadnu-zabavu\/","og_locale":"sk_SK","og_type":"article","og_title":"Report\u00e1\u017e: \u0160koda Doh\u0148any P\u00fachov Trophy \u2013 ke\u010f sa po\u010dasie postar\u00e1 o poriadnu z\u00e1bavu","og_description":"Doh\u0148any sa minul\u00fd rok \u00faspe\u0161ne odprezentovali ako nov\u00e1\u010dik s\u00e9rie \u0160koda BIKE OPEN TOUR a v sobotu 19.5. len potvrdili poves\u0165 [&hellip;]","og_url":"https:\/\/www.welovecycling.com\/sk\/2018\/05\/22\/reportaz-skoda-dohnany-puchov-trophy-ked-sa-pocasie-postara-o-poriadnu-zabavu\/","og_site_name":"\u0160koda We Love Cycling Slovensko","article_published_time":"2018-05-22T14:11:59+00:00","article_modified_time":"2018-07-17T15:24:16+00:00","og_image":[{"width":1375,"height":600,"url":"https:\/\/d2p6e6u75xmxt8.cloudfront.net\/4\/2018\/05\/dohnany.webp","type":"image\/webp"}],"author":"Ondrej Ga\u0161par","twitter_card":"summary_large_image","twitter_misc":{"Written by":"We Love Cycling","Est. reading time":"4 minutes"},"schema":{"@context":"https:\/\/schema.org","@graph":[{"@type":"WebPage","@id":"https:\/\/www.welovecycling.com\/sk\/2018\/05\/22\/reportaz-skoda-dohnany-puchov-trophy-ked-sa-pocasie-postara-o-poriadnu-zabavu\/","url":"https:\/\/www.welovecycling.com\/sk\/2018\/05\/22\/reportaz-skoda-dohnany-puchov-trophy-ked-sa-pocasie-postara-o-poriadnu-zabavu\/","name":"Report\u00e1\u017e: \u0160koda Doh\u0148any P\u00fachov Trophy \u2013 ke\u010f sa po\u010dasie postar\u00e1 o poriadnu z\u00e1bavu - \u0160koda We Love Cycling Slovensko","isPartOf":{"@id":"https:\/\/www.welovecycling.com\/sk\/#website"},"primaryImageOfPage":{"@id":"https:\/\/www.welovecycling.com\/sk\/2018\/05\/22\/reportaz-skoda-dohnany-puchov-trophy-ked-sa-pocasie-postara-o-poriadnu-zabavu\/#primaryimage"},"image":{"@id":"https:\/\/www.welovecycling.com\/sk\/2018\/05\/22\/reportaz-skoda-dohnany-puchov-trophy-ked-sa-pocasie-postara-o-poriadnu-zabavu\/#primaryimage"},"thumbnailUrl":"https:\/\/d2p6e6u75xmxt8.cloudfront.net\/4\/2018\/05\/dohnany.webp","datePublished":"2018-05-22T14:11:59+00:00","dateModified":"2018-07-17T15:24:16+00:00","author":{"@id":"https:\/\/www.welovecycling.com\/sk\/#\/schema\/person\/8ee09ba39b7e25b1870160aa5b3a89bc"},"breadcrumb":{"@id":"https:\/\/www.welovecycling.com\/sk\/2018\/05\/22\/reportaz-skoda-dohnany-puchov-trophy-ked-sa-pocasie-postara-o-poriadnu-zabavu\/#breadcrumb"},"inLanguage":"sk-SK","potentialAction":[{"@type":"ReadAction","target":["https:\/\/www.welovecycling.com\/sk\/2018\/05\/22\/reportaz-skoda-dohnany-puchov-trophy-ked-sa-pocasie-postara-o-poriadnu-zabavu\/"]}]},{"@type":"ImageObject","inLanguage":"sk-SK","@id":"https:\/\/www.welovecycling.com\/sk\/2018\/05\/22\/reportaz-skoda-dohnany-puchov-trophy-ked-sa-pocasie-postara-o-poriadnu-zabavu\/#primaryimage","url":"https:\/\/d2p6e6u75xmxt8.cloudfront.net\/4\/2018\/05\/dohnany.webp","contentUrl":"https:\/\/d2p6e6u75xmxt8.cloudfront.net\/4\/2018\/05\/dohnany.webp","width":1375,"height":600},{"@type":"BreadcrumbList","@id":"https:\/\/www.welovecycling.com\/sk\/2018\/05\/22\/reportaz-skoda-dohnany-puchov-trophy-ked-sa-pocasie-postara-o-poriadnu-zabavu\/#breadcrumb","itemListElement":[{"@type":"ListItem","position":1,"name":"Home","item":"https:\/\/www.welovecycling.com\/sk\/"},{"@type":"ListItem","position":2,"name":"Report\u00e1\u017e: \u0160koda Doh\u0148any P\u00fachov Trophy \u2013 ke\u010f sa po\u010dasie postar\u00e1 o poriadnu z\u00e1bavu"}]},{"@type":"WebSite","@id":"https:\/\/www.welovecycling.com\/sk\/#website","url":"https:\/\/www.welovecycling.com\/sk\/","name":"\u0160koda We Love Cycling Slovensko","description":"\u0160koda We Love Cycling Slovensko je v\u00e1\u0161 ka\u017edodenn\u00fd zdroj noviniek a in\u0161pir\u00e1cie z sveta cyklistiky","potentialAction":[{"@type":"SearchAction","target":{"@type":"EntryPoint","urlTemplate":"https:\/\/www.welovecycling.com\/sk\/?s={search_term_string}"},"query-input":{"@type":"PropertyValueSpecification","valueRequired":true,"valueName":"search_term_string"}}],"inLanguage":"sk-SK"},{"@type":"Person","@id":"https:\/\/www.welovecycling.com\/sk\/#\/schema\/person\/8ee09ba39b7e25b1870160aa5b3a89bc","name":"Ondrej Ga\u0161par","image":{"@type":"ImageObject","inLanguage":"sk-SK","@id":"https:\/\/www.welovecycling.com\/sk\/#\/schema\/person\/image\/","url":"https:\/\/secure.gravatar.com\/avatar\/6126c9afb87b70da5abbb083ddbb21933da15f18f8ca7cb822aba0fb096a48f6?s=96&d=mm&r=g","contentUrl":"https:\/\/secure.gravatar.com\/avatar\/6126c9afb87b70da5abbb083ddbb21933da15f18f8ca7cb822aba0fb096a48f6?s=96&d=mm&r=g","caption":"Ondrej Ga\u0161par"},"url":"https:\/\/www.welovecycling.com\/sk\/author\/ondrejgaspar\/"}]}},"_links":{"self":[{"href":"https:\/\/www.welovecycling.com\/sk\/wp-json\/wp\/v2\/posts\/3677","targetHints":{"allow":["GET"]}}],"collection":[{"href":"https:\/\/www.welovecycling.com\/sk\/wp-json\/wp\/v2\/posts"}],"about":[{"href":"https:\/\/www.welovecycling.com\/sk\/wp-json\/wp\/v2\/types\/post"}],"author":[{"embeddable":true,"href":"https:\/\/www.welovecycling.com\/sk\/wp-json\/wp\/v2\/users\/38"}],"replies":[{"embeddable":true,"href":"https:\/\/www.welovecycling.com\/sk\/wp-json\/wp\/v2\/comments?post=3677"}],"version-history":[{"count":2,"href":"https:\/\/www.welovecycling.com\/sk\/wp-json\/wp\/v2\/posts\/3677\/revisions"}],"predecessor-version":[{"id":4213,"href":"https:\/\/www.welovecycling.com\/sk\/wp-json\/wp\/v2\/posts\/3677\/revisions\/4213"}],"wp:featuredmedia":[{"embeddable":true,"href":"https:\/\/www.welovecycling.com\/sk\/wp-json\/wp\/v2\/media\/3701"}],"wp:attachment":[{"href":"https:\/\/www.welovecycling.com\/sk\/wp-json\/wp\/v2\/media?parent=3677"}],"wp:term":[{"taxonomy":"category","embeddable":true,"href":"https:\/\/www.welovecycling.com\/sk\/wp-json\/wp\/v2\/categories?post=3677"},{"taxonomy":"post_tag","embeddable":true,"href":"https:\/\/www.welovecycling.com\/sk\/wp-json\/wp\/v2\/tags?post=3677"},{"taxonomy":"global-categories","embeddable":true,"href":"https:\/\/www.welovecycling.com\/sk\/wp-json\/wp\/v2\/global-categories?post=3677"}],"curies":[{"name":"wp","href":"https:\/\/api.w.org\/{rel}","templated":true}]}}