{"id":3663,"date":"2018-05-21T17:48:48","date_gmt":"2018-05-21T15:48:48","guid":{"rendered":"https:\/\/www.welovecycling.com\/sk\/?p=3663"},"modified":"2018-05-21T18:53:12","modified_gmt":"2018-05-21T16:53:12","slug":"svetovy-peloton-opat-na-slovensku","status":"publish","type":"post","link":"https:\/\/www.welovecycling.com\/sk\/2018\/05\/21\/svetovy-peloton-opat-na-slovensku\/","title":{"rendered":"Svetov\u00fd pelot\u00f3n op\u00e4\u0165 na Slovensku"},"content":{"rendered":"<p><strong>Fantastick\u00e1 spr\u00e1va pre v\u0161etk\u00fdch slovensk\u00fdch fan\u00fa\u0161ikov cyklistiky. Tour de Pologne (Okolo Po\u013eska), najv\u00fdznamnej\u0161ie cyklistick\u00e9 preteky v regi\u00f3ne strednej a v\u00fdchodnej Eur\u00f3py zaraden\u00e9 do kalend\u00e1ra\u00a0 UCI World Tour, zav\u00edtaj\u00fa po \u0161tyroch rokoch op\u00e4\u0165 na Slovensko.<\/strong><\/p>\n<p><a href=\"https:\/\/d2p6e6u75xmxt8.cloudfront.net\/4\/2018\/05\/Mapa-75-Tour-de-Pologne-2018.jpg\"><img loading=\"lazy\" decoding=\"async\" class=\"aligncenter size-large wp-image-3671\" src=\"https:\/\/d2p6e6u75xmxt8.cloudfront.net\/4\/2018\/05\/Mapa-75-Tour-de-Pologne-2018-724x1024.jpg\" alt=\"\" width=\"724\" height=\"1024\" srcset=\"https:\/\/d2p6e6u75xmxt8.cloudfront.net\/4\/2018\/05\/Mapa-75-Tour-de-Pologne-2018-724x1024.jpg 724w, https:\/\/d2p6e6u75xmxt8.cloudfront.net\/4\/2018\/05\/Mapa-75-Tour-de-Pologne-2018-212x300.jpg 212w, https:\/\/d2p6e6u75xmxt8.cloudfront.net\/4\/2018\/05\/Mapa-75-Tour-de-Pologne-2018-768x1086.jpg 768w, https:\/\/d2p6e6u75xmxt8.cloudfront.net\/4\/2018\/05\/Mapa-75-Tour-de-Pologne-2018-1358x1920.jpg 1358w, https:\/\/d2p6e6u75xmxt8.cloudfront.net\/4\/2018\/05\/Mapa-75-Tour-de-Pologne-2018-1358x1920.jpg 1358w\" sizes=\"auto, (max-width: 724px) 100vw, 724px\" \/><\/a><\/p>\n<p>&nbsp;<\/p>\n<p>Cesty a kopce v okol\u00ed Popradu preveria cyklistov najlep\u0161\u00edch svetov\u00fdch t\u00edmov 9.8.2018 v \u0161iestej etape jubilejn\u00e9ho 75. ro\u010dn\u00edka pretekov Okolo Po\u013eska (4 . &#8211; 10. augusta). \u201eSlovensk\u00e1\u201d etapa od\u0161tartuje v\u00a0hlavnom zimnom meste na\u0161ich severn\u00fdch susedov Zakopanom a na slovenskom \u00fazem\u00ed povedie po trase Tatransk\u00e1 Javorina, \u017ddiar, Tatransk\u00e1 Lomnica, Vrbov, J\u00e1novce, Hranovnica, Liptovsk\u00e1 Tepli\u010dka, Tatransk\u00e1 \u0160trba, \u0160t\u00f4la, Vysok\u00e9 Tatry (Smokovce), Ve\u013ek\u00fd Slavkov, Mlynica a po troch 8,6km okruhoch etapa skon\u010d\u00ed fini\u0161om v Poprade. Na trase bud\u00fa vyp\u00edsan\u00e9 tri horsk\u00e9, jedna \u0161peci\u00e1lna a jedna r\u00fdchlostn\u00e1 pr\u00e9mia.<\/p>\n<p>\u201eTour de Pologne nie je len o s\u00fa\u0165a\u017enej rivalite, ale tie\u017e o skvelej propag\u00e1cii miest, v ktor\u00fdch sa kon\u00e1. Sme bl\u00edzki susedia, s\u00fa tu Tatry. Hovorili sme aj o spolo\u010dnej pamiatke na p\u00e1pe\u017ea J\u00e1na Pavla II. To v\u0161etko s\u00fa veci, ktor\u00e9 n\u00e1s sp\u00e1jaj\u00fa, a preto by to bola ur\u010dite ve\u013emi pekn\u00e1 etapa, ktor\u00fa by sme dok\u00e1zali spolo\u010dne pripravi\u0165,\u201d uviedol b\u00fdval\u00fd skvel\u00fd cyklista a dnes riadite\u013e pretekov <strong>Czeslaw Lang<\/strong>.<\/p>\n<p>\u201ePreteky Okolo Po\u013eska s\u00fa obrovsk\u00fd fenom\u00e9n, ktor\u00fd v\u010faka telev\u00edznym prenosom sleduj\u00fa stovky mili\u00f3nov div\u00e1kov na celom svete. Tento \u0161portov\u00fd sviatok m\u00e1 obrovsk\u00fd marketingov\u00fd potenci\u00e1l, ktor\u00fd by sme pri vz\u00e1jomnej spolupr\u00e1ci radi vyu\u017eili v prospech n\u00e1\u0161ho mesta i cel\u00e9ho regi\u00f3nu,\u201d uviedol po stretnut\u00ed popradsk\u00fd prim\u00e1tor <strong>Jozef \u0160vagerko<\/strong>.<\/p>\n<p>Vla\u0148aj\u0161\u00ed ro\u010dn\u00edk pretekov Tour de Pologne za\u010d\u00ednal u\u017e tradi\u010dne v Krakove . \u00davodn\u00e1 \u0161print\u00e9rska etapa so \u0161tartom aj cie\u013eom v tomto historickom meste sa stala koris\u0165ou Petra Sagana, ktor\u00fd bol jednou z ve\u013ek\u00fdch post\u00e1v cel\u00e9ho podujatia. Okrem v\u00ed\u0165azstva v bodovacej s\u00fa\u0165a\u017ei si medzit\u00fdm u\u017e trojn\u00e1sobn\u00fd majster sveta prip\u00edsal prv\u00e9, druh\u00e9 aj tretie miesto v etap\u00e1ch a v z\u00e1vere\u010dnej n\u00e1ro\u010dnej horskej sk\u00fa\u0161ke v Tatranskej Bukovine bavil tis\u00edcky svojich fan\u00fa\u0161ikov viacer\u00fdmi n\u00e1stupmi do \u00fanikov, a\u017e k\u00fdm sa pred cie\u013eom \u00faplne neunavil.<\/p>\n<p>&nbsp;<\/p>\n<h3 style=\"text-align: center;\"><strong>Tour de Pologne 2018 &#8211; 6.etapa: Zakopan\u00e9 &#8211; Poprad <\/strong>(180km, 1720m prev\u00fd\u0161enie)<\/h3>\n<p><a href=\"https:\/\/d2p6e6u75xmxt8.cloudfront.net\/4\/2018\/05\/TdP_map6_2018.jpg\"><img loading=\"lazy\" decoding=\"async\" class=\"aligncenter size-large wp-image-3668\" src=\"https:\/\/d2p6e6u75xmxt8.cloudfront.net\/4\/2018\/05\/TdP_map6_2018-1024x802.jpg\" alt=\"\" width=\"1024\" height=\"802\" srcset=\"https:\/\/d2p6e6u75xmxt8.cloudfront.net\/4\/2018\/05\/TdP_map6_2018-1024x802.jpg 1024w, https:\/\/d2p6e6u75xmxt8.cloudfront.net\/4\/2018\/05\/TdP_map6_2018-300x235.jpg 300w, https:\/\/d2p6e6u75xmxt8.cloudfront.net\/4\/2018\/05\/TdP_map6_2018-768x602.jpg 768w, https:\/\/d2p6e6u75xmxt8.cloudfront.net\/4\/2018\/05\/TdP_map6_2018-1920x1505.jpg 1920w, https:\/\/d2p6e6u75xmxt8.cloudfront.net\/4\/2018\/05\/TdP_map6_2018-1920x1505.jpg 1920w\" sizes=\"auto, (max-width: 1024px) 100vw, 1024px\" \/><\/a><\/p>\n<p><a href=\"https:\/\/d2p6e6u75xmxt8.cloudfront.net\/4\/2018\/05\/TdP_E6_2018.jpg\"><img loading=\"lazy\" decoding=\"async\" class=\"aligncenter size-large wp-image-3667\" src=\"https:\/\/d2p6e6u75xmxt8.cloudfront.net\/4\/2018\/05\/TdP_E6_2018-1024x571.jpg\" alt=\"\" width=\"1024\" height=\"571\" srcset=\"https:\/\/d2p6e6u75xmxt8.cloudfront.net\/4\/2018\/05\/TdP_E6_2018-1024x571.jpg 1024w, https:\/\/d2p6e6u75xmxt8.cloudfront.net\/4\/2018\/05\/TdP_E6_2018-300x167.jpg 300w, https:\/\/d2p6e6u75xmxt8.cloudfront.net\/4\/2018\/05\/TdP_E6_2018-768x428.jpg 768w, https:\/\/d2p6e6u75xmxt8.cloudfront.net\/4\/2018\/05\/TdP_E6_2018.jpg 1098w\" sizes=\"auto, (max-width: 1024px) 100vw, 1024px\" \/><\/a><\/p>\n<p><a href=\"https:\/\/d2p6e6u75xmxt8.cloudfront.net\/4\/2018\/05\/UCI-2018-world-tour-teams.jpg\"><img loading=\"lazy\" decoding=\"async\" class=\"aligncenter size-large wp-image-3670\" src=\"https:\/\/d2p6e6u75xmxt8.cloudfront.net\/4\/2018\/05\/UCI-2018-world-tour-teams-1024x576.jpg\" alt=\"\" width=\"1024\" height=\"576\" srcset=\"https:\/\/d2p6e6u75xmxt8.cloudfront.net\/4\/2018\/05\/UCI-2018-world-tour-teams-1024x576.jpg 1024w, https:\/\/d2p6e6u75xmxt8.cloudfront.net\/4\/2018\/05\/UCI-2018-world-tour-teams-300x169.jpg 300w, https:\/\/d2p6e6u75xmxt8.cloudfront.net\/4\/2018\/05\/UCI-2018-world-tour-teams-768x432.jpg 768w, https:\/\/d2p6e6u75xmxt8.cloudfront.net\/4\/2018\/05\/UCI-2018-world-tour-teams-1920x1080.jpg 1920w, https:\/\/d2p6e6u75xmxt8.cloudfront.net\/4\/2018\/05\/UCI-2018-world-tour-teams.jpg 2048w, https:\/\/d2p6e6u75xmxt8.cloudfront.net\/4\/2018\/05\/UCI-2018-world-tour-teams-1920x1080.jpg 1920w\" sizes=\"auto, (max-width: 1024px) 100vw, 1024px\" \/><\/a><\/p>\n","protected":false},"excerpt":{"rendered":"<p>Fantastick\u00e1 spr\u00e1va pre v\u0161etk\u00fdch slovensk\u00fdch fan\u00fa\u0161ikov cyklistiky. Tour de Pologne (Okolo Po\u013eska), najv\u00fdznamnej\u0161ie cyklistick\u00e9 preteky v regi\u00f3ne strednej a v\u00fdchodnej [&hellip;]<\/p>\n","protected":false},"author":40,"featured_media":3716,"comment_status":"open","ping_status":"open","sticky":false,"template":"","format":"standard","meta":{"footnotes":""},"categories":[4,63],"tags":[464,465,199,106,466],"global-categories":[],"class_list":["post-3663","post","type-post","status-publish","format-standard","has-post-thumbnail","hentry","category-cestna-cyklisitika","category-grand-tour","tag-okolo-polska","tag-poprad","tag-tour-de-pologne","tag-uci-worldtour","tag-zakopane"],"yoast_head":"<!-- This site is optimized with the Yoast SEO Premium plugin v25.3 (Yoast SEO v25.9) - https:\/\/yoast.com\/wordpress\/plugins\/seo\/ -->\n<title>Svetov\u00fd pelot\u00f3n op\u00e4\u0165 na Slovensku - \u0160koda We Love Cycling Slovensko<\/title>\n<meta name=\"robots\" content=\"index, follow, max-snippet:-1, max-image-preview:large, max-video-preview:-1\" \/>\n<link rel=\"canonical\" href=\"https:\/\/www.welovecycling.com\/sk\/2018\/05\/21\/svetovy-peloton-opat-na-slovensku\/\" \/>\n<meta property=\"og:locale\" content=\"sk_SK\" \/>\n<meta property=\"og:type\" content=\"article\" \/>\n<meta property=\"og:title\" content=\"Svetov\u00fd pelot\u00f3n op\u00e4\u0165 na Slovensku\" \/>\n<meta property=\"og:description\" content=\"Fantastick\u00e1 spr\u00e1va pre v\u0161etk\u00fdch slovensk\u00fdch fan\u00fa\u0161ikov cyklistiky. Tour de Pologne (Okolo Po\u013eska), najv\u00fdznamnej\u0161ie cyklistick\u00e9 preteky v regi\u00f3ne strednej a v\u00fdchodnej [&hellip;]\" \/>\n<meta property=\"og:url\" content=\"https:\/\/www.welovecycling.com\/sk\/2018\/05\/21\/svetovy-peloton-opat-na-slovensku\/\" \/>\n<meta property=\"og:site_name\" content=\"\u0160koda We Love Cycling Slovensko\" \/>\n<meta property=\"article:published_time\" content=\"2018-05-21T15:48:48+00:00\" \/>\n<meta property=\"article:modified_time\" content=\"2018-05-21T16:53:12+00:00\" \/>\n<meta property=\"og:image\" content=\"https:\/\/d2p6e6u75xmxt8.cloudfront.net\/4\/2018\/05\/1375x600_tdp2017.webp\" \/>\n\t<meta property=\"og:image:width\" content=\"1375\" \/>\n\t<meta property=\"og:image:height\" content=\"600\" \/>\n\t<meta property=\"og:image:type\" content=\"image\/webp\" \/>\n<meta name=\"author\" content=\"Zozzi\" \/>\n<meta name=\"twitter:card\" content=\"summary_large_image\" \/>\n<meta name=\"twitter:label1\" content=\"Written by\" \/>\n\t<meta name=\"twitter:data1\" content=\"We Love Cycling\" \/>\n\t<meta name=\"twitter:label2\" content=\"Est. reading time\" \/>\n\t<meta name=\"twitter:data2\" content=\"2 minutes\" \/>\n<script type=\"application\/ld+json\" class=\"yoast-schema-graph\">{\"@context\":\"https:\/\/schema.org\",\"@graph\":[{\"@type\":\"WebPage\",\"@id\":\"https:\/\/www.welovecycling.com\/sk\/2018\/05\/21\/svetovy-peloton-opat-na-slovensku\/\",\"url\":\"https:\/\/www.welovecycling.com\/sk\/2018\/05\/21\/svetovy-peloton-opat-na-slovensku\/\",\"name\":\"Svetov\u00fd pelot\u00f3n op\u00e4\u0165 na Slovensku - \u0160koda We Love Cycling Slovensko\",\"isPartOf\":{\"@id\":\"https:\/\/www.welovecycling.com\/sk\/#website\"},\"primaryImageOfPage\":{\"@id\":\"https:\/\/www.welovecycling.com\/sk\/2018\/05\/21\/svetovy-peloton-opat-na-slovensku\/#primaryimage\"},\"image\":{\"@id\":\"https:\/\/www.welovecycling.com\/sk\/2018\/05\/21\/svetovy-peloton-opat-na-slovensku\/#primaryimage\"},\"thumbnailUrl\":\"https:\/\/d2p6e6u75xmxt8.cloudfront.net\/4\/2018\/05\/1375x600_tdp2017.webp\",\"datePublished\":\"2018-05-21T15:48:48+00:00\",\"dateModified\":\"2018-05-21T16:53:12+00:00\",\"author\":{\"@id\":\"https:\/\/www.welovecycling.com\/sk\/#\/schema\/person\/69a353af73d9db8f391581204a521230\"},\"breadcrumb\":{\"@id\":\"https:\/\/www.welovecycling.com\/sk\/2018\/05\/21\/svetovy-peloton-opat-na-slovensku\/#breadcrumb\"},\"inLanguage\":\"sk-SK\",\"potentialAction\":[{\"@type\":\"ReadAction\",\"target\":[\"https:\/\/www.welovecycling.com\/sk\/2018\/05\/21\/svetovy-peloton-opat-na-slovensku\/\"]}]},{\"@type\":\"ImageObject\",\"inLanguage\":\"sk-SK\",\"@id\":\"https:\/\/www.welovecycling.com\/sk\/2018\/05\/21\/svetovy-peloton-opat-na-slovensku\/#primaryimage\",\"url\":\"https:\/\/d2p6e6u75xmxt8.cloudfront.net\/4\/2018\/05\/1375x600_tdp2017.webp\",\"contentUrl\":\"https:\/\/d2p6e6u75xmxt8.cloudfront.net\/4\/2018\/05\/1375x600_tdp2017.webp\",\"width\":1375,\"height\":600},{\"@type\":\"BreadcrumbList\",\"@id\":\"https:\/\/www.welovecycling.com\/sk\/2018\/05\/21\/svetovy-peloton-opat-na-slovensku\/#breadcrumb\",\"itemListElement\":[{\"@type\":\"ListItem\",\"position\":1,\"name\":\"Home\",\"item\":\"https:\/\/www.welovecycling.com\/sk\/\"},{\"@type\":\"ListItem\",\"position\":2,\"name\":\"Svetov\u00fd pelot\u00f3n op\u00e4\u0165 na Slovensku\"}]},{\"@type\":\"WebSite\",\"@id\":\"https:\/\/www.welovecycling.com\/sk\/#website\",\"url\":\"https:\/\/www.welovecycling.com\/sk\/\",\"name\":\"\u0160koda We Love Cycling Slovensko\",\"description\":\"\u0160koda We Love Cycling Slovensko je v\u00e1\u0161 ka\u017edodenn\u00fd zdroj noviniek a in\u0161pir\u00e1cie z sveta cyklistiky\",\"potentialAction\":[{\"@type\":\"SearchAction\",\"target\":{\"@type\":\"EntryPoint\",\"urlTemplate\":\"https:\/\/www.welovecycling.com\/sk\/?s={search_term_string}\"},\"query-input\":{\"@type\":\"PropertyValueSpecification\",\"valueRequired\":true,\"valueName\":\"search_term_string\"}}],\"inLanguage\":\"sk-SK\"},{\"@type\":\"Person\",\"@id\":\"https:\/\/www.welovecycling.com\/sk\/#\/schema\/person\/69a353af73d9db8f391581204a521230\",\"name\":\"Zozzi\",\"image\":{\"@type\":\"ImageObject\",\"inLanguage\":\"sk-SK\",\"@id\":\"https:\/\/www.welovecycling.com\/sk\/#\/schema\/person\/image\/\",\"url\":\"https:\/\/secure.gravatar.com\/avatar\/0255afbdd216c325a2a30335b3ab5281cba74e43cb20818f979685eff3429a06?s=96&d=mm&r=g\",\"contentUrl\":\"https:\/\/secure.gravatar.com\/avatar\/0255afbdd216c325a2a30335b3ab5281cba74e43cb20818f979685eff3429a06?s=96&d=mm&r=g\",\"caption\":\"Zozzi\"},\"url\":\"https:\/\/www.welovecycling.com\/sk\/author\/zozzi\/\"}]}<\/script>\n<!-- \/ Yoast SEO Premium plugin. -->","yoast_head_json":{"title":"Svetov\u00fd pelot\u00f3n op\u00e4\u0165 na Slovensku - \u0160koda We Love Cycling Slovensko","robots":{"index":"index","follow":"follow","max-snippet":"max-snippet:-1","max-image-preview":"max-image-preview:large","max-video-preview":"max-video-preview:-1"},"canonical":"https:\/\/www.welovecycling.com\/sk\/2018\/05\/21\/svetovy-peloton-opat-na-slovensku\/","og_locale":"sk_SK","og_type":"article","og_title":"Svetov\u00fd pelot\u00f3n op\u00e4\u0165 na Slovensku","og_description":"Fantastick\u00e1 spr\u00e1va pre v\u0161etk\u00fdch slovensk\u00fdch fan\u00fa\u0161ikov cyklistiky. Tour de Pologne (Okolo Po\u013eska), najv\u00fdznamnej\u0161ie cyklistick\u00e9 preteky v regi\u00f3ne strednej a v\u00fdchodnej [&hellip;]","og_url":"https:\/\/www.welovecycling.com\/sk\/2018\/05\/21\/svetovy-peloton-opat-na-slovensku\/","og_site_name":"\u0160koda We Love Cycling Slovensko","article_published_time":"2018-05-21T15:48:48+00:00","article_modified_time":"2018-05-21T16:53:12+00:00","og_image":[{"width":1375,"height":600,"url":"https:\/\/d2p6e6u75xmxt8.cloudfront.net\/4\/2018\/05\/1375x600_tdp2017.webp","type":"image\/webp"}],"author":"Zozzi","twitter_card":"summary_large_image","twitter_misc":{"Written by":"We Love Cycling","Est. reading time":"2 minutes"},"schema":{"@context":"https:\/\/schema.org","@graph":[{"@type":"WebPage","@id":"https:\/\/www.welovecycling.com\/sk\/2018\/05\/21\/svetovy-peloton-opat-na-slovensku\/","url":"https:\/\/www.welovecycling.com\/sk\/2018\/05\/21\/svetovy-peloton-opat-na-slovensku\/","name":"Svetov\u00fd pelot\u00f3n op\u00e4\u0165 na Slovensku - \u0160koda We Love Cycling Slovensko","isPartOf":{"@id":"https:\/\/www.welovecycling.com\/sk\/#website"},"primaryImageOfPage":{"@id":"https:\/\/www.welovecycling.com\/sk\/2018\/05\/21\/svetovy-peloton-opat-na-slovensku\/#primaryimage"},"image":{"@id":"https:\/\/www.welovecycling.com\/sk\/2018\/05\/21\/svetovy-peloton-opat-na-slovensku\/#primaryimage"},"thumbnailUrl":"https:\/\/d2p6e6u75xmxt8.cloudfront.net\/4\/2018\/05\/1375x600_tdp2017.webp","datePublished":"2018-05-21T15:48:48+00:00","dateModified":"2018-05-21T16:53:12+00:00","author":{"@id":"https:\/\/www.welovecycling.com\/sk\/#\/schema\/person\/69a353af73d9db8f391581204a521230"},"breadcrumb":{"@id":"https:\/\/www.welovecycling.com\/sk\/2018\/05\/21\/svetovy-peloton-opat-na-slovensku\/#breadcrumb"},"inLanguage":"sk-SK","potentialAction":[{"@type":"ReadAction","target":["https:\/\/www.welovecycling.com\/sk\/2018\/05\/21\/svetovy-peloton-opat-na-slovensku\/"]}]},{"@type":"ImageObject","inLanguage":"sk-SK","@id":"https:\/\/www.welovecycling.com\/sk\/2018\/05\/21\/svetovy-peloton-opat-na-slovensku\/#primaryimage","url":"https:\/\/d2p6e6u75xmxt8.cloudfront.net\/4\/2018\/05\/1375x600_tdp2017.webp","contentUrl":"https:\/\/d2p6e6u75xmxt8.cloudfront.net\/4\/2018\/05\/1375x600_tdp2017.webp","width":1375,"height":600},{"@type":"BreadcrumbList","@id":"https:\/\/www.welovecycling.com\/sk\/2018\/05\/21\/svetovy-peloton-opat-na-slovensku\/#breadcrumb","itemListElement":[{"@type":"ListItem","position":1,"name":"Home","item":"https:\/\/www.welovecycling.com\/sk\/"},{"@type":"ListItem","position":2,"name":"Svetov\u00fd pelot\u00f3n op\u00e4\u0165 na Slovensku"}]},{"@type":"WebSite","@id":"https:\/\/www.welovecycling.com\/sk\/#website","url":"https:\/\/www.welovecycling.com\/sk\/","name":"\u0160koda We Love Cycling Slovensko","description":"\u0160koda We Love Cycling Slovensko je v\u00e1\u0161 ka\u017edodenn\u00fd zdroj noviniek a in\u0161pir\u00e1cie z sveta cyklistiky","potentialAction":[{"@type":"SearchAction","target":{"@type":"EntryPoint","urlTemplate":"https:\/\/www.welovecycling.com\/sk\/?s={search_term_string}"},"query-input":{"@type":"PropertyValueSpecification","valueRequired":true,"valueName":"search_term_string"}}],"inLanguage":"sk-SK"},{"@type":"Person","@id":"https:\/\/www.welovecycling.com\/sk\/#\/schema\/person\/69a353af73d9db8f391581204a521230","name":"Zozzi","image":{"@type":"ImageObject","inLanguage":"sk-SK","@id":"https:\/\/www.welovecycling.com\/sk\/#\/schema\/person\/image\/","url":"https:\/\/secure.gravatar.com\/avatar\/0255afbdd216c325a2a30335b3ab5281cba74e43cb20818f979685eff3429a06?s=96&d=mm&r=g","contentUrl":"https:\/\/secure.gravatar.com\/avatar\/0255afbdd216c325a2a30335b3ab5281cba74e43cb20818f979685eff3429a06?s=96&d=mm&r=g","caption":"Zozzi"},"url":"https:\/\/www.welovecycling.com\/sk\/author\/zozzi\/"}]}},"_links":{"self":[{"href":"https:\/\/www.welovecycling.com\/sk\/wp-json\/wp\/v2\/posts\/3663","targetHints":{"allow":["GET"]}}],"collection":[{"href":"https:\/\/www.welovecycling.com\/sk\/wp-json\/wp\/v2\/posts"}],"about":[{"href":"https:\/\/www.welovecycling.com\/sk\/wp-json\/wp\/v2\/types\/post"}],"author":[{"embeddable":true,"href":"https:\/\/www.welovecycling.com\/sk\/wp-json\/wp\/v2\/users\/40"}],"replies":[{"embeddable":true,"href":"https:\/\/www.welovecycling.com\/sk\/wp-json\/wp\/v2\/comments?post=3663"}],"version-history":[{"count":2,"href":"https:\/\/www.welovecycling.com\/sk\/wp-json\/wp\/v2\/posts\/3663\/revisions"}],"predecessor-version":[{"id":3712,"href":"https:\/\/www.welovecycling.com\/sk\/wp-json\/wp\/v2\/posts\/3663\/revisions\/3712"}],"wp:featuredmedia":[{"embeddable":true,"href":"https:\/\/www.welovecycling.com\/sk\/wp-json\/wp\/v2\/media\/3716"}],"wp:attachment":[{"href":"https:\/\/www.welovecycling.com\/sk\/wp-json\/wp\/v2\/media?parent=3663"}],"wp:term":[{"taxonomy":"category","embeddable":true,"href":"https:\/\/www.welovecycling.com\/sk\/wp-json\/wp\/v2\/categories?post=3663"},{"taxonomy":"post_tag","embeddable":true,"href":"https:\/\/www.welovecycling.com\/sk\/wp-json\/wp\/v2\/tags?post=3663"},{"taxonomy":"global-categories","embeddable":true,"href":"https:\/\/www.welovecycling.com\/sk\/wp-json\/wp\/v2\/global-categories?post=3663"}],"curies":[{"name":"wp","href":"https:\/\/api.w.org\/{rel}","templated":true}]}}