{"id":3598,"date":"2018-05-14T16:54:19","date_gmt":"2018-05-14T14:54:19","guid":{"rendered":"https:\/\/www.welovecycling.com\/sk\/?p=3598"},"modified":"2018-05-18T15:07:28","modified_gmt":"2018-05-18T13:07:28","slug":"pozvanka-skoda-dohnany-puchov-trophy-mate-uz-program-na-vikend","status":"publish","type":"post","link":"https:\/\/www.welovecycling.com\/sk\/2018\/05\/14\/pozvanka-skoda-dohnany-puchov-trophy-mate-uz-program-na-vikend\/","title":{"rendered":"Pozv\u00e1nka: \u0160koda Doh\u0148any P\u00fachov Trophy \u2013 m\u00e1te u\u017e program na v\u00edkend?"},"content":{"rendered":"<p><strong>V\u00a0r\u00e1mci na\u0161ej s\u00e9rie \u0160koda BIKE OPEN TOUR sa Doh\u0148any minul\u00fd rok \u00faspe\u0161ne odprezentovali ako nov\u00e1\u010dik, ktor\u00fd sa aj tento rok te\u0161\u00ed na va\u0161u \u00fa\u010das\u0165. U\u017e t\u00fato sobotu &#8211; 19.5.2018, sa vid\u00edme na \u0160koda Doh\u0148any \u2013 P\u00fachov Trophy marat\u00f3ne.<\/strong><!--more--><\/p>\n<p><a href=\"https:\/\/d2p6e6u75xmxt8.cloudfront.net\/4\/2018\/05\/01-1.jpg\"><img loading=\"lazy\" decoding=\"async\" class=\"alignnone size-full wp-image-3600\" src=\"https:\/\/d2p6e6u75xmxt8.cloudfront.net\/4\/2018\/05\/01-1.jpg\" alt=\"\" width=\"1024\" height=\"684\" \/><\/a><\/p>\n<p>Nenechajte si ujs\u0165 kvalitne zorganizovan\u00e9 podujatie pod taktovkou CK EPIC Doh\u0148any, ktor\u00e9 je okrem s\u00e9rie \u0160koda BIKE OPEN TOUR, aj s\u00fa\u010das\u0165ou Slovensk\u00e9ho poh\u00e1ra XCM. Na jazdcov \u010dakaj\u00fa <strong>tri d\u013a\u017eky trate<\/strong>, t\u00e1 najdlh\u0161ia (L marat\u00f3n) je oproti minul\u00e9mu roku pred\u013a\u017een\u00e1 o 10 km a\u00a0pon\u00faka slu\u0161n\u00fa porciu prev\u00fd\u0161enia v\u00a0podobe 2 250 m. Na strednej trati (M marat\u00f3n) \u010dak\u00e1 na jazdcov 40 km s\u00a0prev\u00fd\u0161en\u00edm 1 305 m. \u201eS\u00a0marat\u00f3n\u201c m\u00e1 d\u013a\u017eku 16 km a\u00a0prev\u00fd\u0161enie 419 m. Trasy v\u00e1s preved\u00fa po okolit\u00fdch z\u00e1kutiach, zv\u00e1\u017eniciach, singeltrackoch, l\u00fakach a\u00a0samozrejme nebud\u00fa ch\u00fdba\u0165 ani v\u00fd\u0161\u013eapy na vyhliadkov\u00e9 miesta.<\/p>\n<p><a href=\"https:\/\/d2p6e6u75xmxt8.cloudfront.net\/4\/2018\/05\/02-1.jpg\"><img loading=\"lazy\" decoding=\"async\" class=\"alignnone size-full wp-image-3601\" src=\"https:\/\/d2p6e6u75xmxt8.cloudfront.net\/4\/2018\/05\/02-1.jpg\" alt=\"\" width=\"1024\" height=\"684\" \/><\/a><\/p>\n<p>S\u00e9ria MTB marat\u00f3nov s podporou gener\u00e1lneho partnera \u0160koda AUTO Slovensko pozost\u00e1va zo \u0161iestich pretekov na \u00fazem\u00ed Slovenskej republiky a\u00a0Doh\u0148any bud\u00fa dejiskom jej tohtoro\u010dn\u00e9ho druh\u00e9ho kola. Ak niekomu ch\u00fdba dostato\u010dn\u00e1 motiv\u00e1cia, mo\u017eno ho \u201enakopne\u201c minuloro\u010dn\u00e1 report\u00e1\u017e a\u00a0naozaj bohat\u00e1 fotogal\u00e9ria, ktor\u00e1 zachyt\u00e1va v\u00fdborn\u00fa atmosf\u00e9ru cel\u00e9ho podujatia.<\/p>\n<div class=\"shortcode-ys-post-pinup\"><article class=\"loop-simple post-1071 post type-post status-publish format-video has-post-thumbnail hentry category-mtb category-podujatia category-reportaz category-sbot tag-dohnany-puchov tag-horska-cyklistika tag-jan-kocis tag-martin-imrich tag-martina-grnova tag-podujatia tag-reportaz tag-sbot tag-skoda-dohnany-puchov-trophy post_format-post-format-video\" data-postid=\"1071\" role=\"article\" data-post-id=\"1071\" data-word-count=\"815\" data-headline-length=\"77\" data-category=\"MTB\" data-author=\"Martin Imrich\" data-published=\"2017-06-08T17:14:21+02:00\" data-published-day=\"Thursday\">\n    <div class=\"entry-thumbnail article-thumbnail video-thumbnail\" content=\"https:\/\/d2p6e6u75xmxt8.cloudfront.net\/4\/2017\/06\/dohnany-reportaz-topimage-150x150.webp\"><svg class=\"play font-icon\"><use href=\"#play_round\" xlink:href=\"#play_round\"><\/use><\/svg><a href=\"https:\/\/www.welovecycling.com\/sk\/2017\/06\/08\/reportaz-skoda-dohnany-puchov-trophy-premierovo-vysokej-urovni\/\" class=\"image-holder\" target=\"_self\"><img decoding=\"async\" loading=\"lazy\" class=\"\" src=\"https:\/\/d2p6e6u75xmxt8.cloudfront.net\/4\/2017\/06\/dohnany-reportaz-topimage-1024x447.webp\" srcset=\"https:\/\/d2p6e6u75xmxt8.cloudfront.net\/4\/2017\/06\/dohnany-reportaz-topimage.webp 1375w, https:\/\/d2p6e6u75xmxt8.cloudfront.net\/4\/2017\/06\/dohnany-reportaz-topimage-300x131.webp 300w, https:\/\/d2p6e6u75xmxt8.cloudfront.net\/4\/2017\/06\/dohnany-reportaz-topimage-1024x447.webp 1024w, https:\/\/d2p6e6u75xmxt8.cloudfront.net\/4\/2017\/06\/dohnany-reportaz-topimage-768x335.webp 768w\" width=\"1024\" height=\"447\" sizes=\"auto, (min-width: 1200px) 458px, (min-width: 768px) 38vw, 100vw\" alt=\"reportaz-skoda-dohnany-puchov-trophy-premierovo-vysokej-urovni\"\/><\/a><\/div>    <div class=\"entry-meta\">\n        <a class=\"label label-secondary post-category\" href=\"https:\/\/www.welovecycling.com\/sk\/category\/mtb\/\" title=\"MTB\">MTB<\/a>\n    <\/div>\n    <div class=\"entry-details\">\n        <a href=\"https:\/\/www.welovecycling.com\/sk\/2017\/06\/08\/reportaz-skoda-dohnany-puchov-trophy-premierovo-vysokej-urovni\/\" class='entry-title-wrapper'>\n            <h3 class=\"entry-title\"><span>REPORT\u00c1\u017d: \u0160koda Doh\u0148any \u2013 P\u00fachov Trophy premi\u00e9rovo na vysokej \u00farovni<\/span><\/h3>\n        <\/a>\n    <\/div>\n    <\/article>\n<\/div>\n<p><a href=\"https:\/\/d2p6e6u75xmxt8.cloudfront.net\/4\/2018\/05\/03.jpg\"><img loading=\"lazy\" decoding=\"async\" class=\"alignnone size-full wp-image-3602\" src=\"https:\/\/d2p6e6u75xmxt8.cloudfront.net\/4\/2018\/05\/03.jpg\" alt=\"\" width=\"1024\" height=\"684\" \/><\/a><\/p>\n<div class=\"shortcode-ys-post-pinup\"><article class=\"loop-simple post-3223 post type-post status-publish format-gallery has-post-thumbnail hentry category-mtb category-podujatia category-sbot tag-dohnany-puchov tag-fotogaleria tag-sbot tag-skoda-dohnany-puchov-trophy tag-vanda-mesiarikova post_format-post-format-gallery\" data-postid=\"3223\" role=\"article\" data-post-id=\"3223\" data-word-count=\"9\" data-headline-length=\"72\" data-category=\"MTB\" data-author=\"We Love Cycling\" data-published=\"2017-06-08T09:52:17+02:00\" data-published-day=\"Thursday\">\n    <div class=\"entry-thumbnail article-thumbnail\" content=\"https:\/\/d2p6e6u75xmxt8.cloudfront.net\/4\/2017\/06\/1375x600_dohnany-mesiarikova-150x150.webp\"><a href=\"https:\/\/www.welovecycling.com\/sk\/2017\/06\/08\/foto-skoda-dohnany-puchov-trophy-2017-vanda-mesiarikova\/\" class=\"image-holder\" target=\"_self\"><img decoding=\"async\" loading=\"lazy\" class=\"\" src=\"https:\/\/d2p6e6u75xmxt8.cloudfront.net\/4\/2017\/06\/1375x600_dohnany-mesiarikova-1024x447.webp\" srcset=\"https:\/\/d2p6e6u75xmxt8.cloudfront.net\/4\/2017\/06\/1375x600_dohnany-mesiarikova.webp 1375w, https:\/\/d2p6e6u75xmxt8.cloudfront.net\/4\/2017\/06\/1375x600_dohnany-mesiarikova-300x131.webp 300w, https:\/\/d2p6e6u75xmxt8.cloudfront.net\/4\/2017\/06\/1375x600_dohnany-mesiarikova-1024x447.webp 1024w, https:\/\/d2p6e6u75xmxt8.cloudfront.net\/4\/2017\/06\/1375x600_dohnany-mesiarikova-768x335.webp 768w\" width=\"1024\" height=\"447\" sizes=\"auto, (min-width: 1200px) 458px, (min-width: 768px) 38vw, 100vw\" alt=\"foto-skoda-dohnany-puchov-trophy-2017-vanda-mesiarikova\"\/><\/a><\/div>    <div class=\"entry-meta\">\n        <a class=\"label label-secondary post-category\" href=\"https:\/\/www.welovecycling.com\/sk\/category\/mtb\/\" title=\"MTB\">MTB<\/a>\n    <\/div>\n    <div class=\"entry-details\">\n        <a href=\"https:\/\/www.welovecycling.com\/sk\/2017\/06\/08\/foto-skoda-dohnany-puchov-trophy-2017-vanda-mesiarikova\/\" class='entry-title-wrapper'>\n            <h3 class=\"entry-title\"><span>FOTO: \u0160koda Doh\u0148any &#8211; P\u00fachov Trophy 2017 \u2013 Vanda Mesiarikov\u00e1<\/span><\/h3>\n        <\/a>\n    <\/div>\n    <\/article>\n<\/div>\n<h2><strong>Sprievodn\u00fd program<\/strong><\/h2>\n<p>\u010ci u\u017e s\u00fa\u0165a\u017e\u00edte alebo povzbudzujete, \u010dak\u00e1 na v\u00e1s de\u0148 pln\u00fd \u0161portu a\u00a0z\u00e1bavy. \u0160koda BIKE OPEN TOUR si pre v\u0161etk\u00fdch z\u00fa\u010dastnen\u00fdch pripravila <strong>bohat\u00fd sprievodn\u00fd program<\/strong>, tak\u017ee tu nuda naozaj nehroz\u00ed. Kreat\u00edvna detsk\u00e1 z\u00f3na sa postar\u00e1 o\u00a0aktivity pre t\u00fdch najmen\u0161\u00edch, ktor\u00ed sa bud\u00fa m\u00f4c\u0165 vybl\u00e1zni\u0165 aj na nafukovacom hrade a na \u0161m\u00fdka\u010dke. Dokonca si m\u00f4\u017eu sk\u00fasi\u0165 ma\u013eovanie na auto \u0160koda KAROQ. Pre pretek\u00e1rov je pripraven\u00e1 <strong>We Love Cycling z\u00f3na so z\u00e1kladn\u00fdm samoservisom, um\u00fdvacie boxy a\u00a0\u00faschov\u0148a bicyklov<\/strong>. Zasl\u00fa\u017eenou odmenou im bude oddychov\u00e1 z\u00f3na s\u00a0tulivakmi, ktor\u00fa si m\u00f4\u017eu u\u017ei\u0165 so svojimi rodinami.<\/p>\n<div id='gallery-1' class='gallery galleryid-3223 gallery-columns-2 gallery-size-full'><figure class='gallery-item'>\n\t\t\t<div class='gallery-icon landscape'>\n\t\t\t\t<a href='https:\/\/d2p6e6u75xmxt8.cloudfront.net\/4\/2018\/05\/04.webp'><img loading=\"lazy\" decoding=\"async\" width=\"1024\" height=\"683\" src=\"https:\/\/d2p6e6u75xmxt8.cloudfront.net\/4\/2018\/05\/04.webp\" class=\"attachment-full size-full\" alt=\"\" srcset=\"https:\/\/d2p6e6u75xmxt8.cloudfront.net\/4\/2018\/05\/04.webp 1024w, https:\/\/d2p6e6u75xmxt8.cloudfront.net\/4\/2018\/05\/04-300x200.webp 300w, https:\/\/d2p6e6u75xmxt8.cloudfront.net\/4\/2018\/05\/04-768x512.webp 768w, https:\/\/d2p6e6u75xmxt8.cloudfront.net\/4\/2018\/05\/04-272x182.webp 272w\" sizes=\"auto, (max-width: 1024px) 100vw, 1024px\" \/><\/a>\n\t\t\t<\/div><\/figure><figure class='gallery-item'>\n\t\t\t<div class='gallery-icon landscape'>\n\t\t\t\t<a href='https:\/\/d2p6e6u75xmxt8.cloudfront.net\/4\/2018\/05\/05.webp'><img loading=\"lazy\" decoding=\"async\" width=\"1024\" height=\"683\" src=\"https:\/\/d2p6e6u75xmxt8.cloudfront.net\/4\/2018\/05\/05.webp\" class=\"attachment-full size-full\" alt=\"\" srcset=\"https:\/\/d2p6e6u75xmxt8.cloudfront.net\/4\/2018\/05\/05.webp 1024w, https:\/\/d2p6e6u75xmxt8.cloudfront.net\/4\/2018\/05\/05-300x200.webp 300w, https:\/\/d2p6e6u75xmxt8.cloudfront.net\/4\/2018\/05\/05-768x512.webp 768w, https:\/\/d2p6e6u75xmxt8.cloudfront.net\/4\/2018\/05\/05-272x182.webp 272w\" sizes=\"auto, (max-width: 1024px) 100vw, 1024px\" \/><\/a>\n\t\t\t<\/div><\/figure>\n\t\t<\/div>\n\n<h2><strong>Tombola<\/strong><\/h2>\n<p>\u010cere\u0161ni\u010dkou na torte bude u\u017e tradi\u010dne <strong>bohat\u00e1 tombola<\/strong>, v ktorej v\u00e1s op\u00e4\u0165 \u010dak\u00e1 mo\u017enos\u0165 vyhra\u0165 hodnotn\u00e9 ceny. Na konci celej s\u00e9rie je pripraven\u00e1 fin\u00e1lna tombola a podmienkou pre zaradenie do nej je \u00faspe\u0161n\u00e9 absolvovanie minim\u00e1lne 4 pretekov z celej \u0160koda BIKE OPEN TOUR s\u00e9rie. Do celkov\u00e9ho bodovania a vyhodnotenia sa ka\u017ed\u00e9mu \u00fa\u010dastn\u00edkovi zapo\u010d\u00edtavaj\u00fa 4 najlep\u0161ie v\u00fdsledky z absolvovan\u00fdch pretekov \u0160koda BIKE OPEN TOUR s\u00e9rie. V\u00fdsledn\u00e9 bodovanie s\u00e9rie ur\u010d\u00ed celkovo 33 v\u00ed\u0165azov v 11 kateg\u00f3ri\u00e1ch na prv\u00fdch, druh\u00fdch a tret\u00edch miestach. Cien sa bude rozd\u00e1va\u0165 skuto\u010dne dos\u0165 a je len na v\u00e1s, \u010di budete ma\u0165 mo\u017enos\u0165 o ne s\u00fa\u0165a\u017ei\u0165.<\/p>\n<figure id=\"attachment_3603\" aria-describedby=\"caption-attachment-3603\" style=\"width: 1274px\" class=\"wp-caption alignnone\"><a href=\"https:\/\/d2p6e6u75xmxt8.cloudfront.net\/4\/2018\/05\/06.jpg\"><img loading=\"lazy\" decoding=\"async\" class=\"wp-image-3603 size-full\" src=\"https:\/\/d2p6e6u75xmxt8.cloudfront.net\/4\/2018\/05\/06.jpg\" alt=\"\" width=\"1274\" height=\"849\" \/><\/a><figcaption id=\"caption-attachment-3603\" class=\"wp-caption-text\">Tombola \u0160koda BIKE OPEN TOUR 2017<\/figcaption><\/figure>\n<h2><strong>Pred \u0161tartom<\/strong><\/h2>\n<p>Aby ste si preteky v\u00a0Doh\u0148anoch naozaj u\u017eili, nasleduj\u00face video v\u00e1m porad\u00ed, na ktor\u00e9 veci je dobr\u00e9 myslie\u0165 pred \u0161tartom, aby ste sa vyhli zbyto\u010dn\u00fdm probl\u00e9mom.<\/p>\n<lite-youtube videoid=Sidu45X_cik params=\"enablejsapi=1\" style=\"background-image: url('https:\/\/i.ytimg.com\/vi_webp\/Sidu45X_cik\/maxresdefault.webp');\"><\/lite-youtube>\n<p>Viac inform\u00e1ci\u00ed a propoz\u00edcie n\u00e1jdete na <a href=\"http:\/\/www.ckdohnany.sk\/maraton\/\">str\u00e1nke marat\u00f3nu<\/a>.<\/p>\n<p>(zdroj titulnej fotky: Vanda Mesiarikov\u00e1)<\/p>\n","protected":false},"excerpt":{"rendered":"<p>V\u00a0r\u00e1mci na\u0161ej s\u00e9rie \u0160koda BIKE OPEN TOUR sa Doh\u0148any minul\u00fd rok \u00faspe\u0161ne odprezentovali ako nov\u00e1\u010dik, ktor\u00fd sa aj tento rok [&hellip;]<\/p>\n","protected":false},"author":38,"featured_media":3649,"comment_status":"open","ping_status":"open","sticky":false,"template":"","format":"standard","meta":{"footnotes":""},"categories":[3,33],"tags":[450,90,180,178,412,91,179,35,77,404,92],"global-categories":[],"class_list":["post-3598","post","type-post","status-publish","format-standard","has-post-thumbnail","hentry","category-mtb","category-sbot","tag-cyklo-guru","tag-dohnany-puchov","tag-horska-cyklistika","tag-maraton","tag-mtb","tag-pozvanka","tag-preteky","tag-sbot","tag-skoda-dedina","tag-skoda-dohnany-puchov-trophy","tag-skoda-tim"],"yoast_head":"<!-- This site is optimized with the Yoast SEO Premium plugin v25.3 (Yoast SEO v25.9) - https:\/\/yoast.com\/wordpress\/plugins\/seo\/ -->\n<title>Pozv\u00e1nka: \u0160koda Doh\u0148any P\u00fachov Trophy \u2013 m\u00e1te u\u017e program na v\u00edkend? - \u0160koda We Love Cycling Slovensko<\/title>\n<meta name=\"robots\" content=\"index, follow, max-snippet:-1, max-image-preview:large, max-video-preview:-1\" \/>\n<link rel=\"canonical\" href=\"https:\/\/www.welovecycling.com\/sk\/2018\/05\/14\/pozvanka-skoda-dohnany-puchov-trophy-mate-uz-program-na-vikend\/\" \/>\n<meta property=\"og:locale\" content=\"sk_SK\" \/>\n<meta property=\"og:type\" content=\"article\" \/>\n<meta property=\"og:title\" content=\"Pozv\u00e1nka: \u0160koda Doh\u0148any P\u00fachov Trophy \u2013 m\u00e1te u\u017e program na v\u00edkend?\" \/>\n<meta property=\"og:description\" content=\"V\u00a0r\u00e1mci na\u0161ej s\u00e9rie \u0160koda BIKE OPEN TOUR sa Doh\u0148any minul\u00fd rok \u00faspe\u0161ne odprezentovali ako nov\u00e1\u010dik, ktor\u00fd sa aj tento rok [&hellip;]\" \/>\n<meta property=\"og:url\" content=\"https:\/\/www.welovecycling.com\/sk\/2018\/05\/14\/pozvanka-skoda-dohnany-puchov-trophy-mate-uz-program-na-vikend\/\" \/>\n<meta property=\"og:site_name\" content=\"\u0160koda We Love Cycling Slovensko\" \/>\n<meta property=\"article:published_time\" content=\"2018-05-14T14:54:19+00:00\" \/>\n<meta property=\"article:modified_time\" content=\"2018-05-18T13:07:28+00:00\" \/>\n<meta property=\"og:image\" content=\"https:\/\/d2p6e6u75xmxt8.cloudfront.net\/4\/2018\/05\/1675x600_dohnany-pozvanka.webp\" \/>\n\t<meta property=\"og:image:width\" content=\"1375\" \/>\n\t<meta property=\"og:image:height\" content=\"600\" \/>\n\t<meta property=\"og:image:type\" content=\"image\/webp\" \/>\n<meta name=\"author\" content=\"Ondrej Ga\u0161par\" \/>\n<meta name=\"twitter:card\" content=\"summary_large_image\" \/>\n<meta name=\"twitter:label1\" content=\"Written by\" \/>\n\t<meta name=\"twitter:data1\" content=\"We Love Cycling\" \/>\n\t<meta name=\"twitter:label2\" content=\"Est. reading time\" \/>\n\t<meta name=\"twitter:data2\" content=\"3 minutes\" \/>\n<script type=\"application\/ld+json\" class=\"yoast-schema-graph\">{\"@context\":\"https:\/\/schema.org\",\"@graph\":[{\"@type\":\"WebPage\",\"@id\":\"https:\/\/www.welovecycling.com\/sk\/2018\/05\/14\/pozvanka-skoda-dohnany-puchov-trophy-mate-uz-program-na-vikend\/\",\"url\":\"https:\/\/www.welovecycling.com\/sk\/2018\/05\/14\/pozvanka-skoda-dohnany-puchov-trophy-mate-uz-program-na-vikend\/\",\"name\":\"Pozv\u00e1nka: \u0160koda Doh\u0148any P\u00fachov Trophy \u2013 m\u00e1te u\u017e program na v\u00edkend? - \u0160koda We Love Cycling Slovensko\",\"isPartOf\":{\"@id\":\"https:\/\/www.welovecycling.com\/sk\/#website\"},\"primaryImageOfPage\":{\"@id\":\"https:\/\/www.welovecycling.com\/sk\/2018\/05\/14\/pozvanka-skoda-dohnany-puchov-trophy-mate-uz-program-na-vikend\/#primaryimage\"},\"image\":{\"@id\":\"https:\/\/www.welovecycling.com\/sk\/2018\/05\/14\/pozvanka-skoda-dohnany-puchov-trophy-mate-uz-program-na-vikend\/#primaryimage\"},\"thumbnailUrl\":\"https:\/\/d2p6e6u75xmxt8.cloudfront.net\/4\/2018\/05\/1675x600_dohnany-pozvanka.webp\",\"datePublished\":\"2018-05-14T14:54:19+00:00\",\"dateModified\":\"2018-05-18T13:07:28+00:00\",\"author\":{\"@id\":\"https:\/\/www.welovecycling.com\/sk\/#\/schema\/person\/8ee09ba39b7e25b1870160aa5b3a89bc\"},\"breadcrumb\":{\"@id\":\"https:\/\/www.welovecycling.com\/sk\/2018\/05\/14\/pozvanka-skoda-dohnany-puchov-trophy-mate-uz-program-na-vikend\/#breadcrumb\"},\"inLanguage\":\"sk-SK\",\"potentialAction\":[{\"@type\":\"ReadAction\",\"target\":[\"https:\/\/www.welovecycling.com\/sk\/2018\/05\/14\/pozvanka-skoda-dohnany-puchov-trophy-mate-uz-program-na-vikend\/\"]}]},{\"@type\":\"ImageObject\",\"inLanguage\":\"sk-SK\",\"@id\":\"https:\/\/www.welovecycling.com\/sk\/2018\/05\/14\/pozvanka-skoda-dohnany-puchov-trophy-mate-uz-program-na-vikend\/#primaryimage\",\"url\":\"https:\/\/d2p6e6u75xmxt8.cloudfront.net\/4\/2018\/05\/1675x600_dohnany-pozvanka.webp\",\"contentUrl\":\"https:\/\/d2p6e6u75xmxt8.cloudfront.net\/4\/2018\/05\/1675x600_dohnany-pozvanka.webp\",\"width\":1375,\"height\":600},{\"@type\":\"BreadcrumbList\",\"@id\":\"https:\/\/www.welovecycling.com\/sk\/2018\/05\/14\/pozvanka-skoda-dohnany-puchov-trophy-mate-uz-program-na-vikend\/#breadcrumb\",\"itemListElement\":[{\"@type\":\"ListItem\",\"position\":1,\"name\":\"Home\",\"item\":\"https:\/\/www.welovecycling.com\/sk\/\"},{\"@type\":\"ListItem\",\"position\":2,\"name\":\"Pozv\u00e1nka: \u0160koda Doh\u0148any P\u00fachov Trophy \u2013 m\u00e1te u\u017e program na v\u00edkend?\"}]},{\"@type\":\"WebSite\",\"@id\":\"https:\/\/www.welovecycling.com\/sk\/#website\",\"url\":\"https:\/\/www.welovecycling.com\/sk\/\",\"name\":\"\u0160koda We Love Cycling Slovensko\",\"description\":\"\u0160koda We Love Cycling Slovensko je v\u00e1\u0161 ka\u017edodenn\u00fd zdroj noviniek a in\u0161pir\u00e1cie z sveta cyklistiky\",\"potentialAction\":[{\"@type\":\"SearchAction\",\"target\":{\"@type\":\"EntryPoint\",\"urlTemplate\":\"https:\/\/www.welovecycling.com\/sk\/?s={search_term_string}\"},\"query-input\":{\"@type\":\"PropertyValueSpecification\",\"valueRequired\":true,\"valueName\":\"search_term_string\"}}],\"inLanguage\":\"sk-SK\"},{\"@type\":\"Person\",\"@id\":\"https:\/\/www.welovecycling.com\/sk\/#\/schema\/person\/8ee09ba39b7e25b1870160aa5b3a89bc\",\"name\":\"Ondrej Ga\u0161par\",\"image\":{\"@type\":\"ImageObject\",\"inLanguage\":\"sk-SK\",\"@id\":\"https:\/\/www.welovecycling.com\/sk\/#\/schema\/person\/image\/\",\"url\":\"https:\/\/secure.gravatar.com\/avatar\/6126c9afb87b70da5abbb083ddbb21933da15f18f8ca7cb822aba0fb096a48f6?s=96&d=mm&r=g\",\"contentUrl\":\"https:\/\/secure.gravatar.com\/avatar\/6126c9afb87b70da5abbb083ddbb21933da15f18f8ca7cb822aba0fb096a48f6?s=96&d=mm&r=g\",\"caption\":\"Ondrej Ga\u0161par\"},\"url\":\"https:\/\/www.welovecycling.com\/sk\/author\/ondrejgaspar\/\"}]}<\/script>\n<!-- \/ Yoast SEO Premium plugin. -->","yoast_head_json":{"title":"Pozv\u00e1nka: \u0160koda Doh\u0148any P\u00fachov Trophy \u2013 m\u00e1te u\u017e program na v\u00edkend? - \u0160koda We Love Cycling Slovensko","robots":{"index":"index","follow":"follow","max-snippet":"max-snippet:-1","max-image-preview":"max-image-preview:large","max-video-preview":"max-video-preview:-1"},"canonical":"https:\/\/www.welovecycling.com\/sk\/2018\/05\/14\/pozvanka-skoda-dohnany-puchov-trophy-mate-uz-program-na-vikend\/","og_locale":"sk_SK","og_type":"article","og_title":"Pozv\u00e1nka: \u0160koda Doh\u0148any P\u00fachov Trophy \u2013 m\u00e1te u\u017e program na v\u00edkend?","og_description":"V\u00a0r\u00e1mci na\u0161ej s\u00e9rie \u0160koda BIKE OPEN TOUR sa Doh\u0148any minul\u00fd rok \u00faspe\u0161ne odprezentovali ako nov\u00e1\u010dik, ktor\u00fd sa aj tento rok [&hellip;]","og_url":"https:\/\/www.welovecycling.com\/sk\/2018\/05\/14\/pozvanka-skoda-dohnany-puchov-trophy-mate-uz-program-na-vikend\/","og_site_name":"\u0160koda We Love Cycling Slovensko","article_published_time":"2018-05-14T14:54:19+00:00","article_modified_time":"2018-05-18T13:07:28+00:00","og_image":[{"width":1375,"height":600,"url":"https:\/\/d2p6e6u75xmxt8.cloudfront.net\/4\/2018\/05\/1675x600_dohnany-pozvanka.webp","type":"image\/webp"}],"author":"Ondrej Ga\u0161par","twitter_card":"summary_large_image","twitter_misc":{"Written by":"We Love Cycling","Est. reading time":"3 minutes"},"schema":{"@context":"https:\/\/schema.org","@graph":[{"@type":"WebPage","@id":"https:\/\/www.welovecycling.com\/sk\/2018\/05\/14\/pozvanka-skoda-dohnany-puchov-trophy-mate-uz-program-na-vikend\/","url":"https:\/\/www.welovecycling.com\/sk\/2018\/05\/14\/pozvanka-skoda-dohnany-puchov-trophy-mate-uz-program-na-vikend\/","name":"Pozv\u00e1nka: \u0160koda Doh\u0148any P\u00fachov Trophy \u2013 m\u00e1te u\u017e program na v\u00edkend? - \u0160koda We Love Cycling Slovensko","isPartOf":{"@id":"https:\/\/www.welovecycling.com\/sk\/#website"},"primaryImageOfPage":{"@id":"https:\/\/www.welovecycling.com\/sk\/2018\/05\/14\/pozvanka-skoda-dohnany-puchov-trophy-mate-uz-program-na-vikend\/#primaryimage"},"image":{"@id":"https:\/\/www.welovecycling.com\/sk\/2018\/05\/14\/pozvanka-skoda-dohnany-puchov-trophy-mate-uz-program-na-vikend\/#primaryimage"},"thumbnailUrl":"https:\/\/d2p6e6u75xmxt8.cloudfront.net\/4\/2018\/05\/1675x600_dohnany-pozvanka.webp","datePublished":"2018-05-14T14:54:19+00:00","dateModified":"2018-05-18T13:07:28+00:00","author":{"@id":"https:\/\/www.welovecycling.com\/sk\/#\/schema\/person\/8ee09ba39b7e25b1870160aa5b3a89bc"},"breadcrumb":{"@id":"https:\/\/www.welovecycling.com\/sk\/2018\/05\/14\/pozvanka-skoda-dohnany-puchov-trophy-mate-uz-program-na-vikend\/#breadcrumb"},"inLanguage":"sk-SK","potentialAction":[{"@type":"ReadAction","target":["https:\/\/www.welovecycling.com\/sk\/2018\/05\/14\/pozvanka-skoda-dohnany-puchov-trophy-mate-uz-program-na-vikend\/"]}]},{"@type":"ImageObject","inLanguage":"sk-SK","@id":"https:\/\/www.welovecycling.com\/sk\/2018\/05\/14\/pozvanka-skoda-dohnany-puchov-trophy-mate-uz-program-na-vikend\/#primaryimage","url":"https:\/\/d2p6e6u75xmxt8.cloudfront.net\/4\/2018\/05\/1675x600_dohnany-pozvanka.webp","contentUrl":"https:\/\/d2p6e6u75xmxt8.cloudfront.net\/4\/2018\/05\/1675x600_dohnany-pozvanka.webp","width":1375,"height":600},{"@type":"BreadcrumbList","@id":"https:\/\/www.welovecycling.com\/sk\/2018\/05\/14\/pozvanka-skoda-dohnany-puchov-trophy-mate-uz-program-na-vikend\/#breadcrumb","itemListElement":[{"@type":"ListItem","position":1,"name":"Home","item":"https:\/\/www.welovecycling.com\/sk\/"},{"@type":"ListItem","position":2,"name":"Pozv\u00e1nka: \u0160koda Doh\u0148any P\u00fachov Trophy \u2013 m\u00e1te u\u017e program na v\u00edkend?"}]},{"@type":"WebSite","@id":"https:\/\/www.welovecycling.com\/sk\/#website","url":"https:\/\/www.welovecycling.com\/sk\/","name":"\u0160koda We Love Cycling Slovensko","description":"\u0160koda We Love Cycling Slovensko je v\u00e1\u0161 ka\u017edodenn\u00fd zdroj noviniek a in\u0161pir\u00e1cie z sveta cyklistiky","potentialAction":[{"@type":"SearchAction","target":{"@type":"EntryPoint","urlTemplate":"https:\/\/www.welovecycling.com\/sk\/?s={search_term_string}"},"query-input":{"@type":"PropertyValueSpecification","valueRequired":true,"valueName":"search_term_string"}}],"inLanguage":"sk-SK"},{"@type":"Person","@id":"https:\/\/www.welovecycling.com\/sk\/#\/schema\/person\/8ee09ba39b7e25b1870160aa5b3a89bc","name":"Ondrej Ga\u0161par","image":{"@type":"ImageObject","inLanguage":"sk-SK","@id":"https:\/\/www.welovecycling.com\/sk\/#\/schema\/person\/image\/","url":"https:\/\/secure.gravatar.com\/avatar\/6126c9afb87b70da5abbb083ddbb21933da15f18f8ca7cb822aba0fb096a48f6?s=96&d=mm&r=g","contentUrl":"https:\/\/secure.gravatar.com\/avatar\/6126c9afb87b70da5abbb083ddbb21933da15f18f8ca7cb822aba0fb096a48f6?s=96&d=mm&r=g","caption":"Ondrej Ga\u0161par"},"url":"https:\/\/www.welovecycling.com\/sk\/author\/ondrejgaspar\/"}]}},"_links":{"self":[{"href":"https:\/\/www.welovecycling.com\/sk\/wp-json\/wp\/v2\/posts\/3598","targetHints":{"allow":["GET"]}}],"collection":[{"href":"https:\/\/www.welovecycling.com\/sk\/wp-json\/wp\/v2\/posts"}],"about":[{"href":"https:\/\/www.welovecycling.com\/sk\/wp-json\/wp\/v2\/types\/post"}],"author":[{"embeddable":true,"href":"https:\/\/www.welovecycling.com\/sk\/wp-json\/wp\/v2\/users\/38"}],"replies":[{"embeddable":true,"href":"https:\/\/www.welovecycling.com\/sk\/wp-json\/wp\/v2\/comments?post=3598"}],"version-history":[{"count":2,"href":"https:\/\/www.welovecycling.com\/sk\/wp-json\/wp\/v2\/posts\/3598\/revisions"}],"predecessor-version":[{"id":3623,"href":"https:\/\/www.welovecycling.com\/sk\/wp-json\/wp\/v2\/posts\/3598\/revisions\/3623"}],"wp:featuredmedia":[{"embeddable":true,"href":"https:\/\/www.welovecycling.com\/sk\/wp-json\/wp\/v2\/media\/3649"}],"wp:attachment":[{"href":"https:\/\/www.welovecycling.com\/sk\/wp-json\/wp\/v2\/media?parent=3598"}],"wp:term":[{"taxonomy":"category","embeddable":true,"href":"https:\/\/www.welovecycling.com\/sk\/wp-json\/wp\/v2\/categories?post=3598"},{"taxonomy":"post_tag","embeddable":true,"href":"https:\/\/www.welovecycling.com\/sk\/wp-json\/wp\/v2\/tags?post=3598"},{"taxonomy":"global-categories","embeddable":true,"href":"https:\/\/www.welovecycling.com\/sk\/wp-json\/wp\/v2\/global-categories?post=3598"}],"curies":[{"name":"wp","href":"https:\/\/api.w.org\/{rel}","templated":true}]}}