{"id":3559,"date":"2018-05-11T17:38:59","date_gmt":"2018-05-11T15:38:59","guid":{"rendered":"https:\/\/www.welovecycling.com\/sk\/?p=3559"},"modified":"2018-05-18T18:41:42","modified_gmt":"2018-05-18T16:41:42","slug":"dohnany-kam-na-bicykli","status":"publish","type":"post","link":"https:\/\/www.welovecycling.com\/sk\/2018\/05\/11\/dohnany-kam-na-bicykli\/","title":{"rendered":"Doh\u0148any \u2013 kam na bicykli?"},"content":{"rendered":"<p><strong>Tentokr\u00e1t som sa vydal do obce Doh\u0148any, ktor\u00e1 je zn\u00e1ma napr\u00edklad aj t\u00fdm, \u017ee sa tu nach\u00e1dza rozh\u013ead\u0148a, z ktorej m\u00e1te v\u010faka v\u00fd\u0161ke dvadsa\u0165jeden metrov a \u0161iestim poschodiam naozaj kr\u00e1sny v\u00fdh\u013ead po celom regi\u00f3ne. Vedie k\u00a0nej aj n\u00e1u\u010dn\u00fd chodn\u00edk.<\/strong><\/p>\n<p><!--more--><\/p>\n<p><img loading=\"lazy\" decoding=\"async\" class=\"alignnone wp-image-3574 size-full\" src=\"https:\/\/d2p6e6u75xmxt8.cloudfront.net\/4\/2018\/05\/1-1.jpg\" alt=\"\" width=\"1132\" height=\"980\" \/><\/p>\n<p>Ja som sa samozrejme rozhodol vyjs\u0165 k\u00a0tejto rozh\u013eadni. Ne\u0161iel som po n\u00e1u\u010dnom chodn\u00edku, ale po zna\u010dk\u00e1ch, ktor\u00e9 s\u00fa v\u00a0obci. Tie V\u00e1s nedoved\u00fa k\u00a0\u010certovej skale, ale ved\u00fa skratkou z\u00a0Lazov rovno k\u00a0rozh\u013eadni. Mus\u00edm v\u0161ak varova\u0165, \u017ee ide o\u00a0skuto\u010dne n\u00e1ro\u010dn\u00e9 kr\u00e1tke st\u00fapanie. Necel\u00e9 2 kilometre s\u00a0priemern\u00fdm sklonom okolo 15%.<\/p>\n<figure id=\"attachment_3561\" aria-describedby=\"caption-attachment-3561\" style=\"width: 1600px\" class=\"wp-caption alignnone\"><img loading=\"lazy\" decoding=\"async\" class=\"size-full wp-image-3561\" src=\"https:\/\/d2p6e6u75xmxt8.cloudfront.net\/4\/2018\/05\/2.JPG.jpg\" alt=\"\" width=\"1600\" height=\"1200\" \/><figcaption id=\"caption-attachment-3561\" class=\"wp-caption-text\">Zna\u010dky ved\u00face z obce \u2013 odpor\u00fa\u010dam ale sk\u00f4r \u00eds\u0165 po zelenej Cyklotrase<\/figcaption><\/figure>\n<p>Okrem tejto trasy s\u00fa v\u00a0obci aj zelen\u00e9 \u201eC\u00e9\u010dka\u201c, ktor\u00e9 nav\u00e1dzaj\u00fa na cyklotrasu, ktor\u00e1 vedie z\u00a0Dohnian okolo rozh\u013eadne a\u017e k\u00a0P\u00fachovu. Na bicykli odpor\u00fa\u010dam pr\u00e1ve t\u00fato trasu. Ak chcete zobra\u0165 na v\u00fdlet men\u0161ie deti, alebo nem\u00e1te radi kr\u00e1tke &#8211; \u0165a\u017ek\u00e9 st\u00fapanie \u010di prud\u0161ie zjazdy, tak odpor\u00fa\u010dam vyjs\u0165 na rozh\u013ead\u0148u aj pe\u0161o. Hore s\u00fa pr\u00edstre\u0161ky, kde sa d\u00e1 aj posedie\u0165. Nach\u00e1dza sa tu aj ohnisko \u2013 ke\u010f som tu bol, tak tu p\u00e1r rod\u00edn opekalo. Mus\u00edm oceni\u0165 aj tabule na n\u00e1u\u010dnom chodn\u00edku, ktor\u00e9 sa sna\u017eia zauja\u0165 aj deti, napr\u00edklad r\u00f4znymi ot\u00e1zkami.<\/p>\n<figure id=\"attachment_3562\" aria-describedby=\"caption-attachment-3562\" style=\"width: 1600px\" class=\"wp-caption alignnone\"><img loading=\"lazy\" decoding=\"async\" class=\"size-full wp-image-3562\" src=\"https:\/\/d2p6e6u75xmxt8.cloudfront.net\/4\/2018\/05\/3.JPG.jpg\" alt=\"\" width=\"1600\" height=\"1200\" \/><figcaption id=\"caption-attachment-3562\" class=\"wp-caption-text\">\u201eC\u00e9\u010dko\u201c ukazuje cyklotrasu, zna\u010dka pod n\u00edm ozna\u010duje n\u00e1u\u010dn\u00fd chodn\u00edk<\/figcaption><\/figure>\n<p>Na bicykli je to v\u0161ak predsa len r\u00fdchlej\u0161ie a\u00a0mus\u00edm poveda\u0165, \u017ee rozh\u013ead\u0148a je fantastick\u00e1. D\u013a\u017eka trasy z\u00e1vis\u00ed od toho kadia\u013e sa vyberiete. Ja som \u0161tartoval a\u00a0aj kon\u010dil pri obecnom \u00farade a\u00a0pre\u0161iel som 10 kilometrov. Nevyzer\u00e1 to ako dlh\u00e1 trasa, ale treba po\u010d\u00edta\u0165 s\u00a0t\u00fdm, \u017ee na rozh\u013eadni si ka\u017ed\u00fd posed\u00ed aspo\u0148 p\u00e1r desiatok min\u00fat.<\/p>\n<h2><strong>Pri rozh\u013eadni<\/strong><\/h2>\n<p><img loading=\"lazy\" decoding=\"async\" class=\"alignnone size-full wp-image-3565\" src=\"https:\/\/d2p6e6u75xmxt8.cloudfront.net\/4\/2018\/05\/6.JPG.jpg\" alt=\"\" width=\"1600\" height=\"1200\" \/><\/p>\n<h2><strong>Z rozh\u013eadne<\/strong><\/h2>\n<p><img loading=\"lazy\" decoding=\"async\" class=\"alignnone size-full wp-image-3566\" src=\"https:\/\/d2p6e6u75xmxt8.cloudfront.net\/4\/2018\/05\/7.JPG.jpg\" alt=\"\" width=\"1600\" height=\"1200\" \/><\/p>\n<p><img loading=\"lazy\" decoding=\"async\" class=\"alignnone size-full wp-image-3567\" src=\"https:\/\/d2p6e6u75xmxt8.cloudfront.net\/4\/2018\/05\/8.JPG.jpg\" alt=\"\" width=\"1600\" height=\"1200\" \/><\/p>\n<p><img loading=\"lazy\" decoding=\"async\" class=\"alignnone size-full wp-image-3568\" src=\"https:\/\/d2p6e6u75xmxt8.cloudfront.net\/4\/2018\/05\/9.JPG.jpg\" alt=\"\" width=\"1600\" height=\"1200\" \/><\/p>\n<h2><strong>Hrebe\u0148 Javorn\u00edkov<\/strong><\/h2>\n<p>Ak bola t\u00e1to trasa pr\u00edli\u0161 kr\u00e1tka, tak treba nav\u0161t\u00edvi\u0165 hranicu s\u00a0\u010cR. Nach\u00e1dza sa tu zn\u00e1ma chata Koh\u00fatka, Stole\u010dn\u00e9, Mal\u00fd Javorn\u00edk.<\/p>\n<p>Ja som tu samozrejme vyrazil tie\u017e. I\u0161iel som smerom z\u00a0Pova\u017eskej Bystrice a e\u0161te pred P\u00fachovom som odbo\u010dil do obce Udi\u010da. Potom som i\u0161iel st\u00e1le rovno po hlavnej ceste a\u017e na Stole\u010dn\u00e9, kde sa d\u00e1 vyliez\u0165 aj na cestnom bicykli. Potom je v\u0161ak u\u017e cesta pomerne dos\u0165 rozbit\u00e1 a\u00a0cestn\u00fd bicykel tu u\u017e nem\u00e1 \u010do robi\u0165. Dostal som sa a\u017e na hrebe\u0148 Javorn\u00edkov, po ktorom som i\u0161iel a\u017e na Mal\u00fd Javorn\u00edk a\u00a0Stratenec, odkia\u013e je asi najkraj\u0161\u00ed v\u00fdh\u013ead na Moravsko-Sliezske Beskydy. D\u00e1 sa v\u0161ak \u00eds\u0165 po hrebeni aj na druh\u00fa stranu ku Koh\u00fatke a \u00eds\u0165 cez Lazy pod Makytou a\u017e do Dohnian.<\/p>\n<p>Ide u\u017e o\u00a0dlh\u0161iu a n\u00e1ro\u010dnej\u0161iu jazdu no mysl\u00edm, \u017ee okolie za to stoj\u00ed. Hrebe\u0148 Javorn\u00edkov je l\u00e1kadlom pre mno\u017estvo turistov a\u00a0trasa je vhodn\u00e1 aj pre horsk\u00e9 bicykle. Odpor\u00fa\u010dam zobra\u0165 aj fotoapar\u00e1t, preto\u017ee je tu skuto\u010dne kr\u00e1sne prostredie. Ja m\u00e1m fotiek tento raz menej, preto\u017ee som i\u0161iel t\u00fato trasu v\u00a0r\u00e1mci 125 kilometrov\u00e9ho kruhu z\u00a0Kys\u00fac (<a href=\"https:\/\/www.strava.com\/activities\/1555893647\" target=\"_blank\" rel=\"noopener\">Strava<\/a>).<\/p>\n<figure id=\"attachment_3570\" aria-describedby=\"caption-attachment-3570\" style=\"width: 1600px\" class=\"wp-caption alignnone\"><img loading=\"lazy\" decoding=\"async\" class=\"size-full wp-image-3570\" src=\"https:\/\/d2p6e6u75xmxt8.cloudfront.net\/4\/2018\/05\/11.JPG.jpg\" alt=\"\" width=\"1600\" height=\"1200\" \/><figcaption id=\"caption-attachment-3570\" class=\"wp-caption-text\">V\u00fdh\u013ead zo Stratenca<\/figcaption><\/figure>\n<figure id=\"attachment_3571\" aria-describedby=\"caption-attachment-3571\" style=\"width: 1600px\" class=\"wp-caption alignnone\"><img loading=\"lazy\" decoding=\"async\" class=\"size-full wp-image-3571\" src=\"https:\/\/d2p6e6u75xmxt8.cloudfront.net\/4\/2018\/05\/12.JPG.jpg\" alt=\"\" width=\"1600\" height=\"1200\" \/><figcaption id=\"caption-attachment-3571\" class=\"wp-caption-text\">Cesta na hrebeni<\/figcaption><\/figure>\n<p>Te\u0161\u00edm sa na v\u00e1s pri mojom \u010fal\u0161om reporte, vid\u00edme sa na \u0160koda BIKE OPEN TOUR v Doh\u0148anoch u\u017e 19. m\u00e1ja.<\/p>\n","protected":false},"excerpt":{"rendered":"<p>Tentokr\u00e1t som sa vydal do obce Doh\u0148any, ktor\u00e1 je zn\u00e1ma napr\u00edklad aj t\u00fdm, \u017ee sa tu nach\u00e1dza rozh\u013ead\u0148a, z ktorej [&hellip;]<\/p>\n","protected":false},"author":38,"featured_media":3577,"comment_status":"open","ping_status":"open","sticky":false,"template":"","format":"standard","meta":{"footnotes":""},"categories":[5,3,191,118],"tags":[90,460,454,455,461,463,459,462],"global-categories":[],"class_list":["post-3559","post","type-post","status-publish","format-standard","has-post-thumbnail","hentry","category-blog","category-mtb","category-odporucame","category-zabava","tag-dohnany-puchov","tag-hreben-javornikov","tag-juraj-lucan","tag-jurajcyklista","tag-kohutka","tag-maly-javornik","tag-rozhladna","tag-stolecne"],"yoast_head":"<!-- This site is optimized with the Yoast SEO Premium plugin v25.3 (Yoast SEO v25.9) - https:\/\/yoast.com\/wordpress\/plugins\/seo\/ -->\n<title>Doh\u0148any \u2013 kam na bicykli? - \u0160koda We Love Cycling Slovensko<\/title>\n<meta name=\"robots\" content=\"index, follow, max-snippet:-1, max-image-preview:large, max-video-preview:-1\" \/>\n<link rel=\"canonical\" href=\"https:\/\/www.welovecycling.com\/sk\/2018\/05\/11\/dohnany-kam-na-bicykli\/\" \/>\n<meta property=\"og:locale\" content=\"sk_SK\" \/>\n<meta property=\"og:type\" content=\"article\" \/>\n<meta property=\"og:title\" content=\"Doh\u0148any \u2013 kam na bicykli?\" \/>\n<meta property=\"og:description\" content=\"Tentokr\u00e1t som sa vydal do obce Doh\u0148any, ktor\u00e1 je zn\u00e1ma napr\u00edklad aj t\u00fdm, \u017ee sa tu nach\u00e1dza rozh\u013ead\u0148a, z ktorej [&hellip;]\" \/>\n<meta property=\"og:url\" content=\"https:\/\/www.welovecycling.com\/sk\/2018\/05\/11\/dohnany-kam-na-bicykli\/\" \/>\n<meta property=\"og:site_name\" content=\"\u0160koda We Love Cycling Slovensko\" \/>\n<meta property=\"article:published_time\" content=\"2018-05-11T15:38:59+00:00\" \/>\n<meta property=\"article:modified_time\" content=\"2018-05-18T16:41:42+00:00\" \/>\n<meta property=\"og:image\" content=\"https:\/\/d2p6e6u75xmxt8.cloudfront.net\/4\/2018\/05\/1375x600_blogger2.webp\" \/>\n\t<meta property=\"og:image:width\" content=\"1375\" \/>\n\t<meta property=\"og:image:height\" content=\"600\" \/>\n\t<meta property=\"og:image:type\" content=\"image\/webp\" \/>\n<meta name=\"author\" content=\"Ondrej Ga\u0161par\" \/>\n<meta name=\"twitter:card\" content=\"summary_large_image\" \/>\n<meta name=\"twitter:label1\" content=\"Written by\" \/>\n\t<meta name=\"twitter:data1\" content=\"Juraj Lu\u010dan\" \/>\n\t<meta name=\"twitter:label2\" content=\"Est. reading time\" \/>\n\t<meta name=\"twitter:data2\" content=\"3 minutes\" \/>\n<script type=\"application\/ld+json\" class=\"yoast-schema-graph\">{\"@context\":\"https:\/\/schema.org\",\"@graph\":[{\"@type\":\"WebPage\",\"@id\":\"https:\/\/www.welovecycling.com\/sk\/2018\/05\/11\/dohnany-kam-na-bicykli\/\",\"url\":\"https:\/\/www.welovecycling.com\/sk\/2018\/05\/11\/dohnany-kam-na-bicykli\/\",\"name\":\"Doh\u0148any \u2013 kam na bicykli? - \u0160koda We Love Cycling Slovensko\",\"isPartOf\":{\"@id\":\"https:\/\/www.welovecycling.com\/sk\/#website\"},\"primaryImageOfPage\":{\"@id\":\"https:\/\/www.welovecycling.com\/sk\/2018\/05\/11\/dohnany-kam-na-bicykli\/#primaryimage\"},\"image\":{\"@id\":\"https:\/\/www.welovecycling.com\/sk\/2018\/05\/11\/dohnany-kam-na-bicykli\/#primaryimage\"},\"thumbnailUrl\":\"https:\/\/d2p6e6u75xmxt8.cloudfront.net\/4\/2018\/05\/1375x600_blogger2.webp\",\"datePublished\":\"2018-05-11T15:38:59+00:00\",\"dateModified\":\"2018-05-18T16:41:42+00:00\",\"author\":{\"@id\":\"https:\/\/www.welovecycling.com\/sk\/#\/schema\/person\/8ee09ba39b7e25b1870160aa5b3a89bc\"},\"breadcrumb\":{\"@id\":\"https:\/\/www.welovecycling.com\/sk\/2018\/05\/11\/dohnany-kam-na-bicykli\/#breadcrumb\"},\"inLanguage\":\"sk-SK\",\"potentialAction\":[{\"@type\":\"ReadAction\",\"target\":[\"https:\/\/www.welovecycling.com\/sk\/2018\/05\/11\/dohnany-kam-na-bicykli\/\"]}]},{\"@type\":\"ImageObject\",\"inLanguage\":\"sk-SK\",\"@id\":\"https:\/\/www.welovecycling.com\/sk\/2018\/05\/11\/dohnany-kam-na-bicykli\/#primaryimage\",\"url\":\"https:\/\/d2p6e6u75xmxt8.cloudfront.net\/4\/2018\/05\/1375x600_blogger2.webp\",\"contentUrl\":\"https:\/\/d2p6e6u75xmxt8.cloudfront.net\/4\/2018\/05\/1375x600_blogger2.webp\",\"width\":1375,\"height\":600},{\"@type\":\"BreadcrumbList\",\"@id\":\"https:\/\/www.welovecycling.com\/sk\/2018\/05\/11\/dohnany-kam-na-bicykli\/#breadcrumb\",\"itemListElement\":[{\"@type\":\"ListItem\",\"position\":1,\"name\":\"Home\",\"item\":\"https:\/\/www.welovecycling.com\/sk\/\"},{\"@type\":\"ListItem\",\"position\":2,\"name\":\"Doh\u0148any \u2013 kam na bicykli?\"}]},{\"@type\":\"WebSite\",\"@id\":\"https:\/\/www.welovecycling.com\/sk\/#website\",\"url\":\"https:\/\/www.welovecycling.com\/sk\/\",\"name\":\"\u0160koda We Love Cycling Slovensko\",\"description\":\"\u0160koda We Love Cycling Slovensko je v\u00e1\u0161 ka\u017edodenn\u00fd zdroj noviniek a in\u0161pir\u00e1cie z sveta cyklistiky\",\"potentialAction\":[{\"@type\":\"SearchAction\",\"target\":{\"@type\":\"EntryPoint\",\"urlTemplate\":\"https:\/\/www.welovecycling.com\/sk\/?s={search_term_string}\"},\"query-input\":{\"@type\":\"PropertyValueSpecification\",\"valueRequired\":true,\"valueName\":\"search_term_string\"}}],\"inLanguage\":\"sk-SK\"},{\"@type\":\"Person\",\"@id\":\"https:\/\/www.welovecycling.com\/sk\/#\/schema\/person\/8ee09ba39b7e25b1870160aa5b3a89bc\",\"name\":\"Ondrej Ga\u0161par\",\"image\":{\"@type\":\"ImageObject\",\"inLanguage\":\"sk-SK\",\"@id\":\"https:\/\/www.welovecycling.com\/sk\/#\/schema\/person\/image\/\",\"url\":\"https:\/\/secure.gravatar.com\/avatar\/6126c9afb87b70da5abbb083ddbb21933da15f18f8ca7cb822aba0fb096a48f6?s=96&d=mm&r=g\",\"contentUrl\":\"https:\/\/secure.gravatar.com\/avatar\/6126c9afb87b70da5abbb083ddbb21933da15f18f8ca7cb822aba0fb096a48f6?s=96&d=mm&r=g\",\"caption\":\"Ondrej Ga\u0161par\"},\"url\":\"https:\/\/www.welovecycling.com\/sk\/author\/ondrejgaspar\/\"}]}<\/script>\n<!-- \/ Yoast SEO Premium plugin. -->","yoast_head_json":{"title":"Doh\u0148any \u2013 kam na bicykli? - \u0160koda We Love Cycling Slovensko","robots":{"index":"index","follow":"follow","max-snippet":"max-snippet:-1","max-image-preview":"max-image-preview:large","max-video-preview":"max-video-preview:-1"},"canonical":"https:\/\/www.welovecycling.com\/sk\/2018\/05\/11\/dohnany-kam-na-bicykli\/","og_locale":"sk_SK","og_type":"article","og_title":"Doh\u0148any \u2013 kam na bicykli?","og_description":"Tentokr\u00e1t som sa vydal do obce Doh\u0148any, ktor\u00e1 je zn\u00e1ma napr\u00edklad aj t\u00fdm, \u017ee sa tu nach\u00e1dza rozh\u013ead\u0148a, z ktorej [&hellip;]","og_url":"https:\/\/www.welovecycling.com\/sk\/2018\/05\/11\/dohnany-kam-na-bicykli\/","og_site_name":"\u0160koda We Love Cycling Slovensko","article_published_time":"2018-05-11T15:38:59+00:00","article_modified_time":"2018-05-18T16:41:42+00:00","og_image":[{"width":1375,"height":600,"url":"https:\/\/d2p6e6u75xmxt8.cloudfront.net\/4\/2018\/05\/1375x600_blogger2.webp","type":"image\/webp"}],"author":"Ondrej Ga\u0161par","twitter_card":"summary_large_image","twitter_misc":{"Written by":"Juraj Lu\u010dan","Est. reading time":"3 minutes"},"schema":{"@context":"https:\/\/schema.org","@graph":[{"@type":"WebPage","@id":"https:\/\/www.welovecycling.com\/sk\/2018\/05\/11\/dohnany-kam-na-bicykli\/","url":"https:\/\/www.welovecycling.com\/sk\/2018\/05\/11\/dohnany-kam-na-bicykli\/","name":"Doh\u0148any \u2013 kam na bicykli? - \u0160koda We Love Cycling Slovensko","isPartOf":{"@id":"https:\/\/www.welovecycling.com\/sk\/#website"},"primaryImageOfPage":{"@id":"https:\/\/www.welovecycling.com\/sk\/2018\/05\/11\/dohnany-kam-na-bicykli\/#primaryimage"},"image":{"@id":"https:\/\/www.welovecycling.com\/sk\/2018\/05\/11\/dohnany-kam-na-bicykli\/#primaryimage"},"thumbnailUrl":"https:\/\/d2p6e6u75xmxt8.cloudfront.net\/4\/2018\/05\/1375x600_blogger2.webp","datePublished":"2018-05-11T15:38:59+00:00","dateModified":"2018-05-18T16:41:42+00:00","author":{"@id":"https:\/\/www.welovecycling.com\/sk\/#\/schema\/person\/8ee09ba39b7e25b1870160aa5b3a89bc"},"breadcrumb":{"@id":"https:\/\/www.welovecycling.com\/sk\/2018\/05\/11\/dohnany-kam-na-bicykli\/#breadcrumb"},"inLanguage":"sk-SK","potentialAction":[{"@type":"ReadAction","target":["https:\/\/www.welovecycling.com\/sk\/2018\/05\/11\/dohnany-kam-na-bicykli\/"]}]},{"@type":"ImageObject","inLanguage":"sk-SK","@id":"https:\/\/www.welovecycling.com\/sk\/2018\/05\/11\/dohnany-kam-na-bicykli\/#primaryimage","url":"https:\/\/d2p6e6u75xmxt8.cloudfront.net\/4\/2018\/05\/1375x600_blogger2.webp","contentUrl":"https:\/\/d2p6e6u75xmxt8.cloudfront.net\/4\/2018\/05\/1375x600_blogger2.webp","width":1375,"height":600},{"@type":"BreadcrumbList","@id":"https:\/\/www.welovecycling.com\/sk\/2018\/05\/11\/dohnany-kam-na-bicykli\/#breadcrumb","itemListElement":[{"@type":"ListItem","position":1,"name":"Home","item":"https:\/\/www.welovecycling.com\/sk\/"},{"@type":"ListItem","position":2,"name":"Doh\u0148any \u2013 kam na bicykli?"}]},{"@type":"WebSite","@id":"https:\/\/www.welovecycling.com\/sk\/#website","url":"https:\/\/www.welovecycling.com\/sk\/","name":"\u0160koda We Love Cycling Slovensko","description":"\u0160koda We Love Cycling Slovensko je v\u00e1\u0161 ka\u017edodenn\u00fd zdroj noviniek a in\u0161pir\u00e1cie z sveta cyklistiky","potentialAction":[{"@type":"SearchAction","target":{"@type":"EntryPoint","urlTemplate":"https:\/\/www.welovecycling.com\/sk\/?s={search_term_string}"},"query-input":{"@type":"PropertyValueSpecification","valueRequired":true,"valueName":"search_term_string"}}],"inLanguage":"sk-SK"},{"@type":"Person","@id":"https:\/\/www.welovecycling.com\/sk\/#\/schema\/person\/8ee09ba39b7e25b1870160aa5b3a89bc","name":"Ondrej Ga\u0161par","image":{"@type":"ImageObject","inLanguage":"sk-SK","@id":"https:\/\/www.welovecycling.com\/sk\/#\/schema\/person\/image\/","url":"https:\/\/secure.gravatar.com\/avatar\/6126c9afb87b70da5abbb083ddbb21933da15f18f8ca7cb822aba0fb096a48f6?s=96&d=mm&r=g","contentUrl":"https:\/\/secure.gravatar.com\/avatar\/6126c9afb87b70da5abbb083ddbb21933da15f18f8ca7cb822aba0fb096a48f6?s=96&d=mm&r=g","caption":"Ondrej Ga\u0161par"},"url":"https:\/\/www.welovecycling.com\/sk\/author\/ondrejgaspar\/"}]}},"_links":{"self":[{"href":"https:\/\/www.welovecycling.com\/sk\/wp-json\/wp\/v2\/posts\/3559","targetHints":{"allow":["GET"]}}],"collection":[{"href":"https:\/\/www.welovecycling.com\/sk\/wp-json\/wp\/v2\/posts"}],"about":[{"href":"https:\/\/www.welovecycling.com\/sk\/wp-json\/wp\/v2\/types\/post"}],"author":[{"embeddable":true,"href":"https:\/\/www.welovecycling.com\/sk\/wp-json\/wp\/v2\/users\/38"}],"replies":[{"embeddable":true,"href":"https:\/\/www.welovecycling.com\/sk\/wp-json\/wp\/v2\/comments?post=3559"}],"version-history":[{"count":2,"href":"https:\/\/www.welovecycling.com\/sk\/wp-json\/wp\/v2\/posts\/3559\/revisions"}],"predecessor-version":[{"id":3580,"href":"https:\/\/www.welovecycling.com\/sk\/wp-json\/wp\/v2\/posts\/3559\/revisions\/3580"}],"wp:featuredmedia":[{"embeddable":true,"href":"https:\/\/www.welovecycling.com\/sk\/wp-json\/wp\/v2\/media\/3577"}],"wp:attachment":[{"href":"https:\/\/www.welovecycling.com\/sk\/wp-json\/wp\/v2\/media?parent=3559"}],"wp:term":[{"taxonomy":"category","embeddable":true,"href":"https:\/\/www.welovecycling.com\/sk\/wp-json\/wp\/v2\/categories?post=3559"},{"taxonomy":"post_tag","embeddable":true,"href":"https:\/\/www.welovecycling.com\/sk\/wp-json\/wp\/v2\/tags?post=3559"},{"taxonomy":"global-categories","embeddable":true,"href":"https:\/\/www.welovecycling.com\/sk\/wp-json\/wp\/v2\/global-categories?post=3559"}],"curies":[{"name":"wp","href":"https:\/\/api.w.org\/{rel}","templated":true}]}}