{"id":3367,"date":"2018-04-25T14:59:28","date_gmt":"2018-04-25T12:59:28","guid":{"rendered":"https:\/\/www.welovecycling.com\/sk\/?p=3367"},"modified":"2018-12-06T11:42:24","modified_gmt":"2018-12-06T10:42:24","slug":"pohodova-bicyklovacka-svaty-jur","status":"publish","type":"post","link":"https:\/\/www.welovecycling.com\/sk\/2018\/04\/25\/pohodova-bicyklovacka-svaty-jur\/","title":{"rendered":"Pohodov\u00e1 bicyklova\u010dka vo Sv\u00e4tom Jure"},"content":{"rendered":"<p><strong>Na jar jazd\u00edm bu\u010f m\u00e1lo, alebo po overen\u00fdch cesti\u010dk\u00e1ch. Tento rok som v\u0161ak prist\u00fapil na to, \u017ee sa budem venova\u0165 aj kr\u00e1sam Slovenska. Za\u010dal som kr\u00e1snym meste\u010dkom Sv\u00e4t\u00fdm Jurom, ktor\u00e9 je skuto\u010dne pr\u00edjemn\u00e9 mesto pre rodiny na horsk\u00fdch aj cestn\u00fdch bicykloch.<br \/>\n<\/strong><\/p>\n<p><!--more--><\/p>\n<p>Prv\u00e1 tabu\u013ea v\u00a0meste hovor\u00ed: Vitajte v\u00a0meste hist\u00f3rie, v\u00edna a\u00a0umenia, aj\u00a0centrum mesta ma celkom prekvapilo. Vydl\u00e1\u017eden\u00e1 cesta, pr\u00edjemn\u00e9 priestranstvo, kde by som si skuto\u010dne r\u00e1d dal poh\u00e1r v\u00edna. No dnes ma \u010dakalo pomerne ve\u013ea kilometrov v\u00a0sedle bicykla.<\/p>\n<figure id=\"attachment_3371\" aria-describedby=\"caption-attachment-3371\" style=\"width: 1200px\" class=\"wp-caption alignnone\"><img loading=\"lazy\" decoding=\"async\" class=\"size-full wp-image-3371\" src=\"https:\/\/d2p6e6u75xmxt8.cloudfront.net\/4\/2018\/04\/sjur-blogger-01.jpg\" alt=\"\" width=\"1200\" height=\"900\" \/><figcaption id=\"caption-attachment-3371\" class=\"wp-caption-text\">Mal\u00fd k\u00fasok z n\u00e1mestia<\/figcaption><\/figure>\n<figure id=\"attachment_3372\" aria-describedby=\"caption-attachment-3372\" style=\"width: 1200px\" class=\"wp-caption alignnone\"><img loading=\"lazy\" decoding=\"async\" class=\"size-full wp-image-3372\" src=\"https:\/\/d2p6e6u75xmxt8.cloudfront.net\/4\/2018\/04\/sjur-blogger-02.jpg\" alt=\"\" width=\"1200\" height=\"900\" \/><figcaption id=\"caption-attachment-3372\" class=\"wp-caption-text\">Kostol sv. Juraja, ktor\u00fd m\u00e1 bohat\u00fa hist\u00f3riu<\/figcaption><\/figure>\n<figure id=\"attachment_3627\" aria-describedby=\"caption-attachment-3627\" style=\"width: 1200px\" class=\"wp-caption alignnone\"><img loading=\"lazy\" decoding=\"async\" class=\"size-full wp-image-3627\" src=\"https:\/\/d2p6e6u75xmxt8.cloudfront.net\/4\/2018\/05\/sjur-blogger-03.jpg\" alt=\"\" width=\"1200\" height=\"900\" \/><figcaption id=\"caption-attachment-3627\" class=\"wp-caption-text\">Poh\u013ead smerom \u201edole\u201c. Vpravo je vidie\u0165 aj parkovisko, kde m\u00f4\u017eete v pokoji zaparkova\u0165 auto<\/figcaption><\/figure>\n<figure id=\"attachment_3651\" aria-describedby=\"caption-attachment-3651\" style=\"width: 1200px\" class=\"wp-caption alignnone\"><img loading=\"lazy\" decoding=\"async\" class=\"size-full wp-image-3651\" src=\"https:\/\/d2p6e6u75xmxt8.cloudfront.net\/4\/2018\/05\/sjur-blogger-04.jpg\" alt=\"\" width=\"1200\" height=\"900\" \/><figcaption id=\"caption-attachment-3651\" class=\"wp-caption-text\">Pr\u00e1ve na tom parkovisku som odstavil aj ja<\/figcaption><\/figure>\n<figure id=\"attachment_3652\" aria-describedby=\"caption-attachment-3652\" style=\"width: 1200px\" class=\"wp-caption alignnone\"><img loading=\"lazy\" decoding=\"async\" class=\"size-full wp-image-3652\" src=\"https:\/\/d2p6e6u75xmxt8.cloudfront.net\/4\/2018\/05\/sjur-blogger-05.jpg\" alt=\"\" width=\"1200\" height=\"900\" \/><figcaption id=\"caption-attachment-3652\" class=\"wp-caption-text\">Spolo\u010dnos\u0165 mi dnes robil tento bicykel<\/figcaption><\/figure>\n<h2><strong>\u0160\u00farsky kan\u00e1l \u2013 oddychov\u00e1 trasa aj pre rodiny s de\u0165mi<\/strong><\/h2>\n<p>Ako prv\u00fa trasu som si vybral cyklotrasu pri \u0160\u00farskom kan\u00e1li. Trasa sa vol\u00e1: JuRaVa, preto\u017ee sp\u00e1ja Sv\u00e4t\u00fd Jur, Ra\u010du a\u00a0Vajnory. Ja som pre\u0161iel k\u00fasok medzi Sv\u00e4t\u00fdm Jurom a\u00a0Vajnormi \u2013 a\u00a0mus\u00edm poveda\u0165, \u017ee sa podarila. Trasa vedie kr\u00e1sne popri kan\u00e1li a\u00a0nie je v\u00f4bec \u0165a\u017ek\u00e9 sa na \u0148u dosta\u0165. Sta\u010d\u00ed prejs\u0165 na druh\u00fa stranu \u017eeleznice. Vo \u0161tvrtok okolo obeda som tu stretol zop\u00e1r kor\u010duliarov, p\u00e1r det\u00ed, ale aj cyklistov na cestn\u00fdch bicykloch, ktor\u00ed sa sna\u017eili na takomto \u00faseku nahodi\u0165 svoje nohy do formy. Pre rodiny s\u00a0de\u0165mi je to geni\u00e1lne. Neviem v\u0161ak ako vo ve\u013emi tepl\u00e9 letn\u00e9 dni, preto\u017ee slnko tu skuto\u010dne mus\u00ed piec\u0165. Ve\u010f pozrite na fotky:<\/p>\n<figure id=\"attachment_3628\" aria-describedby=\"caption-attachment-3628\" style=\"width: 1200px\" class=\"wp-caption alignnone\"><img loading=\"lazy\" decoding=\"async\" class=\"size-full wp-image-3628\" src=\"https:\/\/d2p6e6u75xmxt8.cloudfront.net\/4\/2018\/05\/sjur-blogger-06.jpg\" alt=\"\" width=\"1200\" height=\"900\" \/><figcaption id=\"caption-attachment-3628\" class=\"wp-caption-text\">Podobn\u00fdch pr\u00edstre\u0161kov je tu pomerne dos\u0165.<\/figcaption><\/figure>\n<figure id=\"attachment_3629\" aria-describedby=\"caption-attachment-3629\" style=\"width: 1200px\" class=\"wp-caption alignnone\"><img loading=\"lazy\" decoding=\"async\" class=\"size-full wp-image-3629\" src=\"https:\/\/d2p6e6u75xmxt8.cloudfront.net\/4\/2018\/05\/sjur-blogger-07.jpg\" alt=\"\" width=\"1200\" height=\"900\" \/><figcaption id=\"caption-attachment-3629\" class=\"wp-caption-text\">Trasa ide st\u00e1le okolo tohto vodn\u00e9ho kan\u00e1la<\/figcaption><\/figure>\n<figure id=\"attachment_3630\" aria-describedby=\"caption-attachment-3630\" style=\"width: 1200px\" class=\"wp-caption alignnone\"><img loading=\"lazy\" decoding=\"async\" class=\"size-full wp-image-3630\" src=\"https:\/\/d2p6e6u75xmxt8.cloudfront.net\/4\/2018\/05\/sjur-blogger-08.jpg\" alt=\"\" width=\"1200\" height=\"900\" \/><figcaption id=\"caption-attachment-3630\" class=\"wp-caption-text\">A nemus\u00edte by\u0165 ani vybaven\u00fd ako ja. \ud83d\ude42 Smerovn\u00edky v\u00e1m nedovolia strati\u0165 sa<\/figcaption><\/figure>\n<figure id=\"attachment_3631\" aria-describedby=\"caption-attachment-3631\" style=\"width: 1200px\" class=\"wp-caption alignnone\"><img loading=\"lazy\" decoding=\"async\" class=\"size-full wp-image-3631\" src=\"https:\/\/d2p6e6u75xmxt8.cloudfront.net\/4\/2018\/05\/sjur-blogger-09.jpg\" alt=\"\" width=\"1200\" height=\"900\" \/><figcaption id=\"caption-attachment-3631\" class=\"wp-caption-text\">Okolo tejto trasy m\u00f4\u017eete pomerne \u010dasto narazi\u0165 aj na kone. Ja som ich tie\u017e zazrel.<\/figcaption><\/figure>\n<p>Dostal som sa k\u00a0mostu pred Vajnormi. Sp\u00e4\u0165 som sk\u00fasil \u00eds\u0165 cez takzvan\u00fd Pan\u00f3nsky les. T\u00e1to trasa je zna\u010den\u00e1 len ako turistick\u00e1 a\u00a0aj preto je jej kvalita o\u00a0poznanie hor\u0161ia. \u017diaden asfalt, ale hrbo\u013eat\u00e1 hlinit\u00e1 cesta. Pon\u00faka v\u0161ak skr\u00fd\u0161u pred slnkom.<\/p>\n<figure id=\"attachment_3633\" aria-describedby=\"caption-attachment-3633\" style=\"width: 1200px\" class=\"wp-caption alignnone\"><img loading=\"lazy\" decoding=\"async\" class=\"size-full wp-image-3633\" src=\"https:\/\/d2p6e6u75xmxt8.cloudfront.net\/4\/2018\/05\/sjur-blogger-11.jpg\" alt=\"\" width=\"1200\" height=\"900\" \/><figcaption id=\"caption-attachment-3633\" class=\"wp-caption-text\">Cesta v Pan\u00f3skom lese<\/figcaption><\/figure>\n<p>Cesta okolo \u0160\u00farskeho kan\u00e1la je pr\u00edjemn\u00e1 pre rodiny s\u00a0de\u0165mi, pr\u00edpadne pre jazdcov, ktor\u00ed si chc\u00fa zregenerova\u0165 nohy bez nejak\u00fdch st\u00fapan\u00ed.<\/p>\n<h2><strong>Zo Sv\u00e4t\u00e9ho Jura na Biely kr\u00ed\u017e<\/strong><\/h2>\n<p>Ja som sa ve\u013emi te\u0161il na druh\u00fa \u010das\u0165 mojej trasy \u2013 v\u00fdstup na Biely kr\u00ed\u017e a\u00a0n\u00e1sledn\u00fa \u201ehrebe\u0148ovku\u201c.<\/p>\n<p>Pokra\u010doval som cestou na Ra\u010du. Cestou m\u00f4\u017eete vidie\u0165 napr\u00edklad \u201ePust\u00fd kostol\u00edk\u201c. V\u00a0skuto\u010dnosti v\u0161ak ide o\u00a0kaplnku Nanebovzatia Panny M\u00e1rie. Nach\u00e1dza sa ved\u013ea nej mal\u00fd park, kde sa d\u00e1 aj dobre pospa\u0165. Ja ke\u010f som tadeto prech\u00e1dzal, tak som videl p\u00e1r cyklistov, ktor\u00ed boli zvalen\u00ed na lavi\u010dk\u00e1ch. Nach\u00e1dzaj\u00fa sa tu aj tabule, ktor\u00e9 p\u00ed\u0161u o\u00a0hist\u00f3rii tejto kaplnky, ale aj o\u00a0meste\u00a0 Sv\u00e4t\u00fd Jur.<\/p>\n<figure id=\"attachment_3653\" aria-describedby=\"caption-attachment-3653\" style=\"width: 1200px\" class=\"wp-caption alignnone\"><img loading=\"lazy\" decoding=\"async\" class=\"size-full wp-image-3653\" src=\"https:\/\/d2p6e6u75xmxt8.cloudfront.net\/4\/2018\/05\/sjur-blogger-12.jpg\" alt=\"\" width=\"1200\" height=\"900\" \/><figcaption id=\"caption-attachment-3653\" class=\"wp-caption-text\">Kaplnka Nanebovzatia Panny M\u00e1rie<\/figcaption><\/figure>\n<p>Odtia\u013eto som i\u0161iel zelenou turistickou trasou a\u017e na Biely kr\u00ed\u017e.<\/p>\n<figure id=\"attachment_3634\" aria-describedby=\"caption-attachment-3634\" style=\"width: 1200px\" class=\"wp-caption alignnone\"><img loading=\"lazy\" decoding=\"async\" class=\"size-full wp-image-3634\" src=\"https:\/\/d2p6e6u75xmxt8.cloudfront.net\/4\/2018\/05\/sjur-blogger-13.jpg\" alt=\"\" width=\"1200\" height=\"900\" \/><figcaption id=\"caption-attachment-3634\" class=\"wp-caption-text\">Hovor\u00ed sa, \u017ee na sv. Jura vyliezaj\u00fa hady. Ja som tu bol t\u00fd\u017ede\u0148 pred sviatkom sv. Juraja a u\u017e sa tu takto jeden slnil.<\/figcaption><\/figure>\n<p>Pozeral som na internete, ktor\u00e1 trasa na Biely kr\u00ed\u017e je najmenej jazden\u00e1. Vybral som si teda t\u00fato zelen\u00fa. Po chv\u00edli som pochopil pre\u010do to tak je. Hore ved\u00fa 3 cyklotrasy a\u00a0jedna turistick\u00e1. H\u00e1dajte teda, po ktorej som i\u0161iel ja.<\/p>\n<figure id=\"attachment_3635\" aria-describedby=\"caption-attachment-3635\" style=\"width: 1200px\" class=\"wp-caption alignnone\"><img loading=\"lazy\" decoding=\"async\" class=\"size-full wp-image-3635\" src=\"https:\/\/d2p6e6u75xmxt8.cloudfront.net\/4\/2018\/05\/sjur-blogger-14.jpg\" alt=\"\" width=\"1200\" height=\"900\" \/><figcaption id=\"caption-attachment-3635\" class=\"wp-caption-text\">Mus\u00edm v\u0161ak poveda\u0165, \u017ee na zjazd by to bola neskuto\u010dn\u00e1 par\u00e1da. Dohora \u2013 to bola krut\u00e1 maka\u010dka.<\/figcaption><\/figure>\n<figure id=\"attachment_3636\" aria-describedby=\"caption-attachment-3636\" style=\"width: 1200px\" class=\"wp-caption alignnone\"><img loading=\"lazy\" decoding=\"async\" class=\"size-full wp-image-3636\" src=\"https:\/\/d2p6e6u75xmxt8.cloudfront.net\/4\/2018\/05\/sjur-blogger-15.jpg\" alt=\"\" width=\"1200\" height=\"900\" \/><figcaption id=\"caption-attachment-3636\" class=\"wp-caption-text\">Cesta sa v\u0161ak roz\u0161\u00edrila a bola celkom pr\u00edjemn\u00e1. Pre tr\u00e9ning na horskom bicykli je to proste dokonal\u00e9.<\/figcaption><\/figure>\n<p>Pri tejto trase sa nach\u00e1dza aj Sakrakopec \u2013 miesto, kde sa stalo leteck\u00e9 ne\u0161\u0165astie 24. 11. 1966. Pri tomto kr\u00ed\u017eiku sa nach\u00e1dzaj\u00fa dokonca aj niektor\u00e9 drobn\u00e9 \u010dasti lietadla, ktor\u00e9 tu \u013eudia na\u0161li. Nech\u00fdba aj tabu\u013ea, ktor\u00e1 podrobne toto ne\u0161\u0165astie opisuje.<\/p>\n<h2><strong>Na Bielom Kr\u00ed\u017ei<\/strong><\/h2>\n<figure id=\"attachment_3638\" aria-describedby=\"caption-attachment-3638\" style=\"width: 1200px\" class=\"wp-caption alignnone\"><img loading=\"lazy\" decoding=\"async\" class=\"wp-image-3638 size-full\" src=\"https:\/\/d2p6e6u75xmxt8.cloudfront.net\/4\/2018\/05\/sjur-blogger-17.jpg\" alt=\"\" width=\"1200\" height=\"900\" \/><figcaption id=\"caption-attachment-3638\" class=\"wp-caption-text\">Smerovn\u00edk na Bielom kr\u00ed\u017ei<\/figcaption><\/figure>\n<p><img loading=\"lazy\" decoding=\"async\" class=\"alignnone size-full wp-image-3640\" src=\"https:\/\/d2p6e6u75xmxt8.cloudfront.net\/4\/2018\/05\/sjur-blogger-19.jpg\" alt=\"\" width=\"1200\" height=\"900\" \/><\/p>\n<p>A\u00a0k\u00fasok za kr\u00ed\u017eom sa nach\u00e1dza tak\u00fdto bufet, kde v\u00e1m daj\u00fa v\u00fdborn\u00fa kofolu a\u00a0m\u00f4\u017eete si tu chv\u00ed\u013eu posedie\u0165. Dokonca tu vraj po\u017ei\u010diavaj\u00fa aj elektrick\u00e9 bicykle.<\/p>\n<h2><strong>Po \u010dervenej trase na <em>Tri kamenn\u00e9 kopce<\/em><\/strong><\/h2>\n<p>Odtia\u013eto som sa vydal po \u0160tef\u00e1nikovej magistr\u00e1le smerom na Pezinsk\u00fa babu po hrebeni Mal\u00fdch Karp\u00e1t.<\/p>\n<p><img loading=\"lazy\" decoding=\"async\" class=\"alignnone size-full wp-image-3641\" src=\"https:\/\/d2p6e6u75xmxt8.cloudfront.net\/4\/2018\/05\/sjur-blogger-20.jpg\" alt=\"\" width=\"1200\" height=\"900\" \/><\/p>\n<p>Trasa viedla tak\u00fdmto pr\u00edjemn\u00fdm les\u00edkom. Nepon\u00faka \u017eiadne v\u00fdh\u013eady, no pre \u013eud\u00ed z\u00a0mesta to mus\u00ed pod\u013ea m\u0148a by\u0165 neskuto\u010dn\u00e1 par\u00e1da, takto zmizn\u00fa\u0165 do pr\u00edrody a\u00a0odd\u00fdchnu\u0165 si od mestsk\u00e9ho ruchu.<\/p>\n<p><img loading=\"lazy\" decoding=\"async\" class=\"alignnone size-full wp-image-3642\" src=\"https:\/\/d2p6e6u75xmxt8.cloudfront.net\/4\/2018\/05\/sjur-blogger-21.jpg\" alt=\"\" width=\"1200\" height=\"900\" \/><\/p>\n<figure id=\"attachment_3643\" aria-describedby=\"caption-attachment-3643\" style=\"width: 1200px\" class=\"wp-caption alignnone\"><img loading=\"lazy\" decoding=\"async\" class=\"size-full wp-image-3643\" src=\"https:\/\/d2p6e6u75xmxt8.cloudfront.net\/4\/2018\/05\/sjur-blogger-22.jpg\" alt=\"\" width=\"1200\" height=\"900\" \/><figcaption id=\"caption-attachment-3643\" class=\"wp-caption-text\">Nech\u00fdbaj\u00fa ani zna\u010dky cyklotr\u00e1s, aby sme sa nestratili<\/figcaption><\/figure>\n<p>Pri tejto trase (a nielen tejto) sa nach\u00e1dzaj\u00fa ozna\u010denia so symbolom misky. Znamen\u00e1 r\u00f4zne studni\u010dky, kde m\u00f4\u017eete doplni\u0165 svoje z\u00e1soby vody.<\/p>\n<figure id=\"attachment_3645\" aria-describedby=\"caption-attachment-3645\" style=\"width: 1200px\" class=\"wp-caption alignnone\"><img loading=\"lazy\" decoding=\"async\" class=\"size-full wp-image-3645\" src=\"https:\/\/d2p6e6u75xmxt8.cloudfront.net\/4\/2018\/05\/sjur-blogger-24.jpg\" alt=\"\" width=\"1200\" height=\"900\" \/><figcaption id=\"caption-attachment-3645\" class=\"wp-caption-text\">Jedna zo spomenut\u00fdch studni\u010diek<\/figcaption><\/figure>\n<h2><strong>Kopcovit\u00e1 trasa aj pre cestn\u00e9 bicykle<\/strong><\/h2>\n<p>Potom ako som si u\u017eil zjazdy a\u00a0v\u00fdstupy po hrebeni tejto pr\u00edjemnej trasy, som sa dostal na tri kamenn\u00e9 kopce. Odtia\u013eto som chcel \u00eds\u0165 e\u0161te na Pezinsk\u00fa babu, ale \u010das ma u\u017e celkom nah\u00e1\u0148al. Tak som sa rozhodol, \u017ee p\u00f4jdem \u017eltou trasou na Limbach. Ide o\u00a0asfaltov\u00fa cestu, ktor\u00e1 je mierne rozbit\u00e1. Ur\u010dite sa tu v\u0161ak d\u00e1 \u00eds\u0165 aj na cestnom bicykli. A\u00a0\u017ee to teda je trasa! Myslel som, \u017ee u\u017e p\u00f4jdem rovno dole kopcom do Sv\u00e4t\u00e9ho Jura, ale m\u00fdlil som sa. Po ceste som liezol cez zop\u00e1r drsn\u00fdch kop\u010dekov. Pre \u201eces\u0165\u00e1kov\u201c, ktor\u00ed maj\u00fa radi kopce \u2013 toto je fantastick\u00e1 trasa.<\/p>\n<figure id=\"attachment_3647\" aria-describedby=\"caption-attachment-3647\" style=\"width: 1200px\" class=\"wp-caption alignnone\"><img loading=\"lazy\" decoding=\"async\" class=\"size-full wp-image-3647\" src=\"https:\/\/d2p6e6u75xmxt8.cloudfront.net\/4\/2018\/05\/sjur-blogger-26.jpg\" alt=\"\" width=\"1200\" height=\"900\" \/><figcaption id=\"caption-attachment-3647\" class=\"wp-caption-text\">K\u00fasok z trasy \u2013 ja toti\u017e milujem fotenie po\u010das jazdy<\/figcaption><\/figure>\n<figure id=\"attachment_3648\" aria-describedby=\"caption-attachment-3648\" style=\"width: 1200px\" class=\"wp-caption alignnone\"><img loading=\"lazy\" decoding=\"async\" class=\"size-full wp-image-3648\" src=\"https:\/\/d2p6e6u75xmxt8.cloudfront.net\/4\/2018\/05\/sjur-blogger-27.jpg\" alt=\"\" width=\"1200\" height=\"900\" \/><figcaption id=\"caption-attachment-3648\" class=\"wp-caption-text\">Asfaltov\u00e1 cesta je v skuto\u010dne super stave<\/figcaption><\/figure>\n<h2><strong>Moje kr\u00e1tke zhodnotenie<\/strong><\/h2>\n<p>Cyklotr\u00e1s v\u00a0okol\u00ed je v\u0161ak ve\u013emi ve\u013ea. Pokia\u013e m\u00e1te chu\u0165 pl\u00e1nova\u0165 a\u00a0hra\u0165 sa s\u00a0mapami, tak m\u00f4\u017eete za po\u010d\u00edta\u010dom str\u00e1vi\u0165 dlh\u00e9 chv\u00edle. Ich kvalita je taktie\u017e na ve\u013emi dobrej \u00farovni. \u017diadne \u00faseky, ktor\u00e9 by sa nedali prejs\u0165 v\u00a0sedle bicykla a\u00a0aj smerovn\u00edky a\u00a0zna\u010dky s\u00fa presn\u00e9. Ve\u010f ja som sa tu nestratil a\u00a0to som tu\u00a0 \u017eivote nebol.<\/p>\n<p>Na mape ni\u017e\u0161ie sa nach\u00e1dza trasa, ktor\u00fa som pre\u0161iel. Dole m\u00f4\u017eete vidie\u0165 cyklotrasu okolo \u0160\u00farskeho kan\u00e1lu a\u00a0cestu cez Pan\u00f3nsky les. Odtia\u013e som i\u0161iel \u201edo\u013eava\u201c na z\u00e1pad smerom na Biely kr\u00ed\u017e. Toto je t\u00e1 zelen\u00e1 turistick\u00e1 trasa. Na biely kr\u00ed\u017e ved\u00fa v\u0161ak aj cesty pre cestn\u00e9 bicykle z\u00a0Ra\u010de.<br \/>\nZ Bieleho kr\u00ed\u017ea som sa dostal po \u010dervenej trase na tri kamenn\u00e9 kopce, odkia\u013e viedla t\u00e1 perfektn\u00e1 asfaltov\u00e1 cesta, po ktorej sa d\u00e1 dosta\u0165 a\u017e do Limbachu &#8211; odtia\u013e bu\u010f do Pezinka alebo do Sv\u00e4t\u00e9ho Jura.<br \/>\nCel\u00e1 trasa m\u00e1 43,4 km. Nast\u00fapa sa tu 865 m (meran\u00e9 s\u00a0barometrom).<\/p>\n<p><img loading=\"lazy\" decoding=\"async\" class=\"alignnone size-full wp-image-3654\" src=\"https:\/\/d2p6e6u75xmxt8.cloudfront.net\/4\/2018\/05\/sjur-blogger-28.jpg\" alt=\"\" width=\"628\" height=\"1224\" \/><\/p>\n<p>Tu je odkaz na zobrazenie trasy cez <a href=\"http:\/\/www.gpsvisualizer.com\/display\/20180422080541-66147-map.html\" target=\"_blank\" rel=\"noopener\">Google Maps<\/a>.<\/p>\n<h2><strong>Kto vlastne som?<\/strong><\/h2>\n<p>Vol\u00e1m sa Juraj Lu\u010dan a budem pre v\u00e1s chv\u00ed\u013eu p\u00edsa\u0165 o kr\u00e1sach Slovenska a dostupn\u00fdch cyklo tras\u00e1ch, ktor\u00e9 by ste ur\u010dite mali vysk\u00fa\u0161a\u0165.<\/p>\n<p>\u0160tudujem na Katol\u00edckej univerzite v Ru\u017eomberku a ako ste mo\u017eno uh\u00e1dli, m\u00e1m ve\u013emi r\u00e1d cyklistiku. Preto som si aj zalo\u017eil blog &#8222;<a href=\"http:\/\/jurajcyklista.blogspot.cz\/\" target=\"_blank\" rel=\"noopener\">jurajcyklista<\/a>&#8222;, kde p\u00ed\u0161em o tom, \u010do som s bicyklom za\u017eil &#8211; jazd\u00edm hlavne po horn\u00fdch Kysuciach, ale bicykel som mal so sebou napr\u00edklad aj v Prahe a r\u00e1d ho beriem aj do Ru\u017eomberka.<\/p>\n<p>Ak sa v\u00e1m p\u00e1\u010di, \u010do ste teraz \u010d\u00edtali, sledujte WeLoveCycling aj na\u010falej, pr\u00edpadne pozrite na m\u00f4j blog.<\/p>\n<p style=\"text-align: left;\">\u00a0\u00a0\u00a0\u00a0 \u2014 Juraj<\/p>\n","protected":false},"excerpt":{"rendered":"<p>Na jar jazd\u00edm bu\u010f m\u00e1lo, alebo po overen\u00fdch cesti\u010dk\u00e1ch. Tento rok som v\u0161ak prist\u00fapil na to, \u017ee sa budem venova\u0165 [&hellip;]<\/p>\n","protected":false},"author":38,"featured_media":3410,"comment_status":"open","ping_status":"open","sticky":false,"template":"","format":"standard","meta":{"footnotes":""},"categories":[5,3,191],"tags":[457,454,455,458,456,40],"global-categories":[],"class_list":["post-3367","post","type-post","status-publish","format-standard","has-post-thumbnail","hentry","category-blog","category-mtb","category-odporucame","tag-biely-kriz","tag-juraj-lucan","tag-jurajcyklista","tag-pezinska-baba","tag-sursky-kanal","tag-svaty-jur"],"yoast_head":"<!-- This site is optimized with the Yoast SEO Premium plugin v25.3 (Yoast SEO v25.9) - https:\/\/yoast.com\/wordpress\/plugins\/seo\/ -->\n<title>Pohodov\u00e1 bicyklova\u010dka vo Sv\u00e4tom Jure - \u0160koda We Love Cycling Slovensko<\/title>\n<meta name=\"robots\" content=\"index, follow, max-snippet:-1, max-image-preview:large, max-video-preview:-1\" \/>\n<link rel=\"canonical\" href=\"https:\/\/www.welovecycling.com\/sk\/2018\/04\/25\/pohodova-bicyklovacka-svaty-jur\/\" \/>\n<meta property=\"og:locale\" content=\"sk_SK\" \/>\n<meta property=\"og:type\" content=\"article\" \/>\n<meta property=\"og:title\" content=\"Pohodov\u00e1 bicyklova\u010dka vo Sv\u00e4tom Jure\" \/>\n<meta property=\"og:description\" content=\"Na jar jazd\u00edm bu\u010f m\u00e1lo, alebo po overen\u00fdch cesti\u010dk\u00e1ch. Tento rok som v\u0161ak prist\u00fapil na to, \u017ee sa budem venova\u0165 [&hellip;]\" \/>\n<meta property=\"og:url\" content=\"https:\/\/www.welovecycling.com\/sk\/2018\/04\/25\/pohodova-bicyklovacka-svaty-jur\/\" \/>\n<meta property=\"og:site_name\" content=\"\u0160koda We Love Cycling Slovensko\" \/>\n<meta property=\"article:published_time\" content=\"2018-04-25T12:59:28+00:00\" \/>\n<meta property=\"article:modified_time\" content=\"2018-12-06T10:42:24+00:00\" \/>\n<meta property=\"og:image\" content=\"https:\/\/d2p6e6u75xmxt8.cloudfront.net\/4\/2018\/04\/1375x600_sjur1.webp\" \/>\n\t<meta property=\"og:image:width\" content=\"1375\" \/>\n\t<meta property=\"og:image:height\" content=\"600\" \/>\n\t<meta property=\"og:image:type\" content=\"image\/webp\" \/>\n<meta name=\"author\" content=\"Ondrej Ga\u0161par\" \/>\n<meta name=\"twitter:card\" content=\"summary_large_image\" \/>\n<meta name=\"twitter:label1\" content=\"Written by\" \/>\n\t<meta name=\"twitter:data1\" content=\"Juraj Lu\u010dan\" \/>\n\t<meta name=\"twitter:label2\" content=\"Est. reading time\" \/>\n\t<meta name=\"twitter:data2\" content=\"7 minutes\" \/>\n<script type=\"application\/ld+json\" class=\"yoast-schema-graph\">{\"@context\":\"https:\/\/schema.org\",\"@graph\":[{\"@type\":\"WebPage\",\"@id\":\"https:\/\/www.welovecycling.com\/sk\/2018\/04\/25\/pohodova-bicyklovacka-svaty-jur\/\",\"url\":\"https:\/\/www.welovecycling.com\/sk\/2018\/04\/25\/pohodova-bicyklovacka-svaty-jur\/\",\"name\":\"Pohodov\u00e1 bicyklova\u010dka vo Sv\u00e4tom Jure - \u0160koda We Love Cycling Slovensko\",\"isPartOf\":{\"@id\":\"https:\/\/www.welovecycling.com\/sk\/#website\"},\"primaryImageOfPage\":{\"@id\":\"https:\/\/www.welovecycling.com\/sk\/2018\/04\/25\/pohodova-bicyklovacka-svaty-jur\/#primaryimage\"},\"image\":{\"@id\":\"https:\/\/www.welovecycling.com\/sk\/2018\/04\/25\/pohodova-bicyklovacka-svaty-jur\/#primaryimage\"},\"thumbnailUrl\":\"https:\/\/d2p6e6u75xmxt8.cloudfront.net\/4\/2018\/04\/1375x600_sjur1.webp\",\"datePublished\":\"2018-04-25T12:59:28+00:00\",\"dateModified\":\"2018-12-06T10:42:24+00:00\",\"author\":{\"@id\":\"https:\/\/www.welovecycling.com\/sk\/#\/schema\/person\/8ee09ba39b7e25b1870160aa5b3a89bc\"},\"breadcrumb\":{\"@id\":\"https:\/\/www.welovecycling.com\/sk\/2018\/04\/25\/pohodova-bicyklovacka-svaty-jur\/#breadcrumb\"},\"inLanguage\":\"sk-SK\",\"potentialAction\":[{\"@type\":\"ReadAction\",\"target\":[\"https:\/\/www.welovecycling.com\/sk\/2018\/04\/25\/pohodova-bicyklovacka-svaty-jur\/\"]}]},{\"@type\":\"ImageObject\",\"inLanguage\":\"sk-SK\",\"@id\":\"https:\/\/www.welovecycling.com\/sk\/2018\/04\/25\/pohodova-bicyklovacka-svaty-jur\/#primaryimage\",\"url\":\"https:\/\/d2p6e6u75xmxt8.cloudfront.net\/4\/2018\/04\/1375x600_sjur1.webp\",\"contentUrl\":\"https:\/\/d2p6e6u75xmxt8.cloudfront.net\/4\/2018\/04\/1375x600_sjur1.webp\",\"width\":1375,\"height\":600},{\"@type\":\"BreadcrumbList\",\"@id\":\"https:\/\/www.welovecycling.com\/sk\/2018\/04\/25\/pohodova-bicyklovacka-svaty-jur\/#breadcrumb\",\"itemListElement\":[{\"@type\":\"ListItem\",\"position\":1,\"name\":\"Home\",\"item\":\"https:\/\/www.welovecycling.com\/sk\/\"},{\"@type\":\"ListItem\",\"position\":2,\"name\":\"Pohodov\u00e1 bicyklova\u010dka vo Sv\u00e4tom Jure\"}]},{\"@type\":\"WebSite\",\"@id\":\"https:\/\/www.welovecycling.com\/sk\/#website\",\"url\":\"https:\/\/www.welovecycling.com\/sk\/\",\"name\":\"\u0160koda We Love Cycling Slovensko\",\"description\":\"\u0160koda We Love Cycling Slovensko je v\u00e1\u0161 ka\u017edodenn\u00fd zdroj noviniek a in\u0161pir\u00e1cie z sveta cyklistiky\",\"potentialAction\":[{\"@type\":\"SearchAction\",\"target\":{\"@type\":\"EntryPoint\",\"urlTemplate\":\"https:\/\/www.welovecycling.com\/sk\/?s={search_term_string}\"},\"query-input\":{\"@type\":\"PropertyValueSpecification\",\"valueRequired\":true,\"valueName\":\"search_term_string\"}}],\"inLanguage\":\"sk-SK\"},{\"@type\":\"Person\",\"@id\":\"https:\/\/www.welovecycling.com\/sk\/#\/schema\/person\/8ee09ba39b7e25b1870160aa5b3a89bc\",\"name\":\"Ondrej Ga\u0161par\",\"image\":{\"@type\":\"ImageObject\",\"inLanguage\":\"sk-SK\",\"@id\":\"https:\/\/www.welovecycling.com\/sk\/#\/schema\/person\/image\/\",\"url\":\"https:\/\/secure.gravatar.com\/avatar\/6126c9afb87b70da5abbb083ddbb21933da15f18f8ca7cb822aba0fb096a48f6?s=96&d=mm&r=g\",\"contentUrl\":\"https:\/\/secure.gravatar.com\/avatar\/6126c9afb87b70da5abbb083ddbb21933da15f18f8ca7cb822aba0fb096a48f6?s=96&d=mm&r=g\",\"caption\":\"Ondrej Ga\u0161par\"},\"url\":\"https:\/\/www.welovecycling.com\/sk\/author\/ondrejgaspar\/\"}]}<\/script>\n<!-- \/ Yoast SEO Premium plugin. -->","yoast_head_json":{"title":"Pohodov\u00e1 bicyklova\u010dka vo Sv\u00e4tom Jure - \u0160koda We Love Cycling Slovensko","robots":{"index":"index","follow":"follow","max-snippet":"max-snippet:-1","max-image-preview":"max-image-preview:large","max-video-preview":"max-video-preview:-1"},"canonical":"https:\/\/www.welovecycling.com\/sk\/2018\/04\/25\/pohodova-bicyklovacka-svaty-jur\/","og_locale":"sk_SK","og_type":"article","og_title":"Pohodov\u00e1 bicyklova\u010dka vo Sv\u00e4tom Jure","og_description":"Na jar jazd\u00edm bu\u010f m\u00e1lo, alebo po overen\u00fdch cesti\u010dk\u00e1ch. Tento rok som v\u0161ak prist\u00fapil na to, \u017ee sa budem venova\u0165 [&hellip;]","og_url":"https:\/\/www.welovecycling.com\/sk\/2018\/04\/25\/pohodova-bicyklovacka-svaty-jur\/","og_site_name":"\u0160koda We Love Cycling Slovensko","article_published_time":"2018-04-25T12:59:28+00:00","article_modified_time":"2018-12-06T10:42:24+00:00","og_image":[{"width":1375,"height":600,"url":"https:\/\/d2p6e6u75xmxt8.cloudfront.net\/4\/2018\/04\/1375x600_sjur1.webp","type":"image\/webp"}],"author":"Ondrej Ga\u0161par","twitter_card":"summary_large_image","twitter_misc":{"Written by":"Juraj Lu\u010dan","Est. reading time":"7 minutes"},"schema":{"@context":"https:\/\/schema.org","@graph":[{"@type":"WebPage","@id":"https:\/\/www.welovecycling.com\/sk\/2018\/04\/25\/pohodova-bicyklovacka-svaty-jur\/","url":"https:\/\/www.welovecycling.com\/sk\/2018\/04\/25\/pohodova-bicyklovacka-svaty-jur\/","name":"Pohodov\u00e1 bicyklova\u010dka vo Sv\u00e4tom Jure - \u0160koda We Love Cycling Slovensko","isPartOf":{"@id":"https:\/\/www.welovecycling.com\/sk\/#website"},"primaryImageOfPage":{"@id":"https:\/\/www.welovecycling.com\/sk\/2018\/04\/25\/pohodova-bicyklovacka-svaty-jur\/#primaryimage"},"image":{"@id":"https:\/\/www.welovecycling.com\/sk\/2018\/04\/25\/pohodova-bicyklovacka-svaty-jur\/#primaryimage"},"thumbnailUrl":"https:\/\/d2p6e6u75xmxt8.cloudfront.net\/4\/2018\/04\/1375x600_sjur1.webp","datePublished":"2018-04-25T12:59:28+00:00","dateModified":"2018-12-06T10:42:24+00:00","author":{"@id":"https:\/\/www.welovecycling.com\/sk\/#\/schema\/person\/8ee09ba39b7e25b1870160aa5b3a89bc"},"breadcrumb":{"@id":"https:\/\/www.welovecycling.com\/sk\/2018\/04\/25\/pohodova-bicyklovacka-svaty-jur\/#breadcrumb"},"inLanguage":"sk-SK","potentialAction":[{"@type":"ReadAction","target":["https:\/\/www.welovecycling.com\/sk\/2018\/04\/25\/pohodova-bicyklovacka-svaty-jur\/"]}]},{"@type":"ImageObject","inLanguage":"sk-SK","@id":"https:\/\/www.welovecycling.com\/sk\/2018\/04\/25\/pohodova-bicyklovacka-svaty-jur\/#primaryimage","url":"https:\/\/d2p6e6u75xmxt8.cloudfront.net\/4\/2018\/04\/1375x600_sjur1.webp","contentUrl":"https:\/\/d2p6e6u75xmxt8.cloudfront.net\/4\/2018\/04\/1375x600_sjur1.webp","width":1375,"height":600},{"@type":"BreadcrumbList","@id":"https:\/\/www.welovecycling.com\/sk\/2018\/04\/25\/pohodova-bicyklovacka-svaty-jur\/#breadcrumb","itemListElement":[{"@type":"ListItem","position":1,"name":"Home","item":"https:\/\/www.welovecycling.com\/sk\/"},{"@type":"ListItem","position":2,"name":"Pohodov\u00e1 bicyklova\u010dka vo Sv\u00e4tom Jure"}]},{"@type":"WebSite","@id":"https:\/\/www.welovecycling.com\/sk\/#website","url":"https:\/\/www.welovecycling.com\/sk\/","name":"\u0160koda We Love Cycling Slovensko","description":"\u0160koda We Love Cycling Slovensko je v\u00e1\u0161 ka\u017edodenn\u00fd zdroj noviniek a in\u0161pir\u00e1cie z sveta cyklistiky","potentialAction":[{"@type":"SearchAction","target":{"@type":"EntryPoint","urlTemplate":"https:\/\/www.welovecycling.com\/sk\/?s={search_term_string}"},"query-input":{"@type":"PropertyValueSpecification","valueRequired":true,"valueName":"search_term_string"}}],"inLanguage":"sk-SK"},{"@type":"Person","@id":"https:\/\/www.welovecycling.com\/sk\/#\/schema\/person\/8ee09ba39b7e25b1870160aa5b3a89bc","name":"Ondrej Ga\u0161par","image":{"@type":"ImageObject","inLanguage":"sk-SK","@id":"https:\/\/www.welovecycling.com\/sk\/#\/schema\/person\/image\/","url":"https:\/\/secure.gravatar.com\/avatar\/6126c9afb87b70da5abbb083ddbb21933da15f18f8ca7cb822aba0fb096a48f6?s=96&d=mm&r=g","contentUrl":"https:\/\/secure.gravatar.com\/avatar\/6126c9afb87b70da5abbb083ddbb21933da15f18f8ca7cb822aba0fb096a48f6?s=96&d=mm&r=g","caption":"Ondrej Ga\u0161par"},"url":"https:\/\/www.welovecycling.com\/sk\/author\/ondrejgaspar\/"}]}},"_links":{"self":[{"href":"https:\/\/www.welovecycling.com\/sk\/wp-json\/wp\/v2\/posts\/3367","targetHints":{"allow":["GET"]}}],"collection":[{"href":"https:\/\/www.welovecycling.com\/sk\/wp-json\/wp\/v2\/posts"}],"about":[{"href":"https:\/\/www.welovecycling.com\/sk\/wp-json\/wp\/v2\/types\/post"}],"author":[{"embeddable":true,"href":"https:\/\/www.welovecycling.com\/sk\/wp-json\/wp\/v2\/users\/38"}],"replies":[{"embeddable":true,"href":"https:\/\/www.welovecycling.com\/sk\/wp-json\/wp\/v2\/comments?post=3367"}],"version-history":[{"count":2,"href":"https:\/\/www.welovecycling.com\/sk\/wp-json\/wp\/v2\/posts\/3367\/revisions"}],"predecessor-version":[{"id":3656,"href":"https:\/\/www.welovecycling.com\/sk\/wp-json\/wp\/v2\/posts\/3367\/revisions\/3656"}],"wp:featuredmedia":[{"embeddable":true,"href":"https:\/\/www.welovecycling.com\/sk\/wp-json\/wp\/v2\/media\/3410"}],"wp:attachment":[{"href":"https:\/\/www.welovecycling.com\/sk\/wp-json\/wp\/v2\/media?parent=3367"}],"wp:term":[{"taxonomy":"category","embeddable":true,"href":"https:\/\/www.welovecycling.com\/sk\/wp-json\/wp\/v2\/categories?post=3367"},{"taxonomy":"post_tag","embeddable":true,"href":"https:\/\/www.welovecycling.com\/sk\/wp-json\/wp\/v2\/tags?post=3367"},{"taxonomy":"global-categories","embeddable":true,"href":"https:\/\/www.welovecycling.com\/sk\/wp-json\/wp\/v2\/global-categories?post=3367"}],"curies":[{"name":"wp","href":"https:\/\/api.w.org\/{rel}","templated":true}]}}