{"id":3328,"date":"2018-04-18T21:33:27","date_gmt":"2018-04-18T19:33:27","guid":{"rendered":"https:\/\/www.welovecycling.com\/sk\/?p=3328"},"modified":"2018-04-18T23:42:34","modified_gmt":"2018-04-18T21:42:34","slug":"klasikarska-jar-petra-sagana","status":"publish","type":"post","link":"https:\/\/www.welovecycling.com\/sk\/2018\/04\/18\/klasikarska-jar-petra-sagana\/","title":{"rendered":"\u201eKlasik\u00e1rska\u201c jar Petra Sagana \u2013 \u0161otolina, kocky, s\u00faboje a druh\u00fd v\u00ed\u0165azn\u00fd monument"},"content":{"rendered":"<p><strong>Slovensk\u00fd jazdec korunoval svoju jarn\u00fa \u010das\u0165 sez\u00f3ny v\u00ed\u0165azstvom na Par\u00ed\u017e\u00a0<span class=\"st\">\u2013<\/span> Roubaix, no bolo toho ove\u013ea viac. Pozrime sa trochu podrobnej\u0161ie na jeho v\u00fdsledky v \u00favodnej \u010dasti sez\u00f3ny, ktor\u00e1 patr\u00ed medzi vrcholy cel\u00e9ho kalend\u00e1ra.<\/strong><!--more--><\/p>\n<p>Jarn\u00e9 obdobie maj\u00fa nad\u0161enci cyklistiky zrejme najrad\u0161ej, a to nielen z h\u013eadiska mo\u017enosti kone\u010dne odlo\u017ei\u0165 tepl\u00e9 zimn\u00e9 veci. \u00davod roka patr\u00ed tzv. jednor\u00e1zovk\u00e1m (klasik\u00e1m) a tie s\u00fa pre mnoh\u00fdch t\u00fdmi najlep\u0161\u00edmi podujatiami v celom kalend\u00e1ri. \u017diadne taktizovanie do \u010fal\u0161ieho d\u0148a ako na etap\u00e1koch, ka\u017ed\u00fd ide naplno a chce poda\u0165 \u010do najlep\u0161\u00ed v\u00fdsledok. Do toho sa pridaj\u00fa \u00fazke cesty, n\u00e1ro\u010dn\u00fd profil, kocky \u010di \u0161otolina a nad\u0161en\u00ed belgick\u00ed a talianski div\u00e1ci. Nehovoriac o dlhej trad\u00edcii t\u00fdchto pretekov (aj preto sa ozna\u010duj\u00fa ako klasiky) a patria medzi najsledovanej\u0161ie a najviac cenen\u00e9. Rovnako sem spad\u00e1 \u0161tvorica z piatich cyklistick\u00fdch monumentov (teda najsl\u00e1vnej\u0161\u00edch jednor\u00e1zoviek) ako <strong>Mil\u00e1no &#8211; San Remo, Okolo Fl\u00e1mska, Par\u00ed\u017e &#8211; Roubaix a Li\u00e8ge &#8211; Bastogne &#8211; Li\u00e8ge<\/strong>. Tie dop\u013a\u0148aj\u00fa r\u00f4zne men\u0161ie podujatia, kde sa rozhodne nikto ne\u0161etr\u00ed \u2013 najm\u00e4 nie v dne\u0161nej dobe, kedy sa cen\u00ed v podstate len v\u00ed\u0165azstvo a ka\u017ed\u00fd sa chce pred div\u00e1kmi a sponzormi uk\u00e1za\u0165. Ako si v tejto \u00favodnej \u010dasti sez\u00f3ny po\u010d\u00ednal n\u00e1\u0161 Peter Sagan?<\/p>\n<h2><strong>Strade Bianche, 3. marec<\/strong><\/h2>\n<p>Jednor\u00e1zovka v Tosk\u00e1nsku patr\u00ed medzi najmlad\u0161ie, no svoj\u00edm charakterom sa okam\u017eite zaradila medzi najpopul\u00e1rnej\u0161ie medzi div\u00e1kmi aj samotn\u00fdmi pretek\u00e1rmi. N\u00e1ro\u010dn\u00fd profil a hlavne mno\u017estvo \u00fasekov po \u0161otolinov\u00fdch cest\u00e1ch nebol tento rok ten najv\u00e4\u010d\u0161\u00ed probl\u00e9m. Bolo n\u00edm po\u010dasie, ktor\u00e9 sa postaralo o doslova epick\u00fd z\u00e1\u017eitok a premenilo \u0161otolinu na boj s bahnom. Peter Sagan nakoniec skon\u010dil \u00f4smy, no v cieli bolo \u0165a\u017eko odhadova\u0165, kto je vlastne kto&#8230;<\/p>\n<p>https:\/\/www.instagram.com\/p\/Bf3l8kBFN3t\/?taken-by=borahansgrohe<\/p>\n<lite-youtube videoid=VqX1T4Mh3ec params=\"enablejsapi=1\" style=\"background-image: url('https:\/\/i.ytimg.com\/vi_webp\/VqX1T4Mh3ec\/maxresdefault.webp');\"><\/lite-youtube>\n<h2><strong>Mil\u00e1no <\/strong><strong>\u2013 <\/strong><strong>San Remo, 17. marec<\/strong><\/h2>\n<p>Prv\u00fd z monumentov, ktor\u00fd z\u00e1rove\u0148 patr\u00ed medzi najdlh\u0161ie so svojou d\u013a\u017ekou tesne pod 300 km. Napriek tomu sa takmer v\u017edy rozhoduje v dvojici posledn\u00fdch st\u00fapan\u00ed Cipressa a Poggio. Pr\u00e1ve na kopci Poggio minul\u00fd rok Peter Sagan doslova roztrhal bal\u00edk, kedy sa ho udr\u017eali len Kwiatkowski a Alaphilippe. Ako to skon\u010dilo, si mo\u017eno e\u0161te pam\u00e4t\u00e1te a Sagan prehral o \u201egalusku\u201c. Tento rok v\u0161etk\u00fdch zasko\u010dil Nibali, ktor\u00e9mu dokonale vy\u0161iel \u00fanik a zvy\u0161ok pola nechal \u0161printova\u0165 len o zvy\u0161n\u00e9 miesta a Peter Sagan v \u0148om \u0161printoval na 6. mieste. Nezabudol ale pogratulova\u0165 Nibalimu, s ktor\u00fdm m\u00e1 ve\u013emi dobr\u00e9 vz\u0165ahy e\u0161te z fungovanie v t\u00edme Liquigas.<\/p>\n<p>https:\/\/www.instagram.com\/p\/Bgbv2UHDV7G\/?taken-by=petosagan<\/p>\n<h2><strong>E3 Harelbeke a Gent-Wevelgem, 23. a 25. marec<\/strong><\/h2>\n<p>Tieto jednor\u00e1zovky mnoh\u00ed ber\u00fa ako ide\u00e1lne miesto na doladenie, resp. test formy pred \u010fal\u0161\u00edm monumentom Okolo Fl\u00e1mska. Obe obsahuj\u00fa n\u00e1ro\u010dn\u00e9 \u00faseky po kock\u00e1ch a viacero kr\u00e1tkych a strm\u00fdch st\u00fapan\u00ed &#8211; v podstate tak, ako takmer v\u0161etky preteky v Belgicku. V prvej z nich sa Saganovi nedarilo a skon\u010dil v nej nakoniec na 26. mieste, no hne\u010f t\u00e1 \u010fal\u0161ia o 2 dni nesk\u00f4r bola dokonalou n\u00e1plas\u0165ou. V z\u00e1vere\u010dnom \u0161printe uk\u00e1zal jasne svoju v\u00fdkonnos\u0165 a s\u00faperov porazil doslova na v\u00fdkon, ke\u010f\u017ee sa za nik\u00fdm neschov\u00e1val a samotn\u00fd \u0161print za\u010dal pomerne \u010faleko pred cie\u013eovou p\u00e1skou.<\/p>\n<p>https:\/\/www.youtube.com\/watch?v=YmmXLM97ERI&#038;t=13s<\/p>\n<h2><strong>Okolo Fl\u00e1mska, 1. apr\u00edl<\/strong><\/h2>\n<p>Tento monument u\u017e Sagan vyhra\u0165 dok\u00e1zal, a to dokonca v d\u00fahovom drese v roku 2016. Op\u00e4\u0165 patril medzi hor\u00facich favoritov a op\u00e4\u0165 bol pri v\u0161etkom podstatnom. Proti bola sila najlep\u0161ieho t\u00edmu jarnej \u010dasti \u2013 Quick-Stepu &#8211; a ich jazdca Nikiho Terpstru. Jeho t\u00edm v\u00fdborne kontroloval priebeh a naozaj drviv\u00fd n\u00e1stup Terpstru cca 26 km pred cie\u013eom rozhodol. Sagan sa pok\u00fasil v z\u00e1vere\u010dnom strmom kopci Paterberg e\u0161te odrhn\u00fa\u0165 a Terpstru st\u00edha\u0165, no m\u00e1rne. Rovnako ch\u00fdbala v st\u00edhacej skupine dostato\u010dn\u00e1 spolupr\u00e1ca a svetov\u00fd \u0161ampi\u00f3n nakoniec skon\u010dil na 6. mieste.<\/p>\n<lite-youtube videoid=5EryZIoVTR8 params=\"enablejsapi=1\" style=\"background-image: url('https:\/\/i.ytimg.com\/vi_webp\/5EryZIoVTR8\/maxresdefault.webp');\"><\/lite-youtube>\n<h2><strong>Par\u00ed\u017e <\/strong><strong>\u2013<\/strong> <strong>Roubaix, 8. apr\u00edl<\/strong><\/h2>\n<p>Pred vrcholom celej jarnej \u010dasti a kr\u00e1\u013eovnou klas\u00edk sa na Sagana zniesla kritika, prameniaca najm\u00e4 z neochoty ostatn\u00fdch t\u00edmov bojova\u0165 proti presile t\u00edmu Quick-Step Floors. Nech\u00fdbala ani men\u0161ia medi\u00e1lna \u201ena\u0165ahova\u010dka\u201c, no v\u00fdkon Sagana na trati dal jednozna\u010dn\u00fa odpove\u010f. Ten nechal toti\u017e doslova prehovori\u0165 svoje nohy a zah\u00e1jil \u00fatok u\u017e 50 km pred cie\u013eom, \u010do s\u00faperov skuto\u010dne zasko\u010dilo. Dotiahol sa do ved\u00facej skupiny a pokra\u010doval \u010falej, dr\u017ea\u0165 sa ho dok\u00e1zal jedine Silvan Dillier. Ten navy\u0161e netaktizoval a spolo\u010dne po skuto\u010dne heroickom v\u00fdkone to dotiahli a\u017e na velodr\u00f3m.<\/p>\n<lite-youtube videoid=Va0e7BV6qEY params=\"enablejsapi=1\" style=\"background-image: url('https:\/\/i.ytimg.com\/vi_webp\/Va0e7BV6qEY\/maxresdefault.webp');\"><\/lite-youtube>\n<p>Na \u0148om Sagan uk\u00e1zal svoju r\u00fdchlos\u0165 a prip\u00edsal si v\u00ed\u0165azstvo na naj\u0165a\u017e\u0161\u00edch jednor\u00e1zov\u00fdch pretekoch, \u010d\u00edm sa zaradil medzi legendy. Navy\u0161e, v drese majstra sveta sa radoval po 37 rokoch, kedy sa nie\u010do podobn\u00e9 podarilo Bernardovi Hinaultovi.<\/p>\n<p>https:\/\/www.instagram.com\/p\/BhUY59FnpOP\/?taken-by=uci_cycling<\/p>\n<p>https:\/\/www.instagram.com\/p\/BhUWC7hDwTs\/?taken-by=petosagan<\/p>\n<h2><strong>Amstel Gold Race, 15. apr\u00edl<\/strong><\/h2>\n<p>Nakoniec sa Peter Sagan predstavil aj v pretekoch Amstel Gold Race, ktor\u00e9 otv\u00e1raj\u00fa tzv. ard\u00e9nske jednor\u00e1zovky. Tie u\u017e neobsahuj\u00fa n\u00e1ro\u010dn\u00e9 \u00faseky po kock\u00e1ch a maj\u00fa aj o nie\u010do kopcovitej\u0161\u00ed charakter \u2013 sedia teda o nie\u010do viac aj klasick\u00fdm vrch\u00e1rom. Tempo zost\u00e1va rovnako \u0161ialen\u00e9 a celkovo sa ide v podstate naplno od \u0161tartu. Sagan sa musel po\u010das pretekov vysporiada\u0165 s mno\u017estvom \u00fatokov, preto\u017ee nikto zo s\u00faperov si ho nechcel priviez\u0165 do \u201efin\u00e1le\u201c. Na \u00fanik Romana Kreuzigera a Michaela Valgrena (a nesk\u00f4r aj Enrica Gasparotta) u\u017e nezareagoval a napriek tomu\u00a0obsadil v\u00a0cieli v\u00fdborn\u00e9 4. miesto. Samotn\u00fd v\u00fdkon toti\u017e v tomto pr\u00edpade hovor\u00ed ove\u013ea viac, ako len v\u00fdsledok a Peter Sagan op\u00e4\u0165 ohromil. Dal jasne najavo, ak\u00e1 sila sa v \u0148om ukr\u00fdva a ma\u0165 o nie\u010do lep\u0161iu t\u00edmov\u00fa podporu v z\u00e1vere, zrejme by tomu bolo nakoniec inak. To s\u00fa v\u0161ak len \u0161pekul\u00e1cie, no podobne reagoval aj \u0161portov\u00fd riadite\u013e t\u00edmu BORA \u2013 hansgrohe vo svojom vyjadren\u00ed. Uvid\u00edme, ako tomu bude nabud\u00face&#8230;<\/p>\n<p>https:\/\/www.instagram.com\/p\/BhmaO1-DTVB\/?taken-by=petosagan<\/p>\n<p>K sum\u00e1ru jarn\u00fdch s\u00fa\u0165a\u017en\u00fdch aktiv\u00edt patr\u00ed aj \u00faspe\u0161n\u00e1 \u00fa\u010das\u0165 na etapov\u00fdch pretekoch Tirreno &#8211; Adriatico v Taliansku, kde v troch etap\u00e1ch fini\u0161oval na druhom mieste a v celkovom hodnoten\u00ed bodovacej s\u00fa\u0165a\u017ee obsadil taktie\u017e druh\u00fa prie\u010dku.<\/p>\n<p>T\u00fdm sa aj ukon\u010dila n\u00e1ro\u010dn\u00e1 jarn\u00e1 \u010das\u0165 sez\u00f3ny Petra Sagana, ktor\u00e9ho najbli\u017e\u0161ie uvid\u00edme v akcii <strong>13. &#8211; 19. m\u00e1ja\u00a0na etapov\u00fdch pretekoch\u00a0Okolo Kalifornie v USA<\/strong>. Tu sa mu v\u017edy dar\u00ed a patr\u00ed mu rekordn\u00fdch 16 etapov\u00fdch triumfov a raz sa mu podarilo dokonca zv\u00ed\u0165azi\u0165 aj celkovo. Nechajme sa teda prekvapi\u0165.<\/p>\n<p>(tituln\u00e1 fotka: FB UCI Cycling)<\/p>\n","protected":false},"excerpt":{"rendered":"<p>Slovensk\u00fd jazdec korunoval svoju jarn\u00fa \u010das\u0165 sez\u00f3ny v\u00ed\u0165azstvom na Par\u00ed\u017e\u00a0\u2013 Roubaix, no bolo toho ove\u013ea viac. Pozrime sa trochu podrobnej\u0161ie [&hellip;]<\/p>\n","protected":false},"author":38,"featured_media":3341,"comment_status":"open","ping_status":"open","sticky":false,"template":"","format":"standard","meta":{"footnotes":""},"categories":[4,127,63],"tags":[427,421,115,430,306,431,417,418,426,432,423,429,428,425,46,179,422,419,424],"global-categories":[],"class_list":["post-3328","post","type-post","status-publish","format-standard","has-post-thumbnail","hentry","category-cestna-cyklisitika","category-legendy","category-grand-tour","tag-amstel-gold-race","tag-belgicko","tag-cestna-cyklistika","tag-e3-harelbeke","tag-francuzsko","tag-gent-wevelgem","tag-jar","tag-jarne-klasiky","tag-kocky","tag-liege-bastogne-liege","tag-milano-san-remo","tag-okolo-flamska","tag-pariz-roubaix","tag-pave","tag-peter-sagan","tag-preteky","tag-strade-bianche","tag-taliansko","tag-tirreno-adriatico"],"yoast_head":"<!-- This site is optimized with the Yoast SEO Premium plugin v25.3 (Yoast SEO v25.9) - https:\/\/yoast.com\/wordpress\/plugins\/seo\/ -->\n<title>\u201eKlasik\u00e1rska\u201c jar Petra Sagana \u2013 \u0161otolina, kocky, s\u00faboje a druh\u00fd v\u00ed\u0165azn\u00fd monument - \u0160koda We Love Cycling Slovensko<\/title>\n<meta name=\"robots\" content=\"index, follow, max-snippet:-1, max-image-preview:large, max-video-preview:-1\" \/>\n<link rel=\"canonical\" href=\"https:\/\/www.welovecycling.com\/sk\/2018\/04\/18\/klasikarska-jar-petra-sagana\/\" \/>\n<meta property=\"og:locale\" content=\"sk_SK\" \/>\n<meta property=\"og:type\" content=\"article\" \/>\n<meta property=\"og:title\" content=\"\u201eKlasik\u00e1rska\u201c jar Petra Sagana \u2013 \u0161otolina, kocky, s\u00faboje a druh\u00fd v\u00ed\u0165azn\u00fd monument\" \/>\n<meta property=\"og:description\" content=\"Slovensk\u00fd jazdec korunoval svoju jarn\u00fa \u010das\u0165 sez\u00f3ny v\u00ed\u0165azstvom na Par\u00ed\u017e\u00a0\u2013 Roubaix, no bolo toho ove\u013ea viac. Pozrime sa trochu podrobnej\u0161ie [&hellip;]\" \/>\n<meta property=\"og:url\" content=\"https:\/\/www.welovecycling.com\/sk\/2018\/04\/18\/klasikarska-jar-petra-sagana\/\" \/>\n<meta property=\"og:site_name\" content=\"\u0160koda We Love Cycling Slovensko\" \/>\n<meta property=\"article:published_time\" content=\"2018-04-18T19:33:27+00:00\" \/>\n<meta property=\"article:modified_time\" content=\"2018-04-18T21:42:34+00:00\" \/>\n<meta property=\"og:image\" content=\"https:\/\/d2p6e6u75xmxt8.cloudfront.net\/4\/2018\/04\/02-1.webp\" \/>\n\t<meta property=\"og:image:width\" content=\"1375\" \/>\n\t<meta property=\"og:image:height\" content=\"600\" \/>\n\t<meta property=\"og:image:type\" content=\"image\/webp\" \/>\n<meta name=\"author\" content=\"Ondrej Ga\u0161par\" \/>\n<meta name=\"twitter:card\" content=\"summary_large_image\" \/>\n<meta name=\"twitter:label1\" content=\"Written by\" \/>\n\t<meta name=\"twitter:data1\" content=\"We Love Cycling\" \/>\n\t<meta name=\"twitter:label2\" content=\"Est. reading time\" \/>\n\t<meta name=\"twitter:data2\" content=\"6 minutes\" \/>\n<script type=\"application\/ld+json\" class=\"yoast-schema-graph\">{\"@context\":\"https:\/\/schema.org\",\"@graph\":[{\"@type\":\"WebPage\",\"@id\":\"https:\/\/www.welovecycling.com\/sk\/2018\/04\/18\/klasikarska-jar-petra-sagana\/\",\"url\":\"https:\/\/www.welovecycling.com\/sk\/2018\/04\/18\/klasikarska-jar-petra-sagana\/\",\"name\":\"\u201eKlasik\u00e1rska\u201c jar Petra Sagana \u2013 \u0161otolina, kocky, s\u00faboje a druh\u00fd v\u00ed\u0165azn\u00fd monument - \u0160koda We Love Cycling Slovensko\",\"isPartOf\":{\"@id\":\"https:\/\/www.welovecycling.com\/sk\/#website\"},\"primaryImageOfPage\":{\"@id\":\"https:\/\/www.welovecycling.com\/sk\/2018\/04\/18\/klasikarska-jar-petra-sagana\/#primaryimage\"},\"image\":{\"@id\":\"https:\/\/www.welovecycling.com\/sk\/2018\/04\/18\/klasikarska-jar-petra-sagana\/#primaryimage\"},\"thumbnailUrl\":\"https:\/\/d2p6e6u75xmxt8.cloudfront.net\/4\/2018\/04\/02-1.webp\",\"datePublished\":\"2018-04-18T19:33:27+00:00\",\"dateModified\":\"2018-04-18T21:42:34+00:00\",\"author\":{\"@id\":\"https:\/\/www.welovecycling.com\/sk\/#\/schema\/person\/8ee09ba39b7e25b1870160aa5b3a89bc\"},\"breadcrumb\":{\"@id\":\"https:\/\/www.welovecycling.com\/sk\/2018\/04\/18\/klasikarska-jar-petra-sagana\/#breadcrumb\"},\"inLanguage\":\"sk-SK\",\"potentialAction\":[{\"@type\":\"ReadAction\",\"target\":[\"https:\/\/www.welovecycling.com\/sk\/2018\/04\/18\/klasikarska-jar-petra-sagana\/\"]}]},{\"@type\":\"ImageObject\",\"inLanguage\":\"sk-SK\",\"@id\":\"https:\/\/www.welovecycling.com\/sk\/2018\/04\/18\/klasikarska-jar-petra-sagana\/#primaryimage\",\"url\":\"https:\/\/d2p6e6u75xmxt8.cloudfront.net\/4\/2018\/04\/02-1.webp\",\"contentUrl\":\"https:\/\/d2p6e6u75xmxt8.cloudfront.net\/4\/2018\/04\/02-1.webp\",\"width\":1375,\"height\":600},{\"@type\":\"BreadcrumbList\",\"@id\":\"https:\/\/www.welovecycling.com\/sk\/2018\/04\/18\/klasikarska-jar-petra-sagana\/#breadcrumb\",\"itemListElement\":[{\"@type\":\"ListItem\",\"position\":1,\"name\":\"Home\",\"item\":\"https:\/\/www.welovecycling.com\/sk\/\"},{\"@type\":\"ListItem\",\"position\":2,\"name\":\"\u201eKlasik\u00e1rska\u201c jar Petra Sagana \u2013 \u0161otolina, kocky, s\u00faboje a druh\u00fd v\u00ed\u0165azn\u00fd monument\"}]},{\"@type\":\"WebSite\",\"@id\":\"https:\/\/www.welovecycling.com\/sk\/#website\",\"url\":\"https:\/\/www.welovecycling.com\/sk\/\",\"name\":\"\u0160koda We Love Cycling Slovensko\",\"description\":\"\u0160koda We Love Cycling Slovensko je v\u00e1\u0161 ka\u017edodenn\u00fd zdroj noviniek a in\u0161pir\u00e1cie z sveta cyklistiky\",\"potentialAction\":[{\"@type\":\"SearchAction\",\"target\":{\"@type\":\"EntryPoint\",\"urlTemplate\":\"https:\/\/www.welovecycling.com\/sk\/?s={search_term_string}\"},\"query-input\":{\"@type\":\"PropertyValueSpecification\",\"valueRequired\":true,\"valueName\":\"search_term_string\"}}],\"inLanguage\":\"sk-SK\"},{\"@type\":\"Person\",\"@id\":\"https:\/\/www.welovecycling.com\/sk\/#\/schema\/person\/8ee09ba39b7e25b1870160aa5b3a89bc\",\"name\":\"Ondrej Ga\u0161par\",\"image\":{\"@type\":\"ImageObject\",\"inLanguage\":\"sk-SK\",\"@id\":\"https:\/\/www.welovecycling.com\/sk\/#\/schema\/person\/image\/\",\"url\":\"https:\/\/secure.gravatar.com\/avatar\/6126c9afb87b70da5abbb083ddbb21933da15f18f8ca7cb822aba0fb096a48f6?s=96&d=mm&r=g\",\"contentUrl\":\"https:\/\/secure.gravatar.com\/avatar\/6126c9afb87b70da5abbb083ddbb21933da15f18f8ca7cb822aba0fb096a48f6?s=96&d=mm&r=g\",\"caption\":\"Ondrej Ga\u0161par\"},\"url\":\"https:\/\/www.welovecycling.com\/sk\/author\/ondrejgaspar\/\"}]}<\/script>\n<!-- \/ Yoast SEO Premium plugin. -->","yoast_head_json":{"title":"\u201eKlasik\u00e1rska\u201c jar Petra Sagana \u2013 \u0161otolina, kocky, s\u00faboje a druh\u00fd v\u00ed\u0165azn\u00fd monument - \u0160koda We Love Cycling Slovensko","robots":{"index":"index","follow":"follow","max-snippet":"max-snippet:-1","max-image-preview":"max-image-preview:large","max-video-preview":"max-video-preview:-1"},"canonical":"https:\/\/www.welovecycling.com\/sk\/2018\/04\/18\/klasikarska-jar-petra-sagana\/","og_locale":"sk_SK","og_type":"article","og_title":"\u201eKlasik\u00e1rska\u201c jar Petra Sagana \u2013 \u0161otolina, kocky, s\u00faboje a druh\u00fd v\u00ed\u0165azn\u00fd monument","og_description":"Slovensk\u00fd jazdec korunoval svoju jarn\u00fa \u010das\u0165 sez\u00f3ny v\u00ed\u0165azstvom na Par\u00ed\u017e\u00a0\u2013 Roubaix, no bolo toho ove\u013ea viac. Pozrime sa trochu podrobnej\u0161ie [&hellip;]","og_url":"https:\/\/www.welovecycling.com\/sk\/2018\/04\/18\/klasikarska-jar-petra-sagana\/","og_site_name":"\u0160koda We Love Cycling Slovensko","article_published_time":"2018-04-18T19:33:27+00:00","article_modified_time":"2018-04-18T21:42:34+00:00","og_image":[{"width":1375,"height":600,"url":"https:\/\/d2p6e6u75xmxt8.cloudfront.net\/4\/2018\/04\/02-1.webp","type":"image\/webp"}],"author":"Ondrej Ga\u0161par","twitter_card":"summary_large_image","twitter_misc":{"Written by":"We Love Cycling","Est. reading time":"6 minutes"},"schema":{"@context":"https:\/\/schema.org","@graph":[{"@type":"WebPage","@id":"https:\/\/www.welovecycling.com\/sk\/2018\/04\/18\/klasikarska-jar-petra-sagana\/","url":"https:\/\/www.welovecycling.com\/sk\/2018\/04\/18\/klasikarska-jar-petra-sagana\/","name":"\u201eKlasik\u00e1rska\u201c jar Petra Sagana \u2013 \u0161otolina, kocky, s\u00faboje a druh\u00fd v\u00ed\u0165azn\u00fd monument - \u0160koda We Love Cycling Slovensko","isPartOf":{"@id":"https:\/\/www.welovecycling.com\/sk\/#website"},"primaryImageOfPage":{"@id":"https:\/\/www.welovecycling.com\/sk\/2018\/04\/18\/klasikarska-jar-petra-sagana\/#primaryimage"},"image":{"@id":"https:\/\/www.welovecycling.com\/sk\/2018\/04\/18\/klasikarska-jar-petra-sagana\/#primaryimage"},"thumbnailUrl":"https:\/\/d2p6e6u75xmxt8.cloudfront.net\/4\/2018\/04\/02-1.webp","datePublished":"2018-04-18T19:33:27+00:00","dateModified":"2018-04-18T21:42:34+00:00","author":{"@id":"https:\/\/www.welovecycling.com\/sk\/#\/schema\/person\/8ee09ba39b7e25b1870160aa5b3a89bc"},"breadcrumb":{"@id":"https:\/\/www.welovecycling.com\/sk\/2018\/04\/18\/klasikarska-jar-petra-sagana\/#breadcrumb"},"inLanguage":"sk-SK","potentialAction":[{"@type":"ReadAction","target":["https:\/\/www.welovecycling.com\/sk\/2018\/04\/18\/klasikarska-jar-petra-sagana\/"]}]},{"@type":"ImageObject","inLanguage":"sk-SK","@id":"https:\/\/www.welovecycling.com\/sk\/2018\/04\/18\/klasikarska-jar-petra-sagana\/#primaryimage","url":"https:\/\/d2p6e6u75xmxt8.cloudfront.net\/4\/2018\/04\/02-1.webp","contentUrl":"https:\/\/d2p6e6u75xmxt8.cloudfront.net\/4\/2018\/04\/02-1.webp","width":1375,"height":600},{"@type":"BreadcrumbList","@id":"https:\/\/www.welovecycling.com\/sk\/2018\/04\/18\/klasikarska-jar-petra-sagana\/#breadcrumb","itemListElement":[{"@type":"ListItem","position":1,"name":"Home","item":"https:\/\/www.welovecycling.com\/sk\/"},{"@type":"ListItem","position":2,"name":"\u201eKlasik\u00e1rska\u201c jar Petra Sagana \u2013 \u0161otolina, kocky, s\u00faboje a druh\u00fd v\u00ed\u0165azn\u00fd monument"}]},{"@type":"WebSite","@id":"https:\/\/www.welovecycling.com\/sk\/#website","url":"https:\/\/www.welovecycling.com\/sk\/","name":"\u0160koda We Love Cycling Slovensko","description":"\u0160koda We Love Cycling Slovensko je v\u00e1\u0161 ka\u017edodenn\u00fd zdroj noviniek a in\u0161pir\u00e1cie z sveta cyklistiky","potentialAction":[{"@type":"SearchAction","target":{"@type":"EntryPoint","urlTemplate":"https:\/\/www.welovecycling.com\/sk\/?s={search_term_string}"},"query-input":{"@type":"PropertyValueSpecification","valueRequired":true,"valueName":"search_term_string"}}],"inLanguage":"sk-SK"},{"@type":"Person","@id":"https:\/\/www.welovecycling.com\/sk\/#\/schema\/person\/8ee09ba39b7e25b1870160aa5b3a89bc","name":"Ondrej Ga\u0161par","image":{"@type":"ImageObject","inLanguage":"sk-SK","@id":"https:\/\/www.welovecycling.com\/sk\/#\/schema\/person\/image\/","url":"https:\/\/secure.gravatar.com\/avatar\/6126c9afb87b70da5abbb083ddbb21933da15f18f8ca7cb822aba0fb096a48f6?s=96&d=mm&r=g","contentUrl":"https:\/\/secure.gravatar.com\/avatar\/6126c9afb87b70da5abbb083ddbb21933da15f18f8ca7cb822aba0fb096a48f6?s=96&d=mm&r=g","caption":"Ondrej Ga\u0161par"},"url":"https:\/\/www.welovecycling.com\/sk\/author\/ondrejgaspar\/"}]}},"_links":{"self":[{"href":"https:\/\/www.welovecycling.com\/sk\/wp-json\/wp\/v2\/posts\/3328","targetHints":{"allow":["GET"]}}],"collection":[{"href":"https:\/\/www.welovecycling.com\/sk\/wp-json\/wp\/v2\/posts"}],"about":[{"href":"https:\/\/www.welovecycling.com\/sk\/wp-json\/wp\/v2\/types\/post"}],"author":[{"embeddable":true,"href":"https:\/\/www.welovecycling.com\/sk\/wp-json\/wp\/v2\/users\/38"}],"replies":[{"embeddable":true,"href":"https:\/\/www.welovecycling.com\/sk\/wp-json\/wp\/v2\/comments?post=3328"}],"version-history":[{"count":2,"href":"https:\/\/www.welovecycling.com\/sk\/wp-json\/wp\/v2\/posts\/3328\/revisions"}],"predecessor-version":[{"id":3350,"href":"https:\/\/www.welovecycling.com\/sk\/wp-json\/wp\/v2\/posts\/3328\/revisions\/3350"}],"wp:featuredmedia":[{"embeddable":true,"href":"https:\/\/www.welovecycling.com\/sk\/wp-json\/wp\/v2\/media\/3341"}],"wp:attachment":[{"href":"https:\/\/www.welovecycling.com\/sk\/wp-json\/wp\/v2\/media?parent=3328"}],"wp:term":[{"taxonomy":"category","embeddable":true,"href":"https:\/\/www.welovecycling.com\/sk\/wp-json\/wp\/v2\/categories?post=3328"},{"taxonomy":"post_tag","embeddable":true,"href":"https:\/\/www.welovecycling.com\/sk\/wp-json\/wp\/v2\/tags?post=3328"},{"taxonomy":"global-categories","embeddable":true,"href":"https:\/\/www.welovecycling.com\/sk\/wp-json\/wp\/v2\/global-categories?post=3328"}],"curies":[{"name":"wp","href":"https:\/\/api.w.org\/{rel}","templated":true}]}}