{"id":3287,"date":"2018-04-10T13:44:40","date_gmt":"2018-04-10T11:44:40","guid":{"rendered":"https:\/\/www.welovecycling.com\/sk\/?p=3287"},"modified":"2018-04-11T14:49:25","modified_gmt":"2018-04-11T12:49:25","slug":"pripravit-bicykel-jar","status":"publish","type":"post","link":"https:\/\/www.welovecycling.com\/sk\/2018\/04\/10\/pripravit-bicykel-jar\/","title":{"rendered":"Ako si pripravi\u0165 bicykel na jar?"},"content":{"rendered":"<p><strong>Teploty pomali\u010dky st\u00fapaj\u00fa, a teda nastal aj ten spr\u00e1vny \u010das, op\u00e4\u0165 vysadn\u00fa\u0165 na bike. Pre t\u00fdch, ktor\u00ed jazdia aj v zime to vo v\u00e4\u010d\u0161ine pr\u00edpadov znamen\u00e1 odlo\u017ei\u0165 \u201ezim\u00e1k\u201c a vytiahnu\u0165 bicykel, na ktorom bud\u00fa jazdi\u0165 cel\u00fa hlavn\u00fa sez\u00f3nu. Na \u010do by sa pritom nemalo zabudn\u00fa\u0165?<\/strong><!--more--><\/p>\n<h2><strong>Tlak v pl\u00e1\u0161\u0165och<\/strong><\/h2>\n<p>Pokia\u013e si v zime neusklad\u0148ujete bicykel zavesen\u00fd na stene alebo v stojane, teda zost\u00e1va na podlahe, mali by ste udr\u017eiava\u0165 koles\u00e1 dostato\u010dne naf\u00fakan\u00e9, aby ste predi\u0161li z\u00e1\u0165a\u017ei du\u0161\u00ed pod tlakom hmotnosti bicykla. Aj tie naj\u013eah\u0161ie r\u00e1my v\u00e1\u017eia nieko\u013eko kilogramov a m\u00f4\u017eu tak oslabi\u0165 du\u0161u alebo vn\u00fatorn\u00e9 steny pl\u00e1\u0161\u0165ov.<\/p>\n<p>Pl\u00e1\u0161\u0165 a du\u0161u na oboch koles\u00e1ch je potrebn\u00e9 d\u00f4kladne skontrolova\u0165, preto\u017ee sta\u010d\u00ed, ak ste pred zimou prehliadli aj mal\u00e9 po\u0161kodenie. To by mohlo postupne sp\u00f4sobi\u0165 zbyto\u010dn\u00e9 \u0161kody. Ak si chcete by\u0165 \u00faplne ist\u00ed, ide\u00e1lne je ich jednoducho vymeni\u0165 za nov\u00e9.<\/p>\n<h2><strong>Centrovanie kolies<\/strong><\/h2>\n<p>Stojany na centrovanie kolies nie s\u00fa s\u00edce lacn\u00e9, ale pri najazden\u00ed nieko\u013eko tis\u00edc kilometrov za sez\u00f3nu sa t\u00e1to invest\u00edcia ve\u013emi r\u00fdchlo vr\u00e1ti. Ovl\u00e1da\u0165 z\u00e1kladn\u00e9 zru\u010dnosti, ako si s kolesom poradi\u0165 aj bez neho, sa v\u00e1m m\u00f4\u017ee rozhodne hodi\u0165 v nejednej situ\u00e1cii.<\/p>\n<lite-youtube videoid=MFQScnI3mbE params=\"enablejsapi=1\" style=\"background-image: url('https:\/\/i.ytimg.com\/vi_webp\/MFQScnI3mbE\/maxresdefault.webp');\"><\/lite-youtube>\n<h2><strong>\u010cistota r\u00e1mu a re\u0165aze<\/strong><\/h2>\n<p>Ak vych\u00e1dzame z predpokladu, \u017ee ste svoju dvojkolesov\u00fa \u201e\u017eivotn\u00fa l\u00e1sku\u201c pred zimnou prest\u00e1vkou d\u00f4kladne o\u010distili, v\u0161etko, \u010do sta\u010d\u00ed spravi\u0165, je len o\u010disti\u0165 r\u00e1m od prachu. Osobitn\u00fa pozornos\u0165 venujte servisu re\u0165aze, preto\u017ee najjednoduch\u0161\u00ed a z\u00e1rove\u0148 najlacnej\u0161\u00ed sp\u00f4sob, ako zlep\u0161i\u0165 chod v\u00e1\u0161ho bicykla, je kvalitne a dostato\u010dne maza\u0165. V nasleduj\u00facom videu si m\u00f4\u017eete pozrie\u0165 z\u00e1kladn\u00e9 typy, \u010do je a \u010do naopak nie je vhodn\u00e9 takto o\u0161etri\u0165.<\/p>\n<lite-youtube videoid=wYkIsgC_eTo params=\"enablejsapi=1\" style=\"background-image: url('https:\/\/i.ytimg.com\/vi_webp\/wYkIsgC_eTo\/maxresdefault.webp');\"><\/lite-youtube>\n<h2><strong>R\u00e1fiky a brzdy<\/strong><\/h2>\n<p>Mnoh\u00ed z v\u00e1s skladuj\u00fa bicykle v gar\u00e1\u017ei, pr\u00edpadne v priestoroch dom\u00e1cich dieln\u00ed, kde sa pracuje s r\u00f4znymi zariadeniami a mastn\u00fdmi prostriedkami. Nespoliehajte sa len na svoju poriadkumilovnos\u0165, najm\u00e4 pokia\u013e maj\u00fa do t\u00fdchto priestorov pr\u00edstup aj va\u0161i rodinn\u00ed pr\u00edslu\u0161n\u00edci. Po zime d\u00f4kladne umyte r\u00e1fiky obidvoch kolies, aby ste odstr\u00e1nili pr\u00edpadn\u00fa mastnotu, ktor\u00e1 by mohla negat\u00edvne ovplyvni\u0165 brzdenie. Uistite sa, \u017ee va\u0161e brzdov\u00e9 do\u0161ti\u010dky nie s\u00fa opotrebovan\u00e9 a neobsahuj\u00fa piesok.<\/p>\n<lite-youtube videoid=WXO5XrXFu4M params=\"enablejsapi=1\" style=\"background-image: url('https:\/\/i.ytimg.com\/vi_webp\/WXO5XrXFu4M\/maxresdefault.webp');\"><\/lite-youtube>\n<p>Tak a teraz v\u00e1m u\u017e ni\u010d nebr\u00e1ni v tom, aby ste mohli vyrazi\u0165 za z\u00e1\u017eitkami. U\u017eite si to!<\/p>\n","protected":false},"excerpt":{"rendered":"<p>Teploty pomali\u010dky st\u00fapaj\u00fa, a teda nastal aj ten spr\u00e1vny \u010das, op\u00e4\u0165 vysadn\u00fa\u0165 na bike. Pre t\u00fdch, ktor\u00ed jazdia aj v [&hellip;]<\/p>\n","protected":false},"author":38,"featured_media":3288,"comment_status":"open","ping_status":"open","sticky":false,"template":"","format":"standard","meta":{"footnotes":""},"categories":[57,4,3,191,352],"tags":[415,414,413,195,193],"global-categories":[],"class_list":["post-3287","post","type-post","status-publish","format-standard","has-post-thumbnail","hentry","category-bezpecnost","category-cestna-cyklisitika","category-mtb","category-odporucame","category-udrzba","tag-brzdy","tag-centrovanie-kolies","tag-jarna-udrzba","tag-mazanie-retaze","tag-tlak-v-plastoch"],"yoast_head":"<!-- This site is optimized with the Yoast SEO Premium plugin v25.3 (Yoast SEO v25.9) - https:\/\/yoast.com\/wordpress\/plugins\/seo\/ -->\n<title>Ako si pripravi\u0165 bicykel na jar? - \u0160koda We Love Cycling Slovensko<\/title>\n<meta name=\"robots\" content=\"index, follow, max-snippet:-1, max-image-preview:large, max-video-preview:-1\" \/>\n<link rel=\"canonical\" href=\"https:\/\/www.welovecycling.com\/sk\/2018\/04\/10\/pripravit-bicykel-jar\/\" \/>\n<meta property=\"og:locale\" content=\"sk_SK\" \/>\n<meta property=\"og:type\" content=\"article\" \/>\n<meta property=\"og:title\" content=\"Ako si pripravi\u0165 bicykel na jar?\" \/>\n<meta property=\"og:description\" content=\"Teploty pomali\u010dky st\u00fapaj\u00fa, a teda nastal aj ten spr\u00e1vny \u010das, op\u00e4\u0165 vysadn\u00fa\u0165 na bike. Pre t\u00fdch, ktor\u00ed jazdia aj v [&hellip;]\" \/>\n<meta property=\"og:url\" content=\"https:\/\/www.welovecycling.com\/sk\/2018\/04\/10\/pripravit-bicykel-jar\/\" \/>\n<meta property=\"og:site_name\" content=\"\u0160koda We Love Cycling Slovensko\" \/>\n<meta property=\"article:published_time\" content=\"2018-04-10T11:44:40+00:00\" \/>\n<meta property=\"article:modified_time\" content=\"2018-04-11T12:49:25+00:00\" \/>\n<meta property=\"og:image\" content=\"https:\/\/d2p6e6u75xmxt8.cloudfront.net\/4\/2018\/04\/profimedia-0340079590-1.webp\" \/>\n\t<meta property=\"og:image:width\" content=\"1366\" \/>\n\t<meta property=\"og:image:height\" content=\"600\" \/>\n\t<meta property=\"og:image:type\" content=\"image\/webp\" \/>\n<meta name=\"author\" content=\"Ondrej Ga\u0161par\" \/>\n<meta name=\"twitter:card\" content=\"summary_large_image\" \/>\n<meta name=\"twitter:label1\" content=\"Written by\" \/>\n\t<meta name=\"twitter:data1\" content=\"Christopher Ashley\" \/>\n\t<meta name=\"twitter:label2\" content=\"Est. reading time\" \/>\n\t<meta name=\"twitter:data2\" content=\"2 minutes\" \/>\n<script type=\"application\/ld+json\" class=\"yoast-schema-graph\">{\"@context\":\"https:\/\/schema.org\",\"@graph\":[{\"@type\":\"WebPage\",\"@id\":\"https:\/\/www.welovecycling.com\/sk\/2018\/04\/10\/pripravit-bicykel-jar\/\",\"url\":\"https:\/\/www.welovecycling.com\/sk\/2018\/04\/10\/pripravit-bicykel-jar\/\",\"name\":\"Ako si pripravi\u0165 bicykel na jar? - \u0160koda We Love Cycling Slovensko\",\"isPartOf\":{\"@id\":\"https:\/\/www.welovecycling.com\/sk\/#website\"},\"primaryImageOfPage\":{\"@id\":\"https:\/\/www.welovecycling.com\/sk\/2018\/04\/10\/pripravit-bicykel-jar\/#primaryimage\"},\"image\":{\"@id\":\"https:\/\/www.welovecycling.com\/sk\/2018\/04\/10\/pripravit-bicykel-jar\/#primaryimage\"},\"thumbnailUrl\":\"https:\/\/d2p6e6u75xmxt8.cloudfront.net\/4\/2018\/04\/profimedia-0340079590-1.webp\",\"datePublished\":\"2018-04-10T11:44:40+00:00\",\"dateModified\":\"2018-04-11T12:49:25+00:00\",\"author\":{\"@id\":\"https:\/\/www.welovecycling.com\/sk\/#\/schema\/person\/8ee09ba39b7e25b1870160aa5b3a89bc\"},\"breadcrumb\":{\"@id\":\"https:\/\/www.welovecycling.com\/sk\/2018\/04\/10\/pripravit-bicykel-jar\/#breadcrumb\"},\"inLanguage\":\"sk-SK\",\"potentialAction\":[{\"@type\":\"ReadAction\",\"target\":[\"https:\/\/www.welovecycling.com\/sk\/2018\/04\/10\/pripravit-bicykel-jar\/\"]}]},{\"@type\":\"ImageObject\",\"inLanguage\":\"sk-SK\",\"@id\":\"https:\/\/www.welovecycling.com\/sk\/2018\/04\/10\/pripravit-bicykel-jar\/#primaryimage\",\"url\":\"https:\/\/d2p6e6u75xmxt8.cloudfront.net\/4\/2018\/04\/profimedia-0340079590-1.webp\",\"contentUrl\":\"https:\/\/d2p6e6u75xmxt8.cloudfront.net\/4\/2018\/04\/profimedia-0340079590-1.webp\",\"width\":1366,\"height\":600},{\"@type\":\"BreadcrumbList\",\"@id\":\"https:\/\/www.welovecycling.com\/sk\/2018\/04\/10\/pripravit-bicykel-jar\/#breadcrumb\",\"itemListElement\":[{\"@type\":\"ListItem\",\"position\":1,\"name\":\"Home\",\"item\":\"https:\/\/www.welovecycling.com\/sk\/\"},{\"@type\":\"ListItem\",\"position\":2,\"name\":\"Ako si pripravi\u0165 bicykel na jar?\"}]},{\"@type\":\"WebSite\",\"@id\":\"https:\/\/www.welovecycling.com\/sk\/#website\",\"url\":\"https:\/\/www.welovecycling.com\/sk\/\",\"name\":\"\u0160koda We Love Cycling Slovensko\",\"description\":\"\u0160koda We Love Cycling Slovensko je v\u00e1\u0161 ka\u017edodenn\u00fd zdroj noviniek a in\u0161pir\u00e1cie z sveta cyklistiky\",\"potentialAction\":[{\"@type\":\"SearchAction\",\"target\":{\"@type\":\"EntryPoint\",\"urlTemplate\":\"https:\/\/www.welovecycling.com\/sk\/?s={search_term_string}\"},\"query-input\":{\"@type\":\"PropertyValueSpecification\",\"valueRequired\":true,\"valueName\":\"search_term_string\"}}],\"inLanguage\":\"sk-SK\"},{\"@type\":\"Person\",\"@id\":\"https:\/\/www.welovecycling.com\/sk\/#\/schema\/person\/8ee09ba39b7e25b1870160aa5b3a89bc\",\"name\":\"Ondrej Ga\u0161par\",\"image\":{\"@type\":\"ImageObject\",\"inLanguage\":\"sk-SK\",\"@id\":\"https:\/\/www.welovecycling.com\/sk\/#\/schema\/person\/image\/\",\"url\":\"https:\/\/secure.gravatar.com\/avatar\/6126c9afb87b70da5abbb083ddbb21933da15f18f8ca7cb822aba0fb096a48f6?s=96&d=mm&r=g\",\"contentUrl\":\"https:\/\/secure.gravatar.com\/avatar\/6126c9afb87b70da5abbb083ddbb21933da15f18f8ca7cb822aba0fb096a48f6?s=96&d=mm&r=g\",\"caption\":\"Ondrej Ga\u0161par\"},\"url\":\"https:\/\/www.welovecycling.com\/sk\/author\/ondrejgaspar\/\"}]}<\/script>\n<!-- \/ Yoast SEO Premium plugin. -->","yoast_head_json":{"title":"Ako si pripravi\u0165 bicykel na jar? - \u0160koda We Love Cycling Slovensko","robots":{"index":"index","follow":"follow","max-snippet":"max-snippet:-1","max-image-preview":"max-image-preview:large","max-video-preview":"max-video-preview:-1"},"canonical":"https:\/\/www.welovecycling.com\/sk\/2018\/04\/10\/pripravit-bicykel-jar\/","og_locale":"sk_SK","og_type":"article","og_title":"Ako si pripravi\u0165 bicykel na jar?","og_description":"Teploty pomali\u010dky st\u00fapaj\u00fa, a teda nastal aj ten spr\u00e1vny \u010das, op\u00e4\u0165 vysadn\u00fa\u0165 na bike. Pre t\u00fdch, ktor\u00ed jazdia aj v [&hellip;]","og_url":"https:\/\/www.welovecycling.com\/sk\/2018\/04\/10\/pripravit-bicykel-jar\/","og_site_name":"\u0160koda We Love Cycling Slovensko","article_published_time":"2018-04-10T11:44:40+00:00","article_modified_time":"2018-04-11T12:49:25+00:00","og_image":[{"width":1366,"height":600,"url":"https:\/\/d2p6e6u75xmxt8.cloudfront.net\/4\/2018\/04\/profimedia-0340079590-1.webp","type":"image\/webp"}],"author":"Ondrej Ga\u0161par","twitter_card":"summary_large_image","twitter_misc":{"Written by":"Christopher Ashley","Est. reading time":"2 minutes"},"schema":{"@context":"https:\/\/schema.org","@graph":[{"@type":"WebPage","@id":"https:\/\/www.welovecycling.com\/sk\/2018\/04\/10\/pripravit-bicykel-jar\/","url":"https:\/\/www.welovecycling.com\/sk\/2018\/04\/10\/pripravit-bicykel-jar\/","name":"Ako si pripravi\u0165 bicykel na jar? - \u0160koda We Love Cycling Slovensko","isPartOf":{"@id":"https:\/\/www.welovecycling.com\/sk\/#website"},"primaryImageOfPage":{"@id":"https:\/\/www.welovecycling.com\/sk\/2018\/04\/10\/pripravit-bicykel-jar\/#primaryimage"},"image":{"@id":"https:\/\/www.welovecycling.com\/sk\/2018\/04\/10\/pripravit-bicykel-jar\/#primaryimage"},"thumbnailUrl":"https:\/\/d2p6e6u75xmxt8.cloudfront.net\/4\/2018\/04\/profimedia-0340079590-1.webp","datePublished":"2018-04-10T11:44:40+00:00","dateModified":"2018-04-11T12:49:25+00:00","author":{"@id":"https:\/\/www.welovecycling.com\/sk\/#\/schema\/person\/8ee09ba39b7e25b1870160aa5b3a89bc"},"breadcrumb":{"@id":"https:\/\/www.welovecycling.com\/sk\/2018\/04\/10\/pripravit-bicykel-jar\/#breadcrumb"},"inLanguage":"sk-SK","potentialAction":[{"@type":"ReadAction","target":["https:\/\/www.welovecycling.com\/sk\/2018\/04\/10\/pripravit-bicykel-jar\/"]}]},{"@type":"ImageObject","inLanguage":"sk-SK","@id":"https:\/\/www.welovecycling.com\/sk\/2018\/04\/10\/pripravit-bicykel-jar\/#primaryimage","url":"https:\/\/d2p6e6u75xmxt8.cloudfront.net\/4\/2018\/04\/profimedia-0340079590-1.webp","contentUrl":"https:\/\/d2p6e6u75xmxt8.cloudfront.net\/4\/2018\/04\/profimedia-0340079590-1.webp","width":1366,"height":600},{"@type":"BreadcrumbList","@id":"https:\/\/www.welovecycling.com\/sk\/2018\/04\/10\/pripravit-bicykel-jar\/#breadcrumb","itemListElement":[{"@type":"ListItem","position":1,"name":"Home","item":"https:\/\/www.welovecycling.com\/sk\/"},{"@type":"ListItem","position":2,"name":"Ako si pripravi\u0165 bicykel na jar?"}]},{"@type":"WebSite","@id":"https:\/\/www.welovecycling.com\/sk\/#website","url":"https:\/\/www.welovecycling.com\/sk\/","name":"\u0160koda We Love Cycling Slovensko","description":"\u0160koda We Love Cycling Slovensko je v\u00e1\u0161 ka\u017edodenn\u00fd zdroj noviniek a in\u0161pir\u00e1cie z sveta cyklistiky","potentialAction":[{"@type":"SearchAction","target":{"@type":"EntryPoint","urlTemplate":"https:\/\/www.welovecycling.com\/sk\/?s={search_term_string}"},"query-input":{"@type":"PropertyValueSpecification","valueRequired":true,"valueName":"search_term_string"}}],"inLanguage":"sk-SK"},{"@type":"Person","@id":"https:\/\/www.welovecycling.com\/sk\/#\/schema\/person\/8ee09ba39b7e25b1870160aa5b3a89bc","name":"Ondrej Ga\u0161par","image":{"@type":"ImageObject","inLanguage":"sk-SK","@id":"https:\/\/www.welovecycling.com\/sk\/#\/schema\/person\/image\/","url":"https:\/\/secure.gravatar.com\/avatar\/6126c9afb87b70da5abbb083ddbb21933da15f18f8ca7cb822aba0fb096a48f6?s=96&d=mm&r=g","contentUrl":"https:\/\/secure.gravatar.com\/avatar\/6126c9afb87b70da5abbb083ddbb21933da15f18f8ca7cb822aba0fb096a48f6?s=96&d=mm&r=g","caption":"Ondrej Ga\u0161par"},"url":"https:\/\/www.welovecycling.com\/sk\/author\/ondrejgaspar\/"}]}},"_links":{"self":[{"href":"https:\/\/www.welovecycling.com\/sk\/wp-json\/wp\/v2\/posts\/3287","targetHints":{"allow":["GET"]}}],"collection":[{"href":"https:\/\/www.welovecycling.com\/sk\/wp-json\/wp\/v2\/posts"}],"about":[{"href":"https:\/\/www.welovecycling.com\/sk\/wp-json\/wp\/v2\/types\/post"}],"author":[{"embeddable":true,"href":"https:\/\/www.welovecycling.com\/sk\/wp-json\/wp\/v2\/users\/38"}],"replies":[{"embeddable":true,"href":"https:\/\/www.welovecycling.com\/sk\/wp-json\/wp\/v2\/comments?post=3287"}],"version-history":[{"count":2,"href":"https:\/\/www.welovecycling.com\/sk\/wp-json\/wp\/v2\/posts\/3287\/revisions"}],"predecessor-version":[{"id":3299,"href":"https:\/\/www.welovecycling.com\/sk\/wp-json\/wp\/v2\/posts\/3287\/revisions\/3299"}],"wp:featuredmedia":[{"embeddable":true,"href":"https:\/\/www.welovecycling.com\/sk\/wp-json\/wp\/v2\/media\/3288"}],"wp:attachment":[{"href":"https:\/\/www.welovecycling.com\/sk\/wp-json\/wp\/v2\/media?parent=3287"}],"wp:term":[{"taxonomy":"category","embeddable":true,"href":"https:\/\/www.welovecycling.com\/sk\/wp-json\/wp\/v2\/categories?post=3287"},{"taxonomy":"post_tag","embeddable":true,"href":"https:\/\/www.welovecycling.com\/sk\/wp-json\/wp\/v2\/tags?post=3287"},{"taxonomy":"global-categories","embeddable":true,"href":"https:\/\/www.welovecycling.com\/sk\/wp-json\/wp\/v2\/global-categories?post=3287"}],"curies":[{"name":"wp","href":"https:\/\/api.w.org\/{rel}","templated":true}]}}