{"id":3266,"date":"2018-04-06T10:50:27","date_gmt":"2018-04-06T08:50:27","guid":{"rendered":"https:\/\/www.welovecycling.com\/sk\/?p=3266"},"modified":"2018-04-06T10:50:27","modified_gmt":"2018-04-06T08:50:27","slug":"pozvanka-skoda-svatojursky-mtb-maraton-opat-start-skoda-bike-open-tour","status":"publish","type":"post","link":"https:\/\/www.welovecycling.com\/sk\/2018\/04\/06\/pozvanka-skoda-svatojursky-mtb-maraton-opat-start-skoda-bike-open-tour\/","title":{"rendered":"Pozv\u00e1nka: \u0160koda Sv\u00e4tojursk\u00fd MTB marat\u00f3n \u2013 op\u00e4\u0165 je tu \u0161tart \u0160koda BIKE OPEN TOUR"},"content":{"rendered":"<p><strong>Ani sme sa nenazdali a zima je u\u017e definit\u00edvne za nami. Op\u00e4\u0165 nastal ten \u010das, kedy sa za\u010d\u00edna marat\u00f3nska sez\u00f3na. U\u017e tradi\u010dne od\u0161tartuje s\u00e9riu \u0160koda BIKE OPEN TOUR podujatie \u0160koda Sv\u00e4tojursk\u00fd MTB marat\u00f3n, ktor\u00fd sa uskuto\u010dn\u00ed v\u00a0sobotu 28.4.2018.<\/strong><!--more--><\/p>\n<p>S\u00e9ria MTB marat\u00f3nov s podporou gener\u00e1lneho partnera \u0160koda AUTO Slovensko pozost\u00e1va <strong>zo \u0161iestich pretekov<\/strong> na \u00fazem\u00ed Slovenskej republiky a\u00a0je ur\u010den\u00e1 pre r\u00f4zne vekov\u00e9 a v\u00fdkonnostn\u00e9 kateg\u00f3rie. Pretekov sa m\u00f4\u017eu z\u00fa\u010dastni\u0165 v\u0161etci priaznivci horskej cyklistiky, \u010di u\u017e sa jedn\u00e1 o registrovan\u00fdch cyklistov alebo MTB &#8222;hobb\u00edkov&#8220;. Pretek\u00e1ri s\u00fa\u0165a\u017eia v 11 kateg\u00f3ri\u00e1ch. Neodmyslite\u013enou s\u00fa\u010das\u0165ou v\u0161etk\u00fdch pretekov s\u00e9rie \u0160koda BIKE OPEN TOUR je bohat\u00fd sprievodn\u00fd program pre cel\u00fa rodinu.<\/p>\n<p><a href=\"https:\/\/d2p6e6u75xmxt8.cloudfront.net\/4\/2018\/04\/02.jpg\"><img loading=\"lazy\" decoding=\"async\" class=\"alignnone size-full wp-image-3267\" src=\"https:\/\/d2p6e6u75xmxt8.cloudfront.net\/4\/2018\/04\/02.jpg\" alt=\"\" width=\"1275\" height=\"850\" \/><\/a><\/p>\n<p>Marat\u00f3n vo Sv\u00e4tom Jure pon\u00faka celkovo na v\u00fdber\u00a0<strong>tri d\u013a\u017eky tr\u00e1s<\/strong>, tak\u017ee si vyberie naozaj ka\u017ed\u00fd. Najdlh\u0161ia pon\u00faka slu\u0161n\u00fa d\u00e1vku z\u00e1bavy s\u00a0d\u013a\u017ekou 70 km a\u00a0celkov\u00fdm prev\u00fd\u0161en\u00edm 2 000 m. Stredn\u00e1 tra\u0165 meria 42 km a\u00a0pre t\u00fdch, ktor\u00ed chc\u00fa vst\u00fapi\u0165 do novej sez\u00f3ny o\u00a0nie\u010do pozvo\u013enej\u0161ie, je pripraven\u00e1 kr\u00e1tka tra\u0165 s\u00a0d\u013a\u017ekou 21 km a\u00a0prev\u00fd\u0161en\u00edm 550 m.<\/p>\n<p>T\u00e1to akcia m\u00e1 u\u017e stabiln\u00e9 miesto na za\u010diatku sez\u00f3ny, ur\u010dite aj v\u010faka svojmu profilu, ktor\u00fd tvor\u00ed menej n\u00e1ro\u010dn\u00e1, ale zase o\u00a0to r\u00fdchlej\u0161ia tra\u0165. A\u00a0tak sa tu m\u00f4\u017eu ponah\u00e1\u0148a\u0165 v\u0161etky v\u00fdkonnostn\u00e9 kateg\u00f3rie a\u00a0porovna\u0165 si formu po zimnej pr\u00edprave (haha, pozn. redakcie). Motiva\u010dne v\u00e1s mo\u017eno nalad\u00ed report\u00e1\u017e <a href=\"https:\/\/www.welovecycling.com\/sk\/2017\/05\/16\/skoda-svatojursky-mtb-maraton-2017-pretekarska-sezona-zahajena\/\">z minul\u00e9ho ro\u010dn\u00edka<\/a>, pr\u00edpadne pestr\u00e1 fotogal\u00e9ria z\u00a0cel\u00e9ho <a href=\"https:\/\/www.welovecycling.com\/sk\/2017\/05\/16\/foto-skoda-svatojursky-mtb-maraton-2017-igor-petrilla\/\">priebehu akcie<\/a>. A\u00a0komu by to nesta\u010dilo, pon\u00fakame video z\u00a0roku 2017.<\/p>\n<lite-youtube videoid=w4kI8lLUKRg params=\"enablejsapi=1\" style=\"background-image: url('https:\/\/i.ytimg.com\/vi_webp\/w4kI8lLUKRg\/maxresdefault.webp');\"><\/lite-youtube>\n<h3><strong>Pestr\u00fd sprievodn\u00fd program a\u00a0u\u017e tradi\u010dne bohat\u00e1 tombola<\/strong><\/h3>\n<p>Spolo\u010dn\u00fdm menovate\u013eom akci\u00ed v\u00a0s\u00e9rii \u0160koda BIKE OPEN TOUR je bohat\u00fd sprievodn\u00fd program, ktor\u00fd sa postar\u00e1 o\u00a0z\u00e1bavu rodinn\u00fdch pr\u00edslu\u0161n\u00edkov v\u0161etk\u00fdch pretek\u00e1rov. Z\u00e1zemie podujat\u00ed je prisp\u00f4soben\u00e9 r\u00f4znym aktivit\u00e1m, tak\u017ee ani deti sa rozhodne nudi\u0165 nebud\u00fa. Svoj \u201esupport team\u201c tak rozhodne nenech\u00e1vajte doma :).<\/p>\n<div id='gallery-1' class='gallery galleryid-3266 gallery-columns-2 gallery-size-full'><figure class='gallery-item'>\n\t\t\t<div class='gallery-icon landscape'>\n\t\t\t\t<a href='https:\/\/d2p6e6u75xmxt8.cloudfront.net\/4\/2018\/04\/03.webp'><img loading=\"lazy\" decoding=\"async\" width=\"1274\" height=\"849\" src=\"https:\/\/d2p6e6u75xmxt8.cloudfront.net\/4\/2018\/04\/03.webp\" class=\"attachment-full size-full\" alt=\"\" srcset=\"https:\/\/d2p6e6u75xmxt8.cloudfront.net\/4\/2018\/04\/03.webp 1274w, https:\/\/d2p6e6u75xmxt8.cloudfront.net\/4\/2018\/04\/03-300x200.webp 300w, https:\/\/d2p6e6u75xmxt8.cloudfront.net\/4\/2018\/04\/03-1024x682.webp 1024w, https:\/\/d2p6e6u75xmxt8.cloudfront.net\/4\/2018\/04\/03-768x512.webp 768w, https:\/\/d2p6e6u75xmxt8.cloudfront.net\/4\/2018\/04\/03-272x182.webp 272w\" sizes=\"auto, (max-width: 1274px) 100vw, 1274px\" \/><\/a>\n\t\t\t<\/div><\/figure><figure class='gallery-item'>\n\t\t\t<div class='gallery-icon landscape'>\n\t\t\t\t<a href='https:\/\/d2p6e6u75xmxt8.cloudfront.net\/4\/2018\/04\/04.webp'><img loading=\"lazy\" decoding=\"async\" width=\"1274\" height=\"849\" src=\"https:\/\/d2p6e6u75xmxt8.cloudfront.net\/4\/2018\/04\/04.webp\" class=\"attachment-full size-full\" alt=\"\" srcset=\"https:\/\/d2p6e6u75xmxt8.cloudfront.net\/4\/2018\/04\/04.webp 1274w, https:\/\/d2p6e6u75xmxt8.cloudfront.net\/4\/2018\/04\/04-300x200.webp 300w, https:\/\/d2p6e6u75xmxt8.cloudfront.net\/4\/2018\/04\/04-1024x682.webp 1024w, https:\/\/d2p6e6u75xmxt8.cloudfront.net\/4\/2018\/04\/04-768x512.webp 768w, https:\/\/d2p6e6u75xmxt8.cloudfront.net\/4\/2018\/04\/04-272x182.webp 272w\" sizes=\"auto, (max-width: 1274px) 100vw, 1274px\" \/><\/a>\n\t\t\t<\/div><\/figure>\n\t\t<\/div>\n\n<p>Okrem tradi\u010dne bohatej tomboly po marat\u00f3ne, v ktorej v\u00e1s op\u00e4\u0165 \u010dak\u00e1 mo\u017enos\u0165 vyhra\u0165 bicykle a \u010fal\u0161ie hodnotn\u00e9 ceny, pr\u00edde aj <strong>fin\u00e1lna tombola<\/strong> na konci celej s\u00e9rie. Podmienkou pre zaradenie do tejto tomboly je \u00faspe\u0161n\u00e9 absolvovanie minim\u00e1lne 4 pretekov z celej \u0160koda BIKE OPEN TOUR s\u00e9rie. Do celkov\u00e9ho bodovania a vyhodnotenia sa ka\u017ed\u00e9mu \u00fa\u010dastn\u00edkovi zapo\u010d\u00edtavaj\u00fa 4 najlep\u0161ie v\u00fdsledky z absolvovan\u00fdch pretekov \u0160koda BIKE OPEN TOUR s\u00e9rie.<\/p>\n<p>V\u00fdsledn\u00e9 bodovanie s\u00e9rie ur\u010d\u00ed celkovo 33 v\u00ed\u0165azov v 11 kateg\u00f3ri\u00e1ch na prv\u00fdch, druh\u00fdch a tret\u00edch miestach. Cien sa teda bude rozd\u00e1va\u0165 ne\u00farekom a\u00a0je len na v\u00e1s, \u010di si t\u00fato pr\u00edle\u017eitos\u0165 nenech\u00e1te ujs\u0165!<\/p>\n<figure id=\"attachment_3270\" aria-describedby=\"caption-attachment-3270\" style=\"width: 1274px\" class=\"wp-caption alignnone\"><a href=\"https:\/\/d2p6e6u75xmxt8.cloudfront.net\/4\/2018\/04\/05.jpg\"><img loading=\"lazy\" decoding=\"async\" class=\"wp-image-3270 size-full\" src=\"https:\/\/d2p6e6u75xmxt8.cloudfront.net\/4\/2018\/04\/05.jpg\" alt=\"\" width=\"1274\" height=\"849\" \/><\/a><figcaption id=\"caption-attachment-3270\" class=\"wp-caption-text\">Fin\u00e1lov\u00e1 tombola \u0160koda BIKE OPEN TOUR 2017<\/figcaption><\/figure>\n<p>Viac inform\u00e1ci\u00ed a propoz\u00edcie n\u00e1jdete na str\u00e1nke marat\u00f3nu <a href=\"http:\/\/cksvatyjur.sk\/maraton\/\">cksvatyjur.sk\/maraton<\/a>.<\/p>\n","protected":false},"excerpt":{"rendered":"<p>Ani sme sa nenazdali a zima je u\u017e definit\u00edvne za nami. Op\u00e4\u0165 nastal ten \u010das, kedy sa za\u010d\u00edna marat\u00f3nska sez\u00f3na. [&hellip;]<\/p>\n","protected":false},"author":38,"featured_media":3271,"comment_status":"open","ping_status":"open","sticky":false,"template":"","format":"standard","meta":{"footnotes":""},"categories":[3,34,33],"tags":[180,178,412,91,179,35,360,40],"global-categories":[],"class_list":["post-3266","post","type-post","status-publish","format-standard","has-post-thumbnail","hentry","category-mtb","category-podujatia","category-sbot","tag-horska-cyklistika","tag-maraton","tag-mtb","tag-pozvanka","tag-preteky","tag-sbot","tag-skoda-svatojursky-mtb-maraton","tag-svaty-jur"],"yoast_head":"<!-- This site is optimized with the Yoast SEO Premium plugin v25.3 (Yoast SEO v25.9) - https:\/\/yoast.com\/wordpress\/plugins\/seo\/ -->\n<title>Pozv\u00e1nka: \u0160koda Sv\u00e4tojursk\u00fd MTB marat\u00f3n \u2013 op\u00e4\u0165 je tu \u0161tart \u0160koda BIKE OPEN TOUR - \u0160koda We Love Cycling Slovensko<\/title>\n<meta name=\"robots\" content=\"index, follow, max-snippet:-1, max-image-preview:large, max-video-preview:-1\" \/>\n<link rel=\"canonical\" href=\"https:\/\/www.welovecycling.com\/sk\/2018\/04\/06\/pozvanka-skoda-svatojursky-mtb-maraton-opat-start-skoda-bike-open-tour\/\" \/>\n<meta property=\"og:locale\" content=\"sk_SK\" \/>\n<meta property=\"og:type\" content=\"article\" \/>\n<meta property=\"og:title\" content=\"Pozv\u00e1nka: \u0160koda Sv\u00e4tojursk\u00fd MTB marat\u00f3n \u2013 op\u00e4\u0165 je tu \u0161tart \u0160koda BIKE OPEN TOUR\" \/>\n<meta property=\"og:description\" content=\"Ani sme sa nenazdali a zima je u\u017e definit\u00edvne za nami. Op\u00e4\u0165 nastal ten \u010das, kedy sa za\u010d\u00edna marat\u00f3nska sez\u00f3na. [&hellip;]\" \/>\n<meta property=\"og:url\" content=\"https:\/\/www.welovecycling.com\/sk\/2018\/04\/06\/pozvanka-skoda-svatojursky-mtb-maraton-opat-start-skoda-bike-open-tour\/\" \/>\n<meta property=\"og:site_name\" content=\"\u0160koda We Love Cycling Slovensko\" \/>\n<meta property=\"article:published_time\" content=\"2018-04-06T08:50:27+00:00\" \/>\n<meta property=\"og:image\" content=\"https:\/\/d2p6e6u75xmxt8.cloudfront.net\/4\/2018\/04\/titulka.webp\" \/>\n\t<meta property=\"og:image:width\" content=\"1375\" \/>\n\t<meta property=\"og:image:height\" content=\"600\" \/>\n\t<meta property=\"og:image:type\" content=\"image\/webp\" \/>\n<meta name=\"author\" content=\"Ondrej Ga\u0161par\" \/>\n<meta name=\"twitter:card\" content=\"summary_large_image\" \/>\n<meta name=\"twitter:label1\" content=\"Written by\" \/>\n\t<meta name=\"twitter:data1\" content=\"We Love Cycling\" \/>\n\t<meta name=\"twitter:label2\" content=\"Est. reading time\" \/>\n\t<meta name=\"twitter:data2\" content=\"3 minutes\" \/>\n<script type=\"application\/ld+json\" class=\"yoast-schema-graph\">{\"@context\":\"https:\/\/schema.org\",\"@graph\":[{\"@type\":\"WebPage\",\"@id\":\"https:\/\/www.welovecycling.com\/sk\/2018\/04\/06\/pozvanka-skoda-svatojursky-mtb-maraton-opat-start-skoda-bike-open-tour\/\",\"url\":\"https:\/\/www.welovecycling.com\/sk\/2018\/04\/06\/pozvanka-skoda-svatojursky-mtb-maraton-opat-start-skoda-bike-open-tour\/\",\"name\":\"Pozv\u00e1nka: \u0160koda Sv\u00e4tojursk\u00fd MTB marat\u00f3n \u2013 op\u00e4\u0165 je tu \u0161tart \u0160koda BIKE OPEN TOUR - \u0160koda We Love Cycling Slovensko\",\"isPartOf\":{\"@id\":\"https:\/\/www.welovecycling.com\/sk\/#website\"},\"primaryImageOfPage\":{\"@id\":\"https:\/\/www.welovecycling.com\/sk\/2018\/04\/06\/pozvanka-skoda-svatojursky-mtb-maraton-opat-start-skoda-bike-open-tour\/#primaryimage\"},\"image\":{\"@id\":\"https:\/\/www.welovecycling.com\/sk\/2018\/04\/06\/pozvanka-skoda-svatojursky-mtb-maraton-opat-start-skoda-bike-open-tour\/#primaryimage\"},\"thumbnailUrl\":\"https:\/\/d2p6e6u75xmxt8.cloudfront.net\/4\/2018\/04\/titulka.webp\",\"datePublished\":\"2018-04-06T08:50:27+00:00\",\"author\":{\"@id\":\"https:\/\/www.welovecycling.com\/sk\/#\/schema\/person\/8ee09ba39b7e25b1870160aa5b3a89bc\"},\"breadcrumb\":{\"@id\":\"https:\/\/www.welovecycling.com\/sk\/2018\/04\/06\/pozvanka-skoda-svatojursky-mtb-maraton-opat-start-skoda-bike-open-tour\/#breadcrumb\"},\"inLanguage\":\"sk-SK\",\"potentialAction\":[{\"@type\":\"ReadAction\",\"target\":[\"https:\/\/www.welovecycling.com\/sk\/2018\/04\/06\/pozvanka-skoda-svatojursky-mtb-maraton-opat-start-skoda-bike-open-tour\/\"]}]},{\"@type\":\"ImageObject\",\"inLanguage\":\"sk-SK\",\"@id\":\"https:\/\/www.welovecycling.com\/sk\/2018\/04\/06\/pozvanka-skoda-svatojursky-mtb-maraton-opat-start-skoda-bike-open-tour\/#primaryimage\",\"url\":\"https:\/\/d2p6e6u75xmxt8.cloudfront.net\/4\/2018\/04\/titulka.webp\",\"contentUrl\":\"https:\/\/d2p6e6u75xmxt8.cloudfront.net\/4\/2018\/04\/titulka.webp\",\"width\":1375,\"height\":600},{\"@type\":\"BreadcrumbList\",\"@id\":\"https:\/\/www.welovecycling.com\/sk\/2018\/04\/06\/pozvanka-skoda-svatojursky-mtb-maraton-opat-start-skoda-bike-open-tour\/#breadcrumb\",\"itemListElement\":[{\"@type\":\"ListItem\",\"position\":1,\"name\":\"Home\",\"item\":\"https:\/\/www.welovecycling.com\/sk\/\"},{\"@type\":\"ListItem\",\"position\":2,\"name\":\"Pozv\u00e1nka: \u0160koda Sv\u00e4tojursk\u00fd MTB marat\u00f3n \u2013 op\u00e4\u0165 je tu \u0161tart \u0160koda BIKE OPEN TOUR\"}]},{\"@type\":\"WebSite\",\"@id\":\"https:\/\/www.welovecycling.com\/sk\/#website\",\"url\":\"https:\/\/www.welovecycling.com\/sk\/\",\"name\":\"\u0160koda We Love Cycling Slovensko\",\"description\":\"\u0160koda We Love Cycling Slovensko je v\u00e1\u0161 ka\u017edodenn\u00fd zdroj noviniek a in\u0161pir\u00e1cie z sveta cyklistiky\",\"potentialAction\":[{\"@type\":\"SearchAction\",\"target\":{\"@type\":\"EntryPoint\",\"urlTemplate\":\"https:\/\/www.welovecycling.com\/sk\/?s={search_term_string}\"},\"query-input\":{\"@type\":\"PropertyValueSpecification\",\"valueRequired\":true,\"valueName\":\"search_term_string\"}}],\"inLanguage\":\"sk-SK\"},{\"@type\":\"Person\",\"@id\":\"https:\/\/www.welovecycling.com\/sk\/#\/schema\/person\/8ee09ba39b7e25b1870160aa5b3a89bc\",\"name\":\"Ondrej Ga\u0161par\",\"image\":{\"@type\":\"ImageObject\",\"inLanguage\":\"sk-SK\",\"@id\":\"https:\/\/www.welovecycling.com\/sk\/#\/schema\/person\/image\/\",\"url\":\"https:\/\/secure.gravatar.com\/avatar\/6126c9afb87b70da5abbb083ddbb21933da15f18f8ca7cb822aba0fb096a48f6?s=96&d=mm&r=g\",\"contentUrl\":\"https:\/\/secure.gravatar.com\/avatar\/6126c9afb87b70da5abbb083ddbb21933da15f18f8ca7cb822aba0fb096a48f6?s=96&d=mm&r=g\",\"caption\":\"Ondrej Ga\u0161par\"},\"url\":\"https:\/\/www.welovecycling.com\/sk\/author\/ondrejgaspar\/\"}]}<\/script>\n<!-- \/ Yoast SEO Premium plugin. -->","yoast_head_json":{"title":"Pozv\u00e1nka: \u0160koda Sv\u00e4tojursk\u00fd MTB marat\u00f3n \u2013 op\u00e4\u0165 je tu \u0161tart \u0160koda BIKE OPEN TOUR - \u0160koda We Love Cycling Slovensko","robots":{"index":"index","follow":"follow","max-snippet":"max-snippet:-1","max-image-preview":"max-image-preview:large","max-video-preview":"max-video-preview:-1"},"canonical":"https:\/\/www.welovecycling.com\/sk\/2018\/04\/06\/pozvanka-skoda-svatojursky-mtb-maraton-opat-start-skoda-bike-open-tour\/","og_locale":"sk_SK","og_type":"article","og_title":"Pozv\u00e1nka: \u0160koda Sv\u00e4tojursk\u00fd MTB marat\u00f3n \u2013 op\u00e4\u0165 je tu \u0161tart \u0160koda BIKE OPEN TOUR","og_description":"Ani sme sa nenazdali a zima je u\u017e definit\u00edvne za nami. Op\u00e4\u0165 nastal ten \u010das, kedy sa za\u010d\u00edna marat\u00f3nska sez\u00f3na. [&hellip;]","og_url":"https:\/\/www.welovecycling.com\/sk\/2018\/04\/06\/pozvanka-skoda-svatojursky-mtb-maraton-opat-start-skoda-bike-open-tour\/","og_site_name":"\u0160koda We Love Cycling Slovensko","article_published_time":"2018-04-06T08:50:27+00:00","og_image":[{"width":1375,"height":600,"url":"https:\/\/d2p6e6u75xmxt8.cloudfront.net\/4\/2018\/04\/titulka.webp","type":"image\/webp"}],"author":"Ondrej Ga\u0161par","twitter_card":"summary_large_image","twitter_misc":{"Written by":"We Love Cycling","Est. reading time":"3 minutes"},"schema":{"@context":"https:\/\/schema.org","@graph":[{"@type":"WebPage","@id":"https:\/\/www.welovecycling.com\/sk\/2018\/04\/06\/pozvanka-skoda-svatojursky-mtb-maraton-opat-start-skoda-bike-open-tour\/","url":"https:\/\/www.welovecycling.com\/sk\/2018\/04\/06\/pozvanka-skoda-svatojursky-mtb-maraton-opat-start-skoda-bike-open-tour\/","name":"Pozv\u00e1nka: \u0160koda Sv\u00e4tojursk\u00fd MTB marat\u00f3n \u2013 op\u00e4\u0165 je tu \u0161tart \u0160koda BIKE OPEN TOUR - \u0160koda We Love Cycling Slovensko","isPartOf":{"@id":"https:\/\/www.welovecycling.com\/sk\/#website"},"primaryImageOfPage":{"@id":"https:\/\/www.welovecycling.com\/sk\/2018\/04\/06\/pozvanka-skoda-svatojursky-mtb-maraton-opat-start-skoda-bike-open-tour\/#primaryimage"},"image":{"@id":"https:\/\/www.welovecycling.com\/sk\/2018\/04\/06\/pozvanka-skoda-svatojursky-mtb-maraton-opat-start-skoda-bike-open-tour\/#primaryimage"},"thumbnailUrl":"https:\/\/d2p6e6u75xmxt8.cloudfront.net\/4\/2018\/04\/titulka.webp","datePublished":"2018-04-06T08:50:27+00:00","author":{"@id":"https:\/\/www.welovecycling.com\/sk\/#\/schema\/person\/8ee09ba39b7e25b1870160aa5b3a89bc"},"breadcrumb":{"@id":"https:\/\/www.welovecycling.com\/sk\/2018\/04\/06\/pozvanka-skoda-svatojursky-mtb-maraton-opat-start-skoda-bike-open-tour\/#breadcrumb"},"inLanguage":"sk-SK","potentialAction":[{"@type":"ReadAction","target":["https:\/\/www.welovecycling.com\/sk\/2018\/04\/06\/pozvanka-skoda-svatojursky-mtb-maraton-opat-start-skoda-bike-open-tour\/"]}]},{"@type":"ImageObject","inLanguage":"sk-SK","@id":"https:\/\/www.welovecycling.com\/sk\/2018\/04\/06\/pozvanka-skoda-svatojursky-mtb-maraton-opat-start-skoda-bike-open-tour\/#primaryimage","url":"https:\/\/d2p6e6u75xmxt8.cloudfront.net\/4\/2018\/04\/titulka.webp","contentUrl":"https:\/\/d2p6e6u75xmxt8.cloudfront.net\/4\/2018\/04\/titulka.webp","width":1375,"height":600},{"@type":"BreadcrumbList","@id":"https:\/\/www.welovecycling.com\/sk\/2018\/04\/06\/pozvanka-skoda-svatojursky-mtb-maraton-opat-start-skoda-bike-open-tour\/#breadcrumb","itemListElement":[{"@type":"ListItem","position":1,"name":"Home","item":"https:\/\/www.welovecycling.com\/sk\/"},{"@type":"ListItem","position":2,"name":"Pozv\u00e1nka: \u0160koda Sv\u00e4tojursk\u00fd MTB marat\u00f3n \u2013 op\u00e4\u0165 je tu \u0161tart \u0160koda BIKE OPEN TOUR"}]},{"@type":"WebSite","@id":"https:\/\/www.welovecycling.com\/sk\/#website","url":"https:\/\/www.welovecycling.com\/sk\/","name":"\u0160koda We Love Cycling Slovensko","description":"\u0160koda We Love Cycling Slovensko je v\u00e1\u0161 ka\u017edodenn\u00fd zdroj noviniek a in\u0161pir\u00e1cie z sveta cyklistiky","potentialAction":[{"@type":"SearchAction","target":{"@type":"EntryPoint","urlTemplate":"https:\/\/www.welovecycling.com\/sk\/?s={search_term_string}"},"query-input":{"@type":"PropertyValueSpecification","valueRequired":true,"valueName":"search_term_string"}}],"inLanguage":"sk-SK"},{"@type":"Person","@id":"https:\/\/www.welovecycling.com\/sk\/#\/schema\/person\/8ee09ba39b7e25b1870160aa5b3a89bc","name":"Ondrej Ga\u0161par","image":{"@type":"ImageObject","inLanguage":"sk-SK","@id":"https:\/\/www.welovecycling.com\/sk\/#\/schema\/person\/image\/","url":"https:\/\/secure.gravatar.com\/avatar\/6126c9afb87b70da5abbb083ddbb21933da15f18f8ca7cb822aba0fb096a48f6?s=96&d=mm&r=g","contentUrl":"https:\/\/secure.gravatar.com\/avatar\/6126c9afb87b70da5abbb083ddbb21933da15f18f8ca7cb822aba0fb096a48f6?s=96&d=mm&r=g","caption":"Ondrej Ga\u0161par"},"url":"https:\/\/www.welovecycling.com\/sk\/author\/ondrejgaspar\/"}]}},"_links":{"self":[{"href":"https:\/\/www.welovecycling.com\/sk\/wp-json\/wp\/v2\/posts\/3266","targetHints":{"allow":["GET"]}}],"collection":[{"href":"https:\/\/www.welovecycling.com\/sk\/wp-json\/wp\/v2\/posts"}],"about":[{"href":"https:\/\/www.welovecycling.com\/sk\/wp-json\/wp\/v2\/types\/post"}],"author":[{"embeddable":true,"href":"https:\/\/www.welovecycling.com\/sk\/wp-json\/wp\/v2\/users\/38"}],"replies":[{"embeddable":true,"href":"https:\/\/www.welovecycling.com\/sk\/wp-json\/wp\/v2\/comments?post=3266"}],"version-history":[{"count":2,"href":"https:\/\/www.welovecycling.com\/sk\/wp-json\/wp\/v2\/posts\/3266\/revisions"}],"predecessor-version":[{"id":3286,"href":"https:\/\/www.welovecycling.com\/sk\/wp-json\/wp\/v2\/posts\/3266\/revisions\/3286"}],"wp:featuredmedia":[{"embeddable":true,"href":"https:\/\/www.welovecycling.com\/sk\/wp-json\/wp\/v2\/media\/3271"}],"wp:attachment":[{"href":"https:\/\/www.welovecycling.com\/sk\/wp-json\/wp\/v2\/media?parent=3266"}],"wp:term":[{"taxonomy":"category","embeddable":true,"href":"https:\/\/www.welovecycling.com\/sk\/wp-json\/wp\/v2\/categories?post=3266"},{"taxonomy":"post_tag","embeddable":true,"href":"https:\/\/www.welovecycling.com\/sk\/wp-json\/wp\/v2\/tags?post=3266"},{"taxonomy":"global-categories","embeddable":true,"href":"https:\/\/www.welovecycling.com\/sk\/wp-json\/wp\/v2\/global-categories?post=3266"}],"curies":[{"name":"wp","href":"https:\/\/api.w.org\/{rel}","templated":true}]}}