{"id":3120,"date":"2018-01-21T16:09:40","date_gmt":"2018-01-21T15:09:40","guid":{"rendered":"https:\/\/www.welovecycling.com\/sk\/?p=3120"},"modified":"2018-01-21T16:09:40","modified_gmt":"2018-01-21T15:09:40","slug":"lacne-vybavenie-ktore-vam-sprijemni-zimne-vyjazdy","status":"publish","type":"post","link":"https:\/\/www.welovecycling.com\/sk\/2018\/01\/21\/lacne-vybavenie-ktore-vam-sprijemni-zimne-vyjazdy\/","title":{"rendered":"Lacn\u00e9 vybavenie, ktor\u00e9 v\u00e1m spr\u00edjemn\u00ed zimn\u00e9 v\u00fdjazdy"},"content":{"rendered":"<p><strong>Ka\u017ed\u00fd vn\u00edma chlad inak. Pre niekoho s\u00fa teploty okolo 0\u00b0C d\u00f4vodom zosta\u0165 doma, niekto si u\u017e\u00edva pohyb aj pri \u2013 10\u00b0C. Ktor\u00e9 doplnky v\u00e1m v\u0161ak m\u00f4\u017eu spr\u00edjemni\u0165 pobyt vonku, aby ste si u\u017eili zimn\u00fa cyklistiku vo v\u00e4\u010d\u0161om komforte?<\/strong><!--more--><\/p>\n<h2><strong>Blatn\u00edky<\/strong><\/h2>\n<p>Pr\u00e1ve teraz nastal ide\u00e1lny \u010das na k\u00fapu blatn\u00edkov &#8211; ak ich e\u0161te st\u00e1le nem\u00e1te. S\u00fa lacn\u00e9, a pritom poskytn\u00fa t\u00fa najlep\u0161iu mo\u017en\u00fa ochranu pre v\u00e1s a v\u00e1\u0161 bicykel. Udr\u017eia vodu a \u0161pinu mimo va\u0161ich n\u00f4h, \u010di chrbta a ochr\u00e1nia r\u00e1m a drah\u00e9 komponenty. To v\u0161etko pri cene, ktor\u00e1 sa pohybuje okolo 18 \u20ac.<\/p>\n<p><a href=\"https:\/\/d2p6e6u75xmxt8.cloudfront.net\/4\/2018\/01\/sks-bluemels-road-700c-mudguard-set-matt-black-EV312822-8600-1.jpg\"><img loading=\"lazy\" decoding=\"async\" class=\"alignnone size-full wp-image-3121\" src=\"https:\/\/d2p6e6u75xmxt8.cloudfront.net\/4\/2018\/01\/sks-bluemels-road-700c-mudguard-set-matt-black-EV312822-8600-1.jpg\" alt=\"\" width=\"969\" height=\"638\" \/><\/a><\/p>\n<h2><strong>Neopr\u00e9nov\u00e9 rukavice<\/strong><\/h2>\n<p>Tie boli odoveden\u00e9 od rukav\u00edc n\u00e1morn\u00edkov, ktor\u00ed potrebovali udr\u017ea\u0165 ruky v suchu v extr\u00e9mnych podmienkach, a pritom si zachova\u0165 dostato\u010dn\u00fa citlivos\u0165 napr. pre viazanie uzlov. S\u00fa ide\u00e1lne, najm\u00e4 ak sa k zime prid\u00e1 aj vlhkos\u0165, teda doslova na psie po\u010dasie k\u00fasok nad nulou. Vtedy poskytn\u00fa najlep\u0161iu mo\u017en\u00fa ochranu pre va\u0161e ruky. M\u00f4\u017eete sko\u010di\u0165 do ryb\u00e1rskeho obchodu, kde sa daj\u00fa k\u00fapi\u0165 za cca 15 \u20ac alebo vysk\u00fa\u0161a\u0165 \u0161pecializovan\u00e9 modely pre cyklistiku, ktor\u00e9 maj\u00fa navy\u0161e proti\u0161mykov\u00fa dla\u0148 pre spo\u013eahliv\u00fd \u00fachop. V tom pr\u00edpade sa cena pohybuje okolo 37 \u20ac.<\/p>\n<p><a href=\"https:\/\/d2p6e6u75xmxt8.cloudfront.net\/4\/2018\/01\/big_615ae56b-1ee5-48f6-bc5c-ddba8d615db2.jpg\"><img loading=\"lazy\" decoding=\"async\" class=\"alignnone size-full wp-image-3123\" src=\"https:\/\/d2p6e6u75xmxt8.cloudfront.net\/4\/2018\/01\/big_615ae56b-1ee5-48f6-bc5c-ddba8d615db2.jpg\" alt=\"\" width=\"800\" height=\"800\" \/><\/a><\/p>\n<h2><strong>N\u00e1vleky na riaditk\u00e1<\/strong><\/h2>\n<p>Ak v\u00e1m b\u00fdva na ruky neust\u00e1le zima a u\u017e ste vysk\u00fa\u0161ali viacero modelov rukav\u00edc, rie\u0161en\u00edm m\u00f4\u017eu by\u0165 n\u00e1vleky na riaditk\u00e1. Daj\u00fa sa pou\u017ei\u0165 ako pri cestn\u00fdch riaditk\u00e1ch, tak aj pri MTB a va\u0161im ruk\u00e1m poskytn\u00fa extra ochranu bez v\u00fdrazn\u00e9ho obzmedzenia pri ovl\u00e1dan\u00ed bicykla. Cenovo sa t\u00e1to vychyt\u00e1vka pohybuje okolo 25 \u20ac.<\/p>\n<p><a href=\"https:\/\/d2p6e6u75xmxt8.cloudfront.net\/4\/2018\/01\/ROCKBROS-1-Pair-Winter-Unisex-Cycling-Handlebar-Bar-End-Mittens-Bicycle-Mitts-Gloves-Bike-Hand-Warmer.jpg\"><img loading=\"lazy\" decoding=\"async\" class=\"alignnone size-full wp-image-3125\" src=\"https:\/\/d2p6e6u75xmxt8.cloudfront.net\/4\/2018\/01\/ROCKBROS-1-Pair-Winter-Unisex-Cycling-Handlebar-Bar-End-Mittens-Bicycle-Mitts-Gloves-Bike-Hand-Warmer.jpg\" alt=\"\" width=\"1000\" height=\"1000\" \/><\/a><\/p>\n<h2><strong>N\u00e1vleky na nohy<\/strong><\/h2>\n<p>Neopr\u00e9n je naozaj ide\u00e1lny materi\u00e1l pre zimn\u00fa cyklistiku, o \u010dom sa m\u00f4\u017eete presved\u010di\u0165 aj v pr\u00edpade n\u00e1vlekov. V\u010faka jeho vlastnostiam s\u00fa pru\u017en\u00e9, odoln\u00e9 vo\u010di vode a so schopnos\u0165ou v\u00fdborne dr\u017ea\u0165 teplo. Ochr\u00e1nia va\u0161e nohy pred chladom a vlhkom, a to v\u0161etko za pomerne n\u00edzku cenu, ktor\u00e1 sa pohybuje okolo 25 \u20ac v z\u00e1vislosti od modelu.<\/p>\n<p><a href=\"https:\/\/d2p6e6u75xmxt8.cloudfront.net\/4\/2018\/01\/2017-Brand-New-2pcs-Cycling-Sports-Black-Nylon-Warm-Windproof-Bicycle-Shoe-Covers-Toe-Cap-Overshoes.jpg\"><img loading=\"lazy\" decoding=\"async\" class=\"alignnone size-full wp-image-3127\" src=\"https:\/\/d2p6e6u75xmxt8.cloudfront.net\/4\/2018\/01\/2017-Brand-New-2pcs-Cycling-Sports-Black-Nylon-Warm-Windproof-Bicycle-Shoe-Covers-Toe-Cap-Overshoes.jpg\" alt=\"\" width=\"800\" height=\"800\" \/><\/a><\/p>\n<h2><strong>Merino podkolienky<\/strong><\/h2>\n<p>V\u00fdborn\u00fd sp\u00f4sob, ako zv\u00fd\u0161i\u0165 tepeln\u00fd komfort n\u00f4h a chodidiel s\u00fa vysok\u00e9 podkolienky \u2013 ide\u00e1lne z vlny merino, ktor\u00e1 v\u00fdborne izoluje, d\u00fdcha a navy\u0161e ve\u013emi dobre odol\u00e1va z\u00e1pachu. V\u010faka tomu sa hodia aj na viacdenn\u00e9 akcie a vydr\u017eia v\u00e1m tis\u00edce kilometrov. Pri tom v\u0161etkom je invest\u00edcia okolo 20 \u20ac naozaj zanedbate\u013en\u00e1.<\/p>\n<p><a href=\"https:\/\/d2p6e6u75xmxt8.cloudfront.net\/4\/2018\/01\/15415.JPG.jpg\"><img loading=\"lazy\" decoding=\"async\" class=\"alignnone size-full wp-image-3129\" src=\"https:\/\/d2p6e6u75xmxt8.cloudfront.net\/4\/2018\/01\/15415.JPG.jpg\" alt=\"\" width=\"442\" height=\"327\" \/><\/a><\/p>\n<h2><strong>\u201eHrejivka\u201c<\/strong><\/h2>\n<p>Pod t\u00fdmto n\u00e1zvom sa skr\u00fdva emulzia, ktor\u00e1 po aplik\u00e1cii na ko\u017eu lok\u00e1lne podpor\u00ed krvn\u00fd obeh, v\u010faka \u010domu nebudete vn\u00edma\u0165 chlad. Samozrejme, \u00fa\u010dinok je do\u010dasn\u00fd a po nejakom \u010dase odoznie, no m\u00f4\u017ee to by\u0165 v\u00fdborn\u00fd sp\u00f4sob ako prekona\u0165 zimu, ne\u017e sa zahrejete. Cena tak\u00fdchto kr\u00e9mov sa pohybuje okolo 9 \u20ac.<\/p>\n<p><a href=\"https:\/\/d2p6e6u75xmxt8.cloudfront.net\/4\/2018\/01\/s-l1600-1.jpg\"><img loading=\"lazy\" decoding=\"async\" class=\"alignnone size-full wp-image-3131\" src=\"https:\/\/d2p6e6u75xmxt8.cloudfront.net\/4\/2018\/01\/s-l1600-1.jpg\" alt=\"\" width=\"1500\" height=\"1500\" \/><\/a><\/p>\n<h2><strong>Dlh\u00e9 vlasy<\/strong><\/h2>\n<p>Posledn\u00fd tip je skuto\u010dne zadarmo. Ak toti\u017e m\u00e1te dlh\u0161ie vlasy, nechajte si ich rozpusten\u00e9, pr\u00edpadne tak, aby zakr\u00fdvali u\u0161i \u010di krk. Je to t\u00e1 najlep\u0161ia forma izol\u00e1cie a navy\u0161e je zadarmo. V pr\u00edpade mu\u017eov plat\u00ed to ist\u00e9 aj o dobre pestovanej brade&#8230; navy\u0161e budete vyzera\u0165 celkom drsne \ud83d\ude42<\/p>\n<p><a href=\"https:\/\/d2p6e6u75xmxt8.cloudfront.net\/4\/2018\/01\/sagan-1.jpg\"><img loading=\"lazy\" decoding=\"async\" class=\"alignnone size-full wp-image-3139\" src=\"https:\/\/d2p6e6u75xmxt8.cloudfront.net\/4\/2018\/01\/sagan-1.jpg\" alt=\"\" width=\"800\" height=\"450\" \/><\/a><\/p>\n","protected":false},"excerpt":{"rendered":"<p>Ka\u017ed\u00fd vn\u00edma chlad inak. Pre niekoho s\u00fa teploty okolo 0\u00b0C d\u00f4vodom zosta\u0165 doma, niekto si u\u017e\u00edva pohyb aj pri \u2013 [&hellip;]<\/p>\n","protected":false},"author":38,"featured_media":3133,"comment_status":"open","ping_status":"open","sticky":false,"template":"","format":"standard","meta":{"footnotes":""},"categories":[4,3,191,2],"tags":[354,400,335,310,398,399,317],"global-categories":[],"class_list":["post-3120","post","type-post","status-publish","format-standard","has-post-thumbnail","hentry","category-cestna-cyklisitika","category-mtb","category-odporucame","category-zdravie-trening","tag-blatniky","tag-hrejivka","tag-komfort","tag-navleky","tag-neoprenove-rukavice","tag-podkolienky","tag-zima"],"yoast_head":"<!-- This site is optimized with the Yoast SEO Premium plugin v25.3 (Yoast SEO v25.9) - https:\/\/yoast.com\/wordpress\/plugins\/seo\/ -->\n<title>Lacn\u00e9 vybavenie, ktor\u00e9 v\u00e1m spr\u00edjemn\u00ed zimn\u00e9 v\u00fdjazdy - \u0160koda We Love Cycling Slovensko<\/title>\n<meta name=\"robots\" content=\"index, follow, max-snippet:-1, max-image-preview:large, max-video-preview:-1\" \/>\n<link rel=\"canonical\" href=\"https:\/\/www.welovecycling.com\/sk\/2018\/01\/21\/lacne-vybavenie-ktore-vam-sprijemni-zimne-vyjazdy\/\" \/>\n<meta property=\"og:locale\" content=\"sk_SK\" \/>\n<meta property=\"og:type\" content=\"article\" \/>\n<meta property=\"og:title\" content=\"Lacn\u00e9 vybavenie, ktor\u00e9 v\u00e1m spr\u00edjemn\u00ed zimn\u00e9 v\u00fdjazdy\" \/>\n<meta property=\"og:description\" content=\"Ka\u017ed\u00fd vn\u00edma chlad inak. Pre niekoho s\u00fa teploty okolo 0\u00b0C d\u00f4vodom zosta\u0165 doma, niekto si u\u017e\u00edva pohyb aj pri \u2013 [&hellip;]\" \/>\n<meta property=\"og:url\" content=\"https:\/\/www.welovecycling.com\/sk\/2018\/01\/21\/lacne-vybavenie-ktore-vam-sprijemni-zimne-vyjazdy\/\" \/>\n<meta property=\"og:site_name\" content=\"\u0160koda We Love Cycling Slovensko\" \/>\n<meta property=\"article:published_time\" content=\"2018-01-21T15:09:40+00:00\" \/>\n<meta property=\"og:image\" content=\"https:\/\/d2p6e6u75xmxt8.cloudfront.net\/4\/2018\/01\/profimedia-0357945779-1.webp\" \/>\n\t<meta property=\"og:image:width\" content=\"1366\" \/>\n\t<meta property=\"og:image:height\" content=\"600\" \/>\n\t<meta property=\"og:image:type\" content=\"image\/webp\" \/>\n<meta name=\"author\" content=\"Ondrej Ga\u0161par\" \/>\n<meta name=\"twitter:card\" content=\"summary_large_image\" \/>\n<meta name=\"twitter:label1\" content=\"Written by\" \/>\n\t<meta name=\"twitter:data1\" content=\"We Love Cycling\" \/>\n\t<meta name=\"twitter:label2\" content=\"Est. reading time\" \/>\n\t<meta name=\"twitter:data2\" content=\"3 minutes\" \/>\n<script type=\"application\/ld+json\" class=\"yoast-schema-graph\">{\"@context\":\"https:\/\/schema.org\",\"@graph\":[{\"@type\":\"WebPage\",\"@id\":\"https:\/\/www.welovecycling.com\/sk\/2018\/01\/21\/lacne-vybavenie-ktore-vam-sprijemni-zimne-vyjazdy\/\",\"url\":\"https:\/\/www.welovecycling.com\/sk\/2018\/01\/21\/lacne-vybavenie-ktore-vam-sprijemni-zimne-vyjazdy\/\",\"name\":\"Lacn\u00e9 vybavenie, ktor\u00e9 v\u00e1m spr\u00edjemn\u00ed zimn\u00e9 v\u00fdjazdy - \u0160koda We Love Cycling Slovensko\",\"isPartOf\":{\"@id\":\"https:\/\/www.welovecycling.com\/sk\/#website\"},\"primaryImageOfPage\":{\"@id\":\"https:\/\/www.welovecycling.com\/sk\/2018\/01\/21\/lacne-vybavenie-ktore-vam-sprijemni-zimne-vyjazdy\/#primaryimage\"},\"image\":{\"@id\":\"https:\/\/www.welovecycling.com\/sk\/2018\/01\/21\/lacne-vybavenie-ktore-vam-sprijemni-zimne-vyjazdy\/#primaryimage\"},\"thumbnailUrl\":\"https:\/\/d2p6e6u75xmxt8.cloudfront.net\/4\/2018\/01\/profimedia-0357945779-1.webp\",\"datePublished\":\"2018-01-21T15:09:40+00:00\",\"author\":{\"@id\":\"https:\/\/www.welovecycling.com\/sk\/#\/schema\/person\/8ee09ba39b7e25b1870160aa5b3a89bc\"},\"breadcrumb\":{\"@id\":\"https:\/\/www.welovecycling.com\/sk\/2018\/01\/21\/lacne-vybavenie-ktore-vam-sprijemni-zimne-vyjazdy\/#breadcrumb\"},\"inLanguage\":\"sk-SK\",\"potentialAction\":[{\"@type\":\"ReadAction\",\"target\":[\"https:\/\/www.welovecycling.com\/sk\/2018\/01\/21\/lacne-vybavenie-ktore-vam-sprijemni-zimne-vyjazdy\/\"]}]},{\"@type\":\"ImageObject\",\"inLanguage\":\"sk-SK\",\"@id\":\"https:\/\/www.welovecycling.com\/sk\/2018\/01\/21\/lacne-vybavenie-ktore-vam-sprijemni-zimne-vyjazdy\/#primaryimage\",\"url\":\"https:\/\/d2p6e6u75xmxt8.cloudfront.net\/4\/2018\/01\/profimedia-0357945779-1.webp\",\"contentUrl\":\"https:\/\/d2p6e6u75xmxt8.cloudfront.net\/4\/2018\/01\/profimedia-0357945779-1.webp\",\"width\":1366,\"height\":600},{\"@type\":\"BreadcrumbList\",\"@id\":\"https:\/\/www.welovecycling.com\/sk\/2018\/01\/21\/lacne-vybavenie-ktore-vam-sprijemni-zimne-vyjazdy\/#breadcrumb\",\"itemListElement\":[{\"@type\":\"ListItem\",\"position\":1,\"name\":\"Home\",\"item\":\"https:\/\/www.welovecycling.com\/sk\/\"},{\"@type\":\"ListItem\",\"position\":2,\"name\":\"Lacn\u00e9 vybavenie, ktor\u00e9 v\u00e1m spr\u00edjemn\u00ed zimn\u00e9 v\u00fdjazdy\"}]},{\"@type\":\"WebSite\",\"@id\":\"https:\/\/www.welovecycling.com\/sk\/#website\",\"url\":\"https:\/\/www.welovecycling.com\/sk\/\",\"name\":\"\u0160koda We Love Cycling Slovensko\",\"description\":\"\u0160koda We Love Cycling Slovensko je v\u00e1\u0161 ka\u017edodenn\u00fd zdroj noviniek a in\u0161pir\u00e1cie z sveta cyklistiky\",\"potentialAction\":[{\"@type\":\"SearchAction\",\"target\":{\"@type\":\"EntryPoint\",\"urlTemplate\":\"https:\/\/www.welovecycling.com\/sk\/?s={search_term_string}\"},\"query-input\":{\"@type\":\"PropertyValueSpecification\",\"valueRequired\":true,\"valueName\":\"search_term_string\"}}],\"inLanguage\":\"sk-SK\"},{\"@type\":\"Person\",\"@id\":\"https:\/\/www.welovecycling.com\/sk\/#\/schema\/person\/8ee09ba39b7e25b1870160aa5b3a89bc\",\"name\":\"Ondrej Ga\u0161par\",\"image\":{\"@type\":\"ImageObject\",\"inLanguage\":\"sk-SK\",\"@id\":\"https:\/\/www.welovecycling.com\/sk\/#\/schema\/person\/image\/\",\"url\":\"https:\/\/secure.gravatar.com\/avatar\/6126c9afb87b70da5abbb083ddbb21933da15f18f8ca7cb822aba0fb096a48f6?s=96&d=mm&r=g\",\"contentUrl\":\"https:\/\/secure.gravatar.com\/avatar\/6126c9afb87b70da5abbb083ddbb21933da15f18f8ca7cb822aba0fb096a48f6?s=96&d=mm&r=g\",\"caption\":\"Ondrej Ga\u0161par\"},\"url\":\"https:\/\/www.welovecycling.com\/sk\/author\/ondrejgaspar\/\"}]}<\/script>\n<!-- \/ Yoast SEO Premium plugin. -->","yoast_head_json":{"title":"Lacn\u00e9 vybavenie, ktor\u00e9 v\u00e1m spr\u00edjemn\u00ed zimn\u00e9 v\u00fdjazdy - \u0160koda We Love Cycling Slovensko","robots":{"index":"index","follow":"follow","max-snippet":"max-snippet:-1","max-image-preview":"max-image-preview:large","max-video-preview":"max-video-preview:-1"},"canonical":"https:\/\/www.welovecycling.com\/sk\/2018\/01\/21\/lacne-vybavenie-ktore-vam-sprijemni-zimne-vyjazdy\/","og_locale":"sk_SK","og_type":"article","og_title":"Lacn\u00e9 vybavenie, ktor\u00e9 v\u00e1m spr\u00edjemn\u00ed zimn\u00e9 v\u00fdjazdy","og_description":"Ka\u017ed\u00fd vn\u00edma chlad inak. Pre niekoho s\u00fa teploty okolo 0\u00b0C d\u00f4vodom zosta\u0165 doma, niekto si u\u017e\u00edva pohyb aj pri \u2013 [&hellip;]","og_url":"https:\/\/www.welovecycling.com\/sk\/2018\/01\/21\/lacne-vybavenie-ktore-vam-sprijemni-zimne-vyjazdy\/","og_site_name":"\u0160koda We Love Cycling Slovensko","article_published_time":"2018-01-21T15:09:40+00:00","og_image":[{"width":1366,"height":600,"url":"https:\/\/d2p6e6u75xmxt8.cloudfront.net\/4\/2018\/01\/profimedia-0357945779-1.webp","type":"image\/webp"}],"author":"Ondrej Ga\u0161par","twitter_card":"summary_large_image","twitter_misc":{"Written by":"We Love Cycling","Est. reading time":"3 minutes"},"schema":{"@context":"https:\/\/schema.org","@graph":[{"@type":"WebPage","@id":"https:\/\/www.welovecycling.com\/sk\/2018\/01\/21\/lacne-vybavenie-ktore-vam-sprijemni-zimne-vyjazdy\/","url":"https:\/\/www.welovecycling.com\/sk\/2018\/01\/21\/lacne-vybavenie-ktore-vam-sprijemni-zimne-vyjazdy\/","name":"Lacn\u00e9 vybavenie, ktor\u00e9 v\u00e1m spr\u00edjemn\u00ed zimn\u00e9 v\u00fdjazdy - \u0160koda We Love Cycling Slovensko","isPartOf":{"@id":"https:\/\/www.welovecycling.com\/sk\/#website"},"primaryImageOfPage":{"@id":"https:\/\/www.welovecycling.com\/sk\/2018\/01\/21\/lacne-vybavenie-ktore-vam-sprijemni-zimne-vyjazdy\/#primaryimage"},"image":{"@id":"https:\/\/www.welovecycling.com\/sk\/2018\/01\/21\/lacne-vybavenie-ktore-vam-sprijemni-zimne-vyjazdy\/#primaryimage"},"thumbnailUrl":"https:\/\/d2p6e6u75xmxt8.cloudfront.net\/4\/2018\/01\/profimedia-0357945779-1.webp","datePublished":"2018-01-21T15:09:40+00:00","author":{"@id":"https:\/\/www.welovecycling.com\/sk\/#\/schema\/person\/8ee09ba39b7e25b1870160aa5b3a89bc"},"breadcrumb":{"@id":"https:\/\/www.welovecycling.com\/sk\/2018\/01\/21\/lacne-vybavenie-ktore-vam-sprijemni-zimne-vyjazdy\/#breadcrumb"},"inLanguage":"sk-SK","potentialAction":[{"@type":"ReadAction","target":["https:\/\/www.welovecycling.com\/sk\/2018\/01\/21\/lacne-vybavenie-ktore-vam-sprijemni-zimne-vyjazdy\/"]}]},{"@type":"ImageObject","inLanguage":"sk-SK","@id":"https:\/\/www.welovecycling.com\/sk\/2018\/01\/21\/lacne-vybavenie-ktore-vam-sprijemni-zimne-vyjazdy\/#primaryimage","url":"https:\/\/d2p6e6u75xmxt8.cloudfront.net\/4\/2018\/01\/profimedia-0357945779-1.webp","contentUrl":"https:\/\/d2p6e6u75xmxt8.cloudfront.net\/4\/2018\/01\/profimedia-0357945779-1.webp","width":1366,"height":600},{"@type":"BreadcrumbList","@id":"https:\/\/www.welovecycling.com\/sk\/2018\/01\/21\/lacne-vybavenie-ktore-vam-sprijemni-zimne-vyjazdy\/#breadcrumb","itemListElement":[{"@type":"ListItem","position":1,"name":"Home","item":"https:\/\/www.welovecycling.com\/sk\/"},{"@type":"ListItem","position":2,"name":"Lacn\u00e9 vybavenie, ktor\u00e9 v\u00e1m spr\u00edjemn\u00ed zimn\u00e9 v\u00fdjazdy"}]},{"@type":"WebSite","@id":"https:\/\/www.welovecycling.com\/sk\/#website","url":"https:\/\/www.welovecycling.com\/sk\/","name":"\u0160koda We Love Cycling Slovensko","description":"\u0160koda We Love Cycling Slovensko je v\u00e1\u0161 ka\u017edodenn\u00fd zdroj noviniek a in\u0161pir\u00e1cie z sveta cyklistiky","potentialAction":[{"@type":"SearchAction","target":{"@type":"EntryPoint","urlTemplate":"https:\/\/www.welovecycling.com\/sk\/?s={search_term_string}"},"query-input":{"@type":"PropertyValueSpecification","valueRequired":true,"valueName":"search_term_string"}}],"inLanguage":"sk-SK"},{"@type":"Person","@id":"https:\/\/www.welovecycling.com\/sk\/#\/schema\/person\/8ee09ba39b7e25b1870160aa5b3a89bc","name":"Ondrej Ga\u0161par","image":{"@type":"ImageObject","inLanguage":"sk-SK","@id":"https:\/\/www.welovecycling.com\/sk\/#\/schema\/person\/image\/","url":"https:\/\/secure.gravatar.com\/avatar\/6126c9afb87b70da5abbb083ddbb21933da15f18f8ca7cb822aba0fb096a48f6?s=96&d=mm&r=g","contentUrl":"https:\/\/secure.gravatar.com\/avatar\/6126c9afb87b70da5abbb083ddbb21933da15f18f8ca7cb822aba0fb096a48f6?s=96&d=mm&r=g","caption":"Ondrej Ga\u0161par"},"url":"https:\/\/www.welovecycling.com\/sk\/author\/ondrejgaspar\/"}]}},"_links":{"self":[{"href":"https:\/\/www.welovecycling.com\/sk\/wp-json\/wp\/v2\/posts\/3120","targetHints":{"allow":["GET"]}}],"collection":[{"href":"https:\/\/www.welovecycling.com\/sk\/wp-json\/wp\/v2\/posts"}],"about":[{"href":"https:\/\/www.welovecycling.com\/sk\/wp-json\/wp\/v2\/types\/post"}],"author":[{"embeddable":true,"href":"https:\/\/www.welovecycling.com\/sk\/wp-json\/wp\/v2\/users\/38"}],"replies":[{"embeddable":true,"href":"https:\/\/www.welovecycling.com\/sk\/wp-json\/wp\/v2\/comments?post=3120"}],"version-history":[{"count":2,"href":"https:\/\/www.welovecycling.com\/sk\/wp-json\/wp\/v2\/posts\/3120\/revisions"}],"predecessor-version":[{"id":3144,"href":"https:\/\/www.welovecycling.com\/sk\/wp-json\/wp\/v2\/posts\/3120\/revisions\/3144"}],"wp:featuredmedia":[{"embeddable":true,"href":"https:\/\/www.welovecycling.com\/sk\/wp-json\/wp\/v2\/media\/3133"}],"wp:attachment":[{"href":"https:\/\/www.welovecycling.com\/sk\/wp-json\/wp\/v2\/media?parent=3120"}],"wp:term":[{"taxonomy":"category","embeddable":true,"href":"https:\/\/www.welovecycling.com\/sk\/wp-json\/wp\/v2\/categories?post=3120"},{"taxonomy":"post_tag","embeddable":true,"href":"https:\/\/www.welovecycling.com\/sk\/wp-json\/wp\/v2\/tags?post=3120"},{"taxonomy":"global-categories","embeddable":true,"href":"https:\/\/www.welovecycling.com\/sk\/wp-json\/wp\/v2\/global-categories?post=3120"}],"curies":[{"name":"wp","href":"https:\/\/api.w.org\/{rel}","templated":true}]}}