{"id":3000,"date":"2017-12-22T22:42:27","date_gmt":"2017-12-22T21:42:27","guid":{"rendered":"https:\/\/www.welovecycling.com\/sk\/?p=3000"},"modified":"2017-12-22T22:42:27","modified_gmt":"2017-12-22T21:42:27","slug":"zlaty-pedal-2017","status":"publish","type":"post","link":"https:\/\/www.welovecycling.com\/sk\/2017\/12\/22\/zlaty-pedal-2017\/","title":{"rendered":"Zlat\u00fd ped\u00e1l 2017: Pozn\u00e1me najlep\u0161\u00edch slovensk\u00fdch cyklistov"},"content":{"rendered":"<p><strong>Na v\u010deraj\u0161om sl\u00e1vnostnom galave\u010deri odovzd\u00e1vali predstavitelia Slovensk\u00e9ho zv\u00e4zu cyklistiky ocenenia najlep\u0161\u00edm slovensk\u00fdm cyklistom roka 2017.<\/strong><\/p>\n<p><!--more--><\/p>\n<p>Nikoho pravdepodobne neprekvap\u00ed, \u017ee hlavn\u00fa cenu cyklistu roka u\u017e po \u00f4smy raz (7x v rade) obh\u00e1jil trojn\u00e1sobn\u00fd majster sveta z Bergenu, Pe\u0165o Sagan.<\/p>\n<p>https:\/\/www.youtube.com\/watch?v=g8SzDixA1Jc<\/p>\n<p>Okrem Petra Sagana na ceste a Martina Haringa v cyklokrose sa vo v\u0161etk\u00fdch discipl\u00ednach objavili nov\u00e9 men\u00e1. Zlat\u00fd ped\u00e1l a cenu za celkov\u00e9 prv\u00e9 miesto v cestnej cyklistike prevzal v mene Petra Sagana jeho otec, galave\u010dera sa nakoniec nez\u00fa\u010dastnil ani jeho brat Juraj, preto\u017ee spolu s ostatn\u00fdmi jazdcami z profi pelot\u00f3nu uviazli na letisku.<\/p>\n<h2><strong>Ocenen\u00ed \u0161portovci vo v\u0161etk\u00fdch kateg\u00f3riach Cyklistu roka:<\/strong><\/h2>\n<p><strong>Zlat\u00fd ped\u00e1l:<\/strong> 1. Peter Sagan, 2. Patrik Tybor, 3. Samuel Hlavat\u00fd<\/p>\n<p><strong>Cestn\u00e1 cyklistika:<\/strong> Peter Sagan<\/p>\n<p><strong>Cyklotrial: <\/strong>Samuel Hlavat\u00fd<\/p>\n<p><strong>Cyklokros:<\/strong> Martin Haring<\/p>\n<p><strong>S\u00e1lov\u00e1 cyklistika:<\/strong> Alica Vinczeov\u00e1, Vikt\u00f3ria Glof\u00e1kov\u00e1, Henriett Dominov\u00e1, D\u00f3ra Szab\u00f3ov\u00e1<\/p>\n<p><strong>Masters: <\/strong>Martina \u0160ichtov\u00e1<\/p>\n<p><strong>Paracyklistika: <\/strong>Anna Oroszov\u00e1<\/p>\n<p><strong>BMX\/bikros:<\/strong> Patrik Nagy<\/p>\n<p><strong>Horsk\u00e1 cyklistika zjazd\/four cross:<\/strong> Rastislav Bar\u00e1nek<\/p>\n<p><strong>Cross country:<\/strong> Filip Sklen\u00e1rik<\/p>\n<p><strong>Dr\u00e1hov\u00e1 cyklistika:<\/strong> Mat\u00fa\u0161 \u0160to\u010dek<\/p>\n<p><strong>Talent roka: <\/strong>Martin Chren<\/p>\n<p>V\u0161etk\u00fdm srde\u010dne blaho\u017eel\u00e1me a prajeme ve\u013ea \u00faspechov (a nech sa im dobre \u0161liape)!<\/p>\n<p>&nbsp;<\/p>\n<p><strong>V\u00ed\u0165azn\u00e1 \u0161n\u00fara pokra\u010duje aj dnes! Peter Sagan je \u0160portovec roka 2017!<\/strong><\/p>\n","protected":false},"excerpt":{"rendered":"<p>Na v\u010deraj\u0161om sl\u00e1vnostnom galave\u010deri odovzd\u00e1vali predstavitelia Slovensk\u00e9ho zv\u00e4zu cyklistiky ocenenia najlep\u0161\u00edm slovensk\u00fdm cyklistom roka 2017.<\/p>\n","protected":false},"author":38,"featured_media":2313,"comment_status":"open","ping_status":"open","sticky":false,"template":"","format":"standard","meta":{"footnotes":""},"categories":[4,3],"tags":[46,367,366],"global-categories":[],"class_list":["post-3000","post","type-post","status-publish","format-standard","has-post-thumbnail","hentry","category-cestna-cyklisitika","category-mtb","tag-peter-sagan","tag-slovensky-zvaz-cyklistiky","tag-zlaty-pedal"],"yoast_head":"<!-- This site is optimized with the Yoast SEO Premium plugin v25.3 (Yoast SEO v25.9) - https:\/\/yoast.com\/wordpress\/plugins\/seo\/ -->\n<title>Zlat\u00fd ped\u00e1l 2017: Pozn\u00e1me najlep\u0161\u00edch slovensk\u00fdch cyklistov - \u0160koda We Love Cycling Slovensko<\/title>\n<meta name=\"robots\" content=\"index, follow, max-snippet:-1, max-image-preview:large, max-video-preview:-1\" \/>\n<link rel=\"canonical\" href=\"https:\/\/www.welovecycling.com\/sk\/2017\/12\/22\/zlaty-pedal-2017\/\" \/>\n<meta property=\"og:locale\" content=\"sk_SK\" \/>\n<meta property=\"og:type\" content=\"article\" \/>\n<meta property=\"og:title\" content=\"Zlat\u00fd ped\u00e1l 2017: Pozn\u00e1me najlep\u0161\u00edch slovensk\u00fdch cyklistov\" \/>\n<meta property=\"og:description\" content=\"Na v\u010deraj\u0161om sl\u00e1vnostnom galave\u010deri odovzd\u00e1vali predstavitelia Slovensk\u00e9ho zv\u00e4zu cyklistiky ocenenia najlep\u0161\u00edm slovensk\u00fdm cyklistom roka 2017.\" \/>\n<meta property=\"og:url\" content=\"https:\/\/www.welovecycling.com\/sk\/2017\/12\/22\/zlaty-pedal-2017\/\" \/>\n<meta property=\"og:site_name\" content=\"\u0160koda We Love Cycling Slovensko\" \/>\n<meta property=\"article:published_time\" content=\"2017-12-22T21:42:27+00:00\" \/>\n<meta property=\"og:image\" content=\"https:\/\/d2p6e6u75xmxt8.cloudfront.net\/4\/2017\/09\/01-3.webp\" \/>\n\t<meta property=\"og:image:width\" content=\"1375\" \/>\n\t<meta property=\"og:image:height\" content=\"600\" \/>\n\t<meta property=\"og:image:type\" content=\"image\/webp\" \/>\n<meta name=\"author\" content=\"Ondrej Ga\u0161par\" \/>\n<meta name=\"twitter:card\" content=\"summary_large_image\" \/>\n<meta name=\"twitter:label1\" content=\"Written by\" \/>\n\t<meta name=\"twitter:data1\" content=\"We Love Cycling\" \/>\n\t<meta name=\"twitter:label2\" content=\"Est. reading time\" \/>\n\t<meta name=\"twitter:data2\" content=\"1 minute\" \/>\n<script type=\"application\/ld+json\" class=\"yoast-schema-graph\">{\"@context\":\"https:\/\/schema.org\",\"@graph\":[{\"@type\":\"WebPage\",\"@id\":\"https:\/\/www.welovecycling.com\/sk\/2017\/12\/22\/zlaty-pedal-2017\/\",\"url\":\"https:\/\/www.welovecycling.com\/sk\/2017\/12\/22\/zlaty-pedal-2017\/\",\"name\":\"Zlat\u00fd ped\u00e1l 2017: Pozn\u00e1me najlep\u0161\u00edch slovensk\u00fdch cyklistov - \u0160koda We Love Cycling Slovensko\",\"isPartOf\":{\"@id\":\"https:\/\/www.welovecycling.com\/sk\/#website\"},\"primaryImageOfPage\":{\"@id\":\"https:\/\/www.welovecycling.com\/sk\/2017\/12\/22\/zlaty-pedal-2017\/#primaryimage\"},\"image\":{\"@id\":\"https:\/\/www.welovecycling.com\/sk\/2017\/12\/22\/zlaty-pedal-2017\/#primaryimage\"},\"thumbnailUrl\":\"https:\/\/d2p6e6u75xmxt8.cloudfront.net\/4\/2017\/09\/01-3.webp\",\"datePublished\":\"2017-12-22T21:42:27+00:00\",\"author\":{\"@id\":\"https:\/\/www.welovecycling.com\/sk\/#\/schema\/person\/8ee09ba39b7e25b1870160aa5b3a89bc\"},\"breadcrumb\":{\"@id\":\"https:\/\/www.welovecycling.com\/sk\/2017\/12\/22\/zlaty-pedal-2017\/#breadcrumb\"},\"inLanguage\":\"sk-SK\",\"potentialAction\":[{\"@type\":\"ReadAction\",\"target\":[\"https:\/\/www.welovecycling.com\/sk\/2017\/12\/22\/zlaty-pedal-2017\/\"]}]},{\"@type\":\"ImageObject\",\"inLanguage\":\"sk-SK\",\"@id\":\"https:\/\/www.welovecycling.com\/sk\/2017\/12\/22\/zlaty-pedal-2017\/#primaryimage\",\"url\":\"https:\/\/d2p6e6u75xmxt8.cloudfront.net\/4\/2017\/09\/01-3.webp\",\"contentUrl\":\"https:\/\/d2p6e6u75xmxt8.cloudfront.net\/4\/2017\/09\/01-3.webp\",\"width\":1375,\"height\":600},{\"@type\":\"BreadcrumbList\",\"@id\":\"https:\/\/www.welovecycling.com\/sk\/2017\/12\/22\/zlaty-pedal-2017\/#breadcrumb\",\"itemListElement\":[{\"@type\":\"ListItem\",\"position\":1,\"name\":\"Home\",\"item\":\"https:\/\/www.welovecycling.com\/sk\/\"},{\"@type\":\"ListItem\",\"position\":2,\"name\":\"Zlat\u00fd ped\u00e1l 2017: Pozn\u00e1me najlep\u0161\u00edch slovensk\u00fdch cyklistov\"}]},{\"@type\":\"WebSite\",\"@id\":\"https:\/\/www.welovecycling.com\/sk\/#website\",\"url\":\"https:\/\/www.welovecycling.com\/sk\/\",\"name\":\"\u0160koda We Love Cycling Slovensko\",\"description\":\"\u0160koda We Love Cycling Slovensko je v\u00e1\u0161 ka\u017edodenn\u00fd zdroj noviniek a in\u0161pir\u00e1cie z sveta cyklistiky\",\"potentialAction\":[{\"@type\":\"SearchAction\",\"target\":{\"@type\":\"EntryPoint\",\"urlTemplate\":\"https:\/\/www.welovecycling.com\/sk\/?s={search_term_string}\"},\"query-input\":{\"@type\":\"PropertyValueSpecification\",\"valueRequired\":true,\"valueName\":\"search_term_string\"}}],\"inLanguage\":\"sk-SK\"},{\"@type\":\"Person\",\"@id\":\"https:\/\/www.welovecycling.com\/sk\/#\/schema\/person\/8ee09ba39b7e25b1870160aa5b3a89bc\",\"name\":\"Ondrej Ga\u0161par\",\"image\":{\"@type\":\"ImageObject\",\"inLanguage\":\"sk-SK\",\"@id\":\"https:\/\/www.welovecycling.com\/sk\/#\/schema\/person\/image\/\",\"url\":\"https:\/\/secure.gravatar.com\/avatar\/6126c9afb87b70da5abbb083ddbb21933da15f18f8ca7cb822aba0fb096a48f6?s=96&d=mm&r=g\",\"contentUrl\":\"https:\/\/secure.gravatar.com\/avatar\/6126c9afb87b70da5abbb083ddbb21933da15f18f8ca7cb822aba0fb096a48f6?s=96&d=mm&r=g\",\"caption\":\"Ondrej Ga\u0161par\"},\"url\":\"https:\/\/www.welovecycling.com\/sk\/author\/ondrejgaspar\/\"}]}<\/script>\n<!-- \/ Yoast SEO Premium plugin. -->","yoast_head_json":{"title":"Zlat\u00fd ped\u00e1l 2017: Pozn\u00e1me najlep\u0161\u00edch slovensk\u00fdch cyklistov - \u0160koda We Love Cycling Slovensko","robots":{"index":"index","follow":"follow","max-snippet":"max-snippet:-1","max-image-preview":"max-image-preview:large","max-video-preview":"max-video-preview:-1"},"canonical":"https:\/\/www.welovecycling.com\/sk\/2017\/12\/22\/zlaty-pedal-2017\/","og_locale":"sk_SK","og_type":"article","og_title":"Zlat\u00fd ped\u00e1l 2017: Pozn\u00e1me najlep\u0161\u00edch slovensk\u00fdch cyklistov","og_description":"Na v\u010deraj\u0161om sl\u00e1vnostnom galave\u010deri odovzd\u00e1vali predstavitelia Slovensk\u00e9ho zv\u00e4zu cyklistiky ocenenia najlep\u0161\u00edm slovensk\u00fdm cyklistom roka 2017.","og_url":"https:\/\/www.welovecycling.com\/sk\/2017\/12\/22\/zlaty-pedal-2017\/","og_site_name":"\u0160koda We Love Cycling Slovensko","article_published_time":"2017-12-22T21:42:27+00:00","og_image":[{"width":1375,"height":600,"url":"https:\/\/d2p6e6u75xmxt8.cloudfront.net\/4\/2017\/09\/01-3.webp","type":"image\/webp"}],"author":"Ondrej Ga\u0161par","twitter_card":"summary_large_image","twitter_misc":{"Written by":"We Love Cycling","Est. reading time":"1 minute"},"schema":{"@context":"https:\/\/schema.org","@graph":[{"@type":"WebPage","@id":"https:\/\/www.welovecycling.com\/sk\/2017\/12\/22\/zlaty-pedal-2017\/","url":"https:\/\/www.welovecycling.com\/sk\/2017\/12\/22\/zlaty-pedal-2017\/","name":"Zlat\u00fd ped\u00e1l 2017: Pozn\u00e1me najlep\u0161\u00edch slovensk\u00fdch cyklistov - \u0160koda We Love Cycling Slovensko","isPartOf":{"@id":"https:\/\/www.welovecycling.com\/sk\/#website"},"primaryImageOfPage":{"@id":"https:\/\/www.welovecycling.com\/sk\/2017\/12\/22\/zlaty-pedal-2017\/#primaryimage"},"image":{"@id":"https:\/\/www.welovecycling.com\/sk\/2017\/12\/22\/zlaty-pedal-2017\/#primaryimage"},"thumbnailUrl":"https:\/\/d2p6e6u75xmxt8.cloudfront.net\/4\/2017\/09\/01-3.webp","datePublished":"2017-12-22T21:42:27+00:00","author":{"@id":"https:\/\/www.welovecycling.com\/sk\/#\/schema\/person\/8ee09ba39b7e25b1870160aa5b3a89bc"},"breadcrumb":{"@id":"https:\/\/www.welovecycling.com\/sk\/2017\/12\/22\/zlaty-pedal-2017\/#breadcrumb"},"inLanguage":"sk-SK","potentialAction":[{"@type":"ReadAction","target":["https:\/\/www.welovecycling.com\/sk\/2017\/12\/22\/zlaty-pedal-2017\/"]}]},{"@type":"ImageObject","inLanguage":"sk-SK","@id":"https:\/\/www.welovecycling.com\/sk\/2017\/12\/22\/zlaty-pedal-2017\/#primaryimage","url":"https:\/\/d2p6e6u75xmxt8.cloudfront.net\/4\/2017\/09\/01-3.webp","contentUrl":"https:\/\/d2p6e6u75xmxt8.cloudfront.net\/4\/2017\/09\/01-3.webp","width":1375,"height":600},{"@type":"BreadcrumbList","@id":"https:\/\/www.welovecycling.com\/sk\/2017\/12\/22\/zlaty-pedal-2017\/#breadcrumb","itemListElement":[{"@type":"ListItem","position":1,"name":"Home","item":"https:\/\/www.welovecycling.com\/sk\/"},{"@type":"ListItem","position":2,"name":"Zlat\u00fd ped\u00e1l 2017: Pozn\u00e1me najlep\u0161\u00edch slovensk\u00fdch cyklistov"}]},{"@type":"WebSite","@id":"https:\/\/www.welovecycling.com\/sk\/#website","url":"https:\/\/www.welovecycling.com\/sk\/","name":"\u0160koda We Love Cycling Slovensko","description":"\u0160koda We Love Cycling Slovensko je v\u00e1\u0161 ka\u017edodenn\u00fd zdroj noviniek a in\u0161pir\u00e1cie z sveta cyklistiky","potentialAction":[{"@type":"SearchAction","target":{"@type":"EntryPoint","urlTemplate":"https:\/\/www.welovecycling.com\/sk\/?s={search_term_string}"},"query-input":{"@type":"PropertyValueSpecification","valueRequired":true,"valueName":"search_term_string"}}],"inLanguage":"sk-SK"},{"@type":"Person","@id":"https:\/\/www.welovecycling.com\/sk\/#\/schema\/person\/8ee09ba39b7e25b1870160aa5b3a89bc","name":"Ondrej Ga\u0161par","image":{"@type":"ImageObject","inLanguage":"sk-SK","@id":"https:\/\/www.welovecycling.com\/sk\/#\/schema\/person\/image\/","url":"https:\/\/secure.gravatar.com\/avatar\/6126c9afb87b70da5abbb083ddbb21933da15f18f8ca7cb822aba0fb096a48f6?s=96&d=mm&r=g","contentUrl":"https:\/\/secure.gravatar.com\/avatar\/6126c9afb87b70da5abbb083ddbb21933da15f18f8ca7cb822aba0fb096a48f6?s=96&d=mm&r=g","caption":"Ondrej Ga\u0161par"},"url":"https:\/\/www.welovecycling.com\/sk\/author\/ondrejgaspar\/"}]}},"_links":{"self":[{"href":"https:\/\/www.welovecycling.com\/sk\/wp-json\/wp\/v2\/posts\/3000","targetHints":{"allow":["GET"]}}],"collection":[{"href":"https:\/\/www.welovecycling.com\/sk\/wp-json\/wp\/v2\/posts"}],"about":[{"href":"https:\/\/www.welovecycling.com\/sk\/wp-json\/wp\/v2\/types\/post"}],"author":[{"embeddable":true,"href":"https:\/\/www.welovecycling.com\/sk\/wp-json\/wp\/v2\/users\/38"}],"replies":[{"embeddable":true,"href":"https:\/\/www.welovecycling.com\/sk\/wp-json\/wp\/v2\/comments?post=3000"}],"version-history":[{"count":2,"href":"https:\/\/www.welovecycling.com\/sk\/wp-json\/wp\/v2\/posts\/3000\/revisions"}],"predecessor-version":[{"id":3009,"href":"https:\/\/www.welovecycling.com\/sk\/wp-json\/wp\/v2\/posts\/3000\/revisions\/3009"}],"wp:featuredmedia":[{"embeddable":true,"href":"https:\/\/www.welovecycling.com\/sk\/wp-json\/wp\/v2\/media\/2313"}],"wp:attachment":[{"href":"https:\/\/www.welovecycling.com\/sk\/wp-json\/wp\/v2\/media?parent=3000"}],"wp:term":[{"taxonomy":"category","embeddable":true,"href":"https:\/\/www.welovecycling.com\/sk\/wp-json\/wp\/v2\/categories?post=3000"},{"taxonomy":"post_tag","embeddable":true,"href":"https:\/\/www.welovecycling.com\/sk\/wp-json\/wp\/v2\/tags?post=3000"},{"taxonomy":"global-categories","embeddable":true,"href":"https:\/\/www.welovecycling.com\/sk\/wp-json\/wp\/v2\/global-categories?post=3000"}],"curies":[{"name":"wp","href":"https:\/\/api.w.org\/{rel}","templated":true}]}}