{"id":2926,"date":"2017-12-11T21:11:43","date_gmt":"2017-12-11T20:11:43","guid":{"rendered":"https:\/\/www.welovecycling.com\/sk\/?p=2926"},"modified":"2017-12-18T13:10:59","modified_gmt":"2017-12-18T12:10:59","slug":"sudny-spor-sa-skoncil-uci-vzala-ponaucenie-do-buducnosti","status":"publish","type":"post","link":"https:\/\/www.welovecycling.com\/sk\/2017\/12\/11\/sudny-spor-sa-skoncil-uci-vzala-ponaucenie-do-buducnosti\/","title":{"rendered":"S\u00fadny spor sa skon\u010dil, UCI si vzala ponau\u010denie do bud\u00facnosti"},"content":{"rendered":"<p><strong>T\u00edm Petra Sagana Bora Hansgrohe a UCI sa spolo\u010dne dohodli o ukon\u010den\u00ed sporu na Medzin\u00e1rodnom \u0161portovom s\u00fade v Lausanne (CAS). <\/strong><!--more--><\/p>\n<p>V\u0161etko sa to zomlelo v osudovej 4. etape tohtoro\u010dnej Tour de France s cie\u013eom v meste Vittel. Vo vyp\u00e4tom fin\u00e1lovom \u0161purte skon\u010dili na zemi viacer\u00ed, no najviac pozornosti up\u00fatal p\u00e1d Marka Cavendisha do bo\u010dn\u00fdch bari\u00e9r. Na prv\u00fd poh\u013ead to vyzeralo, \u017ee ho tam poslal n\u00e1\u0161 Peter Sagan svoj\u00edm vytr\u010den\u00fdm lak\u0165om. Ten po dojazde tvrdil, \u017ee sa len sna\u017eil zabr\u00e1ni\u0165 p\u00e1du. \u017dia\u013e po 2 hodin\u00e1ch \u0161tudovania z\u00e1znamov sa UCI rozhodcovia rozhodli posla\u0165 n\u00e1\u0161ho cyklistu domov&#8230;<\/p>\n<lite-youtube videoid=mgwZsxukSL8 params=\"enablejsapi=1\" style=\"background-image: url('https:\/\/i.ytimg.com\/vi_webp\/mgwZsxukSL8\/maxresdefault.webp');\"><\/lite-youtube>\n<p>\u010co nasledovalo potom by sa dalo prirovna\u0165 k lav\u00edne r\u00f4znych vide\u00ed a d\u00f4kazov, ktor\u00e9 pomerne jasne ukazovali, \u017ee Sagan nemal in\u00fa mo\u017enos\u0165 a neposlal Cavendisha k zemi \u00famyselne. Ka\u017edop\u00e1dne bol to pr\u00e1ve on, kto si zachoval chladn\u00fa hlavu, a to aj po\u010das n\u00e1sledn\u00fdch diskusi\u00ed. Navy\u0161e, hne\u010f po dojazde bol osobne za Cavendishom medzi prv\u00fdmi. Ni\u010d to ale nezmenilo na fakte, \u017ee sa po 4. etape s Tour rozl\u00fa\u010dili obaja. Canvedish n\u00e1sledkom zranenia a Sagan v\u010faka rozhodnutiu komis\u00e1rov.<\/p>\n<lite-youtube videoid=EuEHhi4FX4w params=\"enablejsapi=1\" style=\"background-image: url('https:\/\/i.ytimg.com\/vi_webp\/EuEHhi4FX4w\/maxresdefault.webp');\"><\/lite-youtube>\n<p>T\u00edm Bora Hansgrohe \u017eiadal, aby bola diskvalifik\u00e1cia do\u010dasne suspendovan\u00e1, no CAS t\u00fato \u017eiados\u0165 zamietla. Obe strany v\u0161ak dostali mo\u017enos\u0165 poskytn\u00fa\u0165 d\u00f4kazy na decembrovom stretnut\u00ed na arbirtr\u00e1\u017ei v Lausanne. To sa konalo 5. decembra a obe strany do\u0161li k dohode, \u017ee sa jednalo o ne\u0161\u0165astn\u00fa zhodu okolnost\u00ed a komis\u00e1ri UCI rozhodli v r\u00e1mci mo\u017enost\u00ed, ktor\u00e9 mali k dispoz\u00edcii. To s\u00edce Petra Sagana do v\u00fdsledkov Tour de France 2017 nevr\u00e1ti, no ove\u013ea d\u00f4le\u017eitej\u0161ie v tomto pr\u00edpade je dobr\u00e9 meno cyklistiky. Pr\u00e1ve to mo\u017eno pova\u017eova\u0165 za v\u00ed\u0165aza cel\u00e9ho sporu a v\u00fdsledkom bude snaha o predch\u00e1dzanie podobn\u00fdm ne\u0161\u0165astn\u00fdm rozhodnutiam. Tomu m\u00e1 napom\u00f4c\u0165 aj nov\u00e1 funkcia \u0161peci\u00e1lneho video experta v bud\u00facnosti.<\/p>\n<p><a href=\"https:\/\/www.instagram.com\/p\/BWK_q42DVH5\/?taken-by=petosagan\">https:\/\/www.instagram.com\/p\/BWK_q42DVH5\/?taken-by=petosagan<\/a><\/p>\n<p>Samotn\u00fd Peter Sagan sa vyjadril, \u017ee cel\u00fa situ\u00e1ciu u\u017e hodil d\u00e1vno za hlavu. Paradoxne pr\u00e1ve on mal najv\u00e4\u010d\u0161ie pr\u00e1vo sa hneva\u0165, ale \u010faleko osobnej\u0161ie cel\u00fa situ\u00e1ciu zobrali fan\u00fa\u0161ikovia, a samozrejme m\u00e9di\u00e1. D\u00f4kazom a odpove\u010fou v jednom bolo Saganove v\u00ed\u0165azstvo \u201echladnou hlavou\u201c na majstrovstv\u00e1ch sveta v Bergene, a e\u0161te predt\u00fdm fam\u00f3zne v\u00fdkony na Okolo Po\u013eska. Jednoducho konanie hodn\u00e9 ve\u013ek\u00e9ho \u0161ampi\u00f3na, ktor\u00fd namiesto re\u010d\u00ed nechal prehovori\u0165 svoje nohy&#8230;<\/p>\n<p><a href=\"https:\/\/www.instagram.com\/p\/BXYl2MLDXhi\/?taken-by=petosagan\">https:\/\/www.instagram.com\/p\/BXYl2MLDXhi\/?taken-by=petosagan<\/a><\/p>\n<p><a href=\"https:\/\/www.instagram.com\/p\/BZblh3yjaxO\/?taken-by=petosagan\">https:\/\/www.instagram.com\/p\/BZblh3yjaxO\/?taken-by=petosagan<\/a><\/p>\n<p>(\u00favodn\u00e1 fotka: FB Le Tour de France)<\/p>\n","protected":false},"excerpt":{"rendered":"<p>T\u00edm Petra Sagana Bora Hansgrohe a UCI sa spolo\u010dne dohodli o ukon\u010den\u00ed sporu na Medzin\u00e1rodnom \u0161portovom s\u00fade v Lausanne (CAS).<\/p>\n","protected":false},"author":38,"featured_media":2935,"comment_status":"open","ping_status":"open","sticky":false,"template":"","format":"standard","meta":{"footnotes":""},"categories":[4,34,117],"tags":[115,281,136,46,179,20,355,106],"global-categories":[],"class_list":["post-2926","post","type-post","status-publish","format-standard","has-post-thumbnail","hentry","category-cestna-cyklisitika","category-podujatia","category-tour-de-france","tag-cestna-cyklistika","tag-majstrovstva-sveta","tag-mark-cavendish","tag-peter-sagan","tag-preteky","tag-tour-de-france","tag-uci","tag-uci-worldtour"],"yoast_head":"<!-- This site is optimized with the Yoast SEO Premium plugin v25.3 (Yoast SEO v25.9) - https:\/\/yoast.com\/wordpress\/plugins\/seo\/ -->\n<title>S\u00fadny spor sa skon\u010dil, UCI si vzala ponau\u010denie do bud\u00facnosti - \u0160koda We Love Cycling Slovensko<\/title>\n<meta name=\"robots\" content=\"index, follow, max-snippet:-1, max-image-preview:large, max-video-preview:-1\" \/>\n<link rel=\"canonical\" href=\"https:\/\/www.welovecycling.com\/sk\/2017\/12\/11\/sudny-spor-sa-skoncil-uci-vzala-ponaucenie-do-buducnosti\/\" \/>\n<meta property=\"og:locale\" content=\"sk_SK\" \/>\n<meta property=\"og:type\" content=\"article\" \/>\n<meta property=\"og:title\" content=\"S\u00fadny spor sa skon\u010dil, UCI si vzala ponau\u010denie do bud\u00facnosti\" \/>\n<meta property=\"og:description\" content=\"T\u00edm Petra Sagana Bora Hansgrohe a UCI sa spolo\u010dne dohodli o ukon\u010den\u00ed sporu na Medzin\u00e1rodnom \u0161portovom s\u00fade v Lausanne (CAS).\" \/>\n<meta property=\"og:url\" content=\"https:\/\/www.welovecycling.com\/sk\/2017\/12\/11\/sudny-spor-sa-skoncil-uci-vzala-ponaucenie-do-buducnosti\/\" \/>\n<meta property=\"og:site_name\" content=\"\u0160koda We Love Cycling Slovensko\" \/>\n<meta property=\"article:published_time\" content=\"2017-12-11T20:11:43+00:00\" \/>\n<meta property=\"article:modified_time\" content=\"2017-12-18T12:10:59+00:00\" \/>\n<meta property=\"og:image\" content=\"https:\/\/d2p6e6u75xmxt8.cloudfront.net\/4\/2017\/12\/uvodna_sagan.webp\" \/>\n\t<meta property=\"og:image:width\" content=\"1375\" \/>\n\t<meta property=\"og:image:height\" content=\"600\" \/>\n\t<meta property=\"og:image:type\" content=\"image\/webp\" \/>\n<meta name=\"author\" content=\"Ondrej Ga\u0161par\" \/>\n<meta name=\"twitter:card\" content=\"summary_large_image\" \/>\n<meta name=\"twitter:label1\" content=\"Written by\" \/>\n\t<meta name=\"twitter:data1\" content=\"We Love Cycling\" \/>\n\t<meta name=\"twitter:label2\" content=\"Est. reading time\" \/>\n\t<meta name=\"twitter:data2\" content=\"2 minutes\" \/>\n<script type=\"application\/ld+json\" class=\"yoast-schema-graph\">{\"@context\":\"https:\/\/schema.org\",\"@graph\":[{\"@type\":\"WebPage\",\"@id\":\"https:\/\/www.welovecycling.com\/sk\/2017\/12\/11\/sudny-spor-sa-skoncil-uci-vzala-ponaucenie-do-buducnosti\/\",\"url\":\"https:\/\/www.welovecycling.com\/sk\/2017\/12\/11\/sudny-spor-sa-skoncil-uci-vzala-ponaucenie-do-buducnosti\/\",\"name\":\"S\u00fadny spor sa skon\u010dil, UCI si vzala ponau\u010denie do bud\u00facnosti - \u0160koda We Love Cycling Slovensko\",\"isPartOf\":{\"@id\":\"https:\/\/www.welovecycling.com\/sk\/#website\"},\"primaryImageOfPage\":{\"@id\":\"https:\/\/www.welovecycling.com\/sk\/2017\/12\/11\/sudny-spor-sa-skoncil-uci-vzala-ponaucenie-do-buducnosti\/#primaryimage\"},\"image\":{\"@id\":\"https:\/\/www.welovecycling.com\/sk\/2017\/12\/11\/sudny-spor-sa-skoncil-uci-vzala-ponaucenie-do-buducnosti\/#primaryimage\"},\"thumbnailUrl\":\"https:\/\/d2p6e6u75xmxt8.cloudfront.net\/4\/2017\/12\/uvodna_sagan.webp\",\"datePublished\":\"2017-12-11T20:11:43+00:00\",\"dateModified\":\"2017-12-18T12:10:59+00:00\",\"author\":{\"@id\":\"https:\/\/www.welovecycling.com\/sk\/#\/schema\/person\/8ee09ba39b7e25b1870160aa5b3a89bc\"},\"breadcrumb\":{\"@id\":\"https:\/\/www.welovecycling.com\/sk\/2017\/12\/11\/sudny-spor-sa-skoncil-uci-vzala-ponaucenie-do-buducnosti\/#breadcrumb\"},\"inLanguage\":\"sk-SK\",\"potentialAction\":[{\"@type\":\"ReadAction\",\"target\":[\"https:\/\/www.welovecycling.com\/sk\/2017\/12\/11\/sudny-spor-sa-skoncil-uci-vzala-ponaucenie-do-buducnosti\/\"]}]},{\"@type\":\"ImageObject\",\"inLanguage\":\"sk-SK\",\"@id\":\"https:\/\/www.welovecycling.com\/sk\/2017\/12\/11\/sudny-spor-sa-skoncil-uci-vzala-ponaucenie-do-buducnosti\/#primaryimage\",\"url\":\"https:\/\/d2p6e6u75xmxt8.cloudfront.net\/4\/2017\/12\/uvodna_sagan.webp\",\"contentUrl\":\"https:\/\/d2p6e6u75xmxt8.cloudfront.net\/4\/2017\/12\/uvodna_sagan.webp\",\"width\":1375,\"height\":600},{\"@type\":\"BreadcrumbList\",\"@id\":\"https:\/\/www.welovecycling.com\/sk\/2017\/12\/11\/sudny-spor-sa-skoncil-uci-vzala-ponaucenie-do-buducnosti\/#breadcrumb\",\"itemListElement\":[{\"@type\":\"ListItem\",\"position\":1,\"name\":\"Home\",\"item\":\"https:\/\/www.welovecycling.com\/sk\/\"},{\"@type\":\"ListItem\",\"position\":2,\"name\":\"S\u00fadny spor sa skon\u010dil, UCI si vzala ponau\u010denie do bud\u00facnosti\"}]},{\"@type\":\"WebSite\",\"@id\":\"https:\/\/www.welovecycling.com\/sk\/#website\",\"url\":\"https:\/\/www.welovecycling.com\/sk\/\",\"name\":\"\u0160koda We Love Cycling Slovensko\",\"description\":\"\u0160koda We Love Cycling Slovensko je v\u00e1\u0161 ka\u017edodenn\u00fd zdroj noviniek a in\u0161pir\u00e1cie z sveta cyklistiky\",\"potentialAction\":[{\"@type\":\"SearchAction\",\"target\":{\"@type\":\"EntryPoint\",\"urlTemplate\":\"https:\/\/www.welovecycling.com\/sk\/?s={search_term_string}\"},\"query-input\":{\"@type\":\"PropertyValueSpecification\",\"valueRequired\":true,\"valueName\":\"search_term_string\"}}],\"inLanguage\":\"sk-SK\"},{\"@type\":\"Person\",\"@id\":\"https:\/\/www.welovecycling.com\/sk\/#\/schema\/person\/8ee09ba39b7e25b1870160aa5b3a89bc\",\"name\":\"Ondrej Ga\u0161par\",\"image\":{\"@type\":\"ImageObject\",\"inLanguage\":\"sk-SK\",\"@id\":\"https:\/\/www.welovecycling.com\/sk\/#\/schema\/person\/image\/\",\"url\":\"https:\/\/secure.gravatar.com\/avatar\/6126c9afb87b70da5abbb083ddbb21933da15f18f8ca7cb822aba0fb096a48f6?s=96&d=mm&r=g\",\"contentUrl\":\"https:\/\/secure.gravatar.com\/avatar\/6126c9afb87b70da5abbb083ddbb21933da15f18f8ca7cb822aba0fb096a48f6?s=96&d=mm&r=g\",\"caption\":\"Ondrej Ga\u0161par\"},\"url\":\"https:\/\/www.welovecycling.com\/sk\/author\/ondrejgaspar\/\"}]}<\/script>\n<!-- \/ Yoast SEO Premium plugin. -->","yoast_head_json":{"title":"S\u00fadny spor sa skon\u010dil, UCI si vzala ponau\u010denie do bud\u00facnosti - \u0160koda We Love Cycling Slovensko","robots":{"index":"index","follow":"follow","max-snippet":"max-snippet:-1","max-image-preview":"max-image-preview:large","max-video-preview":"max-video-preview:-1"},"canonical":"https:\/\/www.welovecycling.com\/sk\/2017\/12\/11\/sudny-spor-sa-skoncil-uci-vzala-ponaucenie-do-buducnosti\/","og_locale":"sk_SK","og_type":"article","og_title":"S\u00fadny spor sa skon\u010dil, UCI si vzala ponau\u010denie do bud\u00facnosti","og_description":"T\u00edm Petra Sagana Bora Hansgrohe a UCI sa spolo\u010dne dohodli o ukon\u010den\u00ed sporu na Medzin\u00e1rodnom \u0161portovom s\u00fade v Lausanne (CAS).","og_url":"https:\/\/www.welovecycling.com\/sk\/2017\/12\/11\/sudny-spor-sa-skoncil-uci-vzala-ponaucenie-do-buducnosti\/","og_site_name":"\u0160koda We Love Cycling Slovensko","article_published_time":"2017-12-11T20:11:43+00:00","article_modified_time":"2017-12-18T12:10:59+00:00","og_image":[{"width":1375,"height":600,"url":"https:\/\/d2p6e6u75xmxt8.cloudfront.net\/4\/2017\/12\/uvodna_sagan.webp","type":"image\/webp"}],"author":"Ondrej Ga\u0161par","twitter_card":"summary_large_image","twitter_misc":{"Written by":"We Love Cycling","Est. reading time":"2 minutes"},"schema":{"@context":"https:\/\/schema.org","@graph":[{"@type":"WebPage","@id":"https:\/\/www.welovecycling.com\/sk\/2017\/12\/11\/sudny-spor-sa-skoncil-uci-vzala-ponaucenie-do-buducnosti\/","url":"https:\/\/www.welovecycling.com\/sk\/2017\/12\/11\/sudny-spor-sa-skoncil-uci-vzala-ponaucenie-do-buducnosti\/","name":"S\u00fadny spor sa skon\u010dil, UCI si vzala ponau\u010denie do bud\u00facnosti - \u0160koda We Love Cycling Slovensko","isPartOf":{"@id":"https:\/\/www.welovecycling.com\/sk\/#website"},"primaryImageOfPage":{"@id":"https:\/\/www.welovecycling.com\/sk\/2017\/12\/11\/sudny-spor-sa-skoncil-uci-vzala-ponaucenie-do-buducnosti\/#primaryimage"},"image":{"@id":"https:\/\/www.welovecycling.com\/sk\/2017\/12\/11\/sudny-spor-sa-skoncil-uci-vzala-ponaucenie-do-buducnosti\/#primaryimage"},"thumbnailUrl":"https:\/\/d2p6e6u75xmxt8.cloudfront.net\/4\/2017\/12\/uvodna_sagan.webp","datePublished":"2017-12-11T20:11:43+00:00","dateModified":"2017-12-18T12:10:59+00:00","author":{"@id":"https:\/\/www.welovecycling.com\/sk\/#\/schema\/person\/8ee09ba39b7e25b1870160aa5b3a89bc"},"breadcrumb":{"@id":"https:\/\/www.welovecycling.com\/sk\/2017\/12\/11\/sudny-spor-sa-skoncil-uci-vzala-ponaucenie-do-buducnosti\/#breadcrumb"},"inLanguage":"sk-SK","potentialAction":[{"@type":"ReadAction","target":["https:\/\/www.welovecycling.com\/sk\/2017\/12\/11\/sudny-spor-sa-skoncil-uci-vzala-ponaucenie-do-buducnosti\/"]}]},{"@type":"ImageObject","inLanguage":"sk-SK","@id":"https:\/\/www.welovecycling.com\/sk\/2017\/12\/11\/sudny-spor-sa-skoncil-uci-vzala-ponaucenie-do-buducnosti\/#primaryimage","url":"https:\/\/d2p6e6u75xmxt8.cloudfront.net\/4\/2017\/12\/uvodna_sagan.webp","contentUrl":"https:\/\/d2p6e6u75xmxt8.cloudfront.net\/4\/2017\/12\/uvodna_sagan.webp","width":1375,"height":600},{"@type":"BreadcrumbList","@id":"https:\/\/www.welovecycling.com\/sk\/2017\/12\/11\/sudny-spor-sa-skoncil-uci-vzala-ponaucenie-do-buducnosti\/#breadcrumb","itemListElement":[{"@type":"ListItem","position":1,"name":"Home","item":"https:\/\/www.welovecycling.com\/sk\/"},{"@type":"ListItem","position":2,"name":"S\u00fadny spor sa skon\u010dil, UCI si vzala ponau\u010denie do bud\u00facnosti"}]},{"@type":"WebSite","@id":"https:\/\/www.welovecycling.com\/sk\/#website","url":"https:\/\/www.welovecycling.com\/sk\/","name":"\u0160koda We Love Cycling Slovensko","description":"\u0160koda We Love Cycling Slovensko je v\u00e1\u0161 ka\u017edodenn\u00fd zdroj noviniek a in\u0161pir\u00e1cie z sveta cyklistiky","potentialAction":[{"@type":"SearchAction","target":{"@type":"EntryPoint","urlTemplate":"https:\/\/www.welovecycling.com\/sk\/?s={search_term_string}"},"query-input":{"@type":"PropertyValueSpecification","valueRequired":true,"valueName":"search_term_string"}}],"inLanguage":"sk-SK"},{"@type":"Person","@id":"https:\/\/www.welovecycling.com\/sk\/#\/schema\/person\/8ee09ba39b7e25b1870160aa5b3a89bc","name":"Ondrej Ga\u0161par","image":{"@type":"ImageObject","inLanguage":"sk-SK","@id":"https:\/\/www.welovecycling.com\/sk\/#\/schema\/person\/image\/","url":"https:\/\/secure.gravatar.com\/avatar\/6126c9afb87b70da5abbb083ddbb21933da15f18f8ca7cb822aba0fb096a48f6?s=96&d=mm&r=g","contentUrl":"https:\/\/secure.gravatar.com\/avatar\/6126c9afb87b70da5abbb083ddbb21933da15f18f8ca7cb822aba0fb096a48f6?s=96&d=mm&r=g","caption":"Ondrej Ga\u0161par"},"url":"https:\/\/www.welovecycling.com\/sk\/author\/ondrejgaspar\/"}]}},"_links":{"self":[{"href":"https:\/\/www.welovecycling.com\/sk\/wp-json\/wp\/v2\/posts\/2926","targetHints":{"allow":["GET"]}}],"collection":[{"href":"https:\/\/www.welovecycling.com\/sk\/wp-json\/wp\/v2\/posts"}],"about":[{"href":"https:\/\/www.welovecycling.com\/sk\/wp-json\/wp\/v2\/types\/post"}],"author":[{"embeddable":true,"href":"https:\/\/www.welovecycling.com\/sk\/wp-json\/wp\/v2\/users\/38"}],"replies":[{"embeddable":true,"href":"https:\/\/www.welovecycling.com\/sk\/wp-json\/wp\/v2\/comments?post=2926"}],"version-history":[{"count":2,"href":"https:\/\/www.welovecycling.com\/sk\/wp-json\/wp\/v2\/posts\/2926\/revisions"}],"predecessor-version":[{"id":2944,"href":"https:\/\/www.welovecycling.com\/sk\/wp-json\/wp\/v2\/posts\/2926\/revisions\/2944"}],"wp:featuredmedia":[{"embeddable":true,"href":"https:\/\/www.welovecycling.com\/sk\/wp-json\/wp\/v2\/media\/2935"}],"wp:attachment":[{"href":"https:\/\/www.welovecycling.com\/sk\/wp-json\/wp\/v2\/media?parent=2926"}],"wp:term":[{"taxonomy":"category","embeddable":true,"href":"https:\/\/www.welovecycling.com\/sk\/wp-json\/wp\/v2\/categories?post=2926"},{"taxonomy":"post_tag","embeddable":true,"href":"https:\/\/www.welovecycling.com\/sk\/wp-json\/wp\/v2\/tags?post=2926"},{"taxonomy":"global-categories","embeddable":true,"href":"https:\/\/www.welovecycling.com\/sk\/wp-json\/wp\/v2\/global-categories?post=2926"}],"curies":[{"name":"wp","href":"https:\/\/api.w.org\/{rel}","templated":true}]}}