{"id":2914,"date":"2017-12-20T12:33:01","date_gmt":"2017-12-20T11:33:01","guid":{"rendered":"https:\/\/www.welovecycling.com\/sk\/?p=2914"},"modified":"2017-12-20T13:31:18","modified_gmt":"2017-12-20T12:31:18","slug":"pozvanka-zimne-akcie","status":"publish","type":"post","link":"https:\/\/www.welovecycling.com\/sk\/2017\/12\/20\/pozvanka-zimne-akcie\/","title":{"rendered":"POZV\u00c1NKA: Zimn\u00e9 akcie na Slovensku"},"content":{"rendered":"<p><strong>O tom, \u017ee zima v skuto\u010dnosti nie je d\u00f4vod odlo\u017ei\u0165 bicykel, sved\u010dia aj viacer\u00e9 nie \u00faplne tradi\u010dn\u00e9 zimn\u00e9 akcie u n\u00e1s. Niektor\u00e9 v\u00e1m predstav\u00edme ni\u017e\u0161ie.<\/strong><!--more--><\/p>\n<p>V\u0161etky tri sp\u00e1ja jedno spolo\u010dn\u00e9. Nikdy toti\u017e dopredu neviete, ak\u00e9 bud\u00fa podmienky a \u013eahko sa m\u00f4\u017ee sta\u0165, \u017ee cyklistika sa zmen\u00ed na behanie s bicyklom. To je vec, s ktorou by mal ka\u017ed\u00fd zimn\u00fd jazdec r\u00e1ta\u0165 a treba sa pripravi\u0165 \u2013 nielen fyzicky, ale aj po psychickej str\u00e1nke, preto\u017ee pretekanie v snehu vie by\u0165 poriadne ub\u00edjaj\u00face&#8230;<\/p>\n<p>https:\/\/www.instagram.com\/p\/BcWqpmMhhjy\/?taken-by=bicyklom_po_slovensku<\/p>\n<h2><strong>Cyklon\u00e1rez \u2013 13. janu\u00e1r, Partiz\u00e1nska \u013dup\u010da<\/strong><\/h2>\n<p>Zrejme naj\u0165a\u017e\u0161iu trasu m\u00e1 v ponuke Cyklon\u00e1rez, ktor\u00fd minul\u00fd rok pri prvom ro\u010dn\u00edku \u201eu\u010daroval\u201c mnoh\u00fdm nad\u0161encom zimnej cyklistiky. Dlh\u0161ia trasa m\u00e1 d\u013a\u017eku s\u00edce iba 21 km, no prev\u00fd\u0161enie 1 000 metrov a cie\u013e v horskej osade Magurka na \u00fap\u00e4t\u00ed N\u00edzkych Tatier. Ak sa pridaj\u00fa n\u00e1ro\u010dn\u00e9 podmienky ako minul\u00fd rok, bud\u00fa ma\u0165 bikeri veru \u010do robi\u0165 a po prekonan\u00ed prv\u00e9ho kopca ich \u010dak\u00e1 fin\u00e1lne st\u00fapanie. Okrem toho je na v\u00fdber aj \u013eah\u0161\u00ed 17 km variant, ktor\u00fd v podstate st\u00fapa rovno na Magurku a pon\u00fakne prev\u00fd\u0161enie s hodnotou 630 metrov. Celkovo m\u00e1 akcia naozaj prav\u00fa horsk\u00fa atmosf\u00e9ru, ktor\u00e1 je e\u0161te umocnen\u00e1 cie\u013eom a vyhlasovan\u00edm na horskej chate. V\u0161etk\u00fdch \u00fa\u010dastn\u00edkov \u010dak\u00e1 n\u00e1sledne spolo\u010dn\u00fd presun nasp\u00e4\u0165 do Partiz\u00e1nskej \u013dup\u010de. Kompletn\u00e9 inform\u00e1cie n\u00e1jdete na str\u00e1nke podujatia <a href=\"http:\/\/www.bicyklomposlovensku.sk\/smartblog\/60_zimny-cyklonarez-2018.html\" target=\"_blank\" rel=\"noopener\">Cyklon\u00e1rezu<\/a>.<\/p>\n<p><strong>Video z prv\u00e9ho ro\u010dn\u00edka<\/strong><\/p>\n<lite-youtube videoid=tEZ1NBT4MuE params=\"enablejsapi=1\" style=\"background-image: url('https:\/\/i.ytimg.com\/vi_webp\/tEZ1NBT4MuE\/maxresdefault.webp');\"><\/lite-youtube>\n<h2><strong>STUPAVA WINTER TROPHY MTB &amp; RUN <\/strong><strong>\u2013 <\/strong><strong>20 &#8211; 21. janu\u00e1r, Stupava<\/strong><\/h2>\n<p>Najv\u00e4\u010d\u0161ia zimn\u00e1 \u201ebikov\u00e1\u201c akcia u n\u00e1s sa kon\u00e1 paradoxne pri Bratislave, konkr\u00e9tne v ne\u010falekej Stupave. Ka\u017edoro\u010dne pril\u00e1ka poriadne mno\u017estvo jazdcov, ktor\u00ed si zmeraj\u00fa sily na 25-kilometrovej trase s prev\u00fd\u0161en\u00edm 500 metrov. Op\u00e4\u0165 ale plat\u00ed, \u017ee samotn\u00e1 n\u00e1ro\u010dnos\u0165 je dan\u00e1 podmienkami a pri jednom z ro\u010dn\u00edkov sa zrejme viac behalo ako bicyklovalo. To u\u017e k tomu samozrejme patr\u00ed a v Stupave dvojn\u00e1sobne \u2013 s\u00fabe\u017ene sa toti\u017e kon\u00e1 aj beh na rovnakej trati. No a v nede\u013eu akcia pokra\u010duje \u010fal\u0161\u00edm 10-kilometrov\u00fdm behom v ter\u00e9ne. T\u00ed, ktor\u00ed si dali de\u0148 predt\u00fdm bicykel, m\u00f4\u017eu bojova\u0165 v pomerne unik\u00e1tnej kombin\u00e1cii, kde sa hodnotia obe discipl\u00edny dokopy. \u0160tartova\u0165 m\u00f4\u017ee v podstate ktoko\u013evek, kto m\u00e1 chu\u0165 si da\u0165 pekne do tela. Detaily o celom podujat\u00ed a samozrejme aj mo\u017enosti registr\u00e1cie n\u00e1jdete na domovskej str\u00e1nke <a href=\"http:\/\/www.stupavskymaraton.sk\/\" target=\"_blank\" rel=\"noopener\">STUPAVA WINTER TROPHY MTB &amp; RUN<\/a>.<\/p>\n<p><strong>Video z minul\u00e9ho ro\u010dn\u00edka<\/strong><\/p>\n<p><a href=\"https:\/\/www.youtube.com\/watch?v=WA0qCfFD7lA\">https:\/\/www.youtube.com\/watch?v=WA0qCfFD7lA<\/a><\/p>\n<h2><strong>\u010cergovsk\u00e1 stopa \u2013 10. febru\u00e1r, Raslavice<\/strong><\/h2>\n<p>Na v\u00fdchodnom Slovensku maj\u00fa zimn\u00fa akciu, ktor\u00e1 tento rok osl\u00e1vi u\u017e 13. ro\u010dn\u00edk. \u0160tartuje sa v Raslaviciach a 18 kilometrov dlh\u00e1 tra\u0165 ide viac-menej st\u00e1le do kopca. Cie\u013e je toti\u017e na horskej chate \u010cergov vo v\u00fd\u0161ke 917 m n.m., \u010do vo v\u00fdsledku d\u00e1va prev\u00fd\u0161enie cca 650 metrov. Op\u00e4\u0165 teda akcia, ktor\u00e1 pon\u00fakne v\u00fdborn\u00fa atmosf\u00e9ru v kr\u00e1snom horskom prostred\u00ed. Ak by ste sa chceli registrova\u0165 alebo dozvedie\u0165 viac, nav\u0161t\u00edvte domovsk\u00fa str\u00e1nku <a href=\"http:\/\/cergovskastopa.sk\/organizacne-pokyny\/\" target=\"_blank\" rel=\"noopener\">\u010cergovskej stopy<\/a>.<\/p>\n<p><strong>Video z minul\u00e9ho ro\u010dn\u00edka<\/strong><\/p>\n<lite-youtube videoid=ydqZMAH2jUE params=\"enablejsapi=1\" style=\"background-image: url('https:\/\/i.ytimg.com\/vi_webp\/ydqZMAH2jUE\/maxresdefault.webp');\"><\/lite-youtube>\n<p>(foto na \u00favode: STUPAVA WINTER TROPHY MTB &amp; RUN)<\/p>\n","protected":false},"excerpt":{"rendered":"<p>O tom, \u017ee zima v skuto\u010dnosti nie je d\u00f4vod odlo\u017ei\u0165 bicykel, sved\u010dia aj viacer\u00e9 nie \u00faplne tradi\u010dn\u00e9 zimn\u00e9 akcie u [&hellip;]<\/p>\n","protected":false},"author":38,"featured_media":2917,"comment_status":"open","ping_status":"open","sticky":false,"template":"","format":"standard","meta":{"footnotes":""},"categories":[47,3,34],"tags":[362,364,180,178,365,179,361,181,363,317],"global-categories":[],"class_list":["post-2914","post","type-post","status-publish","format-standard","has-post-thumbnail","hentry","category-adrenalin","category-mtb","category-podujatia","tag-cergovska-stopa","tag-cyklonarez","tag-horska-cyklistika","tag-maraton","tag-partizanska-lupca","tag-preteky","tag-raslavice","tag-stupava","tag-stupava-winter-trophy-mtb-run","tag-zima"],"yoast_head":"<!-- This site is optimized with the Yoast SEO Premium plugin v25.3 (Yoast SEO v25.9) - https:\/\/yoast.com\/wordpress\/plugins\/seo\/ -->\n<title>POZV\u00c1NKA: Zimn\u00e9 akcie na Slovensku - \u0160koda We Love Cycling Slovensko<\/title>\n<meta name=\"robots\" content=\"index, follow, max-snippet:-1, max-image-preview:large, max-video-preview:-1\" \/>\n<link rel=\"canonical\" href=\"https:\/\/www.welovecycling.com\/sk\/2017\/12\/20\/pozvanka-zimne-akcie\/\" \/>\n<meta property=\"og:locale\" content=\"sk_SK\" \/>\n<meta property=\"og:type\" content=\"article\" \/>\n<meta property=\"og:title\" content=\"POZV\u00c1NKA: Zimn\u00e9 akcie na Slovensku\" \/>\n<meta property=\"og:description\" content=\"O tom, \u017ee zima v skuto\u010dnosti nie je d\u00f4vod odlo\u017ei\u0165 bicykel, sved\u010dia aj viacer\u00e9 nie \u00faplne tradi\u010dn\u00e9 zimn\u00e9 akcie u [&hellip;]\" \/>\n<meta property=\"og:url\" content=\"https:\/\/www.welovecycling.com\/sk\/2017\/12\/20\/pozvanka-zimne-akcie\/\" \/>\n<meta property=\"og:site_name\" content=\"\u0160koda We Love Cycling Slovensko\" \/>\n<meta property=\"article:published_time\" content=\"2017-12-20T11:33:01+00:00\" \/>\n<meta property=\"article:modified_time\" content=\"2017-12-20T12:31:18+00:00\" \/>\n<meta property=\"og:image\" content=\"https:\/\/d2p6e6u75xmxt8.cloudfront.net\/4\/2017\/12\/uvodna-2.webp\" \/>\n\t<meta property=\"og:image:width\" content=\"1375\" \/>\n\t<meta property=\"og:image:height\" content=\"600\" \/>\n\t<meta property=\"og:image:type\" content=\"image\/webp\" \/>\n<meta name=\"author\" content=\"Ondrej Ga\u0161par\" \/>\n<meta name=\"twitter:card\" content=\"summary_large_image\" \/>\n<meta name=\"twitter:label1\" content=\"Written by\" \/>\n\t<meta name=\"twitter:data1\" content=\"We Love Cycling\" \/>\n\t<meta name=\"twitter:label2\" content=\"Est. reading time\" \/>\n\t<meta name=\"twitter:data2\" content=\"3 minutes\" \/>\n<script type=\"application\/ld+json\" class=\"yoast-schema-graph\">{\"@context\":\"https:\/\/schema.org\",\"@graph\":[{\"@type\":\"WebPage\",\"@id\":\"https:\/\/www.welovecycling.com\/sk\/2017\/12\/20\/pozvanka-zimne-akcie\/\",\"url\":\"https:\/\/www.welovecycling.com\/sk\/2017\/12\/20\/pozvanka-zimne-akcie\/\",\"name\":\"POZV\u00c1NKA: Zimn\u00e9 akcie na Slovensku - \u0160koda We Love Cycling Slovensko\",\"isPartOf\":{\"@id\":\"https:\/\/www.welovecycling.com\/sk\/#website\"},\"primaryImageOfPage\":{\"@id\":\"https:\/\/www.welovecycling.com\/sk\/2017\/12\/20\/pozvanka-zimne-akcie\/#primaryimage\"},\"image\":{\"@id\":\"https:\/\/www.welovecycling.com\/sk\/2017\/12\/20\/pozvanka-zimne-akcie\/#primaryimage\"},\"thumbnailUrl\":\"https:\/\/d2p6e6u75xmxt8.cloudfront.net\/4\/2017\/12\/uvodna-2.webp\",\"datePublished\":\"2017-12-20T11:33:01+00:00\",\"dateModified\":\"2017-12-20T12:31:18+00:00\",\"author\":{\"@id\":\"https:\/\/www.welovecycling.com\/sk\/#\/schema\/person\/8ee09ba39b7e25b1870160aa5b3a89bc\"},\"breadcrumb\":{\"@id\":\"https:\/\/www.welovecycling.com\/sk\/2017\/12\/20\/pozvanka-zimne-akcie\/#breadcrumb\"},\"inLanguage\":\"sk-SK\",\"potentialAction\":[{\"@type\":\"ReadAction\",\"target\":[\"https:\/\/www.welovecycling.com\/sk\/2017\/12\/20\/pozvanka-zimne-akcie\/\"]}]},{\"@type\":\"ImageObject\",\"inLanguage\":\"sk-SK\",\"@id\":\"https:\/\/www.welovecycling.com\/sk\/2017\/12\/20\/pozvanka-zimne-akcie\/#primaryimage\",\"url\":\"https:\/\/d2p6e6u75xmxt8.cloudfront.net\/4\/2017\/12\/uvodna-2.webp\",\"contentUrl\":\"https:\/\/d2p6e6u75xmxt8.cloudfront.net\/4\/2017\/12\/uvodna-2.webp\",\"width\":1375,\"height\":600},{\"@type\":\"BreadcrumbList\",\"@id\":\"https:\/\/www.welovecycling.com\/sk\/2017\/12\/20\/pozvanka-zimne-akcie\/#breadcrumb\",\"itemListElement\":[{\"@type\":\"ListItem\",\"position\":1,\"name\":\"Home\",\"item\":\"https:\/\/www.welovecycling.com\/sk\/\"},{\"@type\":\"ListItem\",\"position\":2,\"name\":\"POZV\u00c1NKA: Zimn\u00e9 akcie na Slovensku\"}]},{\"@type\":\"WebSite\",\"@id\":\"https:\/\/www.welovecycling.com\/sk\/#website\",\"url\":\"https:\/\/www.welovecycling.com\/sk\/\",\"name\":\"\u0160koda We Love Cycling Slovensko\",\"description\":\"\u0160koda We Love Cycling Slovensko je v\u00e1\u0161 ka\u017edodenn\u00fd zdroj noviniek a in\u0161pir\u00e1cie z sveta cyklistiky\",\"potentialAction\":[{\"@type\":\"SearchAction\",\"target\":{\"@type\":\"EntryPoint\",\"urlTemplate\":\"https:\/\/www.welovecycling.com\/sk\/?s={search_term_string}\"},\"query-input\":{\"@type\":\"PropertyValueSpecification\",\"valueRequired\":true,\"valueName\":\"search_term_string\"}}],\"inLanguage\":\"sk-SK\"},{\"@type\":\"Person\",\"@id\":\"https:\/\/www.welovecycling.com\/sk\/#\/schema\/person\/8ee09ba39b7e25b1870160aa5b3a89bc\",\"name\":\"Ondrej Ga\u0161par\",\"image\":{\"@type\":\"ImageObject\",\"inLanguage\":\"sk-SK\",\"@id\":\"https:\/\/www.welovecycling.com\/sk\/#\/schema\/person\/image\/\",\"url\":\"https:\/\/secure.gravatar.com\/avatar\/6126c9afb87b70da5abbb083ddbb21933da15f18f8ca7cb822aba0fb096a48f6?s=96&d=mm&r=g\",\"contentUrl\":\"https:\/\/secure.gravatar.com\/avatar\/6126c9afb87b70da5abbb083ddbb21933da15f18f8ca7cb822aba0fb096a48f6?s=96&d=mm&r=g\",\"caption\":\"Ondrej Ga\u0161par\"},\"url\":\"https:\/\/www.welovecycling.com\/sk\/author\/ondrejgaspar\/\"}]}<\/script>\n<!-- \/ Yoast SEO Premium plugin. -->","yoast_head_json":{"title":"POZV\u00c1NKA: Zimn\u00e9 akcie na Slovensku - \u0160koda We Love Cycling Slovensko","robots":{"index":"index","follow":"follow","max-snippet":"max-snippet:-1","max-image-preview":"max-image-preview:large","max-video-preview":"max-video-preview:-1"},"canonical":"https:\/\/www.welovecycling.com\/sk\/2017\/12\/20\/pozvanka-zimne-akcie\/","og_locale":"sk_SK","og_type":"article","og_title":"POZV\u00c1NKA: Zimn\u00e9 akcie na Slovensku","og_description":"O tom, \u017ee zima v skuto\u010dnosti nie je d\u00f4vod odlo\u017ei\u0165 bicykel, sved\u010dia aj viacer\u00e9 nie \u00faplne tradi\u010dn\u00e9 zimn\u00e9 akcie u [&hellip;]","og_url":"https:\/\/www.welovecycling.com\/sk\/2017\/12\/20\/pozvanka-zimne-akcie\/","og_site_name":"\u0160koda We Love Cycling Slovensko","article_published_time":"2017-12-20T11:33:01+00:00","article_modified_time":"2017-12-20T12:31:18+00:00","og_image":[{"width":1375,"height":600,"url":"https:\/\/d2p6e6u75xmxt8.cloudfront.net\/4\/2017\/12\/uvodna-2.webp","type":"image\/webp"}],"author":"Ondrej Ga\u0161par","twitter_card":"summary_large_image","twitter_misc":{"Written by":"We Love Cycling","Est. reading time":"3 minutes"},"schema":{"@context":"https:\/\/schema.org","@graph":[{"@type":"WebPage","@id":"https:\/\/www.welovecycling.com\/sk\/2017\/12\/20\/pozvanka-zimne-akcie\/","url":"https:\/\/www.welovecycling.com\/sk\/2017\/12\/20\/pozvanka-zimne-akcie\/","name":"POZV\u00c1NKA: Zimn\u00e9 akcie na Slovensku - \u0160koda We Love Cycling Slovensko","isPartOf":{"@id":"https:\/\/www.welovecycling.com\/sk\/#website"},"primaryImageOfPage":{"@id":"https:\/\/www.welovecycling.com\/sk\/2017\/12\/20\/pozvanka-zimne-akcie\/#primaryimage"},"image":{"@id":"https:\/\/www.welovecycling.com\/sk\/2017\/12\/20\/pozvanka-zimne-akcie\/#primaryimage"},"thumbnailUrl":"https:\/\/d2p6e6u75xmxt8.cloudfront.net\/4\/2017\/12\/uvodna-2.webp","datePublished":"2017-12-20T11:33:01+00:00","dateModified":"2017-12-20T12:31:18+00:00","author":{"@id":"https:\/\/www.welovecycling.com\/sk\/#\/schema\/person\/8ee09ba39b7e25b1870160aa5b3a89bc"},"breadcrumb":{"@id":"https:\/\/www.welovecycling.com\/sk\/2017\/12\/20\/pozvanka-zimne-akcie\/#breadcrumb"},"inLanguage":"sk-SK","potentialAction":[{"@type":"ReadAction","target":["https:\/\/www.welovecycling.com\/sk\/2017\/12\/20\/pozvanka-zimne-akcie\/"]}]},{"@type":"ImageObject","inLanguage":"sk-SK","@id":"https:\/\/www.welovecycling.com\/sk\/2017\/12\/20\/pozvanka-zimne-akcie\/#primaryimage","url":"https:\/\/d2p6e6u75xmxt8.cloudfront.net\/4\/2017\/12\/uvodna-2.webp","contentUrl":"https:\/\/d2p6e6u75xmxt8.cloudfront.net\/4\/2017\/12\/uvodna-2.webp","width":1375,"height":600},{"@type":"BreadcrumbList","@id":"https:\/\/www.welovecycling.com\/sk\/2017\/12\/20\/pozvanka-zimne-akcie\/#breadcrumb","itemListElement":[{"@type":"ListItem","position":1,"name":"Home","item":"https:\/\/www.welovecycling.com\/sk\/"},{"@type":"ListItem","position":2,"name":"POZV\u00c1NKA: Zimn\u00e9 akcie na Slovensku"}]},{"@type":"WebSite","@id":"https:\/\/www.welovecycling.com\/sk\/#website","url":"https:\/\/www.welovecycling.com\/sk\/","name":"\u0160koda We Love Cycling Slovensko","description":"\u0160koda We Love Cycling Slovensko je v\u00e1\u0161 ka\u017edodenn\u00fd zdroj noviniek a in\u0161pir\u00e1cie z sveta cyklistiky","potentialAction":[{"@type":"SearchAction","target":{"@type":"EntryPoint","urlTemplate":"https:\/\/www.welovecycling.com\/sk\/?s={search_term_string}"},"query-input":{"@type":"PropertyValueSpecification","valueRequired":true,"valueName":"search_term_string"}}],"inLanguage":"sk-SK"},{"@type":"Person","@id":"https:\/\/www.welovecycling.com\/sk\/#\/schema\/person\/8ee09ba39b7e25b1870160aa5b3a89bc","name":"Ondrej Ga\u0161par","image":{"@type":"ImageObject","inLanguage":"sk-SK","@id":"https:\/\/www.welovecycling.com\/sk\/#\/schema\/person\/image\/","url":"https:\/\/secure.gravatar.com\/avatar\/6126c9afb87b70da5abbb083ddbb21933da15f18f8ca7cb822aba0fb096a48f6?s=96&d=mm&r=g","contentUrl":"https:\/\/secure.gravatar.com\/avatar\/6126c9afb87b70da5abbb083ddbb21933da15f18f8ca7cb822aba0fb096a48f6?s=96&d=mm&r=g","caption":"Ondrej Ga\u0161par"},"url":"https:\/\/www.welovecycling.com\/sk\/author\/ondrejgaspar\/"}]}},"_links":{"self":[{"href":"https:\/\/www.welovecycling.com\/sk\/wp-json\/wp\/v2\/posts\/2914","targetHints":{"allow":["GET"]}}],"collection":[{"href":"https:\/\/www.welovecycling.com\/sk\/wp-json\/wp\/v2\/posts"}],"about":[{"href":"https:\/\/www.welovecycling.com\/sk\/wp-json\/wp\/v2\/types\/post"}],"author":[{"embeddable":true,"href":"https:\/\/www.welovecycling.com\/sk\/wp-json\/wp\/v2\/users\/38"}],"replies":[{"embeddable":true,"href":"https:\/\/www.welovecycling.com\/sk\/wp-json\/wp\/v2\/comments?post=2914"}],"version-history":[{"count":2,"href":"https:\/\/www.welovecycling.com\/sk\/wp-json\/wp\/v2\/posts\/2914\/revisions"}],"predecessor-version":[{"id":2992,"href":"https:\/\/www.welovecycling.com\/sk\/wp-json\/wp\/v2\/posts\/2914\/revisions\/2992"}],"wp:featuredmedia":[{"embeddable":true,"href":"https:\/\/www.welovecycling.com\/sk\/wp-json\/wp\/v2\/media\/2917"}],"wp:attachment":[{"href":"https:\/\/www.welovecycling.com\/sk\/wp-json\/wp\/v2\/media?parent=2914"}],"wp:term":[{"taxonomy":"category","embeddable":true,"href":"https:\/\/www.welovecycling.com\/sk\/wp-json\/wp\/v2\/categories?post=2914"},{"taxonomy":"post_tag","embeddable":true,"href":"https:\/\/www.welovecycling.com\/sk\/wp-json\/wp\/v2\/tags?post=2914"},{"taxonomy":"global-categories","embeddable":true,"href":"https:\/\/www.welovecycling.com\/sk\/wp-json\/wp\/v2\/global-categories?post=2914"}],"curies":[{"name":"wp","href":"https:\/\/api.w.org\/{rel}","templated":true}]}}