{"id":2910,"date":"2017-12-14T12:07:26","date_gmt":"2017-12-14T11:07:26","guid":{"rendered":"https:\/\/www.welovecycling.com\/sk\/?p=2910"},"modified":"2017-12-14T12:10:21","modified_gmt":"2017-12-14T11:10:21","slug":"chris-froome-chcel-zautocit-historicky-zapis-nakoniec-vsak-moze-byt-aj-uplne-inak","status":"publish","type":"post","link":"https:\/\/www.welovecycling.com\/sk\/2017\/12\/14\/chris-froome-chcel-zautocit-historicky-zapis-nakoniec-vsak-moze-byt-aj-uplne-inak\/","title":{"rendered":"Chris Froome chcel za\u00fato\u010di\u0165 na historick\u00fd z\u00e1pis, nakoniec to v\u0161ak m\u00f4\u017ee by\u0165 aj \u00faplne inak"},"content":{"rendered":"<p><strong>Len ned\u00e1vno tento Angli\u010dan s africk\u00fdmi kore\u0148mi ozn\u00e1mil svoju pl\u00e1novan\u00fa \u00fa\u010das\u0165 na bud\u00facoro\u010dnom Giro d&#8217;Italia. \u010co v\u0161ak znamenaj\u00fa aktu\u00e1lne spr\u00e1vy o dopingu?<\/strong><!--more--><\/p>\n<p>Asi ako ka\u017ed\u00fd cyklista profi pelot\u00f3nu, ve\u013emi r\u00e1d by sa zap\u00edsal do hist\u00f3rie ako jazdec, ktor\u00fd zv\u00ed\u0165azil na v\u0161etk\u00fdch Grand Tours. Po tom, \u010do si tento rok prip\u00edsal v\u00ed\u0165azstvo na Tour de France a Vuelte m\u00e1 pomerne unik\u00e1tnu \u0161ancu aj na \u010fal\u0161\u00ed z\u00e1pis do hist\u00f3rie. Ak by sa mu to podarilo, zv\u00ed\u0165azil by na troch po sebe id\u00facich Grand Tour, \u010d\u00edm by sa zaradil do unik\u00e1tneho klubu. S\u00fa v \u0148om zatia\u013e iba legendy Eddy Mercx a Bernard Hinault, teda jedin\u00ed dvaja jazdci v celej hist\u00f3rii, ktor\u00fdm sa to podarilo.<\/p>\n<p><a href=\"https:\/\/www.instagram.com\/p\/BcFj7uDBcuH\/?taken-by=giroditalia\">https:\/\/www.instagram.com\/p\/BcFj7uDBcuH\/?taken-by=giroditalia<\/a><\/p>\n<h2><strong>Pozit\u00edvny n\u00e1lez m\u00f4\u017ee v\u0161etko zmeni\u0165<\/strong><\/h2>\n<p>Len v\u010dera m\u00e9diami zahrmela spr\u00e1va o pozit\u00edvnom dopingovom n\u00e1leze Chrisa Frooma. Vo vzorke z Vuelty sa toti\u017e na\u0161la sledovan\u00e1 l\u00e1tk\u00e1 Salbutamol (do roku 2010 bol zak\u00e1zan\u00fd, odvtedy je pre\u0148 stanoven\u00fd iba limit, pozn. redakcie). T\u00e1to l\u00e1tka sa nach\u00e1dza v liekoch na astmu, ktorou trp\u00ed aj Froome, koncentr\u00e1cia v\u0161ak dvojn\u00e1sobne prekro\u010dila povolen\u00fa hranicu. Pod\u013ea vyjadrenia t\u00edmu SKY, Chris mal ku koncu Vuelty v\u00e4\u010d\u0161ie probl\u00e9my s astmou, preto mu t\u00edmov\u00fd doktor odporu\u010dil vy\u0161\u0161ie d\u00e1vkovanie.<\/p>\n<p>Pozit\u00edvny n\u00e1lez automaticky neznamen\u00e1 odobranie titulu, Chris v\u0161ak teraz mus\u00ed UCI dostato\u010dne zd\u00f4vodni\u0165, pre\u010do bral to\u013eko liekov. Ak sa mu to nepodar\u00ed, hroz\u00ed mu nielen strata titulu, v hre je aj \u0161tart na nasleduj\u00facich Grand Tour. T\u00fdm by sa mu rozplynul nielen sen o tripple, ale predov\u0161etk\u00fdm &#8222;p\u00e4\u0165 \u017elt\u00fdch&#8220; z Tour.<\/p>\n<p>T\u00e1to spr\u00e1va je zvl\u00e1\u0161\u0165 \u0161okuj\u00faca, preto\u017ee Froome dlh\u00e9 roky bojuje proti dopingu a za \u010distotu \u0161portu. Iba nasleduj\u00face dni a t\u00fd\u017edne uk\u00e1\u017eu, \u010di sa n\u00e1m bud\u00faci rok pred o\u010dami zrod\u00ed nov\u00e1 legenda.<\/p>\n<p>(Zdroj fotiek: FB Le Tour de France a FB Giro d&#8217;Italia)<\/p>\n","protected":false},"excerpt":{"rendered":"<p>Len ned\u00e1vno tento Angli\u010dan s africk\u00fdmi kore\u0148mi ozn\u00e1mil svoju pl\u00e1novan\u00fa \u00fa\u010das\u0165 na bud\u00facoro\u010dnom Giro d&#8217;Italia. \u010co v\u0161ak znamenaj\u00fa aktu\u00e1lne spr\u00e1vy [&hellip;]<\/p>\n","protected":false},"author":38,"featured_media":2933,"comment_status":"open","ping_status":"open","sticky":false,"template":"","format":"standard","meta":{"footnotes":""},"categories":[4,64,127,63],"tags":[357,115,119,359,356,65,268,358,219],"global-categories":[],"class_list":["post-2910","post","type-post","status-publish","format-standard","has-post-thumbnail","hentry","category-cestna-cyklisitika","category-giro-ditalia","category-legendy","category-grand-tour","tag-bernard-hinault","tag-cestna-cyklistika","tag-chris-froome","tag-doping","tag-eddy-mercx","tag-giro-d-italia","tag-grand-tour","tag-salbutamol","tag-vuelta-a-espana"],"yoast_head":"<!-- This site is optimized with the Yoast SEO Premium plugin v25.3 (Yoast SEO v25.9) - https:\/\/yoast.com\/wordpress\/plugins\/seo\/ -->\n<title>Chris Froome chcel za\u00fato\u010di\u0165 na historick\u00fd z\u00e1pis, nakoniec to v\u0161ak m\u00f4\u017ee by\u0165 aj \u00faplne inak - \u0160koda We Love Cycling Slovensko<\/title>\n<meta name=\"robots\" content=\"index, follow, max-snippet:-1, max-image-preview:large, max-video-preview:-1\" \/>\n<link rel=\"canonical\" href=\"https:\/\/www.welovecycling.com\/sk\/2017\/12\/14\/chris-froome-chcel-zautocit-historicky-zapis-nakoniec-vsak-moze-byt-aj-uplne-inak\/\" \/>\n<meta property=\"og:locale\" content=\"sk_SK\" \/>\n<meta property=\"og:type\" content=\"article\" \/>\n<meta property=\"og:title\" content=\"Chris Froome chcel za\u00fato\u010di\u0165 na historick\u00fd z\u00e1pis, nakoniec to v\u0161ak m\u00f4\u017ee by\u0165 aj \u00faplne inak\" \/>\n<meta property=\"og:description\" content=\"Len ned\u00e1vno tento Angli\u010dan s africk\u00fdmi kore\u0148mi ozn\u00e1mil svoju pl\u00e1novan\u00fa \u00fa\u010das\u0165 na bud\u00facoro\u010dnom Giro d&#8217;Italia. \u010co v\u0161ak znamenaj\u00fa aktu\u00e1lne spr\u00e1vy [&hellip;]\" \/>\n<meta property=\"og:url\" content=\"https:\/\/www.welovecycling.com\/sk\/2017\/12\/14\/chris-froome-chcel-zautocit-historicky-zapis-nakoniec-vsak-moze-byt-aj-uplne-inak\/\" \/>\n<meta property=\"og:site_name\" content=\"\u0160koda We Love Cycling Slovensko\" \/>\n<meta property=\"article:published_time\" content=\"2017-12-14T11:07:26+00:00\" \/>\n<meta property=\"article:modified_time\" content=\"2017-12-14T11:10:21+00:00\" \/>\n<meta property=\"og:image\" content=\"https:\/\/d2p6e6u75xmxt8.cloudfront.net\/4\/2017\/12\/uvodna_chris.webp\" \/>\n\t<meta property=\"og:image:width\" content=\"1375\" \/>\n\t<meta property=\"og:image:height\" content=\"600\" \/>\n\t<meta property=\"og:image:type\" content=\"image\/webp\" \/>\n<meta name=\"author\" content=\"Ondrej Ga\u0161par\" \/>\n<meta name=\"twitter:card\" content=\"summary_large_image\" \/>\n<meta name=\"twitter:label1\" content=\"Written by\" \/>\n\t<meta name=\"twitter:data1\" content=\"We Love Cycling\" \/>\n\t<meta name=\"twitter:label2\" content=\"Est. reading time\" \/>\n\t<meta name=\"twitter:data2\" content=\"2 minutes\" \/>\n<script type=\"application\/ld+json\" class=\"yoast-schema-graph\">{\"@context\":\"https:\/\/schema.org\",\"@graph\":[{\"@type\":\"WebPage\",\"@id\":\"https:\/\/www.welovecycling.com\/sk\/2017\/12\/14\/chris-froome-chcel-zautocit-historicky-zapis-nakoniec-vsak-moze-byt-aj-uplne-inak\/\",\"url\":\"https:\/\/www.welovecycling.com\/sk\/2017\/12\/14\/chris-froome-chcel-zautocit-historicky-zapis-nakoniec-vsak-moze-byt-aj-uplne-inak\/\",\"name\":\"Chris Froome chcel za\u00fato\u010di\u0165 na historick\u00fd z\u00e1pis, nakoniec to v\u0161ak m\u00f4\u017ee by\u0165 aj \u00faplne inak - \u0160koda We Love Cycling Slovensko\",\"isPartOf\":{\"@id\":\"https:\/\/www.welovecycling.com\/sk\/#website\"},\"primaryImageOfPage\":{\"@id\":\"https:\/\/www.welovecycling.com\/sk\/2017\/12\/14\/chris-froome-chcel-zautocit-historicky-zapis-nakoniec-vsak-moze-byt-aj-uplne-inak\/#primaryimage\"},\"image\":{\"@id\":\"https:\/\/www.welovecycling.com\/sk\/2017\/12\/14\/chris-froome-chcel-zautocit-historicky-zapis-nakoniec-vsak-moze-byt-aj-uplne-inak\/#primaryimage\"},\"thumbnailUrl\":\"https:\/\/d2p6e6u75xmxt8.cloudfront.net\/4\/2017\/12\/uvodna_chris.webp\",\"datePublished\":\"2017-12-14T11:07:26+00:00\",\"dateModified\":\"2017-12-14T11:10:21+00:00\",\"author\":{\"@id\":\"https:\/\/www.welovecycling.com\/sk\/#\/schema\/person\/8ee09ba39b7e25b1870160aa5b3a89bc\"},\"breadcrumb\":{\"@id\":\"https:\/\/www.welovecycling.com\/sk\/2017\/12\/14\/chris-froome-chcel-zautocit-historicky-zapis-nakoniec-vsak-moze-byt-aj-uplne-inak\/#breadcrumb\"},\"inLanguage\":\"sk-SK\",\"potentialAction\":[{\"@type\":\"ReadAction\",\"target\":[\"https:\/\/www.welovecycling.com\/sk\/2017\/12\/14\/chris-froome-chcel-zautocit-historicky-zapis-nakoniec-vsak-moze-byt-aj-uplne-inak\/\"]}]},{\"@type\":\"ImageObject\",\"inLanguage\":\"sk-SK\",\"@id\":\"https:\/\/www.welovecycling.com\/sk\/2017\/12\/14\/chris-froome-chcel-zautocit-historicky-zapis-nakoniec-vsak-moze-byt-aj-uplne-inak\/#primaryimage\",\"url\":\"https:\/\/d2p6e6u75xmxt8.cloudfront.net\/4\/2017\/12\/uvodna_chris.webp\",\"contentUrl\":\"https:\/\/d2p6e6u75xmxt8.cloudfront.net\/4\/2017\/12\/uvodna_chris.webp\",\"width\":1375,\"height\":600},{\"@type\":\"BreadcrumbList\",\"@id\":\"https:\/\/www.welovecycling.com\/sk\/2017\/12\/14\/chris-froome-chcel-zautocit-historicky-zapis-nakoniec-vsak-moze-byt-aj-uplne-inak\/#breadcrumb\",\"itemListElement\":[{\"@type\":\"ListItem\",\"position\":1,\"name\":\"Home\",\"item\":\"https:\/\/www.welovecycling.com\/sk\/\"},{\"@type\":\"ListItem\",\"position\":2,\"name\":\"Chris Froome chcel za\u00fato\u010di\u0165 na historick\u00fd z\u00e1pis, nakoniec to v\u0161ak m\u00f4\u017ee by\u0165 aj \u00faplne inak\"}]},{\"@type\":\"WebSite\",\"@id\":\"https:\/\/www.welovecycling.com\/sk\/#website\",\"url\":\"https:\/\/www.welovecycling.com\/sk\/\",\"name\":\"\u0160koda We Love Cycling Slovensko\",\"description\":\"\u0160koda We Love Cycling Slovensko je v\u00e1\u0161 ka\u017edodenn\u00fd zdroj noviniek a in\u0161pir\u00e1cie z sveta cyklistiky\",\"potentialAction\":[{\"@type\":\"SearchAction\",\"target\":{\"@type\":\"EntryPoint\",\"urlTemplate\":\"https:\/\/www.welovecycling.com\/sk\/?s={search_term_string}\"},\"query-input\":{\"@type\":\"PropertyValueSpecification\",\"valueRequired\":true,\"valueName\":\"search_term_string\"}}],\"inLanguage\":\"sk-SK\"},{\"@type\":\"Person\",\"@id\":\"https:\/\/www.welovecycling.com\/sk\/#\/schema\/person\/8ee09ba39b7e25b1870160aa5b3a89bc\",\"name\":\"Ondrej Ga\u0161par\",\"image\":{\"@type\":\"ImageObject\",\"inLanguage\":\"sk-SK\",\"@id\":\"https:\/\/www.welovecycling.com\/sk\/#\/schema\/person\/image\/\",\"url\":\"https:\/\/secure.gravatar.com\/avatar\/6126c9afb87b70da5abbb083ddbb21933da15f18f8ca7cb822aba0fb096a48f6?s=96&d=mm&r=g\",\"contentUrl\":\"https:\/\/secure.gravatar.com\/avatar\/6126c9afb87b70da5abbb083ddbb21933da15f18f8ca7cb822aba0fb096a48f6?s=96&d=mm&r=g\",\"caption\":\"Ondrej Ga\u0161par\"},\"url\":\"https:\/\/www.welovecycling.com\/sk\/author\/ondrejgaspar\/\"}]}<\/script>\n<!-- \/ Yoast SEO Premium plugin. -->","yoast_head_json":{"title":"Chris Froome chcel za\u00fato\u010di\u0165 na historick\u00fd z\u00e1pis, nakoniec to v\u0161ak m\u00f4\u017ee by\u0165 aj \u00faplne inak - \u0160koda We Love Cycling Slovensko","robots":{"index":"index","follow":"follow","max-snippet":"max-snippet:-1","max-image-preview":"max-image-preview:large","max-video-preview":"max-video-preview:-1"},"canonical":"https:\/\/www.welovecycling.com\/sk\/2017\/12\/14\/chris-froome-chcel-zautocit-historicky-zapis-nakoniec-vsak-moze-byt-aj-uplne-inak\/","og_locale":"sk_SK","og_type":"article","og_title":"Chris Froome chcel za\u00fato\u010di\u0165 na historick\u00fd z\u00e1pis, nakoniec to v\u0161ak m\u00f4\u017ee by\u0165 aj \u00faplne inak","og_description":"Len ned\u00e1vno tento Angli\u010dan s africk\u00fdmi kore\u0148mi ozn\u00e1mil svoju pl\u00e1novan\u00fa \u00fa\u010das\u0165 na bud\u00facoro\u010dnom Giro d&#8217;Italia. \u010co v\u0161ak znamenaj\u00fa aktu\u00e1lne spr\u00e1vy [&hellip;]","og_url":"https:\/\/www.welovecycling.com\/sk\/2017\/12\/14\/chris-froome-chcel-zautocit-historicky-zapis-nakoniec-vsak-moze-byt-aj-uplne-inak\/","og_site_name":"\u0160koda We Love Cycling Slovensko","article_published_time":"2017-12-14T11:07:26+00:00","article_modified_time":"2017-12-14T11:10:21+00:00","og_image":[{"width":1375,"height":600,"url":"https:\/\/d2p6e6u75xmxt8.cloudfront.net\/4\/2017\/12\/uvodna_chris.webp","type":"image\/webp"}],"author":"Ondrej Ga\u0161par","twitter_card":"summary_large_image","twitter_misc":{"Written by":"We Love Cycling","Est. reading time":"2 minutes"},"schema":{"@context":"https:\/\/schema.org","@graph":[{"@type":"WebPage","@id":"https:\/\/www.welovecycling.com\/sk\/2017\/12\/14\/chris-froome-chcel-zautocit-historicky-zapis-nakoniec-vsak-moze-byt-aj-uplne-inak\/","url":"https:\/\/www.welovecycling.com\/sk\/2017\/12\/14\/chris-froome-chcel-zautocit-historicky-zapis-nakoniec-vsak-moze-byt-aj-uplne-inak\/","name":"Chris Froome chcel za\u00fato\u010di\u0165 na historick\u00fd z\u00e1pis, nakoniec to v\u0161ak m\u00f4\u017ee by\u0165 aj \u00faplne inak - \u0160koda We Love Cycling Slovensko","isPartOf":{"@id":"https:\/\/www.welovecycling.com\/sk\/#website"},"primaryImageOfPage":{"@id":"https:\/\/www.welovecycling.com\/sk\/2017\/12\/14\/chris-froome-chcel-zautocit-historicky-zapis-nakoniec-vsak-moze-byt-aj-uplne-inak\/#primaryimage"},"image":{"@id":"https:\/\/www.welovecycling.com\/sk\/2017\/12\/14\/chris-froome-chcel-zautocit-historicky-zapis-nakoniec-vsak-moze-byt-aj-uplne-inak\/#primaryimage"},"thumbnailUrl":"https:\/\/d2p6e6u75xmxt8.cloudfront.net\/4\/2017\/12\/uvodna_chris.webp","datePublished":"2017-12-14T11:07:26+00:00","dateModified":"2017-12-14T11:10:21+00:00","author":{"@id":"https:\/\/www.welovecycling.com\/sk\/#\/schema\/person\/8ee09ba39b7e25b1870160aa5b3a89bc"},"breadcrumb":{"@id":"https:\/\/www.welovecycling.com\/sk\/2017\/12\/14\/chris-froome-chcel-zautocit-historicky-zapis-nakoniec-vsak-moze-byt-aj-uplne-inak\/#breadcrumb"},"inLanguage":"sk-SK","potentialAction":[{"@type":"ReadAction","target":["https:\/\/www.welovecycling.com\/sk\/2017\/12\/14\/chris-froome-chcel-zautocit-historicky-zapis-nakoniec-vsak-moze-byt-aj-uplne-inak\/"]}]},{"@type":"ImageObject","inLanguage":"sk-SK","@id":"https:\/\/www.welovecycling.com\/sk\/2017\/12\/14\/chris-froome-chcel-zautocit-historicky-zapis-nakoniec-vsak-moze-byt-aj-uplne-inak\/#primaryimage","url":"https:\/\/d2p6e6u75xmxt8.cloudfront.net\/4\/2017\/12\/uvodna_chris.webp","contentUrl":"https:\/\/d2p6e6u75xmxt8.cloudfront.net\/4\/2017\/12\/uvodna_chris.webp","width":1375,"height":600},{"@type":"BreadcrumbList","@id":"https:\/\/www.welovecycling.com\/sk\/2017\/12\/14\/chris-froome-chcel-zautocit-historicky-zapis-nakoniec-vsak-moze-byt-aj-uplne-inak\/#breadcrumb","itemListElement":[{"@type":"ListItem","position":1,"name":"Home","item":"https:\/\/www.welovecycling.com\/sk\/"},{"@type":"ListItem","position":2,"name":"Chris Froome chcel za\u00fato\u010di\u0165 na historick\u00fd z\u00e1pis, nakoniec to v\u0161ak m\u00f4\u017ee by\u0165 aj \u00faplne inak"}]},{"@type":"WebSite","@id":"https:\/\/www.welovecycling.com\/sk\/#website","url":"https:\/\/www.welovecycling.com\/sk\/","name":"\u0160koda We Love Cycling Slovensko","description":"\u0160koda We Love Cycling Slovensko je v\u00e1\u0161 ka\u017edodenn\u00fd zdroj noviniek a in\u0161pir\u00e1cie z sveta cyklistiky","potentialAction":[{"@type":"SearchAction","target":{"@type":"EntryPoint","urlTemplate":"https:\/\/www.welovecycling.com\/sk\/?s={search_term_string}"},"query-input":{"@type":"PropertyValueSpecification","valueRequired":true,"valueName":"search_term_string"}}],"inLanguage":"sk-SK"},{"@type":"Person","@id":"https:\/\/www.welovecycling.com\/sk\/#\/schema\/person\/8ee09ba39b7e25b1870160aa5b3a89bc","name":"Ondrej Ga\u0161par","image":{"@type":"ImageObject","inLanguage":"sk-SK","@id":"https:\/\/www.welovecycling.com\/sk\/#\/schema\/person\/image\/","url":"https:\/\/secure.gravatar.com\/avatar\/6126c9afb87b70da5abbb083ddbb21933da15f18f8ca7cb822aba0fb096a48f6?s=96&d=mm&r=g","contentUrl":"https:\/\/secure.gravatar.com\/avatar\/6126c9afb87b70da5abbb083ddbb21933da15f18f8ca7cb822aba0fb096a48f6?s=96&d=mm&r=g","caption":"Ondrej Ga\u0161par"},"url":"https:\/\/www.welovecycling.com\/sk\/author\/ondrejgaspar\/"}]}},"_links":{"self":[{"href":"https:\/\/www.welovecycling.com\/sk\/wp-json\/wp\/v2\/posts\/2910","targetHints":{"allow":["GET"]}}],"collection":[{"href":"https:\/\/www.welovecycling.com\/sk\/wp-json\/wp\/v2\/posts"}],"about":[{"href":"https:\/\/www.welovecycling.com\/sk\/wp-json\/wp\/v2\/types\/post"}],"author":[{"embeddable":true,"href":"https:\/\/www.welovecycling.com\/sk\/wp-json\/wp\/v2\/users\/38"}],"replies":[{"embeddable":true,"href":"https:\/\/www.welovecycling.com\/sk\/wp-json\/wp\/v2\/comments?post=2910"}],"version-history":[{"count":2,"href":"https:\/\/www.welovecycling.com\/sk\/wp-json\/wp\/v2\/posts\/2910\/revisions"}],"predecessor-version":[{"id":2957,"href":"https:\/\/www.welovecycling.com\/sk\/wp-json\/wp\/v2\/posts\/2910\/revisions\/2957"}],"wp:featuredmedia":[{"embeddable":true,"href":"https:\/\/www.welovecycling.com\/sk\/wp-json\/wp\/v2\/media\/2933"}],"wp:attachment":[{"href":"https:\/\/www.welovecycling.com\/sk\/wp-json\/wp\/v2\/media?parent=2910"}],"wp:term":[{"taxonomy":"category","embeddable":true,"href":"https:\/\/www.welovecycling.com\/sk\/wp-json\/wp\/v2\/categories?post=2910"},{"taxonomy":"post_tag","embeddable":true,"href":"https:\/\/www.welovecycling.com\/sk\/wp-json\/wp\/v2\/tags?post=2910"},{"taxonomy":"global-categories","embeddable":true,"href":"https:\/\/www.welovecycling.com\/sk\/wp-json\/wp\/v2\/global-categories?post=2910"}],"curies":[{"name":"wp","href":"https:\/\/api.w.org\/{rel}","templated":true}]}}