{"id":2905,"date":"2017-12-09T10:00:58","date_gmt":"2017-12-09T09:00:58","guid":{"rendered":"https:\/\/www.welovecycling.com\/sk\/?p=2905"},"modified":"2018-01-08T17:03:19","modified_gmt":"2018-01-08T16:03:19","slug":"pripravte-svoj-bicykel-nastrahy-zimy","status":"publish","type":"post","link":"https:\/\/www.welovecycling.com\/sk\/2017\/12\/09\/pripravte-svoj-bicykel-nastrahy-zimy\/","title":{"rendered":"Pripravte svoj bicykel na n\u00e1strahy zimy"},"content":{"rendered":"<p><strong>Bicykel nemus\u00ed \u00eds\u0165 s prv\u00fdm snehom na stenu, ale m\u00f4\u017eete si na \u0148om u\u017ei\u0165 zimn\u00e9 jazdenie, ktor\u00e9 m\u00e1 svoje jedine\u010dn\u00e9 \u010daro. Len je dobr\u00e9 ho na t\u00fato zmenu trochu pripravi\u0165, ale u\u017e dopredu m\u00f4\u017eeme prezradi\u0165, \u017ee sa nebude jedna\u0165 o ni\u010d zlo\u017eit\u00e9.<\/strong><!--more--><\/p>\n<h2><strong>Blatn\u00edky<\/strong><\/h2>\n<p>Treba prizna\u0165, \u017ee blatn\u00edky nepatria medzi najviac \u201ecool\u201c doplnky, ktor\u00e9 si budete chcie\u0165 nahodi\u0165 na bicykel, ale ur\u010dite patria medzi tie najviac \u00fa\u010dinn\u00e9 v zimnom obdob\u00ed. Najm\u00e4, ak \u010dasto jazd\u00edte po mokr\u00fdch cest\u00e1ch, vedia ochr\u00e1ni\u0165 va\u0161e nohy, chrb\u00e1t a zadok od nepr\u00edjemnej sp\u0155\u0161ky od kolies. Rovnako tak chr\u00e1nia aj bicykel, teda r\u00e1m a jeho komponenty. Ak nem\u00e1te na bicykli \u0161pecifick\u00e9 \u00fachyty (\u0161portov\u00e9 cestn\u00e9 bicykle), netreba z\u00fafa\u0165 &#8211; vyr\u00e1baj\u00fa sa aj vyslovene \u0161portov\u00e9 modely blatn\u00edkov s univerz\u00e1lnych uchyten\u00edm. Ak jazd\u00edte v ter\u00e9ne, treba uprednostni\u0165 dobr\u00fa priechodnos\u0165 kolies, \u010dastokr\u00e1t sa preto montuj\u00fa pod hlavov\u00e9 zlo\u017eenie alebo na sedlovku.<\/p>\n<p><a href=\"https:\/\/d2p6e6u75xmxt8.cloudfront.net\/4\/2017\/12\/1-4.jpg\"><img loading=\"lazy\" decoding=\"async\" class=\"alignnone size-extra-large wp-image-2906\" src=\"https:\/\/d2p6e6u75xmxt8.cloudfront.net\/4\/2017\/12\/1-4-1920x688.jpg\" alt=\"\" width=\"1920\" height=\"688\" \/><\/a><\/p>\n<h2><strong>Zimn\u00e9 pl\u00e1\u0161te<\/strong><\/h2>\n<p>Oprava defektu nepatr\u00ed medzi ve\u013emi popul\u00e1rne \u010dinnosti, a to plat\u00ed najm\u00e4 v pr\u00edpade, \u017ee je vonku naozaj chladno. Ak sa chcete u\u0161etri\u0165 t\u00fdchto starost\u00ed, ur\u010dite sa oplat\u00ed zvoli\u0165 pl\u00e1\u0161te, ktor\u00e9 s\u00fa poriadne odoln\u00e9 a lep\u0161ie si tak poradia s n\u00e1strahami zimn\u00fdch ciest pln\u00fdch ostr\u00fdch kamienkov. Okrem toho poskytn\u00fa aj m\u00e4k\u0161iu zmes, a teda lep\u0161iu pri\u013enavos\u0165 pri n\u00edzkych teplot\u00e1ch. Nebojte sa \u00eds\u0165 do trochu \u0161ir\u0161\u00edch rozmerov ako s\u00fa 25 mm alebo 28 mm, komfort a spo\u013eahliv\u00e9 ovl\u00e1danie ocen\u00edte viac ne\u017e n\u00edzku hmotnos\u0165. V ter\u00e9ne a pri MTB je dobr\u00e9 is\u0165 do trochu \u201eagres\u00edvnej\u0161\u00edch\u201c vzorov a op\u00e4\u0165 plat\u00ed, \u017ee \u010d\u00edm objemnej\u0161\u00ed pl\u00e1\u0161\u0165, t\u00fdm lep\u0161ie. No a nezabudnite upusti\u0165 z tlaku, ktor\u00fd be\u017ene pou\u017e\u00edvate \u2013 uvid\u00edte ten rozdiel v kontrole a jazdn\u00fdch vlastnostiach. \u010ci u\u017e na ceste alebo pri jazden\u00ed v lese.<\/p>\n<p><a href=\"https:\/\/d2p6e6u75xmxt8.cloudfront.net\/4\/2017\/12\/2-2.jpg\"><img loading=\"lazy\" decoding=\"async\" class=\"alignnone size-full wp-image-2907\" src=\"https:\/\/d2p6e6u75xmxt8.cloudfront.net\/4\/2017\/12\/2-2.jpg\" alt=\"\" width=\"900\" height=\"538\" \/><\/a><br \/>\n<div class=\"shortcode-ys-post-pinup\"><article class=\"loop-simple post-2845 post type-post status-publish format-video has-post-thumbnail hentry category-bezpecnost category-cestna-cyklisitika category-mtb category-odporucame tag-chlad tag-martin-imrich tag-oblecenie tag-udrzba tag-vyjazd tag-zima post_format-post-format-video\" data-postid=\"2845\" role=\"article\" data-post-id=\"2845\" data-word-count=\"80\" data-headline-length=\"46\" data-category=\"Bezpe\u010dnos\u0165\" data-author=\"We Love Cycling\" data-published=\"2017-12-12T17:42:56+01:00\" data-published-day=\"Tuesday\">\n    <div class=\"entry-thumbnail article-thumbnail video-thumbnail\" content=\"https:\/\/d2p6e6u75xmxt8.cloudfront.net\/4\/2017\/12\/nahlad2-150x150.webp\"><svg class=\"play font-icon\"><use href=\"#play_round\" xlink:href=\"#play_round\"><\/use><\/svg><a href=\"https:\/\/www.welovecycling.com\/sk\/2017\/12\/12\/video-jazdenie-v-zime\/\" class=\"image-holder\" target=\"_self\"><img decoding=\"async\" loading=\"lazy\" class=\"\" src=\"https:\/\/d2p6e6u75xmxt8.cloudfront.net\/4\/2017\/12\/nahlad2-1024x447.webp\" srcset=\"https:\/\/d2p6e6u75xmxt8.cloudfront.net\/4\/2017\/12\/nahlad2.webp 1375w, https:\/\/d2p6e6u75xmxt8.cloudfront.net\/4\/2017\/12\/nahlad2-300x131.webp 300w, https:\/\/d2p6e6u75xmxt8.cloudfront.net\/4\/2017\/12\/nahlad2-1024x447.webp 1024w, https:\/\/d2p6e6u75xmxt8.cloudfront.net\/4\/2017\/12\/nahlad2-768x335.webp 768w\" width=\"1024\" height=\"447\" sizes=\"auto, (min-width: 1200px) 458px, (min-width: 768px) 38vw, 100vw\" alt=\"video-jazdenie-v-zime\"\/><\/a><\/div>    <div class=\"entry-meta\">\n        <a class=\"label label-secondary post-category\" href=\"https:\/\/www.welovecycling.com\/sk\/category\/bezpecnost\/\" title=\"Bezpe\u010dnos\u0165\">Bezpe\u010dnos\u0165<\/a>\n    <\/div>\n    <div class=\"entry-details\">\n        <a href=\"https:\/\/www.welovecycling.com\/sk\/2017\/12\/12\/video-jazdenie-v-zime\/\" class='entry-title-wrapper'>\n            <h3 class=\"entry-title\"><span>VIDEO: Jazdenie v zime &#8211; z\u00e1kladn\u00e9 tipy<\/span><\/h3>\n        <\/a>\n    <\/div>\n    <\/article>\n<\/div><\/p>\n<h2><strong>Ochr\u00e1\u0148te lo\u017eisk\u00e1<\/strong><\/h2>\n<p>V zime samozrejme najviac trpia pohybliv\u00e9 \u010dasti, teda lo\u017eisk\u00e1. Najlep\u0161ie je, ak na ne pred zimou aplikujete poriadnu vrstvu vazel\u00edny, pr\u00edpadne bicykel zaneste do servisu. Najviac bude zrejme trpie\u0165 oblas\u0165 hlavov\u00e9ho zlo\u017eenia, stredov\u00e9 zlo\u017eenie a vo\u013enobeh (orech). No a v pr\u00edpade horsk\u00e9ho celoodpru\u017een\u00e9ho modelu e\u0161te pribudn\u00fa lo\u017eisk\u00e1 v zadnej stavbe. Kvalitn\u00e1 vazel\u00edna vie lo\u017eisk\u00e1 ochr\u00e1ni\u0165 pred vniknut\u00edm vody a vlhkosti a udr\u017ea\u0165 ich \u010do najdlh\u0161ie v dobrom stave. Na za\u010diatku sez\u00f3ny tak nebude musie\u0165 meni\u0165 v\u0161etko za nov\u00e9&#8230;<\/p>\n<p><a href=\"https:\/\/d2p6e6u75xmxt8.cloudfront.net\/4\/2017\/12\/3-3.jpg\"><img loading=\"lazy\" decoding=\"async\" class=\"alignnone size-full wp-image-2908\" src=\"https:\/\/d2p6e6u75xmxt8.cloudfront.net\/4\/2017\/12\/3-3.jpg\" alt=\"\" width=\"1100\" height=\"595\" \/><\/a><\/p>\n<h2><strong>Pravideln\u00e1 \u00fadr\u017eba<\/strong><\/h2>\n<p>To najlep\u0161ie a najjednoduch\u0161ie \u010do m\u00f4\u017eete pre svoj bicykel v zime urobi\u0165, je dopria\u0165 mu pravideln\u00fa starostlivos\u0165. D\u00f4le\u017eit\u00e9 je po v\u00fdjazde zbyto\u010dne ne\u010daka\u0165 a sna\u017ei\u0165 sa ho \u010do najr\u00fdchlej\u0161ie umy\u0165 a n\u00e1sledne premaza\u0165. Sta\u010d\u00ed p\u00e1r min\u00fat a zameranie sa na to podstatn\u00e9, nemus\u00edte ho zaka\u017ed\u00fdm le\u0161ti\u0165. D\u00f4le\u017eit\u00e9 s\u00fa najm\u00e4 \u010dasti pohonu a samozrejme odpru\u017eenie. Pr\u00edpadn\u00e1 so\u013e tak nebude ma\u0165 \u0161ancu za\u010da\u0165 p\u00f4sobi\u0165, rovnako ako v\u0161adepr\u00edtomn\u00e1 vlhkos\u0165. Najhor\u0161ie, \u010do m\u00f4\u017eete spravi\u0165, je necha\u0165 bicykel po v\u00fdjazde v n\u00e1ro\u010dn\u00fdch podmienkach bez pov\u0161imnutia nieko\u013eko dn\u00ed.<\/p>\n<p><a href=\"https:\/\/d2p6e6u75xmxt8.cloudfront.net\/4\/2017\/12\/4-2.jpg\"><img loading=\"lazy\" decoding=\"async\" class=\"alignnone size-full wp-image-2909\" src=\"https:\/\/d2p6e6u75xmxt8.cloudfront.net\/4\/2017\/12\/4-2.jpg\" alt=\"\" width=\"1024\" height=\"683\" \/><\/a><\/p>\n<h2><strong>Svetl\u00e1<\/strong><\/h2>\n<p>Tento bod s\u00edce priamo nes\u00favis\u00ed s bicyklom, je v\u0161ak d\u00f4le\u017eit\u00fd hlavne pre va\u0161u bezpe\u010dnos\u0165. Ve\u013emi \u010dasto v zime \u010dlovek vyr\u00e1\u017ea v zhor\u0161en\u00fdch sveteln\u00fdch podmienkach a rovnako sa ove\u013ea r\u00fdchlej\u0161ie stmieva. P\u00e1r svetiel vie v\u00fdrazne zv\u00fd\u0161i\u0165 va\u0161u vidite\u013enos\u0165 na ceste, a to v\u0161etko pri miniat\u00farnych rozmeroch. V podstate ani nebudete vedie\u0165, \u017ee ich tam m\u00e1te, pokia\u013e nebude treba. Samozrejme, ak hodl\u00e1te jazdi\u0165 aj v noci, treba investova\u0165 u\u017e do v\u00fdkonnej\u0161\u00edch modelov, ale o tom zase niekedy nabud\u00face&#8230;<\/p>\n<p><a href=\"https:\/\/d2p6e6u75xmxt8.cloudfront.net\/4\/2017\/12\/5.jpg\"><img loading=\"lazy\" decoding=\"async\" class=\"alignnone size-full wp-image-2911\" src=\"https:\/\/d2p6e6u75xmxt8.cloudfront.net\/4\/2017\/12\/5.jpg\" alt=\"\" width=\"1000\" height=\"543\" \/><\/a><\/p>\n","protected":false},"excerpt":{"rendered":"<p>Bicykel nemus\u00ed \u00eds\u0165 s prv\u00fdm snehom na stenu, ale m\u00f4\u017eete si na \u0148om u\u017ei\u0165 zimn\u00e9 jazdenie, ktor\u00e9 m\u00e1 svoje jedine\u010dn\u00e9 [&hellip;]<\/p>\n","protected":false},"author":38,"featured_media":2930,"comment_status":"open","ping_status":"open","sticky":false,"template":"","format":"standard","meta":{"footnotes":""},"categories":[57,4,3,191,352],"tags":[354,115,180,265,193,290,353,350,317],"global-categories":[],"class_list":["post-2905","post","type-post","status-publish","format-standard","has-post-thumbnail","hentry","category-bezpecnost","category-cestna-cyklisitika","category-mtb","category-odporucame","category-udrzba","tag-blatniky","tag-cestna-cyklistika","tag-horska-cyklistika","tag-svetlo","tag-tlak-v-plastoch","tag-udrzba","tag-vazelina","tag-zazimovanie","tag-zima"],"yoast_head":"<!-- This site is optimized with the Yoast SEO Premium plugin v25.3 (Yoast SEO v25.9) - https:\/\/yoast.com\/wordpress\/plugins\/seo\/ -->\n<title>Pripravte svoj bicykel na n\u00e1strahy zimy - \u0160koda We Love Cycling Slovensko<\/title>\n<meta name=\"robots\" content=\"index, follow, max-snippet:-1, max-image-preview:large, max-video-preview:-1\" \/>\n<link rel=\"canonical\" href=\"https:\/\/www.welovecycling.com\/sk\/2017\/12\/09\/pripravte-svoj-bicykel-nastrahy-zimy\/\" \/>\n<meta property=\"og:locale\" content=\"sk_SK\" \/>\n<meta property=\"og:type\" content=\"article\" \/>\n<meta property=\"og:title\" content=\"Pripravte svoj bicykel na n\u00e1strahy zimy\" \/>\n<meta property=\"og:description\" content=\"Bicykel nemus\u00ed \u00eds\u0165 s prv\u00fdm snehom na stenu, ale m\u00f4\u017eete si na \u0148om u\u017ei\u0165 zimn\u00e9 jazdenie, ktor\u00e9 m\u00e1 svoje jedine\u010dn\u00e9 [&hellip;]\" \/>\n<meta property=\"og:url\" content=\"https:\/\/www.welovecycling.com\/sk\/2017\/12\/09\/pripravte-svoj-bicykel-nastrahy-zimy\/\" \/>\n<meta property=\"og:site_name\" content=\"\u0160koda We Love Cycling Slovensko\" \/>\n<meta property=\"article:published_time\" content=\"2017-12-09T09:00:58+00:00\" \/>\n<meta property=\"article:modified_time\" content=\"2018-01-08T16:03:19+00:00\" \/>\n<meta property=\"og:image\" content=\"https:\/\/d2p6e6u75xmxt8.cloudfront.net\/4\/2017\/12\/0958-1.webp\" \/>\n\t<meta property=\"og:image:width\" content=\"1375\" \/>\n\t<meta property=\"og:image:height\" content=\"600\" \/>\n\t<meta property=\"og:image:type\" content=\"image\/webp\" \/>\n<meta name=\"author\" content=\"Ondrej Ga\u0161par\" \/>\n<meta name=\"twitter:card\" content=\"summary_large_image\" \/>\n<meta name=\"twitter:label1\" content=\"Written by\" \/>\n\t<meta name=\"twitter:data1\" content=\"We Love Cycling\" \/>\n\t<meta name=\"twitter:label2\" content=\"Est. watching time\" \/>\n\t<meta name=\"twitter:data2\" content=\"4:45\" \/>\n<script type=\"application\/ld+json\" class=\"yoast-schema-graph\">{\"@context\":\"https:\/\/schema.org\",\"@graph\":[{\"@type\":\"WebPage\",\"@id\":\"https:\/\/www.welovecycling.com\/sk\/2017\/12\/09\/pripravte-svoj-bicykel-nastrahy-zimy\/\",\"url\":\"https:\/\/www.welovecycling.com\/sk\/2017\/12\/09\/pripravte-svoj-bicykel-nastrahy-zimy\/\",\"name\":\"Pripravte svoj bicykel na n\u00e1strahy zimy - \u0160koda We Love Cycling Slovensko\",\"isPartOf\":{\"@id\":\"https:\/\/www.welovecycling.com\/sk\/#website\"},\"primaryImageOfPage\":{\"@id\":\"https:\/\/www.welovecycling.com\/sk\/2017\/12\/09\/pripravte-svoj-bicykel-nastrahy-zimy\/#primaryimage\"},\"image\":{\"@id\":\"https:\/\/www.welovecycling.com\/sk\/2017\/12\/09\/pripravte-svoj-bicykel-nastrahy-zimy\/#primaryimage\"},\"thumbnailUrl\":\"https:\/\/d2p6e6u75xmxt8.cloudfront.net\/4\/2017\/12\/0958-1.webp\",\"datePublished\":\"2017-12-09T09:00:58+00:00\",\"dateModified\":\"2018-01-08T16:03:19+00:00\",\"author\":{\"@id\":\"https:\/\/www.welovecycling.com\/sk\/#\/schema\/person\/8ee09ba39b7e25b1870160aa5b3a89bc\"},\"breadcrumb\":{\"@id\":\"https:\/\/www.welovecycling.com\/sk\/2017\/12\/09\/pripravte-svoj-bicykel-nastrahy-zimy\/#breadcrumb\"},\"inLanguage\":\"sk-SK\",\"potentialAction\":[{\"@type\":\"ReadAction\",\"target\":[\"https:\/\/www.welovecycling.com\/sk\/2017\/12\/09\/pripravte-svoj-bicykel-nastrahy-zimy\/\"]}]},{\"@type\":\"ImageObject\",\"inLanguage\":\"sk-SK\",\"@id\":\"https:\/\/www.welovecycling.com\/sk\/2017\/12\/09\/pripravte-svoj-bicykel-nastrahy-zimy\/#primaryimage\",\"url\":\"https:\/\/d2p6e6u75xmxt8.cloudfront.net\/4\/2017\/12\/0958-1.webp\",\"contentUrl\":\"https:\/\/d2p6e6u75xmxt8.cloudfront.net\/4\/2017\/12\/0958-1.webp\",\"width\":1375,\"height\":600},{\"@type\":\"BreadcrumbList\",\"@id\":\"https:\/\/www.welovecycling.com\/sk\/2017\/12\/09\/pripravte-svoj-bicykel-nastrahy-zimy\/#breadcrumb\",\"itemListElement\":[{\"@type\":\"ListItem\",\"position\":1,\"name\":\"Home\",\"item\":\"https:\/\/www.welovecycling.com\/sk\/\"},{\"@type\":\"ListItem\",\"position\":2,\"name\":\"Pripravte svoj bicykel na n\u00e1strahy zimy\"}]},{\"@type\":\"WebSite\",\"@id\":\"https:\/\/www.welovecycling.com\/sk\/#website\",\"url\":\"https:\/\/www.welovecycling.com\/sk\/\",\"name\":\"\u0160koda We Love Cycling Slovensko\",\"description\":\"\u0160koda We Love Cycling Slovensko je v\u00e1\u0161 ka\u017edodenn\u00fd zdroj noviniek a in\u0161pir\u00e1cie z sveta cyklistiky\",\"potentialAction\":[{\"@type\":\"SearchAction\",\"target\":{\"@type\":\"EntryPoint\",\"urlTemplate\":\"https:\/\/www.welovecycling.com\/sk\/?s={search_term_string}\"},\"query-input\":{\"@type\":\"PropertyValueSpecification\",\"valueRequired\":true,\"valueName\":\"search_term_string\"}}],\"inLanguage\":\"sk-SK\"},{\"@type\":\"Person\",\"@id\":\"https:\/\/www.welovecycling.com\/sk\/#\/schema\/person\/8ee09ba39b7e25b1870160aa5b3a89bc\",\"name\":\"Ondrej Ga\u0161par\",\"image\":{\"@type\":\"ImageObject\",\"inLanguage\":\"sk-SK\",\"@id\":\"https:\/\/www.welovecycling.com\/sk\/#\/schema\/person\/image\/\",\"url\":\"https:\/\/secure.gravatar.com\/avatar\/6126c9afb87b70da5abbb083ddbb21933da15f18f8ca7cb822aba0fb096a48f6?s=96&d=mm&r=g\",\"contentUrl\":\"https:\/\/secure.gravatar.com\/avatar\/6126c9afb87b70da5abbb083ddbb21933da15f18f8ca7cb822aba0fb096a48f6?s=96&d=mm&r=g\",\"caption\":\"Ondrej Ga\u0161par\"},\"url\":\"https:\/\/www.welovecycling.com\/sk\/author\/ondrejgaspar\/\"}]}<\/script>\n<!-- \/ Yoast SEO Premium plugin. -->","yoast_head_json":{"title":"Pripravte svoj bicykel na n\u00e1strahy zimy - \u0160koda We Love Cycling Slovensko","robots":{"index":"index","follow":"follow","max-snippet":"max-snippet:-1","max-image-preview":"max-image-preview:large","max-video-preview":"max-video-preview:-1"},"canonical":"https:\/\/www.welovecycling.com\/sk\/2017\/12\/09\/pripravte-svoj-bicykel-nastrahy-zimy\/","og_locale":"sk_SK","og_type":"article","og_title":"Pripravte svoj bicykel na n\u00e1strahy zimy","og_description":"Bicykel nemus\u00ed \u00eds\u0165 s prv\u00fdm snehom na stenu, ale m\u00f4\u017eete si na \u0148om u\u017ei\u0165 zimn\u00e9 jazdenie, ktor\u00e9 m\u00e1 svoje jedine\u010dn\u00e9 [&hellip;]","og_url":"https:\/\/www.welovecycling.com\/sk\/2017\/12\/09\/pripravte-svoj-bicykel-nastrahy-zimy\/","og_site_name":"\u0160koda We Love Cycling Slovensko","article_published_time":"2017-12-09T09:00:58+00:00","article_modified_time":"2018-01-08T16:03:19+00:00","og_image":[{"width":1375,"height":600,"url":"https:\/\/d2p6e6u75xmxt8.cloudfront.net\/4\/2017\/12\/0958-1.webp","type":"image\/webp"}],"author":"Ondrej Ga\u0161par","twitter_card":"summary_large_image","twitter_misc":{"Written by":"We Love Cycling","Est. watching time":"4:45"},"schema":{"@context":"https:\/\/schema.org","@graph":[{"@type":"WebPage","@id":"https:\/\/www.welovecycling.com\/sk\/2017\/12\/09\/pripravte-svoj-bicykel-nastrahy-zimy\/","url":"https:\/\/www.welovecycling.com\/sk\/2017\/12\/09\/pripravte-svoj-bicykel-nastrahy-zimy\/","name":"Pripravte svoj bicykel na n\u00e1strahy zimy - \u0160koda We Love Cycling Slovensko","isPartOf":{"@id":"https:\/\/www.welovecycling.com\/sk\/#website"},"primaryImageOfPage":{"@id":"https:\/\/www.welovecycling.com\/sk\/2017\/12\/09\/pripravte-svoj-bicykel-nastrahy-zimy\/#primaryimage"},"image":{"@id":"https:\/\/www.welovecycling.com\/sk\/2017\/12\/09\/pripravte-svoj-bicykel-nastrahy-zimy\/#primaryimage"},"thumbnailUrl":"https:\/\/d2p6e6u75xmxt8.cloudfront.net\/4\/2017\/12\/0958-1.webp","datePublished":"2017-12-09T09:00:58+00:00","dateModified":"2018-01-08T16:03:19+00:00","author":{"@id":"https:\/\/www.welovecycling.com\/sk\/#\/schema\/person\/8ee09ba39b7e25b1870160aa5b3a89bc"},"breadcrumb":{"@id":"https:\/\/www.welovecycling.com\/sk\/2017\/12\/09\/pripravte-svoj-bicykel-nastrahy-zimy\/#breadcrumb"},"inLanguage":"sk-SK","potentialAction":[{"@type":"ReadAction","target":["https:\/\/www.welovecycling.com\/sk\/2017\/12\/09\/pripravte-svoj-bicykel-nastrahy-zimy\/"]}]},{"@type":"ImageObject","inLanguage":"sk-SK","@id":"https:\/\/www.welovecycling.com\/sk\/2017\/12\/09\/pripravte-svoj-bicykel-nastrahy-zimy\/#primaryimage","url":"https:\/\/d2p6e6u75xmxt8.cloudfront.net\/4\/2017\/12\/0958-1.webp","contentUrl":"https:\/\/d2p6e6u75xmxt8.cloudfront.net\/4\/2017\/12\/0958-1.webp","width":1375,"height":600},{"@type":"BreadcrumbList","@id":"https:\/\/www.welovecycling.com\/sk\/2017\/12\/09\/pripravte-svoj-bicykel-nastrahy-zimy\/#breadcrumb","itemListElement":[{"@type":"ListItem","position":1,"name":"Home","item":"https:\/\/www.welovecycling.com\/sk\/"},{"@type":"ListItem","position":2,"name":"Pripravte svoj bicykel na n\u00e1strahy zimy"}]},{"@type":"WebSite","@id":"https:\/\/www.welovecycling.com\/sk\/#website","url":"https:\/\/www.welovecycling.com\/sk\/","name":"\u0160koda We Love Cycling Slovensko","description":"\u0160koda We Love Cycling Slovensko je v\u00e1\u0161 ka\u017edodenn\u00fd zdroj noviniek a in\u0161pir\u00e1cie z sveta cyklistiky","potentialAction":[{"@type":"SearchAction","target":{"@type":"EntryPoint","urlTemplate":"https:\/\/www.welovecycling.com\/sk\/?s={search_term_string}"},"query-input":{"@type":"PropertyValueSpecification","valueRequired":true,"valueName":"search_term_string"}}],"inLanguage":"sk-SK"},{"@type":"Person","@id":"https:\/\/www.welovecycling.com\/sk\/#\/schema\/person\/8ee09ba39b7e25b1870160aa5b3a89bc","name":"Ondrej Ga\u0161par","image":{"@type":"ImageObject","inLanguage":"sk-SK","@id":"https:\/\/www.welovecycling.com\/sk\/#\/schema\/person\/image\/","url":"https:\/\/secure.gravatar.com\/avatar\/6126c9afb87b70da5abbb083ddbb21933da15f18f8ca7cb822aba0fb096a48f6?s=96&d=mm&r=g","contentUrl":"https:\/\/secure.gravatar.com\/avatar\/6126c9afb87b70da5abbb083ddbb21933da15f18f8ca7cb822aba0fb096a48f6?s=96&d=mm&r=g","caption":"Ondrej Ga\u0161par"},"url":"https:\/\/www.welovecycling.com\/sk\/author\/ondrejgaspar\/"}]}},"_links":{"self":[{"href":"https:\/\/www.welovecycling.com\/sk\/wp-json\/wp\/v2\/posts\/2905","targetHints":{"allow":["GET"]}}],"collection":[{"href":"https:\/\/www.welovecycling.com\/sk\/wp-json\/wp\/v2\/posts"}],"about":[{"href":"https:\/\/www.welovecycling.com\/sk\/wp-json\/wp\/v2\/types\/post"}],"author":[{"embeddable":true,"href":"https:\/\/www.welovecycling.com\/sk\/wp-json\/wp\/v2\/users\/38"}],"replies":[{"embeddable":true,"href":"https:\/\/www.welovecycling.com\/sk\/wp-json\/wp\/v2\/comments?post=2905"}],"version-history":[{"count":2,"href":"https:\/\/www.welovecycling.com\/sk\/wp-json\/wp\/v2\/posts\/2905\/revisions"}],"predecessor-version":[{"id":2939,"href":"https:\/\/www.welovecycling.com\/sk\/wp-json\/wp\/v2\/posts\/2905\/revisions\/2939"}],"wp:featuredmedia":[{"embeddable":true,"href":"https:\/\/www.welovecycling.com\/sk\/wp-json\/wp\/v2\/media\/2930"}],"wp:attachment":[{"href":"https:\/\/www.welovecycling.com\/sk\/wp-json\/wp\/v2\/media?parent=2905"}],"wp:term":[{"taxonomy":"category","embeddable":true,"href":"https:\/\/www.welovecycling.com\/sk\/wp-json\/wp\/v2\/categories?post=2905"},{"taxonomy":"post_tag","embeddable":true,"href":"https:\/\/www.welovecycling.com\/sk\/wp-json\/wp\/v2\/tags?post=2905"},{"taxonomy":"global-categories","embeddable":true,"href":"https:\/\/www.welovecycling.com\/sk\/wp-json\/wp\/v2\/global-categories?post=2905"}],"curies":[{"name":"wp","href":"https:\/\/api.w.org\/{rel}","templated":true}]}}