{"id":2895,"date":"2018-01-25T17:34:42","date_gmt":"2018-01-25T16:34:42","guid":{"rendered":"https:\/\/www.welovecycling.com\/sk\/?p=2895"},"modified":"2018-01-25T17:36:02","modified_gmt":"2018-01-25T16:36:02","slug":"ochrante-chodidla-pred-chladom","status":"publish","type":"post","link":"https:\/\/www.welovecycling.com\/sk\/2018\/01\/25\/ochrante-chodidla-pred-chladom\/","title":{"rendered":"Ochr\u00e1\u0148te chodidl\u00e1 pred chladom"},"content":{"rendered":"<p><strong>Ak sa niektor\u00e9ho cyklistu sp\u00fdtate, na ktor\u00fa \u010das\u0165 tela mu b\u00fdva pri jazden\u00ed v zime naj\u010dastej\u0161ie chladno, takmer v\u00e4\u010d\u0161ina odpovie, \u017ee s\u00fa to pr\u00e1ve chodidl\u00e1. Ako ich teda m\u00f4\u017eete ochr\u00e1ni\u0165 pred chladom a zv\u00fd\u0161i\u0165 tak komfort v\u00e1\u0161ho v\u00fdjazdu?<\/strong><!--more--><\/p>\n<p>Predsa len, cyklistick\u00e1 obuv je trochu \u0161pecifick\u00e1 &#8211; a to najm\u00e4 v pr\u00edpade, \u017ee pou\u017e\u00edvate niektor\u00fd syst\u00e9m n\u00e1\u0161\u013eapn\u00fdch ped\u00e1lov. Tretry s\u00fa pre dobr\u00fd prenos energie v\u00fdrazne tuh\u0161ie, ale noha sa v nich v podstate neh\u00fdbe a ve\u013emi \u010dasto b\u00fdvaj\u00fa aj v\u00fdrazne odvetran\u00e9.<\/p>\n<p>https:\/\/www.instagram.com\/p\/BcXU5Y9gGAh\/?tagged=wintercycling<\/p>\n<h2><strong>Hrub\u0161ie pono\u017eky<\/strong><\/h2>\n<p>Ak nie je e\u0161te v\u00fdrazn\u00e1 zima, zrejme bude sta\u010di\u0165 pou\u017ei\u0165 hrub\u0161ie pono\u017eky, napr\u00edklad tie z vlny merino. Ide\u00e1lne, ak s\u00fa vy\u0161\u0161ie a prekryj\u00fa ve\u013emi dobre \u010dlenok a \u010das\u0165 l\u00fdtka. Dajte si pozor na jednu vec \u2013 vo vn\u00fatri treba ma\u0165 st\u00e1le dostatok miesta, preto\u017ee ak budete ma\u0165 nohu stiahnut\u00fa, bude v\u00e1m e\u0161te v\u00e4\u010d\u0161ia zima. Preto je m\u00fadrej\u0161ie pri v\u00e4\u010d\u0161om chladne ned\u00e1va\u0165 \u010fal\u0161iu vrstvu dovn\u00fatra, ale vrstvi\u0165 z opa\u010dnej strany pomocou n\u00e1vlekov.<\/p>\n<h2><strong>N\u00e1vleky<\/strong><\/h2>\n<p>Na trhu v s\u00fa\u010dasnosti n\u00e1jdete \u0161irok\u00e9 spektrum r\u00f4znych n\u00e1vlekov z r\u00f4znych materi\u00e1lov. V prvom pr\u00edpade si dajte pozor, na \u010do chcete n\u00e1vlek pou\u017e\u00edva\u0165. Ak jazd\u00edte iba po ceste a m\u00e1te cestn\u00fd bicykel, sta\u010d\u00ed v\u00e1m mal\u00fd otvor pre kufre a p\u00e4tu. Ak jazd\u00edte aj v ter\u00e9ne a ob\u010das potrebujete prejs\u0165 pe\u0161i, treba sa pozera\u0165 po modeloch, ktor\u00e9 maj\u00fa spevnen\u00fa \u0161pi\u010dku a viac otvoren\u00fa spodn\u00fa \u010das\u0165. Z materi\u00e1lov takmer ni\u010d nepokaz\u00edte vo\u013ebou neopr\u00e9nu, ktor\u00fd m\u00e1 v\u00fdborn\u00e9 vlastnosti. Je elastick\u00fd, odoln\u00fd vo\u010di vode a dr\u017e\u00ed teplo aj vo vlhkom stave \u2013 navy\u0161e je aj lacn\u00fd. Dajte d\u00f4raz na jeho dostato\u010dn\u00fa v\u00fd\u0161ku, nech m\u00e1te dobre chr\u00e1nen\u00fd aj \u010dlenok a \u010d\u00edm s\u00fa n\u00e1vleky vy\u0161\u0161ie, t\u00fdm lep\u0161ie.<\/p>\n<p>K nim sa nesk\u00f4r oplat\u00ed dok\u00fapi\u0165 nejak\u00fd ten\u0161\u00ed model, napr\u00edklad iba odoln\u00fd vo\u010di vetru. U\u017eiv\u00edte ich v menej chladn\u00fdch podmienkach (jese\u0148, jar), ale rovnako ich m\u00f4\u017eete spolu kombinova\u0165 pri v\u00e4\u010d\u0161ej zime. Teda najsk\u00f4r d\u00e1te n\u00e1vleky tenk\u00e9 a na to tie hrub\u0161ie (napr. spom\u00ednan\u00e9 neopr\u00e9nov\u00e9). Ve\u013emi dobre t\u00fdm zv\u00fd\u0161ite tepeln\u00fd komfort a bez toho, aby ste mali nohu stiahnut\u00fa.<\/p>\n<p><a href=\"https:\/\/d2p6e6u75xmxt8.cloudfront.net\/4\/2017\/12\/1-3.jpg\"><img loading=\"lazy\" decoding=\"async\" class=\"alignnone size-full wp-image-2898\" src=\"https:\/\/d2p6e6u75xmxt8.cloudfront.net\/4\/2017\/12\/1-3.jpg\" alt=\"\" width=\"1170\" height=\"780\" \/><\/a><\/p>\n<h2><strong>Utesnenie otvorov<\/strong><\/h2>\n<p>Najm\u00e4 cestn\u00e9 modely tretier maj\u00fa ve\u013emi \u010dasto na por\u00e1\u017eke nejak\u00fa formu otvoru, ktor\u00fd pom\u00e1ha v lete pri odvetran\u00ed. To ale ve\u013emi neocen\u00edte, ak je vonku zima a vlhko, tak\u017ee sa studen\u00fd vzduch ve\u013emi \u013eahko dostane dnu. Sk\u00faste tento otvor nejako utesni\u0165, napr. pomocou elektrik\u00e1rskej p\u00e1sky, ale mo\u017eno n\u00e1jdete aj lep\u0161i sp\u00f4sob.<\/p>\n<p><a href=\"https:\/\/d2p6e6u75xmxt8.cloudfront.net\/4\/2017\/12\/2-1.jpg\"><img loading=\"lazy\" decoding=\"async\" class=\"alignnone size-full wp-image-2899\" src=\"https:\/\/d2p6e6u75xmxt8.cloudfront.net\/4\/2017\/12\/2-1.jpg\" alt=\"\" width=\"710\" height=\"400\" \/><\/a><\/p>\n<h2><strong>Prsty vo f\u00f3lii<\/strong><\/h2>\n<p>Ako prv\u00e9 zrejme budete c\u00edti\u0165, \u017ee chlad postupne prich\u00e1dza najm\u00e4 na va\u0161e prsty. Ich ochranu m\u00f4\u017eete zv\u00fd\u0161i\u0165 pomocou klasickej alu-f\u00f3lie. Jednoducho do nej oba\u013ete predn\u00fa \u010das\u0165 chodidla v pono\u017eke a n\u00e1sledne vlo\u017ete do top\u00e1nky. T\u00fdm m\u00f4\u017eete zabr\u00e1ni\u0165 r\u00fdchlemu \u00faniku tepla z tejto citlivej \u010dasti.<\/p>\n<h2><strong>Zimn\u00e9 tretry<\/strong><\/h2>\n<p>Ak v\u00e1s jazdenie v zime naozaj chyt\u00ed, zrejme sk\u00f4r \u010di nesk\u00f4r skon\u010d\u00edte pri niektorom modeli zimn\u00fdch tretier \u2013 \u010di u\u017e v MTB alebo \u010disto cestnom preveden\u00ed. Poskytn\u00fa toti\u017e najlep\u0161\u00ed tepeln\u00fd komfort, najm\u00e4 v\u010faka izolovanej spodnej \u010dasti, \u010do je achillova p\u00e4ta klasick\u00fdch letn\u00fdch modelov. S\u00fa tie\u017e prisp\u00f4soben\u00e9 pre pou\u017eitie hrub\u0161\u00edch pono\u017eiek a celkovo m\u00e1te pre prsty ove\u013ea viac miesta. Kvalitn\u00e9 zimn\u00e9 modely obsahuj\u00fa aj niektor\u00fa formu izol\u00e1cie a rovnako v nich m\u00f4\u017eete ove\u013ea lep\u0161ie chodi\u0165. To plat\u00ed najm\u00e4 v pr\u00edpade MTB, kedy sa m\u00f4\u017ee sta\u0165, \u017ee budete v snehu tla\u010di\u0165 dlh\u0161iu dobu.<\/p>\n<p><a href=\"https:\/\/d2p6e6u75xmxt8.cloudfront.net\/4\/2017\/12\/3-2.jpg\"><img loading=\"lazy\" decoding=\"async\" class=\"alignnone size-full wp-image-2902\" src=\"https:\/\/d2p6e6u75xmxt8.cloudfront.net\/4\/2017\/12\/3-2.jpg\" alt=\"\" width=\"1500\" height=\"1101\" \/><\/a><\/p>\n<p>V\u010faka utesneniu nebudete tak ma\u0165 za chv\u00ed\u013eu mokro v top\u00e1nke a rovnako je to aj ove\u013ea pohodlnej\u0161ie. Aj ke\u010f nie s\u00fa tak\u00e9ho tretry najlacnej\u0161ie, v\u010faka odolnej kon\u0161trukcii vydr\u017eia aj nieko\u013eko rokov a ur\u010dite sa t\u00e1to invest\u00edcia oplat\u00ed&#8230;<\/p>\n<p><strong>Ak m\u00e1te rad\u0161ej hovoriace obr\u00e1zky, dobr\u00fd n\u00e1vod pripravili aj GCN:<\/strong><\/p>\n<lite-youtube videoid=cFPVWR2jzI4 params=\"enablejsapi=1\" style=\"background-image: url('https:\/\/i.ytimg.com\/vi_webp\/cFPVWR2jzI4\/maxresdefault.webp');\"><\/lite-youtube>\n<p>(foto na \u00favode: FB Isadore Apparel)<\/p>\n","protected":false},"excerpt":{"rendered":"<p>Ak sa niektor\u00e9ho cyklistu sp\u00fdtate, na ktor\u00fa \u010das\u0165 tela mu b\u00fdva pri jazden\u00ed v zime naj\u010dastej\u0161ie chladno, takmer v\u00e4\u010d\u0161ina odpovie, [&hellip;]<\/p>\n","protected":false},"author":38,"featured_media":2896,"comment_status":"open","ping_status":"open","sticky":false,"template":"","format":"standard","meta":{"footnotes":""},"categories":[4,3,52,191],"tags":[115,180,215,349,348,317],"global-categories":[],"class_list":["post-2895","post","type-post","status-publish","format-standard","has-post-thumbnail","hentry","category-cestna-cyklisitika","category-mtb","category-nakupny-poradca","category-odporucame","tag-cestna-cyklistika","tag-horska-cyklistika","tag-nakupny-poradca","tag-ponozky","tag-tretry","tag-zima"],"yoast_head":"<!-- This site is optimized with the Yoast SEO Premium plugin v25.3 (Yoast SEO v25.9) - https:\/\/yoast.com\/wordpress\/plugins\/seo\/ -->\n<title>Ochr\u00e1\u0148te chodidl\u00e1 pred chladom - \u0160koda We Love Cycling Slovensko<\/title>\n<meta name=\"robots\" content=\"index, follow, max-snippet:-1, max-image-preview:large, max-video-preview:-1\" \/>\n<link rel=\"canonical\" href=\"https:\/\/www.welovecycling.com\/sk\/2018\/01\/25\/ochrante-chodidla-pred-chladom\/\" \/>\n<meta property=\"og:locale\" content=\"sk_SK\" \/>\n<meta property=\"og:type\" content=\"article\" \/>\n<meta property=\"og:title\" content=\"Ochr\u00e1\u0148te chodidl\u00e1 pred chladom\" \/>\n<meta property=\"og:description\" content=\"Ak sa niektor\u00e9ho cyklistu sp\u00fdtate, na ktor\u00fa \u010das\u0165 tela mu b\u00fdva pri jazden\u00ed v zime naj\u010dastej\u0161ie chladno, takmer v\u00e4\u010d\u0161ina odpovie, [&hellip;]\" \/>\n<meta property=\"og:url\" content=\"https:\/\/www.welovecycling.com\/sk\/2018\/01\/25\/ochrante-chodidla-pred-chladom\/\" \/>\n<meta property=\"og:site_name\" content=\"\u0160koda We Love Cycling Slovensko\" \/>\n<meta property=\"article:published_time\" content=\"2018-01-25T16:34:42+00:00\" \/>\n<meta property=\"article:modified_time\" content=\"2018-01-25T16:36:02+00:00\" \/>\n<meta property=\"og:image\" content=\"https:\/\/d2p6e6u75xmxt8.cloudfront.net\/4\/2017\/12\/uvodna-1.webp\" \/>\n\t<meta property=\"og:image:width\" content=\"1375\" \/>\n\t<meta property=\"og:image:height\" content=\"600\" \/>\n\t<meta property=\"og:image:type\" content=\"image\/webp\" \/>\n<meta name=\"author\" content=\"Ondrej Ga\u0161par\" \/>\n<meta name=\"twitter:card\" content=\"summary_large_image\" \/>\n<meta name=\"twitter:label1\" content=\"Written by\" \/>\n\t<meta name=\"twitter:data1\" content=\"We Love Cycling\" \/>\n\t<meta name=\"twitter:label2\" content=\"Est. reading time\" \/>\n\t<meta name=\"twitter:data2\" content=\"4 minutes\" \/>\n<script type=\"application\/ld+json\" class=\"yoast-schema-graph\">{\"@context\":\"https:\/\/schema.org\",\"@graph\":[{\"@type\":\"WebPage\",\"@id\":\"https:\/\/www.welovecycling.com\/sk\/2018\/01\/25\/ochrante-chodidla-pred-chladom\/\",\"url\":\"https:\/\/www.welovecycling.com\/sk\/2018\/01\/25\/ochrante-chodidla-pred-chladom\/\",\"name\":\"Ochr\u00e1\u0148te chodidl\u00e1 pred chladom - \u0160koda We Love Cycling Slovensko\",\"isPartOf\":{\"@id\":\"https:\/\/www.welovecycling.com\/sk\/#website\"},\"primaryImageOfPage\":{\"@id\":\"https:\/\/www.welovecycling.com\/sk\/2018\/01\/25\/ochrante-chodidla-pred-chladom\/#primaryimage\"},\"image\":{\"@id\":\"https:\/\/www.welovecycling.com\/sk\/2018\/01\/25\/ochrante-chodidla-pred-chladom\/#primaryimage\"},\"thumbnailUrl\":\"https:\/\/d2p6e6u75xmxt8.cloudfront.net\/4\/2017\/12\/uvodna-1.webp\",\"datePublished\":\"2018-01-25T16:34:42+00:00\",\"dateModified\":\"2018-01-25T16:36:02+00:00\",\"author\":{\"@id\":\"https:\/\/www.welovecycling.com\/sk\/#\/schema\/person\/8ee09ba39b7e25b1870160aa5b3a89bc\"},\"breadcrumb\":{\"@id\":\"https:\/\/www.welovecycling.com\/sk\/2018\/01\/25\/ochrante-chodidla-pred-chladom\/#breadcrumb\"},\"inLanguage\":\"sk-SK\",\"potentialAction\":[{\"@type\":\"ReadAction\",\"target\":[\"https:\/\/www.welovecycling.com\/sk\/2018\/01\/25\/ochrante-chodidla-pred-chladom\/\"]}]},{\"@type\":\"ImageObject\",\"inLanguage\":\"sk-SK\",\"@id\":\"https:\/\/www.welovecycling.com\/sk\/2018\/01\/25\/ochrante-chodidla-pred-chladom\/#primaryimage\",\"url\":\"https:\/\/d2p6e6u75xmxt8.cloudfront.net\/4\/2017\/12\/uvodna-1.webp\",\"contentUrl\":\"https:\/\/d2p6e6u75xmxt8.cloudfront.net\/4\/2017\/12\/uvodna-1.webp\",\"width\":1375,\"height\":600},{\"@type\":\"BreadcrumbList\",\"@id\":\"https:\/\/www.welovecycling.com\/sk\/2018\/01\/25\/ochrante-chodidla-pred-chladom\/#breadcrumb\",\"itemListElement\":[{\"@type\":\"ListItem\",\"position\":1,\"name\":\"Home\",\"item\":\"https:\/\/www.welovecycling.com\/sk\/\"},{\"@type\":\"ListItem\",\"position\":2,\"name\":\"Ochr\u00e1\u0148te chodidl\u00e1 pred chladom\"}]},{\"@type\":\"WebSite\",\"@id\":\"https:\/\/www.welovecycling.com\/sk\/#website\",\"url\":\"https:\/\/www.welovecycling.com\/sk\/\",\"name\":\"\u0160koda We Love Cycling Slovensko\",\"description\":\"\u0160koda We Love Cycling Slovensko je v\u00e1\u0161 ka\u017edodenn\u00fd zdroj noviniek a in\u0161pir\u00e1cie z sveta cyklistiky\",\"potentialAction\":[{\"@type\":\"SearchAction\",\"target\":{\"@type\":\"EntryPoint\",\"urlTemplate\":\"https:\/\/www.welovecycling.com\/sk\/?s={search_term_string}\"},\"query-input\":{\"@type\":\"PropertyValueSpecification\",\"valueRequired\":true,\"valueName\":\"search_term_string\"}}],\"inLanguage\":\"sk-SK\"},{\"@type\":\"Person\",\"@id\":\"https:\/\/www.welovecycling.com\/sk\/#\/schema\/person\/8ee09ba39b7e25b1870160aa5b3a89bc\",\"name\":\"Ondrej Ga\u0161par\",\"image\":{\"@type\":\"ImageObject\",\"inLanguage\":\"sk-SK\",\"@id\":\"https:\/\/www.welovecycling.com\/sk\/#\/schema\/person\/image\/\",\"url\":\"https:\/\/secure.gravatar.com\/avatar\/6126c9afb87b70da5abbb083ddbb21933da15f18f8ca7cb822aba0fb096a48f6?s=96&d=mm&r=g\",\"contentUrl\":\"https:\/\/secure.gravatar.com\/avatar\/6126c9afb87b70da5abbb083ddbb21933da15f18f8ca7cb822aba0fb096a48f6?s=96&d=mm&r=g\",\"caption\":\"Ondrej Ga\u0161par\"},\"url\":\"https:\/\/www.welovecycling.com\/sk\/author\/ondrejgaspar\/\"}]}<\/script>\n<!-- \/ Yoast SEO Premium plugin. -->","yoast_head_json":{"title":"Ochr\u00e1\u0148te chodidl\u00e1 pred chladom - \u0160koda We Love Cycling Slovensko","robots":{"index":"index","follow":"follow","max-snippet":"max-snippet:-1","max-image-preview":"max-image-preview:large","max-video-preview":"max-video-preview:-1"},"canonical":"https:\/\/www.welovecycling.com\/sk\/2018\/01\/25\/ochrante-chodidla-pred-chladom\/","og_locale":"sk_SK","og_type":"article","og_title":"Ochr\u00e1\u0148te chodidl\u00e1 pred chladom","og_description":"Ak sa niektor\u00e9ho cyklistu sp\u00fdtate, na ktor\u00fa \u010das\u0165 tela mu b\u00fdva pri jazden\u00ed v zime naj\u010dastej\u0161ie chladno, takmer v\u00e4\u010d\u0161ina odpovie, [&hellip;]","og_url":"https:\/\/www.welovecycling.com\/sk\/2018\/01\/25\/ochrante-chodidla-pred-chladom\/","og_site_name":"\u0160koda We Love Cycling Slovensko","article_published_time":"2018-01-25T16:34:42+00:00","article_modified_time":"2018-01-25T16:36:02+00:00","og_image":[{"width":1375,"height":600,"url":"https:\/\/d2p6e6u75xmxt8.cloudfront.net\/4\/2017\/12\/uvodna-1.webp","type":"image\/webp"}],"author":"Ondrej Ga\u0161par","twitter_card":"summary_large_image","twitter_misc":{"Written by":"We Love Cycling","Est. reading time":"4 minutes"},"schema":{"@context":"https:\/\/schema.org","@graph":[{"@type":"WebPage","@id":"https:\/\/www.welovecycling.com\/sk\/2018\/01\/25\/ochrante-chodidla-pred-chladom\/","url":"https:\/\/www.welovecycling.com\/sk\/2018\/01\/25\/ochrante-chodidla-pred-chladom\/","name":"Ochr\u00e1\u0148te chodidl\u00e1 pred chladom - \u0160koda We Love Cycling Slovensko","isPartOf":{"@id":"https:\/\/www.welovecycling.com\/sk\/#website"},"primaryImageOfPage":{"@id":"https:\/\/www.welovecycling.com\/sk\/2018\/01\/25\/ochrante-chodidla-pred-chladom\/#primaryimage"},"image":{"@id":"https:\/\/www.welovecycling.com\/sk\/2018\/01\/25\/ochrante-chodidla-pred-chladom\/#primaryimage"},"thumbnailUrl":"https:\/\/d2p6e6u75xmxt8.cloudfront.net\/4\/2017\/12\/uvodna-1.webp","datePublished":"2018-01-25T16:34:42+00:00","dateModified":"2018-01-25T16:36:02+00:00","author":{"@id":"https:\/\/www.welovecycling.com\/sk\/#\/schema\/person\/8ee09ba39b7e25b1870160aa5b3a89bc"},"breadcrumb":{"@id":"https:\/\/www.welovecycling.com\/sk\/2018\/01\/25\/ochrante-chodidla-pred-chladom\/#breadcrumb"},"inLanguage":"sk-SK","potentialAction":[{"@type":"ReadAction","target":["https:\/\/www.welovecycling.com\/sk\/2018\/01\/25\/ochrante-chodidla-pred-chladom\/"]}]},{"@type":"ImageObject","inLanguage":"sk-SK","@id":"https:\/\/www.welovecycling.com\/sk\/2018\/01\/25\/ochrante-chodidla-pred-chladom\/#primaryimage","url":"https:\/\/d2p6e6u75xmxt8.cloudfront.net\/4\/2017\/12\/uvodna-1.webp","contentUrl":"https:\/\/d2p6e6u75xmxt8.cloudfront.net\/4\/2017\/12\/uvodna-1.webp","width":1375,"height":600},{"@type":"BreadcrumbList","@id":"https:\/\/www.welovecycling.com\/sk\/2018\/01\/25\/ochrante-chodidla-pred-chladom\/#breadcrumb","itemListElement":[{"@type":"ListItem","position":1,"name":"Home","item":"https:\/\/www.welovecycling.com\/sk\/"},{"@type":"ListItem","position":2,"name":"Ochr\u00e1\u0148te chodidl\u00e1 pred chladom"}]},{"@type":"WebSite","@id":"https:\/\/www.welovecycling.com\/sk\/#website","url":"https:\/\/www.welovecycling.com\/sk\/","name":"\u0160koda We Love Cycling Slovensko","description":"\u0160koda We Love Cycling Slovensko je v\u00e1\u0161 ka\u017edodenn\u00fd zdroj noviniek a in\u0161pir\u00e1cie z sveta cyklistiky","potentialAction":[{"@type":"SearchAction","target":{"@type":"EntryPoint","urlTemplate":"https:\/\/www.welovecycling.com\/sk\/?s={search_term_string}"},"query-input":{"@type":"PropertyValueSpecification","valueRequired":true,"valueName":"search_term_string"}}],"inLanguage":"sk-SK"},{"@type":"Person","@id":"https:\/\/www.welovecycling.com\/sk\/#\/schema\/person\/8ee09ba39b7e25b1870160aa5b3a89bc","name":"Ondrej Ga\u0161par","image":{"@type":"ImageObject","inLanguage":"sk-SK","@id":"https:\/\/www.welovecycling.com\/sk\/#\/schema\/person\/image\/","url":"https:\/\/secure.gravatar.com\/avatar\/6126c9afb87b70da5abbb083ddbb21933da15f18f8ca7cb822aba0fb096a48f6?s=96&d=mm&r=g","contentUrl":"https:\/\/secure.gravatar.com\/avatar\/6126c9afb87b70da5abbb083ddbb21933da15f18f8ca7cb822aba0fb096a48f6?s=96&d=mm&r=g","caption":"Ondrej Ga\u0161par"},"url":"https:\/\/www.welovecycling.com\/sk\/author\/ondrejgaspar\/"}]}},"_links":{"self":[{"href":"https:\/\/www.welovecycling.com\/sk\/wp-json\/wp\/v2\/posts\/2895","targetHints":{"allow":["GET"]}}],"collection":[{"href":"https:\/\/www.welovecycling.com\/sk\/wp-json\/wp\/v2\/posts"}],"about":[{"href":"https:\/\/www.welovecycling.com\/sk\/wp-json\/wp\/v2\/types\/post"}],"author":[{"embeddable":true,"href":"https:\/\/www.welovecycling.com\/sk\/wp-json\/wp\/v2\/users\/38"}],"replies":[{"embeddable":true,"href":"https:\/\/www.welovecycling.com\/sk\/wp-json\/wp\/v2\/comments?post=2895"}],"version-history":[{"count":2,"href":"https:\/\/www.welovecycling.com\/sk\/wp-json\/wp\/v2\/posts\/2895\/revisions"}],"predecessor-version":[{"id":3148,"href":"https:\/\/www.welovecycling.com\/sk\/wp-json\/wp\/v2\/posts\/2895\/revisions\/3148"}],"wp:featuredmedia":[{"embeddable":true,"href":"https:\/\/www.welovecycling.com\/sk\/wp-json\/wp\/v2\/media\/2896"}],"wp:attachment":[{"href":"https:\/\/www.welovecycling.com\/sk\/wp-json\/wp\/v2\/media?parent=2895"}],"wp:term":[{"taxonomy":"category","embeddable":true,"href":"https:\/\/www.welovecycling.com\/sk\/wp-json\/wp\/v2\/categories?post=2895"},{"taxonomy":"post_tag","embeddable":true,"href":"https:\/\/www.welovecycling.com\/sk\/wp-json\/wp\/v2\/tags?post=2895"},{"taxonomy":"global-categories","embeddable":true,"href":"https:\/\/www.welovecycling.com\/sk\/wp-json\/wp\/v2\/global-categories?post=2895"}],"curies":[{"name":"wp","href":"https:\/\/api.w.org\/{rel}","templated":true}]}}