{"id":2858,"date":"2017-12-08T14:24:49","date_gmt":"2017-12-08T13:24:49","guid":{"rendered":"https:\/\/www.welovecycling.com\/sk\/?p=2858"},"modified":"2017-12-08T14:24:49","modified_gmt":"2017-12-08T13:24:49","slug":"zopar-tipov-darceky-cyklistu","status":"publish","type":"post","link":"https:\/\/www.welovecycling.com\/sk\/2017\/12\/08\/zopar-tipov-darceky-cyklistu\/","title":{"rendered":"Zop\u00e1r tipov na dar\u010deky pre cyklistu"},"content":{"rendered":"<p><strong>Ma\u0165 v rodine cyklistu alebo cyklistku je pomerne ve\u013ek\u00e1 v\u00fdhoda z h\u013eadiska dar\u010dekov. V\u010faka tomuto komplexn\u00e9mu kon\u00ed\u010dku m\u00f4\u017eete vybera\u0165 z naozaj \u0161irokej \u0161k\u00e1ly a takmer v\u017edy m\u00e1te istotu, \u017ee padne na \u00farodn\u00fa p\u00f4du. Prin\u00e1\u0161ame zop\u00e1r tipov na men\u0161ie, ale aj trochu drah\u0161ie dar\u010deky, ktor\u00e9 takmer v\u017edy n\u00e1jdu vyu\u017eitie&#8230;<\/strong><!--more--><\/p>\n<h2><strong>Pono\u017eky<\/strong><\/h2>\n<p>Klasick\u00e9 pono\u017eky s\u00edce nepatria v be\u017enom \u017eivote medzi najpopul\u00e1rnej\u0161ie dar\u010deky, no kvalitn\u00e9 cyklistick\u00e9 pono\u017eky spravia v\u017edy rados\u0165, preto\u017ee ich takmer nikdy nie je dos\u0165. Na v\u00fdber m\u00e1te z mno\u017estva mot\u00edvov a fant\u00e1zii sa medze neklad\u00fa &#8211; v zimnom obdob\u00ed pr\u00eddu ur\u010dite vhod hrub\u0161ie verzie napr\u00edklad z vlny merino, ktor\u00e9 aj pr\u00edjemne zahrej\u00fa.<\/p>\n<p><a href=\"https:\/\/d2p6e6u75xmxt8.cloudfront.net\/4\/2017\/12\/1-2.jpg\"><img loading=\"lazy\" decoding=\"async\" class=\"alignnone size-full wp-image-2892\" src=\"https:\/\/d2p6e6u75xmxt8.cloudfront.net\/4\/2017\/12\/1-2.jpg\" alt=\"\" width=\"750\" height=\"483\" \/><\/a><\/p>\n<p>&nbsp;<\/p>\n<h2><strong>Spodn\u00e1 vrstva z merina<\/strong><\/h2>\n<p>Pri vlne merino e\u0161te zostaneme, preto\u017ee sa rovnako dobre hod\u00ed aj pre pou\u017eitie ako prv\u00e1 vrstva pri menej intenz\u00edvnych aktivit\u00e1ch v chladnom obdob\u00ed. Je ve\u013emi pr\u00edjemn\u00e1 na tele, dobre izoluje, odv\u00e1dza pot od poko\u017eky a hlavne nezap\u00e1cha. Hod\u00ed sa preto aj na viacd\u0148ov\u00e9 aktivity a takmer ka\u017ed\u00fd cyklista ho vo svojom \u0161atn\u00edku ocen\u00ed. Navy\u0161e, vybera\u0165 m\u00f4\u017eete z \u010disto slovenskej produkcie ako Isadore Apparel, ktor\u00e9 okrem spom\u00ednan\u00fdch vlastnost\u00ed prin\u00e1\u0161a navy\u0161e aj \u0161t\u00fdl&#8230;<\/p>\n<p><a href=\"https:\/\/d2p6e6u75xmxt8.cloudfront.net\/4\/2017\/12\/2.jpg\"><img loading=\"lazy\" decoding=\"async\" class=\"alignnone size-full wp-image-2865\" src=\"https:\/\/d2p6e6u75xmxt8.cloudfront.net\/4\/2017\/12\/2.jpg\" alt=\"\" width=\"1170\" height=\"780\" \/><\/a><\/p>\n<h2><strong>Okuliare<\/strong><\/h2>\n<p>Okrem toho, \u017ee chr\u00e1nia o\u010di, s\u00fa okuliare aj ak\u00fdmsi osobit\u00fdm v\u00fdrazom \u0161t\u00fdlu. Kvalitn\u00e9 prevedenie cyklisti ocenia a bud\u00fa ich hrdo nosi\u0165 takmer na ka\u017edom v\u00fdjazde.<\/p>\n<p><a href=\"https:\/\/d2p6e6u75xmxt8.cloudfront.net\/4\/2017\/12\/3.jpg\"><img loading=\"lazy\" decoding=\"async\" class=\"alignnone size-extra-large wp-image-2866\" src=\"https:\/\/d2p6e6u75xmxt8.cloudfront.net\/4\/2017\/12\/3-1920x1078.jpg\" alt=\"\" width=\"1920\" height=\"1078\" \/><\/a><\/p>\n<h2><strong>Nov\u00e9 svetlo<\/strong><\/h2>\n<p>Dobr\u00e9 osvetlenie n\u00e1jde naozaj \u0161irok\u00e9 uplatnenie, najm\u00e4 po\u010das prechodn\u00e9ho obdobia, kedy je ve\u013emi skoro tma a ve\u013ek\u00e1 \u010das\u0165 v\u00fdjazdov za\u010d\u00edna alebo kon\u010d\u00ed v zhor\u0161en\u00fdch sveteln\u00fdch podmienkach. Dne\u0161n\u00e9 svetl\u00e1 s\u00fa tak mal\u00e9, \u017ee ich na bicykli takmer nie je vidno, ale ak je potrebn\u00e9, v\u00fdborne posl\u00fa\u017eia a v\u00fdrazne zv\u00fd\u0161ia bezpe\u010dnos\u0165. V\u00fdkonn\u00e9 svetl\u00e1 ur\u010den\u00e9 na no\u010dn\u00e9 jazdenie potom vedia otvori\u0165 \u00faplne nov\u00fd rozmer cyklistiky, v\u010faka \u010domu sa m\u00f4\u017eu cyklisti vyhn\u00fa\u0165 \u201eabstinen\u010dn\u00fdm\u201c pr\u00edznakom, ale samozrejme s\u00fa aj ove\u013ea n\u00e1kladnej\u0161ie.<\/p>\n<p><a href=\"https:\/\/d2p6e6u75xmxt8.cloudfront.net\/4\/2017\/12\/4-1.jpg\"><img loading=\"lazy\" decoding=\"async\" class=\"alignnone size-extra-large wp-image-2882\" src=\"https:\/\/d2p6e6u75xmxt8.cloudfront.net\/4\/2017\/12\/4-1-1920x599.jpg\" alt=\"\" width=\"1920\" height=\"599\" \/><\/a><\/p>\n<h2><strong>Sada n\u00e1radia<\/strong><\/h2>\n<p>Kvalitn\u00e9 a vhodn\u00e9 n\u00e1radie je z\u00e1kladom ka\u017ed\u00e9ho, trochu zlo\u017eitej\u0161ieho servisn\u00e9ho \u00fakonu. Ak vid\u00edte, \u017ee m\u00e1te doma skuto\u010dne v\u00e1\u0161niv\u00e9ho cyklistu, ktor\u00fd ve\u013ea \u010dasu tr\u00e1vi zhrben\u00fd nad bicyklom, m\u00e1te istotu, \u017ee sada kvalitn\u00e9ho n\u00e1radia mu sprav\u00ed rados\u0165. Navy\u0161e, ak je v\u0161etko zabalen\u00e9 vo vhodnom kufr\u00edku, kde m\u00e1 ka\u017ed\u00fd k\u00fasok svoje miesto, v\u00fdsledn\u00e1 rados\u0165 je takmer zaru\u010den\u00e1&#8230;<\/p>\n<p><a href=\"https:\/\/d2p6e6u75xmxt8.cloudfront.net\/4\/2017\/12\/5.jpeg\"><img loading=\"lazy\" decoding=\"async\" class=\"alignnone size-full wp-image-2867\" src=\"https:\/\/d2p6e6u75xmxt8.cloudfront.net\/4\/2017\/12\/5.jpeg\" alt=\"\" width=\"1280\" height=\"720\" \/><\/a><\/p>\n<h2><strong>N\u00e1kr\u010dn\u00edk<\/strong><\/h2>\n<p>Drobnos\u0165, bez ktorej si mno\u017estvo cyklistov nevie v\u00fdjazd v chladn\u00fdch podmienkach ani predstavi\u0165. Tento drobn\u00fd k\u00fasok oble\u010denia chr\u00e1ni citliv\u00fa oblas\u0165 krku a n\u00e1jde vyu\u017eitie aj ako \u010diapka, \u010delenka alebo dokonca pot\u00edtko. Navy\u0161e, vybera\u0165 m\u00f4\u017eete z naozaj ve\u013ek\u00e9ho po\u010dtu rozmanit\u00fdch farieb a kombin\u00e1ci\u00ed. Ak dobre vyberiete, ur\u010dite sa pote\u0161\u00ed, ak bude zladen\u00fd\/zladen\u00e1 s ob\u013e\u00fabenou bundou.<\/p>\n<p><a href=\"https:\/\/d2p6e6u75xmxt8.cloudfront.net\/4\/2017\/12\/6.jpg\"><img loading=\"lazy\" decoding=\"async\" class=\"alignnone size-full wp-image-2868\" src=\"https:\/\/d2p6e6u75xmxt8.cloudfront.net\/4\/2017\/12\/6.jpg\" alt=\"\" width=\"1170\" height=\"780\" \/><\/a><\/p>\n<h2><strong>Termofla\u0161a<\/strong><\/h2>\n<p>Najm\u00e4 v zime n\u00e1jde dobr\u00e1 termof\u013ea\u0161a svoje vyu\u017eitie a vie ve\u013emi dobre spr\u00edjemni\u0165 zimn\u00e9 v\u00fdjazdy. V\u010faka nej toti\u017e \u010daj vydr\u017e\u00ed tepl\u00fd aj nieko\u013eko hod\u00edn, naopak, v lete dok\u00e1\u017ee zase vodu udr\u017ea\u0165 studen\u00fa po\u010das hor\u00fa\u010dav. Lacn\u00e9 a u\u017eito\u010dn\u00e9&#8230;<\/p>\n<p><a href=\"https:\/\/d2p6e6u75xmxt8.cloudfront.net\/4\/2017\/12\/7-1.jpg\"><img loading=\"lazy\" decoding=\"async\" class=\"alignnone size-full wp-image-2884\" src=\"https:\/\/d2p6e6u75xmxt8.cloudfront.net\/4\/2017\/12\/7-1.jpg\" alt=\"\" width=\"1752\" height=\"767\" \/><\/a><\/p>\n<h2><strong>Klasick\u00e9 tri\u010dko s cyklistick\u00fdm mot\u00edvom<\/strong><\/h2>\n<p>Netreba sa obmedzova\u0165 len vyslovene na funk\u010dn\u00e9 \u0161portov\u00e9 oble\u010denie. Rados\u0165 ur\u010dite sprav\u00ed aj klasick\u00e9 tri\u010dko, samozrejme s vhodn\u00fdm mot\u00edvom napr\u00edklad od ob\u013e\u00fabenej zna\u010dky. Cyklista sa predsa pozn\u00e1 nielen na bicykli.<\/p>\n<p><a href=\"https:\/\/d2p6e6u75xmxt8.cloudfront.net\/4\/2017\/12\/8-2.jpg\"><img loading=\"lazy\" decoding=\"async\" class=\"alignnone size-extra-large wp-image-2883\" src=\"https:\/\/d2p6e6u75xmxt8.cloudfront.net\/4\/2017\/12\/8-2-1920x668.jpg\" alt=\"\" width=\"1920\" height=\"668\" \/><\/a><\/p>\n<h2><strong>Mini blatn\u00edk (ass saver)<\/strong><\/h2>\n<p>Na z\u00e1ver tu je drobnos\u0165, ktor\u00e1 vie doslova zachr\u00e1ni\u0165 situ\u00e1ciu, ak za\u010dne pr\u0161a\u0165 alebo s\u00fa mokr\u00e9 cesty. Chr\u00e1nia toti\u017e t\u00fa najcitlivej\u0161iu partiu \u2013 zadok, a to pred nepr\u00edjemnou sp\u0155\u0161kou od kolesa. Pritom ani nevidno, \u017ee sa jedn\u00e1 o blatn\u00edk a tento doplnok sa stal ve\u013emi popul\u00e1rny aj v profesion\u00e1lnom pelot\u00f3ne.<\/p>\n<p><a href=\"https:\/\/d2p6e6u75xmxt8.cloudfront.net\/4\/2017\/12\/9.jpg\"><img loading=\"lazy\" decoding=\"async\" class=\"alignnone size-full wp-image-2885\" src=\"https:\/\/d2p6e6u75xmxt8.cloudfront.net\/4\/2017\/12\/9.jpg\" alt=\"\" width=\"1828\" height=\"768\" \/><\/a><\/p>\n<p>Samozrejme s\u00fa to len n\u00e1mety, d\u00f4le\u017eit\u00e9 je v prvom rade toho druh\u00e9ho pote\u0161i\u0165 a niekedy netreba ani m\u00ed\u0148a\u0165 extra ve\u013ek\u00e9 sumy. Hlavne si u\u017eite pohodu a relax.<\/p>\n","protected":false},"excerpt":{"rendered":"<p>Ma\u0165 v rodine cyklistu alebo cyklistku je pomerne ve\u013ek\u00e1 v\u00fdhoda z h\u013eadiska dar\u010dekov. V\u010faka tomuto komplexn\u00e9mu kon\u00ed\u010dku m\u00f4\u017eete vybera\u0165 z [&hellip;]<\/p>\n","protected":false},"author":38,"featured_media":2861,"comment_status":"open","ping_status":"open","sticky":false,"template":"","format":"standard","meta":{"footnotes":""},"categories":[52,118],"tags":[115,345,347,180,215,285,346,265,344],"global-categories":[],"class_list":["post-2858","post","type-post","status-publish","format-standard","has-post-thumbnail","hentry","category-nakupny-poradca","category-zabava","tag-cestna-cyklistika","tag-darceky","tag-flasa","tag-horska-cyklistika","tag-nakupny-poradca","tag-oblecenie","tag-okuliare","tag-svetlo","tag-vianoce"],"yoast_head":"<!-- This site is optimized with the Yoast SEO Premium plugin v25.3 (Yoast SEO v25.9) - https:\/\/yoast.com\/wordpress\/plugins\/seo\/ -->\n<title>Zop\u00e1r tipov na dar\u010deky pre cyklistu - \u0160koda We Love Cycling Slovensko<\/title>\n<meta name=\"robots\" content=\"index, follow, max-snippet:-1, max-image-preview:large, max-video-preview:-1\" \/>\n<link rel=\"canonical\" href=\"https:\/\/www.welovecycling.com\/sk\/2017\/12\/08\/zopar-tipov-darceky-cyklistu\/\" \/>\n<meta property=\"og:locale\" content=\"sk_SK\" \/>\n<meta property=\"og:type\" content=\"article\" \/>\n<meta property=\"og:title\" content=\"Zop\u00e1r tipov na dar\u010deky pre cyklistu\" \/>\n<meta property=\"og:description\" content=\"Ma\u0165 v rodine cyklistu alebo cyklistku je pomerne ve\u013ek\u00e1 v\u00fdhoda z h\u013eadiska dar\u010dekov. V\u010faka tomuto komplexn\u00e9mu kon\u00ed\u010dku m\u00f4\u017eete vybera\u0165 z [&hellip;]\" \/>\n<meta property=\"og:url\" content=\"https:\/\/www.welovecycling.com\/sk\/2017\/12\/08\/zopar-tipov-darceky-cyklistu\/\" \/>\n<meta property=\"og:site_name\" content=\"\u0160koda We Love Cycling Slovensko\" \/>\n<meta property=\"article:published_time\" content=\"2017-12-08T13:24:49+00:00\" \/>\n<meta property=\"og:image\" content=\"https:\/\/d2p6e6u75xmxt8.cloudfront.net\/4\/2017\/12\/uvodna.webp\" \/>\n\t<meta property=\"og:image:width\" content=\"1375\" \/>\n\t<meta property=\"og:image:height\" content=\"600\" \/>\n\t<meta property=\"og:image:type\" content=\"image\/webp\" \/>\n<meta name=\"author\" content=\"Ondrej Ga\u0161par\" \/>\n<meta name=\"twitter:card\" content=\"summary_large_image\" \/>\n<meta name=\"twitter:label1\" content=\"Written by\" \/>\n\t<meta name=\"twitter:data1\" content=\"We Love Cycling\" \/>\n\t<meta name=\"twitter:label2\" content=\"Est. reading time\" \/>\n\t<meta name=\"twitter:data2\" content=\"4 minutes\" \/>\n<script type=\"application\/ld+json\" class=\"yoast-schema-graph\">{\"@context\":\"https:\/\/schema.org\",\"@graph\":[{\"@type\":\"WebPage\",\"@id\":\"https:\/\/www.welovecycling.com\/sk\/2017\/12\/08\/zopar-tipov-darceky-cyklistu\/\",\"url\":\"https:\/\/www.welovecycling.com\/sk\/2017\/12\/08\/zopar-tipov-darceky-cyklistu\/\",\"name\":\"Zop\u00e1r tipov na dar\u010deky pre cyklistu - \u0160koda We Love Cycling Slovensko\",\"isPartOf\":{\"@id\":\"https:\/\/www.welovecycling.com\/sk\/#website\"},\"primaryImageOfPage\":{\"@id\":\"https:\/\/www.welovecycling.com\/sk\/2017\/12\/08\/zopar-tipov-darceky-cyklistu\/#primaryimage\"},\"image\":{\"@id\":\"https:\/\/www.welovecycling.com\/sk\/2017\/12\/08\/zopar-tipov-darceky-cyklistu\/#primaryimage\"},\"thumbnailUrl\":\"https:\/\/d2p6e6u75xmxt8.cloudfront.net\/4\/2017\/12\/uvodna.webp\",\"datePublished\":\"2017-12-08T13:24:49+00:00\",\"author\":{\"@id\":\"https:\/\/www.welovecycling.com\/sk\/#\/schema\/person\/8ee09ba39b7e25b1870160aa5b3a89bc\"},\"breadcrumb\":{\"@id\":\"https:\/\/www.welovecycling.com\/sk\/2017\/12\/08\/zopar-tipov-darceky-cyklistu\/#breadcrumb\"},\"inLanguage\":\"sk-SK\",\"potentialAction\":[{\"@type\":\"ReadAction\",\"target\":[\"https:\/\/www.welovecycling.com\/sk\/2017\/12\/08\/zopar-tipov-darceky-cyklistu\/\"]}]},{\"@type\":\"ImageObject\",\"inLanguage\":\"sk-SK\",\"@id\":\"https:\/\/www.welovecycling.com\/sk\/2017\/12\/08\/zopar-tipov-darceky-cyklistu\/#primaryimage\",\"url\":\"https:\/\/d2p6e6u75xmxt8.cloudfront.net\/4\/2017\/12\/uvodna.webp\",\"contentUrl\":\"https:\/\/d2p6e6u75xmxt8.cloudfront.net\/4\/2017\/12\/uvodna.webp\",\"width\":1375,\"height\":600},{\"@type\":\"BreadcrumbList\",\"@id\":\"https:\/\/www.welovecycling.com\/sk\/2017\/12\/08\/zopar-tipov-darceky-cyklistu\/#breadcrumb\",\"itemListElement\":[{\"@type\":\"ListItem\",\"position\":1,\"name\":\"Home\",\"item\":\"https:\/\/www.welovecycling.com\/sk\/\"},{\"@type\":\"ListItem\",\"position\":2,\"name\":\"Zop\u00e1r tipov na dar\u010deky pre cyklistu\"}]},{\"@type\":\"WebSite\",\"@id\":\"https:\/\/www.welovecycling.com\/sk\/#website\",\"url\":\"https:\/\/www.welovecycling.com\/sk\/\",\"name\":\"\u0160koda We Love Cycling Slovensko\",\"description\":\"\u0160koda We Love Cycling Slovensko je v\u00e1\u0161 ka\u017edodenn\u00fd zdroj noviniek a in\u0161pir\u00e1cie z sveta cyklistiky\",\"potentialAction\":[{\"@type\":\"SearchAction\",\"target\":{\"@type\":\"EntryPoint\",\"urlTemplate\":\"https:\/\/www.welovecycling.com\/sk\/?s={search_term_string}\"},\"query-input\":{\"@type\":\"PropertyValueSpecification\",\"valueRequired\":true,\"valueName\":\"search_term_string\"}}],\"inLanguage\":\"sk-SK\"},{\"@type\":\"Person\",\"@id\":\"https:\/\/www.welovecycling.com\/sk\/#\/schema\/person\/8ee09ba39b7e25b1870160aa5b3a89bc\",\"name\":\"Ondrej Ga\u0161par\",\"image\":{\"@type\":\"ImageObject\",\"inLanguage\":\"sk-SK\",\"@id\":\"https:\/\/www.welovecycling.com\/sk\/#\/schema\/person\/image\/\",\"url\":\"https:\/\/secure.gravatar.com\/avatar\/6126c9afb87b70da5abbb083ddbb21933da15f18f8ca7cb822aba0fb096a48f6?s=96&d=mm&r=g\",\"contentUrl\":\"https:\/\/secure.gravatar.com\/avatar\/6126c9afb87b70da5abbb083ddbb21933da15f18f8ca7cb822aba0fb096a48f6?s=96&d=mm&r=g\",\"caption\":\"Ondrej Ga\u0161par\"},\"url\":\"https:\/\/www.welovecycling.com\/sk\/author\/ondrejgaspar\/\"}]}<\/script>\n<!-- \/ Yoast SEO Premium plugin. -->","yoast_head_json":{"title":"Zop\u00e1r tipov na dar\u010deky pre cyklistu - \u0160koda We Love Cycling Slovensko","robots":{"index":"index","follow":"follow","max-snippet":"max-snippet:-1","max-image-preview":"max-image-preview:large","max-video-preview":"max-video-preview:-1"},"canonical":"https:\/\/www.welovecycling.com\/sk\/2017\/12\/08\/zopar-tipov-darceky-cyklistu\/","og_locale":"sk_SK","og_type":"article","og_title":"Zop\u00e1r tipov na dar\u010deky pre cyklistu","og_description":"Ma\u0165 v rodine cyklistu alebo cyklistku je pomerne ve\u013ek\u00e1 v\u00fdhoda z h\u013eadiska dar\u010dekov. V\u010faka tomuto komplexn\u00e9mu kon\u00ed\u010dku m\u00f4\u017eete vybera\u0165 z [&hellip;]","og_url":"https:\/\/www.welovecycling.com\/sk\/2017\/12\/08\/zopar-tipov-darceky-cyklistu\/","og_site_name":"\u0160koda We Love Cycling Slovensko","article_published_time":"2017-12-08T13:24:49+00:00","og_image":[{"width":1375,"height":600,"url":"https:\/\/d2p6e6u75xmxt8.cloudfront.net\/4\/2017\/12\/uvodna.webp","type":"image\/webp"}],"author":"Ondrej Ga\u0161par","twitter_card":"summary_large_image","twitter_misc":{"Written by":"We Love Cycling","Est. reading time":"4 minutes"},"schema":{"@context":"https:\/\/schema.org","@graph":[{"@type":"WebPage","@id":"https:\/\/www.welovecycling.com\/sk\/2017\/12\/08\/zopar-tipov-darceky-cyklistu\/","url":"https:\/\/www.welovecycling.com\/sk\/2017\/12\/08\/zopar-tipov-darceky-cyklistu\/","name":"Zop\u00e1r tipov na dar\u010deky pre cyklistu - \u0160koda We Love Cycling Slovensko","isPartOf":{"@id":"https:\/\/www.welovecycling.com\/sk\/#website"},"primaryImageOfPage":{"@id":"https:\/\/www.welovecycling.com\/sk\/2017\/12\/08\/zopar-tipov-darceky-cyklistu\/#primaryimage"},"image":{"@id":"https:\/\/www.welovecycling.com\/sk\/2017\/12\/08\/zopar-tipov-darceky-cyklistu\/#primaryimage"},"thumbnailUrl":"https:\/\/d2p6e6u75xmxt8.cloudfront.net\/4\/2017\/12\/uvodna.webp","datePublished":"2017-12-08T13:24:49+00:00","author":{"@id":"https:\/\/www.welovecycling.com\/sk\/#\/schema\/person\/8ee09ba39b7e25b1870160aa5b3a89bc"},"breadcrumb":{"@id":"https:\/\/www.welovecycling.com\/sk\/2017\/12\/08\/zopar-tipov-darceky-cyklistu\/#breadcrumb"},"inLanguage":"sk-SK","potentialAction":[{"@type":"ReadAction","target":["https:\/\/www.welovecycling.com\/sk\/2017\/12\/08\/zopar-tipov-darceky-cyklistu\/"]}]},{"@type":"ImageObject","inLanguage":"sk-SK","@id":"https:\/\/www.welovecycling.com\/sk\/2017\/12\/08\/zopar-tipov-darceky-cyklistu\/#primaryimage","url":"https:\/\/d2p6e6u75xmxt8.cloudfront.net\/4\/2017\/12\/uvodna.webp","contentUrl":"https:\/\/d2p6e6u75xmxt8.cloudfront.net\/4\/2017\/12\/uvodna.webp","width":1375,"height":600},{"@type":"BreadcrumbList","@id":"https:\/\/www.welovecycling.com\/sk\/2017\/12\/08\/zopar-tipov-darceky-cyklistu\/#breadcrumb","itemListElement":[{"@type":"ListItem","position":1,"name":"Home","item":"https:\/\/www.welovecycling.com\/sk\/"},{"@type":"ListItem","position":2,"name":"Zop\u00e1r tipov na dar\u010deky pre cyklistu"}]},{"@type":"WebSite","@id":"https:\/\/www.welovecycling.com\/sk\/#website","url":"https:\/\/www.welovecycling.com\/sk\/","name":"\u0160koda We Love Cycling Slovensko","description":"\u0160koda We Love Cycling Slovensko je v\u00e1\u0161 ka\u017edodenn\u00fd zdroj noviniek a in\u0161pir\u00e1cie z sveta cyklistiky","potentialAction":[{"@type":"SearchAction","target":{"@type":"EntryPoint","urlTemplate":"https:\/\/www.welovecycling.com\/sk\/?s={search_term_string}"},"query-input":{"@type":"PropertyValueSpecification","valueRequired":true,"valueName":"search_term_string"}}],"inLanguage":"sk-SK"},{"@type":"Person","@id":"https:\/\/www.welovecycling.com\/sk\/#\/schema\/person\/8ee09ba39b7e25b1870160aa5b3a89bc","name":"Ondrej Ga\u0161par","image":{"@type":"ImageObject","inLanguage":"sk-SK","@id":"https:\/\/www.welovecycling.com\/sk\/#\/schema\/person\/image\/","url":"https:\/\/secure.gravatar.com\/avatar\/6126c9afb87b70da5abbb083ddbb21933da15f18f8ca7cb822aba0fb096a48f6?s=96&d=mm&r=g","contentUrl":"https:\/\/secure.gravatar.com\/avatar\/6126c9afb87b70da5abbb083ddbb21933da15f18f8ca7cb822aba0fb096a48f6?s=96&d=mm&r=g","caption":"Ondrej Ga\u0161par"},"url":"https:\/\/www.welovecycling.com\/sk\/author\/ondrejgaspar\/"}]}},"_links":{"self":[{"href":"https:\/\/www.welovecycling.com\/sk\/wp-json\/wp\/v2\/posts\/2858","targetHints":{"allow":["GET"]}}],"collection":[{"href":"https:\/\/www.welovecycling.com\/sk\/wp-json\/wp\/v2\/posts"}],"about":[{"href":"https:\/\/www.welovecycling.com\/sk\/wp-json\/wp\/v2\/types\/post"}],"author":[{"embeddable":true,"href":"https:\/\/www.welovecycling.com\/sk\/wp-json\/wp\/v2\/users\/38"}],"replies":[{"embeddable":true,"href":"https:\/\/www.welovecycling.com\/sk\/wp-json\/wp\/v2\/comments?post=2858"}],"version-history":[{"count":2,"href":"https:\/\/www.welovecycling.com\/sk\/wp-json\/wp\/v2\/posts\/2858\/revisions"}],"predecessor-version":[{"id":2938,"href":"https:\/\/www.welovecycling.com\/sk\/wp-json\/wp\/v2\/posts\/2858\/revisions\/2938"}],"wp:featuredmedia":[{"embeddable":true,"href":"https:\/\/www.welovecycling.com\/sk\/wp-json\/wp\/v2\/media\/2861"}],"wp:attachment":[{"href":"https:\/\/www.welovecycling.com\/sk\/wp-json\/wp\/v2\/media?parent=2858"}],"wp:term":[{"taxonomy":"category","embeddable":true,"href":"https:\/\/www.welovecycling.com\/sk\/wp-json\/wp\/v2\/categories?post=2858"},{"taxonomy":"post_tag","embeddable":true,"href":"https:\/\/www.welovecycling.com\/sk\/wp-json\/wp\/v2\/tags?post=2858"},{"taxonomy":"global-categories","embeddable":true,"href":"https:\/\/www.welovecycling.com\/sk\/wp-json\/wp\/v2\/global-categories?post=2858"}],"curies":[{"name":"wp","href":"https:\/\/api.w.org\/{rel}","templated":true}]}}