{"id":2852,"date":"2018-01-08T16:41:27","date_gmt":"2018-01-08T15:41:27","guid":{"rendered":"https:\/\/www.welovecycling.com\/sk\/?p=2852"},"modified":"2018-07-17T17:27:10","modified_gmt":"2018-07-17T15:27:10","slug":"video-ako-sa-chranit-pred-chladom","status":"publish","type":"post","link":"https:\/\/www.welovecycling.com\/sk\/2018\/01\/08\/video-ako-sa-chranit-pred-chladom\/","title":{"rendered":"VIDEO: Ako chr\u00e1ni\u0165 spodn\u00fa \u010das\u0165 tela pred chladom?"},"content":{"rendered":"<p><strong>Dobr\u00e9 oble\u010denie na zimu m\u00e1 sp\u013a\u0148a\u0165 ur\u010dit\u00e9 z\u00e1kladn\u00e9 vlastnosti. Dostato\u010dne chr\u00e1ni\u0165, odv\u00e1dza\u0165 prebyto\u010dn\u00fa vlhkos\u0165, a pritom poskytn\u00fa\u0165 potrebn\u00fd komfort. To dnes u\u017e nie je probl\u00e9m, a tak sa trochu bli\u017e\u0161ie pozrieme na spodn\u00fa \u010das\u0165 tela.<\/strong><\/p>\n<p><!--more--><\/p>\n<p>Tam je to predsa len trochu \u201ckomplikovanej\u0161ie\u201d, preto\u017ee viac, ne\u017e kde inde treba kl\u00e1s\u0165 d\u00f4raz na vo\u013enos\u0165 pohybu a potrebn\u00fd komfort vzh\u013eadom na \u0161pecifik\u00e1 cyklistiky. M\u00e1te nieko\u013eko mo\u017enost\u00ed, ale vyu\u017ei\u0165 m\u00f4\u017eete ve\u013emi dobre aj letn\u00e9 verzie kr\u00e1tkych nohav\u00edc, ktor\u00e9 u\u017e zrejme doma m\u00e1te. Sta\u010d\u00ed, ak ich vhodne skombinujete pod\u013ea podmienok s \u010fal\u0161\u00edmi doplnkami. Ak u\u017e teploty v\u00fdrazne atakuj\u00fa m\u00ednusov\u00e9 hodnoty, najlep\u0161iu slu\u017ebu spravia \u0161pecifick\u00e9 zimn\u00e9 modely.<\/p>\n<lite-youtube videoid=UEZ5ssrCsH4 params=\"enablejsapi=1\" style=\"background-image: url('https:\/\/i.ytimg.com\/vi_webp\/UEZ5ssrCsH4\/maxresdefault.webp');\"><\/lite-youtube>\n","protected":false},"excerpt":{"rendered":"<p>Dobr\u00e9 oble\u010denie na zimu m\u00e1 sp\u013a\u0148a\u0165 ur\u010dit\u00e9 z\u00e1kladn\u00e9 vlastnosti. Dostato\u010dne chr\u00e1ni\u0165, odv\u00e1dza\u0165 prebyto\u010dn\u00fa vlhkos\u0165, a pritom poskytn\u00fa\u0165 potrebn\u00fd komfort. To [&hellip;]<\/p>\n","protected":false},"author":38,"featured_media":2853,"comment_status":"open","ping_status":"open","sticky":false,"template":"","format":"video","meta":{"footnotes":""},"categories":[4,3,191],"tags":[333,388,76,310,285,318,317],"global-categories":[],"class_list":["post-2852","post","type-post","status-publish","format-video","has-post-thumbnail","hentry","category-cestna-cyklisitika","category-mtb","category-odporucame","tag-chlad","tag-kratasy","tag-martin-imrich","tag-navleky","tag-oblecenie","tag-vyjazd","tag-zima","post_format-post-format-video"],"yoast_head":"<!-- This site is optimized with the Yoast SEO Premium plugin v25.3 (Yoast SEO v25.9) - https:\/\/yoast.com\/wordpress\/plugins\/seo\/ -->\n<title>VIDEO: Ako chr\u00e1ni\u0165 spodn\u00fa \u010das\u0165 tela pred chladom? - \u0160koda We Love Cycling Slovensko<\/title>\n<meta name=\"robots\" content=\"index, follow, max-snippet:-1, max-image-preview:large, max-video-preview:-1\" \/>\n<link rel=\"canonical\" href=\"https:\/\/www.welovecycling.com\/sk\/2018\/01\/08\/video-ako-sa-chranit-pred-chladom\/\" \/>\n<meta property=\"og:locale\" content=\"sk_SK\" \/>\n<meta property=\"og:type\" content=\"article\" \/>\n<meta property=\"og:title\" content=\"VIDEO: Ako chr\u00e1ni\u0165 spodn\u00fa \u010das\u0165 tela pred chladom?\" \/>\n<meta property=\"og:description\" content=\"Dobr\u00e9 oble\u010denie na zimu m\u00e1 sp\u013a\u0148a\u0165 ur\u010dit\u00e9 z\u00e1kladn\u00e9 vlastnosti. Dostato\u010dne chr\u00e1ni\u0165, odv\u00e1dza\u0165 prebyto\u010dn\u00fa vlhkos\u0165, a pritom poskytn\u00fa\u0165 potrebn\u00fd komfort. To [&hellip;]\" \/>\n<meta property=\"og:url\" content=\"https:\/\/www.welovecycling.com\/sk\/2018\/01\/08\/video-ako-sa-chranit-pred-chladom\/\" \/>\n<meta property=\"og:site_name\" content=\"\u0160koda We Love Cycling Slovensko\" \/>\n<meta property=\"article:published_time\" content=\"2018-01-08T15:41:27+00:00\" \/>\n<meta property=\"article:modified_time\" content=\"2018-07-17T15:27:10+00:00\" \/>\n<meta property=\"og:image\" content=\"https:\/\/d2p6e6u75xmxt8.cloudfront.net\/4\/2017\/12\/wlc_kratase.webp\" \/>\n\t<meta property=\"og:image:width\" content=\"1375\" \/>\n\t<meta property=\"og:image:height\" content=\"600\" \/>\n\t<meta property=\"og:image:type\" content=\"image\/webp\" \/>\n<meta name=\"author\" content=\"Ondrej Ga\u0161par\" \/>\n<meta name=\"twitter:card\" content=\"summary_large_image\" \/>\n<meta name=\"twitter:label1\" content=\"Written by\" \/>\n\t<meta name=\"twitter:data1\" content=\"We Love Cycling\" \/>\n\t<meta name=\"twitter:label2\" content=\"Est. watching time\" \/>\n\t<meta name=\"twitter:data2\" content=\"3:31\" \/>\n<script type=\"application\/ld+json\" class=\"yoast-schema-graph\">{\"@context\":\"https:\/\/schema.org\",\"@graph\":[{\"@type\":\"WebPage\",\"@id\":\"https:\/\/www.welovecycling.com\/sk\/2018\/01\/08\/video-ako-sa-chranit-pred-chladom\/\",\"url\":\"https:\/\/www.welovecycling.com\/sk\/2018\/01\/08\/video-ako-sa-chranit-pred-chladom\/\",\"name\":\"VIDEO: Ako chr\u00e1ni\u0165 spodn\u00fa \u010das\u0165 tela pred chladom? - \u0160koda We Love Cycling Slovensko\",\"isPartOf\":{\"@id\":\"https:\/\/www.welovecycling.com\/sk\/#website\"},\"primaryImageOfPage\":{\"@id\":\"https:\/\/www.welovecycling.com\/sk\/2018\/01\/08\/video-ako-sa-chranit-pred-chladom\/#primaryimage\"},\"image\":{\"@id\":\"https:\/\/www.welovecycling.com\/sk\/2018\/01\/08\/video-ako-sa-chranit-pred-chladom\/#primaryimage\"},\"thumbnailUrl\":\"https:\/\/d2p6e6u75xmxt8.cloudfront.net\/4\/2017\/12\/wlc_kratase.webp\",\"datePublished\":\"2018-01-08T15:41:27+00:00\",\"dateModified\":\"2018-07-17T15:27:10+00:00\",\"author\":{\"@id\":\"https:\/\/www.welovecycling.com\/sk\/#\/schema\/person\/8ee09ba39b7e25b1870160aa5b3a89bc\"},\"breadcrumb\":{\"@id\":\"https:\/\/www.welovecycling.com\/sk\/2018\/01\/08\/video-ako-sa-chranit-pred-chladom\/#breadcrumb\"},\"inLanguage\":\"sk-SK\",\"potentialAction\":[{\"@type\":\"ReadAction\",\"target\":[\"https:\/\/www.welovecycling.com\/sk\/2018\/01\/08\/video-ako-sa-chranit-pred-chladom\/\"]}]},{\"@type\":\"ImageObject\",\"inLanguage\":\"sk-SK\",\"@id\":\"https:\/\/www.welovecycling.com\/sk\/2018\/01\/08\/video-ako-sa-chranit-pred-chladom\/#primaryimage\",\"url\":\"https:\/\/d2p6e6u75xmxt8.cloudfront.net\/4\/2017\/12\/wlc_kratase.webp\",\"contentUrl\":\"https:\/\/d2p6e6u75xmxt8.cloudfront.net\/4\/2017\/12\/wlc_kratase.webp\",\"width\":1375,\"height\":600},{\"@type\":\"BreadcrumbList\",\"@id\":\"https:\/\/www.welovecycling.com\/sk\/2018\/01\/08\/video-ako-sa-chranit-pred-chladom\/#breadcrumb\",\"itemListElement\":[{\"@type\":\"ListItem\",\"position\":1,\"name\":\"Home\",\"item\":\"https:\/\/www.welovecycling.com\/sk\/\"},{\"@type\":\"ListItem\",\"position\":2,\"name\":\"VIDEO: Ako chr\u00e1ni\u0165 spodn\u00fa \u010das\u0165 tela pred chladom?\"}]},{\"@type\":\"WebSite\",\"@id\":\"https:\/\/www.welovecycling.com\/sk\/#website\",\"url\":\"https:\/\/www.welovecycling.com\/sk\/\",\"name\":\"\u0160koda We Love Cycling Slovensko\",\"description\":\"\u0160koda We Love Cycling Slovensko je v\u00e1\u0161 ka\u017edodenn\u00fd zdroj noviniek a in\u0161pir\u00e1cie z sveta cyklistiky\",\"potentialAction\":[{\"@type\":\"SearchAction\",\"target\":{\"@type\":\"EntryPoint\",\"urlTemplate\":\"https:\/\/www.welovecycling.com\/sk\/?s={search_term_string}\"},\"query-input\":{\"@type\":\"PropertyValueSpecification\",\"valueRequired\":true,\"valueName\":\"search_term_string\"}}],\"inLanguage\":\"sk-SK\"},{\"@type\":\"Person\",\"@id\":\"https:\/\/www.welovecycling.com\/sk\/#\/schema\/person\/8ee09ba39b7e25b1870160aa5b3a89bc\",\"name\":\"Ondrej Ga\u0161par\",\"image\":{\"@type\":\"ImageObject\",\"inLanguage\":\"sk-SK\",\"@id\":\"https:\/\/www.welovecycling.com\/sk\/#\/schema\/person\/image\/\",\"url\":\"https:\/\/secure.gravatar.com\/avatar\/6126c9afb87b70da5abbb083ddbb21933da15f18f8ca7cb822aba0fb096a48f6?s=96&d=mm&r=g\",\"contentUrl\":\"https:\/\/secure.gravatar.com\/avatar\/6126c9afb87b70da5abbb083ddbb21933da15f18f8ca7cb822aba0fb096a48f6?s=96&d=mm&r=g\",\"caption\":\"Ondrej Ga\u0161par\"},\"url\":\"https:\/\/www.welovecycling.com\/sk\/author\/ondrejgaspar\/\"}]}<\/script>\n<!-- \/ Yoast SEO Premium plugin. -->","yoast_head_json":{"title":"VIDEO: Ako chr\u00e1ni\u0165 spodn\u00fa \u010das\u0165 tela pred chladom? - \u0160koda We Love Cycling Slovensko","robots":{"index":"index","follow":"follow","max-snippet":"max-snippet:-1","max-image-preview":"max-image-preview:large","max-video-preview":"max-video-preview:-1"},"canonical":"https:\/\/www.welovecycling.com\/sk\/2018\/01\/08\/video-ako-sa-chranit-pred-chladom\/","og_locale":"sk_SK","og_type":"article","og_title":"VIDEO: Ako chr\u00e1ni\u0165 spodn\u00fa \u010das\u0165 tela pred chladom?","og_description":"Dobr\u00e9 oble\u010denie na zimu m\u00e1 sp\u013a\u0148a\u0165 ur\u010dit\u00e9 z\u00e1kladn\u00e9 vlastnosti. Dostato\u010dne chr\u00e1ni\u0165, odv\u00e1dza\u0165 prebyto\u010dn\u00fa vlhkos\u0165, a pritom poskytn\u00fa\u0165 potrebn\u00fd komfort. To [&hellip;]","og_url":"https:\/\/www.welovecycling.com\/sk\/2018\/01\/08\/video-ako-sa-chranit-pred-chladom\/","og_site_name":"\u0160koda We Love Cycling Slovensko","article_published_time":"2018-01-08T15:41:27+00:00","article_modified_time":"2018-07-17T15:27:10+00:00","og_image":[{"width":1375,"height":600,"url":"https:\/\/d2p6e6u75xmxt8.cloudfront.net\/4\/2017\/12\/wlc_kratase.webp","type":"image\/webp"}],"author":"Ondrej Ga\u0161par","twitter_card":"summary_large_image","twitter_misc":{"Written by":"We Love Cycling","Est. watching time":"3:31"},"schema":{"@context":"https:\/\/schema.org","@graph":[{"@type":"WebPage","@id":"https:\/\/www.welovecycling.com\/sk\/2018\/01\/08\/video-ako-sa-chranit-pred-chladom\/","url":"https:\/\/www.welovecycling.com\/sk\/2018\/01\/08\/video-ako-sa-chranit-pred-chladom\/","name":"VIDEO: Ako chr\u00e1ni\u0165 spodn\u00fa \u010das\u0165 tela pred chladom? - \u0160koda We Love Cycling Slovensko","isPartOf":{"@id":"https:\/\/www.welovecycling.com\/sk\/#website"},"primaryImageOfPage":{"@id":"https:\/\/www.welovecycling.com\/sk\/2018\/01\/08\/video-ako-sa-chranit-pred-chladom\/#primaryimage"},"image":{"@id":"https:\/\/www.welovecycling.com\/sk\/2018\/01\/08\/video-ako-sa-chranit-pred-chladom\/#primaryimage"},"thumbnailUrl":"https:\/\/d2p6e6u75xmxt8.cloudfront.net\/4\/2017\/12\/wlc_kratase.webp","datePublished":"2018-01-08T15:41:27+00:00","dateModified":"2018-07-17T15:27:10+00:00","author":{"@id":"https:\/\/www.welovecycling.com\/sk\/#\/schema\/person\/8ee09ba39b7e25b1870160aa5b3a89bc"},"breadcrumb":{"@id":"https:\/\/www.welovecycling.com\/sk\/2018\/01\/08\/video-ako-sa-chranit-pred-chladom\/#breadcrumb"},"inLanguage":"sk-SK","potentialAction":[{"@type":"ReadAction","target":["https:\/\/www.welovecycling.com\/sk\/2018\/01\/08\/video-ako-sa-chranit-pred-chladom\/"]}]},{"@type":"ImageObject","inLanguage":"sk-SK","@id":"https:\/\/www.welovecycling.com\/sk\/2018\/01\/08\/video-ako-sa-chranit-pred-chladom\/#primaryimage","url":"https:\/\/d2p6e6u75xmxt8.cloudfront.net\/4\/2017\/12\/wlc_kratase.webp","contentUrl":"https:\/\/d2p6e6u75xmxt8.cloudfront.net\/4\/2017\/12\/wlc_kratase.webp","width":1375,"height":600},{"@type":"BreadcrumbList","@id":"https:\/\/www.welovecycling.com\/sk\/2018\/01\/08\/video-ako-sa-chranit-pred-chladom\/#breadcrumb","itemListElement":[{"@type":"ListItem","position":1,"name":"Home","item":"https:\/\/www.welovecycling.com\/sk\/"},{"@type":"ListItem","position":2,"name":"VIDEO: Ako chr\u00e1ni\u0165 spodn\u00fa \u010das\u0165 tela pred chladom?"}]},{"@type":"WebSite","@id":"https:\/\/www.welovecycling.com\/sk\/#website","url":"https:\/\/www.welovecycling.com\/sk\/","name":"\u0160koda We Love Cycling Slovensko","description":"\u0160koda We Love Cycling Slovensko je v\u00e1\u0161 ka\u017edodenn\u00fd zdroj noviniek a in\u0161pir\u00e1cie z sveta cyklistiky","potentialAction":[{"@type":"SearchAction","target":{"@type":"EntryPoint","urlTemplate":"https:\/\/www.welovecycling.com\/sk\/?s={search_term_string}"},"query-input":{"@type":"PropertyValueSpecification","valueRequired":true,"valueName":"search_term_string"}}],"inLanguage":"sk-SK"},{"@type":"Person","@id":"https:\/\/www.welovecycling.com\/sk\/#\/schema\/person\/8ee09ba39b7e25b1870160aa5b3a89bc","name":"Ondrej Ga\u0161par","image":{"@type":"ImageObject","inLanguage":"sk-SK","@id":"https:\/\/www.welovecycling.com\/sk\/#\/schema\/person\/image\/","url":"https:\/\/secure.gravatar.com\/avatar\/6126c9afb87b70da5abbb083ddbb21933da15f18f8ca7cb822aba0fb096a48f6?s=96&d=mm&r=g","contentUrl":"https:\/\/secure.gravatar.com\/avatar\/6126c9afb87b70da5abbb083ddbb21933da15f18f8ca7cb822aba0fb096a48f6?s=96&d=mm&r=g","caption":"Ondrej Ga\u0161par"},"url":"https:\/\/www.welovecycling.com\/sk\/author\/ondrejgaspar\/"}]}},"_links":{"self":[{"href":"https:\/\/www.welovecycling.com\/sk\/wp-json\/wp\/v2\/posts\/2852","targetHints":{"allow":["GET"]}}],"collection":[{"href":"https:\/\/www.welovecycling.com\/sk\/wp-json\/wp\/v2\/posts"}],"about":[{"href":"https:\/\/www.welovecycling.com\/sk\/wp-json\/wp\/v2\/types\/post"}],"author":[{"embeddable":true,"href":"https:\/\/www.welovecycling.com\/sk\/wp-json\/wp\/v2\/users\/38"}],"replies":[{"embeddable":true,"href":"https:\/\/www.welovecycling.com\/sk\/wp-json\/wp\/v2\/comments?post=2852"}],"version-history":[{"count":2,"href":"https:\/\/www.welovecycling.com\/sk\/wp-json\/wp\/v2\/posts\/2852\/revisions"}],"predecessor-version":[{"id":3064,"href":"https:\/\/www.welovecycling.com\/sk\/wp-json\/wp\/v2\/posts\/2852\/revisions\/3064"}],"wp:featuredmedia":[{"embeddable":true,"href":"https:\/\/www.welovecycling.com\/sk\/wp-json\/wp\/v2\/media\/2853"}],"wp:attachment":[{"href":"https:\/\/www.welovecycling.com\/sk\/wp-json\/wp\/v2\/media?parent=2852"}],"wp:term":[{"taxonomy":"category","embeddable":true,"href":"https:\/\/www.welovecycling.com\/sk\/wp-json\/wp\/v2\/categories?post=2852"},{"taxonomy":"post_tag","embeddable":true,"href":"https:\/\/www.welovecycling.com\/sk\/wp-json\/wp\/v2\/tags?post=2852"},{"taxonomy":"global-categories","embeddable":true,"href":"https:\/\/www.welovecycling.com\/sk\/wp-json\/wp\/v2\/global-categories?post=2852"}],"curies":[{"name":"wp","href":"https:\/\/api.w.org\/{rel}","templated":true}]}}