{"id":2845,"date":"2017-12-12T17:42:56","date_gmt":"2017-12-12T16:42:56","guid":{"rendered":"https:\/\/www.welovecycling.com\/sk\/?p=2845"},"modified":"2017-12-13T10:24:09","modified_gmt":"2017-12-13T09:24:09","slug":"video-jazdenie-v-zime","status":"publish","type":"post","link":"https:\/\/www.welovecycling.com\/sk\/2017\/12\/12\/video-jazdenie-v-zime\/","title":{"rendered":"VIDEO: Jazdenie v zime &#8211; z\u00e1kladn\u00e9 tipy"},"content":{"rendered":"<p><strong>Zimn\u00e9 mesiace nie s\u00fa d\u00f4vod, aby ste bicykel odlo\u017eili a nechali ho le\u017ea\u0165, len preto, \u017ee je chladno. Komfortne jazdi\u0165 sa d\u00e1 aj pri teplot\u00e1ch pod nulou, len je potrebn\u00e9, kl\u00e1s\u0165 d\u00f4raz na niektor\u00e9 z\u00e1kladn\u00e9 aspekty.<\/strong><\/p>\n<p><!--more--><\/p>\n<p>Aj ke\u010f t\u00fdm najd\u00f4le\u017eitej\u0161\u00edm z\u00e1kladom je dobr\u00e9 a kvalitn\u00e9 funk\u010dn\u00e9 oble\u010denie, dnes sme sa zamerali na nie\u010do in\u00e9. V pr\u00edpade, \u017ee dobr\u00fa v\u00fdbavu m\u00e1te, je st\u00e1le rovnako d\u00f4le\u017eit\u00e9 myslie\u0165 na niektor\u00e9 \u0161pecifik\u00e1, ktor\u00e9 pri jazde v lete nemus\u00edte nato\u013eko rie\u0161i\u0165, ale pritom s\u00fa ve\u013emi d\u00f4le\u017eit\u00e9, a maj\u00fa v\u00fdrazn\u00fd vplyv na v\u00fdsledn\u00fd pocit z jazdy. Ktor\u00e9 to s\u00fa sme si povedali v nasleduj\u00facom videu&#8230;<\/p>\n<lite-youtube videoid=BxRb6eehl4s params=\"enablejsapi=1\" style=\"background-image: url('https:\/\/i.ytimg.com\/vi_webp\/BxRb6eehl4s\/maxresdefault.webp');\"><\/lite-youtube>\n<p>Pre\u010d\u00edtajte si viac k tejto t\u00e9me v nasleduj\u00facom \u010dl\u00e1nku.<\/p>\n<div class=\"shortcode-ys-post-pinup\"><article class=\"loop-simple post-2905 post type-post status-publish format-standard has-post-thumbnail hentry category-bezpecnost category-cestna-cyklisitika category-mtb category-odporucame category-udrzba tag-blatniky tag-cestna-cyklistika tag-horska-cyklistika tag-svetlo tag-tlak-v-plastoch tag-udrzba tag-vazelina tag-zazimovanie tag-zima\" data-postid=\"2905\" role=\"article\" data-post-id=\"2905\" data-word-count=\"363\" data-headline-length=\"40\" data-category=\"Odpor\u00fa\u010dame\" data-author=\"We Love Cycling\" data-published=\"2017-12-09T10:00:58+01:00\" data-published-day=\"Saturday\">\n    <div class=\"entry-thumbnail article-thumbnail\" content=\"https:\/\/d2p6e6u75xmxt8.cloudfront.net\/4\/2017\/12\/0958-1-150x150.webp\"><a href=\"https:\/\/www.welovecycling.com\/sk\/2017\/12\/09\/pripravte-svoj-bicykel-nastrahy-zimy\/\" class=\"image-holder\" target=\"_self\"><img decoding=\"async\" loading=\"lazy\" class=\"\" src=\"https:\/\/d2p6e6u75xmxt8.cloudfront.net\/4\/2017\/12\/0958-1-1024x447.webp\" srcset=\"https:\/\/d2p6e6u75xmxt8.cloudfront.net\/4\/2017\/12\/0958-1.webp 1375w, https:\/\/d2p6e6u75xmxt8.cloudfront.net\/4\/2017\/12\/0958-1-300x131.webp 300w, https:\/\/d2p6e6u75xmxt8.cloudfront.net\/4\/2017\/12\/0958-1-1024x447.webp 1024w, https:\/\/d2p6e6u75xmxt8.cloudfront.net\/4\/2017\/12\/0958-1-768x335.webp 768w\" width=\"1024\" height=\"447\" sizes=\"auto, (min-width: 1200px) 458px, (min-width: 768px) 38vw, 100vw\" alt=\"pripravte-svoj-bicykel-nastrahy-zimy\"\/><\/a><\/div>    <div class=\"entry-meta\">\n        <a class=\"label label-secondary post-category\" href=\"https:\/\/www.welovecycling.com\/sk\/category\/odporucame\/\" title=\"Odpor\u00fa\u010dame\">Odpor\u00fa\u010dame<\/a>\n    <\/div>\n    <div class=\"entry-details\">\n        <a href=\"https:\/\/www.welovecycling.com\/sk\/2017\/12\/09\/pripravte-svoj-bicykel-nastrahy-zimy\/\" class='entry-title-wrapper'>\n            <h3 class=\"entry-title\"><span>Pripravte svoj bicykel na n\u00e1strahy zimy<\/span><\/h3>\n        <\/a>\n    <\/div>\n    <\/article>\n<\/div>\n","protected":false},"excerpt":{"rendered":"<p>Zimn\u00e9 mesiace nie s\u00fa d\u00f4vod, aby ste bicykel odlo\u017eili a nechali ho le\u017ea\u0165, len preto, \u017ee je chladno. Komfortne jazdi\u0165 [&hellip;]<\/p>\n","protected":false},"author":38,"featured_media":2846,"comment_status":"open","ping_status":"open","sticky":false,"template":"","format":"video","meta":{"footnotes":""},"categories":[57,4,3,191],"tags":[333,76,285,290,318,317],"global-categories":[],"class_list":["post-2845","post","type-post","status-publish","format-video","has-post-thumbnail","hentry","category-bezpecnost","category-cestna-cyklisitika","category-mtb","category-odporucame","tag-chlad","tag-martin-imrich","tag-oblecenie","tag-udrzba","tag-vyjazd","tag-zima","post_format-post-format-video"],"yoast_head":"<!-- This site is optimized with the Yoast SEO Premium plugin v25.3 (Yoast SEO v25.9) - https:\/\/yoast.com\/wordpress\/plugins\/seo\/ -->\n<title>VIDEO: Jazdenie v zime - z\u00e1kladn\u00e9 tipy - \u0160koda We Love Cycling Slovensko<\/title>\n<meta name=\"robots\" content=\"index, follow, max-snippet:-1, max-image-preview:large, max-video-preview:-1\" \/>\n<link rel=\"canonical\" href=\"https:\/\/www.welovecycling.com\/sk\/2017\/12\/12\/video-jazdenie-v-zime\/\" \/>\n<meta property=\"og:locale\" content=\"sk_SK\" \/>\n<meta property=\"og:type\" content=\"article\" \/>\n<meta property=\"og:title\" content=\"VIDEO: Jazdenie v zime - z\u00e1kladn\u00e9 tipy\" \/>\n<meta property=\"og:description\" content=\"Zimn\u00e9 mesiace nie s\u00fa d\u00f4vod, aby ste bicykel odlo\u017eili a nechali ho le\u017ea\u0165, len preto, \u017ee je chladno. Komfortne jazdi\u0165 [&hellip;]\" \/>\n<meta property=\"og:url\" content=\"https:\/\/www.welovecycling.com\/sk\/2017\/12\/12\/video-jazdenie-v-zime\/\" \/>\n<meta property=\"og:site_name\" content=\"\u0160koda We Love Cycling Slovensko\" \/>\n<meta property=\"article:published_time\" content=\"2017-12-12T16:42:56+00:00\" \/>\n<meta property=\"article:modified_time\" content=\"2017-12-13T09:24:09+00:00\" \/>\n<meta property=\"og:image\" content=\"https:\/\/d2p6e6u75xmxt8.cloudfront.net\/4\/2017\/12\/nahlad2.webp\" \/>\n\t<meta property=\"og:image:width\" content=\"1375\" \/>\n\t<meta property=\"og:image:height\" content=\"600\" \/>\n\t<meta property=\"og:image:type\" content=\"image\/webp\" \/>\n<meta name=\"author\" content=\"Ondrej Ga\u0161par\" \/>\n<meta name=\"twitter:card\" content=\"summary_large_image\" \/>\n<meta name=\"twitter:label1\" content=\"Written by\" \/>\n\t<meta name=\"twitter:data1\" content=\"We Love Cycling\" \/>\n\t<meta name=\"twitter:label2\" content=\"Est. reading time\" \/>\n\t<meta name=\"twitter:data2\" content=\"1 minute\" \/>\n<script type=\"application\/ld+json\" class=\"yoast-schema-graph\">{\"@context\":\"https:\/\/schema.org\",\"@graph\":[{\"@type\":\"WebPage\",\"@id\":\"https:\/\/www.welovecycling.com\/sk\/2017\/12\/12\/video-jazdenie-v-zime\/\",\"url\":\"https:\/\/www.welovecycling.com\/sk\/2017\/12\/12\/video-jazdenie-v-zime\/\",\"name\":\"VIDEO: Jazdenie v zime - z\u00e1kladn\u00e9 tipy - \u0160koda We Love Cycling Slovensko\",\"isPartOf\":{\"@id\":\"https:\/\/www.welovecycling.com\/sk\/#website\"},\"primaryImageOfPage\":{\"@id\":\"https:\/\/www.welovecycling.com\/sk\/2017\/12\/12\/video-jazdenie-v-zime\/#primaryimage\"},\"image\":{\"@id\":\"https:\/\/www.welovecycling.com\/sk\/2017\/12\/12\/video-jazdenie-v-zime\/#primaryimage\"},\"thumbnailUrl\":\"https:\/\/d2p6e6u75xmxt8.cloudfront.net\/4\/2017\/12\/nahlad2.webp\",\"datePublished\":\"2017-12-12T16:42:56+00:00\",\"dateModified\":\"2017-12-13T09:24:09+00:00\",\"author\":{\"@id\":\"https:\/\/www.welovecycling.com\/sk\/#\/schema\/person\/8ee09ba39b7e25b1870160aa5b3a89bc\"},\"breadcrumb\":{\"@id\":\"https:\/\/www.welovecycling.com\/sk\/2017\/12\/12\/video-jazdenie-v-zime\/#breadcrumb\"},\"inLanguage\":\"sk-SK\",\"potentialAction\":[{\"@type\":\"ReadAction\",\"target\":[\"https:\/\/www.welovecycling.com\/sk\/2017\/12\/12\/video-jazdenie-v-zime\/\"]}]},{\"@type\":\"ImageObject\",\"inLanguage\":\"sk-SK\",\"@id\":\"https:\/\/www.welovecycling.com\/sk\/2017\/12\/12\/video-jazdenie-v-zime\/#primaryimage\",\"url\":\"https:\/\/d2p6e6u75xmxt8.cloudfront.net\/4\/2017\/12\/nahlad2.webp\",\"contentUrl\":\"https:\/\/d2p6e6u75xmxt8.cloudfront.net\/4\/2017\/12\/nahlad2.webp\",\"width\":1375,\"height\":600},{\"@type\":\"BreadcrumbList\",\"@id\":\"https:\/\/www.welovecycling.com\/sk\/2017\/12\/12\/video-jazdenie-v-zime\/#breadcrumb\",\"itemListElement\":[{\"@type\":\"ListItem\",\"position\":1,\"name\":\"Home\",\"item\":\"https:\/\/www.welovecycling.com\/sk\/\"},{\"@type\":\"ListItem\",\"position\":2,\"name\":\"VIDEO: Jazdenie v zime &#8211; z\u00e1kladn\u00e9 tipy\"}]},{\"@type\":\"WebSite\",\"@id\":\"https:\/\/www.welovecycling.com\/sk\/#website\",\"url\":\"https:\/\/www.welovecycling.com\/sk\/\",\"name\":\"\u0160koda We Love Cycling Slovensko\",\"description\":\"\u0160koda We Love Cycling Slovensko je v\u00e1\u0161 ka\u017edodenn\u00fd zdroj noviniek a in\u0161pir\u00e1cie z sveta cyklistiky\",\"potentialAction\":[{\"@type\":\"SearchAction\",\"target\":{\"@type\":\"EntryPoint\",\"urlTemplate\":\"https:\/\/www.welovecycling.com\/sk\/?s={search_term_string}\"},\"query-input\":{\"@type\":\"PropertyValueSpecification\",\"valueRequired\":true,\"valueName\":\"search_term_string\"}}],\"inLanguage\":\"sk-SK\"},{\"@type\":\"Person\",\"@id\":\"https:\/\/www.welovecycling.com\/sk\/#\/schema\/person\/8ee09ba39b7e25b1870160aa5b3a89bc\",\"name\":\"Ondrej Ga\u0161par\",\"image\":{\"@type\":\"ImageObject\",\"inLanguage\":\"sk-SK\",\"@id\":\"https:\/\/www.welovecycling.com\/sk\/#\/schema\/person\/image\/\",\"url\":\"https:\/\/secure.gravatar.com\/avatar\/6126c9afb87b70da5abbb083ddbb21933da15f18f8ca7cb822aba0fb096a48f6?s=96&d=mm&r=g\",\"contentUrl\":\"https:\/\/secure.gravatar.com\/avatar\/6126c9afb87b70da5abbb083ddbb21933da15f18f8ca7cb822aba0fb096a48f6?s=96&d=mm&r=g\",\"caption\":\"Ondrej Ga\u0161par\"},\"url\":\"https:\/\/www.welovecycling.com\/sk\/author\/ondrejgaspar\/\"}]}<\/script>\n<!-- \/ Yoast SEO Premium plugin. -->","yoast_head_json":{"title":"VIDEO: Jazdenie v zime - z\u00e1kladn\u00e9 tipy - \u0160koda We Love Cycling Slovensko","robots":{"index":"index","follow":"follow","max-snippet":"max-snippet:-1","max-image-preview":"max-image-preview:large","max-video-preview":"max-video-preview:-1"},"canonical":"https:\/\/www.welovecycling.com\/sk\/2017\/12\/12\/video-jazdenie-v-zime\/","og_locale":"sk_SK","og_type":"article","og_title":"VIDEO: Jazdenie v zime - z\u00e1kladn\u00e9 tipy","og_description":"Zimn\u00e9 mesiace nie s\u00fa d\u00f4vod, aby ste bicykel odlo\u017eili a nechali ho le\u017ea\u0165, len preto, \u017ee je chladno. Komfortne jazdi\u0165 [&hellip;]","og_url":"https:\/\/www.welovecycling.com\/sk\/2017\/12\/12\/video-jazdenie-v-zime\/","og_site_name":"\u0160koda We Love Cycling Slovensko","article_published_time":"2017-12-12T16:42:56+00:00","article_modified_time":"2017-12-13T09:24:09+00:00","og_image":[{"width":1375,"height":600,"url":"https:\/\/d2p6e6u75xmxt8.cloudfront.net\/4\/2017\/12\/nahlad2.webp","type":"image\/webp"}],"author":"Ondrej Ga\u0161par","twitter_card":"summary_large_image","twitter_misc":{"Written by":"We Love Cycling","Est. reading time":"1 minute"},"schema":{"@context":"https:\/\/schema.org","@graph":[{"@type":"WebPage","@id":"https:\/\/www.welovecycling.com\/sk\/2017\/12\/12\/video-jazdenie-v-zime\/","url":"https:\/\/www.welovecycling.com\/sk\/2017\/12\/12\/video-jazdenie-v-zime\/","name":"VIDEO: Jazdenie v zime - z\u00e1kladn\u00e9 tipy - \u0160koda We Love Cycling Slovensko","isPartOf":{"@id":"https:\/\/www.welovecycling.com\/sk\/#website"},"primaryImageOfPage":{"@id":"https:\/\/www.welovecycling.com\/sk\/2017\/12\/12\/video-jazdenie-v-zime\/#primaryimage"},"image":{"@id":"https:\/\/www.welovecycling.com\/sk\/2017\/12\/12\/video-jazdenie-v-zime\/#primaryimage"},"thumbnailUrl":"https:\/\/d2p6e6u75xmxt8.cloudfront.net\/4\/2017\/12\/nahlad2.webp","datePublished":"2017-12-12T16:42:56+00:00","dateModified":"2017-12-13T09:24:09+00:00","author":{"@id":"https:\/\/www.welovecycling.com\/sk\/#\/schema\/person\/8ee09ba39b7e25b1870160aa5b3a89bc"},"breadcrumb":{"@id":"https:\/\/www.welovecycling.com\/sk\/2017\/12\/12\/video-jazdenie-v-zime\/#breadcrumb"},"inLanguage":"sk-SK","potentialAction":[{"@type":"ReadAction","target":["https:\/\/www.welovecycling.com\/sk\/2017\/12\/12\/video-jazdenie-v-zime\/"]}]},{"@type":"ImageObject","inLanguage":"sk-SK","@id":"https:\/\/www.welovecycling.com\/sk\/2017\/12\/12\/video-jazdenie-v-zime\/#primaryimage","url":"https:\/\/d2p6e6u75xmxt8.cloudfront.net\/4\/2017\/12\/nahlad2.webp","contentUrl":"https:\/\/d2p6e6u75xmxt8.cloudfront.net\/4\/2017\/12\/nahlad2.webp","width":1375,"height":600},{"@type":"BreadcrumbList","@id":"https:\/\/www.welovecycling.com\/sk\/2017\/12\/12\/video-jazdenie-v-zime\/#breadcrumb","itemListElement":[{"@type":"ListItem","position":1,"name":"Home","item":"https:\/\/www.welovecycling.com\/sk\/"},{"@type":"ListItem","position":2,"name":"VIDEO: Jazdenie v zime &#8211; z\u00e1kladn\u00e9 tipy"}]},{"@type":"WebSite","@id":"https:\/\/www.welovecycling.com\/sk\/#website","url":"https:\/\/www.welovecycling.com\/sk\/","name":"\u0160koda We Love Cycling Slovensko","description":"\u0160koda We Love Cycling Slovensko je v\u00e1\u0161 ka\u017edodenn\u00fd zdroj noviniek a in\u0161pir\u00e1cie z sveta cyklistiky","potentialAction":[{"@type":"SearchAction","target":{"@type":"EntryPoint","urlTemplate":"https:\/\/www.welovecycling.com\/sk\/?s={search_term_string}"},"query-input":{"@type":"PropertyValueSpecification","valueRequired":true,"valueName":"search_term_string"}}],"inLanguage":"sk-SK"},{"@type":"Person","@id":"https:\/\/www.welovecycling.com\/sk\/#\/schema\/person\/8ee09ba39b7e25b1870160aa5b3a89bc","name":"Ondrej Ga\u0161par","image":{"@type":"ImageObject","inLanguage":"sk-SK","@id":"https:\/\/www.welovecycling.com\/sk\/#\/schema\/person\/image\/","url":"https:\/\/secure.gravatar.com\/avatar\/6126c9afb87b70da5abbb083ddbb21933da15f18f8ca7cb822aba0fb096a48f6?s=96&d=mm&r=g","contentUrl":"https:\/\/secure.gravatar.com\/avatar\/6126c9afb87b70da5abbb083ddbb21933da15f18f8ca7cb822aba0fb096a48f6?s=96&d=mm&r=g","caption":"Ondrej Ga\u0161par"},"url":"https:\/\/www.welovecycling.com\/sk\/author\/ondrejgaspar\/"}]}},"_links":{"self":[{"href":"https:\/\/www.welovecycling.com\/sk\/wp-json\/wp\/v2\/posts\/2845","targetHints":{"allow":["GET"]}}],"collection":[{"href":"https:\/\/www.welovecycling.com\/sk\/wp-json\/wp\/v2\/posts"}],"about":[{"href":"https:\/\/www.welovecycling.com\/sk\/wp-json\/wp\/v2\/types\/post"}],"author":[{"embeddable":true,"href":"https:\/\/www.welovecycling.com\/sk\/wp-json\/wp\/v2\/users\/38"}],"replies":[{"embeddable":true,"href":"https:\/\/www.welovecycling.com\/sk\/wp-json\/wp\/v2\/comments?post=2845"}],"version-history":[{"count":2,"href":"https:\/\/www.welovecycling.com\/sk\/wp-json\/wp\/v2\/posts\/2845\/revisions"}],"predecessor-version":[{"id":2951,"href":"https:\/\/www.welovecycling.com\/sk\/wp-json\/wp\/v2\/posts\/2845\/revisions\/2951"}],"wp:featuredmedia":[{"embeddable":true,"href":"https:\/\/www.welovecycling.com\/sk\/wp-json\/wp\/v2\/media\/2846"}],"wp:attachment":[{"href":"https:\/\/www.welovecycling.com\/sk\/wp-json\/wp\/v2\/media?parent=2845"}],"wp:term":[{"taxonomy":"category","embeddable":true,"href":"https:\/\/www.welovecycling.com\/sk\/wp-json\/wp\/v2\/categories?post=2845"},{"taxonomy":"post_tag","embeddable":true,"href":"https:\/\/www.welovecycling.com\/sk\/wp-json\/wp\/v2\/tags?post=2845"},{"taxonomy":"global-categories","embeddable":true,"href":"https:\/\/www.welovecycling.com\/sk\/wp-json\/wp\/v2\/global-categories?post=2845"}],"curies":[{"name":"wp","href":"https:\/\/api.w.org\/{rel}","templated":true}]}}