{"id":2798,"date":"2017-12-05T10:41:53","date_gmt":"2017-12-05T09:41:53","guid":{"rendered":"https:\/\/www.welovecycling.com\/sk\/?p=2798"},"modified":"2018-08-28T14:39:41","modified_gmt":"2018-08-28T12:39:41","slug":"catching-breath-objektiv","status":"publish","type":"post","link":"https:\/\/www.welovecycling.com\/sk\/2017\/12\/05\/catching-breath-objektiv\/","title":{"rendered":"Catching Breath cez fotoobjekt\u00edv"},"content":{"rendered":"<p><strong>Na\u0161e \u00fa\u017easn\u00e9 himal\u00e1jske dobrodru\u017estvo sa skon\u010dilo, spomienky v\u0161ak zostan\u00fa e\u0161te dlho po tom, ako usadne horsk\u00fd prach. \u0160tyria odv\u00e1\u017eni \u0161portovci na bicykloch sa z\u00fa\u010dastnili pretekov a\u017e do priesmyku Khardung La (5 359 mnm) a prelomili rekord z roku 2012. Ni\u017e\u0161ie n\u00e1jdete nieko\u013eko \u00faprimn\u00fdch z\u00e1berov zo z\u00e1kulisia, \u00fa\u017easnej krajiny, ktor\u00fa sme nav\u0161t\u00edvili, a mesta Leh, ktor\u00e9 sl\u00fa\u017eilo ako na\u0161a z\u00e1klad\u0148a. U\u017eite si gal\u00e9riu a nezabudnite nav\u0161t\u00edvi\u0165 \u010fal\u0161ie \u010dl\u00e1nky zo s\u00e9rie Catching Breath.<\/strong><!--more--><\/p>\n<figure id=\"attachment_2799\" aria-describedby=\"caption-attachment-2799\" style=\"width: 1024px\" class=\"wp-caption alignnone\"><a href=\"https:\/\/d2p6e6u75xmxt8.cloudfront.net\/4\/2017\/12\/WLC_CatchingBreath_2017_Race_12-1.jpg\"><img loading=\"lazy\" decoding=\"async\" class=\"wp-image-2799 size-large\" src=\"https:\/\/d2p6e6u75xmxt8.cloudfront.net\/4\/2017\/12\/WLC_CatchingBreath_2017_Race_12-1-1024x683.jpg\" alt=\"\" width=\"1024\" height=\"683\" \/><\/a><figcaption id=\"caption-attachment-2799\" class=\"wp-caption-text\">Valenti Sanjuan v 5,100 metroch po\u010das snehovej b\u00farky<\/figcaption><\/figure>\n<figure id=\"attachment_2801\" aria-describedby=\"caption-attachment-2801\" style=\"width: 1024px\" class=\"wp-caption alignnone\"><a href=\"https:\/\/d2p6e6u75xmxt8.cloudfront.net\/4\/2017\/12\/WLC_CatchingBreath_2017_Landscapes_7-1.jpg\"><img loading=\"lazy\" decoding=\"async\" class=\"wp-image-2801 size-large\" src=\"https:\/\/d2p6e6u75xmxt8.cloudfront.net\/4\/2017\/12\/WLC_CatchingBreath_2017_Landscapes_7-1-1024x576.jpg\" alt=\"\" width=\"1024\" height=\"576\" \/><\/a><figcaption id=\"caption-attachment-2801\" class=\"wp-caption-text\">Andrea v Tsemo Maitreya Temple, v pozad\u00ed Leh<\/figcaption><\/figure>\n<figure id=\"attachment_2803\" aria-describedby=\"caption-attachment-2803\" style=\"width: 992px\" class=\"wp-caption alignnone\"><a href=\"https:\/\/d2p6e6u75xmxt8.cloudfront.net\/4\/2017\/12\/hypoxie.png\"><img loading=\"lazy\" decoding=\"async\" class=\"wp-image-2803 size-full\" src=\"https:\/\/d2p6e6u75xmxt8.cloudfront.net\/4\/2017\/12\/hypoxie.png\" alt=\"\" width=\"992\" height=\"661\" \/><\/a><figcaption id=\"caption-attachment-2803\" class=\"wp-caption-text\">Andreova pr\u00edprava s Hypoxico stanom<\/figcaption><\/figure>\n<figure id=\"attachment_2805\" aria-describedby=\"caption-attachment-2805\" style=\"width: 1024px\" class=\"wp-caption alignnone\"><a href=\"https:\/\/d2p6e6u75xmxt8.cloudfront.net\/4\/2017\/12\/WLC_CatchingBreath_2017_Landscapes_20-2.jpg\"><img loading=\"lazy\" decoding=\"async\" class=\"wp-image-2805 size-large\" src=\"https:\/\/d2p6e6u75xmxt8.cloudfront.net\/4\/2017\/12\/WLC_CatchingBreath_2017_Landscapes_20-2-1024x576.jpg\" alt=\"\" width=\"1024\" height=\"576\" \/><\/a><figcaption id=\"caption-attachment-2805\" class=\"wp-caption-text\">Jazdci sa aklimatizuj\u00fa pred pretekmi<\/figcaption><\/figure>\n<figure id=\"attachment_2807\" aria-describedby=\"caption-attachment-2807\" style=\"width: 1024px\" class=\"wp-caption alignnone\"><a href=\"https:\/\/d2p6e6u75xmxt8.cloudfront.net\/4\/2017\/12\/WLC_CatchingBreath_2017_Riders-Bartosz_5-1.jpg\"><img loading=\"lazy\" decoding=\"async\" class=\"wp-image-2807 size-large\" src=\"https:\/\/d2p6e6u75xmxt8.cloudfront.net\/4\/2017\/12\/WLC_CatchingBreath_2017_Riders-Bartosz_5-1-1024x683.jpg\" alt=\"\" width=\"1024\" height=\"683\" \/><\/a><figcaption id=\"caption-attachment-2807\" class=\"wp-caption-text\">Bartosz Huzarski sa predv\u00e1dza po\u010das tr\u00e9ningu vo Wari La<\/figcaption><\/figure>\n<figure id=\"attachment_2809\" aria-describedby=\"caption-attachment-2809\" style=\"width: 1024px\" class=\"wp-caption alignnone\"><a href=\"https:\/\/d2p6e6u75xmxt8.cloudfront.net\/4\/2017\/12\/WLC_CatchingBreath_2017_Partners_5.jpg\"><img loading=\"lazy\" decoding=\"async\" class=\"wp-image-2809 size-large\" src=\"https:\/\/d2p6e6u75xmxt8.cloudfront.net\/4\/2017\/12\/WLC_CatchingBreath_2017_Partners_5-1024x576.jpg\" alt=\"\" width=\"1024\" height=\"576\" \/><\/a><figcaption id=\"caption-attachment-2809\" class=\"wp-caption-text\">V\u010faka Garmin kamer\u00e1m na riadidl\u00e1ch sme zachytili v\u0161etky em\u00f3cie na\u0161ich jazdcov<\/figcaption><\/figure>\n<figure id=\"attachment_2811\" aria-describedby=\"caption-attachment-2811\" style=\"width: 1024px\" class=\"wp-caption alignnone\"><a href=\"https:\/\/d2p6e6u75xmxt8.cloudfront.net\/4\/2017\/12\/WLC_CatchingBreath_2017_Riders_5-1.jpg\"><img loading=\"lazy\" decoding=\"async\" class=\"wp-image-2811 size-large\" src=\"https:\/\/d2p6e6u75xmxt8.cloudfront.net\/4\/2017\/12\/WLC_CatchingBreath_2017_Riders_5-1-1024x683.jpg\" alt=\"\" width=\"1024\" height=\"683\" \/><\/a><figcaption id=\"caption-attachment-2811\" class=\"wp-caption-text\">Valent\u00ed Sanjuan a Andrea Schilir\u00f2 sa doberaj\u00fa po\u010das tr\u00e9ningu v priesmyku Warila, Bartosz Huzarski v pozad\u00ed<\/figcaption><\/figure>\n<figure id=\"attachment_2813\" aria-describedby=\"caption-attachment-2813\" style=\"width: 1024px\" class=\"wp-caption alignnone\"><a href=\"https:\/\/d2p6e6u75xmxt8.cloudfront.net\/4\/2017\/12\/WLC_CatchingBreath_2017_Landscapes_19-1.jpg\"><img loading=\"lazy\" decoding=\"async\" class=\"wp-image-2813 size-large\" src=\"https:\/\/d2p6e6u75xmxt8.cloudfront.net\/4\/2017\/12\/WLC_CatchingBreath_2017_Landscapes_19-1-1024x768.jpg\" alt=\"\" width=\"1024\" height=\"768\" \/><\/a><figcaption id=\"caption-attachment-2813\" class=\"wp-caption-text\">Trh v Lehu<\/figcaption><\/figure>\n<figure id=\"attachment_2815\" aria-describedby=\"caption-attachment-2815\" style=\"width: 1024px\" class=\"wp-caption alignnone\"><a href=\"https:\/\/d2p6e6u75xmxt8.cloudfront.net\/4\/2017\/12\/WLC_CatchingBreath_2017_BehindTheScenes_11.jpg\"><img loading=\"lazy\" decoding=\"async\" class=\"wp-image-2815 size-large\" src=\"https:\/\/d2p6e6u75xmxt8.cloudfront.net\/4\/2017\/12\/WLC_CatchingBreath_2017_BehindTheScenes_11-1024x576.jpg\" alt=\"\" width=\"1024\" height=\"576\" \/><\/a><figcaption id=\"caption-attachment-2815\" class=\"wp-caption-text\">Cel\u00fd t\u00edm projektu Catching Breath, Summit 5500 metrov<\/figcaption><\/figure>\n<figure id=\"attachment_2817\" aria-describedby=\"caption-attachment-2817\" style=\"width: 1024px\" class=\"wp-caption alignnone\"><a href=\"https:\/\/d2p6e6u75xmxt8.cloudfront.net\/4\/2017\/12\/WLC_CatchingBreath_2017_Race_7-1.jpg\"><img loading=\"lazy\" decoding=\"async\" class=\"wp-image-2817 size-large\" src=\"https:\/\/d2p6e6u75xmxt8.cloudfront.net\/4\/2017\/12\/WLC_CatchingBreath_2017_Race_7-1-1024x576.jpg\" alt=\"\" width=\"1024\" height=\"576\" \/><\/a><figcaption id=\"caption-attachment-2817\" class=\"wp-caption-text\">Na Valent\u00edho dopadol nedostatok kysl\u00edku a siahol po d\u00fdchacom pr\u00edstroji, 4800 metrov<\/figcaption><\/figure>\n<figure id=\"attachment_2819\" aria-describedby=\"caption-attachment-2819\" style=\"width: 1024px\" class=\"wp-caption alignnone\"><a href=\"https:\/\/d2p6e6u75xmxt8.cloudfront.net\/4\/2017\/12\/WLC_CatchingBreath_2017_Partners_15.jpg\"><img loading=\"lazy\" decoding=\"async\" class=\"wp-image-2819 size-large\" src=\"https:\/\/d2p6e6u75xmxt8.cloudfront.net\/4\/2017\/12\/WLC_CatchingBreath_2017_Partners_15-1024x768.jpg\" alt=\"\" width=\"1024\" height=\"768\" \/><\/a><figcaption id=\"caption-attachment-2819\" class=\"wp-caption-text\">Zabij\u00e1cky stup\u00e1k na Khardung La v pozad\u00ed<\/figcaption><\/figure>\n<figure id=\"attachment_2821\" aria-describedby=\"caption-attachment-2821\" style=\"width: 1024px\" class=\"wp-caption alignnone\"><a href=\"https:\/\/d2p6e6u75xmxt8.cloudfront.net\/4\/2017\/12\/WLC_CatchingBreath_2017_Riders_3.jpg\"><img loading=\"lazy\" decoding=\"async\" class=\"wp-image-2821 size-large\" src=\"https:\/\/d2p6e6u75xmxt8.cloudfront.net\/4\/2017\/12\/WLC_CatchingBreath_2017_Riders_3-1024x683.jpg\" alt=\"\" width=\"1024\" height=\"683\" \/><\/a><figcaption id=\"caption-attachment-2821\" class=\"wp-caption-text\">Z\u013eava doprava: Valent\u00ed Sanjuan, Bartosz Huzarski, Eva Lindskog, Andrea Schilir\u00f2<\/figcaption><\/figure>\n<figure id=\"attachment_2823\" aria-describedby=\"caption-attachment-2823\" style=\"width: 1024px\" class=\"wp-caption alignnone\"><a href=\"https:\/\/d2p6e6u75xmxt8.cloudfront.net\/4\/2017\/12\/WLC_CatchingBreath_2017_Landscapes_24.jpg\"><img loading=\"lazy\" decoding=\"async\" class=\"wp-image-2823 size-large\" src=\"https:\/\/d2p6e6u75xmxt8.cloudfront.net\/4\/2017\/12\/WLC_CatchingBreath_2017_Landscapes_24-1024x683.jpg\" alt=\"\" width=\"1024\" height=\"683\" \/><\/a><figcaption id=\"caption-attachment-2823\" class=\"wp-caption-text\">Chr\u00e1m Tsemo Maitreya v Lehu<\/figcaption><\/figure>\n<figure id=\"attachment_2825\" aria-describedby=\"caption-attachment-2825\" style=\"width: 1024px\" class=\"wp-caption alignnone\"><a href=\"https:\/\/d2p6e6u75xmxt8.cloudfront.net\/4\/2017\/12\/WLC_CatchingBreath_2017_Partners_14.jpg\"><img loading=\"lazy\" decoding=\"async\" class=\"wp-image-2825 size-large\" src=\"https:\/\/d2p6e6u75xmxt8.cloudfront.net\/4\/2017\/12\/WLC_CatchingBreath_2017_Partners_14-1024x768.jpg\" alt=\"\" width=\"1024\" height=\"768\" \/><\/a><figcaption id=\"caption-attachment-2825\" class=\"wp-caption-text\">V\u010faka \u0161peci\u00e1lnym bezpl\u00e1\u0161\u0165ov\u00fdm Supra TSS koles\u00e1m od Mitasu boli preteky v Himal\u00e1jach o poznanie znesite\u013enej\u0161ie<\/figcaption><\/figure>\n<figure id=\"attachment_2827\" aria-describedby=\"caption-attachment-2827\" style=\"width: 1024px\" class=\"wp-caption alignnone\"><a href=\"https:\/\/d2p6e6u75xmxt8.cloudfront.net\/4\/2017\/12\/WLC_CatchingBreath_2017_Riders_4-1.jpg\"><img loading=\"lazy\" decoding=\"async\" class=\"wp-image-2827 size-large\" src=\"https:\/\/d2p6e6u75xmxt8.cloudfront.net\/4\/2017\/12\/WLC_CatchingBreath_2017_Riders_4-1-1024x683.jpg\" alt=\"\" width=\"1024\" height=\"683\" \/><\/a><figcaption id=\"caption-attachment-2827\" class=\"wp-caption-text\">Jazdci sch\u00e1dzaj\u00fa do \u00fadolia Wari La<\/figcaption><\/figure>\n","protected":false},"excerpt":{"rendered":"<p>Na\u0161e \u00fa\u017easn\u00e9 himal\u00e1jske dobrodru\u017estvo sa skon\u010dilo, spomienky v\u0161ak zostan\u00fa e\u0161te dlho po tom, ako usadne horsk\u00fd prach. \u0160tyria odv\u00e1\u017eni \u0161portovci [&hellip;]<\/p>\n","protected":false},"author":38,"featured_media":2829,"comment_status":"open","ping_status":"open","sticky":false,"template":"","format":"gallery","meta":{"footnotes":""},"categories":[47,57,4,3,34,118],"tags":[319,291,292,296,293,294,336,299,297,298,295],"global-categories":[],"class_list":["post-2798","post","type-post","status-publish","format-gallery","has-post-thumbnail","hentry","category-adrenalin","category-bezpecnost","category-cestna-cyklisitika","category-mtb","category-podujatia","category-zabava","tag-adrenalin","tag-andrea-schiliro","tag-bartosz-huzarski","tag-catching-breath","tag-christoph-kluge","tag-eva-lindskog","tag-hypoxia","tag-khardung-la","tag-lapanie-po-dychu","tag-na-bicykli-do-himalaji","tag-valenti-sanjuan","post_format-post-format-gallery"],"yoast_head":"<!-- This site is optimized with the Yoast SEO Premium plugin v25.3 (Yoast SEO v25.9) - https:\/\/yoast.com\/wordpress\/plugins\/seo\/ -->\n<title>Catching Breath cez fotoobjekt\u00edv - \u0160koda We Love Cycling Slovensko<\/title>\n<meta name=\"robots\" content=\"index, follow, max-snippet:-1, max-image-preview:large, max-video-preview:-1\" \/>\n<link rel=\"canonical\" href=\"https:\/\/www.welovecycling.com\/sk\/2017\/12\/05\/catching-breath-objektiv\/\" \/>\n<meta property=\"og:locale\" content=\"sk_SK\" \/>\n<meta property=\"og:type\" content=\"article\" \/>\n<meta property=\"og:title\" content=\"Catching Breath cez fotoobjekt\u00edv\" \/>\n<meta property=\"og:description\" content=\"Na\u0161e \u00fa\u017easn\u00e9 himal\u00e1jske dobrodru\u017estvo sa skon\u010dilo, spomienky v\u0161ak zostan\u00fa e\u0161te dlho po tom, ako usadne horsk\u00fd prach. \u0160tyria odv\u00e1\u017eni \u0161portovci [&hellip;]\" \/>\n<meta property=\"og:url\" content=\"https:\/\/www.welovecycling.com\/sk\/2017\/12\/05\/catching-breath-objektiv\/\" \/>\n<meta property=\"og:site_name\" content=\"\u0160koda We Love Cycling Slovensko\" \/>\n<meta property=\"article:published_time\" content=\"2017-12-05T09:41:53+00:00\" \/>\n<meta property=\"article:modified_time\" content=\"2018-08-28T12:39:41+00:00\" \/>\n<meta property=\"og:image\" content=\"https:\/\/d2p6e6u75xmxt8.cloudfront.net\/4\/2017\/12\/photostory_cover.webp\" \/>\n\t<meta property=\"og:image:width\" content=\"1375\" \/>\n\t<meta property=\"og:image:height\" content=\"600\" \/>\n\t<meta property=\"og:image:type\" content=\"image\/webp\" \/>\n<meta name=\"author\" content=\"Ondrej Ga\u0161par\" \/>\n<meta name=\"twitter:card\" content=\"summary_large_image\" \/>\n<meta name=\"twitter:label1\" content=\"Written by\" \/>\n\t<meta name=\"twitter:data1\" content=\"We Love Cycling\" \/>\n\t<meta name=\"twitter:label2\" content=\"Est. reading time\" \/>\n\t<meta name=\"twitter:data2\" content=\"2 minutes\" \/>\n<script type=\"application\/ld+json\" class=\"yoast-schema-graph\">{\"@context\":\"https:\/\/schema.org\",\"@graph\":[{\"@type\":\"WebPage\",\"@id\":\"https:\/\/www.welovecycling.com\/sk\/2017\/12\/05\/catching-breath-objektiv\/\",\"url\":\"https:\/\/www.welovecycling.com\/sk\/2017\/12\/05\/catching-breath-objektiv\/\",\"name\":\"Catching Breath cez fotoobjekt\u00edv - \u0160koda We Love Cycling Slovensko\",\"isPartOf\":{\"@id\":\"https:\/\/www.welovecycling.com\/sk\/#website\"},\"primaryImageOfPage\":{\"@id\":\"https:\/\/www.welovecycling.com\/sk\/2017\/12\/05\/catching-breath-objektiv\/#primaryimage\"},\"image\":{\"@id\":\"https:\/\/www.welovecycling.com\/sk\/2017\/12\/05\/catching-breath-objektiv\/#primaryimage\"},\"thumbnailUrl\":\"https:\/\/d2p6e6u75xmxt8.cloudfront.net\/4\/2017\/12\/photostory_cover.webp\",\"datePublished\":\"2017-12-05T09:41:53+00:00\",\"dateModified\":\"2018-08-28T12:39:41+00:00\",\"author\":{\"@id\":\"https:\/\/www.welovecycling.com\/sk\/#\/schema\/person\/8ee09ba39b7e25b1870160aa5b3a89bc\"},\"breadcrumb\":{\"@id\":\"https:\/\/www.welovecycling.com\/sk\/2017\/12\/05\/catching-breath-objektiv\/#breadcrumb\"},\"inLanguage\":\"sk-SK\",\"potentialAction\":[{\"@type\":\"ReadAction\",\"target\":[\"https:\/\/www.welovecycling.com\/sk\/2017\/12\/05\/catching-breath-objektiv\/\"]}]},{\"@type\":\"ImageObject\",\"inLanguage\":\"sk-SK\",\"@id\":\"https:\/\/www.welovecycling.com\/sk\/2017\/12\/05\/catching-breath-objektiv\/#primaryimage\",\"url\":\"https:\/\/d2p6e6u75xmxt8.cloudfront.net\/4\/2017\/12\/photostory_cover.webp\",\"contentUrl\":\"https:\/\/d2p6e6u75xmxt8.cloudfront.net\/4\/2017\/12\/photostory_cover.webp\",\"width\":1375,\"height\":600},{\"@type\":\"BreadcrumbList\",\"@id\":\"https:\/\/www.welovecycling.com\/sk\/2017\/12\/05\/catching-breath-objektiv\/#breadcrumb\",\"itemListElement\":[{\"@type\":\"ListItem\",\"position\":1,\"name\":\"Home\",\"item\":\"https:\/\/www.welovecycling.com\/sk\/\"},{\"@type\":\"ListItem\",\"position\":2,\"name\":\"Catching Breath cez fotoobjekt\u00edv\"}]},{\"@type\":\"WebSite\",\"@id\":\"https:\/\/www.welovecycling.com\/sk\/#website\",\"url\":\"https:\/\/www.welovecycling.com\/sk\/\",\"name\":\"\u0160koda We Love Cycling Slovensko\",\"description\":\"\u0160koda We Love Cycling Slovensko je v\u00e1\u0161 ka\u017edodenn\u00fd zdroj noviniek a in\u0161pir\u00e1cie z sveta cyklistiky\",\"potentialAction\":[{\"@type\":\"SearchAction\",\"target\":{\"@type\":\"EntryPoint\",\"urlTemplate\":\"https:\/\/www.welovecycling.com\/sk\/?s={search_term_string}\"},\"query-input\":{\"@type\":\"PropertyValueSpecification\",\"valueRequired\":true,\"valueName\":\"search_term_string\"}}],\"inLanguage\":\"sk-SK\"},{\"@type\":\"Person\",\"@id\":\"https:\/\/www.welovecycling.com\/sk\/#\/schema\/person\/8ee09ba39b7e25b1870160aa5b3a89bc\",\"name\":\"Ondrej Ga\u0161par\",\"image\":{\"@type\":\"ImageObject\",\"inLanguage\":\"sk-SK\",\"@id\":\"https:\/\/www.welovecycling.com\/sk\/#\/schema\/person\/image\/\",\"url\":\"https:\/\/secure.gravatar.com\/avatar\/6126c9afb87b70da5abbb083ddbb21933da15f18f8ca7cb822aba0fb096a48f6?s=96&d=mm&r=g\",\"contentUrl\":\"https:\/\/secure.gravatar.com\/avatar\/6126c9afb87b70da5abbb083ddbb21933da15f18f8ca7cb822aba0fb096a48f6?s=96&d=mm&r=g\",\"caption\":\"Ondrej Ga\u0161par\"},\"url\":\"https:\/\/www.welovecycling.com\/sk\/author\/ondrejgaspar\/\"}]}<\/script>\n<!-- \/ Yoast SEO Premium plugin. -->","yoast_head_json":{"title":"Catching Breath cez fotoobjekt\u00edv - \u0160koda We Love Cycling Slovensko","robots":{"index":"index","follow":"follow","max-snippet":"max-snippet:-1","max-image-preview":"max-image-preview:large","max-video-preview":"max-video-preview:-1"},"canonical":"https:\/\/www.welovecycling.com\/sk\/2017\/12\/05\/catching-breath-objektiv\/","og_locale":"sk_SK","og_type":"article","og_title":"Catching Breath cez fotoobjekt\u00edv","og_description":"Na\u0161e \u00fa\u017easn\u00e9 himal\u00e1jske dobrodru\u017estvo sa skon\u010dilo, spomienky v\u0161ak zostan\u00fa e\u0161te dlho po tom, ako usadne horsk\u00fd prach. \u0160tyria odv\u00e1\u017eni \u0161portovci [&hellip;]","og_url":"https:\/\/www.welovecycling.com\/sk\/2017\/12\/05\/catching-breath-objektiv\/","og_site_name":"\u0160koda We Love Cycling Slovensko","article_published_time":"2017-12-05T09:41:53+00:00","article_modified_time":"2018-08-28T12:39:41+00:00","og_image":[{"width":1375,"height":600,"url":"https:\/\/d2p6e6u75xmxt8.cloudfront.net\/4\/2017\/12\/photostory_cover.webp","type":"image\/webp"}],"author":"Ondrej Ga\u0161par","twitter_card":"summary_large_image","twitter_misc":{"Written by":"We Love Cycling","Est. reading time":"2 minutes"},"schema":{"@context":"https:\/\/schema.org","@graph":[{"@type":"WebPage","@id":"https:\/\/www.welovecycling.com\/sk\/2017\/12\/05\/catching-breath-objektiv\/","url":"https:\/\/www.welovecycling.com\/sk\/2017\/12\/05\/catching-breath-objektiv\/","name":"Catching Breath cez fotoobjekt\u00edv - \u0160koda We Love Cycling Slovensko","isPartOf":{"@id":"https:\/\/www.welovecycling.com\/sk\/#website"},"primaryImageOfPage":{"@id":"https:\/\/www.welovecycling.com\/sk\/2017\/12\/05\/catching-breath-objektiv\/#primaryimage"},"image":{"@id":"https:\/\/www.welovecycling.com\/sk\/2017\/12\/05\/catching-breath-objektiv\/#primaryimage"},"thumbnailUrl":"https:\/\/d2p6e6u75xmxt8.cloudfront.net\/4\/2017\/12\/photostory_cover.webp","datePublished":"2017-12-05T09:41:53+00:00","dateModified":"2018-08-28T12:39:41+00:00","author":{"@id":"https:\/\/www.welovecycling.com\/sk\/#\/schema\/person\/8ee09ba39b7e25b1870160aa5b3a89bc"},"breadcrumb":{"@id":"https:\/\/www.welovecycling.com\/sk\/2017\/12\/05\/catching-breath-objektiv\/#breadcrumb"},"inLanguage":"sk-SK","potentialAction":[{"@type":"ReadAction","target":["https:\/\/www.welovecycling.com\/sk\/2017\/12\/05\/catching-breath-objektiv\/"]}]},{"@type":"ImageObject","inLanguage":"sk-SK","@id":"https:\/\/www.welovecycling.com\/sk\/2017\/12\/05\/catching-breath-objektiv\/#primaryimage","url":"https:\/\/d2p6e6u75xmxt8.cloudfront.net\/4\/2017\/12\/photostory_cover.webp","contentUrl":"https:\/\/d2p6e6u75xmxt8.cloudfront.net\/4\/2017\/12\/photostory_cover.webp","width":1375,"height":600},{"@type":"BreadcrumbList","@id":"https:\/\/www.welovecycling.com\/sk\/2017\/12\/05\/catching-breath-objektiv\/#breadcrumb","itemListElement":[{"@type":"ListItem","position":1,"name":"Home","item":"https:\/\/www.welovecycling.com\/sk\/"},{"@type":"ListItem","position":2,"name":"Catching Breath cez fotoobjekt\u00edv"}]},{"@type":"WebSite","@id":"https:\/\/www.welovecycling.com\/sk\/#website","url":"https:\/\/www.welovecycling.com\/sk\/","name":"\u0160koda We Love Cycling Slovensko","description":"\u0160koda We Love Cycling Slovensko je v\u00e1\u0161 ka\u017edodenn\u00fd zdroj noviniek a in\u0161pir\u00e1cie z sveta cyklistiky","potentialAction":[{"@type":"SearchAction","target":{"@type":"EntryPoint","urlTemplate":"https:\/\/www.welovecycling.com\/sk\/?s={search_term_string}"},"query-input":{"@type":"PropertyValueSpecification","valueRequired":true,"valueName":"search_term_string"}}],"inLanguage":"sk-SK"},{"@type":"Person","@id":"https:\/\/www.welovecycling.com\/sk\/#\/schema\/person\/8ee09ba39b7e25b1870160aa5b3a89bc","name":"Ondrej Ga\u0161par","image":{"@type":"ImageObject","inLanguage":"sk-SK","@id":"https:\/\/www.welovecycling.com\/sk\/#\/schema\/person\/image\/","url":"https:\/\/secure.gravatar.com\/avatar\/6126c9afb87b70da5abbb083ddbb21933da15f18f8ca7cb822aba0fb096a48f6?s=96&d=mm&r=g","contentUrl":"https:\/\/secure.gravatar.com\/avatar\/6126c9afb87b70da5abbb083ddbb21933da15f18f8ca7cb822aba0fb096a48f6?s=96&d=mm&r=g","caption":"Ondrej Ga\u0161par"},"url":"https:\/\/www.welovecycling.com\/sk\/author\/ondrejgaspar\/"}]}},"_links":{"self":[{"href":"https:\/\/www.welovecycling.com\/sk\/wp-json\/wp\/v2\/posts\/2798","targetHints":{"allow":["GET"]}}],"collection":[{"href":"https:\/\/www.welovecycling.com\/sk\/wp-json\/wp\/v2\/posts"}],"about":[{"href":"https:\/\/www.welovecycling.com\/sk\/wp-json\/wp\/v2\/types\/post"}],"author":[{"embeddable":true,"href":"https:\/\/www.welovecycling.com\/sk\/wp-json\/wp\/v2\/users\/38"}],"replies":[{"embeddable":true,"href":"https:\/\/www.welovecycling.com\/sk\/wp-json\/wp\/v2\/comments?post=2798"}],"version-history":[{"count":2,"href":"https:\/\/www.welovecycling.com\/sk\/wp-json\/wp\/v2\/posts\/2798\/revisions"}],"predecessor-version":[{"id":4853,"href":"https:\/\/www.welovecycling.com\/sk\/wp-json\/wp\/v2\/posts\/2798\/revisions\/4853"}],"wp:featuredmedia":[{"embeddable":true,"href":"https:\/\/www.welovecycling.com\/sk\/wp-json\/wp\/v2\/media\/2829"}],"wp:attachment":[{"href":"https:\/\/www.welovecycling.com\/sk\/wp-json\/wp\/v2\/media?parent=2798"}],"wp:term":[{"taxonomy":"category","embeddable":true,"href":"https:\/\/www.welovecycling.com\/sk\/wp-json\/wp\/v2\/categories?post=2798"},{"taxonomy":"post_tag","embeddable":true,"href":"https:\/\/www.welovecycling.com\/sk\/wp-json\/wp\/v2\/tags?post=2798"},{"taxonomy":"global-categories","embeddable":true,"href":"https:\/\/www.welovecycling.com\/sk\/wp-json\/wp\/v2\/global-categories?post=2798"}],"curies":[{"name":"wp","href":"https:\/\/api.w.org\/{rel}","templated":true}]}}