{"id":2701,"date":"2017-11-19T12:25:48","date_gmt":"2017-11-19T11:25:48","guid":{"rendered":"https:\/\/www.welovecycling.com\/sk\/?p=2701"},"modified":"2017-11-21T15:27:56","modified_gmt":"2017-11-21T14:27:56","slug":"isadore-apparel","status":"publish","type":"post","link":"https:\/\/www.welovecycling.com\/sk\/2017\/11\/19\/isadore-apparel\/","title":{"rendered":"Isadore Apparel \u2013 za kombin\u00e1ciou kvality a \u0161t\u00fdlu netreba pozera\u0165 len do zahrani\u010dia"},"content":{"rendered":"<p><strong>Zna\u010diek na cyklistickom trhu je ako \u0161afr\u00e1nu a ve\u013emi \u010dasto s\u00fa si e\u0161te aj podobn\u00e9. Odl\u00ed\u0161i\u0165 sa dnes nie je \u013eahk\u00e9, no jednej zna\u010dke sa to podarilo a navy\u0161e je zo Slovenska \u2013 Isadore Apparel.<\/strong><!--more--><\/p>\n<p>Zrejme ste u\u017e o nej po\u010duli ale ak nie, len stru\u010dne spomenieme, \u017ee cel\u00fa filozofiu maj\u00fa na starosti bratia Velitsovci, teda Peter a Martin. Ako (b\u00fdval\u00ed) profesion\u00e1lni cyklisti maj\u00fa bohat\u00e9 sk\u00fasenosti s oble\u010den\u00edm v podstate do ka\u017ed\u00fdch podmienok a to sa rozhodli z\u00faro\u010di\u0165.<\/p>\n<p>https:\/\/www.instagram.com\/p\/BXA5fpwjGoa\/?taken-by=isadoreapparel<\/p>\n<p>Cel\u00e9 to navy\u0161e sk\u013abili s elegantn\u00fdm dizajnom, ktor\u00fd m\u00e1 \u010faleko od krik\u013eav\u00fdch farieb, ve\u013ek\u00fdch n\u00e1pisov a \u201echodiacej\u201c reklamy. Tej si ako profesion\u00e1li u\u017eili dos\u00fdta a nechceli aby ich oble\u010denie malo podobn\u00fd charakter.<\/p>\n<p>https:\/\/www.instagram.com\/p\/BMGOYA3DLZg\/?taken-by=isadoreapparel<\/p>\n<p>https:\/\/www.instagram.com\/p\/BKYdSOyjeDo\/?taken-by=isadoreapparel<\/p>\n<p>Okrem toho, \u017ee je oble\u010denie priamo dizajnovan\u00e9 Martinom a Petrom, vyr\u00e1ba sa ru\u010dne u n\u00e1s na Slovensku a priamo v ich rodnom meste, v\u010faka Makyte P\u00fachov.<\/p>\n<p>https:\/\/www.instagram.com\/p\/BEx6IpkAImD\/?taken-by=isadoreapparel<\/p>\n<h2><strong>Pr\u00edrodn\u00e9 vl\u00e1kno<\/strong><\/h2>\n<p>Odl\u00ed\u0161ili sa nielen dizajnom, ale aj pri v\u00fdbere z\u00e1kladn\u00e9ho materi\u00e1lu, ktor\u00fdm sa stalo merino. Je to pr\u00edrodn\u00fd materi\u00e1l s v\u00fdborn\u00fdmi termoregula\u010dn\u00fdmi schopnos\u0165ami, priedu\u0161nos\u0165ou a najm\u00e4 odolnos\u0165ou proti nepr\u00edjemn\u00e9mu z\u00e1pachu, tak typick\u00e9mu pre produkty z \u201eumeliny\u201c. Okrem pou\u017eitia v r\u00e1mci z\u00e1kladnej vrstvy je merino pou\u017e\u00edvan\u00e9 aj pri dresoch, doplnkoch a tie\u017e bund\u00e1ch, \u010do u\u017e z\u010faleka nie je be\u017en\u00e9, no v Isadore Apparel na to maj\u00fa svoje d\u00f4vody. Samozrejme na niektor\u00e9 \u010dasti oble\u010denia je potrebn\u00e9 vyu\u017ei\u0165 umel\u00e9 vl\u00e1kna a membr\u00e1ny \u2013 najm\u00e4 na k\u00faskoch ktor\u00e9 vy\u017eaduj\u00fa vysok\u00fa odolnos\u0165 vo\u010di vetru a vode. V\u010faka tomu poskytuj\u00fa ucelen\u00fa kolekciu oble\u010denia do v\u0161etk\u00fdch poveternostn\u00fdch podmienok vr\u00e1tane t\u00fdch najhor\u0161\u00edch. Hlavnou cie\u013eovou skupinou s\u00fa \u013eudia, pre ktor\u00fdch sa cestn\u00e1 cyklistika stala nie\u010d\u00edm viac, ako len \u0161portom \u2013 stala sa \u017eivotn\u00fdm \u0161t\u00fdlom a kombin\u00e1ciou v\u00fdkonnosti, \u0161t\u00fdlu, slobody a samozrejme dobrej k\u00e1vy&#8230;<\/p>\n<p>https:\/\/www.instagram.com\/p\/BWW8o9Ej2kh\/?taken-by=isadoreapparel<\/p>\n<h2><strong>Jesenn\u00e1 kolekcia<\/strong><\/h2>\n<p>V r\u00e1mci svojej filozofie sa aj v pr\u00edpade predstavenia jesennej kolekcie rozhodli v Isadore Apparel pre trochu in\u00fd sp\u00f4sob &#8211; \u201eStar\u00e9 porekadlo hovor\u00ed: \u201cNeexistuje zl\u00e9 po\u010dasie, iba zle oble\u010den\u00fd \u010dlovek.\u201d Po\u010das svojho posledn\u00e9ho v\u00fdletu do N\u00f3rska sa tento v\u00fdrok naozaj potvrdil. Str\u00e1vili tri dni na s\u00faostrov\u00ed Lofoty \u2013 divokej od\u013eahlej zemi \u010faleko za pol\u00e1rnym kruhom. Po\u010das troch dn\u00ed pln\u00fdch jazdenia podrobili oble\u010denie testu na v\u0161etky mo\u017en\u00e9 podmienky od slnka, cez vietor, chlad a d\u00e1\u017e\u010f a cez v\u0161etky mo\u017en\u00e9 kombin\u00e1cie. V\u00fdsledkom je kr\u00e1sna s\u00e9ria sn\u00edmkov, ktor\u00e1 zachyt\u00e1va krajinu, a tie\u017e pekne vystihuje hlavn\u00fa my\u0161lienku Isadore Apparel\u2013 cyklistiku ako \u017eivotn\u00fd \u0161t\u00fdl bez oh\u013eadu na ro\u010dn\u00e9 obdobie alebo po\u010dasie.<\/p>\n<lite-youtube videoid=Vbuv7kzcUxk params=\"enablejsapi=1\" style=\"background-image: url('https:\/\/i.ytimg.com\/vi_webp\/Vbuv7kzcUxk\/maxresdefault.webp');\"><\/lite-youtube>\n<p>Ako vid\u00edte oble\u010denie na cyklistiku m\u00f4\u017ee vyzera\u0165 aj trochu inak, hlavne, ak m\u00e1te radi kvalitu a trochu odli\u0161n\u00fd \u0161t\u00fdl. Pritom sa d\u00e1 v\u00fdborne jazdi\u0165 aj ke\u010f podmienky nie s\u00fa pr\u00e1ve ide\u00e1lne.<\/p>\n<p><a href=\"https:\/\/d2p6e6u75xmxt8.cloudfront.net\/4\/2017\/11\/isadore_02.jpg\"><img loading=\"lazy\" decoding=\"async\" class=\"alignnone size-full wp-image-2704\" src=\"https:\/\/d2p6e6u75xmxt8.cloudfront.net\/4\/2017\/11\/isadore_02.jpg\" alt=\"\" width=\"1339\" height=\"741\" \/><\/a><\/p>\n<h2><strong>Obnovite\u013enos\u0165<\/strong><\/h2>\n<p>Netreba zab\u00fada\u0165 ani na ve\u013emi d\u00f4le\u017eit\u00fa vlastnos\u0165 \u2013 obnovite\u013enos\u0165 zdrojov a ochranu pr\u00edrody. Zrejme najlep\u0161ie to vystihuje jedna z hlavn\u00fdch my\u0161lienok: \u201eNa\u0161e cyklistick\u00e9 oble\u010denie a balenia z recyklovan\u00e9ho papieru s\u00fa vyr\u00e1ban\u00e9 s d\u00f4razom na to, aby n\u00e1\u0161 svet aj v bud\u00facnosti vyzeral kr\u00e1sne zo sedla bicykla.\u201c<\/p>\n<p><a href=\"https:\/\/d2p6e6u75xmxt8.cloudfront.net\/4\/2017\/11\/isadore_01.jpg\"><img loading=\"lazy\" decoding=\"async\" class=\"alignnone size-full wp-image-2705\" src=\"https:\/\/d2p6e6u75xmxt8.cloudfront.net\/4\/2017\/11\/isadore_01.jpg\" alt=\"\" width=\"1591\" height=\"768\" \/><\/a><\/p>\n<p>Pre v\u0161etky tieto vlastnosti sa oble\u010denie Isadore Apparel te\u0161\u00ed ve\u013ekej popularite u n\u00e1s, no zrejme e\u0161te viac v zahrani\u010d\u00ed medzi sk\u00fasen\u00fdmi cyklistami, pr\u00edpadne t\u00fdmi ktor\u00ed chc\u00fa o \u201enie\u010do viac\u201c.<\/p>\n<p>M\u00e1te vo svojom \u0161atn\u00edku nejak\u00fd k\u00fasok od bratov Velitsovcov?<\/p>\n","protected":false},"excerpt":{"rendered":"<p>Zna\u010diek na cyklistickom trhu je ako \u0161afr\u00e1nu a ve\u013emi \u010dasto s\u00fa si e\u0161te aj podobn\u00e9. Odl\u00ed\u0161i\u0165 sa dnes nie je [&hellip;]<\/p>\n","protected":false},"author":38,"featured_media":2703,"comment_status":"open","ping_status":"open","sticky":false,"template":"","format":"standard","meta":{"footnotes":""},"categories":[4,3,52,191],"tags":[115,180,324,286,327,326,285,325,318],"global-categories":[],"class_list":["post-2701","post","type-post","status-publish","format-standard","has-post-thumbnail","hentry","category-cestna-cyklisitika","category-mtb","category-nakupny-poradca","category-odporucame","tag-cestna-cyklistika","tag-horska-cyklistika","tag-isadore-apparel","tag-jesen","tag-jesenna-kolekcia","tag-martin-velits","tag-oblecenie","tag-peter-velits","tag-vyjazd"],"yoast_head":"<!-- This site is optimized with the Yoast SEO Premium plugin v25.3 (Yoast SEO v25.9) - https:\/\/yoast.com\/wordpress\/plugins\/seo\/ -->\n<title>Isadore Apparel \u2013 za kombin\u00e1ciou kvality a \u0161t\u00fdlu netreba pozera\u0165 len do zahrani\u010dia - \u0160koda We Love Cycling Slovensko<\/title>\n<meta name=\"robots\" content=\"index, follow, max-snippet:-1, max-image-preview:large, max-video-preview:-1\" \/>\n<link rel=\"canonical\" href=\"https:\/\/www.welovecycling.com\/sk\/2017\/11\/19\/isadore-apparel\/\" \/>\n<meta property=\"og:locale\" content=\"sk_SK\" \/>\n<meta property=\"og:type\" content=\"article\" \/>\n<meta property=\"og:title\" content=\"Isadore Apparel \u2013 za kombin\u00e1ciou kvality a \u0161t\u00fdlu netreba pozera\u0165 len do zahrani\u010dia\" \/>\n<meta property=\"og:description\" content=\"Zna\u010diek na cyklistickom trhu je ako \u0161afr\u00e1nu a ve\u013emi \u010dasto s\u00fa si e\u0161te aj podobn\u00e9. Odl\u00ed\u0161i\u0165 sa dnes nie je [&hellip;]\" \/>\n<meta property=\"og:url\" content=\"https:\/\/www.welovecycling.com\/sk\/2017\/11\/19\/isadore-apparel\/\" \/>\n<meta property=\"og:site_name\" content=\"\u0160koda We Love Cycling Slovensko\" \/>\n<meta property=\"article:published_time\" content=\"2017-11-19T11:25:48+00:00\" \/>\n<meta property=\"article:modified_time\" content=\"2017-11-21T14:27:56+00:00\" \/>\n<meta property=\"og:image\" content=\"https:\/\/d2p6e6u75xmxt8.cloudfront.net\/4\/2017\/11\/isadore.webp\" \/>\n\t<meta property=\"og:image:width\" content=\"1375\" \/>\n\t<meta property=\"og:image:height\" content=\"600\" \/>\n\t<meta property=\"og:image:type\" content=\"image\/webp\" \/>\n<meta name=\"author\" content=\"Ondrej Ga\u0161par\" \/>\n<meta name=\"twitter:card\" content=\"summary_large_image\" \/>\n<meta name=\"twitter:label1\" content=\"Written by\" \/>\n\t<meta name=\"twitter:data1\" content=\"We Love Cycling\" \/>\n\t<meta name=\"twitter:label2\" content=\"Est. reading time\" \/>\n\t<meta name=\"twitter:data2\" content=\"4 minutes\" \/>\n<script type=\"application\/ld+json\" class=\"yoast-schema-graph\">{\"@context\":\"https:\/\/schema.org\",\"@graph\":[{\"@type\":\"WebPage\",\"@id\":\"https:\/\/www.welovecycling.com\/sk\/2017\/11\/19\/isadore-apparel\/\",\"url\":\"https:\/\/www.welovecycling.com\/sk\/2017\/11\/19\/isadore-apparel\/\",\"name\":\"Isadore Apparel \u2013 za kombin\u00e1ciou kvality a \u0161t\u00fdlu netreba pozera\u0165 len do zahrani\u010dia - \u0160koda We Love Cycling Slovensko\",\"isPartOf\":{\"@id\":\"https:\/\/www.welovecycling.com\/sk\/#website\"},\"primaryImageOfPage\":{\"@id\":\"https:\/\/www.welovecycling.com\/sk\/2017\/11\/19\/isadore-apparel\/#primaryimage\"},\"image\":{\"@id\":\"https:\/\/www.welovecycling.com\/sk\/2017\/11\/19\/isadore-apparel\/#primaryimage\"},\"thumbnailUrl\":\"https:\/\/d2p6e6u75xmxt8.cloudfront.net\/4\/2017\/11\/isadore.webp\",\"datePublished\":\"2017-11-19T11:25:48+00:00\",\"dateModified\":\"2017-11-21T14:27:56+00:00\",\"author\":{\"@id\":\"https:\/\/www.welovecycling.com\/sk\/#\/schema\/person\/8ee09ba39b7e25b1870160aa5b3a89bc\"},\"breadcrumb\":{\"@id\":\"https:\/\/www.welovecycling.com\/sk\/2017\/11\/19\/isadore-apparel\/#breadcrumb\"},\"inLanguage\":\"sk-SK\",\"potentialAction\":[{\"@type\":\"ReadAction\",\"target\":[\"https:\/\/www.welovecycling.com\/sk\/2017\/11\/19\/isadore-apparel\/\"]}]},{\"@type\":\"ImageObject\",\"inLanguage\":\"sk-SK\",\"@id\":\"https:\/\/www.welovecycling.com\/sk\/2017\/11\/19\/isadore-apparel\/#primaryimage\",\"url\":\"https:\/\/d2p6e6u75xmxt8.cloudfront.net\/4\/2017\/11\/isadore.webp\",\"contentUrl\":\"https:\/\/d2p6e6u75xmxt8.cloudfront.net\/4\/2017\/11\/isadore.webp\",\"width\":1375,\"height\":600},{\"@type\":\"BreadcrumbList\",\"@id\":\"https:\/\/www.welovecycling.com\/sk\/2017\/11\/19\/isadore-apparel\/#breadcrumb\",\"itemListElement\":[{\"@type\":\"ListItem\",\"position\":1,\"name\":\"Home\",\"item\":\"https:\/\/www.welovecycling.com\/sk\/\"},{\"@type\":\"ListItem\",\"position\":2,\"name\":\"Isadore Apparel \u2013 za kombin\u00e1ciou kvality a \u0161t\u00fdlu netreba pozera\u0165 len do zahrani\u010dia\"}]},{\"@type\":\"WebSite\",\"@id\":\"https:\/\/www.welovecycling.com\/sk\/#website\",\"url\":\"https:\/\/www.welovecycling.com\/sk\/\",\"name\":\"\u0160koda We Love Cycling Slovensko\",\"description\":\"\u0160koda We Love Cycling Slovensko je v\u00e1\u0161 ka\u017edodenn\u00fd zdroj noviniek a in\u0161pir\u00e1cie z sveta cyklistiky\",\"potentialAction\":[{\"@type\":\"SearchAction\",\"target\":{\"@type\":\"EntryPoint\",\"urlTemplate\":\"https:\/\/www.welovecycling.com\/sk\/?s={search_term_string}\"},\"query-input\":{\"@type\":\"PropertyValueSpecification\",\"valueRequired\":true,\"valueName\":\"search_term_string\"}}],\"inLanguage\":\"sk-SK\"},{\"@type\":\"Person\",\"@id\":\"https:\/\/www.welovecycling.com\/sk\/#\/schema\/person\/8ee09ba39b7e25b1870160aa5b3a89bc\",\"name\":\"Ondrej Ga\u0161par\",\"image\":{\"@type\":\"ImageObject\",\"inLanguage\":\"sk-SK\",\"@id\":\"https:\/\/www.welovecycling.com\/sk\/#\/schema\/person\/image\/\",\"url\":\"https:\/\/secure.gravatar.com\/avatar\/6126c9afb87b70da5abbb083ddbb21933da15f18f8ca7cb822aba0fb096a48f6?s=96&d=mm&r=g\",\"contentUrl\":\"https:\/\/secure.gravatar.com\/avatar\/6126c9afb87b70da5abbb083ddbb21933da15f18f8ca7cb822aba0fb096a48f6?s=96&d=mm&r=g\",\"caption\":\"Ondrej Ga\u0161par\"},\"url\":\"https:\/\/www.welovecycling.com\/sk\/author\/ondrejgaspar\/\"}]}<\/script>\n<!-- \/ Yoast SEO Premium plugin. -->","yoast_head_json":{"title":"Isadore Apparel \u2013 za kombin\u00e1ciou kvality a \u0161t\u00fdlu netreba pozera\u0165 len do zahrani\u010dia - \u0160koda We Love Cycling Slovensko","robots":{"index":"index","follow":"follow","max-snippet":"max-snippet:-1","max-image-preview":"max-image-preview:large","max-video-preview":"max-video-preview:-1"},"canonical":"https:\/\/www.welovecycling.com\/sk\/2017\/11\/19\/isadore-apparel\/","og_locale":"sk_SK","og_type":"article","og_title":"Isadore Apparel \u2013 za kombin\u00e1ciou kvality a \u0161t\u00fdlu netreba pozera\u0165 len do zahrani\u010dia","og_description":"Zna\u010diek na cyklistickom trhu je ako \u0161afr\u00e1nu a ve\u013emi \u010dasto s\u00fa si e\u0161te aj podobn\u00e9. Odl\u00ed\u0161i\u0165 sa dnes nie je [&hellip;]","og_url":"https:\/\/www.welovecycling.com\/sk\/2017\/11\/19\/isadore-apparel\/","og_site_name":"\u0160koda We Love Cycling Slovensko","article_published_time":"2017-11-19T11:25:48+00:00","article_modified_time":"2017-11-21T14:27:56+00:00","og_image":[{"width":1375,"height":600,"url":"https:\/\/d2p6e6u75xmxt8.cloudfront.net\/4\/2017\/11\/isadore.webp","type":"image\/webp"}],"author":"Ondrej Ga\u0161par","twitter_card":"summary_large_image","twitter_misc":{"Written by":"We Love Cycling","Est. reading time":"4 minutes"},"schema":{"@context":"https:\/\/schema.org","@graph":[{"@type":"WebPage","@id":"https:\/\/www.welovecycling.com\/sk\/2017\/11\/19\/isadore-apparel\/","url":"https:\/\/www.welovecycling.com\/sk\/2017\/11\/19\/isadore-apparel\/","name":"Isadore Apparel \u2013 za kombin\u00e1ciou kvality a \u0161t\u00fdlu netreba pozera\u0165 len do zahrani\u010dia - \u0160koda We Love Cycling Slovensko","isPartOf":{"@id":"https:\/\/www.welovecycling.com\/sk\/#website"},"primaryImageOfPage":{"@id":"https:\/\/www.welovecycling.com\/sk\/2017\/11\/19\/isadore-apparel\/#primaryimage"},"image":{"@id":"https:\/\/www.welovecycling.com\/sk\/2017\/11\/19\/isadore-apparel\/#primaryimage"},"thumbnailUrl":"https:\/\/d2p6e6u75xmxt8.cloudfront.net\/4\/2017\/11\/isadore.webp","datePublished":"2017-11-19T11:25:48+00:00","dateModified":"2017-11-21T14:27:56+00:00","author":{"@id":"https:\/\/www.welovecycling.com\/sk\/#\/schema\/person\/8ee09ba39b7e25b1870160aa5b3a89bc"},"breadcrumb":{"@id":"https:\/\/www.welovecycling.com\/sk\/2017\/11\/19\/isadore-apparel\/#breadcrumb"},"inLanguage":"sk-SK","potentialAction":[{"@type":"ReadAction","target":["https:\/\/www.welovecycling.com\/sk\/2017\/11\/19\/isadore-apparel\/"]}]},{"@type":"ImageObject","inLanguage":"sk-SK","@id":"https:\/\/www.welovecycling.com\/sk\/2017\/11\/19\/isadore-apparel\/#primaryimage","url":"https:\/\/d2p6e6u75xmxt8.cloudfront.net\/4\/2017\/11\/isadore.webp","contentUrl":"https:\/\/d2p6e6u75xmxt8.cloudfront.net\/4\/2017\/11\/isadore.webp","width":1375,"height":600},{"@type":"BreadcrumbList","@id":"https:\/\/www.welovecycling.com\/sk\/2017\/11\/19\/isadore-apparel\/#breadcrumb","itemListElement":[{"@type":"ListItem","position":1,"name":"Home","item":"https:\/\/www.welovecycling.com\/sk\/"},{"@type":"ListItem","position":2,"name":"Isadore Apparel \u2013 za kombin\u00e1ciou kvality a \u0161t\u00fdlu netreba pozera\u0165 len do zahrani\u010dia"}]},{"@type":"WebSite","@id":"https:\/\/www.welovecycling.com\/sk\/#website","url":"https:\/\/www.welovecycling.com\/sk\/","name":"\u0160koda We Love Cycling Slovensko","description":"\u0160koda We Love Cycling Slovensko je v\u00e1\u0161 ka\u017edodenn\u00fd zdroj noviniek a in\u0161pir\u00e1cie z sveta cyklistiky","potentialAction":[{"@type":"SearchAction","target":{"@type":"EntryPoint","urlTemplate":"https:\/\/www.welovecycling.com\/sk\/?s={search_term_string}"},"query-input":{"@type":"PropertyValueSpecification","valueRequired":true,"valueName":"search_term_string"}}],"inLanguage":"sk-SK"},{"@type":"Person","@id":"https:\/\/www.welovecycling.com\/sk\/#\/schema\/person\/8ee09ba39b7e25b1870160aa5b3a89bc","name":"Ondrej Ga\u0161par","image":{"@type":"ImageObject","inLanguage":"sk-SK","@id":"https:\/\/www.welovecycling.com\/sk\/#\/schema\/person\/image\/","url":"https:\/\/secure.gravatar.com\/avatar\/6126c9afb87b70da5abbb083ddbb21933da15f18f8ca7cb822aba0fb096a48f6?s=96&d=mm&r=g","contentUrl":"https:\/\/secure.gravatar.com\/avatar\/6126c9afb87b70da5abbb083ddbb21933da15f18f8ca7cb822aba0fb096a48f6?s=96&d=mm&r=g","caption":"Ondrej Ga\u0161par"},"url":"https:\/\/www.welovecycling.com\/sk\/author\/ondrejgaspar\/"}]}},"_links":{"self":[{"href":"https:\/\/www.welovecycling.com\/sk\/wp-json\/wp\/v2\/posts\/2701","targetHints":{"allow":["GET"]}}],"collection":[{"href":"https:\/\/www.welovecycling.com\/sk\/wp-json\/wp\/v2\/posts"}],"about":[{"href":"https:\/\/www.welovecycling.com\/sk\/wp-json\/wp\/v2\/types\/post"}],"author":[{"embeddable":true,"href":"https:\/\/www.welovecycling.com\/sk\/wp-json\/wp\/v2\/users\/38"}],"replies":[{"embeddable":true,"href":"https:\/\/www.welovecycling.com\/sk\/wp-json\/wp\/v2\/comments?post=2701"}],"version-history":[{"count":2,"href":"https:\/\/www.welovecycling.com\/sk\/wp-json\/wp\/v2\/posts\/2701\/revisions"}],"predecessor-version":[{"id":2720,"href":"https:\/\/www.welovecycling.com\/sk\/wp-json\/wp\/v2\/posts\/2701\/revisions\/2720"}],"wp:featuredmedia":[{"embeddable":true,"href":"https:\/\/www.welovecycling.com\/sk\/wp-json\/wp\/v2\/media\/2703"}],"wp:attachment":[{"href":"https:\/\/www.welovecycling.com\/sk\/wp-json\/wp\/v2\/media?parent=2701"}],"wp:term":[{"taxonomy":"category","embeddable":true,"href":"https:\/\/www.welovecycling.com\/sk\/wp-json\/wp\/v2\/categories?post=2701"},{"taxonomy":"post_tag","embeddable":true,"href":"https:\/\/www.welovecycling.com\/sk\/wp-json\/wp\/v2\/tags?post=2701"},{"taxonomy":"global-categories","embeddable":true,"href":"https:\/\/www.welovecycling.com\/sk\/wp-json\/wp\/v2\/global-categories?post=2701"}],"curies":[{"name":"wp","href":"https:\/\/api.w.org\/{rel}","templated":true}]}}