{"id":2695,"date":"2017-11-21T15:26:49","date_gmt":"2017-11-21T14:26:49","guid":{"rendered":"https:\/\/www.welovecycling.com\/sk\/?p=2695"},"modified":"2017-11-21T15:28:04","modified_gmt":"2017-11-21T14:28:04","slug":"vyber-vhodnej-prvej-vrstvy-do-chladnejsich-podmienok","status":"publish","type":"post","link":"https:\/\/www.welovecycling.com\/sk\/2017\/11\/21\/vyber-vhodnej-prvej-vrstvy-do-chladnejsich-podmienok\/","title":{"rendered":"V\u00fdber vhodnej prvej vrstvy do chladnej\u0161\u00edch podmienok"},"content":{"rendered":"<p><strong>Jazdenie a akt\u00edvny pohyb v chladnej\u0161om obdob\u00ed nemus\u00ed by\u0165 v\u00f4bec o prem\u00e1han\u00ed sa a tr\u00e1pen\u00ed. V tom vie v\u00fdrazne pom\u00f4c\u0165 komfort a s n\u00edm s\u00favis\u00ed aj v\u00fdber vhodn\u00e9ho oble\u010denia. Pr\u00e1ve v\u00fdber spodnej vrstvy patr\u00ed medzi \u00fapln\u00fd z\u00e1klad.<\/strong><!--more--><\/p>\n<h2><strong>Prv\u00fd kontakt<\/strong><\/h2>\n<p>Je tomu najm\u00e4 z toho d\u00f4vodu, \u017ee pr\u00e1ve prv\u00e1 vrstva je v priamom kontakte s poko\u017ekou. Jej hlavnou \u00falohou je v prvom rade odv\u00e1dzanie prebyto\u010dnej vlhkosti do \u010fal\u0161ej vrstvy, a taktie\u017e potrebn\u00e1 izol\u00e1cia \u2013 bez dobr\u00e9ho z\u00e1kladu v\u00e1m ani najdrah\u0161ia bunda na trhu nebude \u201efungova\u0165\u201c ako m\u00e1. Dalo by sa poveda\u0165, \u017ee n\u00e1s udr\u017euje v komfortnej z\u00f3ne pri akt\u00edvnom pohybe \u2013 teda m\u00e1 na starosti termoregul\u00e1ciu a odtia\u013e aj n\u00e1zov \u201etermo pr\u00e1dlo\u201c.<\/p>\n<h2><strong>Spr\u00e1vny strih<\/strong><\/h2>\n<p>Aj ke\u010f nepreferujete, aby vrchn\u00e9 oble\u010denie bolo priliehav\u00e9, pri prvej vrstvy je to v\u017edy ve\u013ek\u00e1 v\u00fdhoda. V\u010faka tomu zost\u00e1va st\u00e1le na svojom mieste (nevykas\u00e1va sa) a rovnako dok\u00e1\u017ee ove\u013ea lep\u0161ie plni\u0165 z\u00e1kladn\u00fa \u00falohu \u2013 transport vlhkosti. Tie\u017e, to zabr\u00e1ni nepr\u00edjemn\u00e9ho pocitu, ke\u010f v\u00e1m pot stek\u00e1 po chrbte. V\u010faka tomu, \u017ee nebude na v\u00e1s \u201evisie\u0165\u201c sa budete c\u00edti\u0165 ove\u013ea komfortnej\u0161ie; najm\u00e4 v chladn\u00fdch podmienkach. V pr\u00edpade cyklistiky je dobr\u00e9 da\u0165 si pozor aj na \u0161pecifick\u00fd strih s pred\u013a\u017een\u00fdmi ruk\u00e1vmi a zadnou \u010das\u0165ou aby nevznikali nepr\u00edjemn\u00e9 medzery, \u010do m\u00f4\u017ee ma\u0165 nepr\u00edjemn\u00e9 n\u00e1sledky (napr. boles\u0165 spodn\u00e9ho chrbta). Samozrejme, je rozdiel v strihu medzi mu\u017esk\u00fdm a \u017eensk\u00fdm preveden\u00edm a tieto rozdieli s\u00fa ve\u013emi v\u00fdrazn\u00e9 \u2013 pre maxim\u00e1lny komfort odpor\u00fa\u010dame zvoli\u0165 \u0161pecifick\u00fd variant.<\/p>\n<p><a href=\"https:\/\/d2p6e6u75xmxt8.cloudfront.net\/4\/2017\/11\/prva_vrstva.jpg\"><img loading=\"lazy\" decoding=\"async\" class=\"alignnone size-full wp-image-2698\" src=\"https:\/\/d2p6e6u75xmxt8.cloudfront.net\/4\/2017\/11\/prva_vrstva.jpg\" alt=\"\" width=\"1366\" height=\"768\" \/><\/a><\/p>\n<h2><strong>Materi\u00e1l<\/strong><\/h2>\n<p>Z ve\u013ekej \u010dasti je prv\u00e1 vrstva tvoren\u00e1 umel\u00fdmi vl\u00e1knami (polyester, polypropyl\u00e9n a pod), ktor\u00e9 maj\u00fa v\u00fdborn\u00fa schopnos\u0165 odv\u00e1dza\u0165 vlhkos\u0165. V poslednom \u010dase je bada\u0165 ak\u00fdsi n\u00e1vrat k pr\u00edrodn\u00fdm materi\u00e1lom, najm\u00e4 k vlne merino. T\u00e1 je pr\u00edjemn\u00e1 na dotyk, tepl\u00e1 a hlavne ove\u013ea menej zap\u00e1cha. Ka\u017ed\u00e9mu vyhovuje nie\u010do in\u00e9, no vo v\u0161eobecnosti sa umel\u00e9 vl\u00e1kna odpor\u00fa\u010daj\u00fa na intenz\u00edvne v\u00fdkony (teda tam, kde sa extr\u00e9mne pot\u00edte), naopak merino ocen\u00edte pri ni\u017e\u0161ej intenzite, v\u00e4\u010d\u0161om chlade a hlavne po\u010das viacdenn\u00fdch aktiv\u00edt.<\/p>\n<h2><strong>Spot\u00edte sa tak \u010di tak<\/strong><\/h2>\n<p>Ve\u013ea \u013eud\u00ed je po k\u00fape podobn\u00e9ho \u0161pecifick\u00e9ho produktu sklaman\u00e1, preto\u017ee zistia, \u017ee sa st\u00e1le potia. To je ale \u00faplne prirodzen\u00e9, a inak to ani nejde. Ten rozdiel je najm\u00e4 v celkovom pocite komfortu, kedy na sebe nem\u00e1te v\u0161etko \u201enalepen\u00e9\u201c a hlavne po \u010dase zist\u00edte ako postupne oble\u010denie schne \u2013 tento proces je omnoho r\u00fdchlej\u0161\u00ed ako napr. u bavlny, ktor\u00e1 vie zosta\u0165 mokr\u00e1 poriadne dlh\u00fa dobu. To v\u0161etko samozrejme plat\u00ed v pr\u00edpade, \u017ee aj ostatn\u00e9 vrstvy s\u00fa \u201efunk\u010dn\u00e9\u201c.<\/p>\n<p><a href=\"https:\/\/d2p6e6u75xmxt8.cloudfront.net\/4\/2017\/11\/06.jpg\"><img loading=\"lazy\" decoding=\"async\" class=\"alignnone size-full wp-image-2697\" src=\"https:\/\/d2p6e6u75xmxt8.cloudfront.net\/4\/2017\/11\/06.jpg\" alt=\"\" width=\"1170\" height=\"780\" \/><\/a><\/p>\n<h2><strong>Ak\u00e1 hr\u00fabka?<\/strong><\/h2>\n<p>Oh\u013eadom celkovej hr\u00fabky je to ve\u013emi individu\u00e1lne, preto\u017ee ka\u017ed\u00fd vn\u00edma chlad trochu inak. Ide\u00e1lne je ma\u0165 2 k\u00fasky \u2013 jeden stredne hrub\u00fd do miernej\u0161\u00edch podmienok (jar, jese\u0148) a druh\u00fd o nie\u010do hrub\u0161\u00ed pre pr\u00edpad poriadneho chladu. Pri vhodnom v\u00fdbere v\u00e1m n\u00e1sledne posta\u010duje na akt\u00edvny pohyb u\u017e len dobre zvolen\u00e1 bunda, o ktorej si nie\u010do povieme zase nabud\u00face.<\/p>\n<h2><strong>D\u00f4le\u017eit\u00e9 detaily<\/strong><\/h2>\n<p>Nezabudnite sa pozrie\u0165 na d\u00f4le\u017eit\u00e9 detaily. Medzi ne patr\u00ed <strong>prevedenie \u0161vov &#8211; ide\u00e1lne, ak s\u00fa ploch\u00e9<\/strong>, tak\u017ee v\u00e1s nebude ni\u010d dr\u00e1\u017edi\u0165, ani po dlh\u0161om \u010dase. Rovnako dobr\u00e9 je zvoli\u0165 produkt, ktor\u00fd m\u00e1 <strong>vyv\u00fd\u0161en\u00fd golier<\/strong> \u2013 plat\u00ed najm\u00e4, ak pl\u00e1nujete jazdi\u0165 v naozaj chladn\u00fdch podmienkach. Pr\u00e1ve golier v\u00fdrazne posunie tepeln\u00fd komfort a ochr\u00e1ni krk, ktor\u00fd je na chlad poriadne citliv\u00fd. \u010ealej pr\u00edde vhod, ak je pr\u00e1dlo roben\u00e9 na sp\u00f4sobom \u201e<strong>bodymappingu<\/strong>\u201c teda s rozdielnou hr\u00fabkou, kedy s\u00fa oblasti ako podpazu\u0161ie tvoren\u00e9 ten\u0161\u00edm materi\u00e1lom pre lep\u0161ie odvetranie, a naopak citliv\u00e9 oblasti ako hrudn\u00edk hrub\u0161\u00edm.<\/p>\n<p>Invest\u00edcia do kvalitnej spodnej vrstvy patr\u00ed medzi z\u00e1kladn\u00e9 podmienky pohybu v chladnej\u0161\u00edch podmienkach a jej pr\u00ednos ur\u010dite ocen\u00edte &#8211; napr\u00edklad po prvom v\u00fdjazde v t\u00fdchto sychrav\u00fdch d\u0148och \ud83d\ude42<\/p>\n<p>(Zdroj fotiek: https:\/\/isadoreapparel.com\/sk\/)<\/p>\n","protected":false},"excerpt":{"rendered":"<p>Jazdenie a akt\u00edvny pohyb v chladnej\u0161om obdob\u00ed nemus\u00ed by\u0165 v\u00f4bec o prem\u00e1han\u00ed sa a tr\u00e1pen\u00ed. V tom vie v\u00fdrazne pom\u00f4c\u0165 [&hellip;]<\/p>\n","protected":false},"author":38,"featured_media":2708,"comment_status":"open","ping_status":"open","sticky":false,"template":"","format":"standard","meta":{"footnotes":""},"categories":[4,3,52,191],"tags":[115,180,286,285,237,318,317],"global-categories":[],"class_list":["post-2695","post","type-post","status-publish","format-standard","has-post-thumbnail","hentry","category-cestna-cyklisitika","category-mtb","category-nakupny-poradca","category-odporucame","tag-cestna-cyklistika","tag-horska-cyklistika","tag-jesen","tag-oblecenie","tag-trail","tag-vyjazd","tag-zima"],"yoast_head":"<!-- This site is optimized with the Yoast SEO Premium plugin v25.3 (Yoast SEO v25.9) - https:\/\/yoast.com\/wordpress\/plugins\/seo\/ -->\n<title>V\u00fdber vhodnej prvej vrstvy do chladnej\u0161\u00edch podmienok - \u0160koda We Love Cycling Slovensko<\/title>\n<meta name=\"robots\" content=\"index, follow, max-snippet:-1, max-image-preview:large, max-video-preview:-1\" \/>\n<link rel=\"canonical\" href=\"https:\/\/www.welovecycling.com\/sk\/2017\/11\/21\/vyber-vhodnej-prvej-vrstvy-do-chladnejsich-podmienok\/\" \/>\n<meta property=\"og:locale\" content=\"sk_SK\" \/>\n<meta property=\"og:type\" content=\"article\" \/>\n<meta property=\"og:title\" content=\"V\u00fdber vhodnej prvej vrstvy do chladnej\u0161\u00edch podmienok\" \/>\n<meta property=\"og:description\" content=\"Jazdenie a akt\u00edvny pohyb v chladnej\u0161om obdob\u00ed nemus\u00ed by\u0165 v\u00f4bec o prem\u00e1han\u00ed sa a tr\u00e1pen\u00ed. V tom vie v\u00fdrazne pom\u00f4c\u0165 [&hellip;]\" \/>\n<meta property=\"og:url\" content=\"https:\/\/www.welovecycling.com\/sk\/2017\/11\/21\/vyber-vhodnej-prvej-vrstvy-do-chladnejsich-podmienok\/\" \/>\n<meta property=\"og:site_name\" content=\"\u0160koda We Love Cycling Slovensko\" \/>\n<meta property=\"article:published_time\" content=\"2017-11-21T14:26:49+00:00\" \/>\n<meta property=\"article:modified_time\" content=\"2017-11-21T14:28:04+00:00\" \/>\n<meta property=\"og:image\" content=\"https:\/\/d2p6e6u75xmxt8.cloudfront.net\/4\/2017\/11\/prva_vrstva-1.webp\" \/>\n\t<meta property=\"og:image:width\" content=\"1375\" \/>\n\t<meta property=\"og:image:height\" content=\"600\" \/>\n\t<meta property=\"og:image:type\" content=\"image\/webp\" \/>\n<meta name=\"author\" content=\"Ondrej Ga\u0161par\" \/>\n<meta name=\"twitter:card\" content=\"summary_large_image\" \/>\n<meta name=\"twitter:label1\" content=\"Written by\" \/>\n\t<meta name=\"twitter:data1\" content=\"We Love Cycling\" \/>\n\t<meta name=\"twitter:label2\" content=\"Est. reading time\" \/>\n\t<meta name=\"twitter:data2\" content=\"4 minutes\" \/>\n<script type=\"application\/ld+json\" class=\"yoast-schema-graph\">{\"@context\":\"https:\/\/schema.org\",\"@graph\":[{\"@type\":\"WebPage\",\"@id\":\"https:\/\/www.welovecycling.com\/sk\/2017\/11\/21\/vyber-vhodnej-prvej-vrstvy-do-chladnejsich-podmienok\/\",\"url\":\"https:\/\/www.welovecycling.com\/sk\/2017\/11\/21\/vyber-vhodnej-prvej-vrstvy-do-chladnejsich-podmienok\/\",\"name\":\"V\u00fdber vhodnej prvej vrstvy do chladnej\u0161\u00edch podmienok - \u0160koda We Love Cycling Slovensko\",\"isPartOf\":{\"@id\":\"https:\/\/www.welovecycling.com\/sk\/#website\"},\"primaryImageOfPage\":{\"@id\":\"https:\/\/www.welovecycling.com\/sk\/2017\/11\/21\/vyber-vhodnej-prvej-vrstvy-do-chladnejsich-podmienok\/#primaryimage\"},\"image\":{\"@id\":\"https:\/\/www.welovecycling.com\/sk\/2017\/11\/21\/vyber-vhodnej-prvej-vrstvy-do-chladnejsich-podmienok\/#primaryimage\"},\"thumbnailUrl\":\"https:\/\/d2p6e6u75xmxt8.cloudfront.net\/4\/2017\/11\/prva_vrstva-1.webp\",\"datePublished\":\"2017-11-21T14:26:49+00:00\",\"dateModified\":\"2017-11-21T14:28:04+00:00\",\"author\":{\"@id\":\"https:\/\/www.welovecycling.com\/sk\/#\/schema\/person\/8ee09ba39b7e25b1870160aa5b3a89bc\"},\"breadcrumb\":{\"@id\":\"https:\/\/www.welovecycling.com\/sk\/2017\/11\/21\/vyber-vhodnej-prvej-vrstvy-do-chladnejsich-podmienok\/#breadcrumb\"},\"inLanguage\":\"sk-SK\",\"potentialAction\":[{\"@type\":\"ReadAction\",\"target\":[\"https:\/\/www.welovecycling.com\/sk\/2017\/11\/21\/vyber-vhodnej-prvej-vrstvy-do-chladnejsich-podmienok\/\"]}]},{\"@type\":\"ImageObject\",\"inLanguage\":\"sk-SK\",\"@id\":\"https:\/\/www.welovecycling.com\/sk\/2017\/11\/21\/vyber-vhodnej-prvej-vrstvy-do-chladnejsich-podmienok\/#primaryimage\",\"url\":\"https:\/\/d2p6e6u75xmxt8.cloudfront.net\/4\/2017\/11\/prva_vrstva-1.webp\",\"contentUrl\":\"https:\/\/d2p6e6u75xmxt8.cloudfront.net\/4\/2017\/11\/prva_vrstva-1.webp\",\"width\":1375,\"height\":600},{\"@type\":\"BreadcrumbList\",\"@id\":\"https:\/\/www.welovecycling.com\/sk\/2017\/11\/21\/vyber-vhodnej-prvej-vrstvy-do-chladnejsich-podmienok\/#breadcrumb\",\"itemListElement\":[{\"@type\":\"ListItem\",\"position\":1,\"name\":\"Home\",\"item\":\"https:\/\/www.welovecycling.com\/sk\/\"},{\"@type\":\"ListItem\",\"position\":2,\"name\":\"V\u00fdber vhodnej prvej vrstvy do chladnej\u0161\u00edch podmienok\"}]},{\"@type\":\"WebSite\",\"@id\":\"https:\/\/www.welovecycling.com\/sk\/#website\",\"url\":\"https:\/\/www.welovecycling.com\/sk\/\",\"name\":\"\u0160koda We Love Cycling Slovensko\",\"description\":\"\u0160koda We Love Cycling Slovensko je v\u00e1\u0161 ka\u017edodenn\u00fd zdroj noviniek a in\u0161pir\u00e1cie z sveta cyklistiky\",\"potentialAction\":[{\"@type\":\"SearchAction\",\"target\":{\"@type\":\"EntryPoint\",\"urlTemplate\":\"https:\/\/www.welovecycling.com\/sk\/?s={search_term_string}\"},\"query-input\":{\"@type\":\"PropertyValueSpecification\",\"valueRequired\":true,\"valueName\":\"search_term_string\"}}],\"inLanguage\":\"sk-SK\"},{\"@type\":\"Person\",\"@id\":\"https:\/\/www.welovecycling.com\/sk\/#\/schema\/person\/8ee09ba39b7e25b1870160aa5b3a89bc\",\"name\":\"Ondrej Ga\u0161par\",\"image\":{\"@type\":\"ImageObject\",\"inLanguage\":\"sk-SK\",\"@id\":\"https:\/\/www.welovecycling.com\/sk\/#\/schema\/person\/image\/\",\"url\":\"https:\/\/secure.gravatar.com\/avatar\/6126c9afb87b70da5abbb083ddbb21933da15f18f8ca7cb822aba0fb096a48f6?s=96&d=mm&r=g\",\"contentUrl\":\"https:\/\/secure.gravatar.com\/avatar\/6126c9afb87b70da5abbb083ddbb21933da15f18f8ca7cb822aba0fb096a48f6?s=96&d=mm&r=g\",\"caption\":\"Ondrej Ga\u0161par\"},\"url\":\"https:\/\/www.welovecycling.com\/sk\/author\/ondrejgaspar\/\"}]}<\/script>\n<!-- \/ Yoast SEO Premium plugin. -->","yoast_head_json":{"title":"V\u00fdber vhodnej prvej vrstvy do chladnej\u0161\u00edch podmienok - \u0160koda We Love Cycling Slovensko","robots":{"index":"index","follow":"follow","max-snippet":"max-snippet:-1","max-image-preview":"max-image-preview:large","max-video-preview":"max-video-preview:-1"},"canonical":"https:\/\/www.welovecycling.com\/sk\/2017\/11\/21\/vyber-vhodnej-prvej-vrstvy-do-chladnejsich-podmienok\/","og_locale":"sk_SK","og_type":"article","og_title":"V\u00fdber vhodnej prvej vrstvy do chladnej\u0161\u00edch podmienok","og_description":"Jazdenie a akt\u00edvny pohyb v chladnej\u0161om obdob\u00ed nemus\u00ed by\u0165 v\u00f4bec o prem\u00e1han\u00ed sa a tr\u00e1pen\u00ed. V tom vie v\u00fdrazne pom\u00f4c\u0165 [&hellip;]","og_url":"https:\/\/www.welovecycling.com\/sk\/2017\/11\/21\/vyber-vhodnej-prvej-vrstvy-do-chladnejsich-podmienok\/","og_site_name":"\u0160koda We Love Cycling Slovensko","article_published_time":"2017-11-21T14:26:49+00:00","article_modified_time":"2017-11-21T14:28:04+00:00","og_image":[{"width":1375,"height":600,"url":"https:\/\/d2p6e6u75xmxt8.cloudfront.net\/4\/2017\/11\/prva_vrstva-1.webp","type":"image\/webp"}],"author":"Ondrej Ga\u0161par","twitter_card":"summary_large_image","twitter_misc":{"Written by":"We Love Cycling","Est. reading time":"4 minutes"},"schema":{"@context":"https:\/\/schema.org","@graph":[{"@type":"WebPage","@id":"https:\/\/www.welovecycling.com\/sk\/2017\/11\/21\/vyber-vhodnej-prvej-vrstvy-do-chladnejsich-podmienok\/","url":"https:\/\/www.welovecycling.com\/sk\/2017\/11\/21\/vyber-vhodnej-prvej-vrstvy-do-chladnejsich-podmienok\/","name":"V\u00fdber vhodnej prvej vrstvy do chladnej\u0161\u00edch podmienok - \u0160koda We Love Cycling Slovensko","isPartOf":{"@id":"https:\/\/www.welovecycling.com\/sk\/#website"},"primaryImageOfPage":{"@id":"https:\/\/www.welovecycling.com\/sk\/2017\/11\/21\/vyber-vhodnej-prvej-vrstvy-do-chladnejsich-podmienok\/#primaryimage"},"image":{"@id":"https:\/\/www.welovecycling.com\/sk\/2017\/11\/21\/vyber-vhodnej-prvej-vrstvy-do-chladnejsich-podmienok\/#primaryimage"},"thumbnailUrl":"https:\/\/d2p6e6u75xmxt8.cloudfront.net\/4\/2017\/11\/prva_vrstva-1.webp","datePublished":"2017-11-21T14:26:49+00:00","dateModified":"2017-11-21T14:28:04+00:00","author":{"@id":"https:\/\/www.welovecycling.com\/sk\/#\/schema\/person\/8ee09ba39b7e25b1870160aa5b3a89bc"},"breadcrumb":{"@id":"https:\/\/www.welovecycling.com\/sk\/2017\/11\/21\/vyber-vhodnej-prvej-vrstvy-do-chladnejsich-podmienok\/#breadcrumb"},"inLanguage":"sk-SK","potentialAction":[{"@type":"ReadAction","target":["https:\/\/www.welovecycling.com\/sk\/2017\/11\/21\/vyber-vhodnej-prvej-vrstvy-do-chladnejsich-podmienok\/"]}]},{"@type":"ImageObject","inLanguage":"sk-SK","@id":"https:\/\/www.welovecycling.com\/sk\/2017\/11\/21\/vyber-vhodnej-prvej-vrstvy-do-chladnejsich-podmienok\/#primaryimage","url":"https:\/\/d2p6e6u75xmxt8.cloudfront.net\/4\/2017\/11\/prva_vrstva-1.webp","contentUrl":"https:\/\/d2p6e6u75xmxt8.cloudfront.net\/4\/2017\/11\/prva_vrstva-1.webp","width":1375,"height":600},{"@type":"BreadcrumbList","@id":"https:\/\/www.welovecycling.com\/sk\/2017\/11\/21\/vyber-vhodnej-prvej-vrstvy-do-chladnejsich-podmienok\/#breadcrumb","itemListElement":[{"@type":"ListItem","position":1,"name":"Home","item":"https:\/\/www.welovecycling.com\/sk\/"},{"@type":"ListItem","position":2,"name":"V\u00fdber vhodnej prvej vrstvy do chladnej\u0161\u00edch podmienok"}]},{"@type":"WebSite","@id":"https:\/\/www.welovecycling.com\/sk\/#website","url":"https:\/\/www.welovecycling.com\/sk\/","name":"\u0160koda We Love Cycling Slovensko","description":"\u0160koda We Love Cycling Slovensko je v\u00e1\u0161 ka\u017edodenn\u00fd zdroj noviniek a in\u0161pir\u00e1cie z sveta cyklistiky","potentialAction":[{"@type":"SearchAction","target":{"@type":"EntryPoint","urlTemplate":"https:\/\/www.welovecycling.com\/sk\/?s={search_term_string}"},"query-input":{"@type":"PropertyValueSpecification","valueRequired":true,"valueName":"search_term_string"}}],"inLanguage":"sk-SK"},{"@type":"Person","@id":"https:\/\/www.welovecycling.com\/sk\/#\/schema\/person\/8ee09ba39b7e25b1870160aa5b3a89bc","name":"Ondrej Ga\u0161par","image":{"@type":"ImageObject","inLanguage":"sk-SK","@id":"https:\/\/www.welovecycling.com\/sk\/#\/schema\/person\/image\/","url":"https:\/\/secure.gravatar.com\/avatar\/6126c9afb87b70da5abbb083ddbb21933da15f18f8ca7cb822aba0fb096a48f6?s=96&d=mm&r=g","contentUrl":"https:\/\/secure.gravatar.com\/avatar\/6126c9afb87b70da5abbb083ddbb21933da15f18f8ca7cb822aba0fb096a48f6?s=96&d=mm&r=g","caption":"Ondrej Ga\u0161par"},"url":"https:\/\/www.welovecycling.com\/sk\/author\/ondrejgaspar\/"}]}},"_links":{"self":[{"href":"https:\/\/www.welovecycling.com\/sk\/wp-json\/wp\/v2\/posts\/2695","targetHints":{"allow":["GET"]}}],"collection":[{"href":"https:\/\/www.welovecycling.com\/sk\/wp-json\/wp\/v2\/posts"}],"about":[{"href":"https:\/\/www.welovecycling.com\/sk\/wp-json\/wp\/v2\/types\/post"}],"author":[{"embeddable":true,"href":"https:\/\/www.welovecycling.com\/sk\/wp-json\/wp\/v2\/users\/38"}],"replies":[{"embeddable":true,"href":"https:\/\/www.welovecycling.com\/sk\/wp-json\/wp\/v2\/comments?post=2695"}],"version-history":[{"count":2,"href":"https:\/\/www.welovecycling.com\/sk\/wp-json\/wp\/v2\/posts\/2695\/revisions"}],"predecessor-version":[{"id":2723,"href":"https:\/\/www.welovecycling.com\/sk\/wp-json\/wp\/v2\/posts\/2695\/revisions\/2723"}],"wp:featuredmedia":[{"embeddable":true,"href":"https:\/\/www.welovecycling.com\/sk\/wp-json\/wp\/v2\/media\/2708"}],"wp:attachment":[{"href":"https:\/\/www.welovecycling.com\/sk\/wp-json\/wp\/v2\/media?parent=2695"}],"wp:term":[{"taxonomy":"category","embeddable":true,"href":"https:\/\/www.welovecycling.com\/sk\/wp-json\/wp\/v2\/categories?post=2695"},{"taxonomy":"post_tag","embeddable":true,"href":"https:\/\/www.welovecycling.com\/sk\/wp-json\/wp\/v2\/tags?post=2695"},{"taxonomy":"global-categories","embeddable":true,"href":"https:\/\/www.welovecycling.com\/sk\/wp-json\/wp\/v2\/global-categories?post=2695"}],"curies":[{"name":"wp","href":"https:\/\/api.w.org\/{rel}","templated":true}]}}