{"id":2623,"date":"2017-11-23T15:28:49","date_gmt":"2017-11-23T14:28:49","guid":{"rendered":"https:\/\/www.welovecycling.com\/sk\/?p=2623"},"modified":"2017-11-21T16:14:32","modified_gmt":"2017-11-21T15:14:32","slug":"we-love-cycling-na-novom-etapaku-dvojic","status":"publish","type":"post","link":"https:\/\/www.welovecycling.com\/sk\/2017\/11\/23\/we-love-cycling-na-novom-etapaku-dvojic\/","title":{"rendered":"\u010clenovia We Love Cycling na novom &#8222;etap\u00e1ku&#8220; dvoj\u00edc v \u010ceskej republike"},"content":{"rendered":"<p><strong>Ke\u010f\u017ee etapov\u00e9 preteky sa st\u00e1vaj\u00fa \u010doraz ob\u013e\u00fabenej\u0161\u00edmi, dvaja \u010dlenovia We Love Cycling &#8211; ambas\u00e1dor Richard Gasperotti a redaktor Adam Mar\u0161al &#8211; sa rozhodli, \u017ee sa z\u00fa\u010dastnia celkom novej eur\u00f3pskej akcie s n\u00e1zvom Masiv. T\u00e1 sa uskuto\u010dnila v \u010ceskej republike.<\/strong> <!--more--><\/p>\n<p>T\u00e1to akcia sa nechala in\u0161pirova\u0165 pretekmi v Chorv\u00e1tsku, ktor\u00e9 pon\u00fakaj\u00fa 4 etapy na 4 ostrovoch pre t\u00edmy zlo\u017een\u00e9 z dvoch jazdcov. Zatia\u013e, \u010do v Chorv\u00e1tsku sa \u013eudia medzi ostrovmi prepravovali lo\u010fou, tak v \u010ceskej republike prepravu cyklistom zabezpe\u010dili vlaky. T\u00fdmto sp\u00f4sobom bolo mo\u017en\u00e9 nav\u0161t\u00edvi\u0165 za \u0161tyri dni r\u00f4zne \u010dasti \u010ceskej republiky s mo\u017enos\u0165ou presp\u00e1va\u0165 vo vlaku.<\/p>\n<div id='gallery-1' class='gallery galleryid-2623 gallery-columns-2 gallery-size-full'><figure class='gallery-item'>\n\t\t\t<div class='gallery-icon landscape'>\n\t\t\t\t<a href='https:\/\/d2p6e6u75xmxt8.cloudfront.net\/4\/2017\/11\/21875967_661959970670125_2047742463_o.webp'><img loading=\"lazy\" decoding=\"async\" width=\"2048\" height=\"1536\" src=\"https:\/\/d2p6e6u75xmxt8.cloudfront.net\/4\/2017\/11\/21875967_661959970670125_2047742463_o.webp\" class=\"attachment-full size-full\" alt=\"\" srcset=\"https:\/\/d2p6e6u75xmxt8.cloudfront.net\/4\/2017\/11\/21875967_661959970670125_2047742463_o.webp 2048w, https:\/\/d2p6e6u75xmxt8.cloudfront.net\/4\/2017\/11\/21875967_661959970670125_2047742463_o-300x225.webp 300w, https:\/\/d2p6e6u75xmxt8.cloudfront.net\/4\/2017\/11\/21875967_661959970670125_2047742463_o-1024x768.webp 1024w, https:\/\/d2p6e6u75xmxt8.cloudfront.net\/4\/2017\/11\/21875967_661959970670125_2047742463_o-768x576.webp 768w, https:\/\/d2p6e6u75xmxt8.cloudfront.net\/4\/2017\/11\/21875967_661959970670125_2047742463_o-1536x1152.webp 1536w, https:\/\/d2p6e6u75xmxt8.cloudfront.net\/4\/2017\/11\/21875967_661959970670125_2047742463_o-1920x1440.webp 1920w, https:\/\/d2p6e6u75xmxt8.cloudfront.net\/4\/2017\/11\/21875967_661959970670125_2047742463_o-1920x1440.webp 1920w\" sizes=\"auto, (max-width: 2048px) 100vw, 2048px\" \/><\/a>\n\t\t\t<\/div><\/figure><figure class='gallery-item'>\n\t\t\t<div class='gallery-icon landscape'>\n\t\t\t\t<a href='https:\/\/d2p6e6u75xmxt8.cloudfront.net\/4\/2017\/11\/21895073_662161983983257_1013009591_o.webp'><img loading=\"lazy\" decoding=\"async\" width=\"1334\" height=\"1000\" src=\"https:\/\/d2p6e6u75xmxt8.cloudfront.net\/4\/2017\/11\/21895073_662161983983257_1013009591_o.webp\" class=\"attachment-full size-full\" alt=\"\" srcset=\"https:\/\/d2p6e6u75xmxt8.cloudfront.net\/4\/2017\/11\/21895073_662161983983257_1013009591_o.webp 1334w, https:\/\/d2p6e6u75xmxt8.cloudfront.net\/4\/2017\/11\/21895073_662161983983257_1013009591_o-300x225.webp 300w, https:\/\/d2p6e6u75xmxt8.cloudfront.net\/4\/2017\/11\/21895073_662161983983257_1013009591_o-1024x768.webp 1024w, https:\/\/d2p6e6u75xmxt8.cloudfront.net\/4\/2017\/11\/21895073_662161983983257_1013009591_o-768x576.webp 768w\" sizes=\"auto, (max-width: 1334px) 100vw, 1334px\" \/><\/a>\n\t\t\t<\/div><\/figure><figure class='gallery-item'>\n\t\t\t<div class='gallery-icon landscape'>\n\t\t\t\t<a href='https:\/\/d2p6e6u75xmxt8.cloudfront.net\/4\/2017\/11\/21908153_662161987316590_1891748988_o.webp'><img loading=\"lazy\" decoding=\"async\" width=\"1334\" height=\"1000\" src=\"https:\/\/d2p6e6u75xmxt8.cloudfront.net\/4\/2017\/11\/21908153_662161987316590_1891748988_o.webp\" class=\"attachment-full size-full\" alt=\"\" srcset=\"https:\/\/d2p6e6u75xmxt8.cloudfront.net\/4\/2017\/11\/21908153_662161987316590_1891748988_o.webp 1334w, https:\/\/d2p6e6u75xmxt8.cloudfront.net\/4\/2017\/11\/21908153_662161987316590_1891748988_o-300x225.webp 300w, https:\/\/d2p6e6u75xmxt8.cloudfront.net\/4\/2017\/11\/21908153_662161987316590_1891748988_o-1024x768.webp 1024w, https:\/\/d2p6e6u75xmxt8.cloudfront.net\/4\/2017\/11\/21908153_662161987316590_1891748988_o-768x576.webp 768w\" sizes=\"auto, (max-width: 1334px) 100vw, 1334px\" \/><\/a>\n\t\t\t<\/div><\/figure>\n\t\t<\/div>\n\n<p><a href=\"https:\/\/d2p6e6u75xmxt8.cloudfront.net\/4\/2017\/11\/21895177_662162000649922_1909698436_o.jpg\"><img loading=\"lazy\" decoding=\"async\" class=\"size-full wp-image-2624\" src=\"https:\/\/d2p6e6u75xmxt8.cloudfront.net\/4\/2017\/11\/21895177_662162000649922_1909698436_o.jpg\" alt=\"\" width=\"1334\" height=\"750\" \/><\/a><\/p>\n<h2><strong>Prv\u00e1 etapa\u00a0<\/strong><\/h2>\n<p><strong><em>73 kilometrov s prev\u00fd\u0161en\u00edm 1 600 metrov<\/em><\/strong><\/p>\n<p>Trasa prvej etapy bola navrhnut\u00e1 tak, aby prech\u00e1dzala lesom okolo historick\u00e9ho po\u013eovn\u00edckeho hradu K\u0159ivokl\u00e1t, postaven\u00e9ho \u00a0v\u00a014. storo\u010d\u00ed. \u00da\u010dastn\u00edci z\u00a0cudz\u00edch kraj\u00edn boli milo prekvapen\u00ed skvel\u00fdmi trasami, tak bl\u00edzko hlavn\u00e9ho mesta Prahy. Najlep\u0161\u00edm t\u00edmom prv\u00e1 etapa zabrala menej ako tri hodiny, no n\u00e1m to trvalo 4 hodiny a\u00a045 min\u00fat. Richard je s\u00edce MTB freerider, no ja som leniv\u00fd zanepr\u00e1zdnen\u00fd autor &#8211; z kancel\u00e1rie som sa na bike tento rok dostal iba \u0161tyrikr\u00e1t.<\/p>\n<div id='gallery-2' class='gallery galleryid-2623 gallery-columns-2 gallery-size-full'><figure class='gallery-item'>\n\t\t\t<div class='gallery-icon landscape'>\n\t\t\t\t<a href='https:\/\/d2p6e6u75xmxt8.cloudfront.net\/4\/2017\/11\/21895237_662162040649918_181489005_o.webp'><img loading=\"lazy\" decoding=\"async\" width=\"1334\" height=\"1000\" src=\"https:\/\/d2p6e6u75xmxt8.cloudfront.net\/4\/2017\/11\/21895237_662162040649918_181489005_o.webp\" class=\"attachment-full size-full\" alt=\"\" srcset=\"https:\/\/d2p6e6u75xmxt8.cloudfront.net\/4\/2017\/11\/21895237_662162040649918_181489005_o.webp 1334w, https:\/\/d2p6e6u75xmxt8.cloudfront.net\/4\/2017\/11\/21895237_662162040649918_181489005_o-300x225.webp 300w, https:\/\/d2p6e6u75xmxt8.cloudfront.net\/4\/2017\/11\/21895237_662162040649918_181489005_o-1024x768.webp 1024w, https:\/\/d2p6e6u75xmxt8.cloudfront.net\/4\/2017\/11\/21895237_662162040649918_181489005_o-768x576.webp 768w\" sizes=\"auto, (max-width: 1334px) 100vw, 1334px\" \/><\/a>\n\t\t\t<\/div><\/figure><figure class='gallery-item'>\n\t\t\t<div class='gallery-icon landscape'>\n\t\t\t\t<a href='https:\/\/d2p6e6u75xmxt8.cloudfront.net\/4\/2017\/11\/21931171_662162027316586_1998727413_o.webp'><img loading=\"lazy\" decoding=\"async\" width=\"1334\" height=\"1000\" src=\"https:\/\/d2p6e6u75xmxt8.cloudfront.net\/4\/2017\/11\/21931171_662162027316586_1998727413_o.webp\" class=\"attachment-full size-full\" alt=\"\" srcset=\"https:\/\/d2p6e6u75xmxt8.cloudfront.net\/4\/2017\/11\/21931171_662162027316586_1998727413_o.webp 1334w, https:\/\/d2p6e6u75xmxt8.cloudfront.net\/4\/2017\/11\/21931171_662162027316586_1998727413_o-300x225.webp 300w, https:\/\/d2p6e6u75xmxt8.cloudfront.net\/4\/2017\/11\/21931171_662162027316586_1998727413_o-1024x768.webp 1024w, https:\/\/d2p6e6u75xmxt8.cloudfront.net\/4\/2017\/11\/21931171_662162027316586_1998727413_o-768x576.webp 768w\" sizes=\"auto, (max-width: 1334px) 100vw, 1334px\" \/><\/a>\n\t\t\t<\/div><\/figure>\n\t\t<\/div>\n\n<p class=\"mceTemp\"><a href=\"https:\/\/d2p6e6u75xmxt8.cloudfront.net\/4\/2017\/11\/21886736_662162023983253_1245578137_o.jpg\"><img loading=\"lazy\" decoding=\"async\" class=\"size-full wp-image-2626\" src=\"https:\/\/d2p6e6u75xmxt8.cloudfront.net\/4\/2017\/11\/21886736_662162023983253_1245578137_o.jpg\" alt=\"\" width=\"1334\" height=\"1000\" \/><\/a><\/p>\n<p class=\"mceTemp\">By\u0165 na dne, nie je ten spr\u00e1vny v\u00fdraz, ale je to prv\u00e1 vec, \u010do ma napadla. V\u0161etko, \u010do by ste od takejto akcie o\u010dak\u00e1vali s\u00fa dlh\u00e9 st\u00fapania a technicky n\u00e1ro\u010dn\u00e9 zjazdy. Na moje prekvapenie to tak nebolo, t\u00e1 najhor\u0161ia chv\u00ed\u013ea nastala, ke\u010f na m\u0148a po\u010das pretekov za\u00fato\u010dil obrovsk\u00fd roj sr\u0161\u0148ov. Jeden z nich ma dokonca bodol do ruky, na\u0161\u0165astie sa mi ho druhou rukou podarilo za jazdy odohna\u0165. Posledn\u00fdch 10km bolo zradn\u00fdch, objavil sa d\u00e1\u017e\u010f a my sme si prest\u00e1vali veri\u0165. Nakoniec sme to zvl\u00e1dli, v cieli sme si dopriali zasl\u00fa\u017een\u00fa hor\u00facu sprchu a pripojili sa k ostatn\u00fdm na vlak do \u010fal\u0161ieho miesta.<\/p>\n<p><a href=\"https:\/\/d2p6e6u75xmxt8.cloudfront.net\/4\/2017\/11\/21908798_662551997277589_864475741_o.jpg\"><img loading=\"lazy\" decoding=\"async\" class=\"size-full wp-image-2628\" src=\"https:\/\/d2p6e6u75xmxt8.cloudfront.net\/4\/2017\/11\/21908798_662551997277589_864475741_o.jpg\" alt=\"\" width=\"2048\" height=\"1536\" \/><\/a><\/p>\n<h2><strong>Druh\u00e1 etapa<\/strong><\/h2>\n<p><strong><em>50 kilometrov s prev\u00fd\u0161en\u00edm 1 900 metrov<\/em><\/strong><\/p>\n<p>\u010ealej sme sa vybrali vlakom do Ju\u017en\u00fdch \u010ciech ku hranici s\u00a0Nemeckom. N\u00e1jdete tu \u0160umavsk\u00e9 pohorie naz\u00fdvan\u00e9 &#8211; \u0160umava. Ve\u013ek\u00e1 \u010das\u0165 h\u00f4r je tu z\u00e1konom chr\u00e1nen\u00e1 a nebolo jednoduch\u00e9 pre organiz\u00e1torov navrhn\u00fa\u0165 trasu.<\/p>\n<div id='gallery-3' class='gallery galleryid-2623 gallery-columns-2 gallery-size-full'><figure class='gallery-item'>\n\t\t\t<div class='gallery-icon landscape'>\n\t\t\t\t<a href='https:\/\/d2p6e6u75xmxt8.cloudfront.net\/4\/2017\/11\/21908101_662552023944253_887542179_o.webp'><img loading=\"lazy\" decoding=\"async\" width=\"2048\" height=\"1536\" src=\"https:\/\/d2p6e6u75xmxt8.cloudfront.net\/4\/2017\/11\/21908101_662552023944253_887542179_o.webp\" class=\"attachment-full size-full\" alt=\"\" srcset=\"https:\/\/d2p6e6u75xmxt8.cloudfront.net\/4\/2017\/11\/21908101_662552023944253_887542179_o.webp 2048w, https:\/\/d2p6e6u75xmxt8.cloudfront.net\/4\/2017\/11\/21908101_662552023944253_887542179_o-300x225.webp 300w, https:\/\/d2p6e6u75xmxt8.cloudfront.net\/4\/2017\/11\/21908101_662552023944253_887542179_o-1024x768.webp 1024w, https:\/\/d2p6e6u75xmxt8.cloudfront.net\/4\/2017\/11\/21908101_662552023944253_887542179_o-768x576.webp 768w, https:\/\/d2p6e6u75xmxt8.cloudfront.net\/4\/2017\/11\/21908101_662552023944253_887542179_o-1536x1152.webp 1536w, https:\/\/d2p6e6u75xmxt8.cloudfront.net\/4\/2017\/11\/21908101_662552023944253_887542179_o-1920x1440.webp 1920w, https:\/\/d2p6e6u75xmxt8.cloudfront.net\/4\/2017\/11\/21908101_662552023944253_887542179_o-1920x1440.webp 1920w\" sizes=\"auto, (max-width: 2048px) 100vw, 2048px\" \/><\/a>\n\t\t\t<\/div><\/figure><figure class='gallery-item'>\n\t\t\t<div class='gallery-icon landscape'>\n\t\t\t\t<a href='https:\/\/d2p6e6u75xmxt8.cloudfront.net\/4\/2017\/11\/21908781_662552030610919_840250981_o.webp'><img loading=\"lazy\" decoding=\"async\" width=\"2048\" height=\"1536\" src=\"https:\/\/d2p6e6u75xmxt8.cloudfront.net\/4\/2017\/11\/21908781_662552030610919_840250981_o.webp\" class=\"attachment-full size-full\" alt=\"\" srcset=\"https:\/\/d2p6e6u75xmxt8.cloudfront.net\/4\/2017\/11\/21908781_662552030610919_840250981_o.webp 2048w, https:\/\/d2p6e6u75xmxt8.cloudfront.net\/4\/2017\/11\/21908781_662552030610919_840250981_o-300x225.webp 300w, https:\/\/d2p6e6u75xmxt8.cloudfront.net\/4\/2017\/11\/21908781_662552030610919_840250981_o-1024x768.webp 1024w, https:\/\/d2p6e6u75xmxt8.cloudfront.net\/4\/2017\/11\/21908781_662552030610919_840250981_o-768x576.webp 768w, https:\/\/d2p6e6u75xmxt8.cloudfront.net\/4\/2017\/11\/21908781_662552030610919_840250981_o-1536x1152.webp 1536w, https:\/\/d2p6e6u75xmxt8.cloudfront.net\/4\/2017\/11\/21908781_662552030610919_840250981_o-1920x1440.webp 1920w, https:\/\/d2p6e6u75xmxt8.cloudfront.net\/4\/2017\/11\/21908781_662552030610919_840250981_o-1920x1440.webp 1920w\" sizes=\"auto, (max-width: 2048px) 100vw, 2048px\" \/><\/a>\n\t\t\t<\/div><\/figure>\n\t\t<\/div>\n\n<p>Z\u00e1kladn\u00fd t\u00e1bor postavili bl\u00edzko \u017eelezni\u010dnej stanice \u0160pi\u010d\u00e1k. \u010casov\u00fd limit na dokon\u010denie druhej etapy bol stanoven\u00fd na 4 a\u00a0pol hodiny. Niektor\u00e9 \u00faseky boli ve\u013emi strm\u00e9, a tak sme boli n\u00faten\u00ed ve\u013ea tla\u010di\u0165. Aby toho nebolo m\u00e1lo e\u0161te som aj ochorel. Do cie\u013ea sme nakoniec dorazili len dve min\u00faty pred limitom, bol som \u00faplne vy\u010derpan\u00fd a po n\u00e1ro\u010dnej etape op\u00e4\u0165 nasledovala hor\u00faca sprcha, jedlo a sp\u00e1nok vo vlaku.<\/p>\n<p><a href=\"https:\/\/d2p6e6u75xmxt8.cloudfront.net\/4\/2017\/11\/21931814_662552057277583_493517791_o.jpg\"><img loading=\"lazy\" decoding=\"async\" class=\"alignnone size-full wp-image-2630\" src=\"https:\/\/d2p6e6u75xmxt8.cloudfront.net\/4\/2017\/11\/21931814_662552057277583_493517791_o.jpg\" alt=\"\" width=\"2048\" height=\"1536\" \/><\/a><\/p>\n<p><strong><em>Po dvoch n\u00e1ro\u010dn\u00fdch etap\u00e1ch Adam Mar\u0161al bojuje s chorobou a div\u00fdmi sr\u0161\u0148ami. Nasleduje v\u0161ak svojho kamar\u00e1ta Richarda Gasperottiho pri \u00fatrpnom zdol\u00e1van\u00ed trate. Bud\u00fa bojova\u0165 a\u017e do konca?<\/em><\/strong><\/p>\n<h2><strong>Tretia etapa<\/strong><\/h2>\n<p><strong><em>33 kilometrov s prev\u00fd\u0161en\u00edm 1 600 metrov<\/em><\/strong><\/p>\n<p>\u010eal\u0161ia etapa sa odohr\u00e1vala v meste Mari\u00e1nske L\u00e1z\u0148e. Nastalo r\u00e1no a po druhej etape som \u00faplne rozbit\u00fd. Sed\u00edm so \u0161\u00e1lkou k\u00e1vy v jed\u00e1lenskom vozni a prem\u00fd\u0161\u013eam. \u201cNe\u0161kodn\u00e1\u201d choroba, s ktorou som v posledn\u00fdch d\u0148och bojoval prer\u00e1stla do nepr\u00edjemnej chr\u00edpky. Existovali len dve veci, na ktor\u00e9 som dok\u00e1zal myslie\u0165. Prv\u00e1 bola, \u017ee som sa c\u00edtil naozaj biedne a \u010fal\u0161ia, \u017ee napriek tomu mus\u00edm pokra\u010dova\u0165.<\/p>\n<div id='gallery-4' class='gallery galleryid-2623 gallery-columns-2 gallery-size-full'><figure class='gallery-item'>\n\t\t\t<div class='gallery-icon landscape'>\n\t\t\t\t<a href='https:\/\/d2p6e6u75xmxt8.cloudfront.net\/4\/2017\/11\/GOPR2068.webp'><img loading=\"lazy\" decoding=\"async\" width=\"889\" height=\"667\" src=\"https:\/\/d2p6e6u75xmxt8.cloudfront.net\/4\/2017\/11\/GOPR2068.webp\" class=\"attachment-full size-full\" alt=\"\" srcset=\"https:\/\/d2p6e6u75xmxt8.cloudfront.net\/4\/2017\/11\/GOPR2068.webp 889w, https:\/\/d2p6e6u75xmxt8.cloudfront.net\/4\/2017\/11\/GOPR2068-300x225.webp 300w, https:\/\/d2p6e6u75xmxt8.cloudfront.net\/4\/2017\/11\/GOPR2068-768x576.webp 768w\" sizes=\"auto, (max-width: 889px) 100vw, 889px\" \/><\/a>\n\t\t\t<\/div><\/figure><figure class='gallery-item'>\n\t\t\t<div class='gallery-icon landscape'>\n\t\t\t\t<a href='https:\/\/d2p6e6u75xmxt8.cloudfront.net\/4\/2017\/11\/GOPR2330.webp'><img loading=\"lazy\" decoding=\"async\" width=\"889\" height=\"667\" src=\"https:\/\/d2p6e6u75xmxt8.cloudfront.net\/4\/2017\/11\/GOPR2330.webp\" class=\"attachment-full size-full\" alt=\"\" srcset=\"https:\/\/d2p6e6u75xmxt8.cloudfront.net\/4\/2017\/11\/GOPR2330.webp 889w, https:\/\/d2p6e6u75xmxt8.cloudfront.net\/4\/2017\/11\/GOPR2330-300x225.webp 300w, https:\/\/d2p6e6u75xmxt8.cloudfront.net\/4\/2017\/11\/GOPR2330-768x576.webp 768w\" sizes=\"auto, (max-width: 889px) 100vw, 889px\" \/><\/a>\n\t\t\t<\/div><\/figure>\n\t\t<\/div>\n\n<p>Kopcovit\u00e1 krajina ma priviedla k n\u00e1padu, \u010di nevymeni\u0165 s\u00fa\u010dasn\u00fd 32-zubov\u00fd prevodn\u00edk za 22-zubov\u00fd. Bolesti v noh\u00e1ch mi nahov\u00e1rali v\u00fdmenu. Chlapi okolo m\u0148a sa usmievali za moje mal\u00e9 ozuben\u00e9 koliesko &#8211; ja prem\u00fd\u0161\u013eam ako budem \u0161liapa\u0165 na rovn\u00fdch \u00fasekoch. Ale v tejto etape na tom nez\u00e1le\u017ealo, preto\u017ee \u017eiadna rovina v nej nebola.<\/p>\n<p><a href=\"https:\/\/d2p6e6u75xmxt8.cloudfront.net\/4\/2017\/11\/GOPR2356-1.jpg\"><img loading=\"lazy\" decoding=\"async\" class=\"size-full wp-image-2664\" src=\"https:\/\/d2p6e6u75xmxt8.cloudfront.net\/4\/2017\/11\/GOPR2356-1.jpg\" alt=\"\" width=\"889\" height=\"667\" \/><\/a><\/p>\n<p>Etapa bola ve\u013emi \u0161peci\u00e1lna, pozost\u00e1vala zo \u0161tyroch 8 kilometrov\u00fdch okruhov. Za\u010dali sme z centra u\u017e spom\u00ednan\u00fdch Mari\u00e1nskych L\u00e1zn\u00ed. Okolo n\u00e1s st\u00e1li davy nemeck\u00fdch turistov a priali n\u00e1m ve\u013ea \u0161\u0165astia. Na \u0161tartovacej \u010diare u\u017e p\u00e1r t\u00edmov ch\u00fdbalo, no st\u00e1le ost\u00e1vala ve\u013ea \u010fal\u0161\u00edch, s ktor\u00fdmi bolo mo\u017en\u00e9 bojova\u0165. Po nieko\u013ek\u00fdch metroch po \u0161tarte sme sa dostali do ly\u017eiarskeho strediska, kde na n\u00e1s \u010dakal strm\u00fd svah a blato. Netrvalo dlho, k\u00fdm najlep\u0161\u00ed jazdci zmizli z doh\u013eadu. Ostal som tam s\u00e1m, teda takmer s\u00e1m, st\u00e1le tu so mnou bol Gaspi. Napriek sile, ktor\u00fa som do \u0161liapania vkladal, zdalo sa mi, akoby som st\u00e1l na jednom mieste. Cesta bola \u0161myk\u013eav\u00e1 a do blata sa mi zab\u00e1rali koles\u00e1. Na\u010falej som nasledoval Gaspiho a nevzd\u00e1val to.<\/p>\n<div id='gallery-5' class='gallery galleryid-2623 gallery-columns-2 gallery-size-full'><figure class='gallery-item'>\n\t\t\t<div class='gallery-icon landscape'>\n\t\t\t\t<a href='https:\/\/d2p6e6u75xmxt8.cloudfront.net\/4\/2017\/11\/GOPR2380-1.webp'><img loading=\"lazy\" decoding=\"async\" width=\"889\" height=\"667\" src=\"https:\/\/d2p6e6u75xmxt8.cloudfront.net\/4\/2017\/11\/GOPR2380-1.webp\" class=\"attachment-full size-full\" alt=\"\" srcset=\"https:\/\/d2p6e6u75xmxt8.cloudfront.net\/4\/2017\/11\/GOPR2380-1.webp 889w, https:\/\/d2p6e6u75xmxt8.cloudfront.net\/4\/2017\/11\/GOPR2380-1-300x225.webp 300w, https:\/\/d2p6e6u75xmxt8.cloudfront.net\/4\/2017\/11\/GOPR2380-1-768x576.webp 768w\" sizes=\"auto, (max-width: 889px) 100vw, 889px\" \/><\/a>\n\t\t\t<\/div><\/figure><figure class='gallery-item'>\n\t\t\t<div class='gallery-icon landscape'>\n\t\t\t\t<a href='https:\/\/d2p6e6u75xmxt8.cloudfront.net\/4\/2017\/11\/GOPR2357.webp'><img loading=\"lazy\" decoding=\"async\" width=\"889\" height=\"667\" src=\"https:\/\/d2p6e6u75xmxt8.cloudfront.net\/4\/2017\/11\/GOPR2357.webp\" class=\"attachment-full size-full\" alt=\"\" srcset=\"https:\/\/d2p6e6u75xmxt8.cloudfront.net\/4\/2017\/11\/GOPR2357.webp 889w, https:\/\/d2p6e6u75xmxt8.cloudfront.net\/4\/2017\/11\/GOPR2357-300x225.webp 300w, https:\/\/d2p6e6u75xmxt8.cloudfront.net\/4\/2017\/11\/GOPR2357-768x576.webp 768w\" sizes=\"auto, (max-width: 889px) 100vw, 889px\" \/><\/a>\n\t\t\t<\/div><\/figure>\n\t\t<\/div>\n\n<div id='gallery-6' class='gallery galleryid-2623 gallery-columns-2 gallery-size-full'><figure class='gallery-item'>\n\t\t\t<div class='gallery-icon landscape'>\n\t\t\t\t<a href='https:\/\/d2p6e6u75xmxt8.cloudfront.net\/4\/2017\/11\/GOPR2363.webp'><img loading=\"lazy\" decoding=\"async\" width=\"889\" height=\"667\" src=\"https:\/\/d2p6e6u75xmxt8.cloudfront.net\/4\/2017\/11\/GOPR2363.webp\" class=\"attachment-full size-full\" alt=\"\" srcset=\"https:\/\/d2p6e6u75xmxt8.cloudfront.net\/4\/2017\/11\/GOPR2363.webp 889w, https:\/\/d2p6e6u75xmxt8.cloudfront.net\/4\/2017\/11\/GOPR2363-300x225.webp 300w, https:\/\/d2p6e6u75xmxt8.cloudfront.net\/4\/2017\/11\/GOPR2363-768x576.webp 768w\" sizes=\"auto, (max-width: 889px) 100vw, 889px\" \/><\/a>\n\t\t\t<\/div><\/figure><figure class='gallery-item'>\n\t\t\t<div class='gallery-icon landscape'>\n\t\t\t\t<a href='https:\/\/d2p6e6u75xmxt8.cloudfront.net\/4\/2017\/11\/GOPR2400.webp'><img loading=\"lazy\" decoding=\"async\" width=\"889\" height=\"667\" src=\"https:\/\/d2p6e6u75xmxt8.cloudfront.net\/4\/2017\/11\/GOPR2400.webp\" class=\"attachment-full size-full\" alt=\"\" srcset=\"https:\/\/d2p6e6u75xmxt8.cloudfront.net\/4\/2017\/11\/GOPR2400.webp 889w, https:\/\/d2p6e6u75xmxt8.cloudfront.net\/4\/2017\/11\/GOPR2400-300x225.webp 300w, https:\/\/d2p6e6u75xmxt8.cloudfront.net\/4\/2017\/11\/GOPR2400-768x576.webp 768w\" sizes=\"auto, (max-width: 889px) 100vw, 889px\" \/><\/a>\n\t\t\t<\/div><\/figure>\n\t\t<\/div>\n\n<p>V tomto okamihu som pochopil cel\u00fa my\u0161lienku pretekania vo dvojici. Nie je to len o pomocnej ruke, ke\u010f sa zran\u00edte alebo sa strat\u00edte niekde v lese. My\u0161lienka bola, aby sa pretek\u00e1ri navz\u00e1jom podporovali a neopustili jeden druh\u00e9ho. Preto\u017ee, keby to jeden vzdal, bol by zodpovedn\u00fd nie len za svoj ne\u00faspech, ale za ne\u00faspech t\u00edmu.<\/p>\n<p>Napriek ve\u013ekej podpore Gaspiho sme dosiahli cie\u013eov\u00fa \u010diaru pribli\u017ene 14 min\u00fat po \u010dasovom limite. \u00daplne vy\u010derpan\u00fd som chytil pivo do ruky a osl\u00e1vil koniec m\u00f4jho mu\u010denia. Bol som si vedom\u00fd, \u017ee to bolo mojou vinou. V tom momente som si uvedomil, \u017ee bez d\u00f4kladn\u00e9ho a dlhodob\u00e9ho tr\u00e9ningu bola \u00fa\u010das\u0165 na tak\u00fdchto pretekoch \u00fapln\u00fdm \u0161ialenstvom. Od tohto momentu maj\u00fa v\u0161etci pretek\u00e1ri u m\u0148a obrovsk\u00fa \u00factu.<\/p>\n<p>Presunuli sme sa na vlakov\u00fa stanicu, aby sme vyrazili do z\u00e1vere\u010dnej etapy. Aj napriek tomu, \u017ee sme vypadli z poradia, m\u00f4\u017eeme sa z\u00fa\u010dastni\u0165. Zobral som si so sebou v\u0161etky dostupn\u00e9 lieky, \u013eahol do postele a d\u00fafal, \u017ee na druh\u00fd de\u0148 mi bude lep\u0161ie.<\/p>\n<h2><strong>\u0160tvrt\u00e1 etapa<\/strong><\/h2>\n<p><strong><em>67 kilometrov s prev\u00fd\u0161en\u00edm 2 100 metrov<\/em><\/strong><\/p>\n<p>Na poslednej etape sa pretek\u00e1ri z Mas\u00edvu preb\u00fadzali v priemyselnom meste Most v severn\u00fdch \u010cech\u00e1ch. Obklopovali n\u00e1s tmav\u00e9 budovy pohlten\u00e9 v hmle. Chcel som \u00eds\u0165 posledn\u00fa etapu ale c\u00edtil som sa ve\u013emi slabo, tak\u017ee my\u0161lienka o \u00fa\u010dasti sa zdala by\u0165 \u010doraz nere\u00e1lnej\u0161ia.<\/p>\n<p><a href=\"https:\/\/d2p6e6u75xmxt8.cloudfront.net\/4\/2017\/11\/GOPR2406.jpg\"><img loading=\"lazy\" decoding=\"async\" class=\"size-full wp-image-2669\" src=\"https:\/\/d2p6e6u75xmxt8.cloudfront.net\/4\/2017\/11\/GOPR2406.jpg\" alt=\"\" width=\"889\" height=\"667\" \/><\/a><\/p>\n<p>Av\u0161ak, \u0161\u00e1lka \u010diernej k\u00e1vy zmenila v\u0161etko. Kofe\u00edn pomaly prech\u00e1dzal mojimi \u017eilami a postupne ma nabudil na \u0161tart. Pomaly som sa teda obliekal do cyklistick\u00e9ho dresu. Vyst\u00fapil som z vlaku, kde ma u\u017e \u010dakal m\u00f4j kamar\u00e1t Gaspi. Za\u0165al som zuby, nasadol na bicykel a vyrazili sme.<\/p>\n<p><a href=\"https:\/\/d2p6e6u75xmxt8.cloudfront.net\/4\/2017\/11\/GOPR2386-1.jpg\"><img loading=\"lazy\" decoding=\"async\" class=\"size-full wp-image-2670\" src=\"https:\/\/d2p6e6u75xmxt8.cloudfront.net\/4\/2017\/11\/GOPR2386-1.jpg\" alt=\"\" width=\"889\" height=\"667\" \/><\/a><\/p>\n<p>Cie\u013eov\u00e1 rovinka sa nach\u00e1dzala e\u0161te dva kopce pred nami, \u010do predstavovalo asi 47 kilometrov. Tam na n\u00e1s \u010dakali najprud\u0161ie v\u00fdstupy. Posilnil som sa su\u0161en\u00fdm m\u00e4som a pokra\u010doval. Pozeral som okolo seba a pok\u00fa\u0161al zabudn\u00fa\u0165, ak\u00e1 dlh\u00e1 cesta n\u00e1s e\u0161te \u010dak\u00e1. Po\u010das jazdy som si spieval a sledoval vt\u00e1ky na oblohe. Okrem Gaspiho spolo\u010dnosti sme mali v na\u0161ej skupine aj slovensk\u00e9ho jazdca Maja. V tomto medzin\u00e1rodnom \u201czmie\u0161anom\u201d t\u00edme sme pokra\u010dovali do z\u00e1vere\u010dnej f\u00e1zy dne\u0161nej etapy a z dia\u013eky u\u017e bolo po\u010du\u0165 na\u0161e men\u00e1. Cie\u013e je pred nami, dok\u00e1zali sme to!<\/p>\n<p><a href=\"https:\/\/d2p6e6u75xmxt8.cloudfront.net\/4\/2017\/11\/G0032199.jpg\"><img loading=\"lazy\" decoding=\"async\" class=\"size-full wp-image-2671\" src=\"https:\/\/d2p6e6u75xmxt8.cloudfront.net\/4\/2017\/11\/G0032199.jpg\" alt=\"\" width=\"889\" height=\"667\" \/><\/a><\/p>\n<p><a href=\"https:\/\/d2p6e6u75xmxt8.cloudfront.net\/4\/2017\/11\/G0052242.jpg\"><img loading=\"lazy\" decoding=\"async\" class=\"size-full wp-image-2672\" src=\"https:\/\/d2p6e6u75xmxt8.cloudfront.net\/4\/2017\/11\/G0052242.jpg\" alt=\"\" width=\"889\" height=\"667\" \/><\/a><\/p>\n<p><a href=\"http:\/\/masivmtbrace.cz\/\" target=\"_blank\" rel=\"noopener\"><strong>Masiv MTB stage race<\/strong><\/a><\/p>\n","protected":false},"excerpt":{"rendered":"<p>Ke\u010f\u017ee etapov\u00e9 preteky sa st\u00e1vaj\u00fa \u010doraz ob\u013e\u00fabenej\u0161\u00edmi, dvaja \u010dlenovia We Love Cycling &#8211; ambas\u00e1dor Richard Gasperotti a redaktor Adam Mar\u0161al [&hellip;]<\/p>\n","protected":false},"author":38,"featured_media":2632,"comment_status":"open","ping_status":"open","sticky":false,"template":"","format":"standard","meta":{"footnotes":""},"categories":[47,3,34,118],"tags":[330,331,328,329],"global-categories":[],"class_list":["post-2623","post","type-post","status-publish","format-standard","has-post-thumbnail","hentry","category-adrenalin","category-mtb","category-podujatia","category-zabava","tag-adam-marsal","tag-etapove-preteky","tag-masiv","tag-richard-gasperotti"],"yoast_head":"<!-- This site is optimized with the Yoast SEO Premium plugin v25.3 (Yoast SEO v25.9) - https:\/\/yoast.com\/wordpress\/plugins\/seo\/ -->\n<title>\u010clenovia We Love Cycling na novom &quot;etap\u00e1ku&quot; dvoj\u00edc v \u010ceskej republike - \u0160koda We Love Cycling Slovensko<\/title>\n<meta name=\"robots\" content=\"index, follow, max-snippet:-1, max-image-preview:large, max-video-preview:-1\" \/>\n<link rel=\"canonical\" href=\"https:\/\/www.welovecycling.com\/sk\/2017\/11\/23\/we-love-cycling-na-novom-etapaku-dvojic\/\" \/>\n<meta property=\"og:locale\" content=\"sk_SK\" \/>\n<meta property=\"og:type\" content=\"article\" \/>\n<meta property=\"og:title\" content=\"\u010clenovia We Love Cycling na novom &quot;etap\u00e1ku&quot; dvoj\u00edc v \u010ceskej republike\" \/>\n<meta property=\"og:description\" content=\"Ke\u010f\u017ee etapov\u00e9 preteky sa st\u00e1vaj\u00fa \u010doraz ob\u013e\u00fabenej\u0161\u00edmi, dvaja \u010dlenovia We Love Cycling &#8211; ambas\u00e1dor Richard Gasperotti a redaktor Adam Mar\u0161al [&hellip;]\" \/>\n<meta property=\"og:url\" content=\"https:\/\/www.welovecycling.com\/sk\/2017\/11\/23\/we-love-cycling-na-novom-etapaku-dvojic\/\" \/>\n<meta property=\"og:site_name\" content=\"\u0160koda We Love Cycling Slovensko\" \/>\n<meta property=\"article:published_time\" content=\"2017-11-23T14:28:49+00:00\" \/>\n<meta name=\"author\" content=\"Ondrej Ga\u0161par\" \/>\n<meta name=\"twitter:card\" content=\"summary_large_image\" \/>\n<meta name=\"twitter:image\" content=\"https:\/\/d2p6e6u75xmxt8.cloudfront.net\/4\/2017\/11\/masivcover.webp\" \/>\n<meta name=\"twitter:label1\" content=\"Written by\" \/>\n\t<meta name=\"twitter:data1\" content=\"Adam Mar\u0161al\" \/>\n\t<meta name=\"twitter:label2\" content=\"Est. reading time\" \/>\n\t<meta name=\"twitter:data2\" content=\"7 minutes\" \/>\n<script type=\"application\/ld+json\" class=\"yoast-schema-graph\">{\"@context\":\"https:\/\/schema.org\",\"@graph\":[{\"@type\":\"WebPage\",\"@id\":\"https:\/\/www.welovecycling.com\/sk\/2017\/11\/23\/we-love-cycling-na-novom-etapaku-dvojic\/\",\"url\":\"https:\/\/www.welovecycling.com\/sk\/2017\/11\/23\/we-love-cycling-na-novom-etapaku-dvojic\/\",\"name\":\"\u010clenovia We Love Cycling na novom \\\"etap\u00e1ku\\\" dvoj\u00edc v \u010ceskej republike - \u0160koda We Love Cycling Slovensko\",\"isPartOf\":{\"@id\":\"https:\/\/www.welovecycling.com\/sk\/#website\"},\"primaryImageOfPage\":{\"@id\":\"https:\/\/www.welovecycling.com\/sk\/2017\/11\/23\/we-love-cycling-na-novom-etapaku-dvojic\/#primaryimage\"},\"image\":{\"@id\":\"https:\/\/www.welovecycling.com\/sk\/2017\/11\/23\/we-love-cycling-na-novom-etapaku-dvojic\/#primaryimage\"},\"thumbnailUrl\":\"https:\/\/d2p6e6u75xmxt8.cloudfront.net\/4\/2017\/11\/masivcover.webp\",\"datePublished\":\"2017-11-23T14:28:49+00:00\",\"author\":{\"@id\":\"https:\/\/www.welovecycling.com\/sk\/#\/schema\/person\/8ee09ba39b7e25b1870160aa5b3a89bc\"},\"breadcrumb\":{\"@id\":\"https:\/\/www.welovecycling.com\/sk\/2017\/11\/23\/we-love-cycling-na-novom-etapaku-dvojic\/#breadcrumb\"},\"inLanguage\":\"sk-SK\",\"potentialAction\":[{\"@type\":\"ReadAction\",\"target\":[\"https:\/\/www.welovecycling.com\/sk\/2017\/11\/23\/we-love-cycling-na-novom-etapaku-dvojic\/\"]}]},{\"@type\":\"ImageObject\",\"inLanguage\":\"sk-SK\",\"@id\":\"https:\/\/www.welovecycling.com\/sk\/2017\/11\/23\/we-love-cycling-na-novom-etapaku-dvojic\/#primaryimage\",\"url\":\"https:\/\/d2p6e6u75xmxt8.cloudfront.net\/4\/2017\/11\/masivcover.webp\",\"contentUrl\":\"https:\/\/d2p6e6u75xmxt8.cloudfront.net\/4\/2017\/11\/masivcover.webp\",\"width\":1375,\"height\":600},{\"@type\":\"BreadcrumbList\",\"@id\":\"https:\/\/www.welovecycling.com\/sk\/2017\/11\/23\/we-love-cycling-na-novom-etapaku-dvojic\/#breadcrumb\",\"itemListElement\":[{\"@type\":\"ListItem\",\"position\":1,\"name\":\"Home\",\"item\":\"https:\/\/www.welovecycling.com\/sk\/\"},{\"@type\":\"ListItem\",\"position\":2,\"name\":\"\u010clenovia We Love Cycling na novom &#8222;etap\u00e1ku&#8220; dvoj\u00edc v \u010ceskej republike\"}]},{\"@type\":\"WebSite\",\"@id\":\"https:\/\/www.welovecycling.com\/sk\/#website\",\"url\":\"https:\/\/www.welovecycling.com\/sk\/\",\"name\":\"\u0160koda We Love Cycling Slovensko\",\"description\":\"\u0160koda We Love Cycling Slovensko je v\u00e1\u0161 ka\u017edodenn\u00fd zdroj noviniek a in\u0161pir\u00e1cie z sveta cyklistiky\",\"potentialAction\":[{\"@type\":\"SearchAction\",\"target\":{\"@type\":\"EntryPoint\",\"urlTemplate\":\"https:\/\/www.welovecycling.com\/sk\/?s={search_term_string}\"},\"query-input\":{\"@type\":\"PropertyValueSpecification\",\"valueRequired\":true,\"valueName\":\"search_term_string\"}}],\"inLanguage\":\"sk-SK\"},{\"@type\":\"Person\",\"@id\":\"https:\/\/www.welovecycling.com\/sk\/#\/schema\/person\/8ee09ba39b7e25b1870160aa5b3a89bc\",\"name\":\"Ondrej Ga\u0161par\",\"image\":{\"@type\":\"ImageObject\",\"inLanguage\":\"sk-SK\",\"@id\":\"https:\/\/www.welovecycling.com\/sk\/#\/schema\/person\/image\/\",\"url\":\"https:\/\/secure.gravatar.com\/avatar\/6126c9afb87b70da5abbb083ddbb21933da15f18f8ca7cb822aba0fb096a48f6?s=96&d=mm&r=g\",\"contentUrl\":\"https:\/\/secure.gravatar.com\/avatar\/6126c9afb87b70da5abbb083ddbb21933da15f18f8ca7cb822aba0fb096a48f6?s=96&d=mm&r=g\",\"caption\":\"Ondrej Ga\u0161par\"},\"url\":\"https:\/\/www.welovecycling.com\/sk\/author\/ondrejgaspar\/\"}]}<\/script>\n<!-- \/ Yoast SEO Premium plugin. -->","yoast_head_json":{"title":"\u010clenovia We Love Cycling na novom \"etap\u00e1ku\" dvoj\u00edc v \u010ceskej republike - \u0160koda We Love Cycling Slovensko","robots":{"index":"index","follow":"follow","max-snippet":"max-snippet:-1","max-image-preview":"max-image-preview:large","max-video-preview":"max-video-preview:-1"},"canonical":"https:\/\/www.welovecycling.com\/sk\/2017\/11\/23\/we-love-cycling-na-novom-etapaku-dvojic\/","og_locale":"sk_SK","og_type":"article","og_title":"\u010clenovia We Love Cycling na novom \"etap\u00e1ku\" dvoj\u00edc v \u010ceskej republike","og_description":"Ke\u010f\u017ee etapov\u00e9 preteky sa st\u00e1vaj\u00fa \u010doraz ob\u013e\u00fabenej\u0161\u00edmi, dvaja \u010dlenovia We Love Cycling &#8211; ambas\u00e1dor Richard Gasperotti a redaktor Adam Mar\u0161al [&hellip;]","og_url":"https:\/\/www.welovecycling.com\/sk\/2017\/11\/23\/we-love-cycling-na-novom-etapaku-dvojic\/","og_site_name":"\u0160koda We Love Cycling Slovensko","article_published_time":"2017-11-23T14:28:49+00:00","author":"Ondrej Ga\u0161par","twitter_card":"summary_large_image","twitter_image":"https:\/\/d2p6e6u75xmxt8.cloudfront.net\/4\/2017\/11\/masivcover.webp","twitter_misc":{"Written by":"Adam Mar\u0161al","Est. reading time":"7 minutes"},"schema":{"@context":"https:\/\/schema.org","@graph":[{"@type":"WebPage","@id":"https:\/\/www.welovecycling.com\/sk\/2017\/11\/23\/we-love-cycling-na-novom-etapaku-dvojic\/","url":"https:\/\/www.welovecycling.com\/sk\/2017\/11\/23\/we-love-cycling-na-novom-etapaku-dvojic\/","name":"\u010clenovia We Love Cycling na novom \"etap\u00e1ku\" dvoj\u00edc v \u010ceskej republike - \u0160koda We Love Cycling Slovensko","isPartOf":{"@id":"https:\/\/www.welovecycling.com\/sk\/#website"},"primaryImageOfPage":{"@id":"https:\/\/www.welovecycling.com\/sk\/2017\/11\/23\/we-love-cycling-na-novom-etapaku-dvojic\/#primaryimage"},"image":{"@id":"https:\/\/www.welovecycling.com\/sk\/2017\/11\/23\/we-love-cycling-na-novom-etapaku-dvojic\/#primaryimage"},"thumbnailUrl":"https:\/\/d2p6e6u75xmxt8.cloudfront.net\/4\/2017\/11\/masivcover.webp","datePublished":"2017-11-23T14:28:49+00:00","author":{"@id":"https:\/\/www.welovecycling.com\/sk\/#\/schema\/person\/8ee09ba39b7e25b1870160aa5b3a89bc"},"breadcrumb":{"@id":"https:\/\/www.welovecycling.com\/sk\/2017\/11\/23\/we-love-cycling-na-novom-etapaku-dvojic\/#breadcrumb"},"inLanguage":"sk-SK","potentialAction":[{"@type":"ReadAction","target":["https:\/\/www.welovecycling.com\/sk\/2017\/11\/23\/we-love-cycling-na-novom-etapaku-dvojic\/"]}]},{"@type":"ImageObject","inLanguage":"sk-SK","@id":"https:\/\/www.welovecycling.com\/sk\/2017\/11\/23\/we-love-cycling-na-novom-etapaku-dvojic\/#primaryimage","url":"https:\/\/d2p6e6u75xmxt8.cloudfront.net\/4\/2017\/11\/masivcover.webp","contentUrl":"https:\/\/d2p6e6u75xmxt8.cloudfront.net\/4\/2017\/11\/masivcover.webp","width":1375,"height":600},{"@type":"BreadcrumbList","@id":"https:\/\/www.welovecycling.com\/sk\/2017\/11\/23\/we-love-cycling-na-novom-etapaku-dvojic\/#breadcrumb","itemListElement":[{"@type":"ListItem","position":1,"name":"Home","item":"https:\/\/www.welovecycling.com\/sk\/"},{"@type":"ListItem","position":2,"name":"\u010clenovia We Love Cycling na novom &#8222;etap\u00e1ku&#8220; dvoj\u00edc v \u010ceskej republike"}]},{"@type":"WebSite","@id":"https:\/\/www.welovecycling.com\/sk\/#website","url":"https:\/\/www.welovecycling.com\/sk\/","name":"\u0160koda We Love Cycling Slovensko","description":"\u0160koda We Love Cycling Slovensko je v\u00e1\u0161 ka\u017edodenn\u00fd zdroj noviniek a in\u0161pir\u00e1cie z sveta cyklistiky","potentialAction":[{"@type":"SearchAction","target":{"@type":"EntryPoint","urlTemplate":"https:\/\/www.welovecycling.com\/sk\/?s={search_term_string}"},"query-input":{"@type":"PropertyValueSpecification","valueRequired":true,"valueName":"search_term_string"}}],"inLanguage":"sk-SK"},{"@type":"Person","@id":"https:\/\/www.welovecycling.com\/sk\/#\/schema\/person\/8ee09ba39b7e25b1870160aa5b3a89bc","name":"Ondrej Ga\u0161par","image":{"@type":"ImageObject","inLanguage":"sk-SK","@id":"https:\/\/www.welovecycling.com\/sk\/#\/schema\/person\/image\/","url":"https:\/\/secure.gravatar.com\/avatar\/6126c9afb87b70da5abbb083ddbb21933da15f18f8ca7cb822aba0fb096a48f6?s=96&d=mm&r=g","contentUrl":"https:\/\/secure.gravatar.com\/avatar\/6126c9afb87b70da5abbb083ddbb21933da15f18f8ca7cb822aba0fb096a48f6?s=96&d=mm&r=g","caption":"Ondrej Ga\u0161par"},"url":"https:\/\/www.welovecycling.com\/sk\/author\/ondrejgaspar\/"}]}},"_links":{"self":[{"href":"https:\/\/www.welovecycling.com\/sk\/wp-json\/wp\/v2\/posts\/2623","targetHints":{"allow":["GET"]}}],"collection":[{"href":"https:\/\/www.welovecycling.com\/sk\/wp-json\/wp\/v2\/posts"}],"about":[{"href":"https:\/\/www.welovecycling.com\/sk\/wp-json\/wp\/v2\/types\/post"}],"author":[{"embeddable":true,"href":"https:\/\/www.welovecycling.com\/sk\/wp-json\/wp\/v2\/users\/38"}],"replies":[{"embeddable":true,"href":"https:\/\/www.welovecycling.com\/sk\/wp-json\/wp\/v2\/comments?post=2623"}],"version-history":[{"count":2,"href":"https:\/\/www.welovecycling.com\/sk\/wp-json\/wp\/v2\/posts\/2623\/revisions"}],"predecessor-version":[{"id":2733,"href":"https:\/\/www.welovecycling.com\/sk\/wp-json\/wp\/v2\/posts\/2623\/revisions\/2733"}],"wp:featuredmedia":[{"embeddable":true,"href":"https:\/\/www.welovecycling.com\/sk\/wp-json\/wp\/v2\/media\/2632"}],"wp:attachment":[{"href":"https:\/\/www.welovecycling.com\/sk\/wp-json\/wp\/v2\/media?parent=2623"}],"wp:term":[{"taxonomy":"category","embeddable":true,"href":"https:\/\/www.welovecycling.com\/sk\/wp-json\/wp\/v2\/categories?post=2623"},{"taxonomy":"post_tag","embeddable":true,"href":"https:\/\/www.welovecycling.com\/sk\/wp-json\/wp\/v2\/tags?post=2623"},{"taxonomy":"global-categories","embeddable":true,"href":"https:\/\/www.welovecycling.com\/sk\/wp-json\/wp\/v2\/global-categories?post=2623"}],"curies":[{"name":"wp","href":"https:\/\/api.w.org\/{rel}","templated":true}]}}