{"id":2561,"date":"2018-04-22T16:56:39","date_gmt":"2018-04-22T14:56:39","guid":{"rendered":"https:\/\/www.welovecycling.com\/sk\/?p=2561"},"modified":"2018-09-14T13:49:03","modified_gmt":"2018-09-14T11:49:03","slug":"nechat-cyklistov-jazdit-po-chodniku","status":"publish","type":"post","link":"https:\/\/www.welovecycling.com\/sk\/2018\/04\/22\/nechat-cyklistov-jazdit-po-chodniku\/","title":{"rendered":"Necha\u0165 cyklistov jazdi\u0165 po chodn\u00edku?"},"content":{"rendered":"<p><strong>V\u00a0jednom z\u00a0Lond\u00fdnskych okresov pol\u00edcia s\u013e\u00fabila, \u017ee nebude st\u00edha\u0165 cyklistov za jazdu po chodn\u00edkoch. Je to znamenie, \u017ee sa menia \u010dasy? Mala by by\u0165 t\u00e1to politika prijat\u00e1 aj v\u00a0in\u00fdch eur\u00f3pskych mest\u00e1ch?<\/strong><!--more--><\/p>\n<p>V Lond\u00fdnskej \u0161tvrti Camden \u00farady uviedli, \u017ee nebud\u00fa pokutova\u0165 cyklistov za jazdu na chodn\u00edku, pokia\u013e uved\u00fa dobr\u00fd d\u00f4vod, pre\u010do nejazdia na ceste. To znamen\u00e1, \u017ee cyklistov zastavia a sp\u00fdtaj\u00fa sa ich \u017ee, pre\u010do pou\u017e\u00edvaj\u00fa sk\u00f4r chodn\u00edk ako cestu. Dokonca bud\u00fa dba\u0165 na vodi\u010dov, ktor\u00ed bud\u00fa obieha\u0165 cyklistov, aby cyklistom poskytli dostato\u010dn\u00fd odstup. T\u00fdmto sp\u00f4sobom \u00farady chc\u00fa identifikova\u0165 miesta, ktor\u00e9 cyklisti pova\u017euj\u00fa za najnebezpe\u010dnej\u0161ie.<\/p>\n<p><img loading=\"lazy\" decoding=\"async\" class=\"alignnone size-full wp-image-3545\" src=\"https:\/\/d2p6e6u75xmxt8.cloudfront.net\/4\/2017\/11\/Cycling-Penn-Ave.jpg\" alt=\"\" width=\"937\" height=\"528\" \/><\/p>\n<p>Av\u0161ak , nie v\u0161etci s\u00fa spokojn\u00ed s\u00a0tak\u00fdmto rozhodnut\u00edm. Mnoho chodcov si mysl\u00ed a\u00a0trv\u00e1 na tom, \u017ee bicykel je vozidlo, a\u00a0preto by malo osta\u0165 na ceste. Niektor\u00ed \u013eudia tvrdia, \u017ee sa c\u00edtia by\u0165 ohrozovan\u00ed viac bicyklami ako autami. Jeden z\u00a0d\u00f4vodov je, \u017ee cyklisti chodia pr\u00edli\u0161 r\u00fdchlo na chodn\u00edkoch a\u00a0k\u013eu\u010dkuj\u00fa medzi chodcami, a\u00a0t\u00fdm ich ohrozuj\u00fa. \u010eal\u0161\u00ed d\u00f4vod je \u017ee, nepredv\u00eddate\u013ene striedaj\u00fa chodn\u00edk s\u00a0cestou, bez oh\u013eadu na prem\u00e1vku, \u010di chodcov. Dokonca niektor\u00fd tvrdia, \u017ee pr\u00e1va pre chodcov sa t\u00fdm naru\u0161ili.<\/p>\n<p>Lond\u00fdnski cyklisti, ktor\u00ed denne doch\u00e1dzaj\u00fa do pr\u00e1ce na bicykli s\u00fahlasia so zmenami ktor\u00e9 navrhuj\u00fa \u00farady. Na druhej strane s\u00fa \u013eudia, ktor\u00fdm sa to nep\u00e1\u010di, to s\u00fa v\u00e4\u010d\u0161inou star\u0161\u00ed \u013eudia alebo rodi\u010dia odprev\u00e1dzaj\u00faci svoje deti do \u0161k\u00f4l. Prek\u00e1\u017ea im, \u017ee niektor\u00ed cyklisti jazdia bezoh\u013eadne a r\u00fdchlo. Taktie\u017e, by pod\u013ea nich mali \u00eds\u0165 cyklisti ved\u013ea bicykla, k\u00fdm prech\u00e1dzaj\u00fa po prechode pre chodcov.<\/p>\n<p><img loading=\"lazy\" decoding=\"async\" class=\"alignnone size-full wp-image-3546\" src=\"https:\/\/d2p6e6u75xmxt8.cloudfront.net\/4\/2017\/11\/3331313.jpg\" alt=\"\" width=\"800\" height=\"476\" \/><\/p>\n<p>V s\u00fa\u010dasnosti je v Anglicku jazda po chodn\u00edku priestupkom a pokuta za nedodr\u017eanie je pevn\u00e1, a\u00a0to 50 GPB. \u00darady vydali stanovisko, \u017ee t\u00e1to pokuta bude vym\u00e1han\u00e1 iba v\u00a0pr\u00edpade ohrozenia det\u00ed. Jeden z\u00a0d\u00f4vodov, pre\u010do sa rozhodli nepokutova\u0165 jazdu po chodn\u00edku je \u017ee, chc\u00fa \u013eud\u00ed povzbudi\u0165 aby za\u010dali pou\u017e\u00edva\u0165 ako dopravn\u00fd prostriedok bicykel, a\u00a0tak im zabezpe\u010di\u0165 pohodlie a\u00a0bezpe\u010dnos\u0165 na cest\u00e1ch. Pokia\u013e sa to nestane realitou, \u013eudia bud\u00fa na\u010falej pou\u017e\u00edva\u0165 svoje aut\u00e1 a\u00a0dopravn\u00e9 z\u00e1pchy sa bud\u00fa len zv\u00e4\u010d\u0161ova\u0165.<\/p>\n<p>Ka\u017ed\u00e1 krajina m\u00e1 rozli\u010dn\u00e9 podmienky na jazdenie s\u00a0bicyklom po chodn\u00edku. Napr\u00edklad v\u00a0niektor\u00fdch mest\u00e1ch Japonska je \u00faplne zak\u00e1zan\u00e9 bicyklova\u0165 na ceste, kde jazdia aut\u00e1. O\u010dak\u00e1va sa, \u017ee dobre vybudovan\u00e9 \u0161irok\u00e9 cesty poskytn\u00fa dostatok priestoru cyklistom, \u010di chodcom. Nemecko, Rak\u00fasko a\u00a0\u0160vaj\u010diarsko d\u00e1va obrovsk\u00e9 mno\u017estvo pe\u0148az\u00ed do budovania spolo\u010dn\u00fdch ciest s\u00a0oddelen\u00fdmi dvoma jazdn\u00fdmi pruhmi pre chodcov a\u00a0cyklistov. Zo sk\u00fasenost\u00ed niektor\u00fdch nemeck\u00fdch miest vr\u00e1tane Berl\u00edna m\u00f4\u017eeme vidie\u0165, \u017ee tak\u00fdto \u201emodel\u201c cestnej dopravy funguje dokonale.<\/p>\n<p>Ak\u00e1 je situ\u00e1cia vo va\u0161om meste? Pokutuj\u00fa v\u00e1s policajti za nedodr\u017eanie pe\u0161ej z\u00f3ny, alebo s\u00fa k\u00a0v\u00e1m tolerantn\u00ed?<\/p>\n<div class=\"embed-controller-wrapper\">\n<div class=\"embed-wrapper\"><iframe title=\"Bike Lanes by Casey Neistat\" width=\"500\" height=\"281\" data-src=\"https:\/\/www.youtube.com\/embed\/bzE-IMaegzQ?feature=oembed\" frameborder=\"0\" allow=\"accelerometer; autoplay; clipboard-write; encrypted-media; gyroscope; picture-in-picture; web-share\" referrerpolicy=\"strict-origin-when-cross-origin\" allowfullscreen><\/iframe><\/div>\n<\/div>\n","protected":false},"excerpt":{"rendered":"<p>V\u00a0jednom z\u00a0Lond\u00fdnskych okresov pol\u00edcia s\u013e\u00fabila, \u017ee nebude st\u00edha\u0165 cyklistov za jazdu po chodn\u00edkoch. Je to znamenie, \u017ee sa menia \u010dasy? [&hellip;]<\/p>\n","protected":false},"author":38,"featured_media":2562,"comment_status":"open","ping_status":"open","sticky":false,"template":"","format":"standard","meta":{"footnotes":""},"categories":[57,4,3,604],"tags":[447,448],"global-categories":[],"class_list":["post-2561","post","type-post","status-publish","format-standard","has-post-thumbnail","hentry","category-bezpecnost","category-cestna-cyklisitika","category-mtb","category-urban-cyklistika","tag-chodniky","tag-cyklotrasy"],"yoast_head":"<!-- This site is optimized with the Yoast SEO Premium plugin v25.3 (Yoast SEO v25.9) - https:\/\/yoast.com\/wordpress\/plugins\/seo\/ -->\n<title>Necha\u0165 cyklistov jazdi\u0165 po chodn\u00edku? - \u0160koda We Love Cycling Slovensko<\/title>\n<meta name=\"robots\" content=\"index, follow, max-snippet:-1, max-image-preview:large, max-video-preview:-1\" \/>\n<link rel=\"canonical\" href=\"https:\/\/www.welovecycling.com\/sk\/2018\/04\/22\/nechat-cyklistov-jazdit-po-chodniku\/\" \/>\n<meta property=\"og:locale\" content=\"sk_SK\" \/>\n<meta property=\"og:type\" content=\"article\" \/>\n<meta property=\"og:title\" content=\"Necha\u0165 cyklistov jazdi\u0165 po chodn\u00edku?\" \/>\n<meta property=\"og:description\" content=\"V\u00a0jednom z\u00a0Lond\u00fdnskych okresov pol\u00edcia s\u013e\u00fabila, \u017ee nebude st\u00edha\u0165 cyklistov za jazdu po chodn\u00edkoch. Je to znamenie, \u017ee sa menia \u010dasy? [&hellip;]\" \/>\n<meta property=\"og:url\" content=\"https:\/\/www.welovecycling.com\/sk\/2018\/04\/22\/nechat-cyklistov-jazdit-po-chodniku\/\" \/>\n<meta property=\"og:site_name\" content=\"\u0160koda We Love Cycling Slovensko\" \/>\n<meta property=\"article:published_time\" content=\"2018-04-22T14:56:39+00:00\" \/>\n<meta property=\"article:modified_time\" content=\"2018-09-14T11:49:03+00:00\" \/>\n<meta property=\"og:image\" content=\"https:\/\/d2p6e6u75xmxt8.cloudfront.net\/4\/2017\/11\/5878757.webp\" \/>\n\t<meta property=\"og:image:width\" content=\"1375\" \/>\n\t<meta property=\"og:image:height\" content=\"600\" \/>\n\t<meta property=\"og:image:type\" content=\"image\/webp\" \/>\n<meta name=\"author\" content=\"Ondrej Ga\u0161par\" \/>\n<meta name=\"twitter:card\" content=\"summary_large_image\" \/>\n<meta name=\"twitter:label1\" content=\"Written by\" \/>\n\t<meta name=\"twitter:data1\" content=\"Adam Mar\u0161al\" \/>\n\t<meta name=\"twitter:label2\" content=\"Est. reading time\" \/>\n\t<meta name=\"twitter:data2\" content=\"3 minutes\" \/>\n<script type=\"application\/ld+json\" class=\"yoast-schema-graph\">{\"@context\":\"https:\/\/schema.org\",\"@graph\":[{\"@type\":\"WebPage\",\"@id\":\"https:\/\/www.welovecycling.com\/sk\/2018\/04\/22\/nechat-cyklistov-jazdit-po-chodniku\/\",\"url\":\"https:\/\/www.welovecycling.com\/sk\/2018\/04\/22\/nechat-cyklistov-jazdit-po-chodniku\/\",\"name\":\"Necha\u0165 cyklistov jazdi\u0165 po chodn\u00edku? - \u0160koda We Love Cycling Slovensko\",\"isPartOf\":{\"@id\":\"https:\/\/www.welovecycling.com\/sk\/#website\"},\"primaryImageOfPage\":{\"@id\":\"https:\/\/www.welovecycling.com\/sk\/2018\/04\/22\/nechat-cyklistov-jazdit-po-chodniku\/#primaryimage\"},\"image\":{\"@id\":\"https:\/\/www.welovecycling.com\/sk\/2018\/04\/22\/nechat-cyklistov-jazdit-po-chodniku\/#primaryimage\"},\"thumbnailUrl\":\"https:\/\/d2p6e6u75xmxt8.cloudfront.net\/4\/2017\/11\/5878757.webp\",\"datePublished\":\"2018-04-22T14:56:39+00:00\",\"dateModified\":\"2018-09-14T11:49:03+00:00\",\"author\":{\"@id\":\"https:\/\/www.welovecycling.com\/sk\/#\/schema\/person\/8ee09ba39b7e25b1870160aa5b3a89bc\"},\"breadcrumb\":{\"@id\":\"https:\/\/www.welovecycling.com\/sk\/2018\/04\/22\/nechat-cyklistov-jazdit-po-chodniku\/#breadcrumb\"},\"inLanguage\":\"sk-SK\",\"potentialAction\":[{\"@type\":\"ReadAction\",\"target\":[\"https:\/\/www.welovecycling.com\/sk\/2018\/04\/22\/nechat-cyklistov-jazdit-po-chodniku\/\"]}]},{\"@type\":\"ImageObject\",\"inLanguage\":\"sk-SK\",\"@id\":\"https:\/\/www.welovecycling.com\/sk\/2018\/04\/22\/nechat-cyklistov-jazdit-po-chodniku\/#primaryimage\",\"url\":\"https:\/\/d2p6e6u75xmxt8.cloudfront.net\/4\/2017\/11\/5878757.webp\",\"contentUrl\":\"https:\/\/d2p6e6u75xmxt8.cloudfront.net\/4\/2017\/11\/5878757.webp\",\"width\":1375,\"height\":600},{\"@type\":\"BreadcrumbList\",\"@id\":\"https:\/\/www.welovecycling.com\/sk\/2018\/04\/22\/nechat-cyklistov-jazdit-po-chodniku\/#breadcrumb\",\"itemListElement\":[{\"@type\":\"ListItem\",\"position\":1,\"name\":\"Home\",\"item\":\"https:\/\/www.welovecycling.com\/sk\/\"},{\"@type\":\"ListItem\",\"position\":2,\"name\":\"Necha\u0165 cyklistov jazdi\u0165 po chodn\u00edku?\"}]},{\"@type\":\"WebSite\",\"@id\":\"https:\/\/www.welovecycling.com\/sk\/#website\",\"url\":\"https:\/\/www.welovecycling.com\/sk\/\",\"name\":\"\u0160koda We Love Cycling Slovensko\",\"description\":\"\u0160koda We Love Cycling Slovensko je v\u00e1\u0161 ka\u017edodenn\u00fd zdroj noviniek a in\u0161pir\u00e1cie z sveta cyklistiky\",\"potentialAction\":[{\"@type\":\"SearchAction\",\"target\":{\"@type\":\"EntryPoint\",\"urlTemplate\":\"https:\/\/www.welovecycling.com\/sk\/?s={search_term_string}\"},\"query-input\":{\"@type\":\"PropertyValueSpecification\",\"valueRequired\":true,\"valueName\":\"search_term_string\"}}],\"inLanguage\":\"sk-SK\"},{\"@type\":\"Person\",\"@id\":\"https:\/\/www.welovecycling.com\/sk\/#\/schema\/person\/8ee09ba39b7e25b1870160aa5b3a89bc\",\"name\":\"Ondrej Ga\u0161par\",\"image\":{\"@type\":\"ImageObject\",\"inLanguage\":\"sk-SK\",\"@id\":\"https:\/\/www.welovecycling.com\/sk\/#\/schema\/person\/image\/\",\"url\":\"https:\/\/secure.gravatar.com\/avatar\/6126c9afb87b70da5abbb083ddbb21933da15f18f8ca7cb822aba0fb096a48f6?s=96&d=mm&r=g\",\"contentUrl\":\"https:\/\/secure.gravatar.com\/avatar\/6126c9afb87b70da5abbb083ddbb21933da15f18f8ca7cb822aba0fb096a48f6?s=96&d=mm&r=g\",\"caption\":\"Ondrej Ga\u0161par\"},\"url\":\"https:\/\/www.welovecycling.com\/sk\/author\/ondrejgaspar\/\"}]}<\/script>\n<!-- \/ Yoast SEO Premium plugin. -->","yoast_head_json":{"title":"Necha\u0165 cyklistov jazdi\u0165 po chodn\u00edku? - \u0160koda We Love Cycling Slovensko","robots":{"index":"index","follow":"follow","max-snippet":"max-snippet:-1","max-image-preview":"max-image-preview:large","max-video-preview":"max-video-preview:-1"},"canonical":"https:\/\/www.welovecycling.com\/sk\/2018\/04\/22\/nechat-cyklistov-jazdit-po-chodniku\/","og_locale":"sk_SK","og_type":"article","og_title":"Necha\u0165 cyklistov jazdi\u0165 po chodn\u00edku?","og_description":"V\u00a0jednom z\u00a0Lond\u00fdnskych okresov pol\u00edcia s\u013e\u00fabila, \u017ee nebude st\u00edha\u0165 cyklistov za jazdu po chodn\u00edkoch. Je to znamenie, \u017ee sa menia \u010dasy? [&hellip;]","og_url":"https:\/\/www.welovecycling.com\/sk\/2018\/04\/22\/nechat-cyklistov-jazdit-po-chodniku\/","og_site_name":"\u0160koda We Love Cycling Slovensko","article_published_time":"2018-04-22T14:56:39+00:00","article_modified_time":"2018-09-14T11:49:03+00:00","og_image":[{"width":1375,"height":600,"url":"https:\/\/d2p6e6u75xmxt8.cloudfront.net\/4\/2017\/11\/5878757.webp","type":"image\/webp"}],"author":"Ondrej Ga\u0161par","twitter_card":"summary_large_image","twitter_misc":{"Written by":"Adam Mar\u0161al","Est. reading time":"3 minutes"},"schema":{"@context":"https:\/\/schema.org","@graph":[{"@type":"WebPage","@id":"https:\/\/www.welovecycling.com\/sk\/2018\/04\/22\/nechat-cyklistov-jazdit-po-chodniku\/","url":"https:\/\/www.welovecycling.com\/sk\/2018\/04\/22\/nechat-cyklistov-jazdit-po-chodniku\/","name":"Necha\u0165 cyklistov jazdi\u0165 po chodn\u00edku? - \u0160koda We Love Cycling Slovensko","isPartOf":{"@id":"https:\/\/www.welovecycling.com\/sk\/#website"},"primaryImageOfPage":{"@id":"https:\/\/www.welovecycling.com\/sk\/2018\/04\/22\/nechat-cyklistov-jazdit-po-chodniku\/#primaryimage"},"image":{"@id":"https:\/\/www.welovecycling.com\/sk\/2018\/04\/22\/nechat-cyklistov-jazdit-po-chodniku\/#primaryimage"},"thumbnailUrl":"https:\/\/d2p6e6u75xmxt8.cloudfront.net\/4\/2017\/11\/5878757.webp","datePublished":"2018-04-22T14:56:39+00:00","dateModified":"2018-09-14T11:49:03+00:00","author":{"@id":"https:\/\/www.welovecycling.com\/sk\/#\/schema\/person\/8ee09ba39b7e25b1870160aa5b3a89bc"},"breadcrumb":{"@id":"https:\/\/www.welovecycling.com\/sk\/2018\/04\/22\/nechat-cyklistov-jazdit-po-chodniku\/#breadcrumb"},"inLanguage":"sk-SK","potentialAction":[{"@type":"ReadAction","target":["https:\/\/www.welovecycling.com\/sk\/2018\/04\/22\/nechat-cyklistov-jazdit-po-chodniku\/"]}]},{"@type":"ImageObject","inLanguage":"sk-SK","@id":"https:\/\/www.welovecycling.com\/sk\/2018\/04\/22\/nechat-cyklistov-jazdit-po-chodniku\/#primaryimage","url":"https:\/\/d2p6e6u75xmxt8.cloudfront.net\/4\/2017\/11\/5878757.webp","contentUrl":"https:\/\/d2p6e6u75xmxt8.cloudfront.net\/4\/2017\/11\/5878757.webp","width":1375,"height":600},{"@type":"BreadcrumbList","@id":"https:\/\/www.welovecycling.com\/sk\/2018\/04\/22\/nechat-cyklistov-jazdit-po-chodniku\/#breadcrumb","itemListElement":[{"@type":"ListItem","position":1,"name":"Home","item":"https:\/\/www.welovecycling.com\/sk\/"},{"@type":"ListItem","position":2,"name":"Necha\u0165 cyklistov jazdi\u0165 po chodn\u00edku?"}]},{"@type":"WebSite","@id":"https:\/\/www.welovecycling.com\/sk\/#website","url":"https:\/\/www.welovecycling.com\/sk\/","name":"\u0160koda We Love Cycling Slovensko","description":"\u0160koda We Love Cycling Slovensko je v\u00e1\u0161 ka\u017edodenn\u00fd zdroj noviniek a in\u0161pir\u00e1cie z sveta cyklistiky","potentialAction":[{"@type":"SearchAction","target":{"@type":"EntryPoint","urlTemplate":"https:\/\/www.welovecycling.com\/sk\/?s={search_term_string}"},"query-input":{"@type":"PropertyValueSpecification","valueRequired":true,"valueName":"search_term_string"}}],"inLanguage":"sk-SK"},{"@type":"Person","@id":"https:\/\/www.welovecycling.com\/sk\/#\/schema\/person\/8ee09ba39b7e25b1870160aa5b3a89bc","name":"Ondrej Ga\u0161par","image":{"@type":"ImageObject","inLanguage":"sk-SK","@id":"https:\/\/www.welovecycling.com\/sk\/#\/schema\/person\/image\/","url":"https:\/\/secure.gravatar.com\/avatar\/6126c9afb87b70da5abbb083ddbb21933da15f18f8ca7cb822aba0fb096a48f6?s=96&d=mm&r=g","contentUrl":"https:\/\/secure.gravatar.com\/avatar\/6126c9afb87b70da5abbb083ddbb21933da15f18f8ca7cb822aba0fb096a48f6?s=96&d=mm&r=g","caption":"Ondrej Ga\u0161par"},"url":"https:\/\/www.welovecycling.com\/sk\/author\/ondrejgaspar\/"}]}},"_links":{"self":[{"href":"https:\/\/www.welovecycling.com\/sk\/wp-json\/wp\/v2\/posts\/2561","targetHints":{"allow":["GET"]}}],"collection":[{"href":"https:\/\/www.welovecycling.com\/sk\/wp-json\/wp\/v2\/posts"}],"about":[{"href":"https:\/\/www.welovecycling.com\/sk\/wp-json\/wp\/v2\/types\/post"}],"author":[{"embeddable":true,"href":"https:\/\/www.welovecycling.com\/sk\/wp-json\/wp\/v2\/users\/38"}],"replies":[{"embeddable":true,"href":"https:\/\/www.welovecycling.com\/sk\/wp-json\/wp\/v2\/comments?post=2561"}],"version-history":[{"count":2,"href":"https:\/\/www.welovecycling.com\/sk\/wp-json\/wp\/v2\/posts\/2561\/revisions"}],"predecessor-version":[{"id":3547,"href":"https:\/\/www.welovecycling.com\/sk\/wp-json\/wp\/v2\/posts\/2561\/revisions\/3547"}],"wp:featuredmedia":[{"embeddable":true,"href":"https:\/\/www.welovecycling.com\/sk\/wp-json\/wp\/v2\/media\/2562"}],"wp:attachment":[{"href":"https:\/\/www.welovecycling.com\/sk\/wp-json\/wp\/v2\/media?parent=2561"}],"wp:term":[{"taxonomy":"category","embeddable":true,"href":"https:\/\/www.welovecycling.com\/sk\/wp-json\/wp\/v2\/categories?post=2561"},{"taxonomy":"post_tag","embeddable":true,"href":"https:\/\/www.welovecycling.com\/sk\/wp-json\/wp\/v2\/tags?post=2561"},{"taxonomy":"global-categories","embeddable":true,"href":"https:\/\/www.welovecycling.com\/sk\/wp-json\/wp\/v2\/global-categories?post=2561"}],"curies":[{"name":"wp","href":"https:\/\/api.w.org\/{rel}","templated":true}]}}