{"id":2493,"date":"2018-06-06T17:07:53","date_gmt":"2018-06-06T15:07:53","guid":{"rendered":"https:\/\/www.welovecycling.com\/sk\/?p=2493"},"modified":"2018-06-06T23:13:08","modified_gmt":"2018-06-06T21:13:08","slug":"sprievodca-kupou-pouzivaneho-bicykla","status":"publish","type":"post","link":"https:\/\/www.welovecycling.com\/sk\/2018\/06\/06\/sprievodca-kupou-pouzivaneho-bicykla\/","title":{"rendered":"Sprievodca k\u00fapou pou\u017e\u00edvan\u00e9ho bicykla"},"content":{"rendered":"<p><strong>Bicykle \u010dasto nie s\u00fa lacnou z\u00e1le\u017eitos\u0165ou; aj preto ich mnoh\u00ed kupuj\u00fa z druhej ruky. Tak\u00e9to bicykle s\u00fa mnohokr\u00e1t po\u0161koden\u00e9 a nie v\u017edy tak\u00e9, ak\u00e9 si predstavujeme alebo ak\u00e9 sa zdaj\u00fa na obr\u00e1zkoch. M\u00f4\u017ee sa za nimi skr\u00fdva\u0165 mnoho vec\u00ed, pre ktor\u00e9 sa k\u00fapa neoplat\u00ed, a preto treba d\u00e1va\u0165 pri v\u00fdbere ve\u013ek\u00fd pozor. \u010co ak sa v\u00e1m ale niektor\u00fd naozaj p\u00e1\u010di? Tak potom m\u00e1me pre v\u00e1s nasleduj\u00face rady.<\/strong><!--more--><\/p>\n<h2><strong>Vezmite si so sebou priate\u013ea<\/strong><\/h2>\n<p>Ak si nie ste ist\u00fd, kupujte bicykel s osobou, ktor\u00e1 rozumie technick\u00fdm veciam okolo neho. M\u00f4\u017ee to by\u0165 v\u00e1\u0161 priate\u013e alebo \u010dlen rodiny. Ka\u017ed\u00e1 cenn\u00e1 rada sa v\u00e1m ur\u010dite bude hodi\u0165 a pom\u00f4\u017ee pri v\u00fdbere. Z tohto d\u00f4vodu netreba hne\u010f vyhadzova\u0165 zbyto\u010dne peniaze na prv\u00fd bicykel, ktor\u00fd zbad\u00e1te.<\/p>\n<p><a href=\"https:\/\/d2p6e6u75xmxt8.cloudfront.net\/4\/2017\/10\/maxresdefault.jpg\"><img loading=\"lazy\" decoding=\"async\" class=\"size-full wp-image-2494\" src=\"https:\/\/d2p6e6u75xmxt8.cloudfront.net\/4\/2017\/10\/maxresdefault.jpg\" alt=\"\" width=\"1280\" height=\"720\" \/><\/a><\/p>\n<h2><strong>Primeran\u00e9 po\u017eiadavky<\/strong><\/h2>\n<p>Aktu\u00e1lne pred\u00e1vam dva bicykle a ani v jednej z pneumat\u00edk nie je dostato\u010dn\u00fd tlak, preto\u017ee na nich nechod\u00edm pravidelne. Bolo by \u00faplne rozumn\u00e9, keby sa ma kupuj\u00faci sp\u00fdtal, \u010di s\u00fa koles\u00e1 spr\u00e1vne natlakovan\u00e9, ak by som to zabudol spomen\u00fa\u0165 a rovnako ak by sa ma kupuj\u00faci sp\u00fdtal, \u010di mu m\u00e1m sedlo zv\u00fd\u0161i\u0165 alebo zn\u00ed\u017ei\u0165.<\/p>\n<div class=\"shortcode-ys-post-pinup\"><article class=\"loop-simple post-1604 post type-post status-publish format-standard has-post-thumbnail hentry category-cestna-cyklisitika category-mtb category-nakupny-poradca category-odporucame tag-cestna-cyklistika tag-horska-cyklistika tag-nakupny-poradca tag-trening\" data-postid=\"1604\" role=\"article\" data-post-id=\"1604\" data-word-count=\"419\" data-headline-length=\"48\" data-category=\"Cestn\u00e1 cyklistika\" data-author=\"Martin Imrich\" data-published=\"2017-08-14T12:06:26+02:00\" data-published-day=\"Monday\">\n    <div class=\"entry-thumbnail article-thumbnail\" content=\"https:\/\/d2p6e6u75xmxt8.cloudfront.net\/4\/2017\/07\/WLC_tit-150x150.webp\"><a href=\"https:\/\/www.welovecycling.com\/sk\/2017\/08\/14\/vyber-vhodneho-bicykla-co-sa-zamerat\/\" class=\"image-holder\" target=\"_self\"><img decoding=\"async\" loading=\"lazy\" class=\"\" src=\"https:\/\/d2p6e6u75xmxt8.cloudfront.net\/4\/2017\/07\/WLC_tit-1024x447.webp\" srcset=\"https:\/\/d2p6e6u75xmxt8.cloudfront.net\/4\/2017\/07\/WLC_tit.webp 1375w, https:\/\/d2p6e6u75xmxt8.cloudfront.net\/4\/2017\/07\/WLC_tit-300x131.webp 300w, https:\/\/d2p6e6u75xmxt8.cloudfront.net\/4\/2017\/07\/WLC_tit-1024x447.webp 1024w, https:\/\/d2p6e6u75xmxt8.cloudfront.net\/4\/2017\/07\/WLC_tit-768x335.webp 768w\" width=\"1024\" height=\"447\" sizes=\"auto, (min-width: 1200px) 458px, (min-width: 768px) 38vw, 100vw\" alt=\"vyber-vhodneho-bicykla-co-sa-zamerat\"\/><\/a><\/div>    <div class=\"entry-meta\">\n        <a class=\"label label-secondary post-category\" href=\"https:\/\/www.welovecycling.com\/sk\/category\/cestna-cyklisitika\/\" title=\"Cestn\u00e1 cyklistika\">Cestn\u00e1 cyklistika<\/a>\n    <\/div>\n    <div class=\"entry-details\">\n        <a href=\"https:\/\/www.welovecycling.com\/sk\/2017\/08\/14\/vyber-vhodneho-bicykla-co-sa-zamerat\/\" class='entry-title-wrapper'>\n            <h3 class=\"entry-title\"><span>V\u00fdber vhodn\u00e9ho bicykla \u2013 na \u010do sa zamera\u0165?<\/span><\/h3>\n        <\/a>\n    <\/div>\n    <\/article>\n<\/div>\n<p>\u010c\u00edm drah\u0161\u00ed je bicykel, t\u00fdm viac vec\u00ed by sa mal kupuj\u00faci sp\u00fdta\u0165 a takisto poveda\u0165, \u010do v\u0161etko chce nastavi\u0165. Ak by som pred\u00e1val m\u00f4j milovan\u00fd cestn\u00fd karb\u00f3nov\u00fd bicykel (ktor\u00fd nepred\u00e1vam), bol by som prekvapen\u00fd, ak by si kupuj\u00faci neskontroloval napr. hlavov\u00e9 zlo\u017eenie.<\/p>\n<h2><strong>Sk\u00fa\u0161ka p\u00e1dom<\/strong><\/h2>\n<p>Dr\u017ete bicykel p\u00e1r centimetrov od zeme, n\u00e1sledne ho pustite &#8211; t\u00fdmto sp\u00f4sobom najr\u00fdchlej\u0161ie odhal\u00edte, \u010di je v\u0161etko v poriadku.\n<lite-youtube videoid=6it5BdDMW90 params=\"enablejsapi=1\" style=\"background-image: url('https:\/\/i.ytimg.com\/vi_webp\/6it5BdDMW90\/maxresdefault.webp');\"><\/lite-youtube>\n<p>Ak ste to nikdy predt\u00fdm e\u0161te nesk\u00fa\u0161ali, urobte tak na bicykli, ktor\u00fd nem\u00e1 \u017eiadne probl\u00e9my, ako napr\u00edklad na jednom z va\u0161ich bicyklov alebo na nejakom, ktor\u00fd bol presne nastaven\u00fd v obchode. Ak si to vysk\u00fa\u0161ate, ur\u010dite budete vedie\u0165 rozozna\u0165 podozriv\u00e9 zvuky pri bud\u00facej k\u00fape z druhej ruky.<\/p>\n<div class=\"shortcode-ys-post-pinup\"><article class=\"loop-simple post-1786 post type-post status-publish format-standard has-post-thumbnail hentry category-mtb category-nakupny-poradca category-odporucame tag-celoodpruzeny-bicykel tag-full-suspension tag-hardtail tag-horska-cyklistika tag-nakupny-poradca\" data-postid=\"1786\" role=\"article\" data-post-id=\"1786\" data-word-count=\"360\" data-headline-length=\"65\" data-category=\"MTB\" data-author=\"Adam Mar\u0161al\" data-published=\"2017-10-04T18:48:14+02:00\" data-published-day=\"Wednesday\">\n    <div class=\"entry-thumbnail article-thumbnail\" content=\"https:\/\/d2p6e6u75xmxt8.cloudfront.net\/4\/2017\/07\/profi324244242-150x150.webp\"><a href=\"https:\/\/www.welovecycling.com\/sk\/2017\/10\/04\/bicykel-pevnou-zadnou-stavbou-hardtail-celoodpruzeny\/\" class=\"image-holder\" target=\"_self\"><img decoding=\"async\" loading=\"lazy\" class=\"\" src=\"https:\/\/d2p6e6u75xmxt8.cloudfront.net\/4\/2017\/07\/profi324244242.webp\" srcset=\"https:\/\/d2p6e6u75xmxt8.cloudfront.net\/4\/2017\/07\/profi324244242.webp 950w, https:\/\/d2p6e6u75xmxt8.cloudfront.net\/4\/2017\/07\/profi324244242-300x111.webp 300w, https:\/\/d2p6e6u75xmxt8.cloudfront.net\/4\/2017\/07\/profi324244242-768x283.webp 768w\" width=\"950\" height=\"350\" sizes=\"auto, (min-width: 1200px) 542px, (min-width: 768px) 45vw, 100vw\" alt=\"bicykel-pevnou-zadnou-stavbou-hardtail-celoodpruzeny\"\/><\/a><\/div>    <div class=\"entry-meta\">\n        <a class=\"label label-secondary post-category\" href=\"https:\/\/www.welovecycling.com\/sk\/category\/mtb\/\" title=\"MTB\">MTB<\/a>\n    <\/div>\n    <div class=\"entry-details\">\n        <a href=\"https:\/\/www.welovecycling.com\/sk\/2017\/10\/04\/bicykel-pevnou-zadnou-stavbou-hardtail-celoodpruzeny\/\" class='entry-title-wrapper'>\n            <h3 class=\"entry-title\"><span>Bicykel s pevnou zadnou stavbou (hardtail) alebo celoodpru\u017een\u00fd?<\/span><\/h3>\n        <\/a>\n    <\/div>\n    <\/article>\n<\/div>\n<h2><strong>Kozmetick\u00e1 vada alebo v\u00e1\u017ena porucha?<\/strong><\/h2>\n<p>\u0160krabance na r\u00e1me, hrdza a mal\u00e9 kozmetick\u00e9 chyby, s\u00fa na oce\u013eovom r\u00e1me zanedbate\u013en\u00e9. Povrchov\u00e9 \u0161krabance na laku bicykla, ktor\u00fd je z karb\u00f3nu, s\u00fa tie\u017e v poriadku. Ale pokia\u013e uvid\u00edme na r\u00e1me nejak\u00e9 praskliny alebo zvlnenia na karb\u00f3novom r\u00e1me, to m\u00f4\u017ee znamena\u0165 v\u00e1\u017eny probl\u00e9m.<\/p>\n<p>Dokonca aj tie najmen\u0161ie vidite\u013en\u00e9 praskliny m\u00f4\u017eu znamena\u0165, \u017ee r\u00e1m je po\u0161koden\u00fd a str\u00e1ca v\u00fdrazne hodnotu. Na takomto bicykli by sa nemalo jazdi\u0165, aj keby ho pon\u00fakali zadarmo. R\u00e1m je ve\u013emi nam\u00e1han\u00fd okolo stredov\u00e9ho zlo\u017eenia, preto je potrebn\u00e9 t\u00fato \u010das\u0165 d\u00f4kladne skontrolova\u0165. Ak\u00e9ko\u013evek hromadenie prachu m\u00f4\u017ee nazna\u010dova\u0165, \u017ee r\u00e1m je skorodovan\u00fd a jazda na \u0148om by bola pr\u00edli\u0161 riskantn\u00e1.<\/p>\n<h2><strong>Ako a kedy zjedn\u00e1va\u0165<\/strong><\/h2>\n<p>Zistite si, ko\u013eko bud\u00fa st\u00e1\u0165 n\u00e1klady na ka\u017ed\u00fa opravu, ktor\u00fa bude potrebn\u00e9 urobi\u0165 na bicykli. Ak je napr\u00edklad iba potrebn\u00e9 vycentrova\u0165 predn\u00e9 koleso, ale inak je bicykel v poriadku, tak sta\u010d\u00ed, ak z p\u00f4vodnej ceny vyjedn\u00e1te z\u013eavu p\u00e1r eur. Tak\u017ee n\u00e1klady na opravu sa vyrovnaj\u00fa p\u00f4vodnej cene.<\/p>\n<p><a href=\"https:\/\/d2p6e6u75xmxt8.cloudfront.net\/4\/2017\/10\/Haggle-test-for-main-1-of-1-2.jpg\"><img loading=\"lazy\" decoding=\"async\" class=\"alignnone size-full wp-image-2496\" src=\"https:\/\/d2p6e6u75xmxt8.cloudfront.net\/4\/2017\/10\/Haggle-test-for-main-1-of-1-2.jpg\" alt=\"\" width=\"1053\" height=\"800\" \/><\/a><\/p>\n<p>Nakoniec nezab\u00fadajte, \u017ee si kupujete pou\u017eit\u00fd bicykel hlavne kv\u00f4li tomu, aby ste u\u0161etrili nejak\u00e9 peniaze. Urobte si \u010do najviac opr\u00e1v svojpomocne a vyhnite sa \u010fal\u0161iemu zbyto\u010dn\u00e9mu zvy\u0161ovaniu n\u00e1kladov. Ak by sa v\u00e1m podarilo spr\u00e1vne a bezpe\u010dne opravi\u0165 bicykel, budete ma\u0165 dvojn\u00e1sobn\u00fa rados\u0165 z jazdy\u2026<\/p>\n","protected":false},"excerpt":{"rendered":"<p>Bicykle \u010dasto nie s\u00fa lacnou z\u00e1le\u017eitos\u0165ou; aj preto ich mnoh\u00ed kupuj\u00fa z druhej ruky. Tak\u00e9to bicykle s\u00fa mnohokr\u00e1t po\u0161koden\u00e9 a [&hellip;]<\/p>\n","protected":false},"author":38,"featured_media":2498,"comment_status":"open","ping_status":"open","sticky":false,"template":"","format":"standard","meta":{"footnotes":""},"categories":[52],"tags":[476,215,477],"global-categories":[],"class_list":["post-2493","post","type-post","status-publish","format-standard","has-post-thumbnail","hentry","category-nakupny-poradca","tag-bicykel-z-druhej-ruky","tag-nakupny-poradca","tag-pouzity-bicykel"],"yoast_head":"<!-- This site is optimized with the Yoast SEO Premium plugin v25.3 (Yoast SEO v25.9) - https:\/\/yoast.com\/wordpress\/plugins\/seo\/ -->\n<title>Sprievodca k\u00fapou pou\u017e\u00edvan\u00e9ho bicykla - \u0160koda We Love Cycling Slovensko<\/title>\n<meta name=\"robots\" content=\"index, follow, max-snippet:-1, max-image-preview:large, max-video-preview:-1\" \/>\n<link rel=\"canonical\" href=\"https:\/\/www.welovecycling.com\/sk\/2018\/06\/06\/sprievodca-kupou-pouzivaneho-bicykla\/\" \/>\n<meta property=\"og:locale\" content=\"sk_SK\" \/>\n<meta property=\"og:type\" content=\"article\" \/>\n<meta property=\"og:title\" content=\"Sprievodca k\u00fapou pou\u017e\u00edvan\u00e9ho bicykla\" \/>\n<meta property=\"og:description\" content=\"Bicykle \u010dasto nie s\u00fa lacnou z\u00e1le\u017eitos\u0165ou; aj preto ich mnoh\u00ed kupuj\u00fa z druhej ruky. Tak\u00e9to bicykle s\u00fa mnohokr\u00e1t po\u0161koden\u00e9 a [&hellip;]\" \/>\n<meta property=\"og:url\" content=\"https:\/\/www.welovecycling.com\/sk\/2018\/06\/06\/sprievodca-kupou-pouzivaneho-bicykla\/\" \/>\n<meta property=\"og:site_name\" content=\"\u0160koda We Love Cycling Slovensko\" \/>\n<meta property=\"article:published_time\" content=\"2018-06-06T15:07:53+00:00\" \/>\n<meta property=\"article:modified_time\" content=\"2018-06-06T21:13:08+00:00\" \/>\n<meta property=\"og:image\" content=\"https:\/\/d2p6e6u75xmxt8.cloudfront.net\/4\/2017\/10\/profimedia-0282405577-1.webp\" \/>\n\t<meta property=\"og:image:width\" content=\"1375\" \/>\n\t<meta property=\"og:image:height\" content=\"600\" \/>\n\t<meta property=\"og:image:type\" content=\"image\/webp\" \/>\n<meta name=\"author\" content=\"Ondrej Ga\u0161par\" \/>\n<meta name=\"twitter:card\" content=\"summary_large_image\" \/>\n<meta name=\"twitter:label1\" content=\"Written by\" \/>\n\t<meta name=\"twitter:data1\" content=\"Adam Mar\u0161al\" \/>\n\t<meta name=\"twitter:label2\" content=\"Est. reading time\" \/>\n\t<meta name=\"twitter:data2\" content=\"3 minutes\" \/>\n<script type=\"application\/ld+json\" class=\"yoast-schema-graph\">{\"@context\":\"https:\/\/schema.org\",\"@graph\":[{\"@type\":\"WebPage\",\"@id\":\"https:\/\/www.welovecycling.com\/sk\/2018\/06\/06\/sprievodca-kupou-pouzivaneho-bicykla\/\",\"url\":\"https:\/\/www.welovecycling.com\/sk\/2018\/06\/06\/sprievodca-kupou-pouzivaneho-bicykla\/\",\"name\":\"Sprievodca k\u00fapou pou\u017e\u00edvan\u00e9ho bicykla - \u0160koda We Love Cycling Slovensko\",\"isPartOf\":{\"@id\":\"https:\/\/www.welovecycling.com\/sk\/#website\"},\"primaryImageOfPage\":{\"@id\":\"https:\/\/www.welovecycling.com\/sk\/2018\/06\/06\/sprievodca-kupou-pouzivaneho-bicykla\/#primaryimage\"},\"image\":{\"@id\":\"https:\/\/www.welovecycling.com\/sk\/2018\/06\/06\/sprievodca-kupou-pouzivaneho-bicykla\/#primaryimage\"},\"thumbnailUrl\":\"https:\/\/d2p6e6u75xmxt8.cloudfront.net\/4\/2017\/10\/profimedia-0282405577-1.webp\",\"datePublished\":\"2018-06-06T15:07:53+00:00\",\"dateModified\":\"2018-06-06T21:13:08+00:00\",\"author\":{\"@id\":\"https:\/\/www.welovecycling.com\/sk\/#\/schema\/person\/8ee09ba39b7e25b1870160aa5b3a89bc\"},\"breadcrumb\":{\"@id\":\"https:\/\/www.welovecycling.com\/sk\/2018\/06\/06\/sprievodca-kupou-pouzivaneho-bicykla\/#breadcrumb\"},\"inLanguage\":\"sk-SK\",\"potentialAction\":[{\"@type\":\"ReadAction\",\"target\":[\"https:\/\/www.welovecycling.com\/sk\/2018\/06\/06\/sprievodca-kupou-pouzivaneho-bicykla\/\"]}]},{\"@type\":\"ImageObject\",\"inLanguage\":\"sk-SK\",\"@id\":\"https:\/\/www.welovecycling.com\/sk\/2018\/06\/06\/sprievodca-kupou-pouzivaneho-bicykla\/#primaryimage\",\"url\":\"https:\/\/d2p6e6u75xmxt8.cloudfront.net\/4\/2017\/10\/profimedia-0282405577-1.webp\",\"contentUrl\":\"https:\/\/d2p6e6u75xmxt8.cloudfront.net\/4\/2017\/10\/profimedia-0282405577-1.webp\",\"width\":1375,\"height\":600},{\"@type\":\"BreadcrumbList\",\"@id\":\"https:\/\/www.welovecycling.com\/sk\/2018\/06\/06\/sprievodca-kupou-pouzivaneho-bicykla\/#breadcrumb\",\"itemListElement\":[{\"@type\":\"ListItem\",\"position\":1,\"name\":\"Home\",\"item\":\"https:\/\/www.welovecycling.com\/sk\/\"},{\"@type\":\"ListItem\",\"position\":2,\"name\":\"Sprievodca k\u00fapou pou\u017e\u00edvan\u00e9ho bicykla\"}]},{\"@type\":\"WebSite\",\"@id\":\"https:\/\/www.welovecycling.com\/sk\/#website\",\"url\":\"https:\/\/www.welovecycling.com\/sk\/\",\"name\":\"\u0160koda We Love Cycling Slovensko\",\"description\":\"\u0160koda We Love Cycling Slovensko je v\u00e1\u0161 ka\u017edodenn\u00fd zdroj noviniek a in\u0161pir\u00e1cie z sveta cyklistiky\",\"potentialAction\":[{\"@type\":\"SearchAction\",\"target\":{\"@type\":\"EntryPoint\",\"urlTemplate\":\"https:\/\/www.welovecycling.com\/sk\/?s={search_term_string}\"},\"query-input\":{\"@type\":\"PropertyValueSpecification\",\"valueRequired\":true,\"valueName\":\"search_term_string\"}}],\"inLanguage\":\"sk-SK\"},{\"@type\":\"Person\",\"@id\":\"https:\/\/www.welovecycling.com\/sk\/#\/schema\/person\/8ee09ba39b7e25b1870160aa5b3a89bc\",\"name\":\"Ondrej Ga\u0161par\",\"image\":{\"@type\":\"ImageObject\",\"inLanguage\":\"sk-SK\",\"@id\":\"https:\/\/www.welovecycling.com\/sk\/#\/schema\/person\/image\/\",\"url\":\"https:\/\/secure.gravatar.com\/avatar\/6126c9afb87b70da5abbb083ddbb21933da15f18f8ca7cb822aba0fb096a48f6?s=96&d=mm&r=g\",\"contentUrl\":\"https:\/\/secure.gravatar.com\/avatar\/6126c9afb87b70da5abbb083ddbb21933da15f18f8ca7cb822aba0fb096a48f6?s=96&d=mm&r=g\",\"caption\":\"Ondrej Ga\u0161par\"},\"url\":\"https:\/\/www.welovecycling.com\/sk\/author\/ondrejgaspar\/\"}]}<\/script>\n<!-- \/ Yoast SEO Premium plugin. -->","yoast_head_json":{"title":"Sprievodca k\u00fapou pou\u017e\u00edvan\u00e9ho bicykla - \u0160koda We Love Cycling Slovensko","robots":{"index":"index","follow":"follow","max-snippet":"max-snippet:-1","max-image-preview":"max-image-preview:large","max-video-preview":"max-video-preview:-1"},"canonical":"https:\/\/www.welovecycling.com\/sk\/2018\/06\/06\/sprievodca-kupou-pouzivaneho-bicykla\/","og_locale":"sk_SK","og_type":"article","og_title":"Sprievodca k\u00fapou pou\u017e\u00edvan\u00e9ho bicykla","og_description":"Bicykle \u010dasto nie s\u00fa lacnou z\u00e1le\u017eitos\u0165ou; aj preto ich mnoh\u00ed kupuj\u00fa z druhej ruky. Tak\u00e9to bicykle s\u00fa mnohokr\u00e1t po\u0161koden\u00e9 a [&hellip;]","og_url":"https:\/\/www.welovecycling.com\/sk\/2018\/06\/06\/sprievodca-kupou-pouzivaneho-bicykla\/","og_site_name":"\u0160koda We Love Cycling Slovensko","article_published_time":"2018-06-06T15:07:53+00:00","article_modified_time":"2018-06-06T21:13:08+00:00","og_image":[{"width":1375,"height":600,"url":"https:\/\/d2p6e6u75xmxt8.cloudfront.net\/4\/2017\/10\/profimedia-0282405577-1.webp","type":"image\/webp"}],"author":"Ondrej Ga\u0161par","twitter_card":"summary_large_image","twitter_misc":{"Written by":"Adam Mar\u0161al","Est. reading time":"3 minutes"},"schema":{"@context":"https:\/\/schema.org","@graph":[{"@type":"WebPage","@id":"https:\/\/www.welovecycling.com\/sk\/2018\/06\/06\/sprievodca-kupou-pouzivaneho-bicykla\/","url":"https:\/\/www.welovecycling.com\/sk\/2018\/06\/06\/sprievodca-kupou-pouzivaneho-bicykla\/","name":"Sprievodca k\u00fapou pou\u017e\u00edvan\u00e9ho bicykla - \u0160koda We Love Cycling Slovensko","isPartOf":{"@id":"https:\/\/www.welovecycling.com\/sk\/#website"},"primaryImageOfPage":{"@id":"https:\/\/www.welovecycling.com\/sk\/2018\/06\/06\/sprievodca-kupou-pouzivaneho-bicykla\/#primaryimage"},"image":{"@id":"https:\/\/www.welovecycling.com\/sk\/2018\/06\/06\/sprievodca-kupou-pouzivaneho-bicykla\/#primaryimage"},"thumbnailUrl":"https:\/\/d2p6e6u75xmxt8.cloudfront.net\/4\/2017\/10\/profimedia-0282405577-1.webp","datePublished":"2018-06-06T15:07:53+00:00","dateModified":"2018-06-06T21:13:08+00:00","author":{"@id":"https:\/\/www.welovecycling.com\/sk\/#\/schema\/person\/8ee09ba39b7e25b1870160aa5b3a89bc"},"breadcrumb":{"@id":"https:\/\/www.welovecycling.com\/sk\/2018\/06\/06\/sprievodca-kupou-pouzivaneho-bicykla\/#breadcrumb"},"inLanguage":"sk-SK","potentialAction":[{"@type":"ReadAction","target":["https:\/\/www.welovecycling.com\/sk\/2018\/06\/06\/sprievodca-kupou-pouzivaneho-bicykla\/"]}]},{"@type":"ImageObject","inLanguage":"sk-SK","@id":"https:\/\/www.welovecycling.com\/sk\/2018\/06\/06\/sprievodca-kupou-pouzivaneho-bicykla\/#primaryimage","url":"https:\/\/d2p6e6u75xmxt8.cloudfront.net\/4\/2017\/10\/profimedia-0282405577-1.webp","contentUrl":"https:\/\/d2p6e6u75xmxt8.cloudfront.net\/4\/2017\/10\/profimedia-0282405577-1.webp","width":1375,"height":600},{"@type":"BreadcrumbList","@id":"https:\/\/www.welovecycling.com\/sk\/2018\/06\/06\/sprievodca-kupou-pouzivaneho-bicykla\/#breadcrumb","itemListElement":[{"@type":"ListItem","position":1,"name":"Home","item":"https:\/\/www.welovecycling.com\/sk\/"},{"@type":"ListItem","position":2,"name":"Sprievodca k\u00fapou pou\u017e\u00edvan\u00e9ho bicykla"}]},{"@type":"WebSite","@id":"https:\/\/www.welovecycling.com\/sk\/#website","url":"https:\/\/www.welovecycling.com\/sk\/","name":"\u0160koda We Love Cycling Slovensko","description":"\u0160koda We Love Cycling Slovensko je v\u00e1\u0161 ka\u017edodenn\u00fd zdroj noviniek a in\u0161pir\u00e1cie z sveta cyklistiky","potentialAction":[{"@type":"SearchAction","target":{"@type":"EntryPoint","urlTemplate":"https:\/\/www.welovecycling.com\/sk\/?s={search_term_string}"},"query-input":{"@type":"PropertyValueSpecification","valueRequired":true,"valueName":"search_term_string"}}],"inLanguage":"sk-SK"},{"@type":"Person","@id":"https:\/\/www.welovecycling.com\/sk\/#\/schema\/person\/8ee09ba39b7e25b1870160aa5b3a89bc","name":"Ondrej Ga\u0161par","image":{"@type":"ImageObject","inLanguage":"sk-SK","@id":"https:\/\/www.welovecycling.com\/sk\/#\/schema\/person\/image\/","url":"https:\/\/secure.gravatar.com\/avatar\/6126c9afb87b70da5abbb083ddbb21933da15f18f8ca7cb822aba0fb096a48f6?s=96&d=mm&r=g","contentUrl":"https:\/\/secure.gravatar.com\/avatar\/6126c9afb87b70da5abbb083ddbb21933da15f18f8ca7cb822aba0fb096a48f6?s=96&d=mm&r=g","caption":"Ondrej Ga\u0161par"},"url":"https:\/\/www.welovecycling.com\/sk\/author\/ondrejgaspar\/"}]}},"_links":{"self":[{"href":"https:\/\/www.welovecycling.com\/sk\/wp-json\/wp\/v2\/posts\/2493","targetHints":{"allow":["GET"]}}],"collection":[{"href":"https:\/\/www.welovecycling.com\/sk\/wp-json\/wp\/v2\/posts"}],"about":[{"href":"https:\/\/www.welovecycling.com\/sk\/wp-json\/wp\/v2\/types\/post"}],"author":[{"embeddable":true,"href":"https:\/\/www.welovecycling.com\/sk\/wp-json\/wp\/v2\/users\/38"}],"replies":[{"embeddable":true,"href":"https:\/\/www.welovecycling.com\/sk\/wp-json\/wp\/v2\/comments?post=2493"}],"version-history":[{"count":2,"href":"https:\/\/www.welovecycling.com\/sk\/wp-json\/wp\/v2\/posts\/2493\/revisions"}],"predecessor-version":[{"id":3860,"href":"https:\/\/www.welovecycling.com\/sk\/wp-json\/wp\/v2\/posts\/2493\/revisions\/3860"}],"wp:featuredmedia":[{"embeddable":true,"href":"https:\/\/www.welovecycling.com\/sk\/wp-json\/wp\/v2\/media\/2498"}],"wp:attachment":[{"href":"https:\/\/www.welovecycling.com\/sk\/wp-json\/wp\/v2\/media?parent=2493"}],"wp:term":[{"taxonomy":"category","embeddable":true,"href":"https:\/\/www.welovecycling.com\/sk\/wp-json\/wp\/v2\/categories?post=2493"},{"taxonomy":"post_tag","embeddable":true,"href":"https:\/\/www.welovecycling.com\/sk\/wp-json\/wp\/v2\/tags?post=2493"},{"taxonomy":"global-categories","embeddable":true,"href":"https:\/\/www.welovecycling.com\/sk\/wp-json\/wp\/v2\/global-categories?post=2493"}],"curies":[{"name":"wp","href":"https:\/\/api.w.org\/{rel}","templated":true}]}}