{"id":2474,"date":"2017-10-18T17:27:29","date_gmt":"2017-10-18T15:27:29","guid":{"rendered":"https:\/\/www.welovecycling.com\/sk\/?p=2474"},"modified":"2018-07-06T17:35:20","modified_gmt":"2018-07-06T15:35:20","slug":"pozname-trasu-tour-de-france-2018","status":"publish","type":"post","link":"https:\/\/www.welovecycling.com\/sk\/2017\/10\/18\/pozname-trasu-tour-de-france-2018\/","title":{"rendered":"Pozn\u00e1me trasu Tour de France 2018"},"content":{"rendered":"<p><strong>Trasa bud\u00faceho ro\u010dn\u00edka Tour de France bola zverejnen\u00e1 a u\u017e na \u201epapieri\u201c s\u013eubuje v\u00fdborn\u00e9 divadlo.<\/strong><!--more--><\/p>\n<p>Navy\u0161e sa bude jedna\u0165 o naozaj zauj\u00edmav\u00fd mix, preto\u017ee jazdci absolvuj\u00fa sl\u00e1vne \u00faseky klasiky Par\u00ed\u017e-Roubaix, legend\u00e1rne st\u00fapanie s 21 serpent\u00ednami L\u2019Alpe-d\u2019Huez alebo sl\u00e1vny Col du Tourmalet. Celkovo ich \u010dak\u00e1 5 horsk\u00fdch dojazdov, ale nezabudlo sa ani na t\u00edmov\u00fa \u010dasovku. Je mo\u017en\u00e9, \u017ee po tom v\u0161etkom nakoniec v predposledn\u00fd de\u0148 rozhodne kopcovit\u00e1 individu\u00e1lna \u010dasovka. V podstate sa nezabudlo skuto\u010dne na ni\u010d a v\u00ed\u0165az op\u00e4\u0165 mus\u00ed preuk\u00e1za\u0165 svoju univerz\u00e1lnos\u0165.<\/p>\n<p>https:\/\/www.instagram.com\/p\/BaE5GVchpkn\/?taken-by=letourdefrance<\/p>\n<p>\u0160tart 105. ro\u010dn\u00edka sa uskuto\u010dn\u00ed 7. j\u00fala v departmente Vend\u00e9e na z\u00e1padnom pobre\u017e\u00ed Franc\u00fazska. \u00davodn\u00e9 etapy bud\u00fa patri\u0165 hlavne \u0161print\u00e9rom, ale u\u017e tretia v porad\u00ed je t\u00edmov\u00e1 \u010dasovka. \u010ealej sa jazdci dostan\u00fa na sever a v\u00fdchod, kde bude \u010daka\u0165 vrchol v podobe etapy na ma\u010dac\u00edch hlav\u00e1ch (pav\u00e9) sl\u00e1vnej Par\u00ed\u017e-Roubaix. Celkovo \u010dak\u00e1 takmer 22 km rozdelen\u00fdch do 15 \u00fasekov s cie\u013eom na sl\u00e1vnom velodr\u00f3me. Jazdci na celkov\u00e9 poradie bud\u00fa jednoducho musie\u0165 \u201epre\u017ei\u0165\u201c a by\u0165 neust\u00e1le v strehu.<\/p>\n<lite-youtube videoid=CCQ_K1GMLPs params=\"enablejsapi=1\" style=\"background-image: url('https:\/\/i.ytimg.com\/vi_webp\/CCQ_K1GMLPs\/maxresdefault.webp');\"><\/lite-youtube>\n<p><a href=\"https:\/\/d2p6e6u75xmxt8.cloudfront.net\/4\/2017\/10\/02-2.jpg\"><img loading=\"lazy\" decoding=\"async\" class=\"alignnone size-full wp-image-2475\" src=\"https:\/\/d2p6e6u75xmxt8.cloudfront.net\/4\/2017\/10\/02-2.jpg\" alt=\"\" width=\"1200\" height=\"899\" \/><\/a><\/p>\n<p>A\u017e v desiatej etape pr\u00eddu na rad Alpy &#8211; a hne\u010f vo ve\u013ekom \u0161t\u00fdle. \u010cakaj\u00fa chu\u0165ovky ako Col de la Croix-Fry, Col de la Colombi\u00e9re,\u00a0Col de la Madeleine alebo spom\u00ednan\u00e9 L\u2019Alpe-d\u2019Huez. Tret\u00ed t\u00fd\u017ede\u0148 sa s\u00faboje prenes\u00fa do Pyrenej\u00ed na Col de Peyresourde, Col de Portet, vysok\u00fd Aspin a samozrejme Col du Tourmalet. Definit\u00edvne zrejme rozhodne \u010dasovka jednotlivcov v predposledn\u00fd de\u0148, ktor\u00e1 sa bude navy\u0161e odohr\u00e1va\u0165 v kopcovitom ter\u00e9ne a na 31 kilometroch bude obsahova\u0165 dokonca 4 prudk\u00e9 st\u00fapania.<\/p>\n<lite-youtube videoid=5ile4NRMLDQ params=\"enablejsapi=1\" style=\"background-image: url('https:\/\/i.ytimg.com\/vi_webp\/5ile4NRMLDQ\/maxresdefault.webp');\"><\/lite-youtube>\n<p>Nebude to v\u0161ak len boj o celkov\u00e9 v\u00ed\u0165azstvo alebo prehliadka vrch\u00e1rov. Na klasick\u00fdch \u0161print\u00e9rov \u010dak\u00e1 8 pr\u00edle\u017eitost\u00ed, v\u00fdbu\u0161n\u00ed \u201eklasik\u00e1ri\u201c maj\u00fa tri \u0161ance na zvlnen\u00fdch etap\u00e1ch, ktor\u00e9 neraz kon\u010dia kr\u00e1tkym a prudk\u00fdm st\u00fapan\u00edm. No a te\u0161i\u0165 sa m\u00f4\u017eu aj \u0161pecialisti na \u00fatoky v kopcoch, preto\u017ee niektor\u00e9 etapy kon\u010dia zjazdom.<\/p>\n<p>https:\/\/www.instagram.com\/p\/BW26BksFvSv\/?taken-by=chrisfroome<br \/>\nhttps:\/\/www.instagram.com\/p\/BZRZ3gvja-Y\/?taken-by=uci_cycling<\/p>\n<p>Najv\u00e4\u010d\u0161\u00edm favoritom ost\u00e1va Chris Froome, ktor\u00fd je st\u00e1le na vrchole s\u00edl, m\u00e1 v\u00fdborn\u00fd t\u00edm a dok\u00e1\u017ee jazdi\u0165 ako kopce, tak aj \u010dasovky. Zrejme najv\u00e4\u010d\u0161\u00edm vyz\u00fdvate\u013eom bude v\u00ed\u0165az tohtoro\u010dn\u00e9ho Gira a o 6 rokov mlad\u0161\u00ed Tom Dumoulin \u2013 ten si ned\u00e1vno pri\u0161iel suver\u00e9nne aj pre svetov\u00fd titul v \u010dasovke. Bude ve\u013emi zauj\u00edmav\u00e9 sledova\u0165 ich s\u00faboj a ur\u010dite sa do neho zamot\u00e1 e\u0161te niekto \u010fal\u0161\u00ed&#8230;<\/p>\n","protected":false},"excerpt":{"rendered":"<p>Trasa bud\u00faceho ro\u010dn\u00edka Tour de France bola zverejnen\u00e1 a u\u017e na \u201epapieri\u201c s\u013eubuje v\u00fdborn\u00e9 divadlo.<\/p>\n","protected":false},"author":38,"featured_media":1641,"comment_status":"open","ping_status":"open","sticky":false,"template":"","format":"standard","meta":{"footnotes":""},"categories":[4,117],"tags":[115,119,306,46,307,20,308,197],"global-categories":[],"class_list":["post-2474","post","type-post","status-publish","format-standard","has-post-thumbnail","hentry","category-cestna-cyklisitika","category-tour-de-france","tag-cestna-cyklistika","tag-chris-froome","tag-francuzsko","tag-peter-sagan","tag-tom-dumoulin","tag-tour-de-france","tag-tour-de-france-2018","tag-vincenzo-nibali"],"yoast_head":"<!-- This site is optimized with the Yoast SEO Premium plugin v25.3 (Yoast SEO v25.9) - https:\/\/yoast.com\/wordpress\/plugins\/seo\/ -->\n<title>Pozn\u00e1me trasu Tour de France 2018 - \u0160koda We Love Cycling Slovensko<\/title>\n<meta name=\"robots\" content=\"index, follow, max-snippet:-1, max-image-preview:large, max-video-preview:-1\" \/>\n<link rel=\"canonical\" href=\"https:\/\/www.welovecycling.com\/sk\/2017\/10\/18\/pozname-trasu-tour-de-france-2018\/\" \/>\n<meta property=\"og:locale\" content=\"sk_SK\" \/>\n<meta property=\"og:type\" content=\"article\" \/>\n<meta property=\"og:title\" content=\"Pozn\u00e1me trasu Tour de France 2018\" \/>\n<meta property=\"og:description\" content=\"Trasa bud\u00faceho ro\u010dn\u00edka Tour de France bola zverejnen\u00e1 a u\u017e na \u201epapieri\u201c s\u013eubuje v\u00fdborn\u00e9 divadlo.\" \/>\n<meta property=\"og:url\" content=\"https:\/\/www.welovecycling.com\/sk\/2017\/10\/18\/pozname-trasu-tour-de-france-2018\/\" \/>\n<meta property=\"og:site_name\" content=\"\u0160koda We Love Cycling Slovensko\" \/>\n<meta property=\"article:published_time\" content=\"2017-10-18T15:27:29+00:00\" \/>\n<meta property=\"article:modified_time\" content=\"2018-07-06T15:35:20+00:00\" \/>\n<meta property=\"og:image\" content=\"https:\/\/d2p6e6u75xmxt8.cloudfront.net\/4\/2017\/07\/druhytyzden-tdf.webp\" \/>\n\t<meta property=\"og:image:width\" content=\"1375\" \/>\n\t<meta property=\"og:image:height\" content=\"600\" \/>\n\t<meta property=\"og:image:type\" content=\"image\/webp\" \/>\n<meta name=\"author\" content=\"Ondrej Ga\u0161par\" \/>\n<meta name=\"twitter:card\" content=\"summary_large_image\" \/>\n<meta name=\"twitter:label1\" content=\"Written by\" \/>\n\t<meta name=\"twitter:data1\" content=\"We Love Cycling\" \/>\n\t<meta name=\"twitter:label2\" content=\"Est. reading time\" \/>\n\t<meta name=\"twitter:data2\" content=\"2 minutes\" \/>\n<script type=\"application\/ld+json\" class=\"yoast-schema-graph\">{\"@context\":\"https:\/\/schema.org\",\"@graph\":[{\"@type\":\"WebPage\",\"@id\":\"https:\/\/www.welovecycling.com\/sk\/2017\/10\/18\/pozname-trasu-tour-de-france-2018\/\",\"url\":\"https:\/\/www.welovecycling.com\/sk\/2017\/10\/18\/pozname-trasu-tour-de-france-2018\/\",\"name\":\"Pozn\u00e1me trasu Tour de France 2018 - \u0160koda We Love Cycling Slovensko\",\"isPartOf\":{\"@id\":\"https:\/\/www.welovecycling.com\/sk\/#website\"},\"primaryImageOfPage\":{\"@id\":\"https:\/\/www.welovecycling.com\/sk\/2017\/10\/18\/pozname-trasu-tour-de-france-2018\/#primaryimage\"},\"image\":{\"@id\":\"https:\/\/www.welovecycling.com\/sk\/2017\/10\/18\/pozname-trasu-tour-de-france-2018\/#primaryimage\"},\"thumbnailUrl\":\"https:\/\/d2p6e6u75xmxt8.cloudfront.net\/4\/2017\/07\/druhytyzden-tdf.webp\",\"datePublished\":\"2017-10-18T15:27:29+00:00\",\"dateModified\":\"2018-07-06T15:35:20+00:00\",\"author\":{\"@id\":\"https:\/\/www.welovecycling.com\/sk\/#\/schema\/person\/8ee09ba39b7e25b1870160aa5b3a89bc\"},\"breadcrumb\":{\"@id\":\"https:\/\/www.welovecycling.com\/sk\/2017\/10\/18\/pozname-trasu-tour-de-france-2018\/#breadcrumb\"},\"inLanguage\":\"sk-SK\",\"potentialAction\":[{\"@type\":\"ReadAction\",\"target\":[\"https:\/\/www.welovecycling.com\/sk\/2017\/10\/18\/pozname-trasu-tour-de-france-2018\/\"]}]},{\"@type\":\"ImageObject\",\"inLanguage\":\"sk-SK\",\"@id\":\"https:\/\/www.welovecycling.com\/sk\/2017\/10\/18\/pozname-trasu-tour-de-france-2018\/#primaryimage\",\"url\":\"https:\/\/d2p6e6u75xmxt8.cloudfront.net\/4\/2017\/07\/druhytyzden-tdf.webp\",\"contentUrl\":\"https:\/\/d2p6e6u75xmxt8.cloudfront.net\/4\/2017\/07\/druhytyzden-tdf.webp\",\"width\":1375,\"height\":600},{\"@type\":\"BreadcrumbList\",\"@id\":\"https:\/\/www.welovecycling.com\/sk\/2017\/10\/18\/pozname-trasu-tour-de-france-2018\/#breadcrumb\",\"itemListElement\":[{\"@type\":\"ListItem\",\"position\":1,\"name\":\"Home\",\"item\":\"https:\/\/www.welovecycling.com\/sk\/\"},{\"@type\":\"ListItem\",\"position\":2,\"name\":\"Pozn\u00e1me trasu Tour de France 2018\"}]},{\"@type\":\"WebSite\",\"@id\":\"https:\/\/www.welovecycling.com\/sk\/#website\",\"url\":\"https:\/\/www.welovecycling.com\/sk\/\",\"name\":\"\u0160koda We Love Cycling Slovensko\",\"description\":\"\u0160koda We Love Cycling Slovensko je v\u00e1\u0161 ka\u017edodenn\u00fd zdroj noviniek a in\u0161pir\u00e1cie z sveta cyklistiky\",\"potentialAction\":[{\"@type\":\"SearchAction\",\"target\":{\"@type\":\"EntryPoint\",\"urlTemplate\":\"https:\/\/www.welovecycling.com\/sk\/?s={search_term_string}\"},\"query-input\":{\"@type\":\"PropertyValueSpecification\",\"valueRequired\":true,\"valueName\":\"search_term_string\"}}],\"inLanguage\":\"sk-SK\"},{\"@type\":\"Person\",\"@id\":\"https:\/\/www.welovecycling.com\/sk\/#\/schema\/person\/8ee09ba39b7e25b1870160aa5b3a89bc\",\"name\":\"Ondrej Ga\u0161par\",\"image\":{\"@type\":\"ImageObject\",\"inLanguage\":\"sk-SK\",\"@id\":\"https:\/\/www.welovecycling.com\/sk\/#\/schema\/person\/image\/\",\"url\":\"https:\/\/secure.gravatar.com\/avatar\/6126c9afb87b70da5abbb083ddbb21933da15f18f8ca7cb822aba0fb096a48f6?s=96&d=mm&r=g\",\"contentUrl\":\"https:\/\/secure.gravatar.com\/avatar\/6126c9afb87b70da5abbb083ddbb21933da15f18f8ca7cb822aba0fb096a48f6?s=96&d=mm&r=g\",\"caption\":\"Ondrej Ga\u0161par\"},\"url\":\"https:\/\/www.welovecycling.com\/sk\/author\/ondrejgaspar\/\"}]}<\/script>\n<!-- \/ Yoast SEO Premium plugin. -->","yoast_head_json":{"title":"Pozn\u00e1me trasu Tour de France 2018 - \u0160koda We Love Cycling Slovensko","robots":{"index":"index","follow":"follow","max-snippet":"max-snippet:-1","max-image-preview":"max-image-preview:large","max-video-preview":"max-video-preview:-1"},"canonical":"https:\/\/www.welovecycling.com\/sk\/2017\/10\/18\/pozname-trasu-tour-de-france-2018\/","og_locale":"sk_SK","og_type":"article","og_title":"Pozn\u00e1me trasu Tour de France 2018","og_description":"Trasa bud\u00faceho ro\u010dn\u00edka Tour de France bola zverejnen\u00e1 a u\u017e na \u201epapieri\u201c s\u013eubuje v\u00fdborn\u00e9 divadlo.","og_url":"https:\/\/www.welovecycling.com\/sk\/2017\/10\/18\/pozname-trasu-tour-de-france-2018\/","og_site_name":"\u0160koda We Love Cycling Slovensko","article_published_time":"2017-10-18T15:27:29+00:00","article_modified_time":"2018-07-06T15:35:20+00:00","og_image":[{"width":1375,"height":600,"url":"https:\/\/d2p6e6u75xmxt8.cloudfront.net\/4\/2017\/07\/druhytyzden-tdf.webp","type":"image\/webp"}],"author":"Ondrej Ga\u0161par","twitter_card":"summary_large_image","twitter_misc":{"Written by":"We Love Cycling","Est. reading time":"2 minutes"},"schema":{"@context":"https:\/\/schema.org","@graph":[{"@type":"WebPage","@id":"https:\/\/www.welovecycling.com\/sk\/2017\/10\/18\/pozname-trasu-tour-de-france-2018\/","url":"https:\/\/www.welovecycling.com\/sk\/2017\/10\/18\/pozname-trasu-tour-de-france-2018\/","name":"Pozn\u00e1me trasu Tour de France 2018 - \u0160koda We Love Cycling Slovensko","isPartOf":{"@id":"https:\/\/www.welovecycling.com\/sk\/#website"},"primaryImageOfPage":{"@id":"https:\/\/www.welovecycling.com\/sk\/2017\/10\/18\/pozname-trasu-tour-de-france-2018\/#primaryimage"},"image":{"@id":"https:\/\/www.welovecycling.com\/sk\/2017\/10\/18\/pozname-trasu-tour-de-france-2018\/#primaryimage"},"thumbnailUrl":"https:\/\/d2p6e6u75xmxt8.cloudfront.net\/4\/2017\/07\/druhytyzden-tdf.webp","datePublished":"2017-10-18T15:27:29+00:00","dateModified":"2018-07-06T15:35:20+00:00","author":{"@id":"https:\/\/www.welovecycling.com\/sk\/#\/schema\/person\/8ee09ba39b7e25b1870160aa5b3a89bc"},"breadcrumb":{"@id":"https:\/\/www.welovecycling.com\/sk\/2017\/10\/18\/pozname-trasu-tour-de-france-2018\/#breadcrumb"},"inLanguage":"sk-SK","potentialAction":[{"@type":"ReadAction","target":["https:\/\/www.welovecycling.com\/sk\/2017\/10\/18\/pozname-trasu-tour-de-france-2018\/"]}]},{"@type":"ImageObject","inLanguage":"sk-SK","@id":"https:\/\/www.welovecycling.com\/sk\/2017\/10\/18\/pozname-trasu-tour-de-france-2018\/#primaryimage","url":"https:\/\/d2p6e6u75xmxt8.cloudfront.net\/4\/2017\/07\/druhytyzden-tdf.webp","contentUrl":"https:\/\/d2p6e6u75xmxt8.cloudfront.net\/4\/2017\/07\/druhytyzden-tdf.webp","width":1375,"height":600},{"@type":"BreadcrumbList","@id":"https:\/\/www.welovecycling.com\/sk\/2017\/10\/18\/pozname-trasu-tour-de-france-2018\/#breadcrumb","itemListElement":[{"@type":"ListItem","position":1,"name":"Home","item":"https:\/\/www.welovecycling.com\/sk\/"},{"@type":"ListItem","position":2,"name":"Pozn\u00e1me trasu Tour de France 2018"}]},{"@type":"WebSite","@id":"https:\/\/www.welovecycling.com\/sk\/#website","url":"https:\/\/www.welovecycling.com\/sk\/","name":"\u0160koda We Love Cycling Slovensko","description":"\u0160koda We Love Cycling Slovensko je v\u00e1\u0161 ka\u017edodenn\u00fd zdroj noviniek a in\u0161pir\u00e1cie z sveta cyklistiky","potentialAction":[{"@type":"SearchAction","target":{"@type":"EntryPoint","urlTemplate":"https:\/\/www.welovecycling.com\/sk\/?s={search_term_string}"},"query-input":{"@type":"PropertyValueSpecification","valueRequired":true,"valueName":"search_term_string"}}],"inLanguage":"sk-SK"},{"@type":"Person","@id":"https:\/\/www.welovecycling.com\/sk\/#\/schema\/person\/8ee09ba39b7e25b1870160aa5b3a89bc","name":"Ondrej Ga\u0161par","image":{"@type":"ImageObject","inLanguage":"sk-SK","@id":"https:\/\/www.welovecycling.com\/sk\/#\/schema\/person\/image\/","url":"https:\/\/secure.gravatar.com\/avatar\/6126c9afb87b70da5abbb083ddbb21933da15f18f8ca7cb822aba0fb096a48f6?s=96&d=mm&r=g","contentUrl":"https:\/\/secure.gravatar.com\/avatar\/6126c9afb87b70da5abbb083ddbb21933da15f18f8ca7cb822aba0fb096a48f6?s=96&d=mm&r=g","caption":"Ondrej Ga\u0161par"},"url":"https:\/\/www.welovecycling.com\/sk\/author\/ondrejgaspar\/"}]}},"_links":{"self":[{"href":"https:\/\/www.welovecycling.com\/sk\/wp-json\/wp\/v2\/posts\/2474","targetHints":{"allow":["GET"]}}],"collection":[{"href":"https:\/\/www.welovecycling.com\/sk\/wp-json\/wp\/v2\/posts"}],"about":[{"href":"https:\/\/www.welovecycling.com\/sk\/wp-json\/wp\/v2\/types\/post"}],"author":[{"embeddable":true,"href":"https:\/\/www.welovecycling.com\/sk\/wp-json\/wp\/v2\/users\/38"}],"replies":[{"embeddable":true,"href":"https:\/\/www.welovecycling.com\/sk\/wp-json\/wp\/v2\/comments?post=2474"}],"version-history":[{"count":2,"href":"https:\/\/www.welovecycling.com\/sk\/wp-json\/wp\/v2\/posts\/2474\/revisions"}],"predecessor-version":[{"id":2481,"href":"https:\/\/www.welovecycling.com\/sk\/wp-json\/wp\/v2\/posts\/2474\/revisions\/2481"}],"wp:featuredmedia":[{"embeddable":true,"href":"https:\/\/www.welovecycling.com\/sk\/wp-json\/wp\/v2\/media\/1641"}],"wp:attachment":[{"href":"https:\/\/www.welovecycling.com\/sk\/wp-json\/wp\/v2\/media?parent=2474"}],"wp:term":[{"taxonomy":"category","embeddable":true,"href":"https:\/\/www.welovecycling.com\/sk\/wp-json\/wp\/v2\/categories?post=2474"},{"taxonomy":"post_tag","embeddable":true,"href":"https:\/\/www.welovecycling.com\/sk\/wp-json\/wp\/v2\/tags?post=2474"},{"taxonomy":"global-categories","embeddable":true,"href":"https:\/\/www.welovecycling.com\/sk\/wp-json\/wp\/v2\/global-categories?post=2474"}],"curies":[{"name":"wp","href":"https:\/\/api.w.org\/{rel}","templated":true}]}}