{"id":2410,"date":"2017-11-03T16:55:32","date_gmt":"2017-11-03T15:55:32","guid":{"rendered":"https:\/\/www.welovecycling.com\/sk\/?p=2410"},"modified":"2017-12-18T13:02:05","modified_gmt":"2017-12-18T12:02:05","slug":"bikovy-klenot-pieninach-singletrails-lechnica","status":"publish","type":"post","link":"https:\/\/www.welovecycling.com\/sk\/2017\/11\/03\/bikovy-klenot-pieninach-singletrails-lechnica\/","title":{"rendered":"Bikov\u00fd klenot v Pienin\u00e1ch &#8211; Singletrails Lechnica"},"content":{"rendered":"<p><strong>Ak \u0165a zaujal \u010dl\u00e1nok o trailovom jazden\u00ed v Laskomerskej doline pri Banskej Bystrici, m\u00e1me tip na \u010fal\u0161iu kr\u00e1snu lokalitu \u2013 Lechnick\u00e9 singletraily.<\/strong><!--more--><\/p>\n<div id='gallery-1' class='gallery galleryid-2410 gallery-columns-2 gallery-size-full'><figure class='gallery-item'>\n\t\t\t<div class='gallery-icon landscape'>\n\t\t\t\t<a href='https:\/\/d2p6e6u75xmxt8.cloudfront.net\/4\/2017\/10\/00.most_v_Cervenom_Kameni_do_Polska.JPG.webp'><img loading=\"lazy\" decoding=\"async\" width=\"1184\" height=\"666\" src=\"https:\/\/d2p6e6u75xmxt8.cloudfront.net\/4\/2017\/10\/00.most_v_Cervenom_Kameni_do_Polska.JPG.webp\" class=\"attachment-full size-full\" alt=\"\" srcset=\"https:\/\/d2p6e6u75xmxt8.cloudfront.net\/4\/2017\/10\/00.most_v_Cervenom_Kameni_do_Polska.JPG.webp 1184w, https:\/\/d2p6e6u75xmxt8.cloudfront.net\/4\/2017\/10\/00.most_v_Cervenom_Kameni_do_Polska.JPG-300x169.webp 300w, https:\/\/d2p6e6u75xmxt8.cloudfront.net\/4\/2017\/10\/00.most_v_Cervenom_Kameni_do_Polska.JPG-1024x576.webp 1024w, https:\/\/d2p6e6u75xmxt8.cloudfront.net\/4\/2017\/10\/00.most_v_Cervenom_Kameni_do_Polska.JPG-768x432.webp 768w\" sizes=\"auto, (max-width: 1184px) 100vw, 1184px\" \/><\/a>\n\t\t\t<\/div><\/figure><figure class='gallery-item'>\n\t\t\t<div class='gallery-icon landscape'>\n\t\t\t\t<a href='https:\/\/d2p6e6u75xmxt8.cloudfront.net\/4\/2017\/10\/02.trailbuilding.webp'><img loading=\"lazy\" decoding=\"async\" width=\"1184\" height=\"666\" src=\"https:\/\/d2p6e6u75xmxt8.cloudfront.net\/4\/2017\/10\/02.trailbuilding.webp\" class=\"attachment-full size-full\" alt=\"\" srcset=\"https:\/\/d2p6e6u75xmxt8.cloudfront.net\/4\/2017\/10\/02.trailbuilding.webp 1184w, https:\/\/d2p6e6u75xmxt8.cloudfront.net\/4\/2017\/10\/02.trailbuilding-300x169.webp 300w, https:\/\/d2p6e6u75xmxt8.cloudfront.net\/4\/2017\/10\/02.trailbuilding-1024x576.webp 1024w, https:\/\/d2p6e6u75xmxt8.cloudfront.net\/4\/2017\/10\/02.trailbuilding-768x432.webp 768w\" sizes=\"auto, (max-width: 1184px) 100vw, 1184px\" \/><\/a>\n\t\t\t<\/div><\/figure><figure class='gallery-item'>\n\t\t\t<div class='gallery-icon landscape'>\n\t\t\t\t<a href='https:\/\/d2p6e6u75xmxt8.cloudfront.net\/4\/2017\/10\/03.trailbuilding.webp'><img loading=\"lazy\" decoding=\"async\" width=\"1184\" height=\"666\" src=\"https:\/\/d2p6e6u75xmxt8.cloudfront.net\/4\/2017\/10\/03.trailbuilding.webp\" class=\"attachment-full size-full\" alt=\"\" srcset=\"https:\/\/d2p6e6u75xmxt8.cloudfront.net\/4\/2017\/10\/03.trailbuilding.webp 1184w, https:\/\/d2p6e6u75xmxt8.cloudfront.net\/4\/2017\/10\/03.trailbuilding-300x169.webp 300w, https:\/\/d2p6e6u75xmxt8.cloudfront.net\/4\/2017\/10\/03.trailbuilding-1024x576.webp 1024w, https:\/\/d2p6e6u75xmxt8.cloudfront.net\/4\/2017\/10\/03.trailbuilding-768x432.webp 768w\" sizes=\"auto, (max-width: 1184px) 100vw, 1184px\" \/><\/a>\n\t\t\t<\/div><\/figure><figure class='gallery-item'>\n\t\t\t<div class='gallery-icon landscape'>\n\t\t\t\t<a href='https:\/\/d2p6e6u75xmxt8.cloudfront.net\/4\/2017\/10\/04.trailbuilding.webp'><img loading=\"lazy\" decoding=\"async\" width=\"1184\" height=\"666\" src=\"https:\/\/d2p6e6u75xmxt8.cloudfront.net\/4\/2017\/10\/04.trailbuilding.webp\" class=\"attachment-full size-full\" alt=\"\" srcset=\"https:\/\/d2p6e6u75xmxt8.cloudfront.net\/4\/2017\/10\/04.trailbuilding.webp 1184w, https:\/\/d2p6e6u75xmxt8.cloudfront.net\/4\/2017\/10\/04.trailbuilding-300x169.webp 300w, https:\/\/d2p6e6u75xmxt8.cloudfront.net\/4\/2017\/10\/04.trailbuilding-1024x576.webp 1024w, https:\/\/d2p6e6u75xmxt8.cloudfront.net\/4\/2017\/10\/04.trailbuilding-768x432.webp 768w\" sizes=\"auto, (max-width: 1184px) 100vw, 1184px\" \/><\/a>\n\t\t\t<\/div><\/figure>\n\t\t<\/div>\n\n<p>Tie sa kone\u010dne aj na Slovensku rozrastaj\u00fa, aby pritiahli n\u00e1s, pravovern\u00fdch bikerov. Tentokr\u00e1t ide o najsevernej\u0161ie Slovensko &#8211; mal\u00fa obec Lechnica, uprostred malebn\u00fdch Pienin. Pre\u010do pr\u00e1ve Lechnica? Nu\u017e&#8230; pr\u00edbeh za\u010d\u00edna v\u017edy aktivitami t\u00fdch spr\u00e1vnych nad\u0161encov a tentokr\u00e1t n\u00edm bol miestny starosta Jozef Musala. B\u00fdval\u00e9mu \u00faspe\u0161n\u00e9mu projektov\u00e9mu mana\u017e\u00e9rovi, ktor\u00fd dostal viacer\u00e9 ocenenia za vystavan\u00e9 budovy, trhalo srdce, \u017ee jeho rodn\u00e1 obec ch\u00e1trala. A tak odlo\u017eil kari\u00e9ru bokom, po\u010d\u00favol hlas srdca a po tom, \u010do bol zvolen\u00fd v obecn\u00fdch vo\u013eb\u00e1ch, sa pustil do kreat\u00edvnych a systematick\u00fdch rie\u0161en\u00ed pre svoju obec a regi\u00f3n.<\/p>\n<div class=\"shortcode-ys-post-pinup\"><article class=\"loop-simple post-2187 post type-post status-publish format-standard has-post-thumbnail hentry category-adrenalin category-blog category-mtb category-odporucame category-zabava tag-banska-bystrica tag-horska-cyklistika tag-kolesom tag-laskomerska-dolina tag-laskomerske-singletraily tag-singletrail tag-trail\" data-postid=\"2187\" role=\"article\" data-post-id=\"2187\" data-word-count=\"634\" data-headline-length=\"51\" data-category=\"Adrenal\u00edn\" data-author=\"We Love Cycling\" data-published=\"2017-09-12T10:23:15+02:00\" data-published-day=\"Tuesday\">\n    <div class=\"entry-thumbnail article-thumbnail\" content=\"https:\/\/d2p6e6u75xmxt8.cloudfront.net\/4\/2017\/09\/05.JPG-150x150.webp\"><a href=\"https:\/\/www.welovecycling.com\/sk\/2017\/09\/12\/laskomerske-singletraily-z-chuti-si-zajazdite\/\" class=\"image-holder\" target=\"_self\"><img decoding=\"async\" loading=\"lazy\" class=\"\" src=\"https:\/\/d2p6e6u75xmxt8.cloudfront.net\/4\/2017\/09\/05.JPG-1024x447.webp\" srcset=\"https:\/\/d2p6e6u75xmxt8.cloudfront.net\/4\/2017\/09\/05.JPG.webp 1375w, https:\/\/d2p6e6u75xmxt8.cloudfront.net\/4\/2017\/09\/05.JPG-300x131.webp 300w, https:\/\/d2p6e6u75xmxt8.cloudfront.net\/4\/2017\/09\/05.JPG-1024x447.webp 1024w, https:\/\/d2p6e6u75xmxt8.cloudfront.net\/4\/2017\/09\/05.JPG-768x335.webp 768w\" width=\"1024\" height=\"447\" sizes=\"auto, (min-width: 1200px) 458px, (min-width: 768px) 38vw, 100vw\" alt=\"laskomerske-singletraily-z-chuti-si-zajazdite\"\/><\/a><\/div>    <div class=\"entry-meta\">\n        <a class=\"label label-secondary post-category\" href=\"https:\/\/www.welovecycling.com\/sk\/category\/adrenalin\/\" title=\"Adrenal\u00edn\">Adrenal\u00edn<\/a>\n    <\/div>\n    <div class=\"entry-details\">\n        <a href=\"https:\/\/www.welovecycling.com\/sk\/2017\/09\/12\/laskomerske-singletraily-z-chuti-si-zajazdite\/\" class='entry-title-wrapper'>\n            <h3 class=\"entry-title\"><span>Laskomersk\u00e9 singletraily \u2013 z chuti si zajazdite!<\/span><\/h3>\n        <\/a>\n    <\/div>\n    <\/article>\n<\/div>\n<div id='gallery-2' class='gallery galleryid-2187 gallery-columns-2 gallery-size-full'><figure class='gallery-item'>\n\t\t\t<div class='gallery-icon portrait'>\n\t\t\t\t<a href='https:\/\/d2p6e6u75xmxt8.cloudfront.net\/4\/2017\/10\/06.trail_.webp'><img loading=\"lazy\" decoding=\"async\" width=\"483\" height=\"859\" src=\"https:\/\/d2p6e6u75xmxt8.cloudfront.net\/4\/2017\/10\/06.trail_.webp\" class=\"attachment-full size-full\" alt=\"\" srcset=\"https:\/\/d2p6e6u75xmxt8.cloudfront.net\/4\/2017\/10\/06.trail_.webp 483w, https:\/\/d2p6e6u75xmxt8.cloudfront.net\/4\/2017\/10\/06.trail_-169x300.webp 169w\" sizes=\"auto, (max-width: 483px) 100vw, 483px\" \/><\/a>\n\t\t\t<\/div><\/figure><figure class='gallery-item'>\n\t\t\t<div class='gallery-icon portrait'>\n\t\t\t\t<a href='https:\/\/d2p6e6u75xmxt8.cloudfront.net\/4\/2017\/10\/06-1.trail_.webp'><img loading=\"lazy\" decoding=\"async\" width=\"483\" height=\"859\" src=\"https:\/\/d2p6e6u75xmxt8.cloudfront.net\/4\/2017\/10\/06-1.trail_.webp\" class=\"attachment-full size-full\" alt=\"\" srcset=\"https:\/\/d2p6e6u75xmxt8.cloudfront.net\/4\/2017\/10\/06-1.trail_.webp 483w, https:\/\/d2p6e6u75xmxt8.cloudfront.net\/4\/2017\/10\/06-1.trail_-169x300.webp 169w\" sizes=\"auto, (max-width: 483px) 100vw, 483px\" \/><\/a>\n\t\t\t<\/div><\/figure><figure class='gallery-item'>\n\t\t\t<div class='gallery-icon portrait'>\n\t\t\t\t<a href='https:\/\/d2p6e6u75xmxt8.cloudfront.net\/4\/2017\/10\/06-2.trail_.webp'><img loading=\"lazy\" decoding=\"async\" width=\"483\" height=\"859\" src=\"https:\/\/d2p6e6u75xmxt8.cloudfront.net\/4\/2017\/10\/06-2.trail_.webp\" class=\"attachment-full size-full\" alt=\"\" srcset=\"https:\/\/d2p6e6u75xmxt8.cloudfront.net\/4\/2017\/10\/06-2.trail_.webp 483w, https:\/\/d2p6e6u75xmxt8.cloudfront.net\/4\/2017\/10\/06-2.trail_-169x300.webp 169w\" sizes=\"auto, (max-width: 483px) 100vw, 483px\" \/><\/a>\n\t\t\t<\/div><\/figure><figure class='gallery-item'>\n\t\t\t<div class='gallery-icon portrait'>\n\t\t\t\t<a href='https:\/\/d2p6e6u75xmxt8.cloudfront.net\/4\/2017\/10\/06-3.trail_.webp'><img loading=\"lazy\" decoding=\"async\" width=\"483\" height=\"859\" src=\"https:\/\/d2p6e6u75xmxt8.cloudfront.net\/4\/2017\/10\/06-3.trail_.webp\" class=\"attachment-full size-full\" alt=\"\" srcset=\"https:\/\/d2p6e6u75xmxt8.cloudfront.net\/4\/2017\/10\/06-3.trail_.webp 483w, https:\/\/d2p6e6u75xmxt8.cloudfront.net\/4\/2017\/10\/06-3.trail_-169x300.webp 169w\" sizes=\"auto, (max-width: 483px) 100vw, 483px\" \/><\/a>\n\t\t\t<\/div><\/figure>\n\t\t<\/div>\n\n<p>Ke\u010f po\u010dul, ako zapadnut\u00e9 regi\u00f3ny ako napr\u00edklad Rychlebsk\u00e9 stezky v \u010cech\u00e1ch vst\u00e1vaj\u00fa z popola n\u00e1valom bikerov, povedal si, \u017ee na to predsa m\u00e1 aj kr\u00e1sne okolie Lechnice. A tak sa spojil s Janom Tekelom, predsedom Slovenskej MountainBikovej Asoci\u00e1cie (SloMBA) a miestnym \u201eMTB guru\u201c a vytvorili dva par\u00e1dne traily, ktor\u00e9 aj t\u00ed najv\u00e4\u010d\u0161\u00ed bikov\u00ed kritici odpor\u00fa\u010daj\u00fa. V Lechnici si teda vyhrnuli ruk\u00e1vy, vzali do r\u00fak n\u00e1stroje pod\u013ea vzoru starej dobrej ru\u010dnej pr\u00e1ce a bez pou\u017eitia b\u00e1grov \u010di akejko\u013evek techniky vytvorili dva hrav\u00e9 singletraily. Ned\u00e1vno sa na nich u\u017e dokonca uskuto\u010dnili preteky &#8211; O. ro\u010dn\u00edk s\u00fa\u0165a\u017ee LECHNICA MTB TOUR 2017, kde sa s\u00fa\u0165a\u017eilo v XC a Enduro R\u00fdchlostn\u00fdch Sk\u00fa\u0161kach (RS). A tak \u0165a teraz poz\u00fdvame pojazdi\u0165 si aspo\u0148 virtu\u00e1lne po dvoch trailoch s n\u00e1zvami <strong>&#8222;GRIFTOF&#8220;<\/strong> a <strong>&#8222;\u0160PICA&#8220;<\/strong>.<\/p>\n<div id='gallery-3' class='gallery galleryid-2187 gallery-columns-2 gallery-size-full'><figure class='gallery-item'>\n\t\t\t<div class='gallery-icon landscape'>\n\t\t\t\t<a href='https:\/\/d2p6e6u75xmxt8.cloudfront.net\/4\/2017\/10\/07.trail_-1.webp'><img loading=\"lazy\" decoding=\"async\" width=\"1184\" height=\"666\" src=\"https:\/\/d2p6e6u75xmxt8.cloudfront.net\/4\/2017\/10\/07.trail_-1.webp\" class=\"attachment-full size-full\" alt=\"\" srcset=\"https:\/\/d2p6e6u75xmxt8.cloudfront.net\/4\/2017\/10\/07.trail_-1.webp 1184w, https:\/\/d2p6e6u75xmxt8.cloudfront.net\/4\/2017\/10\/07.trail_-1-300x169.webp 300w, https:\/\/d2p6e6u75xmxt8.cloudfront.net\/4\/2017\/10\/07.trail_-1-1024x576.webp 1024w, https:\/\/d2p6e6u75xmxt8.cloudfront.net\/4\/2017\/10\/07.trail_-1-768x432.webp 768w\" sizes=\"auto, (max-width: 1184px) 100vw, 1184px\" \/><\/a>\n\t\t\t<\/div><\/figure><figure class='gallery-item'>\n\t\t\t<div class='gallery-icon landscape'>\n\t\t\t\t<a href='https:\/\/d2p6e6u75xmxt8.cloudfront.net\/4\/2017\/10\/08.bikeri_testovali-1.webp'><img loading=\"lazy\" decoding=\"async\" width=\"1184\" height=\"666\" src=\"https:\/\/d2p6e6u75xmxt8.cloudfront.net\/4\/2017\/10\/08.bikeri_testovali-1.webp\" class=\"attachment-full size-full\" alt=\"\" srcset=\"https:\/\/d2p6e6u75xmxt8.cloudfront.net\/4\/2017\/10\/08.bikeri_testovali-1.webp 1184w, https:\/\/d2p6e6u75xmxt8.cloudfront.net\/4\/2017\/10\/08.bikeri_testovali-1-300x169.webp 300w, https:\/\/d2p6e6u75xmxt8.cloudfront.net\/4\/2017\/10\/08.bikeri_testovali-1-1024x576.webp 1024w, https:\/\/d2p6e6u75xmxt8.cloudfront.net\/4\/2017\/10\/08.bikeri_testovali-1-768x432.webp 768w\" sizes=\"auto, (max-width: 1184px) 100vw, 1184px\" \/><\/a>\n\t\t\t<\/div><\/figure><figure class='gallery-item'>\n\t\t\t<div class='gallery-icon landscape'>\n\t\t\t\t<a href='https:\/\/d2p6e6u75xmxt8.cloudfront.net\/4\/2017\/10\/09.bikeri_testovali.webp'><img loading=\"lazy\" decoding=\"async\" width=\"1184\" height=\"666\" src=\"https:\/\/d2p6e6u75xmxt8.cloudfront.net\/4\/2017\/10\/09.bikeri_testovali.webp\" class=\"attachment-full size-full\" alt=\"\" srcset=\"https:\/\/d2p6e6u75xmxt8.cloudfront.net\/4\/2017\/10\/09.bikeri_testovali.webp 1184w, https:\/\/d2p6e6u75xmxt8.cloudfront.net\/4\/2017\/10\/09.bikeri_testovali-300x169.webp 300w, https:\/\/d2p6e6u75xmxt8.cloudfront.net\/4\/2017\/10\/09.bikeri_testovali-1024x576.webp 1024w, https:\/\/d2p6e6u75xmxt8.cloudfront.net\/4\/2017\/10\/09.bikeri_testovali-768x432.webp 768w\" sizes=\"auto, (max-width: 1184px) 100vw, 1184px\" \/><\/a>\n\t\t\t<\/div><\/figure><figure class='gallery-item'>\n\t\t\t<div class='gallery-icon landscape'>\n\t\t\t\t<a href='https:\/\/d2p6e6u75xmxt8.cloudfront.net\/4\/2017\/10\/10.hore_Lechnicou.JPG.webp'><img loading=\"lazy\" decoding=\"async\" width=\"1184\" height=\"666\" src=\"https:\/\/d2p6e6u75xmxt8.cloudfront.net\/4\/2017\/10\/10.hore_Lechnicou.JPG.webp\" class=\"attachment-full size-full\" alt=\"\" srcset=\"https:\/\/d2p6e6u75xmxt8.cloudfront.net\/4\/2017\/10\/10.hore_Lechnicou.JPG.webp 1184w, https:\/\/d2p6e6u75xmxt8.cloudfront.net\/4\/2017\/10\/10.hore_Lechnicou.JPG-300x169.webp 300w, https:\/\/d2p6e6u75xmxt8.cloudfront.net\/4\/2017\/10\/10.hore_Lechnicou.JPG-1024x576.webp 1024w, https:\/\/d2p6e6u75xmxt8.cloudfront.net\/4\/2017\/10\/10.hore_Lechnicou.JPG-768x432.webp 768w\" sizes=\"auto, (max-width: 1184px) 100vw, 1184px\" \/><\/a>\n\t\t\t<\/div><\/figure><figure class='gallery-item'>\n\t\t\t<div class='gallery-icon landscape'>\n\t\t\t\t<a href='https:\/\/d2p6e6u75xmxt8.cloudfront.net\/4\/2017\/10\/11.od_dediny_ku_trailu.webp'><img loading=\"lazy\" decoding=\"async\" width=\"1184\" height=\"666\" src=\"https:\/\/d2p6e6u75xmxt8.cloudfront.net\/4\/2017\/10\/11.od_dediny_ku_trailu.webp\" class=\"attachment-full size-full\" alt=\"\" srcset=\"https:\/\/d2p6e6u75xmxt8.cloudfront.net\/4\/2017\/10\/11.od_dediny_ku_trailu.webp 1184w, https:\/\/d2p6e6u75xmxt8.cloudfront.net\/4\/2017\/10\/11.od_dediny_ku_trailu-300x169.webp 300w, https:\/\/d2p6e6u75xmxt8.cloudfront.net\/4\/2017\/10\/11.od_dediny_ku_trailu-1024x576.webp 1024w, https:\/\/d2p6e6u75xmxt8.cloudfront.net\/4\/2017\/10\/11.od_dediny_ku_trailu-768x432.webp 768w\" sizes=\"auto, (max-width: 1184px) 100vw, 1184px\" \/><\/a>\n\t\t\t<\/div><\/figure><figure class='gallery-item'>\n\t\t\t<div class='gallery-icon landscape'>\n\t\t\t\t<a href='https:\/\/d2p6e6u75xmxt8.cloudfront.net\/4\/2017\/10\/12.nenapadny_vstup_na_trail.JPG.webp'><img loading=\"lazy\" decoding=\"async\" width=\"1184\" height=\"666\" src=\"https:\/\/d2p6e6u75xmxt8.cloudfront.net\/4\/2017\/10\/12.nenapadny_vstup_na_trail.JPG.webp\" class=\"attachment-full size-full\" alt=\"\" srcset=\"https:\/\/d2p6e6u75xmxt8.cloudfront.net\/4\/2017\/10\/12.nenapadny_vstup_na_trail.JPG.webp 1184w, https:\/\/d2p6e6u75xmxt8.cloudfront.net\/4\/2017\/10\/12.nenapadny_vstup_na_trail.JPG-300x169.webp 300w, https:\/\/d2p6e6u75xmxt8.cloudfront.net\/4\/2017\/10\/12.nenapadny_vstup_na_trail.JPG-1024x576.webp 1024w, https:\/\/d2p6e6u75xmxt8.cloudfront.net\/4\/2017\/10\/12.nenapadny_vstup_na_trail.JPG-768x432.webp 768w\" sizes=\"auto, (max-width: 1184px) 100vw, 1184px\" \/><\/a>\n\t\t\t<\/div><\/figure><figure class='gallery-item'>\n\t\t\t<div class='gallery-icon landscape'>\n\t\t\t\t<a href='https:\/\/d2p6e6u75xmxt8.cloudfront.net\/4\/2017\/10\/13.vystup_po_traili-1.webp'><img loading=\"lazy\" decoding=\"async\" width=\"1184\" height=\"666\" src=\"https:\/\/d2p6e6u75xmxt8.cloudfront.net\/4\/2017\/10\/13.vystup_po_traili-1.webp\" class=\"attachment-full size-full\" alt=\"\" srcset=\"https:\/\/d2p6e6u75xmxt8.cloudfront.net\/4\/2017\/10\/13.vystup_po_traili-1.webp 1184w, https:\/\/d2p6e6u75xmxt8.cloudfront.net\/4\/2017\/10\/13.vystup_po_traili-1-300x169.webp 300w, https:\/\/d2p6e6u75xmxt8.cloudfront.net\/4\/2017\/10\/13.vystup_po_traili-1-1024x576.webp 1024w, https:\/\/d2p6e6u75xmxt8.cloudfront.net\/4\/2017\/10\/13.vystup_po_traili-1-768x432.webp 768w\" sizes=\"auto, (max-width: 1184px) 100vw, 1184px\" \/><\/a>\n\t\t\t<\/div><\/figure>\n\t\t<\/div>\n\n<p>Tak pekne po poriadku. Ako sa dostane\u0161 do Lechnice? Ide\u00e1lne autom (a s bikom) samozrejme smer \u010cerven\u00fd Kl\u00e1\u0161tor cez Ke\u017emarok, Spi\u0161sk\u00fa Bel\u00fa na Toperec a Haligovce a si v \u010cervenom Kl\u00e1\u0161tore. Tu sta\u010d\u00ed odbo\u010di\u0165 do\u013eava po hlavnej ceste a priamo v centre \u010cerven\u00e9ho Kl\u00e1\u0161tora a znova do\u013eava na Lechnicu. Samozrejme, ak ti nevad\u00ed p\u00e1r kilometrov navy\u0161e na bike po asfalte, tak zaparkuj priamo v \u010cervenom Kl\u00e1\u0161tore. Ke\u010f prejde\u0161 celou Lechnicou a\u017e na jej koniec (na jedinej odbo\u010dke sa dr\u017ea\u0165 vpravo), ocitne\u0161 sa na po\u013enej ceste. Po nej pokra\u010duj 1,5-2 km a\u017e pod les, kde sa cesty rozde\u013euj\u00fa do\u013eava na stra\u0161\u00ed trail s n\u00e1zvom GRIFTOF a doprava zase na jeho mlad\u0161ieho brata \u0160PICU. Obidva singletraily s\u013eubuj\u00fa ve\u013ea z\u00e1bavy a ka\u017ed\u00fd, kto ich jazdil, si ich charakter pochva\u013eoval, nehovoriac o kr\u00e1snych v\u00fdh\u013eadoch na Pieninsk\u00fd vrch Tri Koruny a okolit\u00fa krajinku.<\/p>\n<p>&nbsp;<\/p>\n<div id='gallery-4' class='gallery galleryid-2187 gallery-columns-2 gallery-size-full'><figure class='gallery-item'>\n\t\t\t<div class='gallery-icon landscape'>\n\t\t\t\t<a href='https:\/\/d2p6e6u75xmxt8.cloudfront.net\/4\/2017\/10\/16.zjazdujeme.JPG-1.webp'><img loading=\"lazy\" decoding=\"async\" width=\"1287\" height=\"859\" src=\"https:\/\/d2p6e6u75xmxt8.cloudfront.net\/4\/2017\/10\/16.zjazdujeme.JPG-1.webp\" class=\"attachment-full size-full\" alt=\"\" srcset=\"https:\/\/d2p6e6u75xmxt8.cloudfront.net\/4\/2017\/10\/16.zjazdujeme.JPG-1.webp 1287w, https:\/\/d2p6e6u75xmxt8.cloudfront.net\/4\/2017\/10\/16.zjazdujeme.JPG-1-300x200.webp 300w, https:\/\/d2p6e6u75xmxt8.cloudfront.net\/4\/2017\/10\/16.zjazdujeme.JPG-1-1024x683.webp 1024w, https:\/\/d2p6e6u75xmxt8.cloudfront.net\/4\/2017\/10\/16.zjazdujeme.JPG-1-768x513.webp 768w, https:\/\/d2p6e6u75xmxt8.cloudfront.net\/4\/2017\/10\/16.zjazdujeme.JPG-1-272x182.webp 272w\" sizes=\"auto, (max-width: 1287px) 100vw, 1287px\" \/><\/a>\n\t\t\t<\/div><\/figure><figure class='gallery-item'>\n\t\t\t<div class='gallery-icon landscape'>\n\t\t\t\t<a href='https:\/\/d2p6e6u75xmxt8.cloudfront.net\/4\/2017\/10\/17.Jano-vo-vzduchu.JPG.webp'><img loading=\"lazy\" decoding=\"async\" width=\"1283\" height=\"859\" src=\"https:\/\/d2p6e6u75xmxt8.cloudfront.net\/4\/2017\/10\/17.Jano-vo-vzduchu.JPG.webp\" class=\"attachment-full size-full\" alt=\"\" srcset=\"https:\/\/d2p6e6u75xmxt8.cloudfront.net\/4\/2017\/10\/17.Jano-vo-vzduchu.JPG.webp 1283w, https:\/\/d2p6e6u75xmxt8.cloudfront.net\/4\/2017\/10\/17.Jano-vo-vzduchu.JPG-300x201.webp 300w, https:\/\/d2p6e6u75xmxt8.cloudfront.net\/4\/2017\/10\/17.Jano-vo-vzduchu.JPG-1024x686.webp 1024w, https:\/\/d2p6e6u75xmxt8.cloudfront.net\/4\/2017\/10\/17.Jano-vo-vzduchu.JPG-768x514.webp 768w, https:\/\/d2p6e6u75xmxt8.cloudfront.net\/4\/2017\/10\/17.Jano-vo-vzduchu.JPG-272x182.webp 272w\" sizes=\"auto, (max-width: 1283px) 100vw, 1283px\" \/><\/a>\n\t\t\t<\/div><\/figure><figure class='gallery-item'>\n\t\t\t<div class='gallery-icon landscape'>\n\t\t\t\t<a href='https:\/\/d2p6e6u75xmxt8.cloudfront.net\/4\/2017\/10\/13.vystup_po_traili.webp'><img loading=\"lazy\" decoding=\"async\" width=\"1184\" height=\"666\" src=\"https:\/\/d2p6e6u75xmxt8.cloudfront.net\/4\/2017\/10\/13.vystup_po_traili.webp\" class=\"attachment-full size-full\" alt=\"\" srcset=\"https:\/\/d2p6e6u75xmxt8.cloudfront.net\/4\/2017\/10\/13.vystup_po_traili.webp 1184w, https:\/\/d2p6e6u75xmxt8.cloudfront.net\/4\/2017\/10\/13.vystup_po_traili-300x169.webp 300w, https:\/\/d2p6e6u75xmxt8.cloudfront.net\/4\/2017\/10\/13.vystup_po_traili-1024x576.webp 1024w, https:\/\/d2p6e6u75xmxt8.cloudfront.net\/4\/2017\/10\/13.vystup_po_traili-768x432.webp 768w\" sizes=\"auto, (max-width: 1184px) 100vw, 1184px\" \/><\/a>\n\t\t\t<\/div><\/figure><figure class='gallery-item'>\n\t\t\t<div class='gallery-icon landscape'>\n\t\t\t\t<a href='https:\/\/d2p6e6u75xmxt8.cloudfront.net\/4\/2017\/10\/14.vystup_po_traili-1.webp'><img loading=\"lazy\" decoding=\"async\" width=\"1284\" height=\"859\" src=\"https:\/\/d2p6e6u75xmxt8.cloudfront.net\/4\/2017\/10\/14.vystup_po_traili-1.webp\" class=\"attachment-full size-full\" alt=\"\" srcset=\"https:\/\/d2p6e6u75xmxt8.cloudfront.net\/4\/2017\/10\/14.vystup_po_traili-1.webp 1284w, https:\/\/d2p6e6u75xmxt8.cloudfront.net\/4\/2017\/10\/14.vystup_po_traili-1-300x201.webp 300w, https:\/\/d2p6e6u75xmxt8.cloudfront.net\/4\/2017\/10\/14.vystup_po_traili-1-1024x685.webp 1024w, https:\/\/d2p6e6u75xmxt8.cloudfront.net\/4\/2017\/10\/14.vystup_po_traili-1-768x514.webp 768w, https:\/\/d2p6e6u75xmxt8.cloudfront.net\/4\/2017\/10\/14.vystup_po_traili-1-272x182.webp 272w\" sizes=\"auto, (max-width: 1284px) 100vw, 1284px\" \/><\/a>\n\t\t\t<\/div><\/figure>\n\t\t<\/div>\n\n<p>Po\u010fme teda najprv na star\u0161ieho GRIFTOFa. Cel\u00fd okruh aj so st\u00fapan\u00edm m\u00e1 necel\u00fdch 11 km. Po odbo\u010den\u00ed do\u013eava \u0165a \u010dak\u00e1 pr\u00edjemn\u00e9, asi polhodinov\u00e9 st\u00fapanie na vrchol kopca, po ktorom sa trail vol\u00e1. \u00dazky k\u013eukat\u00fd chodn\u00ed\u010dek, serpent\u00ednky vpravo, v\u013eavo&#8230; ak m\u00f4\u017ee by\u0165 st\u00fapanie z\u00e1bavn\u00e9, tak toto ur\u010dite je. Po vyst\u00fapan\u00ed \u0165a \u010dak\u00e1 par\u00e1dny a dlh\u00fd zjazd, ktor\u00fd asi v polovici preru\u0161uje p\u00e1r min\u00fatov\u00e9 do\u0161liapanie na ved\u013eaj\u0161\u00ed kopec \u0160ajba. Klopky, vlnky, zat\u00e1\u010dania, r\u00fdchle pas\u00e1\u017ee striedaj\u00fa spomalenia&#8230; proste, kopec z\u00e1bavy. Po vyjden\u00ed z lesa \u0165a \u010dak\u00e1 par\u00e1dny v\u00fdh\u013ead a z\u00e1vere\u010dn\u00fd zjazd po l\u00fa\u010dnom trail\u00edku a\u017e sp\u00e4\u0165 do Lechnice.<\/p>\n<div id='gallery-5' class='gallery galleryid-2187 gallery-columns-2 gallery-size-full'><figure class='gallery-item'>\n\t\t\t<div class='gallery-icon landscape'>\n\t\t\t\t<a href='https:\/\/d2p6e6u75xmxt8.cloudfront.net\/4\/2017\/10\/26.vecerne_vyhlady.JPG-1.webp'><img loading=\"lazy\" decoding=\"async\" width=\"1527\" height=\"859\" src=\"https:\/\/d2p6e6u75xmxt8.cloudfront.net\/4\/2017\/10\/26.vecerne_vyhlady.JPG-1.webp\" class=\"attachment-full size-full\" alt=\"\" srcset=\"https:\/\/d2p6e6u75xmxt8.cloudfront.net\/4\/2017\/10\/26.vecerne_vyhlady.JPG-1.webp 1527w, https:\/\/d2p6e6u75xmxt8.cloudfront.net\/4\/2017\/10\/26.vecerne_vyhlady.JPG-1-300x169.webp 300w, https:\/\/d2p6e6u75xmxt8.cloudfront.net\/4\/2017\/10\/26.vecerne_vyhlady.JPG-1-1024x576.webp 1024w, https:\/\/d2p6e6u75xmxt8.cloudfront.net\/4\/2017\/10\/26.vecerne_vyhlady.JPG-1-768x432.webp 768w\" sizes=\"auto, (max-width: 1527px) 100vw, 1527px\" \/><\/a>\n\t\t\t<\/div><\/figure><figure class='gallery-item'>\n\t\t\t<div class='gallery-icon landscape'>\n\t\t\t\t<a href='https:\/\/d2p6e6u75xmxt8.cloudfront.net\/4\/2017\/10\/28.buduce_trasovanie.JPG-2.webp'><img loading=\"lazy\" decoding=\"async\" width=\"1528\" height=\"859\" src=\"https:\/\/d2p6e6u75xmxt8.cloudfront.net\/4\/2017\/10\/28.buduce_trasovanie.JPG-2.webp\" class=\"attachment-full size-full\" alt=\"\" srcset=\"https:\/\/d2p6e6u75xmxt8.cloudfront.net\/4\/2017\/10\/28.buduce_trasovanie.JPG-2.webp 1528w, https:\/\/d2p6e6u75xmxt8.cloudfront.net\/4\/2017\/10\/28.buduce_trasovanie.JPG-2-300x169.webp 300w, https:\/\/d2p6e6u75xmxt8.cloudfront.net\/4\/2017\/10\/28.buduce_trasovanie.JPG-2-1024x576.webp 1024w, https:\/\/d2p6e6u75xmxt8.cloudfront.net\/4\/2017\/10\/28.buduce_trasovanie.JPG-2-768x432.webp 768w\" sizes=\"auto, (max-width: 1528px) 100vw, 1528px\" \/><\/a>\n\t\t\t<\/div><\/figure><figure class='gallery-item'>\n\t\t\t<div class='gallery-icon landscape'>\n\t\t\t\t<a href='https:\/\/d2p6e6u75xmxt8.cloudfront.net\/4\/2017\/10\/30.huraaa_dolu.JPG-2.webp'><img loading=\"lazy\" decoding=\"async\" width=\"1528\" height=\"859\" src=\"https:\/\/d2p6e6u75xmxt8.cloudfront.net\/4\/2017\/10\/30.huraaa_dolu.JPG-2.webp\" class=\"attachment-full size-full\" alt=\"\" srcset=\"https:\/\/d2p6e6u75xmxt8.cloudfront.net\/4\/2017\/10\/30.huraaa_dolu.JPG-2.webp 1528w, https:\/\/d2p6e6u75xmxt8.cloudfront.net\/4\/2017\/10\/30.huraaa_dolu.JPG-2-300x169.webp 300w, https:\/\/d2p6e6u75xmxt8.cloudfront.net\/4\/2017\/10\/30.huraaa_dolu.JPG-2-1024x576.webp 1024w, https:\/\/d2p6e6u75xmxt8.cloudfront.net\/4\/2017\/10\/30.huraaa_dolu.JPG-2-768x432.webp 768w\" sizes=\"auto, (max-width: 1528px) 100vw, 1528px\" \/><\/a>\n\t\t\t<\/div><\/figure><figure class='gallery-item'>\n\t\t\t<div class='gallery-icon landscape'>\n\t\t\t\t<a href='https:\/\/d2p6e6u75xmxt8.cloudfront.net\/4\/2017\/10\/31.do_skoreho_videnia_Lechnica.JPG-2.webp'><img loading=\"lazy\" decoding=\"async\" width=\"1527\" height=\"859\" src=\"https:\/\/d2p6e6u75xmxt8.cloudfront.net\/4\/2017\/10\/31.do_skoreho_videnia_Lechnica.JPG-2.webp\" class=\"attachment-full size-full\" alt=\"\" srcset=\"https:\/\/d2p6e6u75xmxt8.cloudfront.net\/4\/2017\/10\/31.do_skoreho_videnia_Lechnica.JPG-2.webp 1527w, https:\/\/d2p6e6u75xmxt8.cloudfront.net\/4\/2017\/10\/31.do_skoreho_videnia_Lechnica.JPG-2-300x169.webp 300w, https:\/\/d2p6e6u75xmxt8.cloudfront.net\/4\/2017\/10\/31.do_skoreho_videnia_Lechnica.JPG-2-1024x576.webp 1024w, https:\/\/d2p6e6u75xmxt8.cloudfront.net\/4\/2017\/10\/31.do_skoreho_videnia_Lechnica.JPG-2-768x432.webp 768w\" sizes=\"auto, (max-width: 1527px) 100vw, 1527px\" \/><\/a>\n\t\t\t<\/div><\/figure>\n\t\t<\/div>\n\n<p>Ak sa pri rozde\u013eovn\u00edku vyd\u00e1\u0161 do pravej strany, vyd\u00e1\u0161 sa na trail \u0160PICA. Ten za\u010d\u00edna tie\u017e v\u00fdstupom, ale krat\u0161\u00edm ako na GRIFTOF. Nasleduje kr\u00e1tky zjazd\u00edk s traverzom a ve\u013emi hrav\u00fd zjazd a\u017e do dediny s mno\u017estvom prek\u00e1\u017eok.<\/p>\n<div id='gallery-6' class='gallery galleryid-2187 gallery-columns-2 gallery-size-full'><figure class='gallery-item'>\n\t\t\t<div class='gallery-icon landscape'>\n\t\t\t\t<a href='https:\/\/d2p6e6u75xmxt8.cloudfront.net\/4\/2017\/10\/30.huraaa_dolu.JPG.webp'><img loading=\"lazy\" decoding=\"async\" width=\"1528\" height=\"859\" src=\"https:\/\/d2p6e6u75xmxt8.cloudfront.net\/4\/2017\/10\/30.huraaa_dolu.JPG.webp\" class=\"attachment-full size-full\" alt=\"\" srcset=\"https:\/\/d2p6e6u75xmxt8.cloudfront.net\/4\/2017\/10\/30.huraaa_dolu.JPG.webp 1528w, https:\/\/d2p6e6u75xmxt8.cloudfront.net\/4\/2017\/10\/30.huraaa_dolu.JPG-300x169.webp 300w, https:\/\/d2p6e6u75xmxt8.cloudfront.net\/4\/2017\/10\/30.huraaa_dolu.JPG-1024x576.webp 1024w, https:\/\/d2p6e6u75xmxt8.cloudfront.net\/4\/2017\/10\/30.huraaa_dolu.JPG-768x432.webp 768w\" sizes=\"auto, (max-width: 1528px) 100vw, 1528px\" \/><\/a>\n\t\t\t<\/div><\/figure><figure class='gallery-item'>\n\t\t\t<div class='gallery-icon landscape'>\n\t\t\t\t<a href='https:\/\/d2p6e6u75xmxt8.cloudfront.net\/4\/2017\/10\/31.do_skoreho_videnia_Lechnica.JPG.webp'><img loading=\"lazy\" decoding=\"async\" width=\"1527\" height=\"859\" src=\"https:\/\/d2p6e6u75xmxt8.cloudfront.net\/4\/2017\/10\/31.do_skoreho_videnia_Lechnica.JPG.webp\" class=\"attachment-full size-full\" alt=\"\" srcset=\"https:\/\/d2p6e6u75xmxt8.cloudfront.net\/4\/2017\/10\/31.do_skoreho_videnia_Lechnica.JPG.webp 1527w, https:\/\/d2p6e6u75xmxt8.cloudfront.net\/4\/2017\/10\/31.do_skoreho_videnia_Lechnica.JPG-300x169.webp 300w, https:\/\/d2p6e6u75xmxt8.cloudfront.net\/4\/2017\/10\/31.do_skoreho_videnia_Lechnica.JPG-1024x576.webp 1024w, https:\/\/d2p6e6u75xmxt8.cloudfront.net\/4\/2017\/10\/31.do_skoreho_videnia_Lechnica.JPG-768x432.webp 768w\" sizes=\"auto, (max-width: 1527px) 100vw, 1527px\" \/><\/a>\n\t\t\t<\/div><\/figure><figure class='gallery-item'>\n\t\t\t<div class='gallery-icon landscape'>\n\t\t\t\t<a href='https:\/\/d2p6e6u75xmxt8.cloudfront.net\/4\/2017\/10\/28.buduce_trasovanie.JPG.webp'><img loading=\"lazy\" decoding=\"async\" width=\"1528\" height=\"859\" src=\"https:\/\/d2p6e6u75xmxt8.cloudfront.net\/4\/2017\/10\/28.buduce_trasovanie.JPG.webp\" class=\"attachment-full size-full\" alt=\"\" srcset=\"https:\/\/d2p6e6u75xmxt8.cloudfront.net\/4\/2017\/10\/28.buduce_trasovanie.JPG.webp 1528w, https:\/\/d2p6e6u75xmxt8.cloudfront.net\/4\/2017\/10\/28.buduce_trasovanie.JPG-300x169.webp 300w, https:\/\/d2p6e6u75xmxt8.cloudfront.net\/4\/2017\/10\/28.buduce_trasovanie.JPG-1024x576.webp 1024w, https:\/\/d2p6e6u75xmxt8.cloudfront.net\/4\/2017\/10\/28.buduce_trasovanie.JPG-768x432.webp 768w\" sizes=\"auto, (max-width: 1528px) 100vw, 1528px\" \/><\/a>\n\t\t\t<\/div><\/figure>\n\t\t<\/div>\n\n<p>Predt\u00fdm, ne\u017e vyraz\u00ed\u0161, skontroluj na facebookovej str\u00e1nke <a href=\"https:\/\/www.facebook.com\/singletrailslechnica\/\" target=\"_blank\" rel=\"noopener\">Singletrails Lechnica<\/a>, \u010di nie je na trailoch do\u010dasn\u00e1 uz\u00e1vera. Ak sa ti Lechnick\u00e9 traily zap\u00e1\u010dia, k\u013eudne si ich daj znova a ak by sa ti m\u00e1lilo, sadni do auta a odvez sa do 30 km vzdialenej Starej \u013dubovne. Tam \u0165a v bl\u00edzkosti hradu \u010dakaj\u00fa \u010fal\u0161ie trailov\u00e9 z\u00e1\u017eitky s n\u00e1zvom CYKLOSTOPY. Pr\u00edpadne Bardejovsk\u00e9 Lie\u010div\u00e9 singletracky \u010di Pre\u0161ovsk\u00e9 singletracky, jazdenia je v tejto oblasti dostatok&#8230; Ale o nich zase nabud\u00face.<\/p>\n<p><a href=\"https:\/\/d2p6e6u75xmxt8.cloudfront.net\/4\/2017\/10\/19551119_10212033133617522_1051229106_n.jpg\"><img loading=\"lazy\" decoding=\"async\" class=\"alignnone size-full wp-image-2440\" src=\"https:\/\/d2p6e6u75xmxt8.cloudfront.net\/4\/2017\/10\/19551119_10212033133617522_1051229106_n.jpg\" alt=\"\" width=\"557\" height=\"775\" \/><\/a><\/p>\n","protected":false},"excerpt":{"rendered":"<p>Ak \u0165a zaujal \u010dl\u00e1nok o trailovom jazden\u00ed v Laskomerskej doline pri Banskej Bystrici, m\u00e1me tip na \u010fal\u0161iu kr\u00e1snu lokalitu \u2013 [&hellip;]<\/p>\n","protected":false},"author":38,"featured_media":2411,"comment_status":"open","ping_status":"open","sticky":false,"template":"","format":"standard","meta":{"footnotes":""},"categories":[47,3,118],"tags":[180,316,301,239,300,237,183],"global-categories":[],"class_list":["post-2410","post","type-post","status-publish","format-standard","has-post-thumbnail","hentry","category-adrenalin","category-mtb","category-zabava","tag-horska-cyklistika","tag-lechnica","tag-pieniny","tag-singletrail","tag-singletrails-lechnica","tag-trail","tag-zabava"],"yoast_head":"<!-- This site is optimized with the Yoast SEO Premium plugin v25.3 (Yoast SEO v25.9) - https:\/\/yoast.com\/wordpress\/plugins\/seo\/ -->\n<title>Bikov\u00fd klenot v Pienin\u00e1ch - Singletrails Lechnica - \u0160koda We Love Cycling Slovensko<\/title>\n<meta name=\"robots\" content=\"index, follow, max-snippet:-1, max-image-preview:large, max-video-preview:-1\" \/>\n<link rel=\"canonical\" href=\"https:\/\/www.welovecycling.com\/sk\/2017\/11\/03\/bikovy-klenot-pieninach-singletrails-lechnica\/\" \/>\n<meta property=\"og:locale\" content=\"sk_SK\" \/>\n<meta property=\"og:type\" content=\"article\" \/>\n<meta property=\"og:title\" content=\"Bikov\u00fd klenot v Pienin\u00e1ch - Singletrails Lechnica\" \/>\n<meta property=\"og:description\" content=\"Ak \u0165a zaujal \u010dl\u00e1nok o trailovom jazden\u00ed v Laskomerskej doline pri Banskej Bystrici, m\u00e1me tip na \u010fal\u0161iu kr\u00e1snu lokalitu \u2013 [&hellip;]\" \/>\n<meta property=\"og:url\" content=\"https:\/\/www.welovecycling.com\/sk\/2017\/11\/03\/bikovy-klenot-pieninach-singletrails-lechnica\/\" \/>\n<meta property=\"og:site_name\" content=\"\u0160koda We Love Cycling Slovensko\" \/>\n<meta property=\"article:published_time\" content=\"2017-11-03T15:55:32+00:00\" \/>\n<meta property=\"article:modified_time\" content=\"2017-12-18T12:02:05+00:00\" \/>\n<meta property=\"og:image\" content=\"https:\/\/d2p6e6u75xmxt8.cloudfront.net\/4\/2017\/10\/27.vyhlad_na_Cerveny_Klastor.JPG.webp\" \/>\n\t<meta property=\"og:image:width\" content=\"1375\" \/>\n\t<meta property=\"og:image:height\" content=\"600\" \/>\n\t<meta property=\"og:image:type\" content=\"image\/webp\" \/>\n<meta name=\"author\" content=\"Ondrej Ga\u0161par\" \/>\n<meta name=\"twitter:card\" content=\"summary_large_image\" \/>\n<meta name=\"twitter:label1\" content=\"Written by\" \/>\n\t<meta name=\"twitter:data1\" content=\"We Love Cycling\" \/>\n\t<meta name=\"twitter:label2\" content=\"Est. reading time\" \/>\n\t<meta name=\"twitter:data2\" content=\"4 minutes\" \/>\n<script type=\"application\/ld+json\" class=\"yoast-schema-graph\">{\"@context\":\"https:\/\/schema.org\",\"@graph\":[{\"@type\":\"WebPage\",\"@id\":\"https:\/\/www.welovecycling.com\/sk\/2017\/11\/03\/bikovy-klenot-pieninach-singletrails-lechnica\/\",\"url\":\"https:\/\/www.welovecycling.com\/sk\/2017\/11\/03\/bikovy-klenot-pieninach-singletrails-lechnica\/\",\"name\":\"Bikov\u00fd klenot v Pienin\u00e1ch - Singletrails Lechnica - \u0160koda We Love Cycling Slovensko\",\"isPartOf\":{\"@id\":\"https:\/\/www.welovecycling.com\/sk\/#website\"},\"primaryImageOfPage\":{\"@id\":\"https:\/\/www.welovecycling.com\/sk\/2017\/11\/03\/bikovy-klenot-pieninach-singletrails-lechnica\/#primaryimage\"},\"image\":{\"@id\":\"https:\/\/www.welovecycling.com\/sk\/2017\/11\/03\/bikovy-klenot-pieninach-singletrails-lechnica\/#primaryimage\"},\"thumbnailUrl\":\"https:\/\/d2p6e6u75xmxt8.cloudfront.net\/4\/2017\/10\/27.vyhlad_na_Cerveny_Klastor.JPG.webp\",\"datePublished\":\"2017-11-03T15:55:32+00:00\",\"dateModified\":\"2017-12-18T12:02:05+00:00\",\"author\":{\"@id\":\"https:\/\/www.welovecycling.com\/sk\/#\/schema\/person\/8ee09ba39b7e25b1870160aa5b3a89bc\"},\"breadcrumb\":{\"@id\":\"https:\/\/www.welovecycling.com\/sk\/2017\/11\/03\/bikovy-klenot-pieninach-singletrails-lechnica\/#breadcrumb\"},\"inLanguage\":\"sk-SK\",\"potentialAction\":[{\"@type\":\"ReadAction\",\"target\":[\"https:\/\/www.welovecycling.com\/sk\/2017\/11\/03\/bikovy-klenot-pieninach-singletrails-lechnica\/\"]}]},{\"@type\":\"ImageObject\",\"inLanguage\":\"sk-SK\",\"@id\":\"https:\/\/www.welovecycling.com\/sk\/2017\/11\/03\/bikovy-klenot-pieninach-singletrails-lechnica\/#primaryimage\",\"url\":\"https:\/\/d2p6e6u75xmxt8.cloudfront.net\/4\/2017\/10\/27.vyhlad_na_Cerveny_Klastor.JPG.webp\",\"contentUrl\":\"https:\/\/d2p6e6u75xmxt8.cloudfront.net\/4\/2017\/10\/27.vyhlad_na_Cerveny_Klastor.JPG.webp\",\"width\":1375,\"height\":600},{\"@type\":\"BreadcrumbList\",\"@id\":\"https:\/\/www.welovecycling.com\/sk\/2017\/11\/03\/bikovy-klenot-pieninach-singletrails-lechnica\/#breadcrumb\",\"itemListElement\":[{\"@type\":\"ListItem\",\"position\":1,\"name\":\"Home\",\"item\":\"https:\/\/www.welovecycling.com\/sk\/\"},{\"@type\":\"ListItem\",\"position\":2,\"name\":\"Bikov\u00fd klenot v Pienin\u00e1ch &#8211; Singletrails Lechnica\"}]},{\"@type\":\"WebSite\",\"@id\":\"https:\/\/www.welovecycling.com\/sk\/#website\",\"url\":\"https:\/\/www.welovecycling.com\/sk\/\",\"name\":\"\u0160koda We Love Cycling Slovensko\",\"description\":\"\u0160koda We Love Cycling Slovensko je v\u00e1\u0161 ka\u017edodenn\u00fd zdroj noviniek a in\u0161pir\u00e1cie z sveta cyklistiky\",\"potentialAction\":[{\"@type\":\"SearchAction\",\"target\":{\"@type\":\"EntryPoint\",\"urlTemplate\":\"https:\/\/www.welovecycling.com\/sk\/?s={search_term_string}\"},\"query-input\":{\"@type\":\"PropertyValueSpecification\",\"valueRequired\":true,\"valueName\":\"search_term_string\"}}],\"inLanguage\":\"sk-SK\"},{\"@type\":\"Person\",\"@id\":\"https:\/\/www.welovecycling.com\/sk\/#\/schema\/person\/8ee09ba39b7e25b1870160aa5b3a89bc\",\"name\":\"Ondrej Ga\u0161par\",\"image\":{\"@type\":\"ImageObject\",\"inLanguage\":\"sk-SK\",\"@id\":\"https:\/\/www.welovecycling.com\/sk\/#\/schema\/person\/image\/\",\"url\":\"https:\/\/secure.gravatar.com\/avatar\/6126c9afb87b70da5abbb083ddbb21933da15f18f8ca7cb822aba0fb096a48f6?s=96&d=mm&r=g\",\"contentUrl\":\"https:\/\/secure.gravatar.com\/avatar\/6126c9afb87b70da5abbb083ddbb21933da15f18f8ca7cb822aba0fb096a48f6?s=96&d=mm&r=g\",\"caption\":\"Ondrej Ga\u0161par\"},\"url\":\"https:\/\/www.welovecycling.com\/sk\/author\/ondrejgaspar\/\"}]}<\/script>\n<!-- \/ Yoast SEO Premium plugin. -->","yoast_head_json":{"title":"Bikov\u00fd klenot v Pienin\u00e1ch - Singletrails Lechnica - \u0160koda We Love Cycling Slovensko","robots":{"index":"index","follow":"follow","max-snippet":"max-snippet:-1","max-image-preview":"max-image-preview:large","max-video-preview":"max-video-preview:-1"},"canonical":"https:\/\/www.welovecycling.com\/sk\/2017\/11\/03\/bikovy-klenot-pieninach-singletrails-lechnica\/","og_locale":"sk_SK","og_type":"article","og_title":"Bikov\u00fd klenot v Pienin\u00e1ch - Singletrails Lechnica","og_description":"Ak \u0165a zaujal \u010dl\u00e1nok o trailovom jazden\u00ed v Laskomerskej doline pri Banskej Bystrici, m\u00e1me tip na \u010fal\u0161iu kr\u00e1snu lokalitu \u2013 [&hellip;]","og_url":"https:\/\/www.welovecycling.com\/sk\/2017\/11\/03\/bikovy-klenot-pieninach-singletrails-lechnica\/","og_site_name":"\u0160koda We Love Cycling Slovensko","article_published_time":"2017-11-03T15:55:32+00:00","article_modified_time":"2017-12-18T12:02:05+00:00","og_image":[{"width":1375,"height":600,"url":"https:\/\/d2p6e6u75xmxt8.cloudfront.net\/4\/2017\/10\/27.vyhlad_na_Cerveny_Klastor.JPG.webp","type":"image\/webp"}],"author":"Ondrej Ga\u0161par","twitter_card":"summary_large_image","twitter_misc":{"Written by":"We Love Cycling","Est. reading time":"4 minutes"},"schema":{"@context":"https:\/\/schema.org","@graph":[{"@type":"WebPage","@id":"https:\/\/www.welovecycling.com\/sk\/2017\/11\/03\/bikovy-klenot-pieninach-singletrails-lechnica\/","url":"https:\/\/www.welovecycling.com\/sk\/2017\/11\/03\/bikovy-klenot-pieninach-singletrails-lechnica\/","name":"Bikov\u00fd klenot v Pienin\u00e1ch - Singletrails Lechnica - \u0160koda We Love Cycling Slovensko","isPartOf":{"@id":"https:\/\/www.welovecycling.com\/sk\/#website"},"primaryImageOfPage":{"@id":"https:\/\/www.welovecycling.com\/sk\/2017\/11\/03\/bikovy-klenot-pieninach-singletrails-lechnica\/#primaryimage"},"image":{"@id":"https:\/\/www.welovecycling.com\/sk\/2017\/11\/03\/bikovy-klenot-pieninach-singletrails-lechnica\/#primaryimage"},"thumbnailUrl":"https:\/\/d2p6e6u75xmxt8.cloudfront.net\/4\/2017\/10\/27.vyhlad_na_Cerveny_Klastor.JPG.webp","datePublished":"2017-11-03T15:55:32+00:00","dateModified":"2017-12-18T12:02:05+00:00","author":{"@id":"https:\/\/www.welovecycling.com\/sk\/#\/schema\/person\/8ee09ba39b7e25b1870160aa5b3a89bc"},"breadcrumb":{"@id":"https:\/\/www.welovecycling.com\/sk\/2017\/11\/03\/bikovy-klenot-pieninach-singletrails-lechnica\/#breadcrumb"},"inLanguage":"sk-SK","potentialAction":[{"@type":"ReadAction","target":["https:\/\/www.welovecycling.com\/sk\/2017\/11\/03\/bikovy-klenot-pieninach-singletrails-lechnica\/"]}]},{"@type":"ImageObject","inLanguage":"sk-SK","@id":"https:\/\/www.welovecycling.com\/sk\/2017\/11\/03\/bikovy-klenot-pieninach-singletrails-lechnica\/#primaryimage","url":"https:\/\/d2p6e6u75xmxt8.cloudfront.net\/4\/2017\/10\/27.vyhlad_na_Cerveny_Klastor.JPG.webp","contentUrl":"https:\/\/d2p6e6u75xmxt8.cloudfront.net\/4\/2017\/10\/27.vyhlad_na_Cerveny_Klastor.JPG.webp","width":1375,"height":600},{"@type":"BreadcrumbList","@id":"https:\/\/www.welovecycling.com\/sk\/2017\/11\/03\/bikovy-klenot-pieninach-singletrails-lechnica\/#breadcrumb","itemListElement":[{"@type":"ListItem","position":1,"name":"Home","item":"https:\/\/www.welovecycling.com\/sk\/"},{"@type":"ListItem","position":2,"name":"Bikov\u00fd klenot v Pienin\u00e1ch &#8211; Singletrails Lechnica"}]},{"@type":"WebSite","@id":"https:\/\/www.welovecycling.com\/sk\/#website","url":"https:\/\/www.welovecycling.com\/sk\/","name":"\u0160koda We Love Cycling Slovensko","description":"\u0160koda We Love Cycling Slovensko je v\u00e1\u0161 ka\u017edodenn\u00fd zdroj noviniek a in\u0161pir\u00e1cie z sveta cyklistiky","potentialAction":[{"@type":"SearchAction","target":{"@type":"EntryPoint","urlTemplate":"https:\/\/www.welovecycling.com\/sk\/?s={search_term_string}"},"query-input":{"@type":"PropertyValueSpecification","valueRequired":true,"valueName":"search_term_string"}}],"inLanguage":"sk-SK"},{"@type":"Person","@id":"https:\/\/www.welovecycling.com\/sk\/#\/schema\/person\/8ee09ba39b7e25b1870160aa5b3a89bc","name":"Ondrej Ga\u0161par","image":{"@type":"ImageObject","inLanguage":"sk-SK","@id":"https:\/\/www.welovecycling.com\/sk\/#\/schema\/person\/image\/","url":"https:\/\/secure.gravatar.com\/avatar\/6126c9afb87b70da5abbb083ddbb21933da15f18f8ca7cb822aba0fb096a48f6?s=96&d=mm&r=g","contentUrl":"https:\/\/secure.gravatar.com\/avatar\/6126c9afb87b70da5abbb083ddbb21933da15f18f8ca7cb822aba0fb096a48f6?s=96&d=mm&r=g","caption":"Ondrej Ga\u0161par"},"url":"https:\/\/www.welovecycling.com\/sk\/author\/ondrejgaspar\/"}]}},"_links":{"self":[{"href":"https:\/\/www.welovecycling.com\/sk\/wp-json\/wp\/v2\/posts\/2410","targetHints":{"allow":["GET"]}}],"collection":[{"href":"https:\/\/www.welovecycling.com\/sk\/wp-json\/wp\/v2\/posts"}],"about":[{"href":"https:\/\/www.welovecycling.com\/sk\/wp-json\/wp\/v2\/types\/post"}],"author":[{"embeddable":true,"href":"https:\/\/www.welovecycling.com\/sk\/wp-json\/wp\/v2\/users\/38"}],"replies":[{"embeddable":true,"href":"https:\/\/www.welovecycling.com\/sk\/wp-json\/wp\/v2\/comments?post=2410"}],"version-history":[{"count":2,"href":"https:\/\/www.welovecycling.com\/sk\/wp-json\/wp\/v2\/posts\/2410\/revisions"}],"predecessor-version":[{"id":2547,"href":"https:\/\/www.welovecycling.com\/sk\/wp-json\/wp\/v2\/posts\/2410\/revisions\/2547"}],"wp:featuredmedia":[{"embeddable":true,"href":"https:\/\/www.welovecycling.com\/sk\/wp-json\/wp\/v2\/media\/2411"}],"wp:attachment":[{"href":"https:\/\/www.welovecycling.com\/sk\/wp-json\/wp\/v2\/media?parent=2410"}],"wp:term":[{"taxonomy":"category","embeddable":true,"href":"https:\/\/www.welovecycling.com\/sk\/wp-json\/wp\/v2\/categories?post=2410"},{"taxonomy":"post_tag","embeddable":true,"href":"https:\/\/www.welovecycling.com\/sk\/wp-json\/wp\/v2\/tags?post=2410"},{"taxonomy":"global-categories","embeddable":true,"href":"https:\/\/www.welovecycling.com\/sk\/wp-json\/wp\/v2\/global-categories?post=2410"}],"curies":[{"name":"wp","href":"https:\/\/api.w.org\/{rel}","templated":true}]}}