{"id":2383,"date":"2017-10-11T17:21:54","date_gmt":"2017-10-11T15:21:54","guid":{"rendered":"https:\/\/www.welovecycling.com\/sk\/?p=2383"},"modified":"2017-12-05T15:45:53","modified_gmt":"2017-12-05T14:45:53","slug":"lapanie-dychu-styria-jazdci-najvyssi-priechod-svete","status":"publish","type":"post","link":"https:\/\/www.welovecycling.com\/sk\/2017\/10\/11\/lapanie-dychu-styria-jazdci-najvyssi-priechod-svete\/","title":{"rendered":"Catching Breath: \u0160tyria jazdci a najvy\u0161\u0161\u00ed priechod na svete"},"content":{"rendered":"<p><strong>Prem\u00fd\u0161\u013eali ste niekedy pri sledovan\u00ed Tour de France o\u00a0tom, ak\u00fd je to asi pocit zdol\u00e1va\u0165 st\u00fapania brut\u00e1lnych \u00fasekov ako je Le Tourmalet alebo Mont Ventoux? Jazdci musia neust\u00e1le bojova\u0165 s absol\u00fatnym vy\u010derpan\u00edm a zdol\u00e1va\u0165 aj tie najn\u00e1ro\u010dnej\u0161ie limity. U\u017e len pri poh\u013eade na nich n\u00e1s poriadne p\u00e1lia l\u00fdtka. Ak by sme v\u00e1m ale povedali, \u017ee existuje nie\u010do e\u0161te ove\u013ea hor\u0161ie? A \u017ee existuje niekto, kto nad tak\u00fdm nie\u010d\u00edm aj prem\u00fd\u0161\u013ea? Predstavujeme v\u00e1m projekt \u0160koda &#8222;Lapanie po dychu \/ Na bicykli do Himal\u00e1j\u00ed&#8220; (Catching Breath \/ Cycling up the Himalayas).<\/strong><!--more--><\/p>\n<p><em>Khardung La<\/em> je horsk\u00fd priesmyk v\u00a0oblasti Ladaku v\u00a0indickom \u0161t\u00e1te D\u017eam\u00fa a\u00a0Ka\u0161m\u00edr a\u00a0je najvy\u0161\u0161ou prejazdnou cestou na svete vo v\u00fd\u0161ke 5\u00a0359 m.n.m. Vstup do tohto priesmyku sa nach\u00e1dza e\u0161te o\u00a01 000 metrov vy\u0161\u0161ie ako najvy\u0161\u0161\u00ed bod Le Tour. Komu by napadlo \u00eds\u0165 na tak\u00e9to miesto na bicykli? Povieme v\u00e1m komu \u2013 \u0161tyrom \u0161ialencom. Rak\u00fa\u0161an Christoph Kluge tu v roku 2012 vytvoril rekord, ke\u010f za tri hodiny vyst\u00fapil na Khardung La. Na\u0161i \u0161tyria jazdci &#8211; \u0161ialenci &#8211; s\u00fa poriadne odhodlan\u00ed jeho rekord zlomi\u0165. Pravdepodobne chcete vedie\u0165, kto sa ochotne vyd\u00e1 na cestu, ktor\u00e1 by pre in\u00fdch bola jazdou do pekla. Po\u010fme si teda predstavi\u0165 na\u0161ich uch\u00e1dza\u010dov.<\/p>\n<p><a href=\"https:\/\/d2p6e6u75xmxt8.cloudfront.net\/4\/2017\/10\/IMG-20170919-WA0001.jpg\"><img loading=\"lazy\" decoding=\"async\" class=\"alignnone size-full wp-image-2384\" src=\"https:\/\/d2p6e6u75xmxt8.cloudfront.net\/4\/2017\/10\/IMG-20170919-WA0001.jpg\" alt=\"\" width=\"1600\" height=\"1200\" \/><\/a><\/p>\n<p><strong>Bartosz Huzarski<\/strong> je z\u00a0Po\u013eska a je obrovsk\u00fdm nad\u0161encom cyklistiky. S\u00a0viac ako 12\u00a0000 najazden\u00fdmi kilometrami (aspo\u0148 to\u013eko najazdil tento rok na Strave), patr\u00ed medzi najakt\u00edvnej\u0161\u00edch cyklistov, ktor\u00fdch m\u00f4\u017eete v\u00f4bec stretn\u00fa\u0165. Nie je \u017eiadnym prekvapen\u00edm, \u017ee b\u00fdval PRO cyklistom v t\u00edme Bora-Argon 18 a\u00a0moment\u00e1lne vedie hokejov\u00fa akad\u00e9miu Huzar, ktor\u00fa aj zalo\u017eil. Bartosz je trojn\u00e1sobn\u00fdm \u00fa\u010dastn\u00edkom Tour de France a v\u010faka nieko\u013ek\u00fdm pretekom v\u00a0Tibete je pripraven\u00fd na cyklistiku vo ve\u013ek\u00fdch nadmorsk\u00fdch v\u00fd\u0161kach, \u0161peci\u00e1lne na n\u00e1ro\u010dn\u00e9 atmosferick\u00e9 podmienky. M\u00e1 v\u00fdborne napl\u00e1novan\u00fd rozvrh na 14 dn\u00ed pred konan\u00edm tohto podujatia, ktor\u00fd zah\u0155\u0148a presn\u00fd pl\u00e1n stravy, tr\u00e9ningu a\u00a0odpo\u010dinku.<\/p>\n<p>https:\/\/www.instagram.com\/p\/BZTTc1onmsz\/?taken-by=huzarskibartosz<\/p>\n<p><strong>Andrea Schilir\u00f2<\/strong> je fotograf na vo\u013enej nohe, cyklista,\u00a0milovn\u00edk tetovan\u00ed a poch\u00e1dza z\u00a0Mil\u00e1na. Venuje sa \u0161portov\u00e9mu fotografovaniu a\u00a0medzi jeho najv\u00e4\u010d\u0161ie hobby patr\u00ed kempovanie v\u00a0pr\u00edrode. Hoci m\u00e1 za sebou mnoho cyklistick\u00fdch v\u00fdletov na ve\u013ek\u00e9 vzdialenosti a\u00a0je fan\u00fa\u0161ikom cestnej cyklistiky, priznal sa, \u017ee nikdy predt\u00fdm nevysk\u00fa\u0161al tak\u00e9 n\u00e1ro\u010dn\u00e9 st\u00fapanie. Je v\u0161ak nad\u0161en\u00fd, \u017ee sa toho z\u00fa\u010dastn\u00ed, a to je z\u00e1klad. To, \u017ee je svetobe\u017en\u00edk potvrdila aj skuto\u010dnos\u0165, \u017ee po\u010das p\u00edsania tohto \u010dl\u00e1nku bol na mesa\u010dnom v\u00fdlete na Alja\u0161ke.<\/p>\n<p>https:\/\/www.instagram.com\/p\/BY2_18YAtHr\/?taken-by=xskillyx<\/p>\n<p>\u010ealej tu m\u00e1me \u017eelezn\u00fa \u017eenu <strong>Evu Lindskog<\/strong>. Je odborn\u00ed\u010dkou na vytrvalostn\u00e9 discipl\u00edny. Poch\u00e1dza zo \u0160v\u00e9dska, no \u017eije vo \u0160vaj\u010diarsku. Ke\u010f sa jej op\u00fdtali, ak\u00fa fyzicky najn\u00e1ro\u010dnej\u0161iu vec urobila, hne\u010f odpovedala, \u017ee zabehnutie ultra marat\u00f3nu na 160 kilometrov. Ako keby ni\u010d. Eva sa z\u00fa\u010dastnila j\u00e1zd a\u017e do vzdialenosti 300 kilometrov a\u00a0dokonca vyst\u00fapala aj na Mount Ventoux. Celkovo m\u00e1 na Strave nast\u00fapan\u00fdch cez 60\u00a0000 metrov, nehovoriac o\u00a0tom, \u017ee sa moment\u00e1lne bl\u00ed\u017ei k\u00a0\u010fal\u0161iemu v\u00fdznamn\u00e9mu miln\u00edku, a\u00a0to 1 800 QOM individu\u00e1lnych z\u00e1znamov v\u00a0Strave od svojich za\u010diatkov. A\u00a0\u00e1no, m\u00e1te pravdu, QOM znamen\u00e1 kr\u00e1\u013eovn\u00e1 hory (Queen of the Mountain, pozn. redakcie).<\/p>\n<p>https:\/\/www.instagram.com\/p\/BRYwCInFJ-w\/?taken-by=eva_lindskog<\/p>\n<p>Na z\u00e1ver m\u00e1me bl\u00e1zna <strong>Valentina Sanjuana<\/strong>, ktor\u00fd v\u00a0s\u00fa\u010dastnosti \u017eije v\u00a0Barcelone, v \u0160panielsku. V jeho profile na Strave m\u00e1 nap\u00edsan\u00e9 \u201eIronman, Superman a\u00a0Batman. Len srandujem, d\u00e1my&#8220;.\u00a0 Mohlo by sa zda\u0165, \u017ee je a\u017e pr\u00edli\u0161 sebavedom\u00fd, no sta\u010d\u00ed sa pozrie\u0165 na jeho v\u00fdsledky a\u00a0op\u00fdta\u0165 sa ho na jeho najv\u00e4\u010d\u0161ie fyzick\u00e9 v\u00fdzvy, ktor\u00e9 zvl\u00e1dol. Spome\u0148me 55-hodinov\u00fa nepretr\u017eit\u00fa jazdu na bicykli bez sp\u00e1nku z\u00a0Madridu do Lisabonu (770 km), 5 pretekov Ironmanu za 5 po sebe nasleduj\u00facich dn\u00ed, \u010do znie samo o\u00a0sebe \u0161ialene, no to najlep\u0161ie na koniec. Za jeden de\u0148 prejs\u0165 preteky Titan Desert, v\u00a0ktorom treba prejs\u0165 vy\u010derp\u00e1vaj\u00facich 600 km Saharou. Posledn\u00e1 zmienka je jeho 7-d\u0148ov\u00e1 MTB akcia v\u00a0Kolumbii, po\u010das ktorej zvl\u00e1dol nast\u00fapa\u0165 16\u00a0000 v\u00fd\u0161kov\u00fdch metrov.<\/p>\n<p>https:\/\/www.instagram.com\/p\/BZlbgPinu6U\/?taken-by=valentisanjuan<\/p>\n<p>Je \u00faplne jasn\u00e9, \u017ee na\u0161i neuverite\u013en\u00ed jazdci urobia \u010doko\u013evek, \u010do bude v\u00a0ich sil\u00e1ch, aby zdolali vrchol Khardung La a prekonali rekord Christopha Kluga. Sledujte n\u00e1s aj na\u010falej a my u\u017e \u010doskoro prinesieme nov\u00e9 inform\u00e1cie z tohto smel\u00e9ho pokusu.<\/p>\n<p><em>We Love Cycling!<\/em><\/p>\n","protected":false},"excerpt":{"rendered":"<p>Prem\u00fd\u0161\u013eali ste niekedy pri sledovan\u00ed Tour de France o\u00a0tom, ak\u00fd je to asi pocit zdol\u00e1va\u0165 st\u00fapania brut\u00e1lnych \u00fasekov ako je [&hellip;]<\/p>\n","protected":false},"author":38,"featured_media":2386,"comment_status":"open","ping_status":"open","sticky":false,"template":"","format":"standard","meta":{"footnotes":""},"categories":[47,4,3,118],"tags":[319,291,292,296,293,294,336,299,297,298,295],"global-categories":[],"class_list":["post-2383","post","type-post","status-publish","format-standard","has-post-thumbnail","hentry","category-adrenalin","category-cestna-cyklisitika","category-mtb","category-zabava","tag-adrenalin","tag-andrea-schiliro","tag-bartosz-huzarski","tag-catching-breath","tag-christoph-kluge","tag-eva-lindskog","tag-hypoxia","tag-khardung-la","tag-lapanie-po-dychu","tag-na-bicykli-do-himalaji","tag-valenti-sanjuan"],"yoast_head":"<!-- This site is optimized with the Yoast SEO Premium plugin v25.3 (Yoast SEO v25.9) - https:\/\/yoast.com\/wordpress\/plugins\/seo\/ -->\n<title>Catching Breath: \u0160tyria jazdci a najvy\u0161\u0161\u00ed priechod na svete - \u0160koda We Love Cycling Slovensko<\/title>\n<meta name=\"robots\" content=\"index, follow, max-snippet:-1, max-image-preview:large, max-video-preview:-1\" \/>\n<link rel=\"canonical\" href=\"https:\/\/www.welovecycling.com\/sk\/2017\/10\/11\/lapanie-dychu-styria-jazdci-najvyssi-priechod-svete\/\" \/>\n<meta property=\"og:locale\" content=\"sk_SK\" \/>\n<meta property=\"og:type\" content=\"article\" \/>\n<meta property=\"og:title\" content=\"Catching Breath: \u0160tyria jazdci a najvy\u0161\u0161\u00ed priechod na svete\" \/>\n<meta property=\"og:description\" content=\"Prem\u00fd\u0161\u013eali ste niekedy pri sledovan\u00ed Tour de France o\u00a0tom, ak\u00fd je to asi pocit zdol\u00e1va\u0165 st\u00fapania brut\u00e1lnych \u00fasekov ako je [&hellip;]\" \/>\n<meta property=\"og:url\" content=\"https:\/\/www.welovecycling.com\/sk\/2017\/10\/11\/lapanie-dychu-styria-jazdci-najvyssi-priechod-svete\/\" \/>\n<meta property=\"og:site_name\" content=\"\u0160koda We Love Cycling Slovensko\" \/>\n<meta property=\"article:published_time\" content=\"2017-10-11T15:21:54+00:00\" \/>\n<meta property=\"article:modified_time\" content=\"2017-12-05T14:45:53+00:00\" \/>\n<meta property=\"og:image\" content=\"https:\/\/d2p6e6u75xmxt8.cloudfront.net\/4\/2017\/10\/cyclingupthehimalayas.webp\" \/>\n\t<meta property=\"og:image:width\" content=\"1375\" \/>\n\t<meta property=\"og:image:height\" content=\"600\" \/>\n\t<meta property=\"og:image:type\" content=\"image\/webp\" \/>\n<meta name=\"author\" content=\"Ondrej Ga\u0161par\" \/>\n<meta name=\"twitter:card\" content=\"summary_large_image\" \/>\n<meta name=\"twitter:label1\" content=\"Written by\" \/>\n\t<meta name=\"twitter:data1\" content=\"We Love Cycling\" \/>\n\t<meta name=\"twitter:label2\" content=\"Est. reading time\" \/>\n\t<meta name=\"twitter:data2\" content=\"4 minutes\" \/>\n<script type=\"application\/ld+json\" class=\"yoast-schema-graph\">{\"@context\":\"https:\/\/schema.org\",\"@graph\":[{\"@type\":\"WebPage\",\"@id\":\"https:\/\/www.welovecycling.com\/sk\/2017\/10\/11\/lapanie-dychu-styria-jazdci-najvyssi-priechod-svete\/\",\"url\":\"https:\/\/www.welovecycling.com\/sk\/2017\/10\/11\/lapanie-dychu-styria-jazdci-najvyssi-priechod-svete\/\",\"name\":\"Catching Breath: \u0160tyria jazdci a najvy\u0161\u0161\u00ed priechod na svete - \u0160koda We Love Cycling Slovensko\",\"isPartOf\":{\"@id\":\"https:\/\/www.welovecycling.com\/sk\/#website\"},\"primaryImageOfPage\":{\"@id\":\"https:\/\/www.welovecycling.com\/sk\/2017\/10\/11\/lapanie-dychu-styria-jazdci-najvyssi-priechod-svete\/#primaryimage\"},\"image\":{\"@id\":\"https:\/\/www.welovecycling.com\/sk\/2017\/10\/11\/lapanie-dychu-styria-jazdci-najvyssi-priechod-svete\/#primaryimage\"},\"thumbnailUrl\":\"https:\/\/d2p6e6u75xmxt8.cloudfront.net\/4\/2017\/10\/cyclingupthehimalayas.webp\",\"datePublished\":\"2017-10-11T15:21:54+00:00\",\"dateModified\":\"2017-12-05T14:45:53+00:00\",\"author\":{\"@id\":\"https:\/\/www.welovecycling.com\/sk\/#\/schema\/person\/8ee09ba39b7e25b1870160aa5b3a89bc\"},\"breadcrumb\":{\"@id\":\"https:\/\/www.welovecycling.com\/sk\/2017\/10\/11\/lapanie-dychu-styria-jazdci-najvyssi-priechod-svete\/#breadcrumb\"},\"inLanguage\":\"sk-SK\",\"potentialAction\":[{\"@type\":\"ReadAction\",\"target\":[\"https:\/\/www.welovecycling.com\/sk\/2017\/10\/11\/lapanie-dychu-styria-jazdci-najvyssi-priechod-svete\/\"]}]},{\"@type\":\"ImageObject\",\"inLanguage\":\"sk-SK\",\"@id\":\"https:\/\/www.welovecycling.com\/sk\/2017\/10\/11\/lapanie-dychu-styria-jazdci-najvyssi-priechod-svete\/#primaryimage\",\"url\":\"https:\/\/d2p6e6u75xmxt8.cloudfront.net\/4\/2017\/10\/cyclingupthehimalayas.webp\",\"contentUrl\":\"https:\/\/d2p6e6u75xmxt8.cloudfront.net\/4\/2017\/10\/cyclingupthehimalayas.webp\",\"width\":1375,\"height\":600},{\"@type\":\"BreadcrumbList\",\"@id\":\"https:\/\/www.welovecycling.com\/sk\/2017\/10\/11\/lapanie-dychu-styria-jazdci-najvyssi-priechod-svete\/#breadcrumb\",\"itemListElement\":[{\"@type\":\"ListItem\",\"position\":1,\"name\":\"Home\",\"item\":\"https:\/\/www.welovecycling.com\/sk\/\"},{\"@type\":\"ListItem\",\"position\":2,\"name\":\"Catching Breath: \u0160tyria jazdci a najvy\u0161\u0161\u00ed priechod na svete\"}]},{\"@type\":\"WebSite\",\"@id\":\"https:\/\/www.welovecycling.com\/sk\/#website\",\"url\":\"https:\/\/www.welovecycling.com\/sk\/\",\"name\":\"\u0160koda We Love Cycling Slovensko\",\"description\":\"\u0160koda We Love Cycling Slovensko je v\u00e1\u0161 ka\u017edodenn\u00fd zdroj noviniek a in\u0161pir\u00e1cie z sveta cyklistiky\",\"potentialAction\":[{\"@type\":\"SearchAction\",\"target\":{\"@type\":\"EntryPoint\",\"urlTemplate\":\"https:\/\/www.welovecycling.com\/sk\/?s={search_term_string}\"},\"query-input\":{\"@type\":\"PropertyValueSpecification\",\"valueRequired\":true,\"valueName\":\"search_term_string\"}}],\"inLanguage\":\"sk-SK\"},{\"@type\":\"Person\",\"@id\":\"https:\/\/www.welovecycling.com\/sk\/#\/schema\/person\/8ee09ba39b7e25b1870160aa5b3a89bc\",\"name\":\"Ondrej Ga\u0161par\",\"image\":{\"@type\":\"ImageObject\",\"inLanguage\":\"sk-SK\",\"@id\":\"https:\/\/www.welovecycling.com\/sk\/#\/schema\/person\/image\/\",\"url\":\"https:\/\/secure.gravatar.com\/avatar\/6126c9afb87b70da5abbb083ddbb21933da15f18f8ca7cb822aba0fb096a48f6?s=96&d=mm&r=g\",\"contentUrl\":\"https:\/\/secure.gravatar.com\/avatar\/6126c9afb87b70da5abbb083ddbb21933da15f18f8ca7cb822aba0fb096a48f6?s=96&d=mm&r=g\",\"caption\":\"Ondrej Ga\u0161par\"},\"url\":\"https:\/\/www.welovecycling.com\/sk\/author\/ondrejgaspar\/\"}]}<\/script>\n<!-- \/ Yoast SEO Premium plugin. -->","yoast_head_json":{"title":"Catching Breath: \u0160tyria jazdci a najvy\u0161\u0161\u00ed priechod na svete - \u0160koda We Love Cycling Slovensko","robots":{"index":"index","follow":"follow","max-snippet":"max-snippet:-1","max-image-preview":"max-image-preview:large","max-video-preview":"max-video-preview:-1"},"canonical":"https:\/\/www.welovecycling.com\/sk\/2017\/10\/11\/lapanie-dychu-styria-jazdci-najvyssi-priechod-svete\/","og_locale":"sk_SK","og_type":"article","og_title":"Catching Breath: \u0160tyria jazdci a najvy\u0161\u0161\u00ed priechod na svete","og_description":"Prem\u00fd\u0161\u013eali ste niekedy pri sledovan\u00ed Tour de France o\u00a0tom, ak\u00fd je to asi pocit zdol\u00e1va\u0165 st\u00fapania brut\u00e1lnych \u00fasekov ako je [&hellip;]","og_url":"https:\/\/www.welovecycling.com\/sk\/2017\/10\/11\/lapanie-dychu-styria-jazdci-najvyssi-priechod-svete\/","og_site_name":"\u0160koda We Love Cycling Slovensko","article_published_time":"2017-10-11T15:21:54+00:00","article_modified_time":"2017-12-05T14:45:53+00:00","og_image":[{"width":1375,"height":600,"url":"https:\/\/d2p6e6u75xmxt8.cloudfront.net\/4\/2017\/10\/cyclingupthehimalayas.webp","type":"image\/webp"}],"author":"Ondrej Ga\u0161par","twitter_card":"summary_large_image","twitter_misc":{"Written by":"We Love Cycling","Est. reading time":"4 minutes"},"schema":{"@context":"https:\/\/schema.org","@graph":[{"@type":"WebPage","@id":"https:\/\/www.welovecycling.com\/sk\/2017\/10\/11\/lapanie-dychu-styria-jazdci-najvyssi-priechod-svete\/","url":"https:\/\/www.welovecycling.com\/sk\/2017\/10\/11\/lapanie-dychu-styria-jazdci-najvyssi-priechod-svete\/","name":"Catching Breath: \u0160tyria jazdci a najvy\u0161\u0161\u00ed priechod na svete - \u0160koda We Love Cycling Slovensko","isPartOf":{"@id":"https:\/\/www.welovecycling.com\/sk\/#website"},"primaryImageOfPage":{"@id":"https:\/\/www.welovecycling.com\/sk\/2017\/10\/11\/lapanie-dychu-styria-jazdci-najvyssi-priechod-svete\/#primaryimage"},"image":{"@id":"https:\/\/www.welovecycling.com\/sk\/2017\/10\/11\/lapanie-dychu-styria-jazdci-najvyssi-priechod-svete\/#primaryimage"},"thumbnailUrl":"https:\/\/d2p6e6u75xmxt8.cloudfront.net\/4\/2017\/10\/cyclingupthehimalayas.webp","datePublished":"2017-10-11T15:21:54+00:00","dateModified":"2017-12-05T14:45:53+00:00","author":{"@id":"https:\/\/www.welovecycling.com\/sk\/#\/schema\/person\/8ee09ba39b7e25b1870160aa5b3a89bc"},"breadcrumb":{"@id":"https:\/\/www.welovecycling.com\/sk\/2017\/10\/11\/lapanie-dychu-styria-jazdci-najvyssi-priechod-svete\/#breadcrumb"},"inLanguage":"sk-SK","potentialAction":[{"@type":"ReadAction","target":["https:\/\/www.welovecycling.com\/sk\/2017\/10\/11\/lapanie-dychu-styria-jazdci-najvyssi-priechod-svete\/"]}]},{"@type":"ImageObject","inLanguage":"sk-SK","@id":"https:\/\/www.welovecycling.com\/sk\/2017\/10\/11\/lapanie-dychu-styria-jazdci-najvyssi-priechod-svete\/#primaryimage","url":"https:\/\/d2p6e6u75xmxt8.cloudfront.net\/4\/2017\/10\/cyclingupthehimalayas.webp","contentUrl":"https:\/\/d2p6e6u75xmxt8.cloudfront.net\/4\/2017\/10\/cyclingupthehimalayas.webp","width":1375,"height":600},{"@type":"BreadcrumbList","@id":"https:\/\/www.welovecycling.com\/sk\/2017\/10\/11\/lapanie-dychu-styria-jazdci-najvyssi-priechod-svete\/#breadcrumb","itemListElement":[{"@type":"ListItem","position":1,"name":"Home","item":"https:\/\/www.welovecycling.com\/sk\/"},{"@type":"ListItem","position":2,"name":"Catching Breath: \u0160tyria jazdci a najvy\u0161\u0161\u00ed priechod na svete"}]},{"@type":"WebSite","@id":"https:\/\/www.welovecycling.com\/sk\/#website","url":"https:\/\/www.welovecycling.com\/sk\/","name":"\u0160koda We Love Cycling Slovensko","description":"\u0160koda We Love Cycling Slovensko je v\u00e1\u0161 ka\u017edodenn\u00fd zdroj noviniek a in\u0161pir\u00e1cie z sveta cyklistiky","potentialAction":[{"@type":"SearchAction","target":{"@type":"EntryPoint","urlTemplate":"https:\/\/www.welovecycling.com\/sk\/?s={search_term_string}"},"query-input":{"@type":"PropertyValueSpecification","valueRequired":true,"valueName":"search_term_string"}}],"inLanguage":"sk-SK"},{"@type":"Person","@id":"https:\/\/www.welovecycling.com\/sk\/#\/schema\/person\/8ee09ba39b7e25b1870160aa5b3a89bc","name":"Ondrej Ga\u0161par","image":{"@type":"ImageObject","inLanguage":"sk-SK","@id":"https:\/\/www.welovecycling.com\/sk\/#\/schema\/person\/image\/","url":"https:\/\/secure.gravatar.com\/avatar\/6126c9afb87b70da5abbb083ddbb21933da15f18f8ca7cb822aba0fb096a48f6?s=96&d=mm&r=g","contentUrl":"https:\/\/secure.gravatar.com\/avatar\/6126c9afb87b70da5abbb083ddbb21933da15f18f8ca7cb822aba0fb096a48f6?s=96&d=mm&r=g","caption":"Ondrej Ga\u0161par"},"url":"https:\/\/www.welovecycling.com\/sk\/author\/ondrejgaspar\/"}]}},"_links":{"self":[{"href":"https:\/\/www.welovecycling.com\/sk\/wp-json\/wp\/v2\/posts\/2383","targetHints":{"allow":["GET"]}}],"collection":[{"href":"https:\/\/www.welovecycling.com\/sk\/wp-json\/wp\/v2\/posts"}],"about":[{"href":"https:\/\/www.welovecycling.com\/sk\/wp-json\/wp\/v2\/types\/post"}],"author":[{"embeddable":true,"href":"https:\/\/www.welovecycling.com\/sk\/wp-json\/wp\/v2\/users\/38"}],"replies":[{"embeddable":true,"href":"https:\/\/www.welovecycling.com\/sk\/wp-json\/wp\/v2\/comments?post=2383"}],"version-history":[{"count":2,"href":"https:\/\/www.welovecycling.com\/sk\/wp-json\/wp\/v2\/posts\/2383\/revisions"}],"predecessor-version":[{"id":2830,"href":"https:\/\/www.welovecycling.com\/sk\/wp-json\/wp\/v2\/posts\/2383\/revisions\/2830"}],"wp:featuredmedia":[{"embeddable":true,"href":"https:\/\/www.welovecycling.com\/sk\/wp-json\/wp\/v2\/media\/2386"}],"wp:attachment":[{"href":"https:\/\/www.welovecycling.com\/sk\/wp-json\/wp\/v2\/media?parent=2383"}],"wp:term":[{"taxonomy":"category","embeddable":true,"href":"https:\/\/www.welovecycling.com\/sk\/wp-json\/wp\/v2\/categories?post=2383"},{"taxonomy":"post_tag","embeddable":true,"href":"https:\/\/www.welovecycling.com\/sk\/wp-json\/wp\/v2\/tags?post=2383"},{"taxonomy":"global-categories","embeddable":true,"href":"https:\/\/www.welovecycling.com\/sk\/wp-json\/wp\/v2\/global-categories?post=2383"}],"curies":[{"name":"wp","href":"https:\/\/api.w.org\/{rel}","templated":true}]}}