{"id":2359,"date":"2017-10-20T17:40:29","date_gmt":"2017-10-20T15:40:29","guid":{"rendered":"https:\/\/www.welovecycling.com\/sk\/?p=2359"},"modified":"2017-10-26T10:39:00","modified_gmt":"2017-10-26T08:39:00","slug":"zakladne-doplnky-jesenneho-satnika","status":"publish","type":"post","link":"https:\/\/www.welovecycling.com\/sk\/2017\/10\/20\/zakladne-doplnky-jesenneho-satnika\/","title":{"rendered":"D\u00f4le\u017eit\u00e9 doplnky jesenn\u00e9ho \u0161atn\u00edka"},"content":{"rendered":"<p><strong>Jese\u0148 sa pomaly ale isto bl\u00ed\u017ei, no to nie je najmen\u0161\u00ed d\u00f4vod presta\u0165 bicyklova\u0165 \u2013 pr\u00e1ve naopak. M\u00e1 svoje jedine\u010dn\u00e9 \u010daro a sta\u010d\u00ed len p\u00e1r vhodne zvolen\u00fdch doplnkov na to, aby sme si ho naplno vychutnali. Charakteristick\u00e9 s\u00fa najm\u00fa v\u00fdrazn\u00e9 rozdiely v teplot\u00e1ch po\u010das d\u0148a a d\u00f4le\u017eit\u00e1 je predov\u0161etk\u00fdm ochrana pred vetrom \u2013 na extra tepl\u00e9 veci je e\u0161te \u010das.<\/strong><!--more--><\/p>\n<h2><strong>Teplej\u0161ia spodn\u00e1 vrstva<\/strong><\/h2>\n<p>Z\u00e1kladom pohybu v chladnej\u0161\u00edch podmienkach je kvalitn\u00e9 funk\u010dn\u00e9 oble\u010denie, a to, ktor\u00e9 je v priamom kontakte s ko\u017eou, m\u00e1 v\u00fdrazn\u00fd vplyv na komfort. Na jese\u0148 sa ide\u00e1lne hodia stredne hrub\u00e9 modely, \u010di u\u017e s kr\u00e1tkym alebo dlh\u00fdm ruk\u00e1vom, ktor\u00e9 si m\u00f4\u017eete obliec\u0165 pod letn\u00fd dres a v\u00fdrazne zv\u00fd\u0161i\u0165 jeho tepeln\u00fd komfort.<\/p>\n<p><a href=\"https:\/\/d2p6e6u75xmxt8.cloudfront.net\/4\/2017\/09\/1-1.jpg\"><img loading=\"lazy\" decoding=\"async\" class=\"alignnone size-full wp-image-2365\" src=\"https:\/\/d2p6e6u75xmxt8.cloudfront.net\/4\/2017\/09\/1-1.jpg\" alt=\"\" width=\"1563\" height=\"768\" \/><\/a><\/p>\n<h2><strong>N\u00e1vleky<\/strong><\/h2>\n<p>Zrejme neexistuje univerz\u00e1lnej\u0161\u00ed doplnok ako s\u00fa cyklistick\u00e9 n\u00e1vleky. V\u010faka nim nie je probl\u00e9m vyrazi\u0165 ani do chladn\u00e9ho r\u00e1na\/pr\u00edpadne ve\u010dera a ak sa otepl\u00ed, daj\u00fa sa ve\u013emi \u013eahko stiahnu\u0165 a odlo\u017ei\u0165 do vrecka alebo batohu. N\u00e1jdete r\u00f4zne prevedenia, no na za\u010diatok sta\u010dia \u00faplne klasick\u00e9 z lycry a jemn\u00e9ho fl\u00edsu \u2013 materi\u00e1l ozna\u010dovan\u00fd ako Roubaix. Ide\u00e1lne za\u010da\u0165 t\u00fdmi, ktor\u00e9 s\u00fa na ruky a kolen\u00e1, nesk\u00f4r ich m\u00f4\u017eete doplni\u0165 e\u0161te dlhou verziou na cel\u00e9 nohy. Okrem spr\u00e1vnej ve\u013ekosti s\u00fa d\u00f4le\u017eit\u00e9 aj detaily, najm\u00e4 proti\u0161mykov\u00fd horn\u00fd lem, aby sa dobre prekryli s dresom alebo kr\u00e1tkymi nohavicami a po\u010das jazdy nepadali.<\/p>\n<h2><strong>Vesta alebo bunda proti vetru<\/strong><\/h2>\n<p>Ochrana pred vetrom je pri jazden\u00ed v tomto ro\u010dnom obdob\u00ed z\u00e1kladn\u00fdm faktorom. Pr\u00e1ve vietor sa podie\u013ea na zni\u017eovan\u00ed pocitovej teploty. Plat\u00ed to najm\u00e4 v pr\u00edpade skor\u00fdch rann\u00fdch alebo popolud\u0148aj\u0161\u00edch v\u00fdjazdov. V tomto m\u00f4\u017ee ve\u013emi dobre pom\u00f4c\u0165 cyklistick\u00e1 vesta, ktor\u00e1 ochr\u00e1ni najd\u00f4le\u017eitej\u0161ie \u010dasti tela. Pritom, ak ju netreba, d\u00e1 sa ve\u013emi \u013eahko zlo\u017ei\u0165 do vrecka dresu, kde zaberie minimum miesta. Porozhliadnite sa po modeloch, ktor\u00e9 maj\u00fa predn\u00fa stranu odoln\u00fa proti vetru, priedu\u0161n\u00fd chrb\u00e1t, pred\u013a\u017een\u00fd zadn\u00fd diel a dok\u00e1\u017eu ochr\u00e1ni\u0165 aj citliv\u00fd krk. Rovnako pr\u00eddu vhod reflexn\u00e9 prvky pre vy\u0161\u0161iu bezpe\u010dnos\u0165. Siahnu\u0165 m\u00f4\u017eete aj po bunde, ktor\u00e1 poskytne v\u00e4\u010d\u0161iu ochranu a hod\u00ed sa aj do nepriaznivej\u0161\u00edch podmienok. Ak nepl\u00e1nujete jazdi\u0165 v extr\u00e9mnom po\u010das\u00ed, vysta\u010d\u00edte si aj s bundami, ktor\u00e9 s\u00fa ur\u010den\u00e9 predov\u0161etk\u00fdm proti vetru; tak\u00e1to bunda znesie aj men\u0161ie preh\u00e1nky. Tento materi\u00e1l lep\u0161ie d\u00fdcha a je pr\u00edjemn\u00fd na telo, \u010do sa o vyslovene nepremokav\u00fdch bund\u00e1ch poveda\u0165 ned\u00e1.<\/p>\n<p><a href=\"https:\/\/d2p6e6u75xmxt8.cloudfront.net\/4\/2017\/09\/2-1.jpg\"><img loading=\"lazy\" decoding=\"async\" class=\"alignnone size-full wp-image-2366\" src=\"https:\/\/d2p6e6u75xmxt8.cloudfront.net\/4\/2017\/09\/2-1.jpg\" alt=\"\" width=\"1724\" height=\"768\" \/><\/a><\/p>\n<h2><strong>Doplnky<\/strong><\/h2>\n<p>Ozna\u010denie <em>doplnky<\/em> mo\u017eno trochu zni\u017euje ich v\u00fdznam, preto\u017ee s\u00fa v tomto obdob\u00ed naozaj d\u00f4le\u017eit\u00e9. V prvom rade je to ochrana hlavy a krku. Na hlavu sa v\u00fdborne hod\u00ed tenk\u00e1 \u010delenka, ktor\u00e1 ochr\u00e1ni to najd\u00f4le\u017eitej\u0161ie a pod prilbou ju takmer nie je c\u00edti\u0165. O krk sa postar\u00e1 \u0161atka alebo \u201ebuffka\u201c. Pr\u00e1ve hlava a krk patria medzi miesta, ktor\u00e9 treba ma\u0165 st\u00e1le na pam\u00e4ti a nezab\u00fada\u0165 ich chr\u00e1ni\u0165. Ruky sa daj\u00fa v tomto obdob\u00ed vyrie\u0161i\u0165 dlhoprst\u00fdmi rukavicami, ktor\u00e9 nemusia by\u0165 zatia\u013e extra tepl\u00e9 \u2013 ak si potrp\u00edte na vy\u0161\u0161\u00ed tepeln\u00fd komfort, porozhliadnite sa po modeloch, ktor\u00e9 maj\u00fa chrbtov\u00fa stranu z vetruodoln\u00e9ho materi\u00e1lu.<\/p>\n<p><a href=\"https:\/\/d2p6e6u75xmxt8.cloudfront.net\/4\/2017\/09\/3-1.jpg\"><img loading=\"lazy\" decoding=\"async\" class=\"alignnone size-full wp-image-2367\" src=\"https:\/\/d2p6e6u75xmxt8.cloudfront.net\/4\/2017\/09\/3-1.jpg\" alt=\"\" width=\"1366\" height=\"768\" \/><\/a><\/p>\n<p>Ak preferujete cestn\u00fa cyklistiku, tak chodidl\u00e1 ve\u013emi dobre ochr\u00e1nia pred vetrom tenk\u00e9 n\u00e1vleky na tretry. Ak preferujete MTB a \u010dasto chod\u00edte aj po vlastn\u00fdch, po\u010d\u00edtajte s t\u00fdm, \u017ee \u010dasom n\u00e1vleky pri ch\u00f4dzi po\u0161kod\u00edte. V takom pr\u00edpade si dajte pozor, aby n\u00e1vleky mali otvoren\u00fa spodn\u00fa \u010das\u0165, ktor\u00e1 umo\u017en\u00ed pou\u017eitie a ch\u00f4dzu v ter\u00e9ne. Alternat\u00edvou s\u00fa samozrejme hrub\u0161ie pono\u017eky \ud83d\ude42<\/p>\n<p>(zdroj titulnej fotky: FB str\u00e1nka Craft)<\/p>\n","protected":false},"excerpt":{"rendered":"<p>Jese\u0148 sa pomaly ale isto bl\u00ed\u017ei, no to nie je najmen\u0161\u00ed d\u00f4vod presta\u0165 bicyklova\u0165 \u2013 pr\u00e1ve naopak. M\u00e1 svoje jedine\u010dn\u00e9 [&hellip;]<\/p>\n","protected":false},"author":38,"featured_media":2373,"comment_status":"open","ping_status":"open","sticky":false,"template":"","format":"standard","meta":{"footnotes":""},"categories":[4,3,52],"tags":[312,311,115,180,286,215,310,285,313,309],"global-categories":[],"class_list":["post-2359","post","type-post","status-publish","format-standard","has-post-thumbnail","hentry","category-cestna-cyklisitika","category-mtb","category-nakupny-poradca","tag-bunda","tag-celenka","tag-cestna-cyklistika","tag-horska-cyklistika","tag-jesen","tag-nakupny-poradca","tag-navleky","tag-oblecenie","tag-satka","tag-vesta"],"yoast_head":"<!-- This site is optimized with the Yoast SEO Premium plugin v25.3 (Yoast SEO v25.9) - https:\/\/yoast.com\/wordpress\/plugins\/seo\/ -->\n<title>D\u00f4le\u017eit\u00e9 doplnky jesenn\u00e9ho \u0161atn\u00edka - \u0160koda We Love Cycling Slovensko<\/title>\n<meta name=\"robots\" content=\"index, follow, max-snippet:-1, max-image-preview:large, max-video-preview:-1\" \/>\n<link rel=\"canonical\" href=\"https:\/\/www.welovecycling.com\/sk\/2017\/10\/20\/zakladne-doplnky-jesenneho-satnika\/\" \/>\n<meta property=\"og:locale\" content=\"sk_SK\" \/>\n<meta property=\"og:type\" content=\"article\" \/>\n<meta property=\"og:title\" content=\"D\u00f4le\u017eit\u00e9 doplnky jesenn\u00e9ho \u0161atn\u00edka\" \/>\n<meta property=\"og:description\" content=\"Jese\u0148 sa pomaly ale isto bl\u00ed\u017ei, no to nie je najmen\u0161\u00ed d\u00f4vod presta\u0165 bicyklova\u0165 \u2013 pr\u00e1ve naopak. M\u00e1 svoje jedine\u010dn\u00e9 [&hellip;]\" \/>\n<meta property=\"og:url\" content=\"https:\/\/www.welovecycling.com\/sk\/2017\/10\/20\/zakladne-doplnky-jesenneho-satnika\/\" \/>\n<meta property=\"og:site_name\" content=\"\u0160koda We Love Cycling Slovensko\" \/>\n<meta property=\"article:published_time\" content=\"2017-10-20T15:40:29+00:00\" \/>\n<meta property=\"article:modified_time\" content=\"2017-10-26T08:39:00+00:00\" \/>\n<meta property=\"og:image\" content=\"https:\/\/d2p6e6u75xmxt8.cloudfront.net\/4\/2017\/09\/uvod-oblecko.webp\" \/>\n\t<meta property=\"og:image:width\" content=\"1375\" \/>\n\t<meta property=\"og:image:height\" content=\"600\" \/>\n\t<meta property=\"og:image:type\" content=\"image\/webp\" \/>\n<meta name=\"author\" content=\"Ondrej Ga\u0161par\" \/>\n<meta name=\"twitter:card\" content=\"summary_large_image\" \/>\n<meta name=\"twitter:label1\" content=\"Written by\" \/>\n\t<meta name=\"twitter:data1\" content=\"We Love Cycling\" \/>\n\t<meta name=\"twitter:label2\" content=\"Est. reading time\" \/>\n\t<meta name=\"twitter:data2\" content=\"3 minutes\" \/>\n<script type=\"application\/ld+json\" class=\"yoast-schema-graph\">{\"@context\":\"https:\/\/schema.org\",\"@graph\":[{\"@type\":\"WebPage\",\"@id\":\"https:\/\/www.welovecycling.com\/sk\/2017\/10\/20\/zakladne-doplnky-jesenneho-satnika\/\",\"url\":\"https:\/\/www.welovecycling.com\/sk\/2017\/10\/20\/zakladne-doplnky-jesenneho-satnika\/\",\"name\":\"D\u00f4le\u017eit\u00e9 doplnky jesenn\u00e9ho \u0161atn\u00edka - \u0160koda We Love Cycling Slovensko\",\"isPartOf\":{\"@id\":\"https:\/\/www.welovecycling.com\/sk\/#website\"},\"primaryImageOfPage\":{\"@id\":\"https:\/\/www.welovecycling.com\/sk\/2017\/10\/20\/zakladne-doplnky-jesenneho-satnika\/#primaryimage\"},\"image\":{\"@id\":\"https:\/\/www.welovecycling.com\/sk\/2017\/10\/20\/zakladne-doplnky-jesenneho-satnika\/#primaryimage\"},\"thumbnailUrl\":\"https:\/\/d2p6e6u75xmxt8.cloudfront.net\/4\/2017\/09\/uvod-oblecko.webp\",\"datePublished\":\"2017-10-20T15:40:29+00:00\",\"dateModified\":\"2017-10-26T08:39:00+00:00\",\"author\":{\"@id\":\"https:\/\/www.welovecycling.com\/sk\/#\/schema\/person\/8ee09ba39b7e25b1870160aa5b3a89bc\"},\"breadcrumb\":{\"@id\":\"https:\/\/www.welovecycling.com\/sk\/2017\/10\/20\/zakladne-doplnky-jesenneho-satnika\/#breadcrumb\"},\"inLanguage\":\"sk-SK\",\"potentialAction\":[{\"@type\":\"ReadAction\",\"target\":[\"https:\/\/www.welovecycling.com\/sk\/2017\/10\/20\/zakladne-doplnky-jesenneho-satnika\/\"]}]},{\"@type\":\"ImageObject\",\"inLanguage\":\"sk-SK\",\"@id\":\"https:\/\/www.welovecycling.com\/sk\/2017\/10\/20\/zakladne-doplnky-jesenneho-satnika\/#primaryimage\",\"url\":\"https:\/\/d2p6e6u75xmxt8.cloudfront.net\/4\/2017\/09\/uvod-oblecko.webp\",\"contentUrl\":\"https:\/\/d2p6e6u75xmxt8.cloudfront.net\/4\/2017\/09\/uvod-oblecko.webp\",\"width\":1375,\"height\":600},{\"@type\":\"BreadcrumbList\",\"@id\":\"https:\/\/www.welovecycling.com\/sk\/2017\/10\/20\/zakladne-doplnky-jesenneho-satnika\/#breadcrumb\",\"itemListElement\":[{\"@type\":\"ListItem\",\"position\":1,\"name\":\"Home\",\"item\":\"https:\/\/www.welovecycling.com\/sk\/\"},{\"@type\":\"ListItem\",\"position\":2,\"name\":\"D\u00f4le\u017eit\u00e9 doplnky jesenn\u00e9ho \u0161atn\u00edka\"}]},{\"@type\":\"WebSite\",\"@id\":\"https:\/\/www.welovecycling.com\/sk\/#website\",\"url\":\"https:\/\/www.welovecycling.com\/sk\/\",\"name\":\"\u0160koda We Love Cycling Slovensko\",\"description\":\"\u0160koda We Love Cycling Slovensko je v\u00e1\u0161 ka\u017edodenn\u00fd zdroj noviniek a in\u0161pir\u00e1cie z sveta cyklistiky\",\"potentialAction\":[{\"@type\":\"SearchAction\",\"target\":{\"@type\":\"EntryPoint\",\"urlTemplate\":\"https:\/\/www.welovecycling.com\/sk\/?s={search_term_string}\"},\"query-input\":{\"@type\":\"PropertyValueSpecification\",\"valueRequired\":true,\"valueName\":\"search_term_string\"}}],\"inLanguage\":\"sk-SK\"},{\"@type\":\"Person\",\"@id\":\"https:\/\/www.welovecycling.com\/sk\/#\/schema\/person\/8ee09ba39b7e25b1870160aa5b3a89bc\",\"name\":\"Ondrej Ga\u0161par\",\"image\":{\"@type\":\"ImageObject\",\"inLanguage\":\"sk-SK\",\"@id\":\"https:\/\/www.welovecycling.com\/sk\/#\/schema\/person\/image\/\",\"url\":\"https:\/\/secure.gravatar.com\/avatar\/6126c9afb87b70da5abbb083ddbb21933da15f18f8ca7cb822aba0fb096a48f6?s=96&d=mm&r=g\",\"contentUrl\":\"https:\/\/secure.gravatar.com\/avatar\/6126c9afb87b70da5abbb083ddbb21933da15f18f8ca7cb822aba0fb096a48f6?s=96&d=mm&r=g\",\"caption\":\"Ondrej Ga\u0161par\"},\"url\":\"https:\/\/www.welovecycling.com\/sk\/author\/ondrejgaspar\/\"}]}<\/script>\n<!-- \/ Yoast SEO Premium plugin. -->","yoast_head_json":{"title":"D\u00f4le\u017eit\u00e9 doplnky jesenn\u00e9ho \u0161atn\u00edka - \u0160koda We Love Cycling Slovensko","robots":{"index":"index","follow":"follow","max-snippet":"max-snippet:-1","max-image-preview":"max-image-preview:large","max-video-preview":"max-video-preview:-1"},"canonical":"https:\/\/www.welovecycling.com\/sk\/2017\/10\/20\/zakladne-doplnky-jesenneho-satnika\/","og_locale":"sk_SK","og_type":"article","og_title":"D\u00f4le\u017eit\u00e9 doplnky jesenn\u00e9ho \u0161atn\u00edka","og_description":"Jese\u0148 sa pomaly ale isto bl\u00ed\u017ei, no to nie je najmen\u0161\u00ed d\u00f4vod presta\u0165 bicyklova\u0165 \u2013 pr\u00e1ve naopak. M\u00e1 svoje jedine\u010dn\u00e9 [&hellip;]","og_url":"https:\/\/www.welovecycling.com\/sk\/2017\/10\/20\/zakladne-doplnky-jesenneho-satnika\/","og_site_name":"\u0160koda We Love Cycling Slovensko","article_published_time":"2017-10-20T15:40:29+00:00","article_modified_time":"2017-10-26T08:39:00+00:00","og_image":[{"width":1375,"height":600,"url":"https:\/\/d2p6e6u75xmxt8.cloudfront.net\/4\/2017\/09\/uvod-oblecko.webp","type":"image\/webp"}],"author":"Ondrej Ga\u0161par","twitter_card":"summary_large_image","twitter_misc":{"Written by":"We Love Cycling","Est. reading time":"3 minutes"},"schema":{"@context":"https:\/\/schema.org","@graph":[{"@type":"WebPage","@id":"https:\/\/www.welovecycling.com\/sk\/2017\/10\/20\/zakladne-doplnky-jesenneho-satnika\/","url":"https:\/\/www.welovecycling.com\/sk\/2017\/10\/20\/zakladne-doplnky-jesenneho-satnika\/","name":"D\u00f4le\u017eit\u00e9 doplnky jesenn\u00e9ho \u0161atn\u00edka - \u0160koda We Love Cycling Slovensko","isPartOf":{"@id":"https:\/\/www.welovecycling.com\/sk\/#website"},"primaryImageOfPage":{"@id":"https:\/\/www.welovecycling.com\/sk\/2017\/10\/20\/zakladne-doplnky-jesenneho-satnika\/#primaryimage"},"image":{"@id":"https:\/\/www.welovecycling.com\/sk\/2017\/10\/20\/zakladne-doplnky-jesenneho-satnika\/#primaryimage"},"thumbnailUrl":"https:\/\/d2p6e6u75xmxt8.cloudfront.net\/4\/2017\/09\/uvod-oblecko.webp","datePublished":"2017-10-20T15:40:29+00:00","dateModified":"2017-10-26T08:39:00+00:00","author":{"@id":"https:\/\/www.welovecycling.com\/sk\/#\/schema\/person\/8ee09ba39b7e25b1870160aa5b3a89bc"},"breadcrumb":{"@id":"https:\/\/www.welovecycling.com\/sk\/2017\/10\/20\/zakladne-doplnky-jesenneho-satnika\/#breadcrumb"},"inLanguage":"sk-SK","potentialAction":[{"@type":"ReadAction","target":["https:\/\/www.welovecycling.com\/sk\/2017\/10\/20\/zakladne-doplnky-jesenneho-satnika\/"]}]},{"@type":"ImageObject","inLanguage":"sk-SK","@id":"https:\/\/www.welovecycling.com\/sk\/2017\/10\/20\/zakladne-doplnky-jesenneho-satnika\/#primaryimage","url":"https:\/\/d2p6e6u75xmxt8.cloudfront.net\/4\/2017\/09\/uvod-oblecko.webp","contentUrl":"https:\/\/d2p6e6u75xmxt8.cloudfront.net\/4\/2017\/09\/uvod-oblecko.webp","width":1375,"height":600},{"@type":"BreadcrumbList","@id":"https:\/\/www.welovecycling.com\/sk\/2017\/10\/20\/zakladne-doplnky-jesenneho-satnika\/#breadcrumb","itemListElement":[{"@type":"ListItem","position":1,"name":"Home","item":"https:\/\/www.welovecycling.com\/sk\/"},{"@type":"ListItem","position":2,"name":"D\u00f4le\u017eit\u00e9 doplnky jesenn\u00e9ho \u0161atn\u00edka"}]},{"@type":"WebSite","@id":"https:\/\/www.welovecycling.com\/sk\/#website","url":"https:\/\/www.welovecycling.com\/sk\/","name":"\u0160koda We Love Cycling Slovensko","description":"\u0160koda We Love Cycling Slovensko je v\u00e1\u0161 ka\u017edodenn\u00fd zdroj noviniek a in\u0161pir\u00e1cie z sveta cyklistiky","potentialAction":[{"@type":"SearchAction","target":{"@type":"EntryPoint","urlTemplate":"https:\/\/www.welovecycling.com\/sk\/?s={search_term_string}"},"query-input":{"@type":"PropertyValueSpecification","valueRequired":true,"valueName":"search_term_string"}}],"inLanguage":"sk-SK"},{"@type":"Person","@id":"https:\/\/www.welovecycling.com\/sk\/#\/schema\/person\/8ee09ba39b7e25b1870160aa5b3a89bc","name":"Ondrej Ga\u0161par","image":{"@type":"ImageObject","inLanguage":"sk-SK","@id":"https:\/\/www.welovecycling.com\/sk\/#\/schema\/person\/image\/","url":"https:\/\/secure.gravatar.com\/avatar\/6126c9afb87b70da5abbb083ddbb21933da15f18f8ca7cb822aba0fb096a48f6?s=96&d=mm&r=g","contentUrl":"https:\/\/secure.gravatar.com\/avatar\/6126c9afb87b70da5abbb083ddbb21933da15f18f8ca7cb822aba0fb096a48f6?s=96&d=mm&r=g","caption":"Ondrej Ga\u0161par"},"url":"https:\/\/www.welovecycling.com\/sk\/author\/ondrejgaspar\/"}]}},"_links":{"self":[{"href":"https:\/\/www.welovecycling.com\/sk\/wp-json\/wp\/v2\/posts\/2359","targetHints":{"allow":["GET"]}}],"collection":[{"href":"https:\/\/www.welovecycling.com\/sk\/wp-json\/wp\/v2\/posts"}],"about":[{"href":"https:\/\/www.welovecycling.com\/sk\/wp-json\/wp\/v2\/types\/post"}],"author":[{"embeddable":true,"href":"https:\/\/www.welovecycling.com\/sk\/wp-json\/wp\/v2\/users\/38"}],"replies":[{"embeddable":true,"href":"https:\/\/www.welovecycling.com\/sk\/wp-json\/wp\/v2\/comments?post=2359"}],"version-history":[{"count":2,"href":"https:\/\/www.welovecycling.com\/sk\/wp-json\/wp\/v2\/posts\/2359\/revisions"}],"predecessor-version":[{"id":2528,"href":"https:\/\/www.welovecycling.com\/sk\/wp-json\/wp\/v2\/posts\/2359\/revisions\/2528"}],"wp:featuredmedia":[{"embeddable":true,"href":"https:\/\/www.welovecycling.com\/sk\/wp-json\/wp\/v2\/media\/2373"}],"wp:attachment":[{"href":"https:\/\/www.welovecycling.com\/sk\/wp-json\/wp\/v2\/media?parent=2359"}],"wp:term":[{"taxonomy":"category","embeddable":true,"href":"https:\/\/www.welovecycling.com\/sk\/wp-json\/wp\/v2\/categories?post=2359"},{"taxonomy":"post_tag","embeddable":true,"href":"https:\/\/www.welovecycling.com\/sk\/wp-json\/wp\/v2\/tags?post=2359"},{"taxonomy":"global-categories","embeddable":true,"href":"https:\/\/www.welovecycling.com\/sk\/wp-json\/wp\/v2\/global-categories?post=2359"}],"curies":[{"name":"wp","href":"https:\/\/api.w.org\/{rel}","templated":true}]}}