{"id":2345,"date":"2017-09-29T15:20:25","date_gmt":"2017-09-29T13:20:25","guid":{"rendered":"https:\/\/www.welovecycling.com\/sk\/?p=2345"},"modified":"2018-09-14T13:49:24","modified_gmt":"2018-09-14T11:49:24","slug":"prilba-zaklad-ochrany","status":"publish","type":"post","link":"https:\/\/www.welovecycling.com\/sk\/2017\/09\/29\/prilba-zaklad-ochrany\/","title":{"rendered":"Prilba ako z\u00e1klad ochrany"},"content":{"rendered":"<p><strong>Bezpe\u010dnos\u0165 by mala by\u0165 v\u017edy na prvom mieste, \u010do samozrejme plat\u00ed aj v pr\u00edpade cyklistiky. V tomto pr\u00edpade je najd\u00f4le\u017eitej\u0161ia ochrana hlavy, ktor\u00fa m\u00e1 na starosti prilba. D\u00e1vno s\u00fa u\u017e pre\u010d \u010dasy, kedy sa jednalo o neforemn\u00fd a \u0165a\u017ek\u00fd \u201ek\u00fdbel\u201c, ktor\u00fd si cyklisti d\u00e1vali na hlavu sk\u00f4r za trest. Dne\u0161n\u00e9 technol\u00f3gie a dizajn umo\u017enili vytvori\u0165 prilby bezpe\u010dn\u00e9, a pritom st\u00e1le dobre vyzeraj\u00face. Ako si vybra\u0165 t\u00fa spr\u00e1vnu?<\/strong><!--more--><\/p>\n<h2><strong>Prilba mus\u00ed v prvom rade sedie\u0165<\/strong><\/h2>\n<p>Aby dok\u00e1zala naplno plni\u0165 svoju \u00falohu, mus\u00ed v prvom rade dokonale sedie\u0165 na hlave. Tu zrejme nepom\u00f4\u017ee in\u00e1 rada ako vysk\u00fa\u0161a\u0165. V\u00e4\u010d\u0161inou s\u00fa prilby dod\u00e1van\u00e9 vo ur\u010ditom rozsahu ve\u013ekost\u00ed a prvotn\u00fdm ukazovate\u013eom je obvod hlavy. V\u010faka up\u00ednaciemu syst\u00e9mu sa d\u00e1 n\u00e1sledne prisp\u00f4sobi\u0165 a doladi\u0165 pod\u013ea potrieb. Ka\u017ed\u00e1 zna\u010dka m\u00e1 mierne odli\u0161n\u00fd tvar, tak\u017ee, ak v\u00e1m nie\u010do nesed\u00ed, netreba z\u00fafa\u0165 a sk\u00fasi\u0165 in\u00fa. D\u00f4le\u017eit\u00e9 je, aby prilba na hlave sedela aj bez toho, aby ste na maximum utiahli v\u0161etky up\u00ednacie popruhy. Rovnako nezabudnite na to, aby ste neboli \u00faplne na hrane ve\u013ekosti a mohli pod \u0148u da\u0165 e\u0161te \u0161atku, pr\u00edpadne \u010diapku, ak sa ochlad\u00ed.<\/p>\n<div id='gallery-1' class='gallery galleryid-2345 gallery-columns-3 gallery-size-medium'><figure class='gallery-item'>\n\t\t\t<div class='gallery-icon landscape'>\n\t\t\t\t<a href='https:\/\/d2p6e6u75xmxt8.cloudfront.net\/4\/2017\/09\/02-6.webp'><img loading=\"lazy\" decoding=\"async\" width=\"300\" height=\"243\" src=\"https:\/\/d2p6e6u75xmxt8.cloudfront.net\/4\/2017\/09\/02-6-300x243.webp\" class=\"attachment-medium size-medium\" alt=\"\" srcset=\"https:\/\/d2p6e6u75xmxt8.cloudfront.net\/4\/2017\/09\/02-6-300x243.webp 300w, https:\/\/d2p6e6u75xmxt8.cloudfront.net\/4\/2017\/09\/02-6.webp 660w\" sizes=\"auto, (max-width: 300px) 100vw, 300px\" \/><\/a>\n\t\t\t<\/div><\/figure><figure class='gallery-item'>\n\t\t\t<div class='gallery-icon landscape'>\n\t\t\t\t<a href='https:\/\/d2p6e6u75xmxt8.cloudfront.net\/4\/2017\/09\/GI2041522-1.webp'><img loading=\"lazy\" decoding=\"async\" width=\"300\" height=\"243\" src=\"https:\/\/d2p6e6u75xmxt8.cloudfront.net\/4\/2017\/09\/GI2041522-1-300x243.webp\" class=\"attachment-medium size-medium\" alt=\"\" srcset=\"https:\/\/d2p6e6u75xmxt8.cloudfront.net\/4\/2017\/09\/GI2041522-1-300x243.webp 300w, https:\/\/d2p6e6u75xmxt8.cloudfront.net\/4\/2017\/09\/GI2041522-1.webp 660w\" sizes=\"auto, (max-width: 300px) 100vw, 300px\" \/><\/a>\n\t\t\t<\/div><\/figure>\n\t\t<\/div>\n\n<h2><strong>Up\u00ednac\u00ed syst\u00e9m<\/strong><\/h2>\n<p>Na prisp\u00f4sobenie prilby a dokonal\u00e9 usadenie sa star\u00e1 up\u00ednac\u00ed syst\u00e9m. Ten sa pri jednotliv\u00fdch zna\u010dk\u00e1ch odli\u0161uje, z\u00e1le\u017e\u00ed samozrejme aj od ceny. Ale aj tie lacnej\u0161ie verzie, by mali v pr\u00edpade vhodnej ve\u013ekosti, prilbu spo\u013eahlivo dr\u017ea\u0165 na svojom mieste. Drah\u0161ie verzie umo\u017enia lep\u0161ie doladenie, a to nielen po obvode, ale aj v pr\u00edpade \u201eh\u013abky\u201c usadenia. \u010co sa t\u00fdka jednotliv\u00fdch syst\u00e9mov, v\u00fdhodou, napr. ve\u013emi popul\u00e1rneho kolieska, je mo\u017enos\u0165 \u013eahko utiahnu\u0165 prilbu aj za jazdy jednou rukou.<\/p>\n<h2><strong>Ak\u00fd typ?<\/strong><\/h2>\n<p>Na s\u00fa\u010dasnom trhu m\u00f4\u017eete n\u00e1js\u0165 v podstate 3 z\u00e1kladn\u00e9 druhy prilieb, ak ner\u00e1tame r\u00f4zne \u201e\u0161peciality\u201c:<\/p>\n<ul>\n<li><strong>ur\u010den\u00e9 na \u0161portov\u00fa jazdu (cestn\u00e1 cyklistika, MTB)<\/strong> \u2013 d\u00f4raz na n\u00edzku hmotnos\u0165 a odvetranie<\/li>\n<li><strong>prilby na trail a v\u00fdlety v hor\u00e1ch<\/strong> \u2013 viac ochrany, najm\u00e4 v zadnej \u010dasti hlavy<\/li>\n<li><strong>zjazdov\u00e9 prilby<\/strong> \u2013 kompletn\u00e1 ochrana hlavy, vr\u00e1tane brady &#8211; tzv. integr\u00e1ly<\/li>\n<\/ul>\n<p>Prv\u00e9 2 typy sa daj\u00fa ve\u013emi dobre pou\u017ei\u0165 na ka\u017edodenn\u00e9 jazdenie, z\u00e1le\u017e\u00ed hlavne od va\u0161ich preferenci\u00ed a na preferovanom \u0161t\u00fdle jazdy \u2013 \u010di v\u00e1s viac l\u00e1ka \u0161portov\u00e1 cyklistika alebo d\u00e1vate prednos\u0165 n\u00e1ro\u010dnej\u0161iemu ter\u00e9nu. Tret\u00ed typ je u\u017e sk\u00f4r \u0161pecialita ur\u010den\u00e1 pre zjazdov\u00e9 discipl\u00edny, v ktorej sa be\u017ene jazdi\u0165 ve\u013emi ned\u00e1.<\/p>\n<div id='gallery-2' class='gallery galleryid-2345 gallery-columns-3 gallery-size-medium'><figure class='gallery-item'>\n\t\t\t<div class='gallery-icon landscape'>\n\t\t\t\t<a href='https:\/\/d2p6e6u75xmxt8.cloudfront.net\/4\/2017\/09\/04-1.webp'><img loading=\"lazy\" decoding=\"async\" width=\"300\" height=\"237\" src=\"https:\/\/d2p6e6u75xmxt8.cloudfront.net\/4\/2017\/09\/04-1-300x237.webp\" class=\"attachment-medium size-medium\" alt=\"\" srcset=\"https:\/\/d2p6e6u75xmxt8.cloudfront.net\/4\/2017\/09\/04-1-300x237.webp 300w, https:\/\/d2p6e6u75xmxt8.cloudfront.net\/4\/2017\/09\/04-1-1024x809.webp 1024w, https:\/\/d2p6e6u75xmxt8.cloudfront.net\/4\/2017\/09\/04-1-768x607.webp 768w, https:\/\/d2p6e6u75xmxt8.cloudfront.net\/4\/2017\/09\/04-1-1536x1213.webp 1536w, https:\/\/d2p6e6u75xmxt8.cloudfront.net\/4\/2017\/09\/04-1.webp 1600w\" sizes=\"auto, (max-width: 300px) 100vw, 300px\" \/><\/a>\n\t\t\t<\/div><\/figure><figure class='gallery-item'>\n\t\t\t<div class='gallery-icon landscape'>\n\t\t\t\t<a href='https:\/\/d2p6e6u75xmxt8.cloudfront.net\/4\/2017\/09\/05.JPG-1.webp'><img loading=\"lazy\" decoding=\"async\" width=\"300\" height=\"260\" src=\"https:\/\/d2p6e6u75xmxt8.cloudfront.net\/4\/2017\/09\/05.JPG-1-300x260.webp\" class=\"attachment-medium size-medium\" alt=\"\" srcset=\"https:\/\/d2p6e6u75xmxt8.cloudfront.net\/4\/2017\/09\/05.JPG-1-300x260.webp 300w, https:\/\/d2p6e6u75xmxt8.cloudfront.net\/4\/2017\/09\/05.JPG-1-1024x886.webp 1024w, https:\/\/d2p6e6u75xmxt8.cloudfront.net\/4\/2017\/09\/05.JPG-1-768x665.webp 768w, https:\/\/d2p6e6u75xmxt8.cloudfront.net\/4\/2017\/09\/05.JPG-1-1536x1330.webp 1536w, https:\/\/d2p6e6u75xmxt8.cloudfront.net\/4\/2017\/09\/05.JPG-1.webp 1600w\" sizes=\"auto, (max-width: 300px) 100vw, 300px\" \/><\/a>\n\t\t\t<\/div><\/figure>\n\t\t<\/div>\n\n<h2><strong>Vy\u0161\u0161ia cena znamen\u00e1 viac ochrany?<\/strong><\/h2>\n<p>Ur\u010dite ste si v\u0161imli, \u017ee ceny prilieb sa pohybuj\u00fa od cca 40 \u20ac a\u017e po 200 \u20ac a viac. V podstate v\u00e4\u010d\u0161ina prilieb mus\u00ed v prvom rade sp\u013a\u0148a\u0165 bezpe\u010dnostn\u00e9 normy, a to zvl\u00e1dnu bez probl\u00e9mov aj tie lacnej\u0161ie. \u010co odli\u0161uje cenu, ak ner\u00e1tame zna\u010dku a dizajn, je v prvom rade ni\u017e\u0161ia hmotnos\u0165 a odvetranie. Dalo by sa poveda\u0165, \u017ee \u010d\u00edm plat\u00edte viac, t\u00fdm dost\u00e1vate \u201emenej\u201c materi\u00e1lu. Na vrchole ponuky s\u00fa modely, ktor\u00e9 v\u00e1\u017eia pribli\u017ene pod 200 g a pon\u00fakaj\u00fa v\u00fdborn\u00e9 odvetranie \u2013 na hlave ich takmer ani nie je c\u00edti\u0165 a \u010d\u00edm viac jazd\u00edte, t\u00fdm viac to ocen\u00edte. Naopak, ak v\u00e1s to v\u00f4bec netr\u00e1pi, tak s pokojn\u00fdm svedom\u00edm siahnite po lacnej\u0161ej verzii, kde sa st\u00e1le bez probl\u00e9mov zmest\u00edte pod 300 g. Prvotn\u00fd a najd\u00f4le\u017eitej\u0161\u00ed \u00fa\u010del zost\u00e1va st\u00e1le rovnak\u00fd&#8230;<\/p>\n<p>(zdroj titulnej fotky: FB str\u00e1nka Kask)<\/p>\n","protected":false},"excerpt":{"rendered":"<p>Bezpe\u010dnos\u0165 by mala by\u0165 v\u017edy na prvom mieste, \u010do samozrejme plat\u00ed aj v pr\u00edpade cyklistiky. V tomto pr\u00edpade je najd\u00f4le\u017eitej\u0161ia [&hellip;]<\/p>\n","protected":false},"author":38,"featured_media":2375,"comment_status":"open","ping_status":"open","sticky":false,"template":"","format":"standard","meta":{"footnotes":""},"categories":[57,4,3,52,604],"tags":[115,180,215,264,266],"global-categories":[],"class_list":["post-2345","post","type-post","status-publish","format-standard","has-post-thumbnail","hentry","category-bezpecnost","category-cestna-cyklisitika","category-mtb","category-nakupny-poradca","category-urban-cyklistika","tag-cestna-cyklistika","tag-horska-cyklistika","tag-nakupny-poradca","tag-prilba","tag-prislusenstvo"],"yoast_head":"<!-- This site is optimized with the Yoast SEO Premium plugin v25.3 (Yoast SEO v25.9) - https:\/\/yoast.com\/wordpress\/plugins\/seo\/ -->\n<title>Prilba ako z\u00e1klad ochrany - \u0160koda We Love Cycling Slovensko<\/title>\n<meta name=\"robots\" content=\"index, follow, max-snippet:-1, max-image-preview:large, max-video-preview:-1\" \/>\n<link rel=\"canonical\" href=\"https:\/\/www.welovecycling.com\/sk\/2017\/09\/29\/prilba-zaklad-ochrany\/\" \/>\n<meta property=\"og:locale\" content=\"sk_SK\" \/>\n<meta property=\"og:type\" content=\"article\" \/>\n<meta property=\"og:title\" content=\"Prilba ako z\u00e1klad ochrany\" \/>\n<meta property=\"og:description\" content=\"Bezpe\u010dnos\u0165 by mala by\u0165 v\u017edy na prvom mieste, \u010do samozrejme plat\u00ed aj v pr\u00edpade cyklistiky. V tomto pr\u00edpade je najd\u00f4le\u017eitej\u0161ia [&hellip;]\" \/>\n<meta property=\"og:url\" content=\"https:\/\/www.welovecycling.com\/sk\/2017\/09\/29\/prilba-zaklad-ochrany\/\" \/>\n<meta property=\"og:site_name\" content=\"\u0160koda We Love Cycling Slovensko\" \/>\n<meta property=\"article:published_time\" content=\"2017-09-29T13:20:25+00:00\" \/>\n<meta property=\"article:modified_time\" content=\"2018-09-14T11:49:24+00:00\" \/>\n<meta property=\"og:image\" content=\"https:\/\/d2p6e6u75xmxt8.cloudfront.net\/4\/2017\/09\/uvod-prilba.webp\" \/>\n\t<meta property=\"og:image:width\" content=\"1375\" \/>\n\t<meta property=\"og:image:height\" content=\"600\" \/>\n\t<meta property=\"og:image:type\" content=\"image\/webp\" \/>\n<meta name=\"author\" content=\"Ondrej Ga\u0161par\" \/>\n<meta name=\"twitter:card\" content=\"summary_large_image\" \/>\n<meta name=\"twitter:label1\" content=\"Written by\" \/>\n\t<meta name=\"twitter:data1\" content=\"We Love Cycling\" \/>\n\t<meta name=\"twitter:label2\" content=\"Est. reading time\" \/>\n\t<meta name=\"twitter:data2\" content=\"3 minutes\" \/>\n<script type=\"application\/ld+json\" class=\"yoast-schema-graph\">{\"@context\":\"https:\/\/schema.org\",\"@graph\":[{\"@type\":\"WebPage\",\"@id\":\"https:\/\/www.welovecycling.com\/sk\/2017\/09\/29\/prilba-zaklad-ochrany\/\",\"url\":\"https:\/\/www.welovecycling.com\/sk\/2017\/09\/29\/prilba-zaklad-ochrany\/\",\"name\":\"Prilba ako z\u00e1klad ochrany - \u0160koda We Love Cycling Slovensko\",\"isPartOf\":{\"@id\":\"https:\/\/www.welovecycling.com\/sk\/#website\"},\"primaryImageOfPage\":{\"@id\":\"https:\/\/www.welovecycling.com\/sk\/2017\/09\/29\/prilba-zaklad-ochrany\/#primaryimage\"},\"image\":{\"@id\":\"https:\/\/www.welovecycling.com\/sk\/2017\/09\/29\/prilba-zaklad-ochrany\/#primaryimage\"},\"thumbnailUrl\":\"https:\/\/d2p6e6u75xmxt8.cloudfront.net\/4\/2017\/09\/uvod-prilba.webp\",\"datePublished\":\"2017-09-29T13:20:25+00:00\",\"dateModified\":\"2018-09-14T11:49:24+00:00\",\"author\":{\"@id\":\"https:\/\/www.welovecycling.com\/sk\/#\/schema\/person\/8ee09ba39b7e25b1870160aa5b3a89bc\"},\"breadcrumb\":{\"@id\":\"https:\/\/www.welovecycling.com\/sk\/2017\/09\/29\/prilba-zaklad-ochrany\/#breadcrumb\"},\"inLanguage\":\"sk-SK\",\"potentialAction\":[{\"@type\":\"ReadAction\",\"target\":[\"https:\/\/www.welovecycling.com\/sk\/2017\/09\/29\/prilba-zaklad-ochrany\/\"]}]},{\"@type\":\"ImageObject\",\"inLanguage\":\"sk-SK\",\"@id\":\"https:\/\/www.welovecycling.com\/sk\/2017\/09\/29\/prilba-zaklad-ochrany\/#primaryimage\",\"url\":\"https:\/\/d2p6e6u75xmxt8.cloudfront.net\/4\/2017\/09\/uvod-prilba.webp\",\"contentUrl\":\"https:\/\/d2p6e6u75xmxt8.cloudfront.net\/4\/2017\/09\/uvod-prilba.webp\",\"width\":1375,\"height\":600},{\"@type\":\"BreadcrumbList\",\"@id\":\"https:\/\/www.welovecycling.com\/sk\/2017\/09\/29\/prilba-zaklad-ochrany\/#breadcrumb\",\"itemListElement\":[{\"@type\":\"ListItem\",\"position\":1,\"name\":\"Home\",\"item\":\"https:\/\/www.welovecycling.com\/sk\/\"},{\"@type\":\"ListItem\",\"position\":2,\"name\":\"Prilba ako z\u00e1klad ochrany\"}]},{\"@type\":\"WebSite\",\"@id\":\"https:\/\/www.welovecycling.com\/sk\/#website\",\"url\":\"https:\/\/www.welovecycling.com\/sk\/\",\"name\":\"\u0160koda We Love Cycling Slovensko\",\"description\":\"\u0160koda We Love Cycling Slovensko je v\u00e1\u0161 ka\u017edodenn\u00fd zdroj noviniek a in\u0161pir\u00e1cie z sveta cyklistiky\",\"potentialAction\":[{\"@type\":\"SearchAction\",\"target\":{\"@type\":\"EntryPoint\",\"urlTemplate\":\"https:\/\/www.welovecycling.com\/sk\/?s={search_term_string}\"},\"query-input\":{\"@type\":\"PropertyValueSpecification\",\"valueRequired\":true,\"valueName\":\"search_term_string\"}}],\"inLanguage\":\"sk-SK\"},{\"@type\":\"Person\",\"@id\":\"https:\/\/www.welovecycling.com\/sk\/#\/schema\/person\/8ee09ba39b7e25b1870160aa5b3a89bc\",\"name\":\"Ondrej Ga\u0161par\",\"image\":{\"@type\":\"ImageObject\",\"inLanguage\":\"sk-SK\",\"@id\":\"https:\/\/www.welovecycling.com\/sk\/#\/schema\/person\/image\/\",\"url\":\"https:\/\/secure.gravatar.com\/avatar\/6126c9afb87b70da5abbb083ddbb21933da15f18f8ca7cb822aba0fb096a48f6?s=96&d=mm&r=g\",\"contentUrl\":\"https:\/\/secure.gravatar.com\/avatar\/6126c9afb87b70da5abbb083ddbb21933da15f18f8ca7cb822aba0fb096a48f6?s=96&d=mm&r=g\",\"caption\":\"Ondrej Ga\u0161par\"},\"url\":\"https:\/\/www.welovecycling.com\/sk\/author\/ondrejgaspar\/\"}]}<\/script>\n<!-- \/ Yoast SEO Premium plugin. -->","yoast_head_json":{"title":"Prilba ako z\u00e1klad ochrany - \u0160koda We Love Cycling Slovensko","robots":{"index":"index","follow":"follow","max-snippet":"max-snippet:-1","max-image-preview":"max-image-preview:large","max-video-preview":"max-video-preview:-1"},"canonical":"https:\/\/www.welovecycling.com\/sk\/2017\/09\/29\/prilba-zaklad-ochrany\/","og_locale":"sk_SK","og_type":"article","og_title":"Prilba ako z\u00e1klad ochrany","og_description":"Bezpe\u010dnos\u0165 by mala by\u0165 v\u017edy na prvom mieste, \u010do samozrejme plat\u00ed aj v pr\u00edpade cyklistiky. V tomto pr\u00edpade je najd\u00f4le\u017eitej\u0161ia [&hellip;]","og_url":"https:\/\/www.welovecycling.com\/sk\/2017\/09\/29\/prilba-zaklad-ochrany\/","og_site_name":"\u0160koda We Love Cycling Slovensko","article_published_time":"2017-09-29T13:20:25+00:00","article_modified_time":"2018-09-14T11:49:24+00:00","og_image":[{"width":1375,"height":600,"url":"https:\/\/d2p6e6u75xmxt8.cloudfront.net\/4\/2017\/09\/uvod-prilba.webp","type":"image\/webp"}],"author":"Ondrej Ga\u0161par","twitter_card":"summary_large_image","twitter_misc":{"Written by":"We Love Cycling","Est. reading time":"3 minutes"},"schema":{"@context":"https:\/\/schema.org","@graph":[{"@type":"WebPage","@id":"https:\/\/www.welovecycling.com\/sk\/2017\/09\/29\/prilba-zaklad-ochrany\/","url":"https:\/\/www.welovecycling.com\/sk\/2017\/09\/29\/prilba-zaklad-ochrany\/","name":"Prilba ako z\u00e1klad ochrany - \u0160koda We Love Cycling Slovensko","isPartOf":{"@id":"https:\/\/www.welovecycling.com\/sk\/#website"},"primaryImageOfPage":{"@id":"https:\/\/www.welovecycling.com\/sk\/2017\/09\/29\/prilba-zaklad-ochrany\/#primaryimage"},"image":{"@id":"https:\/\/www.welovecycling.com\/sk\/2017\/09\/29\/prilba-zaklad-ochrany\/#primaryimage"},"thumbnailUrl":"https:\/\/d2p6e6u75xmxt8.cloudfront.net\/4\/2017\/09\/uvod-prilba.webp","datePublished":"2017-09-29T13:20:25+00:00","dateModified":"2018-09-14T11:49:24+00:00","author":{"@id":"https:\/\/www.welovecycling.com\/sk\/#\/schema\/person\/8ee09ba39b7e25b1870160aa5b3a89bc"},"breadcrumb":{"@id":"https:\/\/www.welovecycling.com\/sk\/2017\/09\/29\/prilba-zaklad-ochrany\/#breadcrumb"},"inLanguage":"sk-SK","potentialAction":[{"@type":"ReadAction","target":["https:\/\/www.welovecycling.com\/sk\/2017\/09\/29\/prilba-zaklad-ochrany\/"]}]},{"@type":"ImageObject","inLanguage":"sk-SK","@id":"https:\/\/www.welovecycling.com\/sk\/2017\/09\/29\/prilba-zaklad-ochrany\/#primaryimage","url":"https:\/\/d2p6e6u75xmxt8.cloudfront.net\/4\/2017\/09\/uvod-prilba.webp","contentUrl":"https:\/\/d2p6e6u75xmxt8.cloudfront.net\/4\/2017\/09\/uvod-prilba.webp","width":1375,"height":600},{"@type":"BreadcrumbList","@id":"https:\/\/www.welovecycling.com\/sk\/2017\/09\/29\/prilba-zaklad-ochrany\/#breadcrumb","itemListElement":[{"@type":"ListItem","position":1,"name":"Home","item":"https:\/\/www.welovecycling.com\/sk\/"},{"@type":"ListItem","position":2,"name":"Prilba ako z\u00e1klad ochrany"}]},{"@type":"WebSite","@id":"https:\/\/www.welovecycling.com\/sk\/#website","url":"https:\/\/www.welovecycling.com\/sk\/","name":"\u0160koda We Love Cycling Slovensko","description":"\u0160koda We Love Cycling Slovensko je v\u00e1\u0161 ka\u017edodenn\u00fd zdroj noviniek a in\u0161pir\u00e1cie z sveta cyklistiky","potentialAction":[{"@type":"SearchAction","target":{"@type":"EntryPoint","urlTemplate":"https:\/\/www.welovecycling.com\/sk\/?s={search_term_string}"},"query-input":{"@type":"PropertyValueSpecification","valueRequired":true,"valueName":"search_term_string"}}],"inLanguage":"sk-SK"},{"@type":"Person","@id":"https:\/\/www.welovecycling.com\/sk\/#\/schema\/person\/8ee09ba39b7e25b1870160aa5b3a89bc","name":"Ondrej Ga\u0161par","image":{"@type":"ImageObject","inLanguage":"sk-SK","@id":"https:\/\/www.welovecycling.com\/sk\/#\/schema\/person\/image\/","url":"https:\/\/secure.gravatar.com\/avatar\/6126c9afb87b70da5abbb083ddbb21933da15f18f8ca7cb822aba0fb096a48f6?s=96&d=mm&r=g","contentUrl":"https:\/\/secure.gravatar.com\/avatar\/6126c9afb87b70da5abbb083ddbb21933da15f18f8ca7cb822aba0fb096a48f6?s=96&d=mm&r=g","caption":"Ondrej Ga\u0161par"},"url":"https:\/\/www.welovecycling.com\/sk\/author\/ondrejgaspar\/"}]}},"_links":{"self":[{"href":"https:\/\/www.welovecycling.com\/sk\/wp-json\/wp\/v2\/posts\/2345","targetHints":{"allow":["GET"]}}],"collection":[{"href":"https:\/\/www.welovecycling.com\/sk\/wp-json\/wp\/v2\/posts"}],"about":[{"href":"https:\/\/www.welovecycling.com\/sk\/wp-json\/wp\/v2\/types\/post"}],"author":[{"embeddable":true,"href":"https:\/\/www.welovecycling.com\/sk\/wp-json\/wp\/v2\/users\/38"}],"replies":[{"embeddable":true,"href":"https:\/\/www.welovecycling.com\/sk\/wp-json\/wp\/v2\/comments?post=2345"}],"version-history":[{"count":2,"href":"https:\/\/www.welovecycling.com\/sk\/wp-json\/wp\/v2\/posts\/2345\/revisions"}],"predecessor-version":[{"id":2378,"href":"https:\/\/www.welovecycling.com\/sk\/wp-json\/wp\/v2\/posts\/2345\/revisions\/2378"}],"wp:featuredmedia":[{"embeddable":true,"href":"https:\/\/www.welovecycling.com\/sk\/wp-json\/wp\/v2\/media\/2375"}],"wp:attachment":[{"href":"https:\/\/www.welovecycling.com\/sk\/wp-json\/wp\/v2\/media?parent=2345"}],"wp:term":[{"taxonomy":"category","embeddable":true,"href":"https:\/\/www.welovecycling.com\/sk\/wp-json\/wp\/v2\/categories?post=2345"},{"taxonomy":"post_tag","embeddable":true,"href":"https:\/\/www.welovecycling.com\/sk\/wp-json\/wp\/v2\/tags?post=2345"},{"taxonomy":"global-categories","embeddable":true,"href":"https:\/\/www.welovecycling.com\/sk\/wp-json\/wp\/v2\/global-categories?post=2345"}],"curies":[{"name":"wp","href":"https:\/\/api.w.org\/{rel}","templated":true}]}}