{"id":2331,"date":"2017-09-25T17:02:01","date_gmt":"2017-09-25T15:02:01","guid":{"rendered":"https:\/\/www.welovecycling.com\/sk\/?p=2331"},"modified":"2017-09-26T11:06:14","modified_gmt":"2017-09-26T09:06:14","slug":"peter-sagan-bergene-prepisal-historiu","status":"publish","type":"post","link":"https:\/\/www.welovecycling.com\/sk\/2017\/09\/25\/peter-sagan-bergene-prepisal-historiu\/","title":{"rendered":"Peter Sagan v Bergene prep\u00edsal hist\u00f3riu"},"content":{"rendered":"<p><strong>Rod\u00e1k zo \u017diliny sa rozhodne nechce vzda\u0165 d\u00fahov\u00e9ho dresu a z\u00edskal ho u\u017e po tret\u00edkr\u00e1t za sebou.<\/strong><!--more--><\/p>\n<p>Stal sa historicky piatym cyklistom s troma titulmi, ale prv\u00fdm, ktor\u00fd ich z\u00edskal tri roky po sebe v nepreru\u0161enej s\u00e9rii. Svoj\u00edm v\u00ed\u0165azstvom op\u00e4\u0165 dok\u00e1zal svoju univerz\u00e1lnos\u0165 \u2013 unik\u00e1tnu vlastnos\u0165 v s\u00fa\u010dasnom profipelot\u00f3ne. Po s\u00f3lo n\u00e1stupe p\u00e1r kilometrov tesne pred cie\u013eom v roku 2015, \u010distokrvnom \u0161print\u00e9rskom s\u00faboji v roku 2016, sa teraz presadil aj medzi \u201er\u00fdchlymi klasik\u00e1rmi\u201c a zachoval chladn\u00fa hlavu a\u017e do rozhoduj\u00faceho momentu.<\/p>\n<p>https:\/\/www.instagram.com\/p\/BZblh3yjaxO\/?taken-by=petosagan<\/p>\n<p>S\u00e1m Peter Sagan ale priznal, \u017ee u\u017e ani ned\u00fafal vo v\u00ed\u0165azstvo. Preteky sa odohr\u00e1vali v skuto\u010dne pr\u00edjemnom po\u010das\u00ed a jedno z najda\u017edivej\u0161\u00edch miest Eur\u00f3py tak zostalo dl\u017en\u00e9 svojej povesti. To malo za n\u00e1sledok aj men\u0161ie mno\u017estvo p\u00e1dov a v\u00fdrazn\u00e9 dramatick\u00e9 situ\u00e1cie. Peter Sagan jazdil ve\u013emi nen\u00e1padne a v\u00e4\u010d\u0161inou sa pohyboval v polovici alebo druhej \u010dasti pelot\u00f3nu. Tempo pretekov tak ud\u00e1vali Belgi\u010dania, N\u00f3ri a rovnako aj \u010cesi a kontrolovali, aby \u00favodn\u00fd \u00fanik nedostal ve\u013ek\u00fa \u0161ancu na \u00faspech. \u010co pretekom nech\u00fdbalo, bolo skvel\u00e1 atmosf\u00e9ra popri celej trati, no najm\u00e4 Salmon Hill bol doslova v oblo\u017een\u00ed div\u00e1kov, ktor\u00ed hnali dopredu ako dom\u00e1ce hviezdy, tak aj Petra Sagana a mnoh\u00fdch \u010fal\u0161\u00edch. Jednoducho, atmosf\u00e9ra ako sa patr\u00ed.<\/p>\n<p>https:\/\/www.instagram.com\/p\/BZdbNqNDOpb\/?taken-by=uci_cycling<\/p>\n<p>Aj 100 kilometov pred cie\u013eom mal Sagan st\u00e1le v\u0161etk\u00fdch svojich spolujazdcov z reprezent\u00e1cie pri sebe. Na \u010delo si vy\u0161iel aj v poslednom okruhu, kde m\u00e1 st\u00e1le robil podporu e\u0161te brat Juraj Sagan. Na Salmon Hill za\u00fato\u010dil Julien Alaphilippe, ku ktor\u00e9mu sa pridal Gianni Moscon. Pr\u00e1ve t\u00e1to dvojica bola vo veden\u00ed, ke\u010f vypadol n\u00f3rskej telev\u00edzii pr\u00fad a div\u00e1ci pri telev\u00edznych obrazovk\u00e1ch museli netrpezlivo \u010daka\u0165 na posledn\u00fd kilometer. Pr\u00e1ve tam sa ako z\u00e1zrakom objavil cel\u00fd pelot\u00f3n pokope a Peter Sagan mohol bojova\u0165 o v\u00ed\u0165azstvo, v ktor\u00e9 u\u017e ani on s\u00e1m do poslednej chv\u00edle ned\u00fafal.<\/p>\n<p>https:\/\/www.youtube.com\/watch?v=g8SzDixA1Jc<\/p>\n<p>https:\/\/youtu.be\/e1UU4vSlgao<\/p>\n<p>Najv\u00e4\u010d\u0161\u00edm s\u00faperom mu bol dom\u00e1ci Alexander Kristoff, ktor\u00fd za\u010dal \u0161print ako prv\u00fd, no Sagan ho dok\u00e1zal e\u0161te \u201enasa\u0165\u201c a v z\u00e1vere \u0161ikovne hodi\u0165 koleso presne na p\u00e1sku. V cieli sa radoval a\u017e po malej chv\u00edli, preto\u017ee nebolo na 100% jasn\u00e9, kto zv\u00ed\u0165azil. Tretie miesto patr\u00ed Austr\u00e1l\u010danovi Matthewsovi, ktor\u00fd sa op\u00e4\u0165 postav\u00ed spolu so Saganom na p\u00f3dium. Pred 2 rokmi v Richmonde mu patrilo 2. miesto. Ako Kristoff, tak aj Matthews neskr\u00fdvali sklamanie, no rovnako ani re\u0161pekt k Saganovmu v\u00fdkonu. V cyklistike, viac ne\u017e kde inde plat\u00ed, \u017ee v\u00ed\u0165az berie v\u0161etko&#8230;<\/p>\n<p>https:\/\/www.instagram.com\/p\/BZdFqp-AK36\/?taken-by=kristoff87<\/p>\n<p>https:\/\/www.instagram.com\/p\/BZdMgclhNOM\/?taken-by=bling90<\/p>\n<p>Sagan sa zaradil po Bergene k tak\u00fdm men\u00e1m ako Alfredo Binda, Rik Van Steenbergen, Eddy Merckx a \u00d3scar Freire, no nikto z vy\u0161\u0161ie menovan\u00fdch nedok\u00e1zal zv\u00ed\u0165azi\u0165 3-kr\u00e1t po sebe. Ak vezmete do \u00favahy vyrovnanos\u0165 s\u00fa\u010dasn\u00e9ho pelot\u00f3nu a \u010d\u00edm \u010falej v\u00e4\u010d\u0161iu \u0161pecializ\u00e1ciu jazdcov (vrch\u00e1ri, \u0161print\u00e9ri, klasik\u00e1ri), je to naozaj nev\u00eddan\u00fd k\u00fasok.<\/p>\n<p><a href=\"https:\/\/d2p6e6u75xmxt8.cloudfront.net\/4\/2017\/09\/01-4.jpg\"><img loading=\"lazy\" decoding=\"async\" class=\"alignnone size-full wp-image-2334\" src=\"https:\/\/d2p6e6u75xmxt8.cloudfront.net\/4\/2017\/09\/01-4.jpg\" alt=\"\" width=\"1200\" height=\"800\" \/><\/a><\/p>\n<p>V\u010faka tomu ho op\u00e4\u0165 uvid\u00edme jazdi\u0165 v d\u00fahovom drese, ktor\u00fd mu u\u017e doslova \u201eprischol\u201c. Na bud\u00faci rok v Innsbrucku si organiz\u00e1tori pripravili skuto\u010dne brut\u00e1lnu tra\u0165, ktor\u00e1 ide\u00e1lne sed\u00ed vrch\u00e1rom, no ako sme sa u\u017e ve\u013eakr\u00e1t presved\u010dili v podan\u00ed Petra Sagana \u2013 ni\u010d nie je nemo\u017en\u00e9&#8230;<\/p>\n","protected":false},"excerpt":{"rendered":"<p>Rod\u00e1k zo \u017diliny sa rozhodne nechce vzda\u0165 d\u00fahov\u00e9ho dresu a z\u00edskal ho u\u017e po tret\u00edkr\u00e1t za sebou.<\/p>\n","protected":false},"author":38,"featured_media":2342,"comment_status":"open","ping_status":"open","sticky":false,"template":"","format":"standard","meta":{"footnotes":""},"categories":[4,191,34],"tags":[274,275,115,158,272,281,273,46,269],"global-categories":[],"class_list":["post-2331","post","type-post","status-publish","format-standard","has-post-thumbnail","hentry","category-cestna-cyklisitika","category-odporucame","category-podujatia","tag-bergen","tag-cesta","tag-cestna-cyklistika","tag-juraj-sagan","tag-majster-sveta","tag-majstrovstva-sveta","tag-norsko","tag-peter-sagan","tag-vitaz"],"yoast_head":"<!-- This site is optimized with the Yoast SEO Premium plugin v25.3 (Yoast SEO v25.9) - https:\/\/yoast.com\/wordpress\/plugins\/seo\/ -->\n<title>Peter Sagan v Bergene prep\u00edsal hist\u00f3riu - \u0160koda We Love Cycling Slovensko<\/title>\n<meta name=\"robots\" content=\"index, follow, max-snippet:-1, max-image-preview:large, max-video-preview:-1\" \/>\n<link rel=\"canonical\" href=\"https:\/\/www.welovecycling.com\/sk\/2017\/09\/25\/peter-sagan-bergene-prepisal-historiu\/\" \/>\n<meta property=\"og:locale\" content=\"sk_SK\" \/>\n<meta property=\"og:type\" content=\"article\" \/>\n<meta property=\"og:title\" content=\"Peter Sagan v Bergene prep\u00edsal hist\u00f3riu\" \/>\n<meta property=\"og:description\" content=\"Rod\u00e1k zo \u017diliny sa rozhodne nechce vzda\u0165 d\u00fahov\u00e9ho dresu a z\u00edskal ho u\u017e po tret\u00edkr\u00e1t za sebou.\" \/>\n<meta property=\"og:url\" content=\"https:\/\/www.welovecycling.com\/sk\/2017\/09\/25\/peter-sagan-bergene-prepisal-historiu\/\" \/>\n<meta property=\"og:site_name\" content=\"\u0160koda We Love Cycling Slovensko\" \/>\n<meta property=\"article:published_time\" content=\"2017-09-25T15:02:01+00:00\" \/>\n<meta property=\"article:modified_time\" content=\"2017-09-26T09:06:14+00:00\" \/>\n<meta property=\"og:image\" content=\"https:\/\/d2p6e6u75xmxt8.cloudfront.net\/4\/2017\/09\/profimedia-0350384475.jpg-1024x447.webp\" \/>\n\t<meta property=\"og:image:width\" content=\"1024\" \/>\n\t<meta property=\"og:image:height\" content=\"447\" \/>\n\t<meta property=\"og:image:type\" content=\"image\/webp\" \/>\n<meta name=\"author\" content=\"Ondrej Ga\u0161par\" \/>\n<meta name=\"twitter:card\" content=\"summary_large_image\" \/>\n<meta name=\"twitter:label1\" content=\"Written by\" \/>\n\t<meta name=\"twitter:data1\" content=\"We Love Cycling\" \/>\n\t<meta name=\"twitter:label2\" content=\"Est. reading time\" \/>\n\t<meta name=\"twitter:data2\" content=\"3 minutes\" \/>\n<script type=\"application\/ld+json\" class=\"yoast-schema-graph\">{\"@context\":\"https:\/\/schema.org\",\"@graph\":[{\"@type\":\"WebPage\",\"@id\":\"https:\/\/www.welovecycling.com\/sk\/2017\/09\/25\/peter-sagan-bergene-prepisal-historiu\/\",\"url\":\"https:\/\/www.welovecycling.com\/sk\/2017\/09\/25\/peter-sagan-bergene-prepisal-historiu\/\",\"name\":\"Peter Sagan v Bergene prep\u00edsal hist\u00f3riu - \u0160koda We Love Cycling Slovensko\",\"isPartOf\":{\"@id\":\"https:\/\/www.welovecycling.com\/sk\/#website\"},\"primaryImageOfPage\":{\"@id\":\"https:\/\/www.welovecycling.com\/sk\/2017\/09\/25\/peter-sagan-bergene-prepisal-historiu\/#primaryimage\"},\"image\":{\"@id\":\"https:\/\/www.welovecycling.com\/sk\/2017\/09\/25\/peter-sagan-bergene-prepisal-historiu\/#primaryimage\"},\"thumbnailUrl\":\"https:\/\/d2p6e6u75xmxt8.cloudfront.net\/4\/2017\/09\/profimedia-0350384475.jpg-1024x447.webp\",\"datePublished\":\"2017-09-25T15:02:01+00:00\",\"dateModified\":\"2017-09-26T09:06:14+00:00\",\"author\":{\"@id\":\"https:\/\/www.welovecycling.com\/sk\/#\/schema\/person\/8ee09ba39b7e25b1870160aa5b3a89bc\"},\"breadcrumb\":{\"@id\":\"https:\/\/www.welovecycling.com\/sk\/2017\/09\/25\/peter-sagan-bergene-prepisal-historiu\/#breadcrumb\"},\"inLanguage\":\"sk-SK\",\"potentialAction\":[{\"@type\":\"ReadAction\",\"target\":[\"https:\/\/www.welovecycling.com\/sk\/2017\/09\/25\/peter-sagan-bergene-prepisal-historiu\/\"]}]},{\"@type\":\"ImageObject\",\"inLanguage\":\"sk-SK\",\"@id\":\"https:\/\/www.welovecycling.com\/sk\/2017\/09\/25\/peter-sagan-bergene-prepisal-historiu\/#primaryimage\",\"url\":\"https:\/\/d2p6e6u75xmxt8.cloudfront.net\/4\/2017\/09\/profimedia-0350384475.jpg-1024x447.webp\",\"contentUrl\":\"https:\/\/d2p6e6u75xmxt8.cloudfront.net\/4\/2017\/09\/profimedia-0350384475.jpg-1024x447.webp\",\"width\":1024,\"height\":447},{\"@type\":\"BreadcrumbList\",\"@id\":\"https:\/\/www.welovecycling.com\/sk\/2017\/09\/25\/peter-sagan-bergene-prepisal-historiu\/#breadcrumb\",\"itemListElement\":[{\"@type\":\"ListItem\",\"position\":1,\"name\":\"Home\",\"item\":\"https:\/\/www.welovecycling.com\/sk\/\"},{\"@type\":\"ListItem\",\"position\":2,\"name\":\"Peter Sagan v Bergene prep\u00edsal hist\u00f3riu\"}]},{\"@type\":\"WebSite\",\"@id\":\"https:\/\/www.welovecycling.com\/sk\/#website\",\"url\":\"https:\/\/www.welovecycling.com\/sk\/\",\"name\":\"\u0160koda We Love Cycling Slovensko\",\"description\":\"\u0160koda We Love Cycling Slovensko je v\u00e1\u0161 ka\u017edodenn\u00fd zdroj noviniek a in\u0161pir\u00e1cie z sveta cyklistiky\",\"potentialAction\":[{\"@type\":\"SearchAction\",\"target\":{\"@type\":\"EntryPoint\",\"urlTemplate\":\"https:\/\/www.welovecycling.com\/sk\/?s={search_term_string}\"},\"query-input\":{\"@type\":\"PropertyValueSpecification\",\"valueRequired\":true,\"valueName\":\"search_term_string\"}}],\"inLanguage\":\"sk-SK\"},{\"@type\":\"Person\",\"@id\":\"https:\/\/www.welovecycling.com\/sk\/#\/schema\/person\/8ee09ba39b7e25b1870160aa5b3a89bc\",\"name\":\"Ondrej Ga\u0161par\",\"image\":{\"@type\":\"ImageObject\",\"inLanguage\":\"sk-SK\",\"@id\":\"https:\/\/www.welovecycling.com\/sk\/#\/schema\/person\/image\/\",\"url\":\"https:\/\/secure.gravatar.com\/avatar\/6126c9afb87b70da5abbb083ddbb21933da15f18f8ca7cb822aba0fb096a48f6?s=96&d=mm&r=g\",\"contentUrl\":\"https:\/\/secure.gravatar.com\/avatar\/6126c9afb87b70da5abbb083ddbb21933da15f18f8ca7cb822aba0fb096a48f6?s=96&d=mm&r=g\",\"caption\":\"Ondrej Ga\u0161par\"},\"url\":\"https:\/\/www.welovecycling.com\/sk\/author\/ondrejgaspar\/\"}]}<\/script>\n<!-- \/ Yoast SEO Premium plugin. -->","yoast_head_json":{"title":"Peter Sagan v Bergene prep\u00edsal hist\u00f3riu - \u0160koda We Love Cycling Slovensko","robots":{"index":"index","follow":"follow","max-snippet":"max-snippet:-1","max-image-preview":"max-image-preview:large","max-video-preview":"max-video-preview:-1"},"canonical":"https:\/\/www.welovecycling.com\/sk\/2017\/09\/25\/peter-sagan-bergene-prepisal-historiu\/","og_locale":"sk_SK","og_type":"article","og_title":"Peter Sagan v Bergene prep\u00edsal hist\u00f3riu","og_description":"Rod\u00e1k zo \u017diliny sa rozhodne nechce vzda\u0165 d\u00fahov\u00e9ho dresu a z\u00edskal ho u\u017e po tret\u00edkr\u00e1t za sebou.","og_url":"https:\/\/www.welovecycling.com\/sk\/2017\/09\/25\/peter-sagan-bergene-prepisal-historiu\/","og_site_name":"\u0160koda We Love Cycling Slovensko","article_published_time":"2017-09-25T15:02:01+00:00","article_modified_time":"2017-09-26T09:06:14+00:00","og_image":[{"width":1024,"height":447,"url":"https:\/\/d2p6e6u75xmxt8.cloudfront.net\/4\/2017\/09\/profimedia-0350384475.jpg-1024x447.webp","type":"image\/webp"}],"author":"Ondrej Ga\u0161par","twitter_card":"summary_large_image","twitter_misc":{"Written by":"We Love Cycling","Est. reading time":"3 minutes"},"schema":{"@context":"https:\/\/schema.org","@graph":[{"@type":"WebPage","@id":"https:\/\/www.welovecycling.com\/sk\/2017\/09\/25\/peter-sagan-bergene-prepisal-historiu\/","url":"https:\/\/www.welovecycling.com\/sk\/2017\/09\/25\/peter-sagan-bergene-prepisal-historiu\/","name":"Peter Sagan v Bergene prep\u00edsal hist\u00f3riu - \u0160koda We Love Cycling Slovensko","isPartOf":{"@id":"https:\/\/www.welovecycling.com\/sk\/#website"},"primaryImageOfPage":{"@id":"https:\/\/www.welovecycling.com\/sk\/2017\/09\/25\/peter-sagan-bergene-prepisal-historiu\/#primaryimage"},"image":{"@id":"https:\/\/www.welovecycling.com\/sk\/2017\/09\/25\/peter-sagan-bergene-prepisal-historiu\/#primaryimage"},"thumbnailUrl":"https:\/\/d2p6e6u75xmxt8.cloudfront.net\/4\/2017\/09\/profimedia-0350384475.jpg-1024x447.webp","datePublished":"2017-09-25T15:02:01+00:00","dateModified":"2017-09-26T09:06:14+00:00","author":{"@id":"https:\/\/www.welovecycling.com\/sk\/#\/schema\/person\/8ee09ba39b7e25b1870160aa5b3a89bc"},"breadcrumb":{"@id":"https:\/\/www.welovecycling.com\/sk\/2017\/09\/25\/peter-sagan-bergene-prepisal-historiu\/#breadcrumb"},"inLanguage":"sk-SK","potentialAction":[{"@type":"ReadAction","target":["https:\/\/www.welovecycling.com\/sk\/2017\/09\/25\/peter-sagan-bergene-prepisal-historiu\/"]}]},{"@type":"ImageObject","inLanguage":"sk-SK","@id":"https:\/\/www.welovecycling.com\/sk\/2017\/09\/25\/peter-sagan-bergene-prepisal-historiu\/#primaryimage","url":"https:\/\/d2p6e6u75xmxt8.cloudfront.net\/4\/2017\/09\/profimedia-0350384475.jpg-1024x447.webp","contentUrl":"https:\/\/d2p6e6u75xmxt8.cloudfront.net\/4\/2017\/09\/profimedia-0350384475.jpg-1024x447.webp","width":1024,"height":447},{"@type":"BreadcrumbList","@id":"https:\/\/www.welovecycling.com\/sk\/2017\/09\/25\/peter-sagan-bergene-prepisal-historiu\/#breadcrumb","itemListElement":[{"@type":"ListItem","position":1,"name":"Home","item":"https:\/\/www.welovecycling.com\/sk\/"},{"@type":"ListItem","position":2,"name":"Peter Sagan v Bergene prep\u00edsal hist\u00f3riu"}]},{"@type":"WebSite","@id":"https:\/\/www.welovecycling.com\/sk\/#website","url":"https:\/\/www.welovecycling.com\/sk\/","name":"\u0160koda We Love Cycling Slovensko","description":"\u0160koda We Love Cycling Slovensko je v\u00e1\u0161 ka\u017edodenn\u00fd zdroj noviniek a in\u0161pir\u00e1cie z sveta cyklistiky","potentialAction":[{"@type":"SearchAction","target":{"@type":"EntryPoint","urlTemplate":"https:\/\/www.welovecycling.com\/sk\/?s={search_term_string}"},"query-input":{"@type":"PropertyValueSpecification","valueRequired":true,"valueName":"search_term_string"}}],"inLanguage":"sk-SK"},{"@type":"Person","@id":"https:\/\/www.welovecycling.com\/sk\/#\/schema\/person\/8ee09ba39b7e25b1870160aa5b3a89bc","name":"Ondrej Ga\u0161par","image":{"@type":"ImageObject","inLanguage":"sk-SK","@id":"https:\/\/www.welovecycling.com\/sk\/#\/schema\/person\/image\/","url":"https:\/\/secure.gravatar.com\/avatar\/6126c9afb87b70da5abbb083ddbb21933da15f18f8ca7cb822aba0fb096a48f6?s=96&d=mm&r=g","contentUrl":"https:\/\/secure.gravatar.com\/avatar\/6126c9afb87b70da5abbb083ddbb21933da15f18f8ca7cb822aba0fb096a48f6?s=96&d=mm&r=g","caption":"Ondrej Ga\u0161par"},"url":"https:\/\/www.welovecycling.com\/sk\/author\/ondrejgaspar\/"}]}},"_links":{"self":[{"href":"https:\/\/www.welovecycling.com\/sk\/wp-json\/wp\/v2\/posts\/2331","targetHints":{"allow":["GET"]}}],"collection":[{"href":"https:\/\/www.welovecycling.com\/sk\/wp-json\/wp\/v2\/posts"}],"about":[{"href":"https:\/\/www.welovecycling.com\/sk\/wp-json\/wp\/v2\/types\/post"}],"author":[{"embeddable":true,"href":"https:\/\/www.welovecycling.com\/sk\/wp-json\/wp\/v2\/users\/38"}],"replies":[{"embeddable":true,"href":"https:\/\/www.welovecycling.com\/sk\/wp-json\/wp\/v2\/comments?post=2331"}],"version-history":[{"count":2,"href":"https:\/\/www.welovecycling.com\/sk\/wp-json\/wp\/v2\/posts\/2331\/revisions"}],"predecessor-version":[{"id":2343,"href":"https:\/\/www.welovecycling.com\/sk\/wp-json\/wp\/v2\/posts\/2331\/revisions\/2343"}],"wp:featuredmedia":[{"embeddable":true,"href":"https:\/\/www.welovecycling.com\/sk\/wp-json\/wp\/v2\/media\/2342"}],"wp:attachment":[{"href":"https:\/\/www.welovecycling.com\/sk\/wp-json\/wp\/v2\/media?parent=2331"}],"wp:term":[{"taxonomy":"category","embeddable":true,"href":"https:\/\/www.welovecycling.com\/sk\/wp-json\/wp\/v2\/categories?post=2331"},{"taxonomy":"post_tag","embeddable":true,"href":"https:\/\/www.welovecycling.com\/sk\/wp-json\/wp\/v2\/tags?post=2331"},{"taxonomy":"global-categories","embeddable":true,"href":"https:\/\/www.welovecycling.com\/sk\/wp-json\/wp\/v2\/global-categories?post=2331"}],"curies":[{"name":"wp","href":"https:\/\/api.w.org\/{rel}","templated":true}]}}