{"id":2321,"date":"2017-09-24T12:32:20","date_gmt":"2017-09-24T10:32:20","guid":{"rendered":"https:\/\/www.welovecycling.com\/sk\/?p=2321"},"modified":"2017-09-27T15:50:58","modified_gmt":"2017-09-27T13:50:58","slug":"zapise-sa-peter-sagan-do-historie-nezabudnite-sledovat-priamy-prenos","status":"publish","type":"post","link":"https:\/\/www.welovecycling.com\/sk\/2017\/09\/24\/zapise-sa-peter-sagan-do-historie-nezabudnite-sledovat-priamy-prenos\/","title":{"rendered":"Zap\u00ed\u0161e sa Peter Sagan do hist\u00f3rie? Nezabudnite sledova\u0165 priamy prenos"},"content":{"rendered":"<p><strong>V nede\u013eu sa Peter Sagan pok\u00fasi do tretice z\u00edska\u0165 titul majstra sveta v jednom rade, \u010do sa zatia\u013e nikomu nepodarilo. Aj ke\u010f mu tra\u0165 profilom sed\u00ed, bude to ma\u0165 ve\u013emi n\u00e1ro\u010dn\u00e9. Ur\u010dite si vybavujete preteky, v ktor\u00fdch jazdci so Saganom nechceli v\u00f4bec spolupracova\u0165, \u010do vie by\u0165 poriadne frustruj\u00face. Rovnako si bude musie\u0165 poradi\u0165 so silnou \u201ekvalitat\u00edvnou\u201c presilou, ktor\u00fa prezentuj\u00fa t\u00edmy Belgicka, Talianska, Nemecka a mnoh\u00e9 \u010fal\u0161ie.<\/strong><!--more--><\/p>\n<p>https:\/\/www.instagram.com\/p\/BY5_ni9DE7m\/?taken-by=petosagan<\/p>\n<p>Saganovou v\u00fdhodou bude, \u017ee cel\u00fd jeho t\u00edm mu je maxim\u00e1lne oddan\u00fd. Celkovo mu bude pom\u00e1ha\u0165 p\u00e4tica v zlo\u017een\u00ed &#8211; Juraj Sagan, Patrik Tybor, Marek \u010caneck\u00fd, Michael Kol\u00e1\u0159 a Erik Ba\u0161ka. To m\u00f4\u017ee by\u0165 niekedy v\u00fdhoda, napr. oproti Belgi\u010danom, ktor\u00ed maj\u00fa vo svojom strede Grega van Avermaeta alebo Gilberta, \u010do niekedy nerob\u00ed \u201edobrotu\u201c. Podobn\u00e1 situ\u00e1cia s presilou bola aj minul\u00fd rok v Qatare a v\u0161etci vieme, ako to nakoniec dopadlo&#8230;<\/p>\n<p><a href=\"https:\/\/d2p6e6u75xmxt8.cloudfront.net\/4\/2017\/09\/180181_8-MD-SD.jpg\"><img loading=\"lazy\" decoding=\"async\" class=\"alignnone size-full wp-image-2324\" src=\"https:\/\/d2p6e6u75xmxt8.cloudfront.net\/4\/2017\/09\/180181_8-MD-SD.jpg\" alt=\"\" width=\"617\" height=\"347\" \/><\/a><\/p>\n<p>Samozrejme, v\u0161etko m\u00f4\u017eete sledova\u0165 aj v priamom prenose, ktor\u00fd za\u010d\u00edna o 13:00 na RTVS (Dvojka) alebo tie\u017e na Eurosporte.<\/p>\n<p>(Zdroj fotiek: UCI)<\/p>\n","protected":false},"excerpt":{"rendered":"<p>V nede\u013eu sa Peter Sagan pok\u00fasi do tretice z\u00edska\u0165 titul majstra sveta v jednom rade, \u010do sa zatia\u013e nikomu nepodarilo. [&hellip;]<\/p>\n","protected":false},"author":38,"featured_media":2322,"comment_status":"open","ping_status":"open","sticky":false,"template":"","format":"standard","meta":{"footnotes":""},"categories":[4,191,34],"tags":[276,158,272,280,278,279,46],"global-categories":[],"class_list":["post-2321","post","type-post","status-publish","format-standard","has-post-thumbnail","hentry","category-cestna-cyklisitika","category-odporucame","category-podujatia","tag-erik-baska","tag-juraj-sagan","tag-majster-sveta","tag-marek-canecky","tag-michael-kolar","tag-patrik-tybor","tag-peter-sagan"],"yoast_head":"<!-- This site is optimized with the Yoast SEO Premium plugin v25.3 (Yoast SEO v25.9) - https:\/\/yoast.com\/wordpress\/plugins\/seo\/ -->\n<title>Zap\u00ed\u0161e sa Peter Sagan do hist\u00f3rie? Nezabudnite sledova\u0165 priamy prenos - \u0160koda We Love Cycling Slovensko<\/title>\n<meta name=\"robots\" content=\"index, follow, max-snippet:-1, max-image-preview:large, max-video-preview:-1\" \/>\n<link rel=\"canonical\" href=\"https:\/\/www.welovecycling.com\/sk\/2017\/09\/24\/zapise-sa-peter-sagan-do-historie-nezabudnite-sledovat-priamy-prenos\/\" \/>\n<meta property=\"og:locale\" content=\"sk_SK\" \/>\n<meta property=\"og:type\" content=\"article\" \/>\n<meta property=\"og:title\" content=\"Zap\u00ed\u0161e sa Peter Sagan do hist\u00f3rie? Nezabudnite sledova\u0165 priamy prenos\" \/>\n<meta property=\"og:description\" content=\"V nede\u013eu sa Peter Sagan pok\u00fasi do tretice z\u00edska\u0165 titul majstra sveta v jednom rade, \u010do sa zatia\u013e nikomu nepodarilo. [&hellip;]\" \/>\n<meta property=\"og:url\" content=\"https:\/\/www.welovecycling.com\/sk\/2017\/09\/24\/zapise-sa-peter-sagan-do-historie-nezabudnite-sledovat-priamy-prenos\/\" \/>\n<meta property=\"og:site_name\" content=\"\u0160koda We Love Cycling Slovensko\" \/>\n<meta property=\"article:published_time\" content=\"2017-09-24T10:32:20+00:00\" \/>\n<meta property=\"article:modified_time\" content=\"2017-09-27T13:50:58+00:00\" \/>\n<meta property=\"og:image\" content=\"https:\/\/d2p6e6u75xmxt8.cloudfront.net\/4\/2017\/09\/180180_8-LG-HD.webp\" \/>\n\t<meta property=\"og:image:width\" content=\"1375\" \/>\n\t<meta property=\"og:image:height\" content=\"600\" \/>\n\t<meta property=\"og:image:type\" content=\"image\/webp\" \/>\n<meta name=\"author\" content=\"Ondrej Ga\u0161par\" \/>\n<meta name=\"twitter:card\" content=\"summary_large_image\" \/>\n<meta name=\"twitter:label1\" content=\"Written by\" \/>\n\t<meta name=\"twitter:data1\" content=\"We Love Cycling\" \/>\n\t<meta name=\"twitter:label2\" content=\"Est. reading time\" \/>\n\t<meta name=\"twitter:data2\" content=\"1 minute\" \/>\n<script type=\"application\/ld+json\" class=\"yoast-schema-graph\">{\"@context\":\"https:\/\/schema.org\",\"@graph\":[{\"@type\":\"WebPage\",\"@id\":\"https:\/\/www.welovecycling.com\/sk\/2017\/09\/24\/zapise-sa-peter-sagan-do-historie-nezabudnite-sledovat-priamy-prenos\/\",\"url\":\"https:\/\/www.welovecycling.com\/sk\/2017\/09\/24\/zapise-sa-peter-sagan-do-historie-nezabudnite-sledovat-priamy-prenos\/\",\"name\":\"Zap\u00ed\u0161e sa Peter Sagan do hist\u00f3rie? Nezabudnite sledova\u0165 priamy prenos - \u0160koda We Love Cycling Slovensko\",\"isPartOf\":{\"@id\":\"https:\/\/www.welovecycling.com\/sk\/#website\"},\"primaryImageOfPage\":{\"@id\":\"https:\/\/www.welovecycling.com\/sk\/2017\/09\/24\/zapise-sa-peter-sagan-do-historie-nezabudnite-sledovat-priamy-prenos\/#primaryimage\"},\"image\":{\"@id\":\"https:\/\/www.welovecycling.com\/sk\/2017\/09\/24\/zapise-sa-peter-sagan-do-historie-nezabudnite-sledovat-priamy-prenos\/#primaryimage\"},\"thumbnailUrl\":\"https:\/\/d2p6e6u75xmxt8.cloudfront.net\/4\/2017\/09\/180180_8-LG-HD.webp\",\"datePublished\":\"2017-09-24T10:32:20+00:00\",\"dateModified\":\"2017-09-27T13:50:58+00:00\",\"author\":{\"@id\":\"https:\/\/www.welovecycling.com\/sk\/#\/schema\/person\/8ee09ba39b7e25b1870160aa5b3a89bc\"},\"breadcrumb\":{\"@id\":\"https:\/\/www.welovecycling.com\/sk\/2017\/09\/24\/zapise-sa-peter-sagan-do-historie-nezabudnite-sledovat-priamy-prenos\/#breadcrumb\"},\"inLanguage\":\"sk-SK\",\"potentialAction\":[{\"@type\":\"ReadAction\",\"target\":[\"https:\/\/www.welovecycling.com\/sk\/2017\/09\/24\/zapise-sa-peter-sagan-do-historie-nezabudnite-sledovat-priamy-prenos\/\"]}]},{\"@type\":\"ImageObject\",\"inLanguage\":\"sk-SK\",\"@id\":\"https:\/\/www.welovecycling.com\/sk\/2017\/09\/24\/zapise-sa-peter-sagan-do-historie-nezabudnite-sledovat-priamy-prenos\/#primaryimage\",\"url\":\"https:\/\/d2p6e6u75xmxt8.cloudfront.net\/4\/2017\/09\/180180_8-LG-HD.webp\",\"contentUrl\":\"https:\/\/d2p6e6u75xmxt8.cloudfront.net\/4\/2017\/09\/180180_8-LG-HD.webp\",\"width\":1375,\"height\":600},{\"@type\":\"BreadcrumbList\",\"@id\":\"https:\/\/www.welovecycling.com\/sk\/2017\/09\/24\/zapise-sa-peter-sagan-do-historie-nezabudnite-sledovat-priamy-prenos\/#breadcrumb\",\"itemListElement\":[{\"@type\":\"ListItem\",\"position\":1,\"name\":\"Home\",\"item\":\"https:\/\/www.welovecycling.com\/sk\/\"},{\"@type\":\"ListItem\",\"position\":2,\"name\":\"Zap\u00ed\u0161e sa Peter Sagan do hist\u00f3rie? Nezabudnite sledova\u0165 priamy prenos\"}]},{\"@type\":\"WebSite\",\"@id\":\"https:\/\/www.welovecycling.com\/sk\/#website\",\"url\":\"https:\/\/www.welovecycling.com\/sk\/\",\"name\":\"\u0160koda We Love Cycling Slovensko\",\"description\":\"\u0160koda We Love Cycling Slovensko je v\u00e1\u0161 ka\u017edodenn\u00fd zdroj noviniek a in\u0161pir\u00e1cie z sveta cyklistiky\",\"potentialAction\":[{\"@type\":\"SearchAction\",\"target\":{\"@type\":\"EntryPoint\",\"urlTemplate\":\"https:\/\/www.welovecycling.com\/sk\/?s={search_term_string}\"},\"query-input\":{\"@type\":\"PropertyValueSpecification\",\"valueRequired\":true,\"valueName\":\"search_term_string\"}}],\"inLanguage\":\"sk-SK\"},{\"@type\":\"Person\",\"@id\":\"https:\/\/www.welovecycling.com\/sk\/#\/schema\/person\/8ee09ba39b7e25b1870160aa5b3a89bc\",\"name\":\"Ondrej Ga\u0161par\",\"image\":{\"@type\":\"ImageObject\",\"inLanguage\":\"sk-SK\",\"@id\":\"https:\/\/www.welovecycling.com\/sk\/#\/schema\/person\/image\/\",\"url\":\"https:\/\/secure.gravatar.com\/avatar\/6126c9afb87b70da5abbb083ddbb21933da15f18f8ca7cb822aba0fb096a48f6?s=96&d=mm&r=g\",\"contentUrl\":\"https:\/\/secure.gravatar.com\/avatar\/6126c9afb87b70da5abbb083ddbb21933da15f18f8ca7cb822aba0fb096a48f6?s=96&d=mm&r=g\",\"caption\":\"Ondrej Ga\u0161par\"},\"url\":\"https:\/\/www.welovecycling.com\/sk\/author\/ondrejgaspar\/\"}]}<\/script>\n<!-- \/ Yoast SEO Premium plugin. -->","yoast_head_json":{"title":"Zap\u00ed\u0161e sa Peter Sagan do hist\u00f3rie? Nezabudnite sledova\u0165 priamy prenos - \u0160koda We Love Cycling Slovensko","robots":{"index":"index","follow":"follow","max-snippet":"max-snippet:-1","max-image-preview":"max-image-preview:large","max-video-preview":"max-video-preview:-1"},"canonical":"https:\/\/www.welovecycling.com\/sk\/2017\/09\/24\/zapise-sa-peter-sagan-do-historie-nezabudnite-sledovat-priamy-prenos\/","og_locale":"sk_SK","og_type":"article","og_title":"Zap\u00ed\u0161e sa Peter Sagan do hist\u00f3rie? Nezabudnite sledova\u0165 priamy prenos","og_description":"V nede\u013eu sa Peter Sagan pok\u00fasi do tretice z\u00edska\u0165 titul majstra sveta v jednom rade, \u010do sa zatia\u013e nikomu nepodarilo. [&hellip;]","og_url":"https:\/\/www.welovecycling.com\/sk\/2017\/09\/24\/zapise-sa-peter-sagan-do-historie-nezabudnite-sledovat-priamy-prenos\/","og_site_name":"\u0160koda We Love Cycling Slovensko","article_published_time":"2017-09-24T10:32:20+00:00","article_modified_time":"2017-09-27T13:50:58+00:00","og_image":[{"width":1375,"height":600,"url":"https:\/\/d2p6e6u75xmxt8.cloudfront.net\/4\/2017\/09\/180180_8-LG-HD.webp","type":"image\/webp"}],"author":"Ondrej Ga\u0161par","twitter_card":"summary_large_image","twitter_misc":{"Written by":"We Love Cycling","Est. reading time":"1 minute"},"schema":{"@context":"https:\/\/schema.org","@graph":[{"@type":"WebPage","@id":"https:\/\/www.welovecycling.com\/sk\/2017\/09\/24\/zapise-sa-peter-sagan-do-historie-nezabudnite-sledovat-priamy-prenos\/","url":"https:\/\/www.welovecycling.com\/sk\/2017\/09\/24\/zapise-sa-peter-sagan-do-historie-nezabudnite-sledovat-priamy-prenos\/","name":"Zap\u00ed\u0161e sa Peter Sagan do hist\u00f3rie? Nezabudnite sledova\u0165 priamy prenos - \u0160koda We Love Cycling Slovensko","isPartOf":{"@id":"https:\/\/www.welovecycling.com\/sk\/#website"},"primaryImageOfPage":{"@id":"https:\/\/www.welovecycling.com\/sk\/2017\/09\/24\/zapise-sa-peter-sagan-do-historie-nezabudnite-sledovat-priamy-prenos\/#primaryimage"},"image":{"@id":"https:\/\/www.welovecycling.com\/sk\/2017\/09\/24\/zapise-sa-peter-sagan-do-historie-nezabudnite-sledovat-priamy-prenos\/#primaryimage"},"thumbnailUrl":"https:\/\/d2p6e6u75xmxt8.cloudfront.net\/4\/2017\/09\/180180_8-LG-HD.webp","datePublished":"2017-09-24T10:32:20+00:00","dateModified":"2017-09-27T13:50:58+00:00","author":{"@id":"https:\/\/www.welovecycling.com\/sk\/#\/schema\/person\/8ee09ba39b7e25b1870160aa5b3a89bc"},"breadcrumb":{"@id":"https:\/\/www.welovecycling.com\/sk\/2017\/09\/24\/zapise-sa-peter-sagan-do-historie-nezabudnite-sledovat-priamy-prenos\/#breadcrumb"},"inLanguage":"sk-SK","potentialAction":[{"@type":"ReadAction","target":["https:\/\/www.welovecycling.com\/sk\/2017\/09\/24\/zapise-sa-peter-sagan-do-historie-nezabudnite-sledovat-priamy-prenos\/"]}]},{"@type":"ImageObject","inLanguage":"sk-SK","@id":"https:\/\/www.welovecycling.com\/sk\/2017\/09\/24\/zapise-sa-peter-sagan-do-historie-nezabudnite-sledovat-priamy-prenos\/#primaryimage","url":"https:\/\/d2p6e6u75xmxt8.cloudfront.net\/4\/2017\/09\/180180_8-LG-HD.webp","contentUrl":"https:\/\/d2p6e6u75xmxt8.cloudfront.net\/4\/2017\/09\/180180_8-LG-HD.webp","width":1375,"height":600},{"@type":"BreadcrumbList","@id":"https:\/\/www.welovecycling.com\/sk\/2017\/09\/24\/zapise-sa-peter-sagan-do-historie-nezabudnite-sledovat-priamy-prenos\/#breadcrumb","itemListElement":[{"@type":"ListItem","position":1,"name":"Home","item":"https:\/\/www.welovecycling.com\/sk\/"},{"@type":"ListItem","position":2,"name":"Zap\u00ed\u0161e sa Peter Sagan do hist\u00f3rie? Nezabudnite sledova\u0165 priamy prenos"}]},{"@type":"WebSite","@id":"https:\/\/www.welovecycling.com\/sk\/#website","url":"https:\/\/www.welovecycling.com\/sk\/","name":"\u0160koda We Love Cycling Slovensko","description":"\u0160koda We Love Cycling Slovensko je v\u00e1\u0161 ka\u017edodenn\u00fd zdroj noviniek a in\u0161pir\u00e1cie z sveta cyklistiky","potentialAction":[{"@type":"SearchAction","target":{"@type":"EntryPoint","urlTemplate":"https:\/\/www.welovecycling.com\/sk\/?s={search_term_string}"},"query-input":{"@type":"PropertyValueSpecification","valueRequired":true,"valueName":"search_term_string"}}],"inLanguage":"sk-SK"},{"@type":"Person","@id":"https:\/\/www.welovecycling.com\/sk\/#\/schema\/person\/8ee09ba39b7e25b1870160aa5b3a89bc","name":"Ondrej Ga\u0161par","image":{"@type":"ImageObject","inLanguage":"sk-SK","@id":"https:\/\/www.welovecycling.com\/sk\/#\/schema\/person\/image\/","url":"https:\/\/secure.gravatar.com\/avatar\/6126c9afb87b70da5abbb083ddbb21933da15f18f8ca7cb822aba0fb096a48f6?s=96&d=mm&r=g","contentUrl":"https:\/\/secure.gravatar.com\/avatar\/6126c9afb87b70da5abbb083ddbb21933da15f18f8ca7cb822aba0fb096a48f6?s=96&d=mm&r=g","caption":"Ondrej Ga\u0161par"},"url":"https:\/\/www.welovecycling.com\/sk\/author\/ondrejgaspar\/"}]}},"_links":{"self":[{"href":"https:\/\/www.welovecycling.com\/sk\/wp-json\/wp\/v2\/posts\/2321","targetHints":{"allow":["GET"]}}],"collection":[{"href":"https:\/\/www.welovecycling.com\/sk\/wp-json\/wp\/v2\/posts"}],"about":[{"href":"https:\/\/www.welovecycling.com\/sk\/wp-json\/wp\/v2\/types\/post"}],"author":[{"embeddable":true,"href":"https:\/\/www.welovecycling.com\/sk\/wp-json\/wp\/v2\/users\/38"}],"replies":[{"embeddable":true,"href":"https:\/\/www.welovecycling.com\/sk\/wp-json\/wp\/v2\/comments?post=2321"}],"version-history":[{"count":2,"href":"https:\/\/www.welovecycling.com\/sk\/wp-json\/wp\/v2\/posts\/2321\/revisions"}],"predecessor-version":[{"id":2330,"href":"https:\/\/www.welovecycling.com\/sk\/wp-json\/wp\/v2\/posts\/2321\/revisions\/2330"}],"wp:featuredmedia":[{"embeddable":true,"href":"https:\/\/www.welovecycling.com\/sk\/wp-json\/wp\/v2\/media\/2322"}],"wp:attachment":[{"href":"https:\/\/www.welovecycling.com\/sk\/wp-json\/wp\/v2\/media?parent=2321"}],"wp:term":[{"taxonomy":"category","embeddable":true,"href":"https:\/\/www.welovecycling.com\/sk\/wp-json\/wp\/v2\/categories?post=2321"},{"taxonomy":"post_tag","embeddable":true,"href":"https:\/\/www.welovecycling.com\/sk\/wp-json\/wp\/v2\/tags?post=2321"},{"taxonomy":"global-categories","embeddable":true,"href":"https:\/\/www.welovecycling.com\/sk\/wp-json\/wp\/v2\/global-categories?post=2321"}],"curies":[{"name":"wp","href":"https:\/\/api.w.org\/{rel}","templated":true}]}}